{"id":209,"date":"2020-06-01T08:11:00","date_gmt":"2020-06-01T08:11:00","guid":{"rendered":"https:\/\/franciscansinternational.kinsta.cloud\/de\/?p=209"},"modified":"2023-05-11T08:35:53","modified_gmt":"2023-05-11T08:35:53","slug":"209-2","status":"publish","type":"post","link":"https:\/\/franciscansinternational.org\/de\/209-2\/","title":{"rendered":"Franziskaner setzen ihre Forderung nach Rechenschaftspflicht auf den Philippinen fort"},"content":{"rendered":"\n<p>Mit der Wahl von Pr\u00e4sident Marcos im Mai 2022 haben die Philippinen ein neues Kapitel in ihrer bewegten Menschenrechtsgeschichte aufgeschlagen. Die neue Regierung trat ihr Amt nach einem kontroversen Wahlkampf an, der von Vorw\u00fcrfen weit verbreiteter Desinformation gepr\u00e4gt war, und wird entscheiden m\u00fcssen, wie sie mit dem Erbe von Pr\u00e4sident Dutertes sogenanntem &#8222;Krieg gegen die Drogen&#8220; umgeht, bei dem Zehntausende von Filipinos Opfer au\u00dfergerichtlicher T\u00f6tungen wurden.<\/p>\n\n\n\n<p>&#8222;Ich bef\u00fcrchte, dass dieses Wahlergebnis eine Fortsetzung der Kriege bedeutet, die die Duterte-Regierung begonnen hat: der Krieg gegen Drogen, der Krieg gegen die Marginalisierten, der Krieg gegen den Kampf gegen Covid-19&#8220;, sagt Bruder Angel Cortez OFM, der w\u00e4hrend der 50. Sitzung des Menschenrechtsrates in Genf war. &#8222;Es stellt die Familien der Opfer in ein Vakuum und wird eine st\u00e4ndige Erinnerung an den Schmerz \u00fcber den Verlust eines Menschen sein.&#8220;<\/p>\n\n\n\n<p>Als Teil einer zivilgesellschaftlichen Allianz, zu der auch kirchliche Netzwerke geh\u00f6ren, haben sich die Franziskaner f\u00fcr die Rechenschaftspflicht f\u00fcr die unter der Duterte-Regierung begangenen Verbrechen eingesetzt. In der Vergangenheit hat sich Bruder Angel wiederholt an den UN-Menschenrechtsrat und an Diplomaten in Genf gewandt, um \u00fcber die Situation vor Ort zu berichten und die Aussagen der Opfer zu teilen.<\/p>\n\n\n\n<p>Diese <a href=\"https:\/\/franciscansinternational.kinsta.cloud\/blog\/the-philippines-four-years-into-a-human-rights-crisis\/\" target=\"_blank\" rel=\"noreferrer noopener\">Bem\u00fchungen<\/a> trugen zu einer Untersuchung bei, die vom B\u00fcro des Hochkommissars f\u00fcr Menschenrechte 2020 ver\u00f6ffentlicht wurde und Beweise f\u00fcr schwerwiegende Menschenrechtsverletzungen wie T\u00f6tungen, willk\u00fcrliche Verhaftungen und die Diffamierung Andersdenkender enth\u00e4lt. Der Bericht verweist auch auf die anhaltende Straflosigkeit und die enormen Hindernisse, die den Opfern den Zugang zur Justiz erschweren.<\/p>\n\n\n\n<p>&#8222;Wir befinden uns immer noch in einem Trauerprozess, aber wir m\u00fcssen auch wieder mit den Menschen auf den Philippinen zusammenarbeiten&#8220;, sagt Bruder Angel. &#8222;Wir werden unsere Forderungen nach einer unabh\u00e4ngigen, internationalen Untersuchung fortsetzen. Au\u00dferdem fordern wir auf der Grundlage des Berichts des Hochkommissars Ma\u00dfst\u00e4be f\u00fcr die Menschenrechte, denn die Situation hat sich eher verschlechtert als verbessert.&#8220;<\/p>\n\n\n\n<p>Die Menschenrechtslage auf den Philippinen bleibt prek\u00e4r, insbesondere f\u00fcr regierungskritische Menschenrechtsverteidiger. Angesichts der nahezu un\u00fcberwindlichen Hindernisse, die im Land bestehen, um Gerechtigkeit zu erlangen, werden die Franziskaner diese Situation weiterhin bei den Vereinten Nationen zur Sprache bringen und sich f\u00fcr eine internationale Untersuchung einsetzen, um vergangene Menschenrechtsverletzungen aufzukl\u00e4ren und die vorherrschende Straflosigkeit im Land zu beenden.<\/p>\n\n\n\n<blockquote class=\"wp-block-quote is-layout-flow wp-block-quote-is-layout-flow\">\n<p class=\"has-small-font-size\">Dies ist eine automatische \u00dcbersetzung. Wir entschuldigen uns f\u00fcr eventuelle Fehler, die dadurch entstanden sind. Im Falle von Abweichungen ist die englische Fassung ma\u00dfgebend.<\/p>\n<\/blockquote>\n","protected":false},"excerpt":{"rendered":"<p>Mit der Wahl von Pr\u00e4sident Marcos im Mai 2022 haben die Philippinen ein neues Kapitel in ihrer bewegten Menschenrechtsgeschichte aufgeschlagen. &#8230; <\/p>\n","protected":false},"author":3,"featured_media":210,"comment_status":"open","ping_status":"closed","sticky":false,"template":"","format":"standard","meta":{"_relevanssi_hide_post":"","_relevanssi_hide_content":"","_relevanssi_pin_for_all":"","_relevanssi_pin_keywords":"","_relevanssi_unpin_keywords":"","_relevanssi_related_keywords":"","_relevanssi_related_include_ids":"","_relevanssi_related_exclude_ids":"","_relevanssi_related_no_append":"","_relevanssi_related_not_related":"","_relevanssi_related_posts":"169,202,207","_relevanssi_noindex_reason":"","_jetpack_memberships_contains_paid_content":false,"footnotes":""},"categories":[33,1],"tags":[9,7,12],"class_list":["post-209","post","type-post","status-publish","format-standard","has-post-thumbnail","hentry","category-franziskanerinnen-bei-den-vereinten-nationen","category-nachrichten","tag-achtung-der-menschenwuerde","tag-asien-pazifik-programm","tag-frieden-und-menschenrechte"],"acf":[],"yoast_head":"<!-- This site is optimized with the Yoast SEO plugin v27.4 - https:\/\/yoast.com\/product\/yoast-seo-wordpress\/ -->\n<title>Franziskaner setzen ihre Forderung nach Rechenschaftspflicht auf den Philippinen fort - Franciscans International (DE)<\/title>\n<meta name=\"robots\" content=\"index, follow, max-snippet:-1, max-image-preview:large, max-video-preview:-1\" \/>\n<link rel=\"canonical\" href=\"https:\/\/franciscansinternational.org\/de\/209-2\/\" \/>\n<meta property=\"og:locale\" content=\"de_DE\" \/>\n<meta property=\"og:type\" content=\"article\" \/>\n<meta property=\"og:title\" content=\"Franziskaner setzen ihre Forderung nach Rechenschaftspflicht auf den Philippinen fort - Franciscans International (DE)\" \/>\n<meta property=\"og:description\" content=\"Mit der Wahl von Pr\u00e4sident Marcos im Mai 2022 haben die Philippinen ein neues Kapitel in ihrer bewegten Menschenrechtsgeschichte aufgeschlagen. ...\" \/>\n<meta property=\"og:url\" content=\"https:\/\/franciscansinternational.org\/de\/209-2\/\" \/>\n<meta property=\"og:site_name\" content=\"Franciscans International (DE)\" \/>\n<meta property=\"article:publisher\" content=\"https:\/\/www.facebook.com\/FranciscansInternational\/\" \/>\n<meta property=\"article:published_time\" content=\"2020-06-01T08:11:00+00:00\" \/>\n<meta property=\"article:modified_time\" content=\"2023-05-11T08:35:53+00:00\" \/>\n<meta property=\"og:image\" content=\"https:\/\/franciscansinternational.org\/de\/wp-content\/uploads\/sites\/4\/2023\/05\/Philippines_continued.jpg\" \/>\n\t<meta property=\"og:image:width\" content=\"1680\" \/>\n\t<meta property=\"og:image:height\" content=\"1120\" \/>\n\t<meta property=\"og:image:type\" content=\"image\/jpeg\" \/>\n<meta name=\"author\" content=\"communications\" \/>\n<meta name=\"twitter:card\" content=\"summary_large_image\" \/>\n<meta name=\"twitter:creator\" content=\"@FranciscansIntl\" \/>\n<meta name=\"twitter:site\" content=\"@FranciscansIntl\" \/>\n<meta name=\"twitter:label1\" content=\"Verfasst von\" \/>\n\t<meta name=\"twitter:data1\" content=\"communications\" \/>\n\t<meta name=\"twitter:label2\" content=\"Gesch\u00e4tzte Lesezeit\" \/>\n\t<meta name=\"twitter:data2\" content=\"3\u00a0Minuten\" \/>\n<script type=\"application\/ld+json\" class=\"yoast-schema-graph\">{\"@context\":\"https:\\\/\\\/schema.org\",\"@graph\":[{\"@type\":\"Article\",\"@id\":\"https:\\\/\\\/franciscansinternational.org\\\/de\\\/209-2\\\/#article\",\"isPartOf\":{\"@id\":\"https:\\\/\\\/franciscansinternational.org\\\/de\\\/209-2\\\/\"},\"author\":{\"name\":\"communications\",\"@id\":\"https:\\\/\\\/franciscansinternational.org\\\/de\\\/#\\\/schema\\\/person\\\/f398f02712a9dcab7603295bc1ea94e4\"},\"headline\":\"Franziskaner setzen ihre Forderung nach Rechenschaftspflicht auf den Philippinen fort\",\"datePublished\":\"2020-06-01T08:11:00+00:00\",\"dateModified\":\"2023-05-11T08:35:53+00:00\",\"mainEntityOfPage\":{\"@id\":\"https:\\\/\\\/franciscansinternational.org\\\/de\\\/209-2\\\/\"},\"wordCount\":421,\"commentCount\":0,\"publisher\":{\"@id\":\"https:\\\/\\\/franciscansinternational.org\\\/de\\\/#organization\"},\"image\":{\"@id\":\"https:\\\/\\\/franciscansinternational.org\\\/de\\\/209-2\\\/#primaryimage\"},\"thumbnailUrl\":\"https:\\\/\\\/franciscansinternational.org\\\/de\\\/wp-content\\\/uploads\\\/sites\\\/4\\\/2023\\\/05\\\/Philippines_continued.jpg\",\"keywords\":[\"Achtung der Menschenw\u00fcrde\",\"Asien-Pazifik-Programm\",\"Frieden und Menschenrechte\"],\"articleSection\":[\"Franziskaner*innen bei den Vereinten Nationen\",\"Nachrichten\"],\"inLanguage\":\"de\",\"potentialAction\":[{\"@type\":\"CommentAction\",\"name\":\"Comment\",\"target\":[\"https:\\\/\\\/franciscansinternational.org\\\/de\\\/209-2\\\/#respond\"]}]},{\"@type\":\"WebPage\",\"@id\":\"https:\\\/\\\/franciscansinternational.org\\\/de\\\/209-2\\\/\",\"url\":\"https:\\\/\\\/franciscansinternational.org\\\/de\\\/209-2\\\/\",\"name\":\"Franziskaner setzen ihre Forderung nach Rechenschaftspflicht auf den Philippinen fort - Franciscans International (DE)\",\"isPartOf\":{\"@id\":\"https:\\\/\\\/franciscansinternational.org\\\/de\\\/#website\"},\"primaryImageOfPage\":{\"@id\":\"https:\\\/\\\/franciscansinternational.org\\\/de\\\/209-2\\\/#primaryimage\"},\"image\":{\"@id\":\"https:\\\/\\\/franciscansinternational.org\\\/de\\\/209-2\\\/#primaryimage\"},\"thumbnailUrl\":\"https:\\\/\\\/franciscansinternational.org\\\/de\\\/wp-content\\\/uploads\\\/sites\\\/4\\\/2023\\\/05\\\/Philippines_continued.jpg\",\"datePublished\":\"2020-06-01T08:11:00+00:00\",\"dateModified\":\"2023-05-11T08:35:53+00:00\",\"breadcrumb\":{\"@id\":\"https:\\\/\\\/franciscansinternational.org\\\/de\\\/209-2\\\/#breadcrumb\"},\"inLanguage\":\"de\",\"potentialAction\":[{\"@type\":\"ReadAction\",\"target\":[\"https:\\\/\\\/franciscansinternational.org\\\/de\\\/209-2\\\/\"]}]},{\"@type\":\"ImageObject\",\"inLanguage\":\"de\",\"@id\":\"https:\\\/\\\/franciscansinternational.org\\\/de\\\/209-2\\\/#primaryimage\",\"url\":\"https:\\\/\\\/franciscansinternational.org\\\/de\\\/wp-content\\\/uploads\\\/sites\\\/4\\\/2023\\\/05\\\/Philippines_continued.jpg\",\"contentUrl\":\"https:\\\/\\\/franciscansinternational.org\\\/de\\\/wp-content\\\/uploads\\\/sites\\\/4\\\/2023\\\/05\\\/Philippines_continued.jpg\",\"width\":1680,\"height\":1120},{\"@type\":\"BreadcrumbList\",\"@id\":\"https:\\\/\\\/franciscansinternational.org\\\/de\\\/209-2\\\/#breadcrumb\",\"itemListElement\":[{\"@type\":\"ListItem\",\"position\":1,\"name\":\"Home\",\"item\":\"https:\\\/\\\/franciscansinternational.org\\\/de\\\/\"},{\"@type\":\"ListItem\",\"position\":2,\"name\":\"Franziskaner setzen ihre Forderung nach Rechenschaftspflicht auf den Philippinen fort\"}]},{\"@type\":\"WebSite\",\"@id\":\"https:\\\/\\\/franciscansinternational.org\\\/de\\\/#website\",\"url\":\"https:\\\/\\\/franciscansinternational.org\\\/de\\\/\",\"name\":\"Franciscans International (DE)\",\"description\":\"Just another Franciscans International site\",\"publisher\":{\"@id\":\"https:\\\/\\\/franciscansinternational.org\\\/de\\\/#organization\"},\"potentialAction\":[{\"@type\":\"SearchAction\",\"target\":{\"@type\":\"EntryPoint\",\"urlTemplate\":\"https:\\\/\\\/franciscansinternational.org\\\/de\\\/?s={search_term_string}\"},\"query-input\":{\"@type\":\"PropertyValueSpecification\",\"valueRequired\":true,\"valueName\":\"search_term_string\"}}],\"inLanguage\":\"de\"},{\"@type\":\"Organization\",\"@id\":\"https:\\\/\\\/franciscansinternational.org\\\/de\\\/#organization\",\"name\":\"Franciscans International (DE)\",\"url\":\"https:\\\/\\\/franciscansinternational.org\\\/de\\\/\",\"logo\":{\"@type\":\"ImageObject\",\"inLanguage\":\"de\",\"@id\":\"https:\\\/\\\/franciscansinternational.org\\\/de\\\/#\\\/schema\\\/logo\\\/image\\\/\",\"url\":\"https:\\\/\\\/franciscansinternational.org\\\/wp-content\\\/uploads\\\/sites\\\/4\\\/2023\\\/05\\\/logo-3.png\",\"contentUrl\":\"https:\\\/\\\/franciscansinternational.org\\\/wp-content\\\/uploads\\\/sites\\\/4\\\/2023\\\/05\\\/logo-3.png\",\"width\":1200,\"height\":205,\"caption\":\"Franciscans International (DE)\"},\"image\":{\"@id\":\"https:\\\/\\\/franciscansinternational.org\\\/de\\\/#\\\/schema\\\/logo\\\/image\\\/\"},\"sameAs\":[\"https:\\\/\\\/www.facebook.com\\\/FranciscansInternational\\\/\",\"https:\\\/\\\/x.com\\\/FranciscansIntl\",\"https:\\\/\\\/www.youtube.com\\\/channel\\\/UCexu0i-fWB4wwrlPMCz8_Zg\"]},{\"@type\":\"Person\",\"@id\":\"https:\\\/\\\/franciscansinternational.org\\\/de\\\/#\\\/schema\\\/person\\\/f398f02712a9dcab7603295bc1ea94e4\",\"name\":\"communications\",\"image\":{\"@type\":\"ImageObject\",\"inLanguage\":\"de\",\"@id\":\"https:\\\/\\\/secure.gravatar.com\\\/avatar\\\/0b4a62226a9b4f7ce621ec49ca40be1e77d886a42ca84b8a0b0697e9ec17dd63?s=96&d=mm&r=g\",\"url\":\"https:\\\/\\\/secure.gravatar.com\\\/avatar\\\/0b4a62226a9b4f7ce621ec49ca40be1e77d886a42ca84b8a0b0697e9ec17dd63?s=96&d=mm&r=g\",\"contentUrl\":\"https:\\\/\\\/secure.gravatar.com\\\/avatar\\\/0b4a62226a9b4f7ce621ec49ca40be1e77d886a42ca84b8a0b0697e9ec17dd63?s=96&d=mm&r=g\",\"caption\":\"communications\"},\"url\":\"https:\\\/\\\/franciscansinternational.org\\\/de\\\/author\\\/communications\\\/\"}]}<\/script>\n<!-- \/ Yoast SEO plugin. -->","yoast_head_json":{"title":"Franziskaner setzen ihre Forderung nach Rechenschaftspflicht auf den Philippinen fort - Franciscans International (DE)","robots":{"index":"index","follow":"follow","max-snippet":"max-snippet:-1","max-image-preview":"max-image-preview:large","max-video-preview":"max-video-preview:-1"},"canonical":"https:\/\/franciscansinternational.org\/de\/209-2\/","og_locale":"de_DE","og_type":"article","og_title":"Franziskaner setzen ihre Forderung nach Rechenschaftspflicht auf den Philippinen fort - Franciscans International (DE)","og_description":"Mit der Wahl von Pr\u00e4sident Marcos im Mai 2022 haben die Philippinen ein neues Kapitel in ihrer bewegten Menschenrechtsgeschichte aufgeschlagen. ...","og_url":"https:\/\/franciscansinternational.org\/de\/209-2\/","og_site_name":"Franciscans International (DE)","article_publisher":"https:\/\/www.facebook.com\/FranciscansInternational\/","article_published_time":"2020-06-01T08:11:00+00:00","article_modified_time":"2023-05-11T08:35:53+00:00","og_image":[{"width":1680,"height":1120,"url":"https:\/\/franciscansinternational.org\/de\/wp-content\/uploads\/sites\/4\/2023\/05\/Philippines_continued.jpg","type":"image\/jpeg"}],"author":"communications","twitter_card":"summary_large_image","twitter_creator":"@FranciscansIntl","twitter_site":"@FranciscansIntl","twitter_misc":{"Verfasst von":"communications","Gesch\u00e4tzte Lesezeit":"3\u00a0Minuten"},"schema":{"@context":"https:\/\/schema.org","@graph":[{"@type":"Article","@id":"https:\/\/franciscansinternational.org\/de\/209-2\/#article","isPartOf":{"@id":"https:\/\/franciscansinternational.org\/de\/209-2\/"},"author":{"name":"communications","@id":"https:\/\/franciscansinternational.org\/de\/#\/schema\/person\/f398f02712a9dcab7603295bc1ea94e4"},"headline":"Franziskaner setzen ihre Forderung nach Rechenschaftspflicht auf den Philippinen fort","datePublished":"2020-06-01T08:11:00+00:00","dateModified":"2023-05-11T08:35:53+00:00","mainEntityOfPage":{"@id":"https:\/\/franciscansinternational.org\/de\/209-2\/"},"wordCount":421,"commentCount":0,"publisher":{"@id":"https:\/\/franciscansinternational.org\/de\/#organization"},"image":{"@id":"https:\/\/franciscansinternational.org\/de\/209-2\/#primaryimage"},"thumbnailUrl":"https:\/\/franciscansinternational.org\/de\/wp-content\/uploads\/sites\/4\/2023\/05\/Philippines_continued.jpg","keywords":["Achtung der Menschenw\u00fcrde","Asien-Pazifik-Programm","Frieden und Menschenrechte"],"articleSection":["Franziskaner*innen bei den Vereinten Nationen","Nachrichten"],"inLanguage":"de","potentialAction":[{"@type":"CommentAction","name":"Comment","target":["https:\/\/franciscansinternational.org\/de\/209-2\/#respond"]}]},{"@type":"WebPage","@id":"https:\/\/franciscansinternational.org\/de\/209-2\/","url":"https:\/\/franciscansinternational.org\/de\/209-2\/","name":"Franziskaner setzen ihre Forderung nach Rechenschaftspflicht auf den Philippinen fort - Franciscans International (DE)","isPartOf":{"@id":"https:\/\/franciscansinternational.org\/de\/#website"},"primaryImageOfPage":{"@id":"https:\/\/franciscansinternational.org\/de\/209-2\/#primaryimage"},"image":{"@id":"https:\/\/franciscansinternational.org\/de\/209-2\/#primaryimage"},"thumbnailUrl":"https:\/\/franciscansinternational.org\/de\/wp-content\/uploads\/sites\/4\/2023\/05\/Philippines_continued.jpg","datePublished":"2020-06-01T08:11:00+00:00","dateModified":"2023-05-11T08:35:53+00:00","breadcrumb":{"@id":"https:\/\/franciscansinternational.org\/de\/209-2\/#breadcrumb"},"inLanguage":"de","potentialAction":[{"@type":"ReadAction","target":["https:\/\/franciscansinternational.org\/de\/209-2\/"]}]},{"@type":"ImageObject","inLanguage":"de","@id":"https:\/\/franciscansinternational.org\/de\/209-2\/#primaryimage","url":"https:\/\/franciscansinternational.org\/de\/wp-content\/uploads\/sites\/4\/2023\/05\/Philippines_continued.jpg","contentUrl":"https:\/\/franciscansinternational.org\/de\/wp-content\/uploads\/sites\/4\/2023\/05\/Philippines_continued.jpg","width":1680,"height":1120},{"@type":"BreadcrumbList","@id":"https:\/\/franciscansinternational.org\/de\/209-2\/#breadcrumb","itemListElement":[{"@type":"ListItem","position":1,"name":"Home","item":"https:\/\/franciscansinternational.org\/de\/"},{"@type":"ListItem","position":2,"name":"Franziskaner setzen ihre Forderung nach Rechenschaftspflicht auf den Philippinen fort"}]},{"@type":"WebSite","@id":"https:\/\/franciscansinternational.org\/de\/#website","url":"https:\/\/franciscansinternational.org\/de\/","name":"Franciscans International (DE)","description":"Just another Franciscans International site","publisher":{"@id":"https:\/\/franciscansinternational.org\/de\/#organization"},"potentialAction":[{"@type":"SearchAction","target":{"@type":"EntryPoint","urlTemplate":"https:\/\/franciscansinternational.org\/de\/?s={search_term_string}"},"query-input":{"@type":"PropertyValueSpecification","valueRequired":true,"valueName":"search_term_string"}}],"inLanguage":"de"},{"@type":"Organization","@id":"https:\/\/franciscansinternational.org\/de\/#organization","name":"Franciscans International (DE)","url":"https:\/\/franciscansinternational.org\/de\/","logo":{"@type":"ImageObject","inLanguage":"de","@id":"https:\/\/franciscansinternational.org\/de\/#\/schema\/logo\/image\/","url":"https:\/\/franciscansinternational.org\/wp-content\/uploads\/sites\/4\/2023\/05\/logo-3.png","contentUrl":"https:\/\/franciscansinternational.org\/wp-content\/uploads\/sites\/4\/2023\/05\/logo-3.png","width":1200,"height":205,"caption":"Franciscans International (DE)"},"image":{"@id":"https:\/\/franciscansinternational.org\/de\/#\/schema\/logo\/image\/"},"sameAs":["https:\/\/www.facebook.com\/FranciscansInternational\/","https:\/\/x.com\/FranciscansIntl","https:\/\/www.youtube.com\/channel\/UCexu0i-fWB4wwrlPMCz8_Zg"]},{"@type":"Person","@id":"https:\/\/franciscansinternational.org\/de\/#\/schema\/person\/f398f02712a9dcab7603295bc1ea94e4","name":"communications","image":{"@type":"ImageObject","inLanguage":"de","@id":"https:\/\/secure.gravatar.com\/avatar\/0b4a62226a9b4f7ce621ec49ca40be1e77d886a42ca84b8a0b0697e9ec17dd63?s=96&d=mm&r=g","url":"https:\/\/secure.gravatar.com\/avatar\/0b4a62226a9b4f7ce621ec49ca40be1e77d886a42ca84b8a0b0697e9ec17dd63?s=96&d=mm&r=g","contentUrl":"https:\/\/secure.gravatar.com\/avatar\/0b4a62226a9b4f7ce621ec49ca40be1e77d886a42ca84b8a0b0697e9ec17dd63?s=96&d=mm&r=g","caption":"communications"},"url":"https:\/\/franciscansinternational.org\/de\/author\/communications\/"}]}},"jetpack_featured_media_url":"https:\/\/franciscansinternational.org\/de\/wp-content\/uploads\/sites\/4\/2023\/05\/Philippines_continued.jpg","jetpack_sharing_enabled":true,"_links":{"self":[{"href":"https:\/\/franciscansinternational.org\/de\/wp-json\/wp\/v2\/posts\/209","targetHints":{"allow":["GET"]}}],"collection":[{"href":"https:\/\/franciscansinternational.org\/de\/wp-json\/wp\/v2\/posts"}],"about":[{"href":"https:\/\/franciscansinternational.org\/de\/wp-json\/wp\/v2\/types\/post"}],"author":[{"embeddable":true,"href":"https:\/\/franciscansinternational.org\/de\/wp-json\/wp\/v2\/users\/3"}],"replies":[{"embeddable":true,"href":"https:\/\/franciscansinternational.org\/de\/wp-json\/wp\/v2\/comments?post=209"}],"version-history":[{"count":5,"href":"https:\/\/franciscansinternational.org\/de\/wp-json\/wp\/v2\/posts\/209\/revisions"}],"predecessor-version":[{"id":253,"href":"https:\/\/franciscansinternational.org\/de\/wp-json\/wp\/v2\/posts\/209\/revisions\/253"}],"wp:featuredmedia":[{"embeddable":true,"href":"https:\/\/franciscansinternational.org\/de\/wp-json\/wp\/v2\/media\/210"}],"wp:attachment":[{"href":"https:\/\/franciscansinternational.org\/de\/wp-json\/wp\/v2\/media?parent=209"}],"wp:term":[{"taxonomy":"category","embeddable":true,"href":"https:\/\/franciscansinternational.org\/de\/wp-json\/wp\/v2\/categories?post=209"},{"taxonomy":"post_tag","embeddable":true,"href":"https:\/\/franciscansinternational.org\/de\/wp-json\/wp\/v2\/tags?post=209"}],"curies":[{"name":"wp","href":"https:\/\/api.w.org\/{rel}","templated":true}]}}