{"id":234,"date":"2023-04-28T15:17:00","date_gmt":"2023-04-28T15:17:00","guid":{"rendered":"https:\/\/franciscansinternational.kinsta.cloud\/de\/?p=234"},"modified":"2024-03-08T10:03:49","modified_gmt":"2024-03-08T10:03:49","slug":"franziskanerinnen-an-vorderster-front-schwester-susan-esmile-sfic","status":"publish","type":"post","link":"https:\/\/franciscansinternational.org\/de\/franziskanerinnen-an-vorderster-front-schwester-susan-esmile-sfic\/","title":{"rendered":"Franziskanerinnen an vorderster Front: Schwester Susan Esmile SFIC"},"content":{"rendered":"\n<p>Auf den Philippinen kam es in den letzten Jahrzehnten zu schweren Menschenrechtsverletzungen, insbesondere im Zusammenhang mit dem &#8222;Krieg gegen Drogen&#8220; des ehemaligen Pr\u00e4sidenten Duterte (2016-2022). Seine Amtszeit war gepr\u00e4gt von Drohungen, au\u00dfergerichtlichen T\u00f6tungen, gewaltsamem Verschwindenlassen und der Schikanierung von Menschenrechtsverteidigern.<\/p>\n\n\n\n<p class=\"has-text-align-center\">____________________________________________________________<\/p>\n\n\n\n<p>Lernen Sie Schwester Susan Esmile SFIC kennen, die der Kongregation der Franziskanerinnen von der Unbefleckten Empf\u00e4ngnis angeh\u00f6rt.* 2008 wurde sie als Koordinatorin f\u00fcr Gerechtigkeit, Frieden und Bewahrung der Sch\u00f6pfung der Nordprovinz der Philippinen eingesetzt. Seitdem setzt sie sich f\u00fcr den Schutz gef\u00e4hrdeter Menschen, die Ern\u00e4hrung der Armen, die St\u00e4rkung der Gemeinschaften und die Unterst\u00fctzung der Opfer von Ungerechtigkeit ein.<\/p>\n\n\n\n<p class=\"has-medium-font-size\"><strong><sub>Welches sind die wichtigsten Menschenrechtsprobleme auf den Philippinen und wie h\u00e4ngen diese mit Ihrer Arbeit zusammen?<\/sub><\/strong><\/p>\n\n\n\n<p>Verletzungen des Rechts auf Leben, auf Nahrung, sauberes Wasser und Unterkunft sowie Korruption sind die wichtigsten Menschenrechtsprobleme auf den Philippinen. Menschen, die in Armut leben, sind am verletzlichsten, und wenn sie nicht studieren k\u00f6nnen oder ihnen bessere M\u00f6glichkeiten fehlen, k\u00f6nnen sie manchmal in die Falle des Drogenhandels tappen. W\u00e4hrend Dutertes &#8222;Krieg gegen die Drogen&#8220; verschwanden Tausende von Menschen oder wurden tot aufgefunden. Im Rahmen der Operation &#8222;Tokhang&#8220; durfte die Polizei die Wohnungen von Verd\u00e4chtigen ohne Durchsuchungsbefehl durchsuchen.<\/p>\n\n\n\n<p>Sie sollten sie dazu bringen, sich zu ergeben und ihre illegalen Aktivit\u00e4ten einzustellen. In Wirklichkeit wurden die meisten von ihnen unrechtm\u00e4\u00dfig get\u00f6tet, oft in ihren eigenen Wohnungen. Wir besuchten die Totenwache der Opfer und versuchten, die trauernden Familien durch unsere Anwesenheit zu tr\u00f6sten. Wir gaben den \u00c4rmsten ein wenig finanzielle Hilfe, vor allem, wenn die Get\u00f6teten die Ern\u00e4hrer der Familien waren. Wir haben versucht, die Familien der Opfer, die in der gleichen Gegend leben, zu organisieren und an andere Einrichtungen zu verweisen, die ihnen helfen k\u00f6nnen, ihre Traumata zu bew\u00e4ltigen.<\/p>\n\n\n\n<p class=\"has-medium-font-size\"><strong><sub>Was hat Sie dazu inspiriert, sich mit Menschenrechtsfragen zu befassen, und was hat das mit Ihrer Berufung als Franziskanerschwester zu tun?<\/sub><\/strong><\/p>\n\n\n\n<p>F\u00fcr mich bedeutet unsere Verpflichtung gegen\u00fcber Gott, dass wir uns f\u00fcr die Sache oder die Mission Christi einsetzen. Das bedeutet, das Leben zu sch\u00fctzen, die Hungrigen zu speisen, die Nackten zu bekleiden, die Gefangenen zu befreien, und so weiter. Das ist eine gro\u00dfe Aufgabe f\u00fcr mich, wenn ich ein J\u00fcnger Christi sein will. Da ich glaube, dass der heilige Franz von Assisi Jesus und dem Evangelium fast wortw\u00f6rtlich gefolgt ist, f\u00fchle ich mich auch dazu berufen, seinem Beispiel der totalen Hingabe an die Sache Christi treu zu folgen.<\/p>\n\n\n\n<p class=\"has-medium-font-size\"><strong><sub>K\u00f6nnen Sie Beispiele von Menschen nennen, denen Sie geholfen haben, sich zu sch\u00fctzen?<\/sub><\/strong><\/p>\n\n\n\n<p>Viele Menschen wurden vom Milit\u00e4r gejagt oder verfolgt, weil sie politisch orientiert waren oder weil sie Zeugen au\u00dfergerichtlicher T\u00f6tungen wurden. Im Jahr 2007 wurde ein Korruptionsskandal, in den die damalige Pr\u00e4sidentin Gloria Macapagal Arroyo verwickelt war, von Herrn Rodolfo Jun Lozada aufgedeckt. Er erhielt viele Morddrohungen von den in diesen Skandal verwickelten Personen, so dass ich ihn normalerweise zu den Anh\u00f6rungen begleitete.<\/p>\n\n\n\n<p>Wir k\u00fcmmerten uns auch um die Familie eines jungen M\u00e4dchens, das Zeuge der Ermordung von Kian de Los Santos wurde, einem der zahlreichen Opfer des &#8222;Tokhang&#8220;. Mehr als ein Jahr lang begleiteten wir die Zeugin zu den Gerichtsverhandlungen, um ihre Sicherheit zu gew\u00e4hrleisten und sie moralisch zu unterst\u00fctzen. Nat\u00fcrlich bestand immer die Gefahr, von der Polizei, dem Milit\u00e4r oder der B\u00fcrgerwehr erwischt zu werden, w\u00e4hrend wir die Person von einem Ort zum anderen brachten, vor allem, wenn es sich um eine prominente Person handelte.<\/p>\n\n\n\n<p class=\"has-medium-font-size\"><strong><sub>Was ist Ihr stolzester Erfolg?<\/sub><\/strong><\/p>\n\n\n\n<p>Ich habe die Opfer des Menschenhandels und die Familien der Opfer von Dutertes Krieg gegen die Drogen eingeladen und sie gebeten, ihre Erfahrungen mit den Schwestern zu teilen, um ihnen zu helfen, ihren Schmerz und ihr Leid loszuwerden und Unterst\u00fctzung von ihnen zu erhalten. Die Schwestern wurden dadurch f\u00fcr die Geschehnisse in unserer Gesellschaft sensibilisiert, so dass ihre Gebete f\u00fcr die Opfer der Ungerechtigkeit konkreter sind, nachdem sie die Opfer pers\u00f6nlich getroffen und deren Erfahrungen aus erster Hand geh\u00f6rt haben. W\u00e4hrend der Pandemie baten wir auch um Spenden und arbeiteten mit einigen Gruppen und Einzelpersonen zusammen, um Hilfe zu leisten: Waren wie Reis, Konserven und Gem\u00fcse wurden \u00fcber die Gemeinschaftsspeicher an die Armen verteilt, insbesondere an diejenigen, die ihre Arbeit verloren hatten.<\/p>\n\n\n\n<p class=\"has-medium-font-size\"><strong><sub>Worin besteht Ihrer Meinung nach der Unterschied zwischen Wohlt\u00e4tigkeit und Menschenrechtsarbeit? Und denken Sie, dass sie sich gegenseitig erg\u00e4nzen?<\/sub><\/strong><\/p>\n\n\n\n<p>Wohlt\u00e4tigkeit und Menschenrechte sind sich in vielerlei Hinsicht sehr \u00e4hnlich. Beides sind Akte des Mitgef\u00fchls und der Anerkennung der W\u00fcrde des einzelnen Menschen. Bei der Wohlt\u00e4tigkeit geht es jedoch eher darum, den Armen materielle G\u00fcter zukommen zu lassen, w\u00e4hrend es bei der Menschenrechtsarbeit darum geht, die Wurzeln ihres Leidens anzugehen. Es gibt keine Verpflichtung zur Wohlt\u00e4tigkeit. Menschenrechtsarbeit ist etwas mehr &#8211; sie ist eine notwendige Verpflichtung.<\/p>\n\n\n\n<p><\/p>\n\n\n\n<p>Weitere Informationen finden Sie in unserem Hauptartikel zu den <a href=\"https:\/\/franciscansinternational.org\/de\/franziskaner-an-vorderster-front-fuer-die-menschenrechte\/\">Franziskanern unter Franziskaner an vorderster Front f\u00fcr die Menschenrechte<\/a>.<\/p>\n\n\n\n<p class=\"has-small-font-size\"><em>*Die SFIC ist Mitglied der Association of Major Religious Superiors in the Philippines (AMRSP), die jetzt Conference of Major Superiors in the Phils (CMSP) hei\u00dft. Einer der Missionspartner dieser Institution ist die Kommission f\u00fcr Gerechtigkeit, Frieden und Bewahrung der Sch\u00f6pfung (JPICC), deren Mitglieder die JPIC-Vertreter aus den verschiedenen Mitgliedskongregationen sind.<\/em><\/p>\n\n\n\n<p><\/p>\n\n\n\n<p class=\"has-small-font-size\">Dies ist eine automatische \u00dcbersetzung. Wir entschuldigen uns f\u00fcr eventuelle Fehler, die dadurch entstanden sind. Im Falle von Abweichungen ist die englische Fassung ma\u00dfgebend.<\/p>\n","protected":false},"excerpt":{"rendered":"<p>Auf den Philippinen kam es in den letzten Jahrzehnten zu schweren Menschenrechtsverletzungen, insbesondere im Zusammenhang mit dem &#8222;Krieg gegen Drogen&#8220; &#8230; <\/p>\n","protected":false},"author":3,"featured_media":235,"comment_status":"open","ping_status":"closed","sticky":false,"template":"","format":"standard","meta":{"_relevanssi_hide_post":"","_relevanssi_hide_content":"","_relevanssi_pin_for_all":"","_relevanssi_pin_keywords":"","_relevanssi_unpin_keywords":"","_relevanssi_related_keywords":"","_relevanssi_related_include_ids":"","_relevanssi_related_exclude_ids":"","_relevanssi_related_no_append":"","_relevanssi_related_not_related":"","_relevanssi_related_posts":"169,209,207,202,230,217","_relevanssi_noindex_reason":"","_jetpack_memberships_contains_paid_content":false,"footnotes":""},"categories":[33,1],"tags":[],"class_list":["post-234","post","type-post","status-publish","format-standard","has-post-thumbnail","hentry","category-franziskanerinnen-bei-den-vereinten-nationen","category-nachrichten"],"acf":[],"yoast_head":"<!-- This site is optimized with the Yoast SEO plugin v27.5 - https:\/\/yoast.com\/product\/yoast-seo-wordpress\/ -->\n<title>Franziskanerinnen an vorderster Front: Schwester Susan Esmile SFIC - Franciscans International (DE)<\/title>\n<meta name=\"robots\" content=\"index, follow, max-snippet:-1, max-image-preview:large, max-video-preview:-1\" \/>\n<link rel=\"canonical\" href=\"https:\/\/franciscansinternational.org\/de\/franziskanerinnen-an-vorderster-front-schwester-susan-esmile-sfic\/\" \/>\n<meta property=\"og:locale\" content=\"de_DE\" \/>\n<meta property=\"og:type\" content=\"article\" \/>\n<meta property=\"og:title\" content=\"Franziskanerinnen an vorderster Front: Schwester Susan Esmile SFIC - Franciscans International (DE)\" \/>\n<meta property=\"og:description\" content=\"Auf den Philippinen kam es in den letzten Jahrzehnten zu schweren Menschenrechtsverletzungen, insbesondere im Zusammenhang mit dem &#8222;Krieg gegen Drogen&#8220; ...\" \/>\n<meta property=\"og:url\" content=\"https:\/\/franciscansinternational.org\/de\/franziskanerinnen-an-vorderster-front-schwester-susan-esmile-sfic\/\" \/>\n<meta property=\"og:site_name\" content=\"Franciscans International (DE)\" \/>\n<meta property=\"article:publisher\" content=\"https:\/\/www.facebook.com\/FranciscansInternational\/\" \/>\n<meta property=\"article:published_time\" content=\"2023-04-28T15:17:00+00:00\" \/>\n<meta property=\"article:modified_time\" content=\"2024-03-08T10:03:49+00:00\" \/>\n<meta property=\"og:image\" content=\"https:\/\/franciscansinternational.org\/de\/wp-content\/uploads\/sites\/4\/2023\/05\/SisterSusan_website.jpg\" \/>\n\t<meta property=\"og:image:width\" content=\"640\" \/>\n\t<meta property=\"og:image:height\" content=\"360\" \/>\n\t<meta property=\"og:image:type\" content=\"image\/jpeg\" \/>\n<meta name=\"author\" content=\"communications\" \/>\n<meta name=\"twitter:card\" content=\"summary_large_image\" \/>\n<meta name=\"twitter:creator\" content=\"@FranciscansIntl\" \/>\n<meta name=\"twitter:site\" content=\"@FranciscansIntl\" \/>\n<meta name=\"twitter:label1\" content=\"Verfasst von\" \/>\n\t<meta name=\"twitter:data1\" content=\"communications\" \/>\n\t<meta name=\"twitter:label2\" content=\"Gesch\u00e4tzte Lesezeit\" \/>\n\t<meta name=\"twitter:data2\" content=\"5\u00a0Minuten\" \/>\n<script type=\"application\/ld+json\" class=\"yoast-schema-graph\">{\"@context\":\"https:\\\/\\\/schema.org\",\"@graph\":[{\"@type\":\"Article\",\"@id\":\"https:\\\/\\\/franciscansinternational.org\\\/de\\\/franziskanerinnen-an-vorderster-front-schwester-susan-esmile-sfic\\\/#article\",\"isPartOf\":{\"@id\":\"https:\\\/\\\/franciscansinternational.org\\\/de\\\/franziskanerinnen-an-vorderster-front-schwester-susan-esmile-sfic\\\/\"},\"author\":{\"name\":\"communications\",\"@id\":\"https:\\\/\\\/franciscansinternational.org\\\/de\\\/#\\\/schema\\\/person\\\/f398f02712a9dcab7603295bc1ea94e4\"},\"headline\":\"Franziskanerinnen an vorderster Front: Schwester Susan Esmile SFIC\",\"datePublished\":\"2023-04-28T15:17:00+00:00\",\"dateModified\":\"2024-03-08T10:03:49+00:00\",\"mainEntityOfPage\":{\"@id\":\"https:\\\/\\\/franciscansinternational.org\\\/de\\\/franziskanerinnen-an-vorderster-front-schwester-susan-esmile-sfic\\\/\"},\"wordCount\":933,\"commentCount\":0,\"publisher\":{\"@id\":\"https:\\\/\\\/franciscansinternational.org\\\/de\\\/#organization\"},\"image\":{\"@id\":\"https:\\\/\\\/franciscansinternational.org\\\/de\\\/franziskanerinnen-an-vorderster-front-schwester-susan-esmile-sfic\\\/#primaryimage\"},\"thumbnailUrl\":\"https:\\\/\\\/franciscansinternational.org\\\/de\\\/wp-content\\\/uploads\\\/sites\\\/4\\\/2023\\\/05\\\/SisterSusan_website.jpg\",\"articleSection\":[\"Franziskaner*innen bei den Vereinten Nationen\",\"Nachrichten\"],\"inLanguage\":\"de\",\"potentialAction\":[{\"@type\":\"CommentAction\",\"name\":\"Comment\",\"target\":[\"https:\\\/\\\/franciscansinternational.org\\\/de\\\/franziskanerinnen-an-vorderster-front-schwester-susan-esmile-sfic\\\/#respond\"]}]},{\"@type\":\"WebPage\",\"@id\":\"https:\\\/\\\/franciscansinternational.org\\\/de\\\/franziskanerinnen-an-vorderster-front-schwester-susan-esmile-sfic\\\/\",\"url\":\"https:\\\/\\\/franciscansinternational.org\\\/de\\\/franziskanerinnen-an-vorderster-front-schwester-susan-esmile-sfic\\\/\",\"name\":\"Franziskanerinnen an vorderster Front: Schwester Susan Esmile SFIC - Franciscans International (DE)\",\"isPartOf\":{\"@id\":\"https:\\\/\\\/franciscansinternational.org\\\/de\\\/#website\"},\"primaryImageOfPage\":{\"@id\":\"https:\\\/\\\/franciscansinternational.org\\\/de\\\/franziskanerinnen-an-vorderster-front-schwester-susan-esmile-sfic\\\/#primaryimage\"},\"image\":{\"@id\":\"https:\\\/\\\/franciscansinternational.org\\\/de\\\/franziskanerinnen-an-vorderster-front-schwester-susan-esmile-sfic\\\/#primaryimage\"},\"thumbnailUrl\":\"https:\\\/\\\/franciscansinternational.org\\\/de\\\/wp-content\\\/uploads\\\/sites\\\/4\\\/2023\\\/05\\\/SisterSusan_website.jpg\",\"datePublished\":\"2023-04-28T15:17:00+00:00\",\"dateModified\":\"2024-03-08T10:03:49+00:00\",\"breadcrumb\":{\"@id\":\"https:\\\/\\\/franciscansinternational.org\\\/de\\\/franziskanerinnen-an-vorderster-front-schwester-susan-esmile-sfic\\\/#breadcrumb\"},\"inLanguage\":\"de\",\"potentialAction\":[{\"@type\":\"ReadAction\",\"target\":[\"https:\\\/\\\/franciscansinternational.org\\\/de\\\/franziskanerinnen-an-vorderster-front-schwester-susan-esmile-sfic\\\/\"]}]},{\"@type\":\"ImageObject\",\"inLanguage\":\"de\",\"@id\":\"https:\\\/\\\/franciscansinternational.org\\\/de\\\/franziskanerinnen-an-vorderster-front-schwester-susan-esmile-sfic\\\/#primaryimage\",\"url\":\"https:\\\/\\\/franciscansinternational.org\\\/de\\\/wp-content\\\/uploads\\\/sites\\\/4\\\/2023\\\/05\\\/SisterSusan_website.jpg\",\"contentUrl\":\"https:\\\/\\\/franciscansinternational.org\\\/de\\\/wp-content\\\/uploads\\\/sites\\\/4\\\/2023\\\/05\\\/SisterSusan_website.jpg\",\"width\":640,\"height\":360},{\"@type\":\"BreadcrumbList\",\"@id\":\"https:\\\/\\\/franciscansinternational.org\\\/de\\\/franziskanerinnen-an-vorderster-front-schwester-susan-esmile-sfic\\\/#breadcrumb\",\"itemListElement\":[{\"@type\":\"ListItem\",\"position\":1,\"name\":\"Home\",\"item\":\"https:\\\/\\\/franciscansinternational.org\\\/de\\\/\"},{\"@type\":\"ListItem\",\"position\":2,\"name\":\"Franziskanerinnen an vorderster Front: Schwester Susan Esmile SFIC\"}]},{\"@type\":\"WebSite\",\"@id\":\"https:\\\/\\\/franciscansinternational.org\\\/de\\\/#website\",\"url\":\"https:\\\/\\\/franciscansinternational.org\\\/de\\\/\",\"name\":\"Franciscans International (DE)\",\"description\":\"Just another Franciscans International site\",\"publisher\":{\"@id\":\"https:\\\/\\\/franciscansinternational.org\\\/de\\\/#organization\"},\"potentialAction\":[{\"@type\":\"SearchAction\",\"target\":{\"@type\":\"EntryPoint\",\"urlTemplate\":\"https:\\\/\\\/franciscansinternational.org\\\/de\\\/?s={search_term_string}\"},\"query-input\":{\"@type\":\"PropertyValueSpecification\",\"valueRequired\":true,\"valueName\":\"search_term_string\"}}],\"inLanguage\":\"de\"},{\"@type\":\"Organization\",\"@id\":\"https:\\\/\\\/franciscansinternational.org\\\/de\\\/#organization\",\"name\":\"Franciscans International (DE)\",\"url\":\"https:\\\/\\\/franciscansinternational.org\\\/de\\\/\",\"logo\":{\"@type\":\"ImageObject\",\"inLanguage\":\"de\",\"@id\":\"https:\\\/\\\/franciscansinternational.org\\\/de\\\/#\\\/schema\\\/logo\\\/image\\\/\",\"url\":\"https:\\\/\\\/franciscansinternational.org\\\/wp-content\\\/uploads\\\/sites\\\/4\\\/2023\\\/05\\\/logo-3.png\",\"contentUrl\":\"https:\\\/\\\/franciscansinternational.org\\\/wp-content\\\/uploads\\\/sites\\\/4\\\/2023\\\/05\\\/logo-3.png\",\"width\":1200,\"height\":205,\"caption\":\"Franciscans International (DE)\"},\"image\":{\"@id\":\"https:\\\/\\\/franciscansinternational.org\\\/de\\\/#\\\/schema\\\/logo\\\/image\\\/\"},\"sameAs\":[\"https:\\\/\\\/www.facebook.com\\\/FranciscansInternational\\\/\",\"https:\\\/\\\/x.com\\\/FranciscansIntl\",\"https:\\\/\\\/www.youtube.com\\\/channel\\\/UCexu0i-fWB4wwrlPMCz8_Zg\"]},{\"@type\":\"Person\",\"@id\":\"https:\\\/\\\/franciscansinternational.org\\\/de\\\/#\\\/schema\\\/person\\\/f398f02712a9dcab7603295bc1ea94e4\",\"name\":\"communications\",\"image\":{\"@type\":\"ImageObject\",\"inLanguage\":\"de\",\"@id\":\"https:\\\/\\\/secure.gravatar.com\\\/avatar\\\/0b4a62226a9b4f7ce621ec49ca40be1e77d886a42ca84b8a0b0697e9ec17dd63?s=96&d=mm&r=g\",\"url\":\"https:\\\/\\\/secure.gravatar.com\\\/avatar\\\/0b4a62226a9b4f7ce621ec49ca40be1e77d886a42ca84b8a0b0697e9ec17dd63?s=96&d=mm&r=g\",\"contentUrl\":\"https:\\\/\\\/secure.gravatar.com\\\/avatar\\\/0b4a62226a9b4f7ce621ec49ca40be1e77d886a42ca84b8a0b0697e9ec17dd63?s=96&d=mm&r=g\",\"caption\":\"communications\"},\"url\":\"https:\\\/\\\/franciscansinternational.org\\\/de\\\/author\\\/communications\\\/\"}]}<\/script>\n<!-- \/ Yoast SEO plugin. -->","yoast_head_json":{"title":"Franziskanerinnen an vorderster Front: Schwester Susan Esmile SFIC - Franciscans International (DE)","robots":{"index":"index","follow":"follow","max-snippet":"max-snippet:-1","max-image-preview":"max-image-preview:large","max-video-preview":"max-video-preview:-1"},"canonical":"https:\/\/franciscansinternational.org\/de\/franziskanerinnen-an-vorderster-front-schwester-susan-esmile-sfic\/","og_locale":"de_DE","og_type":"article","og_title":"Franziskanerinnen an vorderster Front: Schwester Susan Esmile SFIC - Franciscans International (DE)","og_description":"Auf den Philippinen kam es in den letzten Jahrzehnten zu schweren Menschenrechtsverletzungen, insbesondere im Zusammenhang mit dem &#8222;Krieg gegen Drogen&#8220; ...","og_url":"https:\/\/franciscansinternational.org\/de\/franziskanerinnen-an-vorderster-front-schwester-susan-esmile-sfic\/","og_site_name":"Franciscans International (DE)","article_publisher":"https:\/\/www.facebook.com\/FranciscansInternational\/","article_published_time":"2023-04-28T15:17:00+00:00","article_modified_time":"2024-03-08T10:03:49+00:00","og_image":[{"width":640,"height":360,"url":"https:\/\/franciscansinternational.org\/de\/wp-content\/uploads\/sites\/4\/2023\/05\/SisterSusan_website.jpg","type":"image\/jpeg"}],"author":"communications","twitter_card":"summary_large_image","twitter_creator":"@FranciscansIntl","twitter_site":"@FranciscansIntl","twitter_misc":{"Verfasst von":"communications","Gesch\u00e4tzte Lesezeit":"5\u00a0Minuten"},"schema":{"@context":"https:\/\/schema.org","@graph":[{"@type":"Article","@id":"https:\/\/franciscansinternational.org\/de\/franziskanerinnen-an-vorderster-front-schwester-susan-esmile-sfic\/#article","isPartOf":{"@id":"https:\/\/franciscansinternational.org\/de\/franziskanerinnen-an-vorderster-front-schwester-susan-esmile-sfic\/"},"author":{"name":"communications","@id":"https:\/\/franciscansinternational.org\/de\/#\/schema\/person\/f398f02712a9dcab7603295bc1ea94e4"},"headline":"Franziskanerinnen an vorderster Front: Schwester Susan Esmile SFIC","datePublished":"2023-04-28T15:17:00+00:00","dateModified":"2024-03-08T10:03:49+00:00","mainEntityOfPage":{"@id":"https:\/\/franciscansinternational.org\/de\/franziskanerinnen-an-vorderster-front-schwester-susan-esmile-sfic\/"},"wordCount":933,"commentCount":0,"publisher":{"@id":"https:\/\/franciscansinternational.org\/de\/#organization"},"image":{"@id":"https:\/\/franciscansinternational.org\/de\/franziskanerinnen-an-vorderster-front-schwester-susan-esmile-sfic\/#primaryimage"},"thumbnailUrl":"https:\/\/franciscansinternational.org\/de\/wp-content\/uploads\/sites\/4\/2023\/05\/SisterSusan_website.jpg","articleSection":["Franziskaner*innen bei den Vereinten Nationen","Nachrichten"],"inLanguage":"de","potentialAction":[{"@type":"CommentAction","name":"Comment","target":["https:\/\/franciscansinternational.org\/de\/franziskanerinnen-an-vorderster-front-schwester-susan-esmile-sfic\/#respond"]}]},{"@type":"WebPage","@id":"https:\/\/franciscansinternational.org\/de\/franziskanerinnen-an-vorderster-front-schwester-susan-esmile-sfic\/","url":"https:\/\/franciscansinternational.org\/de\/franziskanerinnen-an-vorderster-front-schwester-susan-esmile-sfic\/","name":"Franziskanerinnen an vorderster Front: Schwester Susan Esmile SFIC - Franciscans International (DE)","isPartOf":{"@id":"https:\/\/franciscansinternational.org\/de\/#website"},"primaryImageOfPage":{"@id":"https:\/\/franciscansinternational.org\/de\/franziskanerinnen-an-vorderster-front-schwester-susan-esmile-sfic\/#primaryimage"},"image":{"@id":"https:\/\/franciscansinternational.org\/de\/franziskanerinnen-an-vorderster-front-schwester-susan-esmile-sfic\/#primaryimage"},"thumbnailUrl":"https:\/\/franciscansinternational.org\/de\/wp-content\/uploads\/sites\/4\/2023\/05\/SisterSusan_website.jpg","datePublished":"2023-04-28T15:17:00+00:00","dateModified":"2024-03-08T10:03:49+00:00","breadcrumb":{"@id":"https:\/\/franciscansinternational.org\/de\/franziskanerinnen-an-vorderster-front-schwester-susan-esmile-sfic\/#breadcrumb"},"inLanguage":"de","potentialAction":[{"@type":"ReadAction","target":["https:\/\/franciscansinternational.org\/de\/franziskanerinnen-an-vorderster-front-schwester-susan-esmile-sfic\/"]}]},{"@type":"ImageObject","inLanguage":"de","@id":"https:\/\/franciscansinternational.org\/de\/franziskanerinnen-an-vorderster-front-schwester-susan-esmile-sfic\/#primaryimage","url":"https:\/\/franciscansinternational.org\/de\/wp-content\/uploads\/sites\/4\/2023\/05\/SisterSusan_website.jpg","contentUrl":"https:\/\/franciscansinternational.org\/de\/wp-content\/uploads\/sites\/4\/2023\/05\/SisterSusan_website.jpg","width":640,"height":360},{"@type":"BreadcrumbList","@id":"https:\/\/franciscansinternational.org\/de\/franziskanerinnen-an-vorderster-front-schwester-susan-esmile-sfic\/#breadcrumb","itemListElement":[{"@type":"ListItem","position":1,"name":"Home","item":"https:\/\/franciscansinternational.org\/de\/"},{"@type":"ListItem","position":2,"name":"Franziskanerinnen an vorderster Front: Schwester Susan Esmile SFIC"}]},{"@type":"WebSite","@id":"https:\/\/franciscansinternational.org\/de\/#website","url":"https:\/\/franciscansinternational.org\/de\/","name":"Franciscans International (DE)","description":"Just another Franciscans International site","publisher":{"@id":"https:\/\/franciscansinternational.org\/de\/#organization"},"potentialAction":[{"@type":"SearchAction","target":{"@type":"EntryPoint","urlTemplate":"https:\/\/franciscansinternational.org\/de\/?s={search_term_string}"},"query-input":{"@type":"PropertyValueSpecification","valueRequired":true,"valueName":"search_term_string"}}],"inLanguage":"de"},{"@type":"Organization","@id":"https:\/\/franciscansinternational.org\/de\/#organization","name":"Franciscans International (DE)","url":"https:\/\/franciscansinternational.org\/de\/","logo":{"@type":"ImageObject","inLanguage":"de","@id":"https:\/\/franciscansinternational.org\/de\/#\/schema\/logo\/image\/","url":"https:\/\/franciscansinternational.org\/wp-content\/uploads\/sites\/4\/2023\/05\/logo-3.png","contentUrl":"https:\/\/franciscansinternational.org\/wp-content\/uploads\/sites\/4\/2023\/05\/logo-3.png","width":1200,"height":205,"caption":"Franciscans International (DE)"},"image":{"@id":"https:\/\/franciscansinternational.org\/de\/#\/schema\/logo\/image\/"},"sameAs":["https:\/\/www.facebook.com\/FranciscansInternational\/","https:\/\/x.com\/FranciscansIntl","https:\/\/www.youtube.com\/channel\/UCexu0i-fWB4wwrlPMCz8_Zg"]},{"@type":"Person","@id":"https:\/\/franciscansinternational.org\/de\/#\/schema\/person\/f398f02712a9dcab7603295bc1ea94e4","name":"communications","image":{"@type":"ImageObject","inLanguage":"de","@id":"https:\/\/secure.gravatar.com\/avatar\/0b4a62226a9b4f7ce621ec49ca40be1e77d886a42ca84b8a0b0697e9ec17dd63?s=96&d=mm&r=g","url":"https:\/\/secure.gravatar.com\/avatar\/0b4a62226a9b4f7ce621ec49ca40be1e77d886a42ca84b8a0b0697e9ec17dd63?s=96&d=mm&r=g","contentUrl":"https:\/\/secure.gravatar.com\/avatar\/0b4a62226a9b4f7ce621ec49ca40be1e77d886a42ca84b8a0b0697e9ec17dd63?s=96&d=mm&r=g","caption":"communications"},"url":"https:\/\/franciscansinternational.org\/de\/author\/communications\/"}]}},"jetpack_featured_media_url":"https:\/\/franciscansinternational.org\/de\/wp-content\/uploads\/sites\/4\/2023\/05\/SisterSusan_website.jpg","jetpack_sharing_enabled":true,"_links":{"self":[{"href":"https:\/\/franciscansinternational.org\/de\/wp-json\/wp\/v2\/posts\/234","targetHints":{"allow":["GET"]}}],"collection":[{"href":"https:\/\/franciscansinternational.org\/de\/wp-json\/wp\/v2\/posts"}],"about":[{"href":"https:\/\/franciscansinternational.org\/de\/wp-json\/wp\/v2\/types\/post"}],"author":[{"embeddable":true,"href":"https:\/\/franciscansinternational.org\/de\/wp-json\/wp\/v2\/users\/3"}],"replies":[{"embeddable":true,"href":"https:\/\/franciscansinternational.org\/de\/wp-json\/wp\/v2\/comments?post=234"}],"version-history":[{"count":6,"href":"https:\/\/franciscansinternational.org\/de\/wp-json\/wp\/v2\/posts\/234\/revisions"}],"predecessor-version":[{"id":507,"href":"https:\/\/franciscansinternational.org\/de\/wp-json\/wp\/v2\/posts\/234\/revisions\/507"}],"wp:featuredmedia":[{"embeddable":true,"href":"https:\/\/franciscansinternational.org\/de\/wp-json\/wp\/v2\/media\/235"}],"wp:attachment":[{"href":"https:\/\/franciscansinternational.org\/de\/wp-json\/wp\/v2\/media?parent=234"}],"wp:term":[{"taxonomy":"category","embeddable":true,"href":"https:\/\/franciscansinternational.org\/de\/wp-json\/wp\/v2\/categories?post=234"},{"taxonomy":"post_tag","embeddable":true,"href":"https:\/\/franciscansinternational.org\/de\/wp-json\/wp\/v2\/tags?post=234"}],"curies":[{"name":"wp","href":"https:\/\/api.w.org\/{rel}","templated":true}]}}