{"id":270,"date":"2023-06-05T12:02:23","date_gmt":"2023-06-05T12:02:23","guid":{"rendered":"https:\/\/franciscansinternational.org\/de\/?p=270"},"modified":"2023-06-05T12:02:25","modified_gmt":"2023-06-05T12:02:25","slug":"weltumwelttag-nicht-den-profit-ueber-die-menschen-und-den-planeten-stellen","status":"publish","type":"post","link":"https:\/\/franciscansinternational.org\/de\/weltumwelttag-nicht-den-profit-ueber-die-menschen-und-den-planeten-stellen\/","title":{"rendered":"Weltumwelttag: Nicht den Profit \u00fcber die Menschen und den Planeten stellen"},"content":{"rendered":"\n<p>In diesem Jahr konzentriert sich der Internationale Tag der Umwelt auf das <a href=\"https:\/\/www.worldenvironmentday.global\/\" target=\"_blank\" rel=\"noreferrer noopener\">Thema Plastikverschmutzung<\/a> und die Notwendigkeit beschleunigter Ma\u00dfnahmen zu deren Bek\u00e4mpfung. Im Rahmen dieser Bem\u00fchungen haben die Vereinten Nationen Verhandlungen \u00fcber ein rechtsverbindliches Instrument zur Bek\u00e4mpfung der Plastikverschmutzung aufgenommen. In <a href=\"https:\/\/wedocs.unep.org\/xmlui\/bitstream\/handle\/20.500.11822\/39764\/END PLASTIC POLLUTION - TOWARDS AN INTERNATIONAL LEGALLY BINDING INSTRUMENT - English.pdf?sequence=1&amp;isAllowed=y\" target=\"_blank\" rel=\"noreferrer noopener\">der Resolution<\/a>, mit der die Verhandlungen eingeleitet wurden, werden Bestimmungen gefordert, die &#8222;Ma\u00dfnahmen aller Beteiligten, einschlie\u00dflich des Privatsektors&#8220;, f\u00f6rdern.\u00a0<\/p>\n\n\n\n<p>In einer vor dem Weltumwelttag ver\u00f6ffentlichten <a href=\"https:\/\/www.ohchr.org\/en\/press-releases\/2023\/06\/un-experts-warn-toxic-tidal-wave-plastic-pollutes-environment-and-threatens\" target=\"_blank\" rel=\"noreferrer noopener\">Erkl\u00e4rung<\/a> weisen die UN-Sonderberichterstatter f\u00fcr Giftm\u00fcll und Umwelt auf das Ausma\u00df des Problems hin: Jedes Jahr werden weltweit 400 Millionen Tonnen Plastik erzeugt, dessen Herstellung fast ausschlie\u00dflich auf fossilen Brennstoffen beruht. Sie warnen: &#8222;Plastik, Mikroplastik und die darin enthaltenen gef\u00e4hrlichen Stoffe finden sich in den Lebensmitteln, die wir essen, im Wasser, das wir trinken, und in der Luft, die wir atmen. W\u00e4hrend jeder von den negativen Auswirkungen von Plastik auf die Menschenrechte betroffen ist, trifft das Ausma\u00df der Belastung durch plastikbedingte Verschmutzung und Abf\u00e4lle marginalisierte Gemeinschaften am st\u00e4rksten.&#8220;<\/p>\n\n\n\n<p>Franciscans International unterstreicht die Rolle des Privatsektors bei der Plastikverschmutzung und in der Tat bei der gesamten dreifachen planetarischen Krise des Klimawandels, des Verlusts der biologischen Vielfalt und der Verschmutzung, mit der die Welt derzeit konfrontiert ist. Wir m\u00fcssen uns mit der Tatsache auseinandersetzen, dass die Gesch\u00e4ftst\u00e4tigkeit und die Aktivit\u00e4ten von Unternehmen zwar eine treibende Kraft dieser Krise sind, dass aber kaum Rechenschaft abgelegt wird. Stattdessen machen unsere Partner vor Ort immer wieder auf die negativen Auswirkungen aufmerksam, denen ihre Gemeinden infolge von Gesch\u00e4ftsaktivit\u00e4ten ausgesetzt sind, die von der Rohstoffindustrie bis zur Abfallentsorgung reichen.<\/p>\n\n\n\n<p>&#8222;In der heutigen globalisierten Welt kennen sowohl wirtschaftliche Aktivit\u00e4ten als auch die von ihnen verursachte Umweltverschmutzung keine Grenzen mehr. Die negativen Auswirkungen dieser Situation auf die Menschenrechte k\u00f6nnen nur durch eine gemeinsame Anstrengung der internationalen Gemeinschaft angegangen werden&#8220;, sagt Markus Heinze OFM, Gesch\u00e4ftsf\u00fchrer von Franciscans International. &#8222;Wir k\u00f6nnen nicht dulden, dass Gemeinschaften, insbesondere im globalen S\u00fcden, zuerst deren Ressourcen ausgebeutet werden, die Hauptlast des Klimawandels tragen und dann als <a href=\"https:\/\/www.ohchr.org\/sites\/default\/files\/2022-03\/SacrificeZones-userfriendlyversion.pdf\" target=\"_blank\" rel=\"noreferrer noopener\">Depot<\/a> f\u00fcr Abfall und Schadstoffe genutzt werden. Starke, rechtsverbindliche UN-Mechanismen sind in diesem Zusammenhang entscheidend f\u00fcr eine gerechte und lebenswerte Welt.&#8220;<\/p>\n\n\n\n<p>In diesem Sinne setzt sich Franciscans International weiterhin f\u00fcr ein rechtsverbindliches UN-Instrument zur Regulierung transnationaler Unternehmen im Rahmen der internationalen Menschenrechtsgesetzgebung ein. W\u00e4hrend die Resolutionen der UN-Generalversammlung und des Menschenrechtsrates, die das Recht auf eine saubere, gesunde und nachhaltige Umwelt anerkennen, an die UN-Leitprinzipien f\u00fcr Wirtschaft und Menschenrechte erinnern, ist es klar, dass die Staaten \u00fcber nicht bindende Prinzipien und Verpflichtungen hinausgehen m\u00fcssen. Vielmehr m\u00fcssen die Staaten ihren Menschenrechtsverpflichtungen nachkommen, Verst\u00f6\u00dfe und Umweltzerst\u00f6rung durch Unternehmen, auch au\u00dferhalb ihres Hoheitsgebiets und\/oder ihrer Gerichtsbarkeit,<sup>1<\/sup> verhindern und f\u00fcr angemessene Wiedergutmachung sorgen.<\/p>\n\n\n\n<p>Wie der UN-Ausschuss f\u00fcr wirtschaftliche, soziale und kulturelle Rechte feststellte, verletzen Staaten ihre Verpflichtungen, wenn sie &#8222;den Interessen von Unternehmen ohne angemessene Rechtfertigung Vorrang vor deren Verpflichtungen einr\u00e4umen [&#8230;].&#8220; Franciscans International macht auf die Pr\u00e4senz von Unternehmen (und deren Interessen) bei den Vereinten Nationen aufmerksam, auch in Foren, die sich mit der Umwelt befassen, als Teil des sogenannten &#8222;Multi-Stakeholderismus&#8220;.<sup>2<\/sup>\u00a0 Unternehmen k\u00f6nnen nur dann &#8222;Teil der L\u00f6sung&#8220; sein, wie <a href=\"https:\/\/www.unep.org\/news-and-stories\/speech\/big-step-towards-ending-plastic-pollution\" target=\"_blank\" rel=\"noreferrer noopener\">UN-Beamte<\/a> <a href=\"https:\/\/press.un.org\/en\/2020\/sga2109.doc.htm\" target=\"_blank\" rel=\"noreferrer noopener\">betonen<\/a>, wenn es eine angemessene Regulierung gibt und wenn sie f\u00fcr Menschenrechtsverletzungen und Umweltzerst\u00f6rung, die durch ihre Aktivit\u00e4ten verursacht werden, zur Verantwortung gezogen werden.<\/p>\n\n\n\n<p>An diesem Weltumwelttag unterstreicht Franciscans International die Schwere der dreifachen planetarischen Krise und die Dringlichkeit sicherzustellen, dass die Gewinne der Unternehmen nicht weiterhin Vorrang vor den Menschen und dem Planeten haben.<\/p>\n\n\n\n<p>&#8212;<\/p>\n\n\n\n<ol class=\"wp-block-list\">\n<li class=\"has-small-font-size\">CESCR, Allgemeine Bemerkung Nr. 24, Abs. 26<\/li>\n\n\n\n<li class=\"has-small-font-size\">Siehe zum Beispiel: <a href=\"https:\/\/www.bbc.com\/news\/science-environment-63571610\">COP27: Sharp rise in fossil fuel industry delegates at climate summit<\/a>, BBC, 10 November 2022; <a href=\"https:\/\/www.escr-net.org\/sites\/default\/files\/attachments\/ep.1_background_document_.pdf\">Corporate Capture of the United Nations<\/a>, ESCR-Net, 11 Februar 2021.<\/li>\n<\/ol>\n","protected":false},"excerpt":{"rendered":"<p>In diesem Jahr konzentriert sich der Internationale Tag der Umwelt auf das Thema Plastikverschmutzung und die Notwendigkeit beschleunigter Ma\u00dfnahmen zu &#8230; <\/p>\n","protected":false},"author":3,"featured_media":271,"comment_status":"open","ping_status":"closed","sticky":false,"template":"","format":"standard","meta":{"_relevanssi_hide_post":"","_relevanssi_hide_content":"","_relevanssi_pin_for_all":"","_relevanssi_pin_keywords":"","_relevanssi_unpin_keywords":"","_relevanssi_related_keywords":"","_relevanssi_related_include_ids":"","_relevanssi_related_exclude_ids":"","_relevanssi_related_no_append":"","_relevanssi_related_not_related":"","_relevanssi_related_posts":"254,209,217,234,202,265","_relevanssi_noindex_reason":"","_jetpack_memberships_contains_paid_content":false,"footnotes":""},"categories":[1],"tags":[8],"class_list":["post-270","post","type-post","status-publish","format-standard","has-post-thumbnail","hentry","category-nachrichten","tag-umweltgerechtigkeit"],"acf":[],"yoast_head":"<!-- This site is optimized with the Yoast SEO plugin v27.5 - https:\/\/yoast.com\/product\/yoast-seo-wordpress\/ -->\n<title>Weltumwelttag: Nicht den Profit \u00fcber die Menschen und den Planeten stellen - Franciscans International (DE)<\/title>\n<meta name=\"robots\" content=\"index, follow, max-snippet:-1, max-image-preview:large, max-video-preview:-1\" \/>\n<link rel=\"canonical\" href=\"https:\/\/franciscansinternational.org\/de\/weltumwelttag-nicht-den-profit-ueber-die-menschen-und-den-planeten-stellen\/\" \/>\n<meta property=\"og:locale\" content=\"de_DE\" \/>\n<meta property=\"og:type\" content=\"article\" \/>\n<meta property=\"og:title\" content=\"Weltumwelttag: Nicht den Profit \u00fcber die Menschen und den Planeten stellen - Franciscans International (DE)\" \/>\n<meta property=\"og:description\" content=\"In diesem Jahr konzentriert sich der Internationale Tag der Umwelt auf das Thema Plastikverschmutzung und die Notwendigkeit beschleunigter Ma\u00dfnahmen zu ...\" \/>\n<meta property=\"og:url\" content=\"https:\/\/franciscansinternational.org\/de\/weltumwelttag-nicht-den-profit-ueber-die-menschen-und-den-planeten-stellen\/\" \/>\n<meta property=\"og:site_name\" content=\"Franciscans International (DE)\" \/>\n<meta property=\"article:publisher\" content=\"https:\/\/www.facebook.com\/FranciscansInternational\/\" \/>\n<meta property=\"article:published_time\" content=\"2023-06-05T12:02:23+00:00\" \/>\n<meta property=\"article:modified_time\" content=\"2023-06-05T12:02:25+00:00\" \/>\n<meta property=\"og:image\" content=\"https:\/\/franciscansinternational.org\/de\/wp-content\/uploads\/sites\/4\/2023\/06\/IMG-20190922-WA0051.jpg\" \/>\n\t<meta property=\"og:image:width\" content=\"1043\" \/>\n\t<meta property=\"og:image:height\" content=\"723\" \/>\n\t<meta property=\"og:image:type\" content=\"image\/jpeg\" \/>\n<meta name=\"author\" content=\"communications\" \/>\n<meta name=\"twitter:card\" content=\"summary_large_image\" \/>\n<meta name=\"twitter:creator\" content=\"@FranciscansIntl\" \/>\n<meta name=\"twitter:site\" content=\"@FranciscansIntl\" \/>\n<meta name=\"twitter:label1\" content=\"Verfasst von\" \/>\n\t<meta name=\"twitter:data1\" content=\"communications\" \/>\n\t<meta name=\"twitter:label2\" content=\"Gesch\u00e4tzte Lesezeit\" \/>\n\t<meta name=\"twitter:data2\" content=\"4\u00a0Minuten\" \/>\n<script type=\"application\/ld+json\" class=\"yoast-schema-graph\">{\"@context\":\"https:\\\/\\\/schema.org\",\"@graph\":[{\"@type\":\"Article\",\"@id\":\"https:\\\/\\\/franciscansinternational.org\\\/de\\\/weltumwelttag-nicht-den-profit-ueber-die-menschen-und-den-planeten-stellen\\\/#article\",\"isPartOf\":{\"@id\":\"https:\\\/\\\/franciscansinternational.org\\\/de\\\/weltumwelttag-nicht-den-profit-ueber-die-menschen-und-den-planeten-stellen\\\/\"},\"author\":{\"name\":\"communications\",\"@id\":\"https:\\\/\\\/franciscansinternational.org\\\/de\\\/#\\\/schema\\\/person\\\/f398f02712a9dcab7603295bc1ea94e4\"},\"headline\":\"Weltumwelttag: Nicht den Profit \u00fcber die Menschen und den Planeten stellen\",\"datePublished\":\"2023-06-05T12:02:23+00:00\",\"dateModified\":\"2023-06-05T12:02:25+00:00\",\"mainEntityOfPage\":{\"@id\":\"https:\\\/\\\/franciscansinternational.org\\\/de\\\/weltumwelttag-nicht-den-profit-ueber-die-menschen-und-den-planeten-stellen\\\/\"},\"wordCount\":637,\"commentCount\":0,\"publisher\":{\"@id\":\"https:\\\/\\\/franciscansinternational.org\\\/de\\\/#organization\"},\"image\":{\"@id\":\"https:\\\/\\\/franciscansinternational.org\\\/de\\\/weltumwelttag-nicht-den-profit-ueber-die-menschen-und-den-planeten-stellen\\\/#primaryimage\"},\"thumbnailUrl\":\"https:\\\/\\\/franciscansinternational.org\\\/de\\\/wp-content\\\/uploads\\\/sites\\\/4\\\/2023\\\/06\\\/IMG-20190922-WA0051.jpg\",\"keywords\":[\"Umweltgerechtigkeit\"],\"articleSection\":[\"Nachrichten\"],\"inLanguage\":\"de\",\"potentialAction\":[{\"@type\":\"CommentAction\",\"name\":\"Comment\",\"target\":[\"https:\\\/\\\/franciscansinternational.org\\\/de\\\/weltumwelttag-nicht-den-profit-ueber-die-menschen-und-den-planeten-stellen\\\/#respond\"]}]},{\"@type\":\"WebPage\",\"@id\":\"https:\\\/\\\/franciscansinternational.org\\\/de\\\/weltumwelttag-nicht-den-profit-ueber-die-menschen-und-den-planeten-stellen\\\/\",\"url\":\"https:\\\/\\\/franciscansinternational.org\\\/de\\\/weltumwelttag-nicht-den-profit-ueber-die-menschen-und-den-planeten-stellen\\\/\",\"name\":\"Weltumwelttag: Nicht den Profit \u00fcber die Menschen und den Planeten stellen - Franciscans International (DE)\",\"isPartOf\":{\"@id\":\"https:\\\/\\\/franciscansinternational.org\\\/de\\\/#website\"},\"primaryImageOfPage\":{\"@id\":\"https:\\\/\\\/franciscansinternational.org\\\/de\\\/weltumwelttag-nicht-den-profit-ueber-die-menschen-und-den-planeten-stellen\\\/#primaryimage\"},\"image\":{\"@id\":\"https:\\\/\\\/franciscansinternational.org\\\/de\\\/weltumwelttag-nicht-den-profit-ueber-die-menschen-und-den-planeten-stellen\\\/#primaryimage\"},\"thumbnailUrl\":\"https:\\\/\\\/franciscansinternational.org\\\/de\\\/wp-content\\\/uploads\\\/sites\\\/4\\\/2023\\\/06\\\/IMG-20190922-WA0051.jpg\",\"datePublished\":\"2023-06-05T12:02:23+00:00\",\"dateModified\":\"2023-06-05T12:02:25+00:00\",\"breadcrumb\":{\"@id\":\"https:\\\/\\\/franciscansinternational.org\\\/de\\\/weltumwelttag-nicht-den-profit-ueber-die-menschen-und-den-planeten-stellen\\\/#breadcrumb\"},\"inLanguage\":\"de\",\"potentialAction\":[{\"@type\":\"ReadAction\",\"target\":[\"https:\\\/\\\/franciscansinternational.org\\\/de\\\/weltumwelttag-nicht-den-profit-ueber-die-menschen-und-den-planeten-stellen\\\/\"]}]},{\"@type\":\"ImageObject\",\"inLanguage\":\"de\",\"@id\":\"https:\\\/\\\/franciscansinternational.org\\\/de\\\/weltumwelttag-nicht-den-profit-ueber-die-menschen-und-den-planeten-stellen\\\/#primaryimage\",\"url\":\"https:\\\/\\\/franciscansinternational.org\\\/de\\\/wp-content\\\/uploads\\\/sites\\\/4\\\/2023\\\/06\\\/IMG-20190922-WA0051.jpg\",\"contentUrl\":\"https:\\\/\\\/franciscansinternational.org\\\/de\\\/wp-content\\\/uploads\\\/sites\\\/4\\\/2023\\\/06\\\/IMG-20190922-WA0051.jpg\",\"width\":1043,\"height\":723},{\"@type\":\"BreadcrumbList\",\"@id\":\"https:\\\/\\\/franciscansinternational.org\\\/de\\\/weltumwelttag-nicht-den-profit-ueber-die-menschen-und-den-planeten-stellen\\\/#breadcrumb\",\"itemListElement\":[{\"@type\":\"ListItem\",\"position\":1,\"name\":\"Home\",\"item\":\"https:\\\/\\\/franciscansinternational.org\\\/de\\\/\"},{\"@type\":\"ListItem\",\"position\":2,\"name\":\"Weltumwelttag: Nicht den Profit \u00fcber die Menschen und den Planeten stellen\"}]},{\"@type\":\"WebSite\",\"@id\":\"https:\\\/\\\/franciscansinternational.org\\\/de\\\/#website\",\"url\":\"https:\\\/\\\/franciscansinternational.org\\\/de\\\/\",\"name\":\"Franciscans International (DE)\",\"description\":\"Just another Franciscans International site\",\"publisher\":{\"@id\":\"https:\\\/\\\/franciscansinternational.org\\\/de\\\/#organization\"},\"potentialAction\":[{\"@type\":\"SearchAction\",\"target\":{\"@type\":\"EntryPoint\",\"urlTemplate\":\"https:\\\/\\\/franciscansinternational.org\\\/de\\\/?s={search_term_string}\"},\"query-input\":{\"@type\":\"PropertyValueSpecification\",\"valueRequired\":true,\"valueName\":\"search_term_string\"}}],\"inLanguage\":\"de\"},{\"@type\":\"Organization\",\"@id\":\"https:\\\/\\\/franciscansinternational.org\\\/de\\\/#organization\",\"name\":\"Franciscans International (DE)\",\"url\":\"https:\\\/\\\/franciscansinternational.org\\\/de\\\/\",\"logo\":{\"@type\":\"ImageObject\",\"inLanguage\":\"de\",\"@id\":\"https:\\\/\\\/franciscansinternational.org\\\/de\\\/#\\\/schema\\\/logo\\\/image\\\/\",\"url\":\"https:\\\/\\\/franciscansinternational.org\\\/wp-content\\\/uploads\\\/sites\\\/4\\\/2023\\\/05\\\/logo-3.png\",\"contentUrl\":\"https:\\\/\\\/franciscansinternational.org\\\/wp-content\\\/uploads\\\/sites\\\/4\\\/2023\\\/05\\\/logo-3.png\",\"width\":1200,\"height\":205,\"caption\":\"Franciscans International (DE)\"},\"image\":{\"@id\":\"https:\\\/\\\/franciscansinternational.org\\\/de\\\/#\\\/schema\\\/logo\\\/image\\\/\"},\"sameAs\":[\"https:\\\/\\\/www.facebook.com\\\/FranciscansInternational\\\/\",\"https:\\\/\\\/x.com\\\/FranciscansIntl\",\"https:\\\/\\\/www.youtube.com\\\/channel\\\/UCexu0i-fWB4wwrlPMCz8_Zg\"]},{\"@type\":\"Person\",\"@id\":\"https:\\\/\\\/franciscansinternational.org\\\/de\\\/#\\\/schema\\\/person\\\/f398f02712a9dcab7603295bc1ea94e4\",\"name\":\"communications\",\"image\":{\"@type\":\"ImageObject\",\"inLanguage\":\"de\",\"@id\":\"https:\\\/\\\/secure.gravatar.com\\\/avatar\\\/0b4a62226a9b4f7ce621ec49ca40be1e77d886a42ca84b8a0b0697e9ec17dd63?s=96&d=mm&r=g\",\"url\":\"https:\\\/\\\/secure.gravatar.com\\\/avatar\\\/0b4a62226a9b4f7ce621ec49ca40be1e77d886a42ca84b8a0b0697e9ec17dd63?s=96&d=mm&r=g\",\"contentUrl\":\"https:\\\/\\\/secure.gravatar.com\\\/avatar\\\/0b4a62226a9b4f7ce621ec49ca40be1e77d886a42ca84b8a0b0697e9ec17dd63?s=96&d=mm&r=g\",\"caption\":\"communications\"},\"url\":\"https:\\\/\\\/franciscansinternational.org\\\/de\\\/author\\\/communications\\\/\"}]}<\/script>\n<!-- \/ Yoast SEO plugin. -->","yoast_head_json":{"title":"Weltumwelttag: Nicht den Profit \u00fcber die Menschen und den Planeten stellen - Franciscans International (DE)","robots":{"index":"index","follow":"follow","max-snippet":"max-snippet:-1","max-image-preview":"max-image-preview:large","max-video-preview":"max-video-preview:-1"},"canonical":"https:\/\/franciscansinternational.org\/de\/weltumwelttag-nicht-den-profit-ueber-die-menschen-und-den-planeten-stellen\/","og_locale":"de_DE","og_type":"article","og_title":"Weltumwelttag: Nicht den Profit \u00fcber die Menschen und den Planeten stellen - Franciscans International (DE)","og_description":"In diesem Jahr konzentriert sich der Internationale Tag der Umwelt auf das Thema Plastikverschmutzung und die Notwendigkeit beschleunigter Ma\u00dfnahmen zu ...","og_url":"https:\/\/franciscansinternational.org\/de\/weltumwelttag-nicht-den-profit-ueber-die-menschen-und-den-planeten-stellen\/","og_site_name":"Franciscans International (DE)","article_publisher":"https:\/\/www.facebook.com\/FranciscansInternational\/","article_published_time":"2023-06-05T12:02:23+00:00","article_modified_time":"2023-06-05T12:02:25+00:00","og_image":[{"width":1043,"height":723,"url":"https:\/\/franciscansinternational.org\/de\/wp-content\/uploads\/sites\/4\/2023\/06\/IMG-20190922-WA0051.jpg","type":"image\/jpeg"}],"author":"communications","twitter_card":"summary_large_image","twitter_creator":"@FranciscansIntl","twitter_site":"@FranciscansIntl","twitter_misc":{"Verfasst von":"communications","Gesch\u00e4tzte Lesezeit":"4\u00a0Minuten"},"schema":{"@context":"https:\/\/schema.org","@graph":[{"@type":"Article","@id":"https:\/\/franciscansinternational.org\/de\/weltumwelttag-nicht-den-profit-ueber-die-menschen-und-den-planeten-stellen\/#article","isPartOf":{"@id":"https:\/\/franciscansinternational.org\/de\/weltumwelttag-nicht-den-profit-ueber-die-menschen-und-den-planeten-stellen\/"},"author":{"name":"communications","@id":"https:\/\/franciscansinternational.org\/de\/#\/schema\/person\/f398f02712a9dcab7603295bc1ea94e4"},"headline":"Weltumwelttag: Nicht den Profit \u00fcber die Menschen und den Planeten stellen","datePublished":"2023-06-05T12:02:23+00:00","dateModified":"2023-06-05T12:02:25+00:00","mainEntityOfPage":{"@id":"https:\/\/franciscansinternational.org\/de\/weltumwelttag-nicht-den-profit-ueber-die-menschen-und-den-planeten-stellen\/"},"wordCount":637,"commentCount":0,"publisher":{"@id":"https:\/\/franciscansinternational.org\/de\/#organization"},"image":{"@id":"https:\/\/franciscansinternational.org\/de\/weltumwelttag-nicht-den-profit-ueber-die-menschen-und-den-planeten-stellen\/#primaryimage"},"thumbnailUrl":"https:\/\/franciscansinternational.org\/de\/wp-content\/uploads\/sites\/4\/2023\/06\/IMG-20190922-WA0051.jpg","keywords":["Umweltgerechtigkeit"],"articleSection":["Nachrichten"],"inLanguage":"de","potentialAction":[{"@type":"CommentAction","name":"Comment","target":["https:\/\/franciscansinternational.org\/de\/weltumwelttag-nicht-den-profit-ueber-die-menschen-und-den-planeten-stellen\/#respond"]}]},{"@type":"WebPage","@id":"https:\/\/franciscansinternational.org\/de\/weltumwelttag-nicht-den-profit-ueber-die-menschen-und-den-planeten-stellen\/","url":"https:\/\/franciscansinternational.org\/de\/weltumwelttag-nicht-den-profit-ueber-die-menschen-und-den-planeten-stellen\/","name":"Weltumwelttag: Nicht den Profit \u00fcber die Menschen und den Planeten stellen - Franciscans International (DE)","isPartOf":{"@id":"https:\/\/franciscansinternational.org\/de\/#website"},"primaryImageOfPage":{"@id":"https:\/\/franciscansinternational.org\/de\/weltumwelttag-nicht-den-profit-ueber-die-menschen-und-den-planeten-stellen\/#primaryimage"},"image":{"@id":"https:\/\/franciscansinternational.org\/de\/weltumwelttag-nicht-den-profit-ueber-die-menschen-und-den-planeten-stellen\/#primaryimage"},"thumbnailUrl":"https:\/\/franciscansinternational.org\/de\/wp-content\/uploads\/sites\/4\/2023\/06\/IMG-20190922-WA0051.jpg","datePublished":"2023-06-05T12:02:23+00:00","dateModified":"2023-06-05T12:02:25+00:00","breadcrumb":{"@id":"https:\/\/franciscansinternational.org\/de\/weltumwelttag-nicht-den-profit-ueber-die-menschen-und-den-planeten-stellen\/#breadcrumb"},"inLanguage":"de","potentialAction":[{"@type":"ReadAction","target":["https:\/\/franciscansinternational.org\/de\/weltumwelttag-nicht-den-profit-ueber-die-menschen-und-den-planeten-stellen\/"]}]},{"@type":"ImageObject","inLanguage":"de","@id":"https:\/\/franciscansinternational.org\/de\/weltumwelttag-nicht-den-profit-ueber-die-menschen-und-den-planeten-stellen\/#primaryimage","url":"https:\/\/franciscansinternational.org\/de\/wp-content\/uploads\/sites\/4\/2023\/06\/IMG-20190922-WA0051.jpg","contentUrl":"https:\/\/franciscansinternational.org\/de\/wp-content\/uploads\/sites\/4\/2023\/06\/IMG-20190922-WA0051.jpg","width":1043,"height":723},{"@type":"BreadcrumbList","@id":"https:\/\/franciscansinternational.org\/de\/weltumwelttag-nicht-den-profit-ueber-die-menschen-und-den-planeten-stellen\/#breadcrumb","itemListElement":[{"@type":"ListItem","position":1,"name":"Home","item":"https:\/\/franciscansinternational.org\/de\/"},{"@type":"ListItem","position":2,"name":"Weltumwelttag: Nicht den Profit \u00fcber die Menschen und den Planeten stellen"}]},{"@type":"WebSite","@id":"https:\/\/franciscansinternational.org\/de\/#website","url":"https:\/\/franciscansinternational.org\/de\/","name":"Franciscans International (DE)","description":"Just another Franciscans International site","publisher":{"@id":"https:\/\/franciscansinternational.org\/de\/#organization"},"potentialAction":[{"@type":"SearchAction","target":{"@type":"EntryPoint","urlTemplate":"https:\/\/franciscansinternational.org\/de\/?s={search_term_string}"},"query-input":{"@type":"PropertyValueSpecification","valueRequired":true,"valueName":"search_term_string"}}],"inLanguage":"de"},{"@type":"Organization","@id":"https:\/\/franciscansinternational.org\/de\/#organization","name":"Franciscans International (DE)","url":"https:\/\/franciscansinternational.org\/de\/","logo":{"@type":"ImageObject","inLanguage":"de","@id":"https:\/\/franciscansinternational.org\/de\/#\/schema\/logo\/image\/","url":"https:\/\/franciscansinternational.org\/wp-content\/uploads\/sites\/4\/2023\/05\/logo-3.png","contentUrl":"https:\/\/franciscansinternational.org\/wp-content\/uploads\/sites\/4\/2023\/05\/logo-3.png","width":1200,"height":205,"caption":"Franciscans International (DE)"},"image":{"@id":"https:\/\/franciscansinternational.org\/de\/#\/schema\/logo\/image\/"},"sameAs":["https:\/\/www.facebook.com\/FranciscansInternational\/","https:\/\/x.com\/FranciscansIntl","https:\/\/www.youtube.com\/channel\/UCexu0i-fWB4wwrlPMCz8_Zg"]},{"@type":"Person","@id":"https:\/\/franciscansinternational.org\/de\/#\/schema\/person\/f398f02712a9dcab7603295bc1ea94e4","name":"communications","image":{"@type":"ImageObject","inLanguage":"de","@id":"https:\/\/secure.gravatar.com\/avatar\/0b4a62226a9b4f7ce621ec49ca40be1e77d886a42ca84b8a0b0697e9ec17dd63?s=96&d=mm&r=g","url":"https:\/\/secure.gravatar.com\/avatar\/0b4a62226a9b4f7ce621ec49ca40be1e77d886a42ca84b8a0b0697e9ec17dd63?s=96&d=mm&r=g","contentUrl":"https:\/\/secure.gravatar.com\/avatar\/0b4a62226a9b4f7ce621ec49ca40be1e77d886a42ca84b8a0b0697e9ec17dd63?s=96&d=mm&r=g","caption":"communications"},"url":"https:\/\/franciscansinternational.org\/de\/author\/communications\/"}]}},"jetpack_featured_media_url":"https:\/\/franciscansinternational.org\/de\/wp-content\/uploads\/sites\/4\/2023\/06\/IMG-20190922-WA0051.jpg","jetpack_sharing_enabled":true,"_links":{"self":[{"href":"https:\/\/franciscansinternational.org\/de\/wp-json\/wp\/v2\/posts\/270","targetHints":{"allow":["GET"]}}],"collection":[{"href":"https:\/\/franciscansinternational.org\/de\/wp-json\/wp\/v2\/posts"}],"about":[{"href":"https:\/\/franciscansinternational.org\/de\/wp-json\/wp\/v2\/types\/post"}],"author":[{"embeddable":true,"href":"https:\/\/franciscansinternational.org\/de\/wp-json\/wp\/v2\/users\/3"}],"replies":[{"embeddable":true,"href":"https:\/\/franciscansinternational.org\/de\/wp-json\/wp\/v2\/comments?post=270"}],"version-history":[{"count":2,"href":"https:\/\/franciscansinternational.org\/de\/wp-json\/wp\/v2\/posts\/270\/revisions"}],"predecessor-version":[{"id":273,"href":"https:\/\/franciscansinternational.org\/de\/wp-json\/wp\/v2\/posts\/270\/revisions\/273"}],"wp:featuredmedia":[{"embeddable":true,"href":"https:\/\/franciscansinternational.org\/de\/wp-json\/wp\/v2\/media\/271"}],"wp:attachment":[{"href":"https:\/\/franciscansinternational.org\/de\/wp-json\/wp\/v2\/media?parent=270"}],"wp:term":[{"taxonomy":"category","embeddable":true,"href":"https:\/\/franciscansinternational.org\/de\/wp-json\/wp\/v2\/categories?post=270"},{"taxonomy":"post_tag","embeddable":true,"href":"https:\/\/franciscansinternational.org\/de\/wp-json\/wp\/v2\/tags?post=270"}],"curies":[{"name":"wp","href":"https:\/\/api.w.org\/{rel}","templated":true}]}}