{"id":318,"date":"2023-08-09T07:55:28","date_gmt":"2023-08-09T07:55:28","guid":{"rendered":"https:\/\/franciscansinternational.org\/de\/?p=318"},"modified":"2023-08-09T07:55:29","modified_gmt":"2023-08-09T07:55:29","slug":"welttag-der-indigenen-voelker-eine-bruecke-zwischen-vergangenheit-und-zukunft","status":"publish","type":"post","link":"https:\/\/franciscansinternational.org\/de\/welttag-der-indigenen-voelker-eine-bruecke-zwischen-vergangenheit-und-zukunft\/","title":{"rendered":"Welttag der indigenen V\u00f6lker: Eine Br\u00fccke zwischen Vergangenheit und Zukunft"},"content":{"rendered":"\n<p>Die heute geborenen Kinder werden in einer Welt aufwachsen, in der alte Gewissheiten nicht mehr gelten. Das rasche Einsetzen der vielf\u00e4ltigen Umweltkrisen, die mit fr\u00fcheren Generationen begonnen haben, bedeutet, dass sie vor tiefgreifenden Herausforderungen stehen werden, die in unserer Geschichte einzigartig sind. Um diese Probleme anzugehen, ist es entscheidend, dass die Vereinten Nationen die Bedeutung der Stimmen der Jugend anerkennen und die Interessen <a href=\"https:\/\/unsceb.org\/sites\/default\/files\/2023-05\/Advance Unedited - United Nations System Common Principles on Future Generations.pdf\">der zuk\u00fcnftigen Generationen ber\u00fccksic<\/a>htigen &#8211; insbesondere die der indigenen V\u00f6lker.<\/p>\n\n\n\n<p>Viele indigene Jugendliche sp\u00fcren diese Ungewissheit noch deutlicher: Sie wurden in eine Situation hineingeboren, in der ihre Identit\u00e4t, ihre Kultur, ihre Sprache, ihr Land und ihr traditionelles Wissen seit Generationen bedroht sind und in einigen F\u00e4llen sogar vor dem Aussterben stehen. Umso passender ist es, dass das Thema des diesj\u00e4hrigen I<a href=\"https:\/\/www.un.org\/en\/observances\/indigenous-day\">nternationalen Tages der indigenen V\u00f6lker der Welt<\/a> die Jugend als Akteure des Wandels f\u00fcr die Selbstbestimmung anerkennt.<\/p>\n\n\n\n<p>Wir sehen bereits, wie diese neue Generation ihre Spuren hinterl\u00e4sst. In <a href=\"https:\/\/franciscansinternational.org\/de\/weltwassertag-es-ist-unsere-pflicht-fuer-das-leben-zu-kaempfen\/\">Guatemala<\/a> unterst\u00fctzt Franciscans International junge indigene Aktivisten, die eine herausragende Rolle bei der Bewahrung ihrer heiligen Fl\u00fcsse &#8211; und damit der Lebensgrundlagen ihrer Gemeinden &#8211; vor der Zerst\u00f6rung durch wirtschaftliche Aktivit\u00e4ten \u00fcbernommen haben. In einigen Gemeinden auf <a href=\"https:\/\/franciscansinternational.org\/blog\/solomon-islands-publication-2023\/\">den Salomonen<\/a> haben junge Menschen ihre \u00c4ltesten davon abgehalten, von Abholzungsvertr\u00e4gen zu profitieren, und sich stattdessen f\u00fcr Emissionsgutschriften entschieden, um den Wald zu erhalten und Einkommen zu erzielen. Diese Bem\u00fchungen verdienen unsere Unterst\u00fctzung. Wir k\u00f6nnen jedoch nicht in die Zukunft blicken, ohne aus unserer Vergangenheit zu lernen.<\/p>\n\n\n\n<p>In diesem Jahr wird auch der 500. Jahrestag der Ankunft der sogenannten &#8218;Franziskanischen Zw\u00f6lf&#8216;, einer ersten Gruppe von Missionaren, die von Hern\u00e1n Cort\u00e9s nach Mexiko gerufen wurde, begangen. Sie legten zum Teil den Grundstein f\u00fcr die Schwestern und Br\u00fcder, die sich heute f\u00fcr Menschen am Rande der Gesellschaft einsetzen &#8211; sei es f\u00fcr diejenigen, die in extremer Armut leben, die von Vertreibung betroffen sind, oder auch f\u00fcr indigene Gemeinschaften. Wir m\u00fcssen jedoch auch die Tatsache anerkennen und ansprechen, dass einige Franziskaner Teil der Unterdr\u00fcckung und Zerst\u00f6rung waren, die vielen indigenen V\u00f6lkern zugef\u00fcgt wurde.<\/p>\n\n\n\n<p>Die <a href=\"https:\/\/www.ncronline.org\/news\/vatican\/pope-francis-apologizes-deplorable-treatment-canada-s-indigenous-church-run-schools\">Entschuldigung<\/a>, die Papst Franziskus im Jahr 2022 den First Nations in Kanada angeboten hat, ist ein wichtiger Schritt in diesem Prozess. Eine weitere wichtige symbolische Abrechnung mit der Vergangenheit ist seine <a href=\"https:\/\/www.vaticannews.va\/en\/vatican-city\/news\/2023-03\/vatican-formally-repudiates-doctrine-of-discovery.html\">Ablehnung<\/a> der &#8218;Doktrin der Entdeckung&#8216;, die es Entdeckern jahrhundertelang erlaubte, Land im Namen ihres Souver\u00e4ns zu kolonisieren und zu beanspruchen, wenn es nicht von Christen besiedelt war, was die Ausbeutung von Ressourcen durch ausl\u00e4ndische Unternehmen erm\u00f6glichte, die in einigen F\u00e4llen bis heute andauert. In diesem Sinne m\u00fcssen wir <a href=\"https:\/\/www.vatican.va\/content\/francesco\/en\/speeches\/2019\/october\/documents\/papa-francesco_20191007_apertura-sinodo.html\">die Aufforderung des Papstes<\/a> beherzigen, uns den indigenen V\u00f6lkern &#8222;auf Zehenspitzen zu n\u00e4hern, ihre Geschichte, ihre Kultur und ihre Art zu leben zu respektieren&#8220; und zu \u00fcberlegen, wie wir diese historischen Ungerechtigkeiten, die ihnen zugef\u00fcgt wurden, wiedergutmachen k\u00f6nnen.&nbsp;<\/p>\n\n\n\n<p>Bei den Vereinten Nationen geh\u00f6rt es zu diesem Prozess, die Autonomie der indigenen V\u00f6lker zu st\u00e4rken und ihren Stimmen Geh\u00f6r zu verschaffen, anstatt an ihrer Stelle zu sprechen. Zu diesem Zweck unterst\u00fctzt FI Menschenrechtsverteidiger dabei, sich in verschiedenen <a href=\"https:\/\/franciscansinternational.org\/de\/fi-fordert-rechenschaftspflicht-der-wirtschaft-beim-staendigen-forum-der-un-fuer-indigene-angelegenheiten\/\">UN-Mechanismen<\/a> zu engagieren, um zum Beispiel ihr Recht auf <a href=\"https:\/\/franciscansinternational.org\/blog\/covid-19-and-indigenous-peoples\/\">freie, vorherige und informierte Zustimmung<\/a> besser zu sch\u00fctzen &#8211; ein Recht, das es indigenen V\u00f6lkern erlaubt, ihre Zustimmung zu Gesch\u00e4ftsprojekten zu geben oder zu verweigern, die sie, ihr Land oder ihre Ressourcen betreffen k\u00f6nnten. In j\u00fcngster Zeit haben wir uns auch auf die weitere Umsetzung des neu anerkannten Rechts auf eine gesunde Umwelt konzentriert, unter anderem durch die Nutzung des traditionellen Wissens der indigenen V\u00f6lker als <a href=\"https:\/\/www.unep.org\/news-and-stories\/story\/indigenous-peoples-and-nature-they-protect\">H\u00fcter eines Gro\u00dfteils der noch verbliebenen Artenvielfalt<\/a> der Welt.<\/p>\n\n\n\n<p>Im weiteren Sinne bedeutet dies, dass die UNO R\u00e4ume f\u00fcr eine substanzielle und sinnvolle Beteiligung junger Menschen \u00f6ffnet, die \u00fcber Alibidiskussionen oder Termine hinausgehen. Die Probleme der Zukunft sind da: Die k\u00fcnftigen Generationen m\u00fcssen eine Rolle bei der Gestaltung der L\u00f6sungen spielen. Bewaffnet mit den Lehren aus der Vergangenheit kann die indigene Jugend in der Tat die Agenten des Wandels sein, die wir brauchen &#8211; es liegt an uns, ihnen bei der Erf\u00fcllung dieser Rolle zu helfen.<\/p>\n\n\n\n<blockquote class=\"wp-block-quote has-small-font-size is-layout-flow wp-block-quote-is-layout-flow\">\n<p>Dies ist eine automatische \u00dcbersetzung. Wir entschuldigen uns f\u00fcr eventuelle Fehler, die dadurch entstanden sind. Im Falle von Abweichungen ist die englische Fassung ma\u00dfgebend.<\/p>\n<\/blockquote>\n","protected":false},"excerpt":{"rendered":"<p>Die heute geborenen Kinder werden in einer Welt aufwachsen, in der alte Gewissheiten nicht mehr gelten. Das rasche Einsetzen der &#8230; <\/p>\n","protected":false},"author":3,"featured_media":319,"comment_status":"closed","ping_status":"closed","sticky":false,"template":"","format":"standard","meta":{"_relevanssi_hide_post":"","_relevanssi_hide_content":"","_relevanssi_pin_for_all":"","_relevanssi_pin_keywords":"","_relevanssi_unpin_keywords":"","_relevanssi_related_keywords":"","_relevanssi_related_include_ids":"","_relevanssi_related_exclude_ids":"","_relevanssi_related_no_append":"","_relevanssi_related_not_related":"","_relevanssi_related_posts":"265,257,221,270,274,234","_relevanssi_noindex_reason":"","_jetpack_memberships_contains_paid_content":false,"footnotes":""},"categories":[1],"tags":[9],"class_list":["post-318","post","type-post","status-publish","format-standard","has-post-thumbnail","hentry","category-nachrichten","tag-achtung-der-menschenwuerde"],"acf":[],"yoast_head":"<!-- This site is optimized with the Yoast SEO plugin v27.5 - https:\/\/yoast.com\/product\/yoast-seo-wordpress\/ -->\n<title>Welttag der indigenen V\u00f6lker: Eine Br\u00fccke zwischen Vergangenheit und Zukunft - Franciscans International (DE)<\/title>\n<meta name=\"robots\" content=\"index, follow, max-snippet:-1, max-image-preview:large, max-video-preview:-1\" \/>\n<link rel=\"canonical\" href=\"https:\/\/franciscansinternational.org\/de\/welttag-der-indigenen-voelker-eine-bruecke-zwischen-vergangenheit-und-zukunft\/\" \/>\n<meta property=\"og:locale\" content=\"de_DE\" \/>\n<meta property=\"og:type\" content=\"article\" \/>\n<meta property=\"og:title\" content=\"Welttag der indigenen V\u00f6lker: Eine Br\u00fccke zwischen Vergangenheit und Zukunft - Franciscans International (DE)\" \/>\n<meta property=\"og:description\" content=\"Die heute geborenen Kinder werden in einer Welt aufwachsen, in der alte Gewissheiten nicht mehr gelten. Das rasche Einsetzen der ...\" \/>\n<meta property=\"og:url\" content=\"https:\/\/franciscansinternational.org\/de\/welttag-der-indigenen-voelker-eine-bruecke-zwischen-vergangenheit-und-zukunft\/\" \/>\n<meta property=\"og:site_name\" content=\"Franciscans International (DE)\" \/>\n<meta property=\"article:publisher\" content=\"https:\/\/www.facebook.com\/FranciscansInternational\/\" \/>\n<meta property=\"article:published_time\" content=\"2023-08-09T07:55:28+00:00\" \/>\n<meta property=\"article:modified_time\" content=\"2023-08-09T07:55:29+00:00\" \/>\n<meta property=\"og:image\" content=\"https:\/\/franciscansinternational.org\/de\/wp-content\/uploads\/sites\/4\/2023\/08\/IP_day_2023-scaled.jpg\" \/>\n\t<meta property=\"og:image:width\" content=\"2560\" \/>\n\t<meta property=\"og:image:height\" content=\"1440\" \/>\n\t<meta property=\"og:image:type\" content=\"image\/jpeg\" \/>\n<meta name=\"author\" content=\"communications\" \/>\n<meta name=\"twitter:card\" content=\"summary_large_image\" \/>\n<meta name=\"twitter:creator\" content=\"@FranciscansIntl\" \/>\n<meta name=\"twitter:site\" content=\"@FranciscansIntl\" \/>\n<meta name=\"twitter:label1\" content=\"Verfasst von\" \/>\n\t<meta name=\"twitter:data1\" content=\"communications\" \/>\n\t<meta name=\"twitter:label2\" content=\"Gesch\u00e4tzte Lesezeit\" \/>\n\t<meta name=\"twitter:data2\" content=\"4\u00a0Minuten\" \/>\n<script type=\"application\/ld+json\" class=\"yoast-schema-graph\">{\"@context\":\"https:\\\/\\\/schema.org\",\"@graph\":[{\"@type\":\"Article\",\"@id\":\"https:\\\/\\\/franciscansinternational.org\\\/de\\\/welttag-der-indigenen-voelker-eine-bruecke-zwischen-vergangenheit-und-zukunft\\\/#article\",\"isPartOf\":{\"@id\":\"https:\\\/\\\/franciscansinternational.org\\\/de\\\/welttag-der-indigenen-voelker-eine-bruecke-zwischen-vergangenheit-und-zukunft\\\/\"},\"author\":{\"name\":\"communications\",\"@id\":\"https:\\\/\\\/franciscansinternational.org\\\/de\\\/#\\\/schema\\\/person\\\/f398f02712a9dcab7603295bc1ea94e4\"},\"headline\":\"Welttag der indigenen V\u00f6lker: Eine Br\u00fccke zwischen Vergangenheit und Zukunft\",\"datePublished\":\"2023-08-09T07:55:28+00:00\",\"dateModified\":\"2023-08-09T07:55:29+00:00\",\"mainEntityOfPage\":{\"@id\":\"https:\\\/\\\/franciscansinternational.org\\\/de\\\/welttag-der-indigenen-voelker-eine-bruecke-zwischen-vergangenheit-und-zukunft\\\/\"},\"wordCount\":744,\"publisher\":{\"@id\":\"https:\\\/\\\/franciscansinternational.org\\\/de\\\/#organization\"},\"image\":{\"@id\":\"https:\\\/\\\/franciscansinternational.org\\\/de\\\/welttag-der-indigenen-voelker-eine-bruecke-zwischen-vergangenheit-und-zukunft\\\/#primaryimage\"},\"thumbnailUrl\":\"https:\\\/\\\/franciscansinternational.org\\\/de\\\/wp-content\\\/uploads\\\/sites\\\/4\\\/2023\\\/08\\\/IP_day_2023-scaled.jpg\",\"keywords\":[\"Achtung der Menschenw\u00fcrde\"],\"articleSection\":[\"Nachrichten\"],\"inLanguage\":\"de\"},{\"@type\":\"WebPage\",\"@id\":\"https:\\\/\\\/franciscansinternational.org\\\/de\\\/welttag-der-indigenen-voelker-eine-bruecke-zwischen-vergangenheit-und-zukunft\\\/\",\"url\":\"https:\\\/\\\/franciscansinternational.org\\\/de\\\/welttag-der-indigenen-voelker-eine-bruecke-zwischen-vergangenheit-und-zukunft\\\/\",\"name\":\"Welttag der indigenen V\u00f6lker: Eine Br\u00fccke zwischen Vergangenheit und Zukunft - Franciscans International (DE)\",\"isPartOf\":{\"@id\":\"https:\\\/\\\/franciscansinternational.org\\\/de\\\/#website\"},\"primaryImageOfPage\":{\"@id\":\"https:\\\/\\\/franciscansinternational.org\\\/de\\\/welttag-der-indigenen-voelker-eine-bruecke-zwischen-vergangenheit-und-zukunft\\\/#primaryimage\"},\"image\":{\"@id\":\"https:\\\/\\\/franciscansinternational.org\\\/de\\\/welttag-der-indigenen-voelker-eine-bruecke-zwischen-vergangenheit-und-zukunft\\\/#primaryimage\"},\"thumbnailUrl\":\"https:\\\/\\\/franciscansinternational.org\\\/de\\\/wp-content\\\/uploads\\\/sites\\\/4\\\/2023\\\/08\\\/IP_day_2023-scaled.jpg\",\"datePublished\":\"2023-08-09T07:55:28+00:00\",\"dateModified\":\"2023-08-09T07:55:29+00:00\",\"breadcrumb\":{\"@id\":\"https:\\\/\\\/franciscansinternational.org\\\/de\\\/welttag-der-indigenen-voelker-eine-bruecke-zwischen-vergangenheit-und-zukunft\\\/#breadcrumb\"},\"inLanguage\":\"de\",\"potentialAction\":[{\"@type\":\"ReadAction\",\"target\":[\"https:\\\/\\\/franciscansinternational.org\\\/de\\\/welttag-der-indigenen-voelker-eine-bruecke-zwischen-vergangenheit-und-zukunft\\\/\"]}]},{\"@type\":\"ImageObject\",\"inLanguage\":\"de\",\"@id\":\"https:\\\/\\\/franciscansinternational.org\\\/de\\\/welttag-der-indigenen-voelker-eine-bruecke-zwischen-vergangenheit-und-zukunft\\\/#primaryimage\",\"url\":\"https:\\\/\\\/franciscansinternational.org\\\/de\\\/wp-content\\\/uploads\\\/sites\\\/4\\\/2023\\\/08\\\/IP_day_2023-scaled.jpg\",\"contentUrl\":\"https:\\\/\\\/franciscansinternational.org\\\/de\\\/wp-content\\\/uploads\\\/sites\\\/4\\\/2023\\\/08\\\/IP_day_2023-scaled.jpg\",\"width\":2560,\"height\":1440},{\"@type\":\"BreadcrumbList\",\"@id\":\"https:\\\/\\\/franciscansinternational.org\\\/de\\\/welttag-der-indigenen-voelker-eine-bruecke-zwischen-vergangenheit-und-zukunft\\\/#breadcrumb\",\"itemListElement\":[{\"@type\":\"ListItem\",\"position\":1,\"name\":\"Home\",\"item\":\"https:\\\/\\\/franciscansinternational.org\\\/de\\\/\"},{\"@type\":\"ListItem\",\"position\":2,\"name\":\"Welttag der indigenen V\u00f6lker: Eine Br\u00fccke zwischen Vergangenheit und Zukunft\"}]},{\"@type\":\"WebSite\",\"@id\":\"https:\\\/\\\/franciscansinternational.org\\\/de\\\/#website\",\"url\":\"https:\\\/\\\/franciscansinternational.org\\\/de\\\/\",\"name\":\"Franciscans International (DE)\",\"description\":\"Just another Franciscans International site\",\"publisher\":{\"@id\":\"https:\\\/\\\/franciscansinternational.org\\\/de\\\/#organization\"},\"potentialAction\":[{\"@type\":\"SearchAction\",\"target\":{\"@type\":\"EntryPoint\",\"urlTemplate\":\"https:\\\/\\\/franciscansinternational.org\\\/de\\\/?s={search_term_string}\"},\"query-input\":{\"@type\":\"PropertyValueSpecification\",\"valueRequired\":true,\"valueName\":\"search_term_string\"}}],\"inLanguage\":\"de\"},{\"@type\":\"Organization\",\"@id\":\"https:\\\/\\\/franciscansinternational.org\\\/de\\\/#organization\",\"name\":\"Franciscans International (DE)\",\"url\":\"https:\\\/\\\/franciscansinternational.org\\\/de\\\/\",\"logo\":{\"@type\":\"ImageObject\",\"inLanguage\":\"de\",\"@id\":\"https:\\\/\\\/franciscansinternational.org\\\/de\\\/#\\\/schema\\\/logo\\\/image\\\/\",\"url\":\"https:\\\/\\\/franciscansinternational.org\\\/wp-content\\\/uploads\\\/sites\\\/4\\\/2023\\\/05\\\/logo-3.png\",\"contentUrl\":\"https:\\\/\\\/franciscansinternational.org\\\/wp-content\\\/uploads\\\/sites\\\/4\\\/2023\\\/05\\\/logo-3.png\",\"width\":1200,\"height\":205,\"caption\":\"Franciscans International (DE)\"},\"image\":{\"@id\":\"https:\\\/\\\/franciscansinternational.org\\\/de\\\/#\\\/schema\\\/logo\\\/image\\\/\"},\"sameAs\":[\"https:\\\/\\\/www.facebook.com\\\/FranciscansInternational\\\/\",\"https:\\\/\\\/x.com\\\/FranciscansIntl\",\"https:\\\/\\\/www.youtube.com\\\/channel\\\/UCexu0i-fWB4wwrlPMCz8_Zg\"]},{\"@type\":\"Person\",\"@id\":\"https:\\\/\\\/franciscansinternational.org\\\/de\\\/#\\\/schema\\\/person\\\/f398f02712a9dcab7603295bc1ea94e4\",\"name\":\"communications\",\"image\":{\"@type\":\"ImageObject\",\"inLanguage\":\"de\",\"@id\":\"https:\\\/\\\/secure.gravatar.com\\\/avatar\\\/0b4a62226a9b4f7ce621ec49ca40be1e77d886a42ca84b8a0b0697e9ec17dd63?s=96&d=mm&r=g\",\"url\":\"https:\\\/\\\/secure.gravatar.com\\\/avatar\\\/0b4a62226a9b4f7ce621ec49ca40be1e77d886a42ca84b8a0b0697e9ec17dd63?s=96&d=mm&r=g\",\"contentUrl\":\"https:\\\/\\\/secure.gravatar.com\\\/avatar\\\/0b4a62226a9b4f7ce621ec49ca40be1e77d886a42ca84b8a0b0697e9ec17dd63?s=96&d=mm&r=g\",\"caption\":\"communications\"},\"url\":\"https:\\\/\\\/franciscansinternational.org\\\/de\\\/author\\\/communications\\\/\"}]}<\/script>\n<!-- \/ Yoast SEO plugin. -->","yoast_head_json":{"title":"Welttag der indigenen V\u00f6lker: Eine Br\u00fccke zwischen Vergangenheit und Zukunft - Franciscans International (DE)","robots":{"index":"index","follow":"follow","max-snippet":"max-snippet:-1","max-image-preview":"max-image-preview:large","max-video-preview":"max-video-preview:-1"},"canonical":"https:\/\/franciscansinternational.org\/de\/welttag-der-indigenen-voelker-eine-bruecke-zwischen-vergangenheit-und-zukunft\/","og_locale":"de_DE","og_type":"article","og_title":"Welttag der indigenen V\u00f6lker: Eine Br\u00fccke zwischen Vergangenheit und Zukunft - Franciscans International (DE)","og_description":"Die heute geborenen Kinder werden in einer Welt aufwachsen, in der alte Gewissheiten nicht mehr gelten. Das rasche Einsetzen der ...","og_url":"https:\/\/franciscansinternational.org\/de\/welttag-der-indigenen-voelker-eine-bruecke-zwischen-vergangenheit-und-zukunft\/","og_site_name":"Franciscans International (DE)","article_publisher":"https:\/\/www.facebook.com\/FranciscansInternational\/","article_published_time":"2023-08-09T07:55:28+00:00","article_modified_time":"2023-08-09T07:55:29+00:00","og_image":[{"width":2560,"height":1440,"url":"https:\/\/franciscansinternational.org\/de\/wp-content\/uploads\/sites\/4\/2023\/08\/IP_day_2023-scaled.jpg","type":"image\/jpeg"}],"author":"communications","twitter_card":"summary_large_image","twitter_creator":"@FranciscansIntl","twitter_site":"@FranciscansIntl","twitter_misc":{"Verfasst von":"communications","Gesch\u00e4tzte Lesezeit":"4\u00a0Minuten"},"schema":{"@context":"https:\/\/schema.org","@graph":[{"@type":"Article","@id":"https:\/\/franciscansinternational.org\/de\/welttag-der-indigenen-voelker-eine-bruecke-zwischen-vergangenheit-und-zukunft\/#article","isPartOf":{"@id":"https:\/\/franciscansinternational.org\/de\/welttag-der-indigenen-voelker-eine-bruecke-zwischen-vergangenheit-und-zukunft\/"},"author":{"name":"communications","@id":"https:\/\/franciscansinternational.org\/de\/#\/schema\/person\/f398f02712a9dcab7603295bc1ea94e4"},"headline":"Welttag der indigenen V\u00f6lker: Eine Br\u00fccke zwischen Vergangenheit und Zukunft","datePublished":"2023-08-09T07:55:28+00:00","dateModified":"2023-08-09T07:55:29+00:00","mainEntityOfPage":{"@id":"https:\/\/franciscansinternational.org\/de\/welttag-der-indigenen-voelker-eine-bruecke-zwischen-vergangenheit-und-zukunft\/"},"wordCount":744,"publisher":{"@id":"https:\/\/franciscansinternational.org\/de\/#organization"},"image":{"@id":"https:\/\/franciscansinternational.org\/de\/welttag-der-indigenen-voelker-eine-bruecke-zwischen-vergangenheit-und-zukunft\/#primaryimage"},"thumbnailUrl":"https:\/\/franciscansinternational.org\/de\/wp-content\/uploads\/sites\/4\/2023\/08\/IP_day_2023-scaled.jpg","keywords":["Achtung der Menschenw\u00fcrde"],"articleSection":["Nachrichten"],"inLanguage":"de"},{"@type":"WebPage","@id":"https:\/\/franciscansinternational.org\/de\/welttag-der-indigenen-voelker-eine-bruecke-zwischen-vergangenheit-und-zukunft\/","url":"https:\/\/franciscansinternational.org\/de\/welttag-der-indigenen-voelker-eine-bruecke-zwischen-vergangenheit-und-zukunft\/","name":"Welttag der indigenen V\u00f6lker: Eine Br\u00fccke zwischen Vergangenheit und Zukunft - Franciscans International (DE)","isPartOf":{"@id":"https:\/\/franciscansinternational.org\/de\/#website"},"primaryImageOfPage":{"@id":"https:\/\/franciscansinternational.org\/de\/welttag-der-indigenen-voelker-eine-bruecke-zwischen-vergangenheit-und-zukunft\/#primaryimage"},"image":{"@id":"https:\/\/franciscansinternational.org\/de\/welttag-der-indigenen-voelker-eine-bruecke-zwischen-vergangenheit-und-zukunft\/#primaryimage"},"thumbnailUrl":"https:\/\/franciscansinternational.org\/de\/wp-content\/uploads\/sites\/4\/2023\/08\/IP_day_2023-scaled.jpg","datePublished":"2023-08-09T07:55:28+00:00","dateModified":"2023-08-09T07:55:29+00:00","breadcrumb":{"@id":"https:\/\/franciscansinternational.org\/de\/welttag-der-indigenen-voelker-eine-bruecke-zwischen-vergangenheit-und-zukunft\/#breadcrumb"},"inLanguage":"de","potentialAction":[{"@type":"ReadAction","target":["https:\/\/franciscansinternational.org\/de\/welttag-der-indigenen-voelker-eine-bruecke-zwischen-vergangenheit-und-zukunft\/"]}]},{"@type":"ImageObject","inLanguage":"de","@id":"https:\/\/franciscansinternational.org\/de\/welttag-der-indigenen-voelker-eine-bruecke-zwischen-vergangenheit-und-zukunft\/#primaryimage","url":"https:\/\/franciscansinternational.org\/de\/wp-content\/uploads\/sites\/4\/2023\/08\/IP_day_2023-scaled.jpg","contentUrl":"https:\/\/franciscansinternational.org\/de\/wp-content\/uploads\/sites\/4\/2023\/08\/IP_day_2023-scaled.jpg","width":2560,"height":1440},{"@type":"BreadcrumbList","@id":"https:\/\/franciscansinternational.org\/de\/welttag-der-indigenen-voelker-eine-bruecke-zwischen-vergangenheit-und-zukunft\/#breadcrumb","itemListElement":[{"@type":"ListItem","position":1,"name":"Home","item":"https:\/\/franciscansinternational.org\/de\/"},{"@type":"ListItem","position":2,"name":"Welttag der indigenen V\u00f6lker: Eine Br\u00fccke zwischen Vergangenheit und Zukunft"}]},{"@type":"WebSite","@id":"https:\/\/franciscansinternational.org\/de\/#website","url":"https:\/\/franciscansinternational.org\/de\/","name":"Franciscans International (DE)","description":"Just another Franciscans International site","publisher":{"@id":"https:\/\/franciscansinternational.org\/de\/#organization"},"potentialAction":[{"@type":"SearchAction","target":{"@type":"EntryPoint","urlTemplate":"https:\/\/franciscansinternational.org\/de\/?s={search_term_string}"},"query-input":{"@type":"PropertyValueSpecification","valueRequired":true,"valueName":"search_term_string"}}],"inLanguage":"de"},{"@type":"Organization","@id":"https:\/\/franciscansinternational.org\/de\/#organization","name":"Franciscans International (DE)","url":"https:\/\/franciscansinternational.org\/de\/","logo":{"@type":"ImageObject","inLanguage":"de","@id":"https:\/\/franciscansinternational.org\/de\/#\/schema\/logo\/image\/","url":"https:\/\/franciscansinternational.org\/wp-content\/uploads\/sites\/4\/2023\/05\/logo-3.png","contentUrl":"https:\/\/franciscansinternational.org\/wp-content\/uploads\/sites\/4\/2023\/05\/logo-3.png","width":1200,"height":205,"caption":"Franciscans International (DE)"},"image":{"@id":"https:\/\/franciscansinternational.org\/de\/#\/schema\/logo\/image\/"},"sameAs":["https:\/\/www.facebook.com\/FranciscansInternational\/","https:\/\/x.com\/FranciscansIntl","https:\/\/www.youtube.com\/channel\/UCexu0i-fWB4wwrlPMCz8_Zg"]},{"@type":"Person","@id":"https:\/\/franciscansinternational.org\/de\/#\/schema\/person\/f398f02712a9dcab7603295bc1ea94e4","name":"communications","image":{"@type":"ImageObject","inLanguage":"de","@id":"https:\/\/secure.gravatar.com\/avatar\/0b4a62226a9b4f7ce621ec49ca40be1e77d886a42ca84b8a0b0697e9ec17dd63?s=96&d=mm&r=g","url":"https:\/\/secure.gravatar.com\/avatar\/0b4a62226a9b4f7ce621ec49ca40be1e77d886a42ca84b8a0b0697e9ec17dd63?s=96&d=mm&r=g","contentUrl":"https:\/\/secure.gravatar.com\/avatar\/0b4a62226a9b4f7ce621ec49ca40be1e77d886a42ca84b8a0b0697e9ec17dd63?s=96&d=mm&r=g","caption":"communications"},"url":"https:\/\/franciscansinternational.org\/de\/author\/communications\/"}]}},"jetpack_featured_media_url":"https:\/\/franciscansinternational.org\/de\/wp-content\/uploads\/sites\/4\/2023\/08\/IP_day_2023-scaled.jpg","jetpack_sharing_enabled":true,"_links":{"self":[{"href":"https:\/\/franciscansinternational.org\/de\/wp-json\/wp\/v2\/posts\/318","targetHints":{"allow":["GET"]}}],"collection":[{"href":"https:\/\/franciscansinternational.org\/de\/wp-json\/wp\/v2\/posts"}],"about":[{"href":"https:\/\/franciscansinternational.org\/de\/wp-json\/wp\/v2\/types\/post"}],"author":[{"embeddable":true,"href":"https:\/\/franciscansinternational.org\/de\/wp-json\/wp\/v2\/users\/3"}],"replies":[{"embeddable":true,"href":"https:\/\/franciscansinternational.org\/de\/wp-json\/wp\/v2\/comments?post=318"}],"version-history":[{"count":3,"href":"https:\/\/franciscansinternational.org\/de\/wp-json\/wp\/v2\/posts\/318\/revisions"}],"predecessor-version":[{"id":322,"href":"https:\/\/franciscansinternational.org\/de\/wp-json\/wp\/v2\/posts\/318\/revisions\/322"}],"wp:featuredmedia":[{"embeddable":true,"href":"https:\/\/franciscansinternational.org\/de\/wp-json\/wp\/v2\/media\/319"}],"wp:attachment":[{"href":"https:\/\/franciscansinternational.org\/de\/wp-json\/wp\/v2\/media?parent=318"}],"wp:term":[{"taxonomy":"category","embeddable":true,"href":"https:\/\/franciscansinternational.org\/de\/wp-json\/wp\/v2\/categories?post=318"},{"taxonomy":"post_tag","embeddable":true,"href":"https:\/\/franciscansinternational.org\/de\/wp-json\/wp\/v2\/tags?post=318"}],"curies":[{"name":"wp","href":"https:\/\/api.w.org\/{rel}","templated":true}]}}