{"id":323,"date":"2023-09-12T14:05:18","date_gmt":"2023-09-12T14:05:18","guid":{"rendered":"https:\/\/franciscansinternational.org\/de\/?p=323"},"modified":"2023-09-12T14:16:44","modified_gmt":"2023-09-12T14:16:44","slug":"ein-neuer-meilenstein-fuer-franciscans-in-europa","status":"publish","type":"post","link":"https:\/\/franciscansinternational.org\/de\/ein-neuer-meilenstein-fuer-franciscans-in-europa\/","title":{"rendered":"Ein neuer Meilenstein f\u00fcr Franciscans in Europa\u00a0"},"content":{"rendered":"\n<p>Franciscans International freut sich, den Start eines neuen <a href=\"https:\/\/franciscansinternational.org\/de\/fokus\/#wowirarbeiten-europe\" target=\"_blank\" rel=\"noreferrer noopener\">Regionalprogramms f\u00fcr Europa<\/a> ank\u00fcndigen zu k\u00f6nnen. Wir glauben, dass die Ausweitung unseres geographischen Aktionsradius unsere globale Lobbyarbeit und die Arbeit, die wir bereits in Afrika, Nord- und S\u00fcdamerika und im asiatisch-pazifischen Raum leisten, um eine wertvolle Dimension unserer Bem\u00fchungen bei den Vereinten Nationen zur Verteidigung der Menschenrechte und der Menschenw\u00fcrde, zur F\u00f6rderung des Friedens und zur Forderung nach Umweltgerechtigkeit erg\u00e4nzen wird.\u00a0\u00a0<br>\u00a0<br>Die <a href=\"https:\/\/franciscansinternational.org\/de\/fokus\/#wowirarbeiten\" target=\"_blank\" rel=\"noreferrer noopener\">regionalen Programme von FI<\/a> orientieren sich an den Bed\u00fcrfnissen unserer franziskanischen und weltlichen Partner, die auf lokaler und nationaler Ebene an Menschenrechtsfragen arbeiten. Wenn sie feststellen, dass ihre Arbeit davon profitieren kann, Anliegen bei den Vereinten Nationen vorzubringen, kann FI das technische Fachwissen bereitstellen, um eine nachhaltige Advocacy-Strategie zu entwickeln und umzusetzen. In den vergangenen Jahren haben Franziskaner in ganz Europa immer wieder den Wunsch ge\u00e4u\u00dfert, dies zu tun.\u00a0\u00a0<br>\u00a0<br>&#8222;Traurigerweise gibt es \u00fcberall auf der Welt Menschenrechtsverletzungen und Europa ist keine Ausnahme&#8220;, sagt Markus Heinze OFM, der Gesch\u00e4ftsf\u00fchrer von FI. &#8222;Wir sehen t\u00e4glich, wie Menschenrechtsverletzungen gegen Migranten und Fl\u00fcchtlinge begangen werden. Europ\u00e4ische Gesch\u00e4ftsinteressen spielen eine entscheidende Rolle bei den Klimakrisen und gewaltsamen Konflikten, die den Kontinent erneut heimsuchen. Gerade in diesen schwierigen Zeiten bin ich dankbar, dass die Franziskaner:innen die Ressourcen mobilisiert haben, die es ihnen erm\u00f6glichen, die Aufmerksamkeit der UNO auf die Verst\u00f6\u00dfe zu lenken, die sie in Europa beobachten und dokumentieren.&#8220;\u00a0<br>\u00a0<br>Die Position des Programmkoordinators f\u00fcr Europa wird von <a href=\"https:\/\/franciscansinternational.org\/de\/ueber-uns\/#unserteam\" target=\"_blank\" rel=\"noreferrer noopener\">Eunan McMullan OFM<\/a> besetzt. Als Anwalt, ehemaliger Direktor des Rechtsdienstes im B\u00fcro des Polizei-Ombudsmannes von Nordirland und als Minderbruder bringt er ein einzigartiges Fachwissen f\u00fcr diese Position mit. Bruder Eunan wird dies nutzen, um sowohl neue Verbindungen zwischen den europ\u00e4ischen Franziskanern und der UNO zu f\u00f6rdern als auch die erforderlichen Advocacy-Aktivit\u00e4ten effektiv zu gestalten. Nach einer ersten Bestandsaufnahme der wichtigsten Partner und Themen in verschiedenen europ\u00e4ischen L\u00e4ndern wird er als Teil des FI Advocacy-Teams in Genf arbeiten, um diese Anliegen bei den relevanten UN-Menschenrechtsmechanismen vorzubringen.\u00a0\u00a0<br>\u00a0<br>&#8222;In diesem Jahr 2023 feiern wir Franziskaner die Verabschiedung der Regel des Heiligen Franziskus, die wir befolgen wollen, um Frieden in unsere Herzen zu bringen. Auch die Rechtsstaatlichkeit ist notwendig, um Frieden unter den Menschen zu schaffen, und sie wurde vielerorts missachtet&#8220;, sagt Bruder Eunan. &#8222;Das Ziel dieses Programms ist es, auf die Ungerechtigkeiten hinzuweisen, die es gibt, unsere Menschenrechte zu f\u00f6rdern und bei den zust\u00e4ndigen Stellen Wiedergutmachung zu verlangen.&#8220;\u00a0<\/p>\n\n\n\n<p>Franciscans International freut sich, den Start eines neuen Regionalprogramms f\u00fcr Europa ank\u00fcndigen zu k\u00f6nnen. Wir glauben, dass die Ausweitung unseres geographischen Aktionsradius unsere globale Lobbyarbeit und die Arbeit, die wir bereits in Afrika, Nord- und S\u00fcdamerika und im asiatisch-pazifischen Raum leisten, um eine wertvolle Dimension unserer Bem\u00fchungen bei den Vereinten Nationen zur Verteidigung der Menschenrechte und der Menschenw\u00fcrde, zur F\u00f6rderung des Friedens und zur Forderung nach Umweltgerechtigkeit erg\u00e4nzen wird.\u00a0\u00a0<br>\u00a0<br>Die regionalen Programme von FI orientieren sich an den Bed\u00fcrfnissen unserer franziskanischen und weltlichen Partner, die auf lokaler und nationaler Ebene an Menschenrechtsfragen arbeiten. Wenn sie feststellen, dass ihre Arbeit davon profitieren kann, Anliegen bei den Vereinten Nationen vorzubringen, kann FI das technische Fachwissen bereitstellen, um eine nachhaltige Advocacy-Strategie zu entwickeln und umzusetzen. In den vergangenen Jahren haben Franziskaner in ganz Europa immer wieder den Wunsch ge\u00e4u\u00dfert, dies zu tun.\u00a0\u00a0<br>\u00a0<br>&#8222;Traurigerweise gibt es \u00fcberall auf der Welt Menschenrechtsverletzungen und Europa ist keine Ausnahme&#8220;, sagt Markus Heinze OFM, der Gesch\u00e4ftsf\u00fchrer von FI. &#8222;Wir sehen t\u00e4glich, wie Menschenrechtsverletzungen gegen Migranten und Fl\u00fcchtlinge begangen werden. Europ\u00e4ische Gesch\u00e4ftsinteressen spielen eine entscheidende Rolle bei den Klimakrisen und gewaltsamen Konflikten, die den Kontinent erneut heimsuchen. Gerade in diesen schwierigen Zeiten bin ich dankbar, dass die Franziskaner:innen die Ressourcen mobilisiert haben, die es ihnen erm\u00f6glichen, die Aufmerksamkeit der UNO auf die Verst\u00f6\u00dfe zu lenken, die sie in Europa beobachten und dokumentieren.&#8220;\u00a0<br>\u00a0<br>Die Position des Programmkoordinators f\u00fcr Europa wird von Eunan McMullan OFM besetzt. Als Anwalt, ehemaliger Direktor des Rechtsdienstes im B\u00fcro des Polizei-Ombudsmannes von Nordirland und als Minderbruder bringt er ein einzigartiges Fachwissen f\u00fcr diese Position mit. Bruder Eunan wird dies nutzen, um sowohl neue Verbindungen zwischen den europ\u00e4ischen Franziskanern und der UNO zu f\u00f6rdern als auch die erforderlichen Advocacy-Aktivit\u00e4ten effektiv zu gestalten. Nach einer ersten Bestandsaufnahme der wichtigsten Partner und Themen in verschiedenen europ\u00e4ischen L\u00e4ndern wird er als Teil des FI Advocacy-Teams in Genf arbeiten, um diese Anliegen bei den relevanten UN-Menschenrechtsmechanismen vorzubringen.\u00a0\u00a0<br>\u00a0<br>&#8222;In diesem Jahr 2023 feiern wir Franziskaner die Verabschiedung der Regel des Heiligen Franziskus, die wir befolgen wollen, um Frieden in unsere Herzen zu bringen. Auch die Rechtsstaatlichkeit ist notwendig, um Frieden unter den Menschen zu schaffen, und sie wurde vielerorts missachtet&#8220;, sagt Bruder Eunan. &#8222;Das Ziel dieses Programms ist es, auf die Ungerechtigkeiten hinzuweisen, die es gibt, unsere Menschenrechte zu f\u00f6rdern und bei den zust\u00e4ndigen Stellen Wiedergutmachung zu verlangen.&#8220;\u00a0<\/p>\n\n\n\n<blockquote class=\"wp-block-quote has-small-font-size is-layout-flow wp-block-quote-is-layout-flow\">\n<p class=\"has-small-font-size\">Dies ist eine automatische \u00dcbersetzung. Wir entschuldigen uns f\u00fcr eventuelle Fehler, die dadurch entstanden sind. Im Falle von Abweichungen ist die englische Fassung ma\u00dfgebend.<\/p>\n<\/blockquote>\n","protected":false},"excerpt":{"rendered":"<p>Franciscans International startet sein viertes regionales Programm\u00a0<\/p>\n","protected":false},"author":3,"featured_media":324,"comment_status":"closed","ping_status":"closed","sticky":false,"template":"","format":"standard","meta":{"_relevanssi_hide_post":"","_relevanssi_hide_content":"","_relevanssi_pin_for_all":"","_relevanssi_pin_keywords":"","_relevanssi_unpin_keywords":"","_relevanssi_related_keywords":"","_relevanssi_related_include_ids":"","_relevanssi_related_exclude_ids":"","_relevanssi_related_no_append":"","_relevanssi_related_not_related":"","_relevanssi_related_posts":"221,169,242,217,309,265","_relevanssi_noindex_reason":"","_jetpack_memberships_contains_paid_content":false,"footnotes":""},"categories":[1],"tags":[],"class_list":["post-323","post","type-post","status-publish","format-standard","has-post-thumbnail","hentry","category-nachrichten"],"acf":[],"yoast_head":"<!-- This site is optimized with the Yoast SEO plugin v27.5 - https:\/\/yoast.com\/product\/yoast-seo-wordpress\/ -->\n<title>Ein neuer Meilenstein f\u00fcr Franciscans in Europa\u00a0 - Franciscans International (DE)<\/title>\n<meta name=\"robots\" content=\"index, follow, max-snippet:-1, max-image-preview:large, max-video-preview:-1\" \/>\n<link rel=\"canonical\" href=\"https:\/\/franciscansinternational.org\/de\/ein-neuer-meilenstein-fuer-franciscans-in-europa\/\" \/>\n<meta property=\"og:locale\" content=\"de_DE\" \/>\n<meta property=\"og:type\" content=\"article\" \/>\n<meta property=\"og:title\" content=\"Ein neuer Meilenstein f\u00fcr Franciscans in Europa\u00a0 - Franciscans International (DE)\" \/>\n<meta property=\"og:description\" content=\"Franciscans International startet sein viertes regionales Programm\u00a0\" \/>\n<meta property=\"og:url\" content=\"https:\/\/franciscansinternational.org\/de\/ein-neuer-meilenstein-fuer-franciscans-in-europa\/\" \/>\n<meta property=\"og:site_name\" content=\"Franciscans International (DE)\" \/>\n<meta property=\"article:publisher\" content=\"https:\/\/www.facebook.com\/FranciscansInternational\/\" \/>\n<meta property=\"article:published_time\" content=\"2023-09-12T14:05:18+00:00\" \/>\n<meta property=\"article:modified_time\" content=\"2023-09-12T14:16:44+00:00\" \/>\n<meta property=\"og:image\" content=\"https:\/\/franciscansinternational.org\/de\/wp-content\/uploads\/sites\/4\/2023\/09\/Europe-program-article.jpeg\" \/>\n\t<meta property=\"og:image:width\" content=\"1500\" \/>\n\t<meta property=\"og:image:height\" content=\"1000\" \/>\n\t<meta property=\"og:image:type\" content=\"image\/jpeg\" \/>\n<meta name=\"author\" content=\"communications\" \/>\n<meta name=\"twitter:card\" content=\"summary_large_image\" \/>\n<meta name=\"twitter:creator\" content=\"@FranciscansIntl\" \/>\n<meta name=\"twitter:site\" content=\"@FranciscansIntl\" \/>\n<meta name=\"twitter:label1\" content=\"Verfasst von\" \/>\n\t<meta name=\"twitter:data1\" content=\"communications\" \/>\n\t<meta name=\"twitter:label2\" content=\"Gesch\u00e4tzte Lesezeit\" \/>\n\t<meta name=\"twitter:data2\" content=\"5\u00a0Minuten\" \/>\n<script type=\"application\/ld+json\" class=\"yoast-schema-graph\">{\"@context\":\"https:\\\/\\\/schema.org\",\"@graph\":[{\"@type\":\"Article\",\"@id\":\"https:\\\/\\\/franciscansinternational.org\\\/de\\\/ein-neuer-meilenstein-fuer-franciscans-in-europa\\\/#article\",\"isPartOf\":{\"@id\":\"https:\\\/\\\/franciscansinternational.org\\\/de\\\/ein-neuer-meilenstein-fuer-franciscans-in-europa\\\/\"},\"author\":{\"name\":\"communications\",\"@id\":\"https:\\\/\\\/franciscansinternational.org\\\/de\\\/#\\\/schema\\\/person\\\/f398f02712a9dcab7603295bc1ea94e4\"},\"headline\":\"Ein neuer Meilenstein f\u00fcr Franciscans in Europa\u00a0\",\"datePublished\":\"2023-09-12T14:05:18+00:00\",\"dateModified\":\"2023-09-12T14:16:44+00:00\",\"mainEntityOfPage\":{\"@id\":\"https:\\\/\\\/franciscansinternational.org\\\/de\\\/ein-neuer-meilenstein-fuer-franciscans-in-europa\\\/\"},\"wordCount\":864,\"publisher\":{\"@id\":\"https:\\\/\\\/franciscansinternational.org\\\/de\\\/#organization\"},\"image\":{\"@id\":\"https:\\\/\\\/franciscansinternational.org\\\/de\\\/ein-neuer-meilenstein-fuer-franciscans-in-europa\\\/#primaryimage\"},\"thumbnailUrl\":\"https:\\\/\\\/franciscansinternational.org\\\/de\\\/wp-content\\\/uploads\\\/sites\\\/4\\\/2023\\\/09\\\/Europe-program-article.jpeg\",\"articleSection\":[\"Nachrichten\"],\"inLanguage\":\"de\"},{\"@type\":\"WebPage\",\"@id\":\"https:\\\/\\\/franciscansinternational.org\\\/de\\\/ein-neuer-meilenstein-fuer-franciscans-in-europa\\\/\",\"url\":\"https:\\\/\\\/franciscansinternational.org\\\/de\\\/ein-neuer-meilenstein-fuer-franciscans-in-europa\\\/\",\"name\":\"Ein neuer Meilenstein f\u00fcr Franciscans in Europa\u00a0 - Franciscans International (DE)\",\"isPartOf\":{\"@id\":\"https:\\\/\\\/franciscansinternational.org\\\/de\\\/#website\"},\"primaryImageOfPage\":{\"@id\":\"https:\\\/\\\/franciscansinternational.org\\\/de\\\/ein-neuer-meilenstein-fuer-franciscans-in-europa\\\/#primaryimage\"},\"image\":{\"@id\":\"https:\\\/\\\/franciscansinternational.org\\\/de\\\/ein-neuer-meilenstein-fuer-franciscans-in-europa\\\/#primaryimage\"},\"thumbnailUrl\":\"https:\\\/\\\/franciscansinternational.org\\\/de\\\/wp-content\\\/uploads\\\/sites\\\/4\\\/2023\\\/09\\\/Europe-program-article.jpeg\",\"datePublished\":\"2023-09-12T14:05:18+00:00\",\"dateModified\":\"2023-09-12T14:16:44+00:00\",\"breadcrumb\":{\"@id\":\"https:\\\/\\\/franciscansinternational.org\\\/de\\\/ein-neuer-meilenstein-fuer-franciscans-in-europa\\\/#breadcrumb\"},\"inLanguage\":\"de\",\"potentialAction\":[{\"@type\":\"ReadAction\",\"target\":[\"https:\\\/\\\/franciscansinternational.org\\\/de\\\/ein-neuer-meilenstein-fuer-franciscans-in-europa\\\/\"]}]},{\"@type\":\"ImageObject\",\"inLanguage\":\"de\",\"@id\":\"https:\\\/\\\/franciscansinternational.org\\\/de\\\/ein-neuer-meilenstein-fuer-franciscans-in-europa\\\/#primaryimage\",\"url\":\"https:\\\/\\\/franciscansinternational.org\\\/de\\\/wp-content\\\/uploads\\\/sites\\\/4\\\/2023\\\/09\\\/Europe-program-article.jpeg\",\"contentUrl\":\"https:\\\/\\\/franciscansinternational.org\\\/de\\\/wp-content\\\/uploads\\\/sites\\\/4\\\/2023\\\/09\\\/Europe-program-article.jpeg\",\"width\":1500,\"height\":1000},{\"@type\":\"BreadcrumbList\",\"@id\":\"https:\\\/\\\/franciscansinternational.org\\\/de\\\/ein-neuer-meilenstein-fuer-franciscans-in-europa\\\/#breadcrumb\",\"itemListElement\":[{\"@type\":\"ListItem\",\"position\":1,\"name\":\"Home\",\"item\":\"https:\\\/\\\/franciscansinternational.org\\\/de\\\/\"},{\"@type\":\"ListItem\",\"position\":2,\"name\":\"Ein neuer Meilenstein f\u00fcr Franciscans in Europa\u00a0\"}]},{\"@type\":\"WebSite\",\"@id\":\"https:\\\/\\\/franciscansinternational.org\\\/de\\\/#website\",\"url\":\"https:\\\/\\\/franciscansinternational.org\\\/de\\\/\",\"name\":\"Franciscans International (DE)\",\"description\":\"Just another Franciscans International site\",\"publisher\":{\"@id\":\"https:\\\/\\\/franciscansinternational.org\\\/de\\\/#organization\"},\"potentialAction\":[{\"@type\":\"SearchAction\",\"target\":{\"@type\":\"EntryPoint\",\"urlTemplate\":\"https:\\\/\\\/franciscansinternational.org\\\/de\\\/?s={search_term_string}\"},\"query-input\":{\"@type\":\"PropertyValueSpecification\",\"valueRequired\":true,\"valueName\":\"search_term_string\"}}],\"inLanguage\":\"de\"},{\"@type\":\"Organization\",\"@id\":\"https:\\\/\\\/franciscansinternational.org\\\/de\\\/#organization\",\"name\":\"Franciscans International (DE)\",\"url\":\"https:\\\/\\\/franciscansinternational.org\\\/de\\\/\",\"logo\":{\"@type\":\"ImageObject\",\"inLanguage\":\"de\",\"@id\":\"https:\\\/\\\/franciscansinternational.org\\\/de\\\/#\\\/schema\\\/logo\\\/image\\\/\",\"url\":\"https:\\\/\\\/franciscansinternational.org\\\/wp-content\\\/uploads\\\/sites\\\/4\\\/2023\\\/05\\\/logo-3.png\",\"contentUrl\":\"https:\\\/\\\/franciscansinternational.org\\\/wp-content\\\/uploads\\\/sites\\\/4\\\/2023\\\/05\\\/logo-3.png\",\"width\":1200,\"height\":205,\"caption\":\"Franciscans International (DE)\"},\"image\":{\"@id\":\"https:\\\/\\\/franciscansinternational.org\\\/de\\\/#\\\/schema\\\/logo\\\/image\\\/\"},\"sameAs\":[\"https:\\\/\\\/www.facebook.com\\\/FranciscansInternational\\\/\",\"https:\\\/\\\/x.com\\\/FranciscansIntl\",\"https:\\\/\\\/www.youtube.com\\\/channel\\\/UCexu0i-fWB4wwrlPMCz8_Zg\"]},{\"@type\":\"Person\",\"@id\":\"https:\\\/\\\/franciscansinternational.org\\\/de\\\/#\\\/schema\\\/person\\\/f398f02712a9dcab7603295bc1ea94e4\",\"name\":\"communications\",\"image\":{\"@type\":\"ImageObject\",\"inLanguage\":\"de\",\"@id\":\"https:\\\/\\\/secure.gravatar.com\\\/avatar\\\/0b4a62226a9b4f7ce621ec49ca40be1e77d886a42ca84b8a0b0697e9ec17dd63?s=96&d=mm&r=g\",\"url\":\"https:\\\/\\\/secure.gravatar.com\\\/avatar\\\/0b4a62226a9b4f7ce621ec49ca40be1e77d886a42ca84b8a0b0697e9ec17dd63?s=96&d=mm&r=g\",\"contentUrl\":\"https:\\\/\\\/secure.gravatar.com\\\/avatar\\\/0b4a62226a9b4f7ce621ec49ca40be1e77d886a42ca84b8a0b0697e9ec17dd63?s=96&d=mm&r=g\",\"caption\":\"communications\"},\"url\":\"https:\\\/\\\/franciscansinternational.org\\\/de\\\/author\\\/communications\\\/\"}]}<\/script>\n<!-- \/ Yoast SEO plugin. -->","yoast_head_json":{"title":"Ein neuer Meilenstein f\u00fcr Franciscans in Europa\u00a0 - Franciscans International (DE)","robots":{"index":"index","follow":"follow","max-snippet":"max-snippet:-1","max-image-preview":"max-image-preview:large","max-video-preview":"max-video-preview:-1"},"canonical":"https:\/\/franciscansinternational.org\/de\/ein-neuer-meilenstein-fuer-franciscans-in-europa\/","og_locale":"de_DE","og_type":"article","og_title":"Ein neuer Meilenstein f\u00fcr Franciscans in Europa\u00a0 - Franciscans International (DE)","og_description":"Franciscans International startet sein viertes regionales Programm\u00a0","og_url":"https:\/\/franciscansinternational.org\/de\/ein-neuer-meilenstein-fuer-franciscans-in-europa\/","og_site_name":"Franciscans International (DE)","article_publisher":"https:\/\/www.facebook.com\/FranciscansInternational\/","article_published_time":"2023-09-12T14:05:18+00:00","article_modified_time":"2023-09-12T14:16:44+00:00","og_image":[{"width":1500,"height":1000,"url":"https:\/\/franciscansinternational.org\/de\/wp-content\/uploads\/sites\/4\/2023\/09\/Europe-program-article.jpeg","type":"image\/jpeg"}],"author":"communications","twitter_card":"summary_large_image","twitter_creator":"@FranciscansIntl","twitter_site":"@FranciscansIntl","twitter_misc":{"Verfasst von":"communications","Gesch\u00e4tzte Lesezeit":"5\u00a0Minuten"},"schema":{"@context":"https:\/\/schema.org","@graph":[{"@type":"Article","@id":"https:\/\/franciscansinternational.org\/de\/ein-neuer-meilenstein-fuer-franciscans-in-europa\/#article","isPartOf":{"@id":"https:\/\/franciscansinternational.org\/de\/ein-neuer-meilenstein-fuer-franciscans-in-europa\/"},"author":{"name":"communications","@id":"https:\/\/franciscansinternational.org\/de\/#\/schema\/person\/f398f02712a9dcab7603295bc1ea94e4"},"headline":"Ein neuer Meilenstein f\u00fcr Franciscans in Europa\u00a0","datePublished":"2023-09-12T14:05:18+00:00","dateModified":"2023-09-12T14:16:44+00:00","mainEntityOfPage":{"@id":"https:\/\/franciscansinternational.org\/de\/ein-neuer-meilenstein-fuer-franciscans-in-europa\/"},"wordCount":864,"publisher":{"@id":"https:\/\/franciscansinternational.org\/de\/#organization"},"image":{"@id":"https:\/\/franciscansinternational.org\/de\/ein-neuer-meilenstein-fuer-franciscans-in-europa\/#primaryimage"},"thumbnailUrl":"https:\/\/franciscansinternational.org\/de\/wp-content\/uploads\/sites\/4\/2023\/09\/Europe-program-article.jpeg","articleSection":["Nachrichten"],"inLanguage":"de"},{"@type":"WebPage","@id":"https:\/\/franciscansinternational.org\/de\/ein-neuer-meilenstein-fuer-franciscans-in-europa\/","url":"https:\/\/franciscansinternational.org\/de\/ein-neuer-meilenstein-fuer-franciscans-in-europa\/","name":"Ein neuer Meilenstein f\u00fcr Franciscans in Europa\u00a0 - Franciscans International (DE)","isPartOf":{"@id":"https:\/\/franciscansinternational.org\/de\/#website"},"primaryImageOfPage":{"@id":"https:\/\/franciscansinternational.org\/de\/ein-neuer-meilenstein-fuer-franciscans-in-europa\/#primaryimage"},"image":{"@id":"https:\/\/franciscansinternational.org\/de\/ein-neuer-meilenstein-fuer-franciscans-in-europa\/#primaryimage"},"thumbnailUrl":"https:\/\/franciscansinternational.org\/de\/wp-content\/uploads\/sites\/4\/2023\/09\/Europe-program-article.jpeg","datePublished":"2023-09-12T14:05:18+00:00","dateModified":"2023-09-12T14:16:44+00:00","breadcrumb":{"@id":"https:\/\/franciscansinternational.org\/de\/ein-neuer-meilenstein-fuer-franciscans-in-europa\/#breadcrumb"},"inLanguage":"de","potentialAction":[{"@type":"ReadAction","target":["https:\/\/franciscansinternational.org\/de\/ein-neuer-meilenstein-fuer-franciscans-in-europa\/"]}]},{"@type":"ImageObject","inLanguage":"de","@id":"https:\/\/franciscansinternational.org\/de\/ein-neuer-meilenstein-fuer-franciscans-in-europa\/#primaryimage","url":"https:\/\/franciscansinternational.org\/de\/wp-content\/uploads\/sites\/4\/2023\/09\/Europe-program-article.jpeg","contentUrl":"https:\/\/franciscansinternational.org\/de\/wp-content\/uploads\/sites\/4\/2023\/09\/Europe-program-article.jpeg","width":1500,"height":1000},{"@type":"BreadcrumbList","@id":"https:\/\/franciscansinternational.org\/de\/ein-neuer-meilenstein-fuer-franciscans-in-europa\/#breadcrumb","itemListElement":[{"@type":"ListItem","position":1,"name":"Home","item":"https:\/\/franciscansinternational.org\/de\/"},{"@type":"ListItem","position":2,"name":"Ein neuer Meilenstein f\u00fcr Franciscans in Europa\u00a0"}]},{"@type":"WebSite","@id":"https:\/\/franciscansinternational.org\/de\/#website","url":"https:\/\/franciscansinternational.org\/de\/","name":"Franciscans International (DE)","description":"Just another Franciscans International site","publisher":{"@id":"https:\/\/franciscansinternational.org\/de\/#organization"},"potentialAction":[{"@type":"SearchAction","target":{"@type":"EntryPoint","urlTemplate":"https:\/\/franciscansinternational.org\/de\/?s={search_term_string}"},"query-input":{"@type":"PropertyValueSpecification","valueRequired":true,"valueName":"search_term_string"}}],"inLanguage":"de"},{"@type":"Organization","@id":"https:\/\/franciscansinternational.org\/de\/#organization","name":"Franciscans International (DE)","url":"https:\/\/franciscansinternational.org\/de\/","logo":{"@type":"ImageObject","inLanguage":"de","@id":"https:\/\/franciscansinternational.org\/de\/#\/schema\/logo\/image\/","url":"https:\/\/franciscansinternational.org\/wp-content\/uploads\/sites\/4\/2023\/05\/logo-3.png","contentUrl":"https:\/\/franciscansinternational.org\/wp-content\/uploads\/sites\/4\/2023\/05\/logo-3.png","width":1200,"height":205,"caption":"Franciscans International (DE)"},"image":{"@id":"https:\/\/franciscansinternational.org\/de\/#\/schema\/logo\/image\/"},"sameAs":["https:\/\/www.facebook.com\/FranciscansInternational\/","https:\/\/x.com\/FranciscansIntl","https:\/\/www.youtube.com\/channel\/UCexu0i-fWB4wwrlPMCz8_Zg"]},{"@type":"Person","@id":"https:\/\/franciscansinternational.org\/de\/#\/schema\/person\/f398f02712a9dcab7603295bc1ea94e4","name":"communications","image":{"@type":"ImageObject","inLanguage":"de","@id":"https:\/\/secure.gravatar.com\/avatar\/0b4a62226a9b4f7ce621ec49ca40be1e77d886a42ca84b8a0b0697e9ec17dd63?s=96&d=mm&r=g","url":"https:\/\/secure.gravatar.com\/avatar\/0b4a62226a9b4f7ce621ec49ca40be1e77d886a42ca84b8a0b0697e9ec17dd63?s=96&d=mm&r=g","contentUrl":"https:\/\/secure.gravatar.com\/avatar\/0b4a62226a9b4f7ce621ec49ca40be1e77d886a42ca84b8a0b0697e9ec17dd63?s=96&d=mm&r=g","caption":"communications"},"url":"https:\/\/franciscansinternational.org\/de\/author\/communications\/"}]}},"jetpack_featured_media_url":"https:\/\/franciscansinternational.org\/de\/wp-content\/uploads\/sites\/4\/2023\/09\/Europe-program-article.jpeg","jetpack_sharing_enabled":true,"_links":{"self":[{"href":"https:\/\/franciscansinternational.org\/de\/wp-json\/wp\/v2\/posts\/323","targetHints":{"allow":["GET"]}}],"collection":[{"href":"https:\/\/franciscansinternational.org\/de\/wp-json\/wp\/v2\/posts"}],"about":[{"href":"https:\/\/franciscansinternational.org\/de\/wp-json\/wp\/v2\/types\/post"}],"author":[{"embeddable":true,"href":"https:\/\/franciscansinternational.org\/de\/wp-json\/wp\/v2\/users\/3"}],"replies":[{"embeddable":true,"href":"https:\/\/franciscansinternational.org\/de\/wp-json\/wp\/v2\/comments?post=323"}],"version-history":[{"count":9,"href":"https:\/\/franciscansinternational.org\/de\/wp-json\/wp\/v2\/posts\/323\/revisions"}],"predecessor-version":[{"id":340,"href":"https:\/\/franciscansinternational.org\/de\/wp-json\/wp\/v2\/posts\/323\/revisions\/340"}],"wp:featuredmedia":[{"embeddable":true,"href":"https:\/\/franciscansinternational.org\/de\/wp-json\/wp\/v2\/media\/324"}],"wp:attachment":[{"href":"https:\/\/franciscansinternational.org\/de\/wp-json\/wp\/v2\/media?parent=323"}],"wp:term":[{"taxonomy":"category","embeddable":true,"href":"https:\/\/franciscansinternational.org\/de\/wp-json\/wp\/v2\/categories?post=323"},{"taxonomy":"post_tag","embeddable":true,"href":"https:\/\/franciscansinternational.org\/de\/wp-json\/wp\/v2\/tags?post=323"}],"curies":[{"name":"wp","href":"https:\/\/api.w.org\/{rel}","templated":true}]}}