{"id":532,"date":"2024-05-02T14:23:45","date_gmt":"2024-05-02T14:23:45","guid":{"rendered":"https:\/\/franciscansinternational.org\/de\/?p=532"},"modified":"2024-05-02T14:26:15","modified_gmt":"2024-05-02T14:26:15","slug":"unpfii23-die-rechenschaftspflicht-von-unternehmen-bleibt-entscheidend-fuer-den-schutz-der-rechte-indigener-voelker","status":"publish","type":"post","link":"https:\/\/franciscansinternational.org\/de\/unpfii23-die-rechenschaftspflicht-von-unternehmen-bleibt-entscheidend-fuer-den-schutz-der-rechte-indigener-voelker\/","title":{"rendered":"UNPFII23: Die Rechenschaftspflicht von Unternehmen bleibt entscheidend f\u00fcr den Schutz der Rechte indigener V\u00f6lker"},"content":{"rendered":"\n<p>Verst\u00f6\u00dfe gegen die Rechte indigener V\u00f6lker haben weitreichende Auswirkungen \u00fcber die betroffenen Gemeinschaften hinaus. Diese Erkenntnis stand im Mittelpunkt unseres Engagements w\u00e4hrend der 23. Sitzung des St\u00e4ndigen Forums der Vereinten Nationen f\u00fcr indigene Fragen (UNPFII), die vom 15. bis 26. April in New York stattfand. Menschenrechtsverletzungen, die von transnationalen Unternehmen auf indigenem Land begangen werden, sind oft sinnbildlich f\u00fcr die Straflosigkeit von Unternehmen im Allgemeinen. Als Bewahrer von fast 80 Prozent der verbleibenden biologischen Vielfalt unseres Planeten kommt den indigenen V\u00f6lkern auch eine Schl\u00fcsselrolle im Kampf f\u00fcr Umweltgerechtigkeit zu. Aber, wie die Vorsitzende des UNPFII in ihrer Er\u00f6ffnungsrede betonte, &#8222;wie jeder Ersthelfer brauchen wir Unterst\u00fctzung&#8220;.<\/p>\n\n\n\n<p>W\u00e4hrend der gesamten Sitzung h\u00f6rte Franciscans International zu, um ein besseres Verst\u00e4ndnis f\u00fcr die andauernden Menschenrechtsverletzungen zu erlangen, denen indigene Gemeinschaften ausgesetzt sind, und bot Plattformen an, um diese Informationen weiter zu verbreiten. Aufbauend auf unserer fr\u00fcheren Arbeit w\u00e4hrend der Verhandlungen \u00fcber ein verbindliches UN-Abkommen \u00fcber Wirtschaft und Menschenrechte in Genf haben wir mehrere Veranstaltungen mitorganisiert, um laufende F\u00e4lle zu diskutieren und Wege zur Rechenschaftspflicht zu finden.<\/p>\n\n\n\n<blockquote class=\"wp-block-quote has-small-font-size is-layout-flow wp-block-quote-is-layout-flow\">\n<p>&#8222;Wir wollen nicht, dass unsere Kinder in einer Welt aufwachsen, die eine W\u00fcste ist.&#8220;<\/p>\n<cite>Indigener Vertreter aus Brasilien<\/cite><\/blockquote>\n\n\n\n<p><\/p>\n\n\n\n<p>In enger Zusammenarbeit mit der <a href=\"https:\/\/miningwg.com\/\" target=\"_blank\" rel=\"noreferrer noopener\">Mining Working Group<\/a> (MGW) nahm FI an einem Fr\u00fchst\u00fcckstreffen teil, bei dem indigene Vertreter aus Nord-, Mittel- und S\u00fcdamerika \u00fcber die Sch\u00e4den berichten konnten, die in ihren Gemeinden durch Gesch\u00e4ftsaktivit\u00e4ten verursacht werden. Dazu geh\u00f6rten die weit verbreitete und unzureichend berichtete Umweltverschmutzung in Ecuador und der Verlust von Lebensgrundlagen aufgrund der Abholzung von W\u00e4ldern zur Gewinnung von Land f\u00fcr Wasserkraftprojekte in Brasilien. Die MWG organisierte auch ein &#8222;Nord-S\u00fcd-Gespr\u00e4ch&#8220; und ein von FI moderiertes Webinar mit jungen indigenen Sprechern, um verschiedene Elemente des Rechts auf Selbstbestimmung zu untersuchen.<\/p>\n\n\n\n<p>Schlie\u00dflich organisierten wir zusammen mit der US Treaty Alliance eine Diskussion, um die Verbindungen zwischen der Lobbyarbeit an der Basis und der internationalen Lobbyarbeit zu untersuchen. Die Redner brachten ein breites Spektrum an Erfahrungen zusammen und befassten sich mit der Frage, welche kollektiven Ma\u00dfnahmen die Zivilgesellschaft ergreifen kann, um der t\u00e4glichen Realit\u00e4t von Gemeinschaften an der Front und indigenen V\u00f6lkern bei den Vereinten Nationen mehr Geh\u00f6r zu verschaffen.<\/p>\n\n\n\n<p>Der UNPFII selbst befasste sich auch mit den Auswirkungen von Unternehmen auf die Rechte indigener V\u00f6lker und hob hervor, dass Rohstoffindustrien und gr\u00fcne Energieprojekte h\u00e4ufig zur Enteignung und Militarisierung indigener Gebiete f\u00fchren. Er warnte auch vor den Sch\u00e4den, die in einigen F\u00e4llen durch die Kohlenstoff- und Biodiversit\u00e4tsm\u00e4rkte verursacht werden. W\u00e4hrend FI sich weiterhin f\u00fcr Umweltgerechtigkeit und die Rechenschaftspflicht der Unternehmen einsetzt, werden wir die Stimmen der indigenen V\u00f6lker und die Empfehlungen des UNPFII zum &#8222;gerechten \u00dcbergang&#8220; zu einer gr\u00fcneren Wirtschaft beachten.<\/p>\n\n\n\n<p><\/p>\n\n\n\n<blockquote class=\"wp-block-quote has-small-font-size is-layout-flow wp-block-quote-is-layout-flow\">\n<p>Dies ist eine automatische \u00dcbersetzung. Wir entschuldigen uns f\u00fcr eventuelle Fehler, die dadurch entstanden sind. Im Falle von Abweichungen ist die englische Fassung ma\u00dfgebend.<\/p>\n<\/blockquote>\n","protected":false},"excerpt":{"rendered":"<p>Verst\u00f6\u00dfe gegen die Rechte indigener V\u00f6lker haben weitreichende Auswirkungen \u00fcber die betroffenen Gemeinschaften hinaus. Diese Erkenntnis stand im Mittelpunkt unseres &#8230; <\/p>\n","protected":false},"author":3,"featured_media":533,"comment_status":"closed","ping_status":"closed","sticky":false,"template":"","format":"standard","meta":{"_relevanssi_hide_post":"","_relevanssi_hide_content":"","_relevanssi_pin_for_all":"","_relevanssi_pin_keywords":"","_relevanssi_unpin_keywords":"","_relevanssi_related_keywords":"","_relevanssi_related_include_ids":"","_relevanssi_related_exclude_ids":"","_relevanssi_related_no_append":"","_relevanssi_related_not_related":"","_relevanssi_related_posts":"344,217,508,270,257,234","_relevanssi_noindex_reason":"","_jetpack_memberships_contains_paid_content":false,"footnotes":""},"categories":[1],"tags":[9],"class_list":["post-532","post","type-post","status-publish","format-standard","has-post-thumbnail","hentry","category-nachrichten","tag-achtung-der-menschenwuerde"],"acf":[],"yoast_head":"<!-- This site is optimized with the Yoast SEO plugin v27.5 - https:\/\/yoast.com\/product\/yoast-seo-wordpress\/ -->\n<title>UNPFII23: Die Rechenschaftspflicht von Unternehmen bleibt entscheidend f\u00fcr den Schutz der Rechte indigener V\u00f6lker - Franciscans International (DE)<\/title>\n<meta name=\"robots\" content=\"index, follow, max-snippet:-1, max-image-preview:large, max-video-preview:-1\" \/>\n<link rel=\"canonical\" href=\"https:\/\/franciscansinternational.org\/de\/unpfii23-die-rechenschaftspflicht-von-unternehmen-bleibt-entscheidend-fuer-den-schutz-der-rechte-indigener-voelker\/\" \/>\n<meta property=\"og:locale\" content=\"de_DE\" \/>\n<meta property=\"og:type\" content=\"article\" \/>\n<meta property=\"og:title\" content=\"UNPFII23: Die Rechenschaftspflicht von Unternehmen bleibt entscheidend f\u00fcr den Schutz der Rechte indigener V\u00f6lker - Franciscans International (DE)\" \/>\n<meta property=\"og:description\" content=\"Verst\u00f6\u00dfe gegen die Rechte indigener V\u00f6lker haben weitreichende Auswirkungen \u00fcber die betroffenen Gemeinschaften hinaus. Diese Erkenntnis stand im Mittelpunkt unseres ...\" \/>\n<meta property=\"og:url\" content=\"https:\/\/franciscansinternational.org\/de\/unpfii23-die-rechenschaftspflicht-von-unternehmen-bleibt-entscheidend-fuer-den-schutz-der-rechte-indigener-voelker\/\" \/>\n<meta property=\"og:site_name\" content=\"Franciscans International (DE)\" \/>\n<meta property=\"article:publisher\" content=\"https:\/\/www.facebook.com\/FranciscansInternational\/\" \/>\n<meta property=\"article:published_time\" content=\"2024-05-02T14:23:45+00:00\" \/>\n<meta property=\"article:modified_time\" content=\"2024-05-02T14:26:15+00:00\" \/>\n<meta property=\"og:image\" content=\"https:\/\/franciscansinternational.org\/de\/wp-content\/uploads\/sites\/4\/2024\/05\/UNPFII2024-scaled.jpg\" \/>\n\t<meta property=\"og:image:width\" content=\"2560\" \/>\n\t<meta property=\"og:image:height\" content=\"1151\" \/>\n\t<meta property=\"og:image:type\" content=\"image\/jpeg\" \/>\n<meta name=\"author\" content=\"communications\" \/>\n<meta name=\"twitter:card\" content=\"summary_large_image\" \/>\n<meta name=\"twitter:creator\" content=\"@FranciscansIntl\" \/>\n<meta name=\"twitter:site\" content=\"@FranciscansIntl\" \/>\n<meta name=\"twitter:label1\" content=\"Verfasst von\" \/>\n\t<meta name=\"twitter:data1\" content=\"communications\" \/>\n\t<meta name=\"twitter:label2\" content=\"Gesch\u00e4tzte Lesezeit\" \/>\n\t<meta name=\"twitter:data2\" content=\"3\u00a0Minuten\" \/>\n<script type=\"application\/ld+json\" class=\"yoast-schema-graph\">{\"@context\":\"https:\\\/\\\/schema.org\",\"@graph\":[{\"@type\":\"Article\",\"@id\":\"https:\\\/\\\/franciscansinternational.org\\\/de\\\/unpfii23-die-rechenschaftspflicht-von-unternehmen-bleibt-entscheidend-fuer-den-schutz-der-rechte-indigener-voelker\\\/#article\",\"isPartOf\":{\"@id\":\"https:\\\/\\\/franciscansinternational.org\\\/de\\\/unpfii23-die-rechenschaftspflicht-von-unternehmen-bleibt-entscheidend-fuer-den-schutz-der-rechte-indigener-voelker\\\/\"},\"author\":{\"name\":\"communications\",\"@id\":\"https:\\\/\\\/franciscansinternational.org\\\/de\\\/#\\\/schema\\\/person\\\/f398f02712a9dcab7603295bc1ea94e4\"},\"headline\":\"UNPFII23: Die Rechenschaftspflicht von Unternehmen bleibt entscheidend f\u00fcr den Schutz der Rechte indigener V\u00f6lker\",\"datePublished\":\"2024-05-02T14:23:45+00:00\",\"dateModified\":\"2024-05-02T14:26:15+00:00\",\"mainEntityOfPage\":{\"@id\":\"https:\\\/\\\/franciscansinternational.org\\\/de\\\/unpfii23-die-rechenschaftspflicht-von-unternehmen-bleibt-entscheidend-fuer-den-schutz-der-rechte-indigener-voelker\\\/\"},\"wordCount\":516,\"publisher\":{\"@id\":\"https:\\\/\\\/franciscansinternational.org\\\/de\\\/#organization\"},\"image\":{\"@id\":\"https:\\\/\\\/franciscansinternational.org\\\/de\\\/unpfii23-die-rechenschaftspflicht-von-unternehmen-bleibt-entscheidend-fuer-den-schutz-der-rechte-indigener-voelker\\\/#primaryimage\"},\"thumbnailUrl\":\"https:\\\/\\\/franciscansinternational.org\\\/de\\\/wp-content\\\/uploads\\\/sites\\\/4\\\/2024\\\/05\\\/UNPFII2024-scaled.jpg\",\"keywords\":[\"Achtung der Menschenw\u00fcrde\"],\"articleSection\":[\"Nachrichten\"],\"inLanguage\":\"de\"},{\"@type\":\"WebPage\",\"@id\":\"https:\\\/\\\/franciscansinternational.org\\\/de\\\/unpfii23-die-rechenschaftspflicht-von-unternehmen-bleibt-entscheidend-fuer-den-schutz-der-rechte-indigener-voelker\\\/\",\"url\":\"https:\\\/\\\/franciscansinternational.org\\\/de\\\/unpfii23-die-rechenschaftspflicht-von-unternehmen-bleibt-entscheidend-fuer-den-schutz-der-rechte-indigener-voelker\\\/\",\"name\":\"UNPFII23: Die Rechenschaftspflicht von Unternehmen bleibt entscheidend f\u00fcr den Schutz der Rechte indigener V\u00f6lker - Franciscans International (DE)\",\"isPartOf\":{\"@id\":\"https:\\\/\\\/franciscansinternational.org\\\/de\\\/#website\"},\"primaryImageOfPage\":{\"@id\":\"https:\\\/\\\/franciscansinternational.org\\\/de\\\/unpfii23-die-rechenschaftspflicht-von-unternehmen-bleibt-entscheidend-fuer-den-schutz-der-rechte-indigener-voelker\\\/#primaryimage\"},\"image\":{\"@id\":\"https:\\\/\\\/franciscansinternational.org\\\/de\\\/unpfii23-die-rechenschaftspflicht-von-unternehmen-bleibt-entscheidend-fuer-den-schutz-der-rechte-indigener-voelker\\\/#primaryimage\"},\"thumbnailUrl\":\"https:\\\/\\\/franciscansinternational.org\\\/de\\\/wp-content\\\/uploads\\\/sites\\\/4\\\/2024\\\/05\\\/UNPFII2024-scaled.jpg\",\"datePublished\":\"2024-05-02T14:23:45+00:00\",\"dateModified\":\"2024-05-02T14:26:15+00:00\",\"breadcrumb\":{\"@id\":\"https:\\\/\\\/franciscansinternational.org\\\/de\\\/unpfii23-die-rechenschaftspflicht-von-unternehmen-bleibt-entscheidend-fuer-den-schutz-der-rechte-indigener-voelker\\\/#breadcrumb\"},\"inLanguage\":\"de\",\"potentialAction\":[{\"@type\":\"ReadAction\",\"target\":[\"https:\\\/\\\/franciscansinternational.org\\\/de\\\/unpfii23-die-rechenschaftspflicht-von-unternehmen-bleibt-entscheidend-fuer-den-schutz-der-rechte-indigener-voelker\\\/\"]}]},{\"@type\":\"ImageObject\",\"inLanguage\":\"de\",\"@id\":\"https:\\\/\\\/franciscansinternational.org\\\/de\\\/unpfii23-die-rechenschaftspflicht-von-unternehmen-bleibt-entscheidend-fuer-den-schutz-der-rechte-indigener-voelker\\\/#primaryimage\",\"url\":\"https:\\\/\\\/franciscansinternational.org\\\/de\\\/wp-content\\\/uploads\\\/sites\\\/4\\\/2024\\\/05\\\/UNPFII2024-scaled.jpg\",\"contentUrl\":\"https:\\\/\\\/franciscansinternational.org\\\/de\\\/wp-content\\\/uploads\\\/sites\\\/4\\\/2024\\\/05\\\/UNPFII2024-scaled.jpg\",\"width\":2560,\"height\":1151},{\"@type\":\"BreadcrumbList\",\"@id\":\"https:\\\/\\\/franciscansinternational.org\\\/de\\\/unpfii23-die-rechenschaftspflicht-von-unternehmen-bleibt-entscheidend-fuer-den-schutz-der-rechte-indigener-voelker\\\/#breadcrumb\",\"itemListElement\":[{\"@type\":\"ListItem\",\"position\":1,\"name\":\"Home\",\"item\":\"https:\\\/\\\/franciscansinternational.org\\\/de\\\/\"},{\"@type\":\"ListItem\",\"position\":2,\"name\":\"UNPFII23: Die Rechenschaftspflicht von Unternehmen bleibt entscheidend f\u00fcr den Schutz der Rechte indigener V\u00f6lker\"}]},{\"@type\":\"WebSite\",\"@id\":\"https:\\\/\\\/franciscansinternational.org\\\/de\\\/#website\",\"url\":\"https:\\\/\\\/franciscansinternational.org\\\/de\\\/\",\"name\":\"Franciscans International (DE)\",\"description\":\"Just another Franciscans International site\",\"publisher\":{\"@id\":\"https:\\\/\\\/franciscansinternational.org\\\/de\\\/#organization\"},\"potentialAction\":[{\"@type\":\"SearchAction\",\"target\":{\"@type\":\"EntryPoint\",\"urlTemplate\":\"https:\\\/\\\/franciscansinternational.org\\\/de\\\/?s={search_term_string}\"},\"query-input\":{\"@type\":\"PropertyValueSpecification\",\"valueRequired\":true,\"valueName\":\"search_term_string\"}}],\"inLanguage\":\"de\"},{\"@type\":\"Organization\",\"@id\":\"https:\\\/\\\/franciscansinternational.org\\\/de\\\/#organization\",\"name\":\"Franciscans International (DE)\",\"url\":\"https:\\\/\\\/franciscansinternational.org\\\/de\\\/\",\"logo\":{\"@type\":\"ImageObject\",\"inLanguage\":\"de\",\"@id\":\"https:\\\/\\\/franciscansinternational.org\\\/de\\\/#\\\/schema\\\/logo\\\/image\\\/\",\"url\":\"https:\\\/\\\/franciscansinternational.org\\\/wp-content\\\/uploads\\\/sites\\\/4\\\/2023\\\/05\\\/logo-3.png\",\"contentUrl\":\"https:\\\/\\\/franciscansinternational.org\\\/wp-content\\\/uploads\\\/sites\\\/4\\\/2023\\\/05\\\/logo-3.png\",\"width\":1200,\"height\":205,\"caption\":\"Franciscans International (DE)\"},\"image\":{\"@id\":\"https:\\\/\\\/franciscansinternational.org\\\/de\\\/#\\\/schema\\\/logo\\\/image\\\/\"},\"sameAs\":[\"https:\\\/\\\/www.facebook.com\\\/FranciscansInternational\\\/\",\"https:\\\/\\\/x.com\\\/FranciscansIntl\",\"https:\\\/\\\/www.youtube.com\\\/channel\\\/UCexu0i-fWB4wwrlPMCz8_Zg\"]},{\"@type\":\"Person\",\"@id\":\"https:\\\/\\\/franciscansinternational.org\\\/de\\\/#\\\/schema\\\/person\\\/f398f02712a9dcab7603295bc1ea94e4\",\"name\":\"communications\",\"image\":{\"@type\":\"ImageObject\",\"inLanguage\":\"de\",\"@id\":\"https:\\\/\\\/secure.gravatar.com\\\/avatar\\\/0b4a62226a9b4f7ce621ec49ca40be1e77d886a42ca84b8a0b0697e9ec17dd63?s=96&d=mm&r=g\",\"url\":\"https:\\\/\\\/secure.gravatar.com\\\/avatar\\\/0b4a62226a9b4f7ce621ec49ca40be1e77d886a42ca84b8a0b0697e9ec17dd63?s=96&d=mm&r=g\",\"contentUrl\":\"https:\\\/\\\/secure.gravatar.com\\\/avatar\\\/0b4a62226a9b4f7ce621ec49ca40be1e77d886a42ca84b8a0b0697e9ec17dd63?s=96&d=mm&r=g\",\"caption\":\"communications\"},\"url\":\"https:\\\/\\\/franciscansinternational.org\\\/de\\\/author\\\/communications\\\/\"}]}<\/script>\n<!-- \/ Yoast SEO plugin. -->","yoast_head_json":{"title":"UNPFII23: Die Rechenschaftspflicht von Unternehmen bleibt entscheidend f\u00fcr den Schutz der Rechte indigener V\u00f6lker - Franciscans International (DE)","robots":{"index":"index","follow":"follow","max-snippet":"max-snippet:-1","max-image-preview":"max-image-preview:large","max-video-preview":"max-video-preview:-1"},"canonical":"https:\/\/franciscansinternational.org\/de\/unpfii23-die-rechenschaftspflicht-von-unternehmen-bleibt-entscheidend-fuer-den-schutz-der-rechte-indigener-voelker\/","og_locale":"de_DE","og_type":"article","og_title":"UNPFII23: Die Rechenschaftspflicht von Unternehmen bleibt entscheidend f\u00fcr den Schutz der Rechte indigener V\u00f6lker - Franciscans International (DE)","og_description":"Verst\u00f6\u00dfe gegen die Rechte indigener V\u00f6lker haben weitreichende Auswirkungen \u00fcber die betroffenen Gemeinschaften hinaus. Diese Erkenntnis stand im Mittelpunkt unseres ...","og_url":"https:\/\/franciscansinternational.org\/de\/unpfii23-die-rechenschaftspflicht-von-unternehmen-bleibt-entscheidend-fuer-den-schutz-der-rechte-indigener-voelker\/","og_site_name":"Franciscans International (DE)","article_publisher":"https:\/\/www.facebook.com\/FranciscansInternational\/","article_published_time":"2024-05-02T14:23:45+00:00","article_modified_time":"2024-05-02T14:26:15+00:00","og_image":[{"width":2560,"height":1151,"url":"https:\/\/franciscansinternational.org\/de\/wp-content\/uploads\/sites\/4\/2024\/05\/UNPFII2024-scaled.jpg","type":"image\/jpeg"}],"author":"communications","twitter_card":"summary_large_image","twitter_creator":"@FranciscansIntl","twitter_site":"@FranciscansIntl","twitter_misc":{"Verfasst von":"communications","Gesch\u00e4tzte Lesezeit":"3\u00a0Minuten"},"schema":{"@context":"https:\/\/schema.org","@graph":[{"@type":"Article","@id":"https:\/\/franciscansinternational.org\/de\/unpfii23-die-rechenschaftspflicht-von-unternehmen-bleibt-entscheidend-fuer-den-schutz-der-rechte-indigener-voelker\/#article","isPartOf":{"@id":"https:\/\/franciscansinternational.org\/de\/unpfii23-die-rechenschaftspflicht-von-unternehmen-bleibt-entscheidend-fuer-den-schutz-der-rechte-indigener-voelker\/"},"author":{"name":"communications","@id":"https:\/\/franciscansinternational.org\/de\/#\/schema\/person\/f398f02712a9dcab7603295bc1ea94e4"},"headline":"UNPFII23: Die Rechenschaftspflicht von Unternehmen bleibt entscheidend f\u00fcr den Schutz der Rechte indigener V\u00f6lker","datePublished":"2024-05-02T14:23:45+00:00","dateModified":"2024-05-02T14:26:15+00:00","mainEntityOfPage":{"@id":"https:\/\/franciscansinternational.org\/de\/unpfii23-die-rechenschaftspflicht-von-unternehmen-bleibt-entscheidend-fuer-den-schutz-der-rechte-indigener-voelker\/"},"wordCount":516,"publisher":{"@id":"https:\/\/franciscansinternational.org\/de\/#organization"},"image":{"@id":"https:\/\/franciscansinternational.org\/de\/unpfii23-die-rechenschaftspflicht-von-unternehmen-bleibt-entscheidend-fuer-den-schutz-der-rechte-indigener-voelker\/#primaryimage"},"thumbnailUrl":"https:\/\/franciscansinternational.org\/de\/wp-content\/uploads\/sites\/4\/2024\/05\/UNPFII2024-scaled.jpg","keywords":["Achtung der Menschenw\u00fcrde"],"articleSection":["Nachrichten"],"inLanguage":"de"},{"@type":"WebPage","@id":"https:\/\/franciscansinternational.org\/de\/unpfii23-die-rechenschaftspflicht-von-unternehmen-bleibt-entscheidend-fuer-den-schutz-der-rechte-indigener-voelker\/","url":"https:\/\/franciscansinternational.org\/de\/unpfii23-die-rechenschaftspflicht-von-unternehmen-bleibt-entscheidend-fuer-den-schutz-der-rechte-indigener-voelker\/","name":"UNPFII23: Die Rechenschaftspflicht von Unternehmen bleibt entscheidend f\u00fcr den Schutz der Rechte indigener V\u00f6lker - Franciscans International (DE)","isPartOf":{"@id":"https:\/\/franciscansinternational.org\/de\/#website"},"primaryImageOfPage":{"@id":"https:\/\/franciscansinternational.org\/de\/unpfii23-die-rechenschaftspflicht-von-unternehmen-bleibt-entscheidend-fuer-den-schutz-der-rechte-indigener-voelker\/#primaryimage"},"image":{"@id":"https:\/\/franciscansinternational.org\/de\/unpfii23-die-rechenschaftspflicht-von-unternehmen-bleibt-entscheidend-fuer-den-schutz-der-rechte-indigener-voelker\/#primaryimage"},"thumbnailUrl":"https:\/\/franciscansinternational.org\/de\/wp-content\/uploads\/sites\/4\/2024\/05\/UNPFII2024-scaled.jpg","datePublished":"2024-05-02T14:23:45+00:00","dateModified":"2024-05-02T14:26:15+00:00","breadcrumb":{"@id":"https:\/\/franciscansinternational.org\/de\/unpfii23-die-rechenschaftspflicht-von-unternehmen-bleibt-entscheidend-fuer-den-schutz-der-rechte-indigener-voelker\/#breadcrumb"},"inLanguage":"de","potentialAction":[{"@type":"ReadAction","target":["https:\/\/franciscansinternational.org\/de\/unpfii23-die-rechenschaftspflicht-von-unternehmen-bleibt-entscheidend-fuer-den-schutz-der-rechte-indigener-voelker\/"]}]},{"@type":"ImageObject","inLanguage":"de","@id":"https:\/\/franciscansinternational.org\/de\/unpfii23-die-rechenschaftspflicht-von-unternehmen-bleibt-entscheidend-fuer-den-schutz-der-rechte-indigener-voelker\/#primaryimage","url":"https:\/\/franciscansinternational.org\/de\/wp-content\/uploads\/sites\/4\/2024\/05\/UNPFII2024-scaled.jpg","contentUrl":"https:\/\/franciscansinternational.org\/de\/wp-content\/uploads\/sites\/4\/2024\/05\/UNPFII2024-scaled.jpg","width":2560,"height":1151},{"@type":"BreadcrumbList","@id":"https:\/\/franciscansinternational.org\/de\/unpfii23-die-rechenschaftspflicht-von-unternehmen-bleibt-entscheidend-fuer-den-schutz-der-rechte-indigener-voelker\/#breadcrumb","itemListElement":[{"@type":"ListItem","position":1,"name":"Home","item":"https:\/\/franciscansinternational.org\/de\/"},{"@type":"ListItem","position":2,"name":"UNPFII23: Die Rechenschaftspflicht von Unternehmen bleibt entscheidend f\u00fcr den Schutz der Rechte indigener V\u00f6lker"}]},{"@type":"WebSite","@id":"https:\/\/franciscansinternational.org\/de\/#website","url":"https:\/\/franciscansinternational.org\/de\/","name":"Franciscans International (DE)","description":"Just another Franciscans International site","publisher":{"@id":"https:\/\/franciscansinternational.org\/de\/#organization"},"potentialAction":[{"@type":"SearchAction","target":{"@type":"EntryPoint","urlTemplate":"https:\/\/franciscansinternational.org\/de\/?s={search_term_string}"},"query-input":{"@type":"PropertyValueSpecification","valueRequired":true,"valueName":"search_term_string"}}],"inLanguage":"de"},{"@type":"Organization","@id":"https:\/\/franciscansinternational.org\/de\/#organization","name":"Franciscans International (DE)","url":"https:\/\/franciscansinternational.org\/de\/","logo":{"@type":"ImageObject","inLanguage":"de","@id":"https:\/\/franciscansinternational.org\/de\/#\/schema\/logo\/image\/","url":"https:\/\/franciscansinternational.org\/wp-content\/uploads\/sites\/4\/2023\/05\/logo-3.png","contentUrl":"https:\/\/franciscansinternational.org\/wp-content\/uploads\/sites\/4\/2023\/05\/logo-3.png","width":1200,"height":205,"caption":"Franciscans International (DE)"},"image":{"@id":"https:\/\/franciscansinternational.org\/de\/#\/schema\/logo\/image\/"},"sameAs":["https:\/\/www.facebook.com\/FranciscansInternational\/","https:\/\/x.com\/FranciscansIntl","https:\/\/www.youtube.com\/channel\/UCexu0i-fWB4wwrlPMCz8_Zg"]},{"@type":"Person","@id":"https:\/\/franciscansinternational.org\/de\/#\/schema\/person\/f398f02712a9dcab7603295bc1ea94e4","name":"communications","image":{"@type":"ImageObject","inLanguage":"de","@id":"https:\/\/secure.gravatar.com\/avatar\/0b4a62226a9b4f7ce621ec49ca40be1e77d886a42ca84b8a0b0697e9ec17dd63?s=96&d=mm&r=g","url":"https:\/\/secure.gravatar.com\/avatar\/0b4a62226a9b4f7ce621ec49ca40be1e77d886a42ca84b8a0b0697e9ec17dd63?s=96&d=mm&r=g","contentUrl":"https:\/\/secure.gravatar.com\/avatar\/0b4a62226a9b4f7ce621ec49ca40be1e77d886a42ca84b8a0b0697e9ec17dd63?s=96&d=mm&r=g","caption":"communications"},"url":"https:\/\/franciscansinternational.org\/de\/author\/communications\/"}]}},"jetpack_featured_media_url":"https:\/\/franciscansinternational.org\/de\/wp-content\/uploads\/sites\/4\/2024\/05\/UNPFII2024-scaled.jpg","jetpack_sharing_enabled":true,"_links":{"self":[{"href":"https:\/\/franciscansinternational.org\/de\/wp-json\/wp\/v2\/posts\/532","targetHints":{"allow":["GET"]}}],"collection":[{"href":"https:\/\/franciscansinternational.org\/de\/wp-json\/wp\/v2\/posts"}],"about":[{"href":"https:\/\/franciscansinternational.org\/de\/wp-json\/wp\/v2\/types\/post"}],"author":[{"embeddable":true,"href":"https:\/\/franciscansinternational.org\/de\/wp-json\/wp\/v2\/users\/3"}],"replies":[{"embeddable":true,"href":"https:\/\/franciscansinternational.org\/de\/wp-json\/wp\/v2\/comments?post=532"}],"version-history":[{"count":2,"href":"https:\/\/franciscansinternational.org\/de\/wp-json\/wp\/v2\/posts\/532\/revisions"}],"predecessor-version":[{"id":535,"href":"https:\/\/franciscansinternational.org\/de\/wp-json\/wp\/v2\/posts\/532\/revisions\/535"}],"wp:featuredmedia":[{"embeddable":true,"href":"https:\/\/franciscansinternational.org\/de\/wp-json\/wp\/v2\/media\/533"}],"wp:attachment":[{"href":"https:\/\/franciscansinternational.org\/de\/wp-json\/wp\/v2\/media?parent=532"}],"wp:term":[{"taxonomy":"category","embeddable":true,"href":"https:\/\/franciscansinternational.org\/de\/wp-json\/wp\/v2\/categories?post=532"},{"taxonomy":"post_tag","embeddable":true,"href":"https:\/\/franciscansinternational.org\/de\/wp-json\/wp\/v2\/tags?post=532"}],"curies":[{"name":"wp","href":"https:\/\/api.w.org\/{rel}","templated":true}]}}