{"id":675,"date":"2025-02-18T15:35:13","date_gmt":"2025-02-18T15:35:13","guid":{"rendered":"https:\/\/franciscansinternational.org\/de\/?p=675"},"modified":"2025-02-18T15:35:14","modified_gmt":"2025-02-18T15:35:14","slug":"cedaw-franziskanerinnen-sprechen-ueber-die-situation-der-arbeiter-auf-teeplantagen-in-sri-lanka","status":"publish","type":"post","link":"https:\/\/franciscansinternational.org\/de\/cedaw-franziskanerinnen-sprechen-ueber-die-situation-der-arbeiter-auf-teeplantagen-in-sri-lanka\/","title":{"rendered":"CEDAW: Franziskanerinnen sprechen \u00fcber die Situation der Arbeiter auf Teeplantagen in Sri Lanka"},"content":{"rendered":"\n<p>Frauen und M\u00e4dchen, die auf Teeplantagen in Sri Lanka arbeiten, sind mit einer Vielzahl von Herausforderungen konfrontiert, die von unfairen L\u00f6hnen bis hin zu eingeschr\u00e4nktem Zugang zu Bildung und Gesundheitsdiensten reichen. Der schlechte Zugang zur Justiz f\u00f6rdert Ausbeutung und geschlechtsspezifische Gewalt zus\u00e4tzlich.\u00a0<br><br>Letzte Woche hatten wir die Ehre, Lucille Abeykoon vom\u00a0<a href=\"https:\/\/www.humanrightsofficekandy.org\/\">Human Rights Center in Kandy<\/a>\u00a0begr\u00fc\u00dfen zu d\u00fcrfen, wo sie eng mit Franziskanerinnen zusammenarbeitet, um die Menschenrechte von Teeplantagenarbeitern zu f\u00f6rdern. In Genf brachte sie diese und andere Themen beim Ausschuss f\u00fcr die Beseitigung der Diskriminierung der Frau (CEDAW) zur Sprache.<br><br>Einer der symboltr\u00e4chtigsten F\u00e4lle, die Lucille bei den Vereinten Nationen vorbrachte, ist der einer jungen Frau, die 2001 auf dem Heimweg von der Sonntagsschule angegriffen und vergewaltigt wurde. Als sie ihren Fall meldete, konnte sie dies nicht in ihrer Muttersprache Tamil tun, was zu einer fehlerhaften Anzeige f\u00fchrte, die die M\u00e4nner, die sie angegriffen hatten, beg\u00fcnstigte. Was folgte, waren langwierige Gerichtsverfahren und Verz\u00f6gerungen. Zwei Jahrzehnte sp\u00e4ter wartet sie immer noch auf ein endg\u00fcltiges Urteil.\u00a0<br><br>\u201eK\u00f6nnen Sie sich vorstellen, 23 Jahre lang vor Gericht zu gehen? Und doch ist sie immer noch engagiert\u201c, sagt Lucille, die Teil des Teams ist, das das Opfer unterst\u00fctzt. \u201aSie sagt: \u2018Ich brauche Gerechtigkeit. Ich habe keine Fehler gemacht, und das war nicht meine Schuld&#8216;.\u201c\u00a0<br><br>W\u00e4hrend der Pr\u00fcfung Sri Lankas durch CEDAW gab die FI mehrere Empfehlungen ab, um die spezifischen Herausforderungen anzugehen, mit denen Frauen konfrontiert sind, die auf Teeplantagen arbeiten und leben. Dazu geh\u00f6ren die Sicherstellung eines h\u00f6heren t\u00e4glichen Mindestlohns, die Verbesserung des Zugangs zu Bildung und die St\u00e4rkung der Kapazit\u00e4ten von Strafverfolgungsbeamten. Unsere vollst\u00e4ndige Eingabe und Empfehlungen an die CEDAW finden Sie\u00a0<a href=\"https:\/\/franciscansinternational.org\/wp-content\/uploads\/2025\/02\/CEDAW90_SriLanka.pdf\">hier<\/a>.<\/p>\n\n\n\n<p><\/p>\n\n\n\n<blockquote class=\"wp-block-quote has-small-font-size is-layout-flow wp-block-quote-is-layout-flow\">\n<p>Dies ist eine automatische \u00dcbersetzung. Wir entschuldigen uns f\u00fcr eventuelle Fehler, die dadurch entstanden sind. Im Falle von Abweichungen ist die englische Fassung ma\u00dfgebend.<\/p>\n<\/blockquote>\n","protected":false},"excerpt":{"rendered":"<p>Frauen und M\u00e4dchen, die auf Teeplantagen in Sri Lanka arbeiten, sind mit einer Vielzahl von Herausforderungen konfrontiert, die von unfairen &#8230; <\/p>\n","protected":false},"author":3,"featured_media":676,"comment_status":"closed","ping_status":"closed","sticky":false,"template":"","format":"standard","meta":{"_relevanssi_hide_post":"","_relevanssi_hide_content":"","_relevanssi_pin_for_all":"","_relevanssi_pin_keywords":"","_relevanssi_unpin_keywords":"","_relevanssi_related_keywords":"","_relevanssi_related_include_ids":"","_relevanssi_related_exclude_ids":"","_relevanssi_related_no_append":"","_relevanssi_related_not_related":"","_relevanssi_related_posts":"391,532,344,446,571,221","_relevanssi_noindex_reason":"","_jetpack_memberships_contains_paid_content":false,"footnotes":""},"categories":[1],"tags":[9,7],"class_list":["post-675","post","type-post","status-publish","format-standard","has-post-thumbnail","hentry","category-nachrichten","tag-achtung-der-menschenwuerde","tag-asien-pazifik-programm"],"acf":[],"yoast_head":"<!-- This site is optimized with the Yoast SEO plugin v27.4 - https:\/\/yoast.com\/product\/yoast-seo-wordpress\/ -->\n<title>CEDAW: Franziskanerinnen sprechen \u00fcber die Situation der Arbeiter auf Teeplantagen in Sri Lanka - Franciscans International (DE)<\/title>\n<meta name=\"robots\" content=\"index, follow, max-snippet:-1, max-image-preview:large, max-video-preview:-1\" \/>\n<link rel=\"canonical\" href=\"https:\/\/franciscansinternational.org\/de\/cedaw-franziskanerinnen-sprechen-ueber-die-situation-der-arbeiter-auf-teeplantagen-in-sri-lanka\/\" \/>\n<meta property=\"og:locale\" content=\"de_DE\" \/>\n<meta property=\"og:type\" content=\"article\" \/>\n<meta property=\"og:title\" content=\"CEDAW: Franziskanerinnen sprechen \u00fcber die Situation der Arbeiter auf Teeplantagen in Sri Lanka - Franciscans International (DE)\" \/>\n<meta property=\"og:description\" content=\"Frauen und M\u00e4dchen, die auf Teeplantagen in Sri Lanka arbeiten, sind mit einer Vielzahl von Herausforderungen konfrontiert, die von unfairen ...\" \/>\n<meta property=\"og:url\" content=\"https:\/\/franciscansinternational.org\/de\/cedaw-franziskanerinnen-sprechen-ueber-die-situation-der-arbeiter-auf-teeplantagen-in-sri-lanka\/\" \/>\n<meta property=\"og:site_name\" content=\"Franciscans International (DE)\" \/>\n<meta property=\"article:publisher\" content=\"https:\/\/www.facebook.com\/FranciscansInternational\/\" \/>\n<meta property=\"article:published_time\" content=\"2025-02-18T15:35:13+00:00\" \/>\n<meta property=\"article:modified_time\" content=\"2025-02-18T15:35:14+00:00\" \/>\n<meta property=\"og:image\" content=\"https:\/\/franciscansinternational.org\/de\/wp-content\/uploads\/sites\/4\/2025\/02\/CEDAW_SriLanka_Thumb-scaled.jpg\" \/>\n\t<meta property=\"og:image:width\" content=\"2560\" \/>\n\t<meta property=\"og:image:height\" content=\"1347\" \/>\n\t<meta property=\"og:image:type\" content=\"image\/jpeg\" \/>\n<meta name=\"author\" content=\"communications\" \/>\n<meta name=\"twitter:card\" content=\"summary_large_image\" \/>\n<meta name=\"twitter:creator\" content=\"@FranciscansIntl\" \/>\n<meta name=\"twitter:site\" content=\"@FranciscansIntl\" \/>\n<meta name=\"twitter:label1\" content=\"Verfasst von\" \/>\n\t<meta name=\"twitter:data1\" content=\"communications\" \/>\n\t<meta name=\"twitter:label2\" content=\"Gesch\u00e4tzte Lesezeit\" \/>\n\t<meta name=\"twitter:data2\" content=\"2\u00a0Minuten\" \/>\n<script type=\"application\/ld+json\" class=\"yoast-schema-graph\">{\"@context\":\"https:\\\/\\\/schema.org\",\"@graph\":[{\"@type\":\"Article\",\"@id\":\"https:\\\/\\\/franciscansinternational.org\\\/de\\\/cedaw-franziskanerinnen-sprechen-ueber-die-situation-der-arbeiter-auf-teeplantagen-in-sri-lanka\\\/#article\",\"isPartOf\":{\"@id\":\"https:\\\/\\\/franciscansinternational.org\\\/de\\\/cedaw-franziskanerinnen-sprechen-ueber-die-situation-der-arbeiter-auf-teeplantagen-in-sri-lanka\\\/\"},\"author\":{\"name\":\"communications\",\"@id\":\"https:\\\/\\\/franciscansinternational.org\\\/de\\\/#\\\/schema\\\/person\\\/f398f02712a9dcab7603295bc1ea94e4\"},\"headline\":\"CEDAW: Franziskanerinnen sprechen \u00fcber die Situation der Arbeiter auf Teeplantagen in Sri Lanka\",\"datePublished\":\"2025-02-18T15:35:13+00:00\",\"dateModified\":\"2025-02-18T15:35:14+00:00\",\"mainEntityOfPage\":{\"@id\":\"https:\\\/\\\/franciscansinternational.org\\\/de\\\/cedaw-franziskanerinnen-sprechen-ueber-die-situation-der-arbeiter-auf-teeplantagen-in-sri-lanka\\\/\"},\"wordCount\":336,\"publisher\":{\"@id\":\"https:\\\/\\\/franciscansinternational.org\\\/de\\\/#organization\"},\"image\":{\"@id\":\"https:\\\/\\\/franciscansinternational.org\\\/de\\\/cedaw-franziskanerinnen-sprechen-ueber-die-situation-der-arbeiter-auf-teeplantagen-in-sri-lanka\\\/#primaryimage\"},\"thumbnailUrl\":\"https:\\\/\\\/franciscansinternational.org\\\/de\\\/wp-content\\\/uploads\\\/sites\\\/4\\\/2025\\\/02\\\/CEDAW_SriLanka_Thumb-scaled.jpg\",\"keywords\":[\"Achtung der Menschenw\u00fcrde\",\"Asien-Pazifik-Programm\"],\"articleSection\":[\"Nachrichten\"],\"inLanguage\":\"de\"},{\"@type\":\"WebPage\",\"@id\":\"https:\\\/\\\/franciscansinternational.org\\\/de\\\/cedaw-franziskanerinnen-sprechen-ueber-die-situation-der-arbeiter-auf-teeplantagen-in-sri-lanka\\\/\",\"url\":\"https:\\\/\\\/franciscansinternational.org\\\/de\\\/cedaw-franziskanerinnen-sprechen-ueber-die-situation-der-arbeiter-auf-teeplantagen-in-sri-lanka\\\/\",\"name\":\"CEDAW: Franziskanerinnen sprechen \u00fcber die Situation der Arbeiter auf Teeplantagen in Sri Lanka - Franciscans International (DE)\",\"isPartOf\":{\"@id\":\"https:\\\/\\\/franciscansinternational.org\\\/de\\\/#website\"},\"primaryImageOfPage\":{\"@id\":\"https:\\\/\\\/franciscansinternational.org\\\/de\\\/cedaw-franziskanerinnen-sprechen-ueber-die-situation-der-arbeiter-auf-teeplantagen-in-sri-lanka\\\/#primaryimage\"},\"image\":{\"@id\":\"https:\\\/\\\/franciscansinternational.org\\\/de\\\/cedaw-franziskanerinnen-sprechen-ueber-die-situation-der-arbeiter-auf-teeplantagen-in-sri-lanka\\\/#primaryimage\"},\"thumbnailUrl\":\"https:\\\/\\\/franciscansinternational.org\\\/de\\\/wp-content\\\/uploads\\\/sites\\\/4\\\/2025\\\/02\\\/CEDAW_SriLanka_Thumb-scaled.jpg\",\"datePublished\":\"2025-02-18T15:35:13+00:00\",\"dateModified\":\"2025-02-18T15:35:14+00:00\",\"breadcrumb\":{\"@id\":\"https:\\\/\\\/franciscansinternational.org\\\/de\\\/cedaw-franziskanerinnen-sprechen-ueber-die-situation-der-arbeiter-auf-teeplantagen-in-sri-lanka\\\/#breadcrumb\"},\"inLanguage\":\"de\",\"potentialAction\":[{\"@type\":\"ReadAction\",\"target\":[\"https:\\\/\\\/franciscansinternational.org\\\/de\\\/cedaw-franziskanerinnen-sprechen-ueber-die-situation-der-arbeiter-auf-teeplantagen-in-sri-lanka\\\/\"]}]},{\"@type\":\"ImageObject\",\"inLanguage\":\"de\",\"@id\":\"https:\\\/\\\/franciscansinternational.org\\\/de\\\/cedaw-franziskanerinnen-sprechen-ueber-die-situation-der-arbeiter-auf-teeplantagen-in-sri-lanka\\\/#primaryimage\",\"url\":\"https:\\\/\\\/franciscansinternational.org\\\/de\\\/wp-content\\\/uploads\\\/sites\\\/4\\\/2025\\\/02\\\/CEDAW_SriLanka_Thumb-scaled.jpg\",\"contentUrl\":\"https:\\\/\\\/franciscansinternational.org\\\/de\\\/wp-content\\\/uploads\\\/sites\\\/4\\\/2025\\\/02\\\/CEDAW_SriLanka_Thumb-scaled.jpg\",\"width\":2560,\"height\":1347},{\"@type\":\"BreadcrumbList\",\"@id\":\"https:\\\/\\\/franciscansinternational.org\\\/de\\\/cedaw-franziskanerinnen-sprechen-ueber-die-situation-der-arbeiter-auf-teeplantagen-in-sri-lanka\\\/#breadcrumb\",\"itemListElement\":[{\"@type\":\"ListItem\",\"position\":1,\"name\":\"Home\",\"item\":\"https:\\\/\\\/franciscansinternational.org\\\/de\\\/\"},{\"@type\":\"ListItem\",\"position\":2,\"name\":\"CEDAW: Franziskanerinnen sprechen \u00fcber die Situation der Arbeiter auf Teeplantagen in Sri Lanka\"}]},{\"@type\":\"WebSite\",\"@id\":\"https:\\\/\\\/franciscansinternational.org\\\/de\\\/#website\",\"url\":\"https:\\\/\\\/franciscansinternational.org\\\/de\\\/\",\"name\":\"Franciscans International (DE)\",\"description\":\"Just another Franciscans International site\",\"publisher\":{\"@id\":\"https:\\\/\\\/franciscansinternational.org\\\/de\\\/#organization\"},\"potentialAction\":[{\"@type\":\"SearchAction\",\"target\":{\"@type\":\"EntryPoint\",\"urlTemplate\":\"https:\\\/\\\/franciscansinternational.org\\\/de\\\/?s={search_term_string}\"},\"query-input\":{\"@type\":\"PropertyValueSpecification\",\"valueRequired\":true,\"valueName\":\"search_term_string\"}}],\"inLanguage\":\"de\"},{\"@type\":\"Organization\",\"@id\":\"https:\\\/\\\/franciscansinternational.org\\\/de\\\/#organization\",\"name\":\"Franciscans International (DE)\",\"url\":\"https:\\\/\\\/franciscansinternational.org\\\/de\\\/\",\"logo\":{\"@type\":\"ImageObject\",\"inLanguage\":\"de\",\"@id\":\"https:\\\/\\\/franciscansinternational.org\\\/de\\\/#\\\/schema\\\/logo\\\/image\\\/\",\"url\":\"https:\\\/\\\/franciscansinternational.org\\\/wp-content\\\/uploads\\\/sites\\\/4\\\/2023\\\/05\\\/logo-3.png\",\"contentUrl\":\"https:\\\/\\\/franciscansinternational.org\\\/wp-content\\\/uploads\\\/sites\\\/4\\\/2023\\\/05\\\/logo-3.png\",\"width\":1200,\"height\":205,\"caption\":\"Franciscans International (DE)\"},\"image\":{\"@id\":\"https:\\\/\\\/franciscansinternational.org\\\/de\\\/#\\\/schema\\\/logo\\\/image\\\/\"},\"sameAs\":[\"https:\\\/\\\/www.facebook.com\\\/FranciscansInternational\\\/\",\"https:\\\/\\\/x.com\\\/FranciscansIntl\",\"https:\\\/\\\/www.youtube.com\\\/channel\\\/UCexu0i-fWB4wwrlPMCz8_Zg\"]},{\"@type\":\"Person\",\"@id\":\"https:\\\/\\\/franciscansinternational.org\\\/de\\\/#\\\/schema\\\/person\\\/f398f02712a9dcab7603295bc1ea94e4\",\"name\":\"communications\",\"image\":{\"@type\":\"ImageObject\",\"inLanguage\":\"de\",\"@id\":\"https:\\\/\\\/secure.gravatar.com\\\/avatar\\\/0b4a62226a9b4f7ce621ec49ca40be1e77d886a42ca84b8a0b0697e9ec17dd63?s=96&d=mm&r=g\",\"url\":\"https:\\\/\\\/secure.gravatar.com\\\/avatar\\\/0b4a62226a9b4f7ce621ec49ca40be1e77d886a42ca84b8a0b0697e9ec17dd63?s=96&d=mm&r=g\",\"contentUrl\":\"https:\\\/\\\/secure.gravatar.com\\\/avatar\\\/0b4a62226a9b4f7ce621ec49ca40be1e77d886a42ca84b8a0b0697e9ec17dd63?s=96&d=mm&r=g\",\"caption\":\"communications\"},\"url\":\"https:\\\/\\\/franciscansinternational.org\\\/de\\\/author\\\/communications\\\/\"}]}<\/script>\n<!-- \/ Yoast SEO plugin. -->","yoast_head_json":{"title":"CEDAW: Franziskanerinnen sprechen \u00fcber die Situation der Arbeiter auf Teeplantagen in Sri Lanka - Franciscans International (DE)","robots":{"index":"index","follow":"follow","max-snippet":"max-snippet:-1","max-image-preview":"max-image-preview:large","max-video-preview":"max-video-preview:-1"},"canonical":"https:\/\/franciscansinternational.org\/de\/cedaw-franziskanerinnen-sprechen-ueber-die-situation-der-arbeiter-auf-teeplantagen-in-sri-lanka\/","og_locale":"de_DE","og_type":"article","og_title":"CEDAW: Franziskanerinnen sprechen \u00fcber die Situation der Arbeiter auf Teeplantagen in Sri Lanka - Franciscans International (DE)","og_description":"Frauen und M\u00e4dchen, die auf Teeplantagen in Sri Lanka arbeiten, sind mit einer Vielzahl von Herausforderungen konfrontiert, die von unfairen ...","og_url":"https:\/\/franciscansinternational.org\/de\/cedaw-franziskanerinnen-sprechen-ueber-die-situation-der-arbeiter-auf-teeplantagen-in-sri-lanka\/","og_site_name":"Franciscans International (DE)","article_publisher":"https:\/\/www.facebook.com\/FranciscansInternational\/","article_published_time":"2025-02-18T15:35:13+00:00","article_modified_time":"2025-02-18T15:35:14+00:00","og_image":[{"width":2560,"height":1347,"url":"https:\/\/franciscansinternational.org\/de\/wp-content\/uploads\/sites\/4\/2025\/02\/CEDAW_SriLanka_Thumb-scaled.jpg","type":"image\/jpeg"}],"author":"communications","twitter_card":"summary_large_image","twitter_creator":"@FranciscansIntl","twitter_site":"@FranciscansIntl","twitter_misc":{"Verfasst von":"communications","Gesch\u00e4tzte Lesezeit":"2\u00a0Minuten"},"schema":{"@context":"https:\/\/schema.org","@graph":[{"@type":"Article","@id":"https:\/\/franciscansinternational.org\/de\/cedaw-franziskanerinnen-sprechen-ueber-die-situation-der-arbeiter-auf-teeplantagen-in-sri-lanka\/#article","isPartOf":{"@id":"https:\/\/franciscansinternational.org\/de\/cedaw-franziskanerinnen-sprechen-ueber-die-situation-der-arbeiter-auf-teeplantagen-in-sri-lanka\/"},"author":{"name":"communications","@id":"https:\/\/franciscansinternational.org\/de\/#\/schema\/person\/f398f02712a9dcab7603295bc1ea94e4"},"headline":"CEDAW: Franziskanerinnen sprechen \u00fcber die Situation der Arbeiter auf Teeplantagen in Sri Lanka","datePublished":"2025-02-18T15:35:13+00:00","dateModified":"2025-02-18T15:35:14+00:00","mainEntityOfPage":{"@id":"https:\/\/franciscansinternational.org\/de\/cedaw-franziskanerinnen-sprechen-ueber-die-situation-der-arbeiter-auf-teeplantagen-in-sri-lanka\/"},"wordCount":336,"publisher":{"@id":"https:\/\/franciscansinternational.org\/de\/#organization"},"image":{"@id":"https:\/\/franciscansinternational.org\/de\/cedaw-franziskanerinnen-sprechen-ueber-die-situation-der-arbeiter-auf-teeplantagen-in-sri-lanka\/#primaryimage"},"thumbnailUrl":"https:\/\/franciscansinternational.org\/de\/wp-content\/uploads\/sites\/4\/2025\/02\/CEDAW_SriLanka_Thumb-scaled.jpg","keywords":["Achtung der Menschenw\u00fcrde","Asien-Pazifik-Programm"],"articleSection":["Nachrichten"],"inLanguage":"de"},{"@type":"WebPage","@id":"https:\/\/franciscansinternational.org\/de\/cedaw-franziskanerinnen-sprechen-ueber-die-situation-der-arbeiter-auf-teeplantagen-in-sri-lanka\/","url":"https:\/\/franciscansinternational.org\/de\/cedaw-franziskanerinnen-sprechen-ueber-die-situation-der-arbeiter-auf-teeplantagen-in-sri-lanka\/","name":"CEDAW: Franziskanerinnen sprechen \u00fcber die Situation der Arbeiter auf Teeplantagen in Sri Lanka - Franciscans International (DE)","isPartOf":{"@id":"https:\/\/franciscansinternational.org\/de\/#website"},"primaryImageOfPage":{"@id":"https:\/\/franciscansinternational.org\/de\/cedaw-franziskanerinnen-sprechen-ueber-die-situation-der-arbeiter-auf-teeplantagen-in-sri-lanka\/#primaryimage"},"image":{"@id":"https:\/\/franciscansinternational.org\/de\/cedaw-franziskanerinnen-sprechen-ueber-die-situation-der-arbeiter-auf-teeplantagen-in-sri-lanka\/#primaryimage"},"thumbnailUrl":"https:\/\/franciscansinternational.org\/de\/wp-content\/uploads\/sites\/4\/2025\/02\/CEDAW_SriLanka_Thumb-scaled.jpg","datePublished":"2025-02-18T15:35:13+00:00","dateModified":"2025-02-18T15:35:14+00:00","breadcrumb":{"@id":"https:\/\/franciscansinternational.org\/de\/cedaw-franziskanerinnen-sprechen-ueber-die-situation-der-arbeiter-auf-teeplantagen-in-sri-lanka\/#breadcrumb"},"inLanguage":"de","potentialAction":[{"@type":"ReadAction","target":["https:\/\/franciscansinternational.org\/de\/cedaw-franziskanerinnen-sprechen-ueber-die-situation-der-arbeiter-auf-teeplantagen-in-sri-lanka\/"]}]},{"@type":"ImageObject","inLanguage":"de","@id":"https:\/\/franciscansinternational.org\/de\/cedaw-franziskanerinnen-sprechen-ueber-die-situation-der-arbeiter-auf-teeplantagen-in-sri-lanka\/#primaryimage","url":"https:\/\/franciscansinternational.org\/de\/wp-content\/uploads\/sites\/4\/2025\/02\/CEDAW_SriLanka_Thumb-scaled.jpg","contentUrl":"https:\/\/franciscansinternational.org\/de\/wp-content\/uploads\/sites\/4\/2025\/02\/CEDAW_SriLanka_Thumb-scaled.jpg","width":2560,"height":1347},{"@type":"BreadcrumbList","@id":"https:\/\/franciscansinternational.org\/de\/cedaw-franziskanerinnen-sprechen-ueber-die-situation-der-arbeiter-auf-teeplantagen-in-sri-lanka\/#breadcrumb","itemListElement":[{"@type":"ListItem","position":1,"name":"Home","item":"https:\/\/franciscansinternational.org\/de\/"},{"@type":"ListItem","position":2,"name":"CEDAW: Franziskanerinnen sprechen \u00fcber die Situation der Arbeiter auf Teeplantagen in Sri Lanka"}]},{"@type":"WebSite","@id":"https:\/\/franciscansinternational.org\/de\/#website","url":"https:\/\/franciscansinternational.org\/de\/","name":"Franciscans International (DE)","description":"Just another Franciscans International site","publisher":{"@id":"https:\/\/franciscansinternational.org\/de\/#organization"},"potentialAction":[{"@type":"SearchAction","target":{"@type":"EntryPoint","urlTemplate":"https:\/\/franciscansinternational.org\/de\/?s={search_term_string}"},"query-input":{"@type":"PropertyValueSpecification","valueRequired":true,"valueName":"search_term_string"}}],"inLanguage":"de"},{"@type":"Organization","@id":"https:\/\/franciscansinternational.org\/de\/#organization","name":"Franciscans International (DE)","url":"https:\/\/franciscansinternational.org\/de\/","logo":{"@type":"ImageObject","inLanguage":"de","@id":"https:\/\/franciscansinternational.org\/de\/#\/schema\/logo\/image\/","url":"https:\/\/franciscansinternational.org\/wp-content\/uploads\/sites\/4\/2023\/05\/logo-3.png","contentUrl":"https:\/\/franciscansinternational.org\/wp-content\/uploads\/sites\/4\/2023\/05\/logo-3.png","width":1200,"height":205,"caption":"Franciscans International (DE)"},"image":{"@id":"https:\/\/franciscansinternational.org\/de\/#\/schema\/logo\/image\/"},"sameAs":["https:\/\/www.facebook.com\/FranciscansInternational\/","https:\/\/x.com\/FranciscansIntl","https:\/\/www.youtube.com\/channel\/UCexu0i-fWB4wwrlPMCz8_Zg"]},{"@type":"Person","@id":"https:\/\/franciscansinternational.org\/de\/#\/schema\/person\/f398f02712a9dcab7603295bc1ea94e4","name":"communications","image":{"@type":"ImageObject","inLanguage":"de","@id":"https:\/\/secure.gravatar.com\/avatar\/0b4a62226a9b4f7ce621ec49ca40be1e77d886a42ca84b8a0b0697e9ec17dd63?s=96&d=mm&r=g","url":"https:\/\/secure.gravatar.com\/avatar\/0b4a62226a9b4f7ce621ec49ca40be1e77d886a42ca84b8a0b0697e9ec17dd63?s=96&d=mm&r=g","contentUrl":"https:\/\/secure.gravatar.com\/avatar\/0b4a62226a9b4f7ce621ec49ca40be1e77d886a42ca84b8a0b0697e9ec17dd63?s=96&d=mm&r=g","caption":"communications"},"url":"https:\/\/franciscansinternational.org\/de\/author\/communications\/"}]}},"jetpack_featured_media_url":"https:\/\/franciscansinternational.org\/de\/wp-content\/uploads\/sites\/4\/2025\/02\/CEDAW_SriLanka_Thumb-scaled.jpg","jetpack_sharing_enabled":true,"_links":{"self":[{"href":"https:\/\/franciscansinternational.org\/de\/wp-json\/wp\/v2\/posts\/675","targetHints":{"allow":["GET"]}}],"collection":[{"href":"https:\/\/franciscansinternational.org\/de\/wp-json\/wp\/v2\/posts"}],"about":[{"href":"https:\/\/franciscansinternational.org\/de\/wp-json\/wp\/v2\/types\/post"}],"author":[{"embeddable":true,"href":"https:\/\/franciscansinternational.org\/de\/wp-json\/wp\/v2\/users\/3"}],"replies":[{"embeddable":true,"href":"https:\/\/franciscansinternational.org\/de\/wp-json\/wp\/v2\/comments?post=675"}],"version-history":[{"count":1,"href":"https:\/\/franciscansinternational.org\/de\/wp-json\/wp\/v2\/posts\/675\/revisions"}],"predecessor-version":[{"id":677,"href":"https:\/\/franciscansinternational.org\/de\/wp-json\/wp\/v2\/posts\/675\/revisions\/677"}],"wp:featuredmedia":[{"embeddable":true,"href":"https:\/\/franciscansinternational.org\/de\/wp-json\/wp\/v2\/media\/676"}],"wp:attachment":[{"href":"https:\/\/franciscansinternational.org\/de\/wp-json\/wp\/v2\/media?parent=675"}],"wp:term":[{"taxonomy":"category","embeddable":true,"href":"https:\/\/franciscansinternational.org\/de\/wp-json\/wp\/v2\/categories?post=675"},{"taxonomy":"post_tag","embeddable":true,"href":"https:\/\/franciscansinternational.org\/de\/wp-json\/wp\/v2\/tags?post=675"}],"curies":[{"name":"wp","href":"https:\/\/api.w.org\/{rel}","templated":true}]}}