{"id":812,"date":"2025-09-02T14:28:19","date_gmt":"2025-09-02T14:28:19","guid":{"rendered":"https:\/\/franciscansinternational.org\/de\/?p=812"},"modified":"2025-09-02T14:44:57","modified_gmt":"2025-09-02T14:44:57","slug":"franziskanerinnen-bereiten-sich-darauf-vor-die-ursachen-der-anhaltenden-gewalt-im-norden-mosambiks-vor-der-uno-anzusprechen","status":"publish","type":"post","link":"https:\/\/franciscansinternational.org\/de\/franziskanerinnen-bereiten-sich-darauf-vor-die-ursachen-der-anhaltenden-gewalt-im-norden-mosambiks-vor-der-uno-anzusprechen\/","title":{"rendered":"Franziskaner*innen bereiten sich darauf vor, die Ursachen der anhaltenden Gewalt im Norden Mosambiks vor der UNO anzusprechen"},"content":{"rendered":"\n<p>Im Oktober 2017 l\u00f6ste eine Reihe von Angriffen aufst\u00e4ndischer Gruppen in der n\u00f6rdlichen Provinz Cabo Delgado in Mosambik einen Konflikt aus, durch den \u00fcber 600.000 Menschen vertrieben wurden. Die Franziskaner*innen reagierten zun\u00e4chst auf die Krise, indem sie Hilfsstrukturen f\u00fcr die Wellen von Binnenfl\u00fcchtlingen einrichteten und versuchten, den Mangel an Nahrungsmitteln, Wasser, Unterk\u00fcnften und Bildung zu beheben und Traumata bei den Menschen zu verhindern, die vor der Gewalt flohen.&nbsp;<\/p>\n\n\n\n<p>Seitdem haben sich die K\u00e4mpfe zwischen den schlecht ausgebildeten mosambikanischen Streitkr\u00e4ften und den Rebellen zu einem langwierigen Konflikt geringer Intensit\u00e4t entwickelt, dessen Ende nicht absehbar ist. Abgesehen von sporadischen Angriffen der Rebellen auf Gemeinden haben immer mehr Menschenrechtsverletzungen durch Regierungstruppen, die nicht zur Rechenschaft gezogen werden, das Vertrauen derjenigen ersch\u00fcttert, die sie eigentlich sch\u00fctzen sollten. <\/p>\n\n\n\n<p>Der Konflikt wird nicht nur durch das Vorkommen von Erdgas, \u00d6l und anderen nat\u00fcrlichen Ressourcen angeheizt, sondern auch durch eine Verschiebung der lokalen Dynamik, da die Gemeinden wirtschaftlich nicht von den Aktivit\u00e4ten transnationaler Unternehmen profitieren. Stattdessen wurden lokale Handwerker aus ihren regul\u00e4ren T\u00e4tigkeiten verdr\u00e4ngt, was die Spannungen in einer Provinz weiter versch\u00e4rft hat, die seit langem politisch, sozial und wirtschaftlich marginalisiert ist.&nbsp;<\/p>\n\n\n\n<p><\/p>\n\n\n\n<figure class=\"wp-block-gallery has-nested-images columns-default is-cropped wp-block-gallery-1 is-layout-flex wp-block-gallery-is-layout-flex\">\n<figure class=\"wp-block-image size-large\"><img loading=\"lazy\" decoding=\"async\" width=\"1016\" height=\"677\" data-id=\"813\" src=\"https:\/\/franciscansinternational.org\/de\/wp-content\/uploads\/sites\/4\/2025\/09\/2025_Mozambique1.jpg\" alt=\"\" class=\"wp-image-813\" srcset=\"https:\/\/franciscansinternational.org\/de\/wp-content\/uploads\/sites\/4\/2025\/09\/2025_Mozambique1.jpg 1016w, https:\/\/franciscansinternational.org\/de\/wp-content\/uploads\/sites\/4\/2025\/09\/2025_Mozambique1-300x200.jpg 300w, https:\/\/franciscansinternational.org\/de\/wp-content\/uploads\/sites\/4\/2025\/09\/2025_Mozambique1-768x512.jpg 768w\" sizes=\"auto, (max-width: 1016px) 100vw, 1016px\" \/><\/figure>\n\n\n\n<figure class=\"wp-block-image size-large\"><img loading=\"lazy\" decoding=\"async\" width=\"1000\" height=\"667\" data-id=\"814\" src=\"https:\/\/franciscansinternational.org\/de\/wp-content\/uploads\/sites\/4\/2025\/09\/2025_Mozambique2.jpg\" alt=\"\" class=\"wp-image-814\" srcset=\"https:\/\/franciscansinternational.org\/de\/wp-content\/uploads\/sites\/4\/2025\/09\/2025_Mozambique2.jpg 1000w, https:\/\/franciscansinternational.org\/de\/wp-content\/uploads\/sites\/4\/2025\/09\/2025_Mozambique2-300x200.jpg 300w, https:\/\/franciscansinternational.org\/de\/wp-content\/uploads\/sites\/4\/2025\/09\/2025_Mozambique2-768x512.jpg 768w\" sizes=\"auto, (max-width: 1000px) 100vw, 1000px\" \/><\/figure>\n\n\n\n<figure class=\"wp-block-image size-large\"><img loading=\"lazy\" decoding=\"async\" width=\"1024\" height=\"682\" data-id=\"815\" src=\"https:\/\/franciscansinternational.org\/de\/wp-content\/uploads\/sites\/4\/2025\/09\/2025_Mozambique3-1024x682.jpg\" alt=\"\" class=\"wp-image-815\" srcset=\"https:\/\/franciscansinternational.org\/de\/wp-content\/uploads\/sites\/4\/2025\/09\/2025_Mozambique3-1024x682.jpg 1024w, https:\/\/franciscansinternational.org\/de\/wp-content\/uploads\/sites\/4\/2025\/09\/2025_Mozambique3-300x200.jpg 300w, https:\/\/franciscansinternational.org\/de\/wp-content\/uploads\/sites\/4\/2025\/09\/2025_Mozambique3-768x512.jpg 768w, https:\/\/franciscansinternational.org\/de\/wp-content\/uploads\/sites\/4\/2025\/09\/2025_Mozambique3-1536x1023.jpg 1536w, https:\/\/franciscansinternational.org\/de\/wp-content\/uploads\/sites\/4\/2025\/09\/2025_Mozambique3.jpg 1600w\" sizes=\"auto, (max-width: 1024px) 100vw, 1024px\" \/><\/figure>\n<\/figure>\n\n\n\n<p><\/p>\n\n\n\n<p>Franciscans International reiste k\u00fcrzlich nach Mosambik, wo wir das Corane-Fl\u00fcchtlingslager besuchten und uns mit Gemeindevorstehern, Vertretern der Zivilgesellschaft und anderen Interessengruppen trafen. Wir nutzten die Gelegenheit auch, um im Vorfeld der bevorstehenden allgemeinen regelm\u00e4\u00dfigen \u00dcberpr\u00fcfung (UPR) Mosambiks einen Workshop zum Thema Menschenrechte anzubieten. Die Schulung, an der verschiedene Zweige der franziskanischen Familie teilnahmen, behandelte eine Reihe von Themen, darunter Dokumentation und Strategien zur St\u00e4rkung bestehender Netzwerke und die sich wandelnde Rolle der Franziskaner*innen im Umgang mit dem Konflikt.<\/p>\n\n\n\n<p>Seit dem&nbsp;<a href=\"https:\/\/franciscansinternational.org\/de\/ein-vergessener-konflikt-im-norden-mosambiks\/\">letzten Besuch von FI im Jahr 2022<\/a>&nbsp;hat die Einschr\u00e4nkung des zivilgesellschaftlichen Raums in Mosambik die unabh\u00e4ngige Beobachtung und Berichterstattung erheblich behindert, da Medienvertretern der Zugang zu Cabo Delgado verwehrt wurde. Die aufgrund des Konflikts eingeschr\u00e4nkte Pr\u00e4senz staatlicher Institutionen, einschlie\u00dflich der Justiz, erschwert den Zugang zu verl\u00e4sslichen Informationen zus\u00e4tzlich. Angesichts der schwindenden internationalen humanit\u00e4ren Hilfe geh\u00f6ren die Franziskaner*innen und andere kirchliche Netzwerke zu den wenigen, die Unterst\u00fctzung leisten und Menschenrechtsverletzungen dokumentieren k\u00f6nnen.<\/p>\n\n\n\n<p>In den n\u00e4chsten Monaten wird FI eng mit den Franziskanern und Franziskanerinnen in Mosambik zusammenarbeiten, die eine Stellungnahme f\u00fcr die UPR vorbereiten, einen Mechanismus der Vereinten Nationen, durch den die Menschenrechtsbilanz aller Mitgliedstaaten turnusm\u00e4\u00dfig \u00fcberpr\u00fcft wird. Ihr Bericht wird wichtige Beobachtungen und Empfehlungen zu Wirtschaft und Menschenrechten, zur Lage der Binnenvertriebenen und zur Sicherheitslage in Cabo Delgado enthalten. FI bereitet ebenfalls einen neuen Bericht \u00fcber die Lage vor, der voraussichtlich Ende 2025 ver\u00f6ffentlicht wird.<\/p>\n\n\n\n<p><\/p>\n\n\n\n<blockquote class=\"wp-block-quote has-small-font-size is-layout-flow wp-block-quote-is-layout-flow\">\n<p>Dies ist eine automatische \u00dcbersetzung. Wir entschuldigen uns f\u00fcr eventuelle Fehler, die dadurch entstanden sind. Im Falle von Abweichungen ist die englische Fassung ma\u00dfgebend.<\/p>\n<\/blockquote>\n","protected":false},"excerpt":{"rendered":"<p>Im Oktober 2017 l\u00f6ste eine Reihe von Angriffen aufst\u00e4ndischer Gruppen in der n\u00f6rdlichen Provinz Cabo Delgado in Mosambik einen Konflikt &#8230; <\/p>\n","protected":false},"author":3,"featured_media":818,"comment_status":"closed","ping_status":"closed","sticky":false,"template":"","format":"standard","meta":{"_relevanssi_hide_post":"","_relevanssi_hide_content":"","_relevanssi_pin_for_all":"","_relevanssi_pin_keywords":"","_relevanssi_unpin_keywords":"","_relevanssi_related_keywords":"","_relevanssi_related_include_ids":"","_relevanssi_related_exclude_ids":"","_relevanssi_related_no_append":"","_relevanssi_related_not_related":"","_relevanssi_related_posts":"587,661,629,574,784,553","_relevanssi_noindex_reason":"","_jetpack_memberships_contains_paid_content":false,"footnotes":""},"categories":[33],"tags":[9,5,12],"class_list":["post-812","post","type-post","status-publish","format-standard","has-post-thumbnail","hentry","category-franziskanerinnen-bei-den-vereinten-nationen","tag-achtung-der-menschenwuerde","tag-afrika-programm","tag-frieden-und-menschenrechte"],"acf":[],"yoast_head":"<!-- This site is optimized with the Yoast SEO plugin v27.4 - https:\/\/yoast.com\/product\/yoast-seo-wordpress\/ -->\n<title>Franziskaner*innen bereiten sich darauf vor, die Ursachen der anhaltenden Gewalt im Norden Mosambiks vor der UNO anzusprechen - Franciscans International (DE)<\/title>\n<meta name=\"robots\" content=\"index, follow, max-snippet:-1, max-image-preview:large, max-video-preview:-1\" \/>\n<link rel=\"canonical\" href=\"https:\/\/franciscansinternational.org\/de\/franziskanerinnen-bereiten-sich-darauf-vor-die-ursachen-der-anhaltenden-gewalt-im-norden-mosambiks-vor-der-uno-anzusprechen\/\" \/>\n<meta property=\"og:locale\" content=\"de_DE\" \/>\n<meta property=\"og:type\" content=\"article\" \/>\n<meta property=\"og:title\" content=\"Franziskaner*innen bereiten sich darauf vor, die Ursachen der anhaltenden Gewalt im Norden Mosambiks vor der UNO anzusprechen - Franciscans International (DE)\" \/>\n<meta property=\"og:description\" content=\"Im Oktober 2017 l\u00f6ste eine Reihe von Angriffen aufst\u00e4ndischer Gruppen in der n\u00f6rdlichen Provinz Cabo Delgado in Mosambik einen Konflikt ...\" \/>\n<meta property=\"og:url\" content=\"https:\/\/franciscansinternational.org\/de\/franziskanerinnen-bereiten-sich-darauf-vor-die-ursachen-der-anhaltenden-gewalt-im-norden-mosambiks-vor-der-uno-anzusprechen\/\" \/>\n<meta property=\"og:site_name\" content=\"Franciscans International (DE)\" \/>\n<meta property=\"article:publisher\" content=\"https:\/\/www.facebook.com\/FranciscansInternational\/\" \/>\n<meta property=\"article:published_time\" content=\"2025-09-02T14:28:19+00:00\" \/>\n<meta property=\"article:modified_time\" content=\"2025-09-02T14:44:57+00:00\" \/>\n<meta property=\"og:image\" content=\"https:\/\/franciscansinternational.org\/de\/wp-content\/uploads\/sites\/4\/2025\/09\/2025_Mozambique_cover.jpg\" \/>\n\t<meta property=\"og:image:width\" content=\"1280\" \/>\n\t<meta property=\"og:image:height\" content=\"800\" \/>\n\t<meta property=\"og:image:type\" content=\"image\/jpeg\" \/>\n<meta name=\"author\" content=\"communications\" \/>\n<meta name=\"twitter:card\" content=\"summary_large_image\" \/>\n<meta name=\"twitter:creator\" content=\"@FranciscansIntl\" \/>\n<meta name=\"twitter:site\" content=\"@FranciscansIntl\" \/>\n<meta name=\"twitter:label1\" content=\"Verfasst von\" \/>\n\t<meta name=\"twitter:data1\" content=\"communications\" \/>\n\t<meta name=\"twitter:label2\" content=\"Gesch\u00e4tzte Lesezeit\" \/>\n\t<meta name=\"twitter:data2\" content=\"4\u00a0Minuten\" \/>\n<script type=\"application\/ld+json\" class=\"yoast-schema-graph\">{\"@context\":\"https:\\\/\\\/schema.org\",\"@graph\":[{\"@type\":\"Article\",\"@id\":\"https:\\\/\\\/franciscansinternational.org\\\/de\\\/franziskanerinnen-bereiten-sich-darauf-vor-die-ursachen-der-anhaltenden-gewalt-im-norden-mosambiks-vor-der-uno-anzusprechen\\\/#article\",\"isPartOf\":{\"@id\":\"https:\\\/\\\/franciscansinternational.org\\\/de\\\/franziskanerinnen-bereiten-sich-darauf-vor-die-ursachen-der-anhaltenden-gewalt-im-norden-mosambiks-vor-der-uno-anzusprechen\\\/\"},\"author\":{\"name\":\"communications\",\"@id\":\"https:\\\/\\\/franciscansinternational.org\\\/de\\\/#\\\/schema\\\/person\\\/f398f02712a9dcab7603295bc1ea94e4\"},\"headline\":\"Franziskaner*innen bereiten sich darauf vor, die Ursachen der anhaltenden Gewalt im Norden Mosambiks vor der UNO anzusprechen\",\"datePublished\":\"2025-09-02T14:28:19+00:00\",\"dateModified\":\"2025-09-02T14:44:57+00:00\",\"mainEntityOfPage\":{\"@id\":\"https:\\\/\\\/franciscansinternational.org\\\/de\\\/franziskanerinnen-bereiten-sich-darauf-vor-die-ursachen-der-anhaltenden-gewalt-im-norden-mosambiks-vor-der-uno-anzusprechen\\\/\"},\"wordCount\":497,\"publisher\":{\"@id\":\"https:\\\/\\\/franciscansinternational.org\\\/de\\\/#organization\"},\"image\":{\"@id\":\"https:\\\/\\\/franciscansinternational.org\\\/de\\\/franziskanerinnen-bereiten-sich-darauf-vor-die-ursachen-der-anhaltenden-gewalt-im-norden-mosambiks-vor-der-uno-anzusprechen\\\/#primaryimage\"},\"thumbnailUrl\":\"https:\\\/\\\/franciscansinternational.org\\\/de\\\/wp-content\\\/uploads\\\/sites\\\/4\\\/2025\\\/09\\\/2025_Mozambique_cover.jpg\",\"keywords\":[\"Achtung der Menschenw\u00fcrde\",\"Afrika-Programm\",\"Frieden und Menschenrechte\"],\"articleSection\":[\"Franziskaner*innen bei den Vereinten Nationen\"],\"inLanguage\":\"de\"},{\"@type\":\"WebPage\",\"@id\":\"https:\\\/\\\/franciscansinternational.org\\\/de\\\/franziskanerinnen-bereiten-sich-darauf-vor-die-ursachen-der-anhaltenden-gewalt-im-norden-mosambiks-vor-der-uno-anzusprechen\\\/\",\"url\":\"https:\\\/\\\/franciscansinternational.org\\\/de\\\/franziskanerinnen-bereiten-sich-darauf-vor-die-ursachen-der-anhaltenden-gewalt-im-norden-mosambiks-vor-der-uno-anzusprechen\\\/\",\"name\":\"Franziskaner*innen bereiten sich darauf vor, die Ursachen der anhaltenden Gewalt im Norden Mosambiks vor der UNO anzusprechen - Franciscans International (DE)\",\"isPartOf\":{\"@id\":\"https:\\\/\\\/franciscansinternational.org\\\/de\\\/#website\"},\"primaryImageOfPage\":{\"@id\":\"https:\\\/\\\/franciscansinternational.org\\\/de\\\/franziskanerinnen-bereiten-sich-darauf-vor-die-ursachen-der-anhaltenden-gewalt-im-norden-mosambiks-vor-der-uno-anzusprechen\\\/#primaryimage\"},\"image\":{\"@id\":\"https:\\\/\\\/franciscansinternational.org\\\/de\\\/franziskanerinnen-bereiten-sich-darauf-vor-die-ursachen-der-anhaltenden-gewalt-im-norden-mosambiks-vor-der-uno-anzusprechen\\\/#primaryimage\"},\"thumbnailUrl\":\"https:\\\/\\\/franciscansinternational.org\\\/de\\\/wp-content\\\/uploads\\\/sites\\\/4\\\/2025\\\/09\\\/2025_Mozambique_cover.jpg\",\"datePublished\":\"2025-09-02T14:28:19+00:00\",\"dateModified\":\"2025-09-02T14:44:57+00:00\",\"breadcrumb\":{\"@id\":\"https:\\\/\\\/franciscansinternational.org\\\/de\\\/franziskanerinnen-bereiten-sich-darauf-vor-die-ursachen-der-anhaltenden-gewalt-im-norden-mosambiks-vor-der-uno-anzusprechen\\\/#breadcrumb\"},\"inLanguage\":\"de\",\"potentialAction\":[{\"@type\":\"ReadAction\",\"target\":[\"https:\\\/\\\/franciscansinternational.org\\\/de\\\/franziskanerinnen-bereiten-sich-darauf-vor-die-ursachen-der-anhaltenden-gewalt-im-norden-mosambiks-vor-der-uno-anzusprechen\\\/\"]}]},{\"@type\":\"ImageObject\",\"inLanguage\":\"de\",\"@id\":\"https:\\\/\\\/franciscansinternational.org\\\/de\\\/franziskanerinnen-bereiten-sich-darauf-vor-die-ursachen-der-anhaltenden-gewalt-im-norden-mosambiks-vor-der-uno-anzusprechen\\\/#primaryimage\",\"url\":\"https:\\\/\\\/franciscansinternational.org\\\/de\\\/wp-content\\\/uploads\\\/sites\\\/4\\\/2025\\\/09\\\/2025_Mozambique_cover.jpg\",\"contentUrl\":\"https:\\\/\\\/franciscansinternational.org\\\/de\\\/wp-content\\\/uploads\\\/sites\\\/4\\\/2025\\\/09\\\/2025_Mozambique_cover.jpg\",\"width\":1280,\"height\":800},{\"@type\":\"BreadcrumbList\",\"@id\":\"https:\\\/\\\/franciscansinternational.org\\\/de\\\/franziskanerinnen-bereiten-sich-darauf-vor-die-ursachen-der-anhaltenden-gewalt-im-norden-mosambiks-vor-der-uno-anzusprechen\\\/#breadcrumb\",\"itemListElement\":[{\"@type\":\"ListItem\",\"position\":1,\"name\":\"Home\",\"item\":\"https:\\\/\\\/franciscansinternational.org\\\/de\\\/\"},{\"@type\":\"ListItem\",\"position\":2,\"name\":\"Franziskaner*innen bereiten sich darauf vor, die Ursachen der anhaltenden Gewalt im Norden Mosambiks vor der UNO anzusprechen\"}]},{\"@type\":\"WebSite\",\"@id\":\"https:\\\/\\\/franciscansinternational.org\\\/de\\\/#website\",\"url\":\"https:\\\/\\\/franciscansinternational.org\\\/de\\\/\",\"name\":\"Franciscans International (DE)\",\"description\":\"Just another Franciscans International site\",\"publisher\":{\"@id\":\"https:\\\/\\\/franciscansinternational.org\\\/de\\\/#organization\"},\"potentialAction\":[{\"@type\":\"SearchAction\",\"target\":{\"@type\":\"EntryPoint\",\"urlTemplate\":\"https:\\\/\\\/franciscansinternational.org\\\/de\\\/?s={search_term_string}\"},\"query-input\":{\"@type\":\"PropertyValueSpecification\",\"valueRequired\":true,\"valueName\":\"search_term_string\"}}],\"inLanguage\":\"de\"},{\"@type\":\"Organization\",\"@id\":\"https:\\\/\\\/franciscansinternational.org\\\/de\\\/#organization\",\"name\":\"Franciscans International (DE)\",\"url\":\"https:\\\/\\\/franciscansinternational.org\\\/de\\\/\",\"logo\":{\"@type\":\"ImageObject\",\"inLanguage\":\"de\",\"@id\":\"https:\\\/\\\/franciscansinternational.org\\\/de\\\/#\\\/schema\\\/logo\\\/image\\\/\",\"url\":\"https:\\\/\\\/franciscansinternational.org\\\/wp-content\\\/uploads\\\/sites\\\/4\\\/2023\\\/05\\\/logo-3.png\",\"contentUrl\":\"https:\\\/\\\/franciscansinternational.org\\\/wp-content\\\/uploads\\\/sites\\\/4\\\/2023\\\/05\\\/logo-3.png\",\"width\":1200,\"height\":205,\"caption\":\"Franciscans International (DE)\"},\"image\":{\"@id\":\"https:\\\/\\\/franciscansinternational.org\\\/de\\\/#\\\/schema\\\/logo\\\/image\\\/\"},\"sameAs\":[\"https:\\\/\\\/www.facebook.com\\\/FranciscansInternational\\\/\",\"https:\\\/\\\/x.com\\\/FranciscansIntl\",\"https:\\\/\\\/www.youtube.com\\\/channel\\\/UCexu0i-fWB4wwrlPMCz8_Zg\"]},{\"@type\":\"Person\",\"@id\":\"https:\\\/\\\/franciscansinternational.org\\\/de\\\/#\\\/schema\\\/person\\\/f398f02712a9dcab7603295bc1ea94e4\",\"name\":\"communications\",\"image\":{\"@type\":\"ImageObject\",\"inLanguage\":\"de\",\"@id\":\"https:\\\/\\\/secure.gravatar.com\\\/avatar\\\/0b4a62226a9b4f7ce621ec49ca40be1e77d886a42ca84b8a0b0697e9ec17dd63?s=96&d=mm&r=g\",\"url\":\"https:\\\/\\\/secure.gravatar.com\\\/avatar\\\/0b4a62226a9b4f7ce621ec49ca40be1e77d886a42ca84b8a0b0697e9ec17dd63?s=96&d=mm&r=g\",\"contentUrl\":\"https:\\\/\\\/secure.gravatar.com\\\/avatar\\\/0b4a62226a9b4f7ce621ec49ca40be1e77d886a42ca84b8a0b0697e9ec17dd63?s=96&d=mm&r=g\",\"caption\":\"communications\"},\"url\":\"https:\\\/\\\/franciscansinternational.org\\\/de\\\/author\\\/communications\\\/\"}]}<\/script>\n<!-- \/ Yoast SEO plugin. -->","yoast_head_json":{"title":"Franziskaner*innen bereiten sich darauf vor, die Ursachen der anhaltenden Gewalt im Norden Mosambiks vor der UNO anzusprechen - Franciscans International (DE)","robots":{"index":"index","follow":"follow","max-snippet":"max-snippet:-1","max-image-preview":"max-image-preview:large","max-video-preview":"max-video-preview:-1"},"canonical":"https:\/\/franciscansinternational.org\/de\/franziskanerinnen-bereiten-sich-darauf-vor-die-ursachen-der-anhaltenden-gewalt-im-norden-mosambiks-vor-der-uno-anzusprechen\/","og_locale":"de_DE","og_type":"article","og_title":"Franziskaner*innen bereiten sich darauf vor, die Ursachen der anhaltenden Gewalt im Norden Mosambiks vor der UNO anzusprechen - Franciscans International (DE)","og_description":"Im Oktober 2017 l\u00f6ste eine Reihe von Angriffen aufst\u00e4ndischer Gruppen in der n\u00f6rdlichen Provinz Cabo Delgado in Mosambik einen Konflikt ...","og_url":"https:\/\/franciscansinternational.org\/de\/franziskanerinnen-bereiten-sich-darauf-vor-die-ursachen-der-anhaltenden-gewalt-im-norden-mosambiks-vor-der-uno-anzusprechen\/","og_site_name":"Franciscans International (DE)","article_publisher":"https:\/\/www.facebook.com\/FranciscansInternational\/","article_published_time":"2025-09-02T14:28:19+00:00","article_modified_time":"2025-09-02T14:44:57+00:00","og_image":[{"width":1280,"height":800,"url":"https:\/\/franciscansinternational.org\/de\/wp-content\/uploads\/sites\/4\/2025\/09\/2025_Mozambique_cover.jpg","type":"image\/jpeg"}],"author":"communications","twitter_card":"summary_large_image","twitter_creator":"@FranciscansIntl","twitter_site":"@FranciscansIntl","twitter_misc":{"Verfasst von":"communications","Gesch\u00e4tzte Lesezeit":"4\u00a0Minuten"},"schema":{"@context":"https:\/\/schema.org","@graph":[{"@type":"Article","@id":"https:\/\/franciscansinternational.org\/de\/franziskanerinnen-bereiten-sich-darauf-vor-die-ursachen-der-anhaltenden-gewalt-im-norden-mosambiks-vor-der-uno-anzusprechen\/#article","isPartOf":{"@id":"https:\/\/franciscansinternational.org\/de\/franziskanerinnen-bereiten-sich-darauf-vor-die-ursachen-der-anhaltenden-gewalt-im-norden-mosambiks-vor-der-uno-anzusprechen\/"},"author":{"name":"communications","@id":"https:\/\/franciscansinternational.org\/de\/#\/schema\/person\/f398f02712a9dcab7603295bc1ea94e4"},"headline":"Franziskaner*innen bereiten sich darauf vor, die Ursachen der anhaltenden Gewalt im Norden Mosambiks vor der UNO anzusprechen","datePublished":"2025-09-02T14:28:19+00:00","dateModified":"2025-09-02T14:44:57+00:00","mainEntityOfPage":{"@id":"https:\/\/franciscansinternational.org\/de\/franziskanerinnen-bereiten-sich-darauf-vor-die-ursachen-der-anhaltenden-gewalt-im-norden-mosambiks-vor-der-uno-anzusprechen\/"},"wordCount":497,"publisher":{"@id":"https:\/\/franciscansinternational.org\/de\/#organization"},"image":{"@id":"https:\/\/franciscansinternational.org\/de\/franziskanerinnen-bereiten-sich-darauf-vor-die-ursachen-der-anhaltenden-gewalt-im-norden-mosambiks-vor-der-uno-anzusprechen\/#primaryimage"},"thumbnailUrl":"https:\/\/franciscansinternational.org\/de\/wp-content\/uploads\/sites\/4\/2025\/09\/2025_Mozambique_cover.jpg","keywords":["Achtung der Menschenw\u00fcrde","Afrika-Programm","Frieden und Menschenrechte"],"articleSection":["Franziskaner*innen bei den Vereinten Nationen"],"inLanguage":"de"},{"@type":"WebPage","@id":"https:\/\/franciscansinternational.org\/de\/franziskanerinnen-bereiten-sich-darauf-vor-die-ursachen-der-anhaltenden-gewalt-im-norden-mosambiks-vor-der-uno-anzusprechen\/","url":"https:\/\/franciscansinternational.org\/de\/franziskanerinnen-bereiten-sich-darauf-vor-die-ursachen-der-anhaltenden-gewalt-im-norden-mosambiks-vor-der-uno-anzusprechen\/","name":"Franziskaner*innen bereiten sich darauf vor, die Ursachen der anhaltenden Gewalt im Norden Mosambiks vor der UNO anzusprechen - Franciscans International (DE)","isPartOf":{"@id":"https:\/\/franciscansinternational.org\/de\/#website"},"primaryImageOfPage":{"@id":"https:\/\/franciscansinternational.org\/de\/franziskanerinnen-bereiten-sich-darauf-vor-die-ursachen-der-anhaltenden-gewalt-im-norden-mosambiks-vor-der-uno-anzusprechen\/#primaryimage"},"image":{"@id":"https:\/\/franciscansinternational.org\/de\/franziskanerinnen-bereiten-sich-darauf-vor-die-ursachen-der-anhaltenden-gewalt-im-norden-mosambiks-vor-der-uno-anzusprechen\/#primaryimage"},"thumbnailUrl":"https:\/\/franciscansinternational.org\/de\/wp-content\/uploads\/sites\/4\/2025\/09\/2025_Mozambique_cover.jpg","datePublished":"2025-09-02T14:28:19+00:00","dateModified":"2025-09-02T14:44:57+00:00","breadcrumb":{"@id":"https:\/\/franciscansinternational.org\/de\/franziskanerinnen-bereiten-sich-darauf-vor-die-ursachen-der-anhaltenden-gewalt-im-norden-mosambiks-vor-der-uno-anzusprechen\/#breadcrumb"},"inLanguage":"de","potentialAction":[{"@type":"ReadAction","target":["https:\/\/franciscansinternational.org\/de\/franziskanerinnen-bereiten-sich-darauf-vor-die-ursachen-der-anhaltenden-gewalt-im-norden-mosambiks-vor-der-uno-anzusprechen\/"]}]},{"@type":"ImageObject","inLanguage":"de","@id":"https:\/\/franciscansinternational.org\/de\/franziskanerinnen-bereiten-sich-darauf-vor-die-ursachen-der-anhaltenden-gewalt-im-norden-mosambiks-vor-der-uno-anzusprechen\/#primaryimage","url":"https:\/\/franciscansinternational.org\/de\/wp-content\/uploads\/sites\/4\/2025\/09\/2025_Mozambique_cover.jpg","contentUrl":"https:\/\/franciscansinternational.org\/de\/wp-content\/uploads\/sites\/4\/2025\/09\/2025_Mozambique_cover.jpg","width":1280,"height":800},{"@type":"BreadcrumbList","@id":"https:\/\/franciscansinternational.org\/de\/franziskanerinnen-bereiten-sich-darauf-vor-die-ursachen-der-anhaltenden-gewalt-im-norden-mosambiks-vor-der-uno-anzusprechen\/#breadcrumb","itemListElement":[{"@type":"ListItem","position":1,"name":"Home","item":"https:\/\/franciscansinternational.org\/de\/"},{"@type":"ListItem","position":2,"name":"Franziskaner*innen bereiten sich darauf vor, die Ursachen der anhaltenden Gewalt im Norden Mosambiks vor der UNO anzusprechen"}]},{"@type":"WebSite","@id":"https:\/\/franciscansinternational.org\/de\/#website","url":"https:\/\/franciscansinternational.org\/de\/","name":"Franciscans International (DE)","description":"Just another Franciscans International site","publisher":{"@id":"https:\/\/franciscansinternational.org\/de\/#organization"},"potentialAction":[{"@type":"SearchAction","target":{"@type":"EntryPoint","urlTemplate":"https:\/\/franciscansinternational.org\/de\/?s={search_term_string}"},"query-input":{"@type":"PropertyValueSpecification","valueRequired":true,"valueName":"search_term_string"}}],"inLanguage":"de"},{"@type":"Organization","@id":"https:\/\/franciscansinternational.org\/de\/#organization","name":"Franciscans International (DE)","url":"https:\/\/franciscansinternational.org\/de\/","logo":{"@type":"ImageObject","inLanguage":"de","@id":"https:\/\/franciscansinternational.org\/de\/#\/schema\/logo\/image\/","url":"https:\/\/franciscansinternational.org\/wp-content\/uploads\/sites\/4\/2023\/05\/logo-3.png","contentUrl":"https:\/\/franciscansinternational.org\/wp-content\/uploads\/sites\/4\/2023\/05\/logo-3.png","width":1200,"height":205,"caption":"Franciscans International (DE)"},"image":{"@id":"https:\/\/franciscansinternational.org\/de\/#\/schema\/logo\/image\/"},"sameAs":["https:\/\/www.facebook.com\/FranciscansInternational\/","https:\/\/x.com\/FranciscansIntl","https:\/\/www.youtube.com\/channel\/UCexu0i-fWB4wwrlPMCz8_Zg"]},{"@type":"Person","@id":"https:\/\/franciscansinternational.org\/de\/#\/schema\/person\/f398f02712a9dcab7603295bc1ea94e4","name":"communications","image":{"@type":"ImageObject","inLanguage":"de","@id":"https:\/\/secure.gravatar.com\/avatar\/0b4a62226a9b4f7ce621ec49ca40be1e77d886a42ca84b8a0b0697e9ec17dd63?s=96&d=mm&r=g","url":"https:\/\/secure.gravatar.com\/avatar\/0b4a62226a9b4f7ce621ec49ca40be1e77d886a42ca84b8a0b0697e9ec17dd63?s=96&d=mm&r=g","contentUrl":"https:\/\/secure.gravatar.com\/avatar\/0b4a62226a9b4f7ce621ec49ca40be1e77d886a42ca84b8a0b0697e9ec17dd63?s=96&d=mm&r=g","caption":"communications"},"url":"https:\/\/franciscansinternational.org\/de\/author\/communications\/"}]}},"jetpack_featured_media_url":"https:\/\/franciscansinternational.org\/de\/wp-content\/uploads\/sites\/4\/2025\/09\/2025_Mozambique_cover.jpg","jetpack_sharing_enabled":true,"_links":{"self":[{"href":"https:\/\/franciscansinternational.org\/de\/wp-json\/wp\/v2\/posts\/812","targetHints":{"allow":["GET"]}}],"collection":[{"href":"https:\/\/franciscansinternational.org\/de\/wp-json\/wp\/v2\/posts"}],"about":[{"href":"https:\/\/franciscansinternational.org\/de\/wp-json\/wp\/v2\/types\/post"}],"author":[{"embeddable":true,"href":"https:\/\/franciscansinternational.org\/de\/wp-json\/wp\/v2\/users\/3"}],"replies":[{"embeddable":true,"href":"https:\/\/franciscansinternational.org\/de\/wp-json\/wp\/v2\/comments?post=812"}],"version-history":[{"count":2,"href":"https:\/\/franciscansinternational.org\/de\/wp-json\/wp\/v2\/posts\/812\/revisions"}],"predecessor-version":[{"id":819,"href":"https:\/\/franciscansinternational.org\/de\/wp-json\/wp\/v2\/posts\/812\/revisions\/819"}],"wp:featuredmedia":[{"embeddable":true,"href":"https:\/\/franciscansinternational.org\/de\/wp-json\/wp\/v2\/media\/818"}],"wp:attachment":[{"href":"https:\/\/franciscansinternational.org\/de\/wp-json\/wp\/v2\/media?parent=812"}],"wp:term":[{"taxonomy":"category","embeddable":true,"href":"https:\/\/franciscansinternational.org\/de\/wp-json\/wp\/v2\/categories?post=812"},{"taxonomy":"post_tag","embeddable":true,"href":"https:\/\/franciscansinternational.org\/de\/wp-json\/wp\/v2\/tags?post=812"}],"curies":[{"name":"wp","href":"https:\/\/api.w.org\/{rel}","templated":true}]}}