{"id":980,"date":"2026-04-28T07:26:22","date_gmt":"2026-04-28T07:26:22","guid":{"rendered":"https:\/\/franciscansinternational.org\/de\/?p=980"},"modified":"2026-04-28T07:26:23","modified_gmt":"2026-04-28T07:26:23","slug":"aufbau-langfristiger-kapazitaeten-zur-dokumentation-von-menschenrechtsverletzungen-in-guatemala","status":"publish","type":"post","link":"https:\/\/franciscansinternational.org\/de\/aufbau-langfristiger-kapazitaeten-zur-dokumentation-von-menschenrechtsverletzungen-in-guatemala\/","title":{"rendered":"Aufbau langfristiger Kapazit\u00e4ten zur Dokumentation von Menschenrechtsverletzungen in Guatemala\u00a0"},"content":{"rendered":"\n<p>Franciscans International war k\u00fcrzlich in Guatemala, um einen Workshop zum Kapazit\u00e4tsaufbau f\u00fcr Franziskaner*innen und Vertreter der lokalen Zivilgesellschaft durchzuf\u00fchren. Durch Treffen mit lokalen Partnern bot die Mission zudem Einblicke aus erster Hand in die zunehmenden Herausforderungen, denen sich Menschenrechtsverteidiger und indigene Gemeinschaften gegen\u00fcbersehen \u2013 Entwicklungen, die sich nicht allein durch Fern\u00fcberwachung erfassen lassen.&nbsp;<\/p>\n\n\n\n<p>Parallel zu dieser Schulung traf sich FI auch mit dem Guatemala-Team des\u00a0<a href=\"https:\/\/redfranciscana.org\/en\/\" target=\"_blank\" rel=\"noreferrer noopener\">Franciscan Network for Migrants<\/a>\u00a0(RFM), dessen Mitglieder Menschen auf der Flucht direkte humanit\u00e4re Hilfe leisten. Dazu geh\u00f6rt eine wachsende Zahl von R\u00fcckkehrern, die nach einer Abschiebung oder aufgrund der zunehmend restriktiven Einwanderungspolitik in den Vereinigten Staaten zur\u00fcckkehren.<\/p>\n\n\n\n<p>Guatemala steht weiterhin vor einer Vielzahl struktureller Menschenrechtsprobleme. Trotz der Wahl einer reformorientierten Regierung im Jahr 2023 verschlechtert sich die Rechtsstaatlichkeit zunehmend, verbunden mit einer institutionellen Schw\u00e4che, die den Zugang zur Justiz f\u00fcr betroffene Gemeinschaften einschr\u00e4nkt. In einem Umfeld, in dem m\u00e4chtige Konzerne indigene Gebiete bedrohen, haben Menschenrechtsverteidiger die Hauptlast einer Justiz zu tragen, die durch Kriminalisierung, Einsch\u00fcchterung und Repressalien von Partikularinteressen vereinnahmt wurde. Hinzu kommen komplexe Migrationsdynamiken, darunter eine steigende Zahl von R\u00fcckkehrern, die den sozio\u00f6konomischen Druck im Land versch\u00e4rfen.<\/p>\n\n\n\n<p>Eine zentrale Priorit\u00e4t des Besuchs war die St\u00e4rkung der Koordination, Zusammenarbeit und Kapazit\u00e4ten von zivilgesellschaftlichen Organisationen auf nationaler und internationaler Ebene, um Menschenrechtsverletzungen aufzudecken, wenn innerstaatliche Wege versagen. Im Rahmen des Workshops stellte FI die ersten Schritte zur Einleitung eines Dokumentationsprozesses vor, der dazu dienen kann, Menschenrechtsverletzungen bei den UN-Sonderverfahren und anderen relevanten UN-Mechanismen wirksamer zur Sprache zu bringen.<\/p>\n\n\n\n<p>Gleichzeitig hat das RFM die sich wandelnde Migrationsdynamik in der Region noch einmal deutlich gemacht, auf die FI bereits zuvor vor dem UN-Menschenrechtsrat hingewiesen hatte. Die Lage ist zunehmend komplexer geworden, da immer mehr R\u00fcckkehrer Unterst\u00fctzung ben\u00f6tigen und der sozio\u00f6konomische Druck im Land zunimmt. Vor diesem Hintergrund wird FI weiterhin die vom RFM dokumentierten Menschenrechtsverletzungen bei der UNO ansprechen und daran arbeiten, die Kapazit\u00e4ten des Netzwerks zu st\u00e4rken, damit dies in ganz Amerika geschehen kann.<\/p>\n\n\n\n<p>Als ersten Schritt im Anschluss an den Besuch bereitet FI eine Stellungnahme f\u00fcr die UN-Arbeitsgruppe f\u00fcr Wirtschaft und Menschenrechte vor, die Guatemala noch in diesem Jahr besuchen wird. Der Bericht wird die w\u00e4hrend des Workshops gesammelten, in den Gemeinden verankerten Erkenntnisse widerspiegeln, darunter Bedenken hinsichtlich Konflikten um Land und nat\u00fcrliche Ressourcen, die mangelnde Konsultation betroffener Gemeinschaften sowie Umweltsch\u00e4den im Zusammenhang mit wirtschaftlichen Aktivit\u00e4ten.<\/p>\n\n\n\n<p><\/p>\n\n\n\n<p class=\"has-text-align-center has-background has-small-font-size\" style=\"background-color:#f4f5f6\">Dies ist eine automatische \u00dcbersetzung. Wir entschuldigen uns f\u00fcr eventuelle Fehler, die dadurch entstanden sind. Im Falle von Abweichungen ist die englische Fassung ma\u00dfgebend.\u00a0\u00a0<\/p>\n\n\n\n<p><\/p>\n","protected":false},"excerpt":{"rendered":"<p>Franciscans International war k\u00fcrzlich in Guatemala, um einen Workshop zum Kapazit\u00e4tsaufbau f\u00fcr Franziskaner*innen und Vertreter der lokalen Zivilgesellschaft durchzuf\u00fchren. Durch &#8230; <\/p>\n","protected":false},"author":3,"featured_media":981,"comment_status":"closed","ping_status":"closed","sticky":false,"template":"","format":"standard","meta":{"_relevanssi_hide_post":"","_relevanssi_hide_content":"","_relevanssi_pin_for_all":"","_relevanssi_pin_keywords":"","_relevanssi_unpin_keywords":"","_relevanssi_related_keywords":"","_relevanssi_related_include_ids":"","_relevanssi_related_exclude_ids":"","_relevanssi_related_no_append":"","_relevanssi_related_not_related":"","_relevanssi_related_posts":"799,323,744,230,257,675","_relevanssi_noindex_reason":"","_jetpack_memberships_contains_paid_content":false,"footnotes":""},"categories":[1],"tags":[9,6],"class_list":["post-980","post","type-post","status-publish","format-standard","has-post-thumbnail","hentry","category-nachrichten","tag-achtung-der-menschenwuerde","tag-amerika-programm"],"acf":[],"yoast_head":"<!-- This site is optimized with the Yoast SEO plugin v27.5 - https:\/\/yoast.com\/product\/yoast-seo-wordpress\/ -->\n<title>Aufbau langfristiger Kapazit\u00e4ten zur Dokumentation von Menschenrechtsverletzungen in Guatemala\u00a0 - Franciscans International (DE)<\/title>\n<meta name=\"robots\" content=\"index, follow, max-snippet:-1, max-image-preview:large, max-video-preview:-1\" \/>\n<link rel=\"canonical\" href=\"https:\/\/franciscansinternational.org\/de\/aufbau-langfristiger-kapazitaeten-zur-dokumentation-von-menschenrechtsverletzungen-in-guatemala\/\" \/>\n<meta property=\"og:locale\" content=\"de_DE\" \/>\n<meta property=\"og:type\" content=\"article\" \/>\n<meta property=\"og:title\" content=\"Aufbau langfristiger Kapazit\u00e4ten zur Dokumentation von Menschenrechtsverletzungen in Guatemala\u00a0 - Franciscans International (DE)\" \/>\n<meta property=\"og:description\" content=\"Franciscans International war k\u00fcrzlich in Guatemala, um einen Workshop zum Kapazit\u00e4tsaufbau f\u00fcr Franziskaner*innen und Vertreter der lokalen Zivilgesellschaft durchzuf\u00fchren. Durch ...\" \/>\n<meta property=\"og:url\" content=\"https:\/\/franciscansinternational.org\/de\/aufbau-langfristiger-kapazitaeten-zur-dokumentation-von-menschenrechtsverletzungen-in-guatemala\/\" \/>\n<meta property=\"og:site_name\" content=\"Franciscans International (DE)\" \/>\n<meta property=\"article:publisher\" content=\"https:\/\/www.facebook.com\/FranciscansInternational\/\" \/>\n<meta property=\"article:published_time\" content=\"2026-04-28T07:26:22+00:00\" \/>\n<meta property=\"article:modified_time\" content=\"2026-04-28T07:26:23+00:00\" \/>\n<meta property=\"og:image\" content=\"https:\/\/franciscansinternational.org\/de\/wp-content\/uploads\/sites\/4\/2026\/04\/signal-2026-04-27-163813_008.jpeg\" \/>\n\t<meta property=\"og:image:width\" content=\"1600\" \/>\n\t<meta property=\"og:image:height\" content=\"842\" \/>\n\t<meta property=\"og:image:type\" content=\"image\/jpeg\" \/>\n<meta name=\"author\" content=\"communications\" \/>\n<meta name=\"twitter:card\" content=\"summary_large_image\" \/>\n<meta name=\"twitter:creator\" content=\"@FranciscansIntl\" \/>\n<meta name=\"twitter:site\" content=\"@FranciscansIntl\" \/>\n<meta name=\"twitter:label1\" content=\"Verfasst von\" \/>\n\t<meta name=\"twitter:data1\" content=\"communications\" \/>\n\t<meta name=\"twitter:label2\" content=\"Gesch\u00e4tzte Lesezeit\" \/>\n\t<meta name=\"twitter:data2\" content=\"3\u00a0Minuten\" \/>\n<script type=\"application\/ld+json\" class=\"yoast-schema-graph\">{\"@context\":\"https:\\\/\\\/schema.org\",\"@graph\":[{\"@type\":\"Article\",\"@id\":\"https:\\\/\\\/franciscansinternational.org\\\/de\\\/aufbau-langfristiger-kapazitaeten-zur-dokumentation-von-menschenrechtsverletzungen-in-guatemala\\\/#article\",\"isPartOf\":{\"@id\":\"https:\\\/\\\/franciscansinternational.org\\\/de\\\/aufbau-langfristiger-kapazitaeten-zur-dokumentation-von-menschenrechtsverletzungen-in-guatemala\\\/\"},\"author\":{\"name\":\"communications\",\"@id\":\"https:\\\/\\\/franciscansinternational.org\\\/de\\\/#\\\/schema\\\/person\\\/f398f02712a9dcab7603295bc1ea94e4\"},\"headline\":\"Aufbau langfristiger Kapazit\u00e4ten zur Dokumentation von Menschenrechtsverletzungen in Guatemala\u00a0\",\"datePublished\":\"2026-04-28T07:26:22+00:00\",\"dateModified\":\"2026-04-28T07:26:23+00:00\",\"mainEntityOfPage\":{\"@id\":\"https:\\\/\\\/franciscansinternational.org\\\/de\\\/aufbau-langfristiger-kapazitaeten-zur-dokumentation-von-menschenrechtsverletzungen-in-guatemala\\\/\"},\"wordCount\":449,\"publisher\":{\"@id\":\"https:\\\/\\\/franciscansinternational.org\\\/de\\\/#organization\"},\"image\":{\"@id\":\"https:\\\/\\\/franciscansinternational.org\\\/de\\\/aufbau-langfristiger-kapazitaeten-zur-dokumentation-von-menschenrechtsverletzungen-in-guatemala\\\/#primaryimage\"},\"thumbnailUrl\":\"https:\\\/\\\/franciscansinternational.org\\\/de\\\/wp-content\\\/uploads\\\/sites\\\/4\\\/2026\\\/04\\\/signal-2026-04-27-163813_008.jpeg\",\"keywords\":[\"Achtung der Menschenw\u00fcrde\",\"Amerika-Programm\"],\"articleSection\":[\"Nachrichten\"],\"inLanguage\":\"de\"},{\"@type\":\"WebPage\",\"@id\":\"https:\\\/\\\/franciscansinternational.org\\\/de\\\/aufbau-langfristiger-kapazitaeten-zur-dokumentation-von-menschenrechtsverletzungen-in-guatemala\\\/\",\"url\":\"https:\\\/\\\/franciscansinternational.org\\\/de\\\/aufbau-langfristiger-kapazitaeten-zur-dokumentation-von-menschenrechtsverletzungen-in-guatemala\\\/\",\"name\":\"Aufbau langfristiger Kapazit\u00e4ten zur Dokumentation von Menschenrechtsverletzungen in Guatemala\u00a0 - Franciscans International (DE)\",\"isPartOf\":{\"@id\":\"https:\\\/\\\/franciscansinternational.org\\\/de\\\/#website\"},\"primaryImageOfPage\":{\"@id\":\"https:\\\/\\\/franciscansinternational.org\\\/de\\\/aufbau-langfristiger-kapazitaeten-zur-dokumentation-von-menschenrechtsverletzungen-in-guatemala\\\/#primaryimage\"},\"image\":{\"@id\":\"https:\\\/\\\/franciscansinternational.org\\\/de\\\/aufbau-langfristiger-kapazitaeten-zur-dokumentation-von-menschenrechtsverletzungen-in-guatemala\\\/#primaryimage\"},\"thumbnailUrl\":\"https:\\\/\\\/franciscansinternational.org\\\/de\\\/wp-content\\\/uploads\\\/sites\\\/4\\\/2026\\\/04\\\/signal-2026-04-27-163813_008.jpeg\",\"datePublished\":\"2026-04-28T07:26:22+00:00\",\"dateModified\":\"2026-04-28T07:26:23+00:00\",\"breadcrumb\":{\"@id\":\"https:\\\/\\\/franciscansinternational.org\\\/de\\\/aufbau-langfristiger-kapazitaeten-zur-dokumentation-von-menschenrechtsverletzungen-in-guatemala\\\/#breadcrumb\"},\"inLanguage\":\"de\",\"potentialAction\":[{\"@type\":\"ReadAction\",\"target\":[\"https:\\\/\\\/franciscansinternational.org\\\/de\\\/aufbau-langfristiger-kapazitaeten-zur-dokumentation-von-menschenrechtsverletzungen-in-guatemala\\\/\"]}]},{\"@type\":\"ImageObject\",\"inLanguage\":\"de\",\"@id\":\"https:\\\/\\\/franciscansinternational.org\\\/de\\\/aufbau-langfristiger-kapazitaeten-zur-dokumentation-von-menschenrechtsverletzungen-in-guatemala\\\/#primaryimage\",\"url\":\"https:\\\/\\\/franciscansinternational.org\\\/de\\\/wp-content\\\/uploads\\\/sites\\\/4\\\/2026\\\/04\\\/signal-2026-04-27-163813_008.jpeg\",\"contentUrl\":\"https:\\\/\\\/franciscansinternational.org\\\/de\\\/wp-content\\\/uploads\\\/sites\\\/4\\\/2026\\\/04\\\/signal-2026-04-27-163813_008.jpeg\",\"width\":1600,\"height\":842},{\"@type\":\"BreadcrumbList\",\"@id\":\"https:\\\/\\\/franciscansinternational.org\\\/de\\\/aufbau-langfristiger-kapazitaeten-zur-dokumentation-von-menschenrechtsverletzungen-in-guatemala\\\/#breadcrumb\",\"itemListElement\":[{\"@type\":\"ListItem\",\"position\":1,\"name\":\"Home\",\"item\":\"https:\\\/\\\/franciscansinternational.org\\\/de\\\/\"},{\"@type\":\"ListItem\",\"position\":2,\"name\":\"Aufbau langfristiger Kapazit\u00e4ten zur Dokumentation von Menschenrechtsverletzungen in Guatemala\u00a0\"}]},{\"@type\":\"WebSite\",\"@id\":\"https:\\\/\\\/franciscansinternational.org\\\/de\\\/#website\",\"url\":\"https:\\\/\\\/franciscansinternational.org\\\/de\\\/\",\"name\":\"Franciscans International (DE)\",\"description\":\"Just another Franciscans International site\",\"publisher\":{\"@id\":\"https:\\\/\\\/franciscansinternational.org\\\/de\\\/#organization\"},\"potentialAction\":[{\"@type\":\"SearchAction\",\"target\":{\"@type\":\"EntryPoint\",\"urlTemplate\":\"https:\\\/\\\/franciscansinternational.org\\\/de\\\/?s={search_term_string}\"},\"query-input\":{\"@type\":\"PropertyValueSpecification\",\"valueRequired\":true,\"valueName\":\"search_term_string\"}}],\"inLanguage\":\"de\"},{\"@type\":\"Organization\",\"@id\":\"https:\\\/\\\/franciscansinternational.org\\\/de\\\/#organization\",\"name\":\"Franciscans International (DE)\",\"url\":\"https:\\\/\\\/franciscansinternational.org\\\/de\\\/\",\"logo\":{\"@type\":\"ImageObject\",\"inLanguage\":\"de\",\"@id\":\"https:\\\/\\\/franciscansinternational.org\\\/de\\\/#\\\/schema\\\/logo\\\/image\\\/\",\"url\":\"https:\\\/\\\/franciscansinternational.org\\\/wp-content\\\/uploads\\\/sites\\\/4\\\/2023\\\/05\\\/logo-3.png\",\"contentUrl\":\"https:\\\/\\\/franciscansinternational.org\\\/wp-content\\\/uploads\\\/sites\\\/4\\\/2023\\\/05\\\/logo-3.png\",\"width\":1200,\"height\":205,\"caption\":\"Franciscans International (DE)\"},\"image\":{\"@id\":\"https:\\\/\\\/franciscansinternational.org\\\/de\\\/#\\\/schema\\\/logo\\\/image\\\/\"},\"sameAs\":[\"https:\\\/\\\/www.facebook.com\\\/FranciscansInternational\\\/\",\"https:\\\/\\\/x.com\\\/FranciscansIntl\",\"https:\\\/\\\/www.youtube.com\\\/channel\\\/UCexu0i-fWB4wwrlPMCz8_Zg\"]},{\"@type\":\"Person\",\"@id\":\"https:\\\/\\\/franciscansinternational.org\\\/de\\\/#\\\/schema\\\/person\\\/f398f02712a9dcab7603295bc1ea94e4\",\"name\":\"communications\",\"image\":{\"@type\":\"ImageObject\",\"inLanguage\":\"de\",\"@id\":\"https:\\\/\\\/secure.gravatar.com\\\/avatar\\\/0b4a62226a9b4f7ce621ec49ca40be1e77d886a42ca84b8a0b0697e9ec17dd63?s=96&d=mm&r=g\",\"url\":\"https:\\\/\\\/secure.gravatar.com\\\/avatar\\\/0b4a62226a9b4f7ce621ec49ca40be1e77d886a42ca84b8a0b0697e9ec17dd63?s=96&d=mm&r=g\",\"contentUrl\":\"https:\\\/\\\/secure.gravatar.com\\\/avatar\\\/0b4a62226a9b4f7ce621ec49ca40be1e77d886a42ca84b8a0b0697e9ec17dd63?s=96&d=mm&r=g\",\"caption\":\"communications\"},\"url\":\"https:\\\/\\\/franciscansinternational.org\\\/de\\\/author\\\/communications\\\/\"}]}<\/script>\n<!-- \/ Yoast SEO plugin. -->","yoast_head_json":{"title":"Aufbau langfristiger Kapazit\u00e4ten zur Dokumentation von Menschenrechtsverletzungen in Guatemala\u00a0 - Franciscans International (DE)","robots":{"index":"index","follow":"follow","max-snippet":"max-snippet:-1","max-image-preview":"max-image-preview:large","max-video-preview":"max-video-preview:-1"},"canonical":"https:\/\/franciscansinternational.org\/de\/aufbau-langfristiger-kapazitaeten-zur-dokumentation-von-menschenrechtsverletzungen-in-guatemala\/","og_locale":"de_DE","og_type":"article","og_title":"Aufbau langfristiger Kapazit\u00e4ten zur Dokumentation von Menschenrechtsverletzungen in Guatemala\u00a0 - Franciscans International (DE)","og_description":"Franciscans International war k\u00fcrzlich in Guatemala, um einen Workshop zum Kapazit\u00e4tsaufbau f\u00fcr Franziskaner*innen und Vertreter der lokalen Zivilgesellschaft durchzuf\u00fchren. Durch ...","og_url":"https:\/\/franciscansinternational.org\/de\/aufbau-langfristiger-kapazitaeten-zur-dokumentation-von-menschenrechtsverletzungen-in-guatemala\/","og_site_name":"Franciscans International (DE)","article_publisher":"https:\/\/www.facebook.com\/FranciscansInternational\/","article_published_time":"2026-04-28T07:26:22+00:00","article_modified_time":"2026-04-28T07:26:23+00:00","og_image":[{"width":1600,"height":842,"url":"https:\/\/franciscansinternational.org\/de\/wp-content\/uploads\/sites\/4\/2026\/04\/signal-2026-04-27-163813_008.jpeg","type":"image\/jpeg"}],"author":"communications","twitter_card":"summary_large_image","twitter_creator":"@FranciscansIntl","twitter_site":"@FranciscansIntl","twitter_misc":{"Verfasst von":"communications","Gesch\u00e4tzte Lesezeit":"3\u00a0Minuten"},"schema":{"@context":"https:\/\/schema.org","@graph":[{"@type":"Article","@id":"https:\/\/franciscansinternational.org\/de\/aufbau-langfristiger-kapazitaeten-zur-dokumentation-von-menschenrechtsverletzungen-in-guatemala\/#article","isPartOf":{"@id":"https:\/\/franciscansinternational.org\/de\/aufbau-langfristiger-kapazitaeten-zur-dokumentation-von-menschenrechtsverletzungen-in-guatemala\/"},"author":{"name":"communications","@id":"https:\/\/franciscansinternational.org\/de\/#\/schema\/person\/f398f02712a9dcab7603295bc1ea94e4"},"headline":"Aufbau langfristiger Kapazit\u00e4ten zur Dokumentation von Menschenrechtsverletzungen in Guatemala\u00a0","datePublished":"2026-04-28T07:26:22+00:00","dateModified":"2026-04-28T07:26:23+00:00","mainEntityOfPage":{"@id":"https:\/\/franciscansinternational.org\/de\/aufbau-langfristiger-kapazitaeten-zur-dokumentation-von-menschenrechtsverletzungen-in-guatemala\/"},"wordCount":449,"publisher":{"@id":"https:\/\/franciscansinternational.org\/de\/#organization"},"image":{"@id":"https:\/\/franciscansinternational.org\/de\/aufbau-langfristiger-kapazitaeten-zur-dokumentation-von-menschenrechtsverletzungen-in-guatemala\/#primaryimage"},"thumbnailUrl":"https:\/\/franciscansinternational.org\/de\/wp-content\/uploads\/sites\/4\/2026\/04\/signal-2026-04-27-163813_008.jpeg","keywords":["Achtung der Menschenw\u00fcrde","Amerika-Programm"],"articleSection":["Nachrichten"],"inLanguage":"de"},{"@type":"WebPage","@id":"https:\/\/franciscansinternational.org\/de\/aufbau-langfristiger-kapazitaeten-zur-dokumentation-von-menschenrechtsverletzungen-in-guatemala\/","url":"https:\/\/franciscansinternational.org\/de\/aufbau-langfristiger-kapazitaeten-zur-dokumentation-von-menschenrechtsverletzungen-in-guatemala\/","name":"Aufbau langfristiger Kapazit\u00e4ten zur Dokumentation von Menschenrechtsverletzungen in Guatemala\u00a0 - Franciscans International (DE)","isPartOf":{"@id":"https:\/\/franciscansinternational.org\/de\/#website"},"primaryImageOfPage":{"@id":"https:\/\/franciscansinternational.org\/de\/aufbau-langfristiger-kapazitaeten-zur-dokumentation-von-menschenrechtsverletzungen-in-guatemala\/#primaryimage"},"image":{"@id":"https:\/\/franciscansinternational.org\/de\/aufbau-langfristiger-kapazitaeten-zur-dokumentation-von-menschenrechtsverletzungen-in-guatemala\/#primaryimage"},"thumbnailUrl":"https:\/\/franciscansinternational.org\/de\/wp-content\/uploads\/sites\/4\/2026\/04\/signal-2026-04-27-163813_008.jpeg","datePublished":"2026-04-28T07:26:22+00:00","dateModified":"2026-04-28T07:26:23+00:00","breadcrumb":{"@id":"https:\/\/franciscansinternational.org\/de\/aufbau-langfristiger-kapazitaeten-zur-dokumentation-von-menschenrechtsverletzungen-in-guatemala\/#breadcrumb"},"inLanguage":"de","potentialAction":[{"@type":"ReadAction","target":["https:\/\/franciscansinternational.org\/de\/aufbau-langfristiger-kapazitaeten-zur-dokumentation-von-menschenrechtsverletzungen-in-guatemala\/"]}]},{"@type":"ImageObject","inLanguage":"de","@id":"https:\/\/franciscansinternational.org\/de\/aufbau-langfristiger-kapazitaeten-zur-dokumentation-von-menschenrechtsverletzungen-in-guatemala\/#primaryimage","url":"https:\/\/franciscansinternational.org\/de\/wp-content\/uploads\/sites\/4\/2026\/04\/signal-2026-04-27-163813_008.jpeg","contentUrl":"https:\/\/franciscansinternational.org\/de\/wp-content\/uploads\/sites\/4\/2026\/04\/signal-2026-04-27-163813_008.jpeg","width":1600,"height":842},{"@type":"BreadcrumbList","@id":"https:\/\/franciscansinternational.org\/de\/aufbau-langfristiger-kapazitaeten-zur-dokumentation-von-menschenrechtsverletzungen-in-guatemala\/#breadcrumb","itemListElement":[{"@type":"ListItem","position":1,"name":"Home","item":"https:\/\/franciscansinternational.org\/de\/"},{"@type":"ListItem","position":2,"name":"Aufbau langfristiger Kapazit\u00e4ten zur Dokumentation von Menschenrechtsverletzungen in Guatemala\u00a0"}]},{"@type":"WebSite","@id":"https:\/\/franciscansinternational.org\/de\/#website","url":"https:\/\/franciscansinternational.org\/de\/","name":"Franciscans International (DE)","description":"Just another Franciscans International site","publisher":{"@id":"https:\/\/franciscansinternational.org\/de\/#organization"},"potentialAction":[{"@type":"SearchAction","target":{"@type":"EntryPoint","urlTemplate":"https:\/\/franciscansinternational.org\/de\/?s={search_term_string}"},"query-input":{"@type":"PropertyValueSpecification","valueRequired":true,"valueName":"search_term_string"}}],"inLanguage":"de"},{"@type":"Organization","@id":"https:\/\/franciscansinternational.org\/de\/#organization","name":"Franciscans International (DE)","url":"https:\/\/franciscansinternational.org\/de\/","logo":{"@type":"ImageObject","inLanguage":"de","@id":"https:\/\/franciscansinternational.org\/de\/#\/schema\/logo\/image\/","url":"https:\/\/franciscansinternational.org\/wp-content\/uploads\/sites\/4\/2023\/05\/logo-3.png","contentUrl":"https:\/\/franciscansinternational.org\/wp-content\/uploads\/sites\/4\/2023\/05\/logo-3.png","width":1200,"height":205,"caption":"Franciscans International (DE)"},"image":{"@id":"https:\/\/franciscansinternational.org\/de\/#\/schema\/logo\/image\/"},"sameAs":["https:\/\/www.facebook.com\/FranciscansInternational\/","https:\/\/x.com\/FranciscansIntl","https:\/\/www.youtube.com\/channel\/UCexu0i-fWB4wwrlPMCz8_Zg"]},{"@type":"Person","@id":"https:\/\/franciscansinternational.org\/de\/#\/schema\/person\/f398f02712a9dcab7603295bc1ea94e4","name":"communications","image":{"@type":"ImageObject","inLanguage":"de","@id":"https:\/\/secure.gravatar.com\/avatar\/0b4a62226a9b4f7ce621ec49ca40be1e77d886a42ca84b8a0b0697e9ec17dd63?s=96&d=mm&r=g","url":"https:\/\/secure.gravatar.com\/avatar\/0b4a62226a9b4f7ce621ec49ca40be1e77d886a42ca84b8a0b0697e9ec17dd63?s=96&d=mm&r=g","contentUrl":"https:\/\/secure.gravatar.com\/avatar\/0b4a62226a9b4f7ce621ec49ca40be1e77d886a42ca84b8a0b0697e9ec17dd63?s=96&d=mm&r=g","caption":"communications"},"url":"https:\/\/franciscansinternational.org\/de\/author\/communications\/"}]}},"jetpack_featured_media_url":"https:\/\/franciscansinternational.org\/de\/wp-content\/uploads\/sites\/4\/2026\/04\/signal-2026-04-27-163813_008.jpeg","jetpack_sharing_enabled":true,"_links":{"self":[{"href":"https:\/\/franciscansinternational.org\/de\/wp-json\/wp\/v2\/posts\/980","targetHints":{"allow":["GET"]}}],"collection":[{"href":"https:\/\/franciscansinternational.org\/de\/wp-json\/wp\/v2\/posts"}],"about":[{"href":"https:\/\/franciscansinternational.org\/de\/wp-json\/wp\/v2\/types\/post"}],"author":[{"embeddable":true,"href":"https:\/\/franciscansinternational.org\/de\/wp-json\/wp\/v2\/users\/3"}],"replies":[{"embeddable":true,"href":"https:\/\/franciscansinternational.org\/de\/wp-json\/wp\/v2\/comments?post=980"}],"version-history":[{"count":2,"href":"https:\/\/franciscansinternational.org\/de\/wp-json\/wp\/v2\/posts\/980\/revisions"}],"predecessor-version":[{"id":983,"href":"https:\/\/franciscansinternational.org\/de\/wp-json\/wp\/v2\/posts\/980\/revisions\/983"}],"wp:featuredmedia":[{"embeddable":true,"href":"https:\/\/franciscansinternational.org\/de\/wp-json\/wp\/v2\/media\/981"}],"wp:attachment":[{"href":"https:\/\/franciscansinternational.org\/de\/wp-json\/wp\/v2\/media?parent=980"}],"wp:term":[{"taxonomy":"category","embeddable":true,"href":"https:\/\/franciscansinternational.org\/de\/wp-json\/wp\/v2\/categories?post=980"},{"taxonomy":"post_tag","embeddable":true,"href":"https:\/\/franciscansinternational.org\/de\/wp-json\/wp\/v2\/tags?post=980"}],"curies":[{"name":"wp","href":"https:\/\/api.w.org\/{rel}","templated":true}]}}