{"id":1207,"date":"2026-04-28T07:26:24","date_gmt":"2026-04-28T07:26:24","guid":{"rendered":"https:\/\/franciscansinternational.org\/es\/?p=1207"},"modified":"2026-04-28T07:26:24","modified_gmt":"2026-04-28T07:26:24","slug":"fortalecimiento-de-capacidades-a-largo-plazo-para-documentar-las-violaciones-de-los-derechos-humanos-en-guatemala","status":"publish","type":"post","link":"https:\/\/franciscansinternational.org\/es\/fortalecimiento-de-capacidades-a-largo-plazo-para-documentar-las-violaciones-de-los-derechos-humanos-en-guatemala\/","title":{"rendered":"Fortalecimiento de capacidades a largo plazo para documentar las violaciones de los derechos humanos en Guatemala\u00a0"},"content":{"rendered":"\n<p>Franciscans International visit\u00f3 recientemente Guatemala para impartir un taller de capacitaci\u00f3n dirigido a franciscanos y representantes de la sociedad civil local. A trav\u00e9s de reuniones con socios locales, la misi\u00f3n tambi\u00e9n ofreci\u00f3 una visi\u00f3n de primera mano de los crecientes retos a los que se enfrentan los defensores de los derechos humanos y las comunidades ind\u00edgenas, una realidad que no se puede captar \u00fanicamente mediante el seguimiento a distancia.&nbsp;<\/p>\n\n\n\n<p>Paralelamente a esta formaci\u00f3n, FI tambi\u00e9n se reuni\u00f3 con el equipo guatemalteco de la\u00a0<a href=\"https:\/\/redfranciscana.org\/\" target=\"_blank\" rel=\"noreferrer noopener\">Red<\/a><a href=\"mailto:https:\/\/redfranciscana.org\/\" target=\"_blank\" rel=\"noreferrer noopener\"> Franciscana para los Migrantes<\/a>\u00a0(RFM), cuyos miembros prestan asistencia humanitaria directa a las personas en movimiento. Entre ellas se encuentra un n\u00famero creciente de migrantes que regresan tras haber sido deportados o debido a las pol\u00edticas migratorias cada vez m\u00e1s restrictivas de Estados Unidos.<\/p>\n\n\n\n<p>Guatemala sigue enfrent\u00e1ndose a una amplia gama de retos estructurales en materia de derechos humanos. A pesar de la elecci\u00f3n de un gobierno reformista en 2023, se est\u00e1 produciendo un deterioro continuo del estado de derecho, combinado con una fragilidad institucional que limita el acceso a la justicia de las comunidades afectadas. En un contexto en el que poderosas empresas amenazan las tierras ind\u00edgenas, los defensores de los derechos humanos han soportado el peso de un poder judicial cooptado por intereses particulares a trav\u00e9s de la criminalizaci\u00f3n, la intimidaci\u00f3n y las represalias. A esto se suman complejas din\u00e1micas migratorias, incluido un n\u00famero creciente de repatriados que agudizan las presiones socioecon\u00f3micas en el pa\u00eds.<\/p>\n\n\n\n<p>Una prioridad clave de la visita fue fortalecer la coordinaci\u00f3n, la cooperaci\u00f3n y la capacidad de las organizaciones de la sociedad civil a nivel nacional e internacional para denunciar las violaciones de derechos humanos cuando las v\u00edas nacionales no dan resultado. Como parte del taller, FI dio los primeros pasos para iniciar un proceso de documentaci\u00f3n que pueda servir para plantear de manera m\u00e1s efectiva las violaciones de derechos humanos ante los Procedimientos Especiales de la ONU y otros mecanismos pertinentes de la ONU.<\/p>\n\n\n\n<p>Mientras tanto, la RFM volvi\u00f3 a poner de relieve la cambiante din\u00e1mica migratoria en la regi\u00f3n que FI ya hab\u00eda planteado anteriormente ante el Consejo de Derechos Humanos de la ONU. La situaci\u00f3n se ha vuelto cada vez m\u00e1s compleja, con un n\u00famero creciente de repatriados que necesitan apoyo y una presi\u00f3n socioecon\u00f3mica cada vez mayor en este pa\u00eds. En este contexto, FI seguir\u00e1 tanto denunciando ante la ONU las violaciones de derechos humanos documentadas por la RFM como trabajando para fortalecer la capacidad de la red para hacerlo en todas las Am\u00e9ricas.<\/p>\n\n\n\n<p>Como primer paso tras la visita, FI est\u00e1 preparando una presentaci\u00f3n para el Grupo de Trabajo de las Naciones Unidas sobre Empresas y Derechos Humanos, que visitar\u00e1 Guatemala a finales de este a\u00f1o. El informe reflejar\u00e1 las pruebas recabadas en las comunidades durante el taller, incluyendo preocupaciones en torno a conflictos por la tierra y los recursos naturales, la falta de consulta con las comunidades afectadas y los da\u00f1os medioambientales vinculados a las actividades empresariales.<\/p>\n\n\n\n<p><\/p>\n\n\n\n<p class=\"has-text-align-center has-background has-small-font-size\" style=\"background-color:#f4f5f6\">Se trata de una traducci\u00f3n autom\u00e1tica. Rogamos disculpen los errores que puedan haberse producido. En caso de divergencia, la versi\u00f3n inglesa es la autorizada.\u00a0<\/p>\n","protected":false},"excerpt":{"rendered":"<p>Franciscans International visit\u00f3 recientemente Guatemala para impartir un taller de capacitaci\u00f3n dirigido a franciscanos y representantes de la sociedad civil &#8230; <\/p>\n","protected":false},"author":3,"featured_media":0,"comment_status":"closed","ping_status":"closed","sticky":false,"template":"","format":"standard","meta":{"_relevanssi_hide_post":"","_relevanssi_hide_content":"","_relevanssi_pin_for_all":"","_relevanssi_pin_keywords":"","_relevanssi_unpin_keywords":"","_relevanssi_related_keywords":"","_relevanssi_related_include_ids":"","_relevanssi_related_exclude_ids":"","_relevanssi_related_no_append":"","_relevanssi_related_not_related":"","_relevanssi_related_posts":"974,722,343,339,313,241","_relevanssi_noindex_reason":"","_jetpack_memberships_contains_paid_content":false,"footnotes":""},"categories":[1],"tags":[],"class_list":["post-1207","post","type-post","status-publish","format-standard","hentry","category-noticias"],"acf":[],"yoast_head":"<!-- This site is optimized with the Yoast SEO plugin v27.5 - https:\/\/yoast.com\/product\/yoast-seo-wordpress\/ -->\n<title>Fortalecimiento de capacidades a largo plazo para documentar las violaciones de los derechos humanos en Guatemala\u00a0 - Franciscans International (ES)<\/title>\n<meta name=\"robots\" content=\"index, follow, max-snippet:-1, max-image-preview:large, max-video-preview:-1\" \/>\n<link rel=\"canonical\" href=\"https:\/\/franciscansinternational.org\/es\/fortalecimiento-de-capacidades-a-largo-plazo-para-documentar-las-violaciones-de-los-derechos-humanos-en-guatemala\/\" \/>\n<meta property=\"og:locale\" content=\"es_ES\" \/>\n<meta property=\"og:type\" content=\"article\" \/>\n<meta property=\"og:title\" content=\"Fortalecimiento de capacidades a largo plazo para documentar las violaciones de los derechos humanos en Guatemala\u00a0 - Franciscans International (ES)\" \/>\n<meta property=\"og:description\" content=\"Franciscans International visit\u00f3 recientemente Guatemala para impartir un taller de capacitaci\u00f3n dirigido a franciscanos y representantes de la sociedad civil ...\" \/>\n<meta property=\"og:url\" content=\"https:\/\/franciscansinternational.org\/es\/fortalecimiento-de-capacidades-a-largo-plazo-para-documentar-las-violaciones-de-los-derechos-humanos-en-guatemala\/\" \/>\n<meta property=\"og:site_name\" content=\"Franciscans International (ES)\" \/>\n<meta property=\"article:publisher\" content=\"https:\/\/www.facebook.com\/FranciscansInternational\/\" \/>\n<meta property=\"article:published_time\" content=\"2026-04-28T07:26:24+00:00\" \/>\n<meta property=\"og:image\" content=\"https:\/\/franciscansinternational.org\/es\/wp-content\/uploads\/sites\/3\/2023\/05\/WebGrab.png\" \/>\n\t<meta property=\"og:image:width\" content=\"2400\" \/>\n\t<meta property=\"og:image:height\" content=\"1256\" \/>\n\t<meta property=\"og:image:type\" content=\"image\/png\" \/>\n<meta name=\"author\" content=\"communications\" \/>\n<meta name=\"twitter:card\" content=\"summary_large_image\" \/>\n<meta name=\"twitter:creator\" content=\"@FranciscansIntl\" \/>\n<meta name=\"twitter:site\" content=\"@FranciscansIntl\" \/>\n<meta name=\"twitter:label1\" content=\"Escrito por\" \/>\n\t<meta name=\"twitter:data1\" content=\"communications\" \/>\n\t<meta name=\"twitter:label2\" content=\"Tiempo de lectura\" \/>\n\t<meta name=\"twitter:data2\" content=\"3 minutos\" \/>\n<script type=\"application\/ld+json\" class=\"yoast-schema-graph\">{\"@context\":\"https:\\\/\\\/schema.org\",\"@graph\":[{\"@type\":\"Article\",\"@id\":\"https:\\\/\\\/franciscansinternational.org\\\/es\\\/fortalecimiento-de-capacidades-a-largo-plazo-para-documentar-las-violaciones-de-los-derechos-humanos-en-guatemala\\\/#article\",\"isPartOf\":{\"@id\":\"https:\\\/\\\/franciscansinternational.org\\\/es\\\/fortalecimiento-de-capacidades-a-largo-plazo-para-documentar-las-violaciones-de-los-derechos-humanos-en-guatemala\\\/\"},\"author\":{\"name\":\"communications\",\"@id\":\"https:\\\/\\\/franciscansinternational.org\\\/es\\\/#\\\/schema\\\/person\\\/f398f02712a9dcab7603295bc1ea94e4\"},\"headline\":\"Fortalecimiento de capacidades a largo plazo para documentar las violaciones de los derechos humanos en Guatemala\u00a0\",\"datePublished\":\"2026-04-28T07:26:24+00:00\",\"mainEntityOfPage\":{\"@id\":\"https:\\\/\\\/franciscansinternational.org\\\/es\\\/fortalecimiento-de-capacidades-a-largo-plazo-para-documentar-las-violaciones-de-los-derechos-humanos-en-guatemala\\\/\"},\"wordCount\":575,\"publisher\":{\"@id\":\"https:\\\/\\\/franciscansinternational.org\\\/es\\\/#organization\"},\"articleSection\":[\"Noticias\"],\"inLanguage\":\"es\"},{\"@type\":\"WebPage\",\"@id\":\"https:\\\/\\\/franciscansinternational.org\\\/es\\\/fortalecimiento-de-capacidades-a-largo-plazo-para-documentar-las-violaciones-de-los-derechos-humanos-en-guatemala\\\/\",\"url\":\"https:\\\/\\\/franciscansinternational.org\\\/es\\\/fortalecimiento-de-capacidades-a-largo-plazo-para-documentar-las-violaciones-de-los-derechos-humanos-en-guatemala\\\/\",\"name\":\"Fortalecimiento de capacidades a largo plazo para documentar las violaciones de los derechos humanos en Guatemala\u00a0 - Franciscans International (ES)\",\"isPartOf\":{\"@id\":\"https:\\\/\\\/franciscansinternational.org\\\/es\\\/#website\"},\"datePublished\":\"2026-04-28T07:26:24+00:00\",\"breadcrumb\":{\"@id\":\"https:\\\/\\\/franciscansinternational.org\\\/es\\\/fortalecimiento-de-capacidades-a-largo-plazo-para-documentar-las-violaciones-de-los-derechos-humanos-en-guatemala\\\/#breadcrumb\"},\"inLanguage\":\"es\",\"potentialAction\":[{\"@type\":\"ReadAction\",\"target\":[\"https:\\\/\\\/franciscansinternational.org\\\/es\\\/fortalecimiento-de-capacidades-a-largo-plazo-para-documentar-las-violaciones-de-los-derechos-humanos-en-guatemala\\\/\"]}]},{\"@type\":\"BreadcrumbList\",\"@id\":\"https:\\\/\\\/franciscansinternational.org\\\/es\\\/fortalecimiento-de-capacidades-a-largo-plazo-para-documentar-las-violaciones-de-los-derechos-humanos-en-guatemala\\\/#breadcrumb\",\"itemListElement\":[{\"@type\":\"ListItem\",\"position\":1,\"name\":\"Home\",\"item\":\"https:\\\/\\\/franciscansinternational.org\\\/es\\\/\"},{\"@type\":\"ListItem\",\"position\":2,\"name\":\"Fortalecimiento de capacidades a largo plazo para documentar las violaciones de los derechos humanos en Guatemala\u00a0\"}]},{\"@type\":\"WebSite\",\"@id\":\"https:\\\/\\\/franciscansinternational.org\\\/es\\\/#website\",\"url\":\"https:\\\/\\\/franciscansinternational.org\\\/es\\\/\",\"name\":\"Franciscans International (ES)\",\"description\":\"Just another Franciscans International site\",\"publisher\":{\"@id\":\"https:\\\/\\\/franciscansinternational.org\\\/es\\\/#organization\"},\"potentialAction\":[{\"@type\":\"SearchAction\",\"target\":{\"@type\":\"EntryPoint\",\"urlTemplate\":\"https:\\\/\\\/franciscansinternational.org\\\/es\\\/?s={search_term_string}\"},\"query-input\":{\"@type\":\"PropertyValueSpecification\",\"valueRequired\":true,\"valueName\":\"search_term_string\"}}],\"inLanguage\":\"es\"},{\"@type\":\"Organization\",\"@id\":\"https:\\\/\\\/franciscansinternational.org\\\/es\\\/#organization\",\"name\":\"Franciscans International (ES)\",\"url\":\"https:\\\/\\\/franciscansinternational.org\\\/es\\\/\",\"logo\":{\"@type\":\"ImageObject\",\"inLanguage\":\"es\",\"@id\":\"https:\\\/\\\/franciscansinternational.org\\\/es\\\/#\\\/schema\\\/logo\\\/image\\\/\",\"url\":\"https:\\\/\\\/franciscansinternational.org\\\/wp-content\\\/uploads\\\/sites\\\/3\\\/2023\\\/05\\\/logo-3.png\",\"contentUrl\":\"https:\\\/\\\/franciscansinternational.org\\\/wp-content\\\/uploads\\\/sites\\\/3\\\/2023\\\/05\\\/logo-3.png\",\"width\":1200,\"height\":205,\"caption\":\"Franciscans International (ES)\"},\"image\":{\"@id\":\"https:\\\/\\\/franciscansinternational.org\\\/es\\\/#\\\/schema\\\/logo\\\/image\\\/\"},\"sameAs\":[\"https:\\\/\\\/www.facebook.com\\\/FranciscansInternational\\\/\",\"https:\\\/\\\/x.com\\\/FranciscansIntl\",\"https:\\\/\\\/www.youtube.com\\\/channel\\\/UCexu0i-fWB4wwrlPMCz8_Zg\"]},{\"@type\":\"Person\",\"@id\":\"https:\\\/\\\/franciscansinternational.org\\\/es\\\/#\\\/schema\\\/person\\\/f398f02712a9dcab7603295bc1ea94e4\",\"name\":\"communications\",\"image\":{\"@type\":\"ImageObject\",\"inLanguage\":\"es\",\"@id\":\"https:\\\/\\\/secure.gravatar.com\\\/avatar\\\/0b4a62226a9b4f7ce621ec49ca40be1e77d886a42ca84b8a0b0697e9ec17dd63?s=96&d=mm&r=g\",\"url\":\"https:\\\/\\\/secure.gravatar.com\\\/avatar\\\/0b4a62226a9b4f7ce621ec49ca40be1e77d886a42ca84b8a0b0697e9ec17dd63?s=96&d=mm&r=g\",\"contentUrl\":\"https:\\\/\\\/secure.gravatar.com\\\/avatar\\\/0b4a62226a9b4f7ce621ec49ca40be1e77d886a42ca84b8a0b0697e9ec17dd63?s=96&d=mm&r=g\",\"caption\":\"communications\"},\"url\":\"https:\\\/\\\/franciscansinternational.org\\\/es\\\/author\\\/communications\\\/\"}]}<\/script>\n<!-- \/ Yoast SEO plugin. -->","yoast_head_json":{"title":"Fortalecimiento de capacidades a largo plazo para documentar las violaciones de los derechos humanos en Guatemala\u00a0 - Franciscans International (ES)","robots":{"index":"index","follow":"follow","max-snippet":"max-snippet:-1","max-image-preview":"max-image-preview:large","max-video-preview":"max-video-preview:-1"},"canonical":"https:\/\/franciscansinternational.org\/es\/fortalecimiento-de-capacidades-a-largo-plazo-para-documentar-las-violaciones-de-los-derechos-humanos-en-guatemala\/","og_locale":"es_ES","og_type":"article","og_title":"Fortalecimiento de capacidades a largo plazo para documentar las violaciones de los derechos humanos en Guatemala\u00a0 - Franciscans International (ES)","og_description":"Franciscans International visit\u00f3 recientemente Guatemala para impartir un taller de capacitaci\u00f3n dirigido a franciscanos y representantes de la sociedad civil ...","og_url":"https:\/\/franciscansinternational.org\/es\/fortalecimiento-de-capacidades-a-largo-plazo-para-documentar-las-violaciones-de-los-derechos-humanos-en-guatemala\/","og_site_name":"Franciscans International (ES)","article_publisher":"https:\/\/www.facebook.com\/FranciscansInternational\/","article_published_time":"2026-04-28T07:26:24+00:00","og_image":[{"width":2400,"height":1256,"url":"https:\/\/franciscansinternational.org\/es\/wp-content\/uploads\/sites\/3\/2023\/05\/WebGrab.png","type":"image\/png"}],"author":"communications","twitter_card":"summary_large_image","twitter_creator":"@FranciscansIntl","twitter_site":"@FranciscansIntl","twitter_misc":{"Escrito por":"communications","Tiempo de lectura":"3 minutos"},"schema":{"@context":"https:\/\/schema.org","@graph":[{"@type":"Article","@id":"https:\/\/franciscansinternational.org\/es\/fortalecimiento-de-capacidades-a-largo-plazo-para-documentar-las-violaciones-de-los-derechos-humanos-en-guatemala\/#article","isPartOf":{"@id":"https:\/\/franciscansinternational.org\/es\/fortalecimiento-de-capacidades-a-largo-plazo-para-documentar-las-violaciones-de-los-derechos-humanos-en-guatemala\/"},"author":{"name":"communications","@id":"https:\/\/franciscansinternational.org\/es\/#\/schema\/person\/f398f02712a9dcab7603295bc1ea94e4"},"headline":"Fortalecimiento de capacidades a largo plazo para documentar las violaciones de los derechos humanos en Guatemala\u00a0","datePublished":"2026-04-28T07:26:24+00:00","mainEntityOfPage":{"@id":"https:\/\/franciscansinternational.org\/es\/fortalecimiento-de-capacidades-a-largo-plazo-para-documentar-las-violaciones-de-los-derechos-humanos-en-guatemala\/"},"wordCount":575,"publisher":{"@id":"https:\/\/franciscansinternational.org\/es\/#organization"},"articleSection":["Noticias"],"inLanguage":"es"},{"@type":"WebPage","@id":"https:\/\/franciscansinternational.org\/es\/fortalecimiento-de-capacidades-a-largo-plazo-para-documentar-las-violaciones-de-los-derechos-humanos-en-guatemala\/","url":"https:\/\/franciscansinternational.org\/es\/fortalecimiento-de-capacidades-a-largo-plazo-para-documentar-las-violaciones-de-los-derechos-humanos-en-guatemala\/","name":"Fortalecimiento de capacidades a largo plazo para documentar las violaciones de los derechos humanos en Guatemala\u00a0 - Franciscans International (ES)","isPartOf":{"@id":"https:\/\/franciscansinternational.org\/es\/#website"},"datePublished":"2026-04-28T07:26:24+00:00","breadcrumb":{"@id":"https:\/\/franciscansinternational.org\/es\/fortalecimiento-de-capacidades-a-largo-plazo-para-documentar-las-violaciones-de-los-derechos-humanos-en-guatemala\/#breadcrumb"},"inLanguage":"es","potentialAction":[{"@type":"ReadAction","target":["https:\/\/franciscansinternational.org\/es\/fortalecimiento-de-capacidades-a-largo-plazo-para-documentar-las-violaciones-de-los-derechos-humanos-en-guatemala\/"]}]},{"@type":"BreadcrumbList","@id":"https:\/\/franciscansinternational.org\/es\/fortalecimiento-de-capacidades-a-largo-plazo-para-documentar-las-violaciones-de-los-derechos-humanos-en-guatemala\/#breadcrumb","itemListElement":[{"@type":"ListItem","position":1,"name":"Home","item":"https:\/\/franciscansinternational.org\/es\/"},{"@type":"ListItem","position":2,"name":"Fortalecimiento de capacidades a largo plazo para documentar las violaciones de los derechos humanos en Guatemala\u00a0"}]},{"@type":"WebSite","@id":"https:\/\/franciscansinternational.org\/es\/#website","url":"https:\/\/franciscansinternational.org\/es\/","name":"Franciscans International (ES)","description":"Just another Franciscans International site","publisher":{"@id":"https:\/\/franciscansinternational.org\/es\/#organization"},"potentialAction":[{"@type":"SearchAction","target":{"@type":"EntryPoint","urlTemplate":"https:\/\/franciscansinternational.org\/es\/?s={search_term_string}"},"query-input":{"@type":"PropertyValueSpecification","valueRequired":true,"valueName":"search_term_string"}}],"inLanguage":"es"},{"@type":"Organization","@id":"https:\/\/franciscansinternational.org\/es\/#organization","name":"Franciscans International (ES)","url":"https:\/\/franciscansinternational.org\/es\/","logo":{"@type":"ImageObject","inLanguage":"es","@id":"https:\/\/franciscansinternational.org\/es\/#\/schema\/logo\/image\/","url":"https:\/\/franciscansinternational.org\/wp-content\/uploads\/sites\/3\/2023\/05\/logo-3.png","contentUrl":"https:\/\/franciscansinternational.org\/wp-content\/uploads\/sites\/3\/2023\/05\/logo-3.png","width":1200,"height":205,"caption":"Franciscans International (ES)"},"image":{"@id":"https:\/\/franciscansinternational.org\/es\/#\/schema\/logo\/image\/"},"sameAs":["https:\/\/www.facebook.com\/FranciscansInternational\/","https:\/\/x.com\/FranciscansIntl","https:\/\/www.youtube.com\/channel\/UCexu0i-fWB4wwrlPMCz8_Zg"]},{"@type":"Person","@id":"https:\/\/franciscansinternational.org\/es\/#\/schema\/person\/f398f02712a9dcab7603295bc1ea94e4","name":"communications","image":{"@type":"ImageObject","inLanguage":"es","@id":"https:\/\/secure.gravatar.com\/avatar\/0b4a62226a9b4f7ce621ec49ca40be1e77d886a42ca84b8a0b0697e9ec17dd63?s=96&d=mm&r=g","url":"https:\/\/secure.gravatar.com\/avatar\/0b4a62226a9b4f7ce621ec49ca40be1e77d886a42ca84b8a0b0697e9ec17dd63?s=96&d=mm&r=g","contentUrl":"https:\/\/secure.gravatar.com\/avatar\/0b4a62226a9b4f7ce621ec49ca40be1e77d886a42ca84b8a0b0697e9ec17dd63?s=96&d=mm&r=g","caption":"communications"},"url":"https:\/\/franciscansinternational.org\/es\/author\/communications\/"}]}},"jetpack_featured_media_url":"","jetpack_sharing_enabled":true,"_links":{"self":[{"href":"https:\/\/franciscansinternational.org\/es\/wp-json\/wp\/v2\/posts\/1207","targetHints":{"allow":["GET"]}}],"collection":[{"href":"https:\/\/franciscansinternational.org\/es\/wp-json\/wp\/v2\/posts"}],"about":[{"href":"https:\/\/franciscansinternational.org\/es\/wp-json\/wp\/v2\/types\/post"}],"author":[{"embeddable":true,"href":"https:\/\/franciscansinternational.org\/es\/wp-json\/wp\/v2\/users\/3"}],"replies":[{"embeddable":true,"href":"https:\/\/franciscansinternational.org\/es\/wp-json\/wp\/v2\/comments?post=1207"}],"version-history":[{"count":2,"href":"https:\/\/franciscansinternational.org\/es\/wp-json\/wp\/v2\/posts\/1207\/revisions"}],"predecessor-version":[{"id":1209,"href":"https:\/\/franciscansinternational.org\/es\/wp-json\/wp\/v2\/posts\/1207\/revisions\/1209"}],"wp:attachment":[{"href":"https:\/\/franciscansinternational.org\/es\/wp-json\/wp\/v2\/media?parent=1207"}],"wp:term":[{"taxonomy":"category","embeddable":true,"href":"https:\/\/franciscansinternational.org\/es\/wp-json\/wp\/v2\/categories?post=1207"},{"taxonomy":"post_tag","embeddable":true,"href":"https:\/\/franciscansinternational.org\/es\/wp-json\/wp\/v2\/tags?post=1207"}],"curies":[{"name":"wp","href":"https:\/\/api.w.org\/{rel}","templated":true}]}}