{"id":209,"date":"2021-06-22T10:47:00","date_gmt":"2021-06-22T10:47:00","guid":{"rendered":"https:\/\/franciscansinternational.kinsta.cloud\/es\/?p=209"},"modified":"2023-03-14T10:55:35","modified_gmt":"2023-03-14T10:55:35","slug":"carta-abierta-de-la-sociedad-civil-mundial-y-pueblos-indigenas-para-el-establecimiento-de-un-nuevo-relator-especial-de-la-onu-sobre-derechos-humanos-y-cambio-climatico","status":"publish","type":"post","link":"https:\/\/franciscansinternational.org\/es\/carta-abierta-de-la-sociedad-civil-mundial-y-pueblos-indigenas-para-el-establecimiento-de-un-nuevo-relator-especial-de-la-onu-sobre-derechos-humanos-y-cambio-climatico\/","title":{"rendered":"Carta abierta de la sociedad civil mundial y Pueblos Ind\u00edgenas para el establecimiento de un nuevo Relator Especial de la ONU sobre Derechos Humanos y Cambio Clim\u00e1tico"},"content":{"rendered":"\n<p><em>A los Estados miembros y observadores del Consejo de Derechos Humanos de las Naciones Unidas<\/em><\/p>\n\n\n\n<p>En el marco del 47\u00ba per\u00edodo de sesiones del Consejo de Derechos Humanos de la ONU (CDH) que tendr\u00e1 lugar del 21 de junio al 15 de julio de 2021, las organizaciones de la sociedad civil y de los Pueblos Ind\u00edgenas abajo firmantes piden a los Estados miembros de la ONU, a trav\u00e9s del CDH, que establezcan en este per\u00edodo de sesiones un nuevo Relator Especial de la ONU sobre derechos humanos y cambio clim\u00e1tico.<\/p>\n\n\n\n<p>El cambio clim\u00e1tico es una amenaza existencial para la humanidad, que pone en peligro la realizaci\u00f3n de todos los derechos humanos para las generaciones presentes y futuras. A medida que los impactos de la crisis clim\u00e1tica empeoran y agravan las formas de discriminaci\u00f3n interseccional contra diversos pueblos, individuos y grupos en nuestras sociedades, no se puede seguir posponiendo la acci\u00f3n en el CDH y se deben adoptar medidas urgentes para proteger a las personas y al planeta. La cuesti\u00f3n del cambio clim\u00e1tico no puede continuar \u00fanicamente en espacios, aunque interesantes, como di\u00e1logos interactivos o en manos de los diferentes Procedimientos Especiales existentes para que la aborden cuando puedan, a pesar de que sus diversas contribuciones hayan sido notables.<\/p>\n\n\n\n<p>La creaci\u00f3n de una Relator\u00eda Especial dedicada a los retos del cambio clim\u00e1tico es una petici\u00f3n hist\u00f3rica por parte de un n\u00famero creciente de organizaciones de la sociedad civil y de Pueblos Ind\u00edgenas, dado que un mandato de esta naturaleza permitir\u00eda al CDH elevar su trabajo sobre el cambio clim\u00e1tico de forma sistem\u00e1tica y sostenible, proteger a las personas del cambio clim\u00e1tico desmedido y de sus impactos inevitables; y promover el respeto de los derechos humanos en las respuestas al clima. En pocas palabras, el cambio clim\u00e1tico debe ser una prioridad m\u00e1xima para el CDH.<\/p>\n\n\n\n<p>En 2019, las Islas Marshall, en nombre del Foro de Vulnerables del Clima (CVF), pidieron la creaci\u00f3n de un Relator Especial del CDH dedicado a los derechos humanos y el cambio clim\u00e1tico en la 25\u00aa Conferencia de las Partes de la Convenci\u00f3n Marco de las Naciones Unidas sobre el Cambio Clim\u00e1tico. En los \u00faltimos dos a\u00f1os, esta propuesta ha cobrado impulso entre los Estados. Durante la 46\u00aa sesi\u00f3n del CDH en marzo de 2021, en un momento sin precedentes, un grupo interregional de 56 Estados se uni\u00f3 a Bangladesh en una declaraci\u00f3n que ped\u00eda a los miembros del Consejo que consideraran la creaci\u00f3n de este nuevo mandato.<\/p>\n\n\n\n<p><strong>Ha llegado el momento de actuar sobre estas declaraciones. Nosotros, los abajo firmantes, reiteramos por tanto nuestro llamamiento instando a los Estados a establecer un nuevo Relator Especial sobre derechos humanos y cambio clim\u00e1tico en la 47\u00aa sesi\u00f3n del Consejo de Derechos Humanos.<\/strong><\/p>\n","protected":false},"excerpt":{"rendered":"<p>A los Estados miembros y observadores del Consejo de Derechos Humanos de las Naciones Unidas En el marco del 47\u00ba &#8230; <\/p>\n","protected":false},"author":3,"featured_media":210,"comment_status":"open","ping_status":"closed","sticky":false,"template":"","format":"standard","meta":{"_relevanssi_hide_post":"","_relevanssi_hide_content":"","_relevanssi_pin_for_all":"","_relevanssi_pin_keywords":"","_relevanssi_unpin_keywords":"","_relevanssi_related_keywords":"","_relevanssi_related_include_ids":"","_relevanssi_related_exclude_ids":"","_relevanssi_related_no_append":"","_relevanssi_related_not_related":"","_relevanssi_related_posts":"117,122,118,120,121,124","_relevanssi_noindex_reason":"","_jetpack_memberships_contains_paid_content":false,"footnotes":""},"categories":[1],"tags":[8],"class_list":["post-209","post","type-post","status-publish","format-standard","has-post-thumbnail","hentry","category-noticias","tag-justicia-ambiental"],"acf":[],"yoast_head":"<!-- This site is optimized with the Yoast SEO plugin v27.5 - https:\/\/yoast.com\/product\/yoast-seo-wordpress\/ -->\n<title>Carta abierta de la sociedad civil mundial y Pueblos Ind\u00edgenas para el establecimiento de un nuevo Relator Especial de la ONU sobre Derechos Humanos y Cambio Clim\u00e1tico - Franciscans International (ES)<\/title>\n<meta name=\"robots\" content=\"index, follow, max-snippet:-1, max-image-preview:large, max-video-preview:-1\" \/>\n<link rel=\"canonical\" href=\"https:\/\/franciscansinternational.org\/es\/carta-abierta-de-la-sociedad-civil-mundial-y-pueblos-indigenas-para-el-establecimiento-de-un-nuevo-relator-especial-de-la-onu-sobre-derechos-humanos-y-cambio-climatico\/\" \/>\n<meta property=\"og:locale\" content=\"es_ES\" \/>\n<meta property=\"og:type\" content=\"article\" \/>\n<meta property=\"og:title\" content=\"Carta abierta de la sociedad civil mundial y Pueblos Ind\u00edgenas para el establecimiento de un nuevo Relator Especial de la ONU sobre Derechos Humanos y Cambio Clim\u00e1tico - Franciscans International (ES)\" \/>\n<meta property=\"og:description\" content=\"A los Estados miembros y observadores del Consejo de Derechos Humanos de las Naciones Unidas En el marco del 47\u00ba ...\" \/>\n<meta property=\"og:url\" content=\"https:\/\/franciscansinternational.org\/es\/carta-abierta-de-la-sociedad-civil-mundial-y-pueblos-indigenas-para-el-establecimiento-de-un-nuevo-relator-especial-de-la-onu-sobre-derechos-humanos-y-cambio-climatico\/\" \/>\n<meta property=\"og:site_name\" content=\"Franciscans International (ES)\" \/>\n<meta property=\"article:publisher\" content=\"https:\/\/www.facebook.com\/FranciscansInternational\/\" \/>\n<meta property=\"article:published_time\" content=\"2021-06-22T10:47:00+00:00\" \/>\n<meta property=\"article:modified_time\" content=\"2023-03-14T10:55:35+00:00\" \/>\n<meta property=\"og:image\" content=\"https:\/\/franciscansinternational.org\/wp-content\/uploads\/sites\/3\/2023\/03\/20210622-thumbnail.jpg\" \/>\n\t<meta property=\"og:image:width\" content=\"1024\" \/>\n\t<meta property=\"og:image:height\" content=\"683\" \/>\n\t<meta property=\"og:image:type\" content=\"image\/jpeg\" \/>\n<meta name=\"author\" content=\"communications\" \/>\n<meta name=\"twitter:card\" content=\"summary_large_image\" \/>\n<meta name=\"twitter:creator\" content=\"@FranciscansIntl\" \/>\n<meta name=\"twitter:site\" content=\"@FranciscansIntl\" \/>\n<meta name=\"twitter:label1\" content=\"Escrito por\" \/>\n\t<meta name=\"twitter:data1\" content=\"communications\" \/>\n\t<meta name=\"twitter:label2\" content=\"Tiempo de lectura\" \/>\n\t<meta name=\"twitter:data2\" content=\"3 minutos\" \/>\n<script type=\"application\/ld+json\" class=\"yoast-schema-graph\">{\"@context\":\"https:\\\/\\\/schema.org\",\"@graph\":[{\"@type\":\"Article\",\"@id\":\"https:\\\/\\\/franciscansinternational.org\\\/es\\\/carta-abierta-de-la-sociedad-civil-mundial-y-pueblos-indigenas-para-el-establecimiento-de-un-nuevo-relator-especial-de-la-onu-sobre-derechos-humanos-y-cambio-climatico\\\/#article\",\"isPartOf\":{\"@id\":\"https:\\\/\\\/franciscansinternational.org\\\/es\\\/carta-abierta-de-la-sociedad-civil-mundial-y-pueblos-indigenas-para-el-establecimiento-de-un-nuevo-relator-especial-de-la-onu-sobre-derechos-humanos-y-cambio-climatico\\\/\"},\"author\":{\"name\":\"communications\",\"@id\":\"https:\\\/\\\/franciscansinternational.org\\\/es\\\/#\\\/schema\\\/person\\\/f398f02712a9dcab7603295bc1ea94e4\"},\"headline\":\"Carta abierta de la sociedad civil mundial y Pueblos Ind\u00edgenas para el establecimiento de un nuevo Relator Especial de la ONU sobre Derechos Humanos y Cambio Clim\u00e1tico\",\"datePublished\":\"2021-06-22T10:47:00+00:00\",\"dateModified\":\"2023-03-14T10:55:35+00:00\",\"mainEntityOfPage\":{\"@id\":\"https:\\\/\\\/franciscansinternational.org\\\/es\\\/carta-abierta-de-la-sociedad-civil-mundial-y-pueblos-indigenas-para-el-establecimiento-de-un-nuevo-relator-especial-de-la-onu-sobre-derechos-humanos-y-cambio-climatico\\\/\"},\"wordCount\":509,\"commentCount\":0,\"publisher\":{\"@id\":\"https:\\\/\\\/franciscansinternational.org\\\/es\\\/#organization\"},\"image\":{\"@id\":\"https:\\\/\\\/franciscansinternational.org\\\/es\\\/carta-abierta-de-la-sociedad-civil-mundial-y-pueblos-indigenas-para-el-establecimiento-de-un-nuevo-relator-especial-de-la-onu-sobre-derechos-humanos-y-cambio-climatico\\\/#primaryimage\"},\"thumbnailUrl\":\"https:\\\/\\\/franciscansinternational.org\\\/es\\\/wp-content\\\/uploads\\\/sites\\\/3\\\/2023\\\/03\\\/20210622-thumbnail.jpg\",\"keywords\":[\"Justicia ambiental\"],\"articleSection\":[\"Noticias\"],\"inLanguage\":\"es\",\"potentialAction\":[{\"@type\":\"CommentAction\",\"name\":\"Comment\",\"target\":[\"https:\\\/\\\/franciscansinternational.org\\\/es\\\/carta-abierta-de-la-sociedad-civil-mundial-y-pueblos-indigenas-para-el-establecimiento-de-un-nuevo-relator-especial-de-la-onu-sobre-derechos-humanos-y-cambio-climatico\\\/#respond\"]}]},{\"@type\":\"WebPage\",\"@id\":\"https:\\\/\\\/franciscansinternational.org\\\/es\\\/carta-abierta-de-la-sociedad-civil-mundial-y-pueblos-indigenas-para-el-establecimiento-de-un-nuevo-relator-especial-de-la-onu-sobre-derechos-humanos-y-cambio-climatico\\\/\",\"url\":\"https:\\\/\\\/franciscansinternational.org\\\/es\\\/carta-abierta-de-la-sociedad-civil-mundial-y-pueblos-indigenas-para-el-establecimiento-de-un-nuevo-relator-especial-de-la-onu-sobre-derechos-humanos-y-cambio-climatico\\\/\",\"name\":\"Carta abierta de la sociedad civil mundial y Pueblos Ind\u00edgenas para el establecimiento de un nuevo Relator Especial de la ONU sobre Derechos Humanos y Cambio Clim\u00e1tico - Franciscans International (ES)\",\"isPartOf\":{\"@id\":\"https:\\\/\\\/franciscansinternational.org\\\/es\\\/#website\"},\"primaryImageOfPage\":{\"@id\":\"https:\\\/\\\/franciscansinternational.org\\\/es\\\/carta-abierta-de-la-sociedad-civil-mundial-y-pueblos-indigenas-para-el-establecimiento-de-un-nuevo-relator-especial-de-la-onu-sobre-derechos-humanos-y-cambio-climatico\\\/#primaryimage\"},\"image\":{\"@id\":\"https:\\\/\\\/franciscansinternational.org\\\/es\\\/carta-abierta-de-la-sociedad-civil-mundial-y-pueblos-indigenas-para-el-establecimiento-de-un-nuevo-relator-especial-de-la-onu-sobre-derechos-humanos-y-cambio-climatico\\\/#primaryimage\"},\"thumbnailUrl\":\"https:\\\/\\\/franciscansinternational.org\\\/es\\\/wp-content\\\/uploads\\\/sites\\\/3\\\/2023\\\/03\\\/20210622-thumbnail.jpg\",\"datePublished\":\"2021-06-22T10:47:00+00:00\",\"dateModified\":\"2023-03-14T10:55:35+00:00\",\"breadcrumb\":{\"@id\":\"https:\\\/\\\/franciscansinternational.org\\\/es\\\/carta-abierta-de-la-sociedad-civil-mundial-y-pueblos-indigenas-para-el-establecimiento-de-un-nuevo-relator-especial-de-la-onu-sobre-derechos-humanos-y-cambio-climatico\\\/#breadcrumb\"},\"inLanguage\":\"es\",\"potentialAction\":[{\"@type\":\"ReadAction\",\"target\":[\"https:\\\/\\\/franciscansinternational.org\\\/es\\\/carta-abierta-de-la-sociedad-civil-mundial-y-pueblos-indigenas-para-el-establecimiento-de-un-nuevo-relator-especial-de-la-onu-sobre-derechos-humanos-y-cambio-climatico\\\/\"]}]},{\"@type\":\"ImageObject\",\"inLanguage\":\"es\",\"@id\":\"https:\\\/\\\/franciscansinternational.org\\\/es\\\/carta-abierta-de-la-sociedad-civil-mundial-y-pueblos-indigenas-para-el-establecimiento-de-un-nuevo-relator-especial-de-la-onu-sobre-derechos-humanos-y-cambio-climatico\\\/#primaryimage\",\"url\":\"https:\\\/\\\/franciscansinternational.org\\\/es\\\/wp-content\\\/uploads\\\/sites\\\/3\\\/2023\\\/03\\\/20210622-thumbnail.jpg\",\"contentUrl\":\"https:\\\/\\\/franciscansinternational.org\\\/es\\\/wp-content\\\/uploads\\\/sites\\\/3\\\/2023\\\/03\\\/20210622-thumbnail.jpg\",\"width\":1024,\"height\":683},{\"@type\":\"BreadcrumbList\",\"@id\":\"https:\\\/\\\/franciscansinternational.org\\\/es\\\/carta-abierta-de-la-sociedad-civil-mundial-y-pueblos-indigenas-para-el-establecimiento-de-un-nuevo-relator-especial-de-la-onu-sobre-derechos-humanos-y-cambio-climatico\\\/#breadcrumb\",\"itemListElement\":[{\"@type\":\"ListItem\",\"position\":1,\"name\":\"Home\",\"item\":\"https:\\\/\\\/franciscansinternational.org\\\/es\\\/\"},{\"@type\":\"ListItem\",\"position\":2,\"name\":\"Carta abierta de la sociedad civil mundial y Pueblos Ind\u00edgenas para el establecimiento de un nuevo Relator Especial de la ONU sobre Derechos Humanos y Cambio Clim\u00e1tico\"}]},{\"@type\":\"WebSite\",\"@id\":\"https:\\\/\\\/franciscansinternational.org\\\/es\\\/#website\",\"url\":\"https:\\\/\\\/franciscansinternational.org\\\/es\\\/\",\"name\":\"Franciscans International (ES)\",\"description\":\"Just another Franciscans International site\",\"publisher\":{\"@id\":\"https:\\\/\\\/franciscansinternational.org\\\/es\\\/#organization\"},\"potentialAction\":[{\"@type\":\"SearchAction\",\"target\":{\"@type\":\"EntryPoint\",\"urlTemplate\":\"https:\\\/\\\/franciscansinternational.org\\\/es\\\/?s={search_term_string}\"},\"query-input\":{\"@type\":\"PropertyValueSpecification\",\"valueRequired\":true,\"valueName\":\"search_term_string\"}}],\"inLanguage\":\"es\"},{\"@type\":\"Organization\",\"@id\":\"https:\\\/\\\/franciscansinternational.org\\\/es\\\/#organization\",\"name\":\"Franciscans International (ES)\",\"url\":\"https:\\\/\\\/franciscansinternational.org\\\/es\\\/\",\"logo\":{\"@type\":\"ImageObject\",\"inLanguage\":\"es\",\"@id\":\"https:\\\/\\\/franciscansinternational.org\\\/es\\\/#\\\/schema\\\/logo\\\/image\\\/\",\"url\":\"https:\\\/\\\/franciscansinternational.org\\\/wp-content\\\/uploads\\\/sites\\\/3\\\/2023\\\/05\\\/logo-3.png\",\"contentUrl\":\"https:\\\/\\\/franciscansinternational.org\\\/wp-content\\\/uploads\\\/sites\\\/3\\\/2023\\\/05\\\/logo-3.png\",\"width\":1200,\"height\":205,\"caption\":\"Franciscans International (ES)\"},\"image\":{\"@id\":\"https:\\\/\\\/franciscansinternational.org\\\/es\\\/#\\\/schema\\\/logo\\\/image\\\/\"},\"sameAs\":[\"https:\\\/\\\/www.facebook.com\\\/FranciscansInternational\\\/\",\"https:\\\/\\\/x.com\\\/FranciscansIntl\",\"https:\\\/\\\/www.youtube.com\\\/channel\\\/UCexu0i-fWB4wwrlPMCz8_Zg\"]},{\"@type\":\"Person\",\"@id\":\"https:\\\/\\\/franciscansinternational.org\\\/es\\\/#\\\/schema\\\/person\\\/f398f02712a9dcab7603295bc1ea94e4\",\"name\":\"communications\",\"image\":{\"@type\":\"ImageObject\",\"inLanguage\":\"es\",\"@id\":\"https:\\\/\\\/secure.gravatar.com\\\/avatar\\\/0b4a62226a9b4f7ce621ec49ca40be1e77d886a42ca84b8a0b0697e9ec17dd63?s=96&d=mm&r=g\",\"url\":\"https:\\\/\\\/secure.gravatar.com\\\/avatar\\\/0b4a62226a9b4f7ce621ec49ca40be1e77d886a42ca84b8a0b0697e9ec17dd63?s=96&d=mm&r=g\",\"contentUrl\":\"https:\\\/\\\/secure.gravatar.com\\\/avatar\\\/0b4a62226a9b4f7ce621ec49ca40be1e77d886a42ca84b8a0b0697e9ec17dd63?s=96&d=mm&r=g\",\"caption\":\"communications\"},\"url\":\"https:\\\/\\\/franciscansinternational.org\\\/es\\\/author\\\/communications\\\/\"}]}<\/script>\n<!-- \/ Yoast SEO plugin. -->","yoast_head_json":{"title":"Carta abierta de la sociedad civil mundial y Pueblos Ind\u00edgenas para el establecimiento de un nuevo Relator Especial de la ONU sobre Derechos Humanos y Cambio Clim\u00e1tico - Franciscans International (ES)","robots":{"index":"index","follow":"follow","max-snippet":"max-snippet:-1","max-image-preview":"max-image-preview:large","max-video-preview":"max-video-preview:-1"},"canonical":"https:\/\/franciscansinternational.org\/es\/carta-abierta-de-la-sociedad-civil-mundial-y-pueblos-indigenas-para-el-establecimiento-de-un-nuevo-relator-especial-de-la-onu-sobre-derechos-humanos-y-cambio-climatico\/","og_locale":"es_ES","og_type":"article","og_title":"Carta abierta de la sociedad civil mundial y Pueblos Ind\u00edgenas para el establecimiento de un nuevo Relator Especial de la ONU sobre Derechos Humanos y Cambio Clim\u00e1tico - Franciscans International (ES)","og_description":"A los Estados miembros y observadores del Consejo de Derechos Humanos de las Naciones Unidas En el marco del 47\u00ba ...","og_url":"https:\/\/franciscansinternational.org\/es\/carta-abierta-de-la-sociedad-civil-mundial-y-pueblos-indigenas-para-el-establecimiento-de-un-nuevo-relator-especial-de-la-onu-sobre-derechos-humanos-y-cambio-climatico\/","og_site_name":"Franciscans International (ES)","article_publisher":"https:\/\/www.facebook.com\/FranciscansInternational\/","article_published_time":"2021-06-22T10:47:00+00:00","article_modified_time":"2023-03-14T10:55:35+00:00","og_image":[{"width":1024,"height":683,"url":"https:\/\/franciscansinternational.org\/wp-content\/uploads\/sites\/3\/2023\/03\/20210622-thumbnail.jpg","type":"image\/jpeg"}],"author":"communications","twitter_card":"summary_large_image","twitter_creator":"@FranciscansIntl","twitter_site":"@FranciscansIntl","twitter_misc":{"Escrito por":"communications","Tiempo de lectura":"3 minutos"},"schema":{"@context":"https:\/\/schema.org","@graph":[{"@type":"Article","@id":"https:\/\/franciscansinternational.org\/es\/carta-abierta-de-la-sociedad-civil-mundial-y-pueblos-indigenas-para-el-establecimiento-de-un-nuevo-relator-especial-de-la-onu-sobre-derechos-humanos-y-cambio-climatico\/#article","isPartOf":{"@id":"https:\/\/franciscansinternational.org\/es\/carta-abierta-de-la-sociedad-civil-mundial-y-pueblos-indigenas-para-el-establecimiento-de-un-nuevo-relator-especial-de-la-onu-sobre-derechos-humanos-y-cambio-climatico\/"},"author":{"name":"communications","@id":"https:\/\/franciscansinternational.org\/es\/#\/schema\/person\/f398f02712a9dcab7603295bc1ea94e4"},"headline":"Carta abierta de la sociedad civil mundial y Pueblos Ind\u00edgenas para el establecimiento de un nuevo Relator Especial de la ONU sobre Derechos Humanos y Cambio Clim\u00e1tico","datePublished":"2021-06-22T10:47:00+00:00","dateModified":"2023-03-14T10:55:35+00:00","mainEntityOfPage":{"@id":"https:\/\/franciscansinternational.org\/es\/carta-abierta-de-la-sociedad-civil-mundial-y-pueblos-indigenas-para-el-establecimiento-de-un-nuevo-relator-especial-de-la-onu-sobre-derechos-humanos-y-cambio-climatico\/"},"wordCount":509,"commentCount":0,"publisher":{"@id":"https:\/\/franciscansinternational.org\/es\/#organization"},"image":{"@id":"https:\/\/franciscansinternational.org\/es\/carta-abierta-de-la-sociedad-civil-mundial-y-pueblos-indigenas-para-el-establecimiento-de-un-nuevo-relator-especial-de-la-onu-sobre-derechos-humanos-y-cambio-climatico\/#primaryimage"},"thumbnailUrl":"https:\/\/franciscansinternational.org\/es\/wp-content\/uploads\/sites\/3\/2023\/03\/20210622-thumbnail.jpg","keywords":["Justicia ambiental"],"articleSection":["Noticias"],"inLanguage":"es","potentialAction":[{"@type":"CommentAction","name":"Comment","target":["https:\/\/franciscansinternational.org\/es\/carta-abierta-de-la-sociedad-civil-mundial-y-pueblos-indigenas-para-el-establecimiento-de-un-nuevo-relator-especial-de-la-onu-sobre-derechos-humanos-y-cambio-climatico\/#respond"]}]},{"@type":"WebPage","@id":"https:\/\/franciscansinternational.org\/es\/carta-abierta-de-la-sociedad-civil-mundial-y-pueblos-indigenas-para-el-establecimiento-de-un-nuevo-relator-especial-de-la-onu-sobre-derechos-humanos-y-cambio-climatico\/","url":"https:\/\/franciscansinternational.org\/es\/carta-abierta-de-la-sociedad-civil-mundial-y-pueblos-indigenas-para-el-establecimiento-de-un-nuevo-relator-especial-de-la-onu-sobre-derechos-humanos-y-cambio-climatico\/","name":"Carta abierta de la sociedad civil mundial y Pueblos Ind\u00edgenas para el establecimiento de un nuevo Relator Especial de la ONU sobre Derechos Humanos y Cambio Clim\u00e1tico - Franciscans International (ES)","isPartOf":{"@id":"https:\/\/franciscansinternational.org\/es\/#website"},"primaryImageOfPage":{"@id":"https:\/\/franciscansinternational.org\/es\/carta-abierta-de-la-sociedad-civil-mundial-y-pueblos-indigenas-para-el-establecimiento-de-un-nuevo-relator-especial-de-la-onu-sobre-derechos-humanos-y-cambio-climatico\/#primaryimage"},"image":{"@id":"https:\/\/franciscansinternational.org\/es\/carta-abierta-de-la-sociedad-civil-mundial-y-pueblos-indigenas-para-el-establecimiento-de-un-nuevo-relator-especial-de-la-onu-sobre-derechos-humanos-y-cambio-climatico\/#primaryimage"},"thumbnailUrl":"https:\/\/franciscansinternational.org\/es\/wp-content\/uploads\/sites\/3\/2023\/03\/20210622-thumbnail.jpg","datePublished":"2021-06-22T10:47:00+00:00","dateModified":"2023-03-14T10:55:35+00:00","breadcrumb":{"@id":"https:\/\/franciscansinternational.org\/es\/carta-abierta-de-la-sociedad-civil-mundial-y-pueblos-indigenas-para-el-establecimiento-de-un-nuevo-relator-especial-de-la-onu-sobre-derechos-humanos-y-cambio-climatico\/#breadcrumb"},"inLanguage":"es","potentialAction":[{"@type":"ReadAction","target":["https:\/\/franciscansinternational.org\/es\/carta-abierta-de-la-sociedad-civil-mundial-y-pueblos-indigenas-para-el-establecimiento-de-un-nuevo-relator-especial-de-la-onu-sobre-derechos-humanos-y-cambio-climatico\/"]}]},{"@type":"ImageObject","inLanguage":"es","@id":"https:\/\/franciscansinternational.org\/es\/carta-abierta-de-la-sociedad-civil-mundial-y-pueblos-indigenas-para-el-establecimiento-de-un-nuevo-relator-especial-de-la-onu-sobre-derechos-humanos-y-cambio-climatico\/#primaryimage","url":"https:\/\/franciscansinternational.org\/es\/wp-content\/uploads\/sites\/3\/2023\/03\/20210622-thumbnail.jpg","contentUrl":"https:\/\/franciscansinternational.org\/es\/wp-content\/uploads\/sites\/3\/2023\/03\/20210622-thumbnail.jpg","width":1024,"height":683},{"@type":"BreadcrumbList","@id":"https:\/\/franciscansinternational.org\/es\/carta-abierta-de-la-sociedad-civil-mundial-y-pueblos-indigenas-para-el-establecimiento-de-un-nuevo-relator-especial-de-la-onu-sobre-derechos-humanos-y-cambio-climatico\/#breadcrumb","itemListElement":[{"@type":"ListItem","position":1,"name":"Home","item":"https:\/\/franciscansinternational.org\/es\/"},{"@type":"ListItem","position":2,"name":"Carta abierta de la sociedad civil mundial y Pueblos Ind\u00edgenas para el establecimiento de un nuevo Relator Especial de la ONU sobre Derechos Humanos y Cambio Clim\u00e1tico"}]},{"@type":"WebSite","@id":"https:\/\/franciscansinternational.org\/es\/#website","url":"https:\/\/franciscansinternational.org\/es\/","name":"Franciscans International (ES)","description":"Just another Franciscans International site","publisher":{"@id":"https:\/\/franciscansinternational.org\/es\/#organization"},"potentialAction":[{"@type":"SearchAction","target":{"@type":"EntryPoint","urlTemplate":"https:\/\/franciscansinternational.org\/es\/?s={search_term_string}"},"query-input":{"@type":"PropertyValueSpecification","valueRequired":true,"valueName":"search_term_string"}}],"inLanguage":"es"},{"@type":"Organization","@id":"https:\/\/franciscansinternational.org\/es\/#organization","name":"Franciscans International (ES)","url":"https:\/\/franciscansinternational.org\/es\/","logo":{"@type":"ImageObject","inLanguage":"es","@id":"https:\/\/franciscansinternational.org\/es\/#\/schema\/logo\/image\/","url":"https:\/\/franciscansinternational.org\/wp-content\/uploads\/sites\/3\/2023\/05\/logo-3.png","contentUrl":"https:\/\/franciscansinternational.org\/wp-content\/uploads\/sites\/3\/2023\/05\/logo-3.png","width":1200,"height":205,"caption":"Franciscans International (ES)"},"image":{"@id":"https:\/\/franciscansinternational.org\/es\/#\/schema\/logo\/image\/"},"sameAs":["https:\/\/www.facebook.com\/FranciscansInternational\/","https:\/\/x.com\/FranciscansIntl","https:\/\/www.youtube.com\/channel\/UCexu0i-fWB4wwrlPMCz8_Zg"]},{"@type":"Person","@id":"https:\/\/franciscansinternational.org\/es\/#\/schema\/person\/f398f02712a9dcab7603295bc1ea94e4","name":"communications","image":{"@type":"ImageObject","inLanguage":"es","@id":"https:\/\/secure.gravatar.com\/avatar\/0b4a62226a9b4f7ce621ec49ca40be1e77d886a42ca84b8a0b0697e9ec17dd63?s=96&d=mm&r=g","url":"https:\/\/secure.gravatar.com\/avatar\/0b4a62226a9b4f7ce621ec49ca40be1e77d886a42ca84b8a0b0697e9ec17dd63?s=96&d=mm&r=g","contentUrl":"https:\/\/secure.gravatar.com\/avatar\/0b4a62226a9b4f7ce621ec49ca40be1e77d886a42ca84b8a0b0697e9ec17dd63?s=96&d=mm&r=g","caption":"communications"},"url":"https:\/\/franciscansinternational.org\/es\/author\/communications\/"}]}},"jetpack_featured_media_url":"https:\/\/franciscansinternational.org\/es\/wp-content\/uploads\/sites\/3\/2023\/03\/20210622-thumbnail.jpg","jetpack_sharing_enabled":true,"_links":{"self":[{"href":"https:\/\/franciscansinternational.org\/es\/wp-json\/wp\/v2\/posts\/209","targetHints":{"allow":["GET"]}}],"collection":[{"href":"https:\/\/franciscansinternational.org\/es\/wp-json\/wp\/v2\/posts"}],"about":[{"href":"https:\/\/franciscansinternational.org\/es\/wp-json\/wp\/v2\/types\/post"}],"author":[{"embeddable":true,"href":"https:\/\/franciscansinternational.org\/es\/wp-json\/wp\/v2\/users\/3"}],"replies":[{"embeddable":true,"href":"https:\/\/franciscansinternational.org\/es\/wp-json\/wp\/v2\/comments?post=209"}],"version-history":[{"count":2,"href":"https:\/\/franciscansinternational.org\/es\/wp-json\/wp\/v2\/posts\/209\/revisions"}],"predecessor-version":[{"id":212,"href":"https:\/\/franciscansinternational.org\/es\/wp-json\/wp\/v2\/posts\/209\/revisions\/212"}],"wp:featuredmedia":[{"embeddable":true,"href":"https:\/\/franciscansinternational.org\/es\/wp-json\/wp\/v2\/media\/210"}],"wp:attachment":[{"href":"https:\/\/franciscansinternational.org\/es\/wp-json\/wp\/v2\/media?parent=209"}],"wp:term":[{"taxonomy":"category","embeddable":true,"href":"https:\/\/franciscansinternational.org\/es\/wp-json\/wp\/v2\/categories?post=209"},{"taxonomy":"post_tag","embeddable":true,"href":"https:\/\/franciscansinternational.org\/es\/wp-json\/wp\/v2\/tags?post=209"}],"curies":[{"name":"wp","href":"https:\/\/api.w.org\/{rel}","templated":true}]}}