{"id":213,"date":"2021-09-30T10:45:00","date_gmt":"2021-09-30T10:45:00","guid":{"rendered":"https:\/\/franciscansinternational.kinsta.cloud\/es\/?p=213"},"modified":"2023-03-20T11:08:27","modified_gmt":"2023-03-20T11:08:27","slug":"covid-19-y-los-pueblos-indigenas","status":"publish","type":"post","link":"https:\/\/franciscansinternational.org\/es\/covid-19-y-los-pueblos-indigenas\/","title":{"rendered":"COVID-19 y los Pueblos Ind\u00edgenas"},"content":{"rendered":"\n<p>Estas fichas t\u00e9cnicas tienen como objetivo apoyar el trabajo de activistas ind\u00edgenas y de personas defensoras de derechos humanos que trabajan en tem\u00e1ticas de pueblos ind\u00edgenas. Asimismo, Franciscans International busca que sirvan como herramienta para familiarizarse con el vocabulario, dise\u00f1o y formulaci\u00f3n de recomendaciones emanadas de distintos mecanismos de derechos humanos de Naciones Unidas para facilitar el trabajo de incidencia a nivel nacional, regional, e internacional.<\/p>\n\n\n\n<p>Cada ficha t\u00e9cnica est\u00e1 dedicada a una tem\u00e1tica diferente y en ellas se pueden encontrar una descripci\u00f3n general de la problem\u00e1tica, algunas recomendaciones generales, un listado de recomendaciones espec\u00edficas y un apartado dedicado a otras fuentes autoritativas relacionadas con cada tem\u00e1tica.<\/p>\n\n\n\n<p>Si bien las recomendaciones est\u00e1n relacionadas con la pandemia del COVID-19, muchas de ellas pueden ser adaptadas para abordar situaciones m\u00e1s generales en materia de derechos humanos.<\/p>\n\n\n\n<p>Las fichas t\u00e9cnicas tambi\u00e9n est\u00e1n disponibles en <a href=\"https:\/\/franciscansinternational.org\/wp-content\/uploads\/2021\/04\/Covid-19_y_los_Pueblos_Indi__genas_PRINT.pdf\" target=\"_blank\" rel=\"noreferrer noopener\">espa\u00f1ol<\/a>, <a href=\"https:\/\/franciscansinternational.org\/wp-content\/uploads\/2022\/11\/Covid-19_and_Indigenous_Peoples.pdf\" target=\"_blank\" rel=\"noreferrer noopener\">ingl\u00e9s<\/a>, <a href=\"https:\/\/franciscansinternational.org\/wp-content\/uploads\/2021\/04\/Covid-19_e_Povos_Indigenas.pdf\" target=\"_blank\" rel=\"noreferrer noopener\">portugu\u00e9s<\/a> y <a href=\"https:\/\/franciscansinternational.org\/wp-content\/uploads\/2022\/11\/Factsheets_Qeqchi.pdf\" target=\"_blank\" rel=\"noreferrer noopener\">q&#8217;eqchi<\/a>. Ellas abordan los siguientes temas:<\/p>\n\n\n\n<figure class=\"wp-block-table is-style-stripes has-small-font-size\"><table class=\"has-fixed-layout\"><tbody><tr><td class=\"has-text-align-center\" data-align=\"center\"><a href=\"https:\/\/franciscansinternational.org\/wp-content\/uploads\/sites\/3\/2023\/03\/Access_to_vaccines_ESP.pdf\" target=\"_blank\" rel=\"noreferrer noopener\"><img loading=\"lazy\" decoding=\"async\" width=\"1000\" height=\"1414\" class=\"wp-image-216\" style=\"width: 212px\" src=\"https:\/\/franciscansinternational.org\/wp-content\/uploads\/sites\/3\/2023\/03\/Access_to_vaccines_ESP-1.png\" alt=\"\" srcset=\"https:\/\/franciscansinternational.org\/es\/wp-content\/uploads\/sites\/3\/2023\/03\/Access_to_vaccines_ESP-1.png 1000w, https:\/\/franciscansinternational.org\/es\/wp-content\/uploads\/sites\/3\/2023\/03\/Access_to_vaccines_ESP-1-212x300.png 212w, https:\/\/franciscansinternational.org\/es\/wp-content\/uploads\/sites\/3\/2023\/03\/Access_to_vaccines_ESP-1-724x1024.png 724w, https:\/\/franciscansinternational.org\/es\/wp-content\/uploads\/sites\/3\/2023\/03\/Access_to_vaccines_ESP-1-768x1086.png 768w\" sizes=\"auto, (max-width: 1000px) 100vw, 1000px\" \/><\/a><\/td><td class=\"has-text-align-center\" data-align=\"center\"><a href=\"https:\/\/franciscansinternational.org\/wp-content\/uploads\/sites\/3\/2023\/03\/Clausula_general_de_no_discriminacion.pdf\" target=\"_blank\" rel=\"noreferrer noopener\"><img loading=\"lazy\" decoding=\"async\" width=\"1000\" height=\"1414\" class=\"wp-image-218\" style=\"width: 212px\" src=\"https:\/\/franciscansinternational.org\/wp-content\/uploads\/sites\/3\/2023\/03\/Clausula_general_de_no_discriminacion-1.png\" alt=\"\" srcset=\"https:\/\/franciscansinternational.org\/es\/wp-content\/uploads\/sites\/3\/2023\/03\/Clausula_general_de_no_discriminacion-1.png 1000w, https:\/\/franciscansinternational.org\/es\/wp-content\/uploads\/sites\/3\/2023\/03\/Clausula_general_de_no_discriminacion-1-212x300.png 212w, https:\/\/franciscansinternational.org\/es\/wp-content\/uploads\/sites\/3\/2023\/03\/Clausula_general_de_no_discriminacion-1-724x1024.png 724w, https:\/\/franciscansinternational.org\/es\/wp-content\/uploads\/sites\/3\/2023\/03\/Clausula_general_de_no_discriminacion-1-768x1086.png 768w\" sizes=\"auto, (max-width: 1000px) 100vw, 1000px\" \/><\/a><\/td><td class=\"has-text-align-center\" data-align=\"center\"><a href=\"https:\/\/franciscansinternational.org\/wp-content\/uploads\/sites\/3\/2023\/03\/Mujeres_y_asuntos_de_genero.pdf\" target=\"_blank\" rel=\"noreferrer noopener\"><img loading=\"lazy\" decoding=\"async\" width=\"1000\" height=\"1414\" class=\"wp-image-223\" style=\"width: 212px\" src=\"https:\/\/franciscansinternational.org\/wp-content\/uploads\/sites\/3\/2023\/03\/Mujeres_y_asuntos_de_genero-1.png\" alt=\"\" srcset=\"https:\/\/franciscansinternational.org\/es\/wp-content\/uploads\/sites\/3\/2023\/03\/Mujeres_y_asuntos_de_genero-1.png 1000w, https:\/\/franciscansinternational.org\/es\/wp-content\/uploads\/sites\/3\/2023\/03\/Mujeres_y_asuntos_de_genero-1-212x300.png 212w, https:\/\/franciscansinternational.org\/es\/wp-content\/uploads\/sites\/3\/2023\/03\/Mujeres_y_asuntos_de_genero-1-724x1024.png 724w, https:\/\/franciscansinternational.org\/es\/wp-content\/uploads\/sites\/3\/2023\/03\/Mujeres_y_asuntos_de_genero-1-768x1086.png 768w\" sizes=\"auto, (max-width: 1000px) 100vw, 1000px\" \/><\/a><\/td><\/tr><tr><td class=\"has-text-align-center\" data-align=\"center\"><a href=\"https:\/\/franciscansinternational.org\/wp-content\/uploads\/sites\/3\/2023\/03\/Access_to_vaccines_ESP.pdf\" target=\"_blank\" rel=\"noreferrer noopener\">Acceso a la atenci\u00f3n sanitaria y a las vacunas<\/a><\/td><td class=\"has-text-align-center\" data-align=\"center\"><a href=\"https:\/\/franciscansinternational.org\/wp-content\/uploads\/sites\/3\/2023\/03\/Clausula_general_de_no_discriminacion.pdf\" target=\"_blank\" rel=\"noreferrer noopener\">Cl\u00e1usula general de no discriminaci\u00f3n<\/a><\/td><td class=\"has-text-align-center\" data-align=\"center\"><a href=\"https:\/\/franciscansinternational.org\/wp-content\/uploads\/sites\/3\/2023\/03\/Mujeres_y_asuntos_de_genero.pdf\" target=\"_blank\" rel=\"noreferrer noopener\">Mujeres y asuntos de g\u00e9nero<\/a><\/td><\/tr><tr><td class=\"has-text-align-center\" data-align=\"center\"><a href=\"https:\/\/franciscansinternational.org\/wp-content\/uploads\/sites\/3\/2023\/03\/Acceso_a_la_informacion.pdf\" target=\"_blank\" rel=\"noreferrer noopener\"><img loading=\"lazy\" decoding=\"async\" width=\"1000\" height=\"1414\" class=\"wp-image-215\" style=\"width: 212px\" src=\"https:\/\/franciscansinternational.org\/wp-content\/uploads\/sites\/3\/2023\/03\/Acceso_a_la_informacion-1.png\" alt=\"\" srcset=\"https:\/\/franciscansinternational.org\/es\/wp-content\/uploads\/sites\/3\/2023\/03\/Acceso_a_la_informacion-1.png 1000w, https:\/\/franciscansinternational.org\/es\/wp-content\/uploads\/sites\/3\/2023\/03\/Acceso_a_la_informacion-1-212x300.png 212w, https:\/\/franciscansinternational.org\/es\/wp-content\/uploads\/sites\/3\/2023\/03\/Acceso_a_la_informacion-1-724x1024.png 724w, https:\/\/franciscansinternational.org\/es\/wp-content\/uploads\/sites\/3\/2023\/03\/Acceso_a_la_informacion-1-768x1086.png 768w\" sizes=\"auto, (max-width: 1000px) 100vw, 1000px\" \/><\/a><\/td><td class=\"has-text-align-center\" data-align=\"center\"><a href=\"https:\/\/franciscansinternational.org\/wp-content\/uploads\/sites\/3\/2023\/03\/Consentimiento_libre.pdf\" target=\"_blank\" rel=\"noreferrer noopener\"><img loading=\"lazy\" decoding=\"async\" width=\"1000\" height=\"1414\" class=\"wp-image-219\" style=\"width: 212px\" src=\"https:\/\/franciscansinternational.org\/wp-content\/uploads\/sites\/3\/2023\/03\/Consentimiento_libre-1.png\" alt=\"\" srcset=\"https:\/\/franciscansinternational.org\/es\/wp-content\/uploads\/sites\/3\/2023\/03\/Consentimiento_libre-1.png 1000w, https:\/\/franciscansinternational.org\/es\/wp-content\/uploads\/sites\/3\/2023\/03\/Consentimiento_libre-1-212x300.png 212w, https:\/\/franciscansinternational.org\/es\/wp-content\/uploads\/sites\/3\/2023\/03\/Consentimiento_libre-1-724x1024.png 724w, https:\/\/franciscansinternational.org\/es\/wp-content\/uploads\/sites\/3\/2023\/03\/Consentimiento_libre-1-768x1086.png 768w\" sizes=\"auto, (max-width: 1000px) 100vw, 1000px\" \/><\/a><\/td><td class=\"has-text-align-center\" data-align=\"center\"><a href=\"https:\/\/franciscansinternational.org\/wp-content\/uploads\/sites\/3\/2023\/03\/Medicina_tradicional.pdf\" target=\"_blank\" rel=\"noreferrer noopener\"><img loading=\"lazy\" decoding=\"async\" width=\"1000\" height=\"1414\" class=\"wp-image-222\" style=\"width: 212px\" src=\"https:\/\/franciscansinternational.org\/wp-content\/uploads\/sites\/3\/2023\/03\/Medicina_tradicional-1.png\" alt=\"\" srcset=\"https:\/\/franciscansinternational.org\/es\/wp-content\/uploads\/sites\/3\/2023\/03\/Medicina_tradicional-1.png 1000w, https:\/\/franciscansinternational.org\/es\/wp-content\/uploads\/sites\/3\/2023\/03\/Medicina_tradicional-1-212x300.png 212w, https:\/\/franciscansinternational.org\/es\/wp-content\/uploads\/sites\/3\/2023\/03\/Medicina_tradicional-1-724x1024.png 724w, https:\/\/franciscansinternational.org\/es\/wp-content\/uploads\/sites\/3\/2023\/03\/Medicina_tradicional-1-768x1086.png 768w\" sizes=\"auto, (max-width: 1000px) 100vw, 1000px\" \/><\/a><\/td><\/tr><tr><td class=\"has-text-align-center\" data-align=\"center\"><a href=\"https:\/\/franciscansinternational.org\/wp-content\/uploads\/sites\/3\/2023\/03\/Acceso_a_la_informacion.pdf\" target=\"_blank\" rel=\"noreferrer noopener\">Acceso a la informaci\u00f3n de COVID-19<\/a><\/td><td class=\"has-text-align-center\" data-align=\"center\"><a href=\"https:\/\/franciscansinternational.org\/wp-content\/uploads\/sites\/3\/2023\/03\/Consentimiento_libre.pdf\" target=\"_blank\" rel=\"noreferrer noopener\">Consentimiento libre, previo e informado<\/a><\/td><td class=\"has-text-align-center\" data-align=\"center\"><a href=\"https:\/\/franciscansinternational.org\/wp-content\/uploads\/sites\/3\/2023\/03\/Medicina_tradicional.pdf\" target=\"_blank\" rel=\"noreferrer noopener\">Medicina tradicional<\/a><\/td><\/tr><tr><td class=\"has-text-align-center\" data-align=\"center\"><a href=\"https:\/\/franciscansinternational.org\/wp-content\/uploads\/sites\/3\/2023\/03\/Agua_y_saneamiento.pdf\" target=\"_blank\" rel=\"noreferrer noopener\"><img loading=\"lazy\" decoding=\"async\" width=\"1000\" height=\"1414\" class=\"wp-image-217\" style=\"width: 212px\" src=\"https:\/\/franciscansinternational.org\/wp-content\/uploads\/sites\/3\/2023\/03\/Agua_y_saneamiento-1.png\" alt=\"\" srcset=\"https:\/\/franciscansinternational.org\/es\/wp-content\/uploads\/sites\/3\/2023\/03\/Agua_y_saneamiento-1.png 1000w, https:\/\/franciscansinternational.org\/es\/wp-content\/uploads\/sites\/3\/2023\/03\/Agua_y_saneamiento-1-212x300.png 212w, https:\/\/franciscansinternational.org\/es\/wp-content\/uploads\/sites\/3\/2023\/03\/Agua_y_saneamiento-1-724x1024.png 724w, https:\/\/franciscansinternational.org\/es\/wp-content\/uploads\/sites\/3\/2023\/03\/Agua_y_saneamiento-1-768x1086.png 768w\" sizes=\"auto, (max-width: 1000px) 100vw, 1000px\" \/><\/a><\/td><td class=\"has-text-align-center\" data-align=\"center\"><a href=\"https:\/\/franciscansinternational.org\/wp-content\/uploads\/sites\/3\/2023\/03\/Derecho_a_alimentacion.pdf\" target=\"_blank\" rel=\"noreferrer noopener\"><img loading=\"lazy\" decoding=\"async\" width=\"1000\" height=\"1414\" class=\"wp-image-221\" style=\"width: 212px\" src=\"https:\/\/franciscansinternational.org\/wp-content\/uploads\/sites\/3\/2023\/03\/Derecho_a_alimentacion-1.png\" alt=\"\" srcset=\"https:\/\/franciscansinternational.org\/es\/wp-content\/uploads\/sites\/3\/2023\/03\/Derecho_a_alimentacion-1.png 1000w, https:\/\/franciscansinternational.org\/es\/wp-content\/uploads\/sites\/3\/2023\/03\/Derecho_a_alimentacion-1-212x300.png 212w, https:\/\/franciscansinternational.org\/es\/wp-content\/uploads\/sites\/3\/2023\/03\/Derecho_a_alimentacion-1-724x1024.png 724w, https:\/\/franciscansinternational.org\/es\/wp-content\/uploads\/sites\/3\/2023\/03\/Derecho_a_alimentacion-1-768x1086.png 768w\" sizes=\"auto, (max-width: 1000px) 100vw, 1000px\" \/><\/a><\/td><td class=\"has-text-align-center\" data-align=\"center\"><a href=\"https:\/\/franciscansinternational.org\/wp-content\/uploads\/sites\/3\/2023\/03\/Defensoras.pdf\" target=\"_blank\" rel=\"noreferrer noopener\"><img loading=\"lazy\" decoding=\"async\" width=\"1000\" height=\"1414\" class=\"wp-image-220\" style=\"width: 212px\" src=\"https:\/\/franciscansinternational.org\/wp-content\/uploads\/sites\/3\/2023\/03\/Defensoras-1.png\" alt=\"\" srcset=\"https:\/\/franciscansinternational.org\/es\/wp-content\/uploads\/sites\/3\/2023\/03\/Defensoras-1.png 1000w, https:\/\/franciscansinternational.org\/es\/wp-content\/uploads\/sites\/3\/2023\/03\/Defensoras-1-212x300.png 212w, https:\/\/franciscansinternational.org\/es\/wp-content\/uploads\/sites\/3\/2023\/03\/Defensoras-1-724x1024.png 724w, https:\/\/franciscansinternational.org\/es\/wp-content\/uploads\/sites\/3\/2023\/03\/Defensoras-1-768x1086.png 768w\" sizes=\"auto, (max-width: 1000px) 100vw, 1000px\" \/><\/a><\/td><\/tr><tr><td class=\"has-text-align-center\" data-align=\"center\"><a href=\"https:\/\/franciscansinternational.org\/wp-content\/uploads\/sites\/3\/2023\/03\/Agua_y_saneamiento.pdf\" target=\"_blank\" rel=\"noreferrer noopener\">Agua y saneamiento<\/a><\/td><td class=\"has-text-align-center\" data-align=\"center\"><a href=\"https:\/\/franciscansinternational.org\/wp-content\/uploads\/sites\/3\/2023\/03\/Derecho_a_alimentacion.pdf\" target=\"_blank\" rel=\"noreferrer noopener\">Derecho a una alimentaci\u00f3n adecuada<\/a><\/td><td class=\"has-text-align-center\" data-align=\"center\"><a href=\"https:\/\/franciscansinternational.org\/wp-content\/uploads\/sites\/3\/2023\/03\/Defensoras.pdf\" target=\"_blank\" rel=\"noreferrer noopener\">Personas defensoras de derechos humanos<\/a><\/td><\/tr><\/tbody><\/table><\/figure>\n","protected":false},"excerpt":{"rendered":"<p>Fichas t\u00e9cnicas sobre recomendaciones de la ONU y otras fuentes,<\/p>\n","protected":false},"author":3,"featured_media":214,"comment_status":"open","ping_status":"closed","sticky":false,"template":"","format":"standard","meta":{"_relevanssi_hide_post":"","_relevanssi_hide_content":"","_relevanssi_pin_for_all":"","_relevanssi_pin_keywords":"","_relevanssi_unpin_keywords":"","_relevanssi_related_keywords":"","_relevanssi_related_include_ids":"","_relevanssi_related_exclude_ids":"","_relevanssi_related_no_append":"","_relevanssi_related_not_related":"","_relevanssi_related_posts":"201,124,188,122,209,118","_relevanssi_noindex_reason":"","_jetpack_memberships_contains_paid_content":false,"footnotes":""},"categories":[1],"tags":[9,8,12,5,7,6],"class_list":["post-213","post","type-post","status-publish","format-standard","has-post-thumbnail","hentry","category-noticias","tag-dignidad-de-toda-persona","tag-justicia-ambiental","tag-paz-y-derechos-humanos","tag-programa-africa","tag-programa-asia-pacifico","tag-programa-para-las-americas"],"acf":[],"yoast_head":"<!-- This site is optimized with the Yoast SEO plugin v27.5 - https:\/\/yoast.com\/product\/yoast-seo-wordpress\/ -->\n<title>COVID-19 y los Pueblos Ind\u00edgenas - Franciscans International (ES)<\/title>\n<meta name=\"robots\" content=\"index, follow, max-snippet:-1, max-image-preview:large, max-video-preview:-1\" \/>\n<link rel=\"canonical\" href=\"https:\/\/franciscansinternational.org\/es\/covid-19-y-los-pueblos-indigenas\/\" \/>\n<meta property=\"og:locale\" content=\"es_ES\" \/>\n<meta property=\"og:type\" content=\"article\" \/>\n<meta property=\"og:title\" content=\"COVID-19 y los Pueblos Ind\u00edgenas - Franciscans International (ES)\" \/>\n<meta property=\"og:description\" content=\"Fichas t\u00e9cnicas sobre recomendaciones de la ONU y otras fuentes,\" \/>\n<meta property=\"og:url\" content=\"https:\/\/franciscansinternational.org\/es\/covid-19-y-los-pueblos-indigenas\/\" \/>\n<meta property=\"og:site_name\" content=\"Franciscans International (ES)\" \/>\n<meta property=\"article:publisher\" content=\"https:\/\/www.facebook.com\/FranciscansInternational\/\" \/>\n<meta property=\"article:published_time\" content=\"2021-09-30T10:45:00+00:00\" \/>\n<meta property=\"article:modified_time\" content=\"2023-03-20T11:08:27+00:00\" \/>\n<meta property=\"og:image\" content=\"https:\/\/franciscansinternational.org\/wp-content\/uploads\/sites\/3\/2023\/03\/Factsheet_thumb.jpg\" \/>\n\t<meta property=\"og:image:width\" content=\"1983\" \/>\n\t<meta property=\"og:image:height\" content=\"1982\" \/>\n\t<meta property=\"og:image:type\" content=\"image\/jpeg\" \/>\n<meta name=\"author\" content=\"communications\" \/>\n<meta name=\"twitter:card\" content=\"summary_large_image\" \/>\n<meta name=\"twitter:creator\" content=\"@FranciscansIntl\" \/>\n<meta name=\"twitter:site\" content=\"@FranciscansIntl\" \/>\n<meta name=\"twitter:label1\" content=\"Escrito por\" \/>\n\t<meta name=\"twitter:data1\" content=\"communications\" \/>\n\t<meta name=\"twitter:label2\" content=\"Tiempo de lectura\" \/>\n\t<meta name=\"twitter:data2\" content=\"3 minutos\" \/>\n<script type=\"application\/ld+json\" class=\"yoast-schema-graph\">{\"@context\":\"https:\\\/\\\/schema.org\",\"@graph\":[{\"@type\":\"Article\",\"@id\":\"https:\\\/\\\/franciscansinternational.org\\\/es\\\/covid-19-y-los-pueblos-indigenas\\\/#article\",\"isPartOf\":{\"@id\":\"https:\\\/\\\/franciscansinternational.org\\\/es\\\/covid-19-y-los-pueblos-indigenas\\\/\"},\"author\":{\"name\":\"communications\",\"@id\":\"https:\\\/\\\/franciscansinternational.org\\\/es\\\/#\\\/schema\\\/person\\\/f398f02712a9dcab7603295bc1ea94e4\"},\"headline\":\"COVID-19 y los Pueblos Ind\u00edgenas\",\"datePublished\":\"2021-09-30T10:45:00+00:00\",\"dateModified\":\"2023-03-20T11:08:27+00:00\",\"mainEntityOfPage\":{\"@id\":\"https:\\\/\\\/franciscansinternational.org\\\/es\\\/covid-19-y-los-pueblos-indigenas\\\/\"},\"wordCount\":229,\"commentCount\":0,\"publisher\":{\"@id\":\"https:\\\/\\\/franciscansinternational.org\\\/es\\\/#organization\"},\"image\":{\"@id\":\"https:\\\/\\\/franciscansinternational.org\\\/es\\\/covid-19-y-los-pueblos-indigenas\\\/#primaryimage\"},\"thumbnailUrl\":\"https:\\\/\\\/franciscansinternational.org\\\/es\\\/wp-content\\\/uploads\\\/sites\\\/3\\\/2023\\\/03\\\/Factsheet_thumb.jpg\",\"keywords\":[\"Dignidad de toda persona\",\"Justicia ambiental\",\"Paz y derechos humanos\",\"Programa \u00c1frica\",\"Programa Asia-Pac\u00edfico\",\"Programa para las Am\u00e9ricas\"],\"articleSection\":[\"Noticias\"],\"inLanguage\":\"es\",\"potentialAction\":[{\"@type\":\"CommentAction\",\"name\":\"Comment\",\"target\":[\"https:\\\/\\\/franciscansinternational.org\\\/es\\\/covid-19-y-los-pueblos-indigenas\\\/#respond\"]}]},{\"@type\":\"WebPage\",\"@id\":\"https:\\\/\\\/franciscansinternational.org\\\/es\\\/covid-19-y-los-pueblos-indigenas\\\/\",\"url\":\"https:\\\/\\\/franciscansinternational.org\\\/es\\\/covid-19-y-los-pueblos-indigenas\\\/\",\"name\":\"COVID-19 y los Pueblos Ind\u00edgenas - Franciscans International (ES)\",\"isPartOf\":{\"@id\":\"https:\\\/\\\/franciscansinternational.org\\\/es\\\/#website\"},\"primaryImageOfPage\":{\"@id\":\"https:\\\/\\\/franciscansinternational.org\\\/es\\\/covid-19-y-los-pueblos-indigenas\\\/#primaryimage\"},\"image\":{\"@id\":\"https:\\\/\\\/franciscansinternational.org\\\/es\\\/covid-19-y-los-pueblos-indigenas\\\/#primaryimage\"},\"thumbnailUrl\":\"https:\\\/\\\/franciscansinternational.org\\\/es\\\/wp-content\\\/uploads\\\/sites\\\/3\\\/2023\\\/03\\\/Factsheet_thumb.jpg\",\"datePublished\":\"2021-09-30T10:45:00+00:00\",\"dateModified\":\"2023-03-20T11:08:27+00:00\",\"breadcrumb\":{\"@id\":\"https:\\\/\\\/franciscansinternational.org\\\/es\\\/covid-19-y-los-pueblos-indigenas\\\/#breadcrumb\"},\"inLanguage\":\"es\",\"potentialAction\":[{\"@type\":\"ReadAction\",\"target\":[\"https:\\\/\\\/franciscansinternational.org\\\/es\\\/covid-19-y-los-pueblos-indigenas\\\/\"]}]},{\"@type\":\"ImageObject\",\"inLanguage\":\"es\",\"@id\":\"https:\\\/\\\/franciscansinternational.org\\\/es\\\/covid-19-y-los-pueblos-indigenas\\\/#primaryimage\",\"url\":\"https:\\\/\\\/franciscansinternational.org\\\/es\\\/wp-content\\\/uploads\\\/sites\\\/3\\\/2023\\\/03\\\/Factsheet_thumb.jpg\",\"contentUrl\":\"https:\\\/\\\/franciscansinternational.org\\\/es\\\/wp-content\\\/uploads\\\/sites\\\/3\\\/2023\\\/03\\\/Factsheet_thumb.jpg\",\"width\":1983,\"height\":1982},{\"@type\":\"BreadcrumbList\",\"@id\":\"https:\\\/\\\/franciscansinternational.org\\\/es\\\/covid-19-y-los-pueblos-indigenas\\\/#breadcrumb\",\"itemListElement\":[{\"@type\":\"ListItem\",\"position\":1,\"name\":\"Home\",\"item\":\"https:\\\/\\\/franciscansinternational.org\\\/es\\\/\"},{\"@type\":\"ListItem\",\"position\":2,\"name\":\"COVID-19 y los Pueblos Ind\u00edgenas\"}]},{\"@type\":\"WebSite\",\"@id\":\"https:\\\/\\\/franciscansinternational.org\\\/es\\\/#website\",\"url\":\"https:\\\/\\\/franciscansinternational.org\\\/es\\\/\",\"name\":\"Franciscans International (ES)\",\"description\":\"Just another Franciscans International site\",\"publisher\":{\"@id\":\"https:\\\/\\\/franciscansinternational.org\\\/es\\\/#organization\"},\"potentialAction\":[{\"@type\":\"SearchAction\",\"target\":{\"@type\":\"EntryPoint\",\"urlTemplate\":\"https:\\\/\\\/franciscansinternational.org\\\/es\\\/?s={search_term_string}\"},\"query-input\":{\"@type\":\"PropertyValueSpecification\",\"valueRequired\":true,\"valueName\":\"search_term_string\"}}],\"inLanguage\":\"es\"},{\"@type\":\"Organization\",\"@id\":\"https:\\\/\\\/franciscansinternational.org\\\/es\\\/#organization\",\"name\":\"Franciscans International (ES)\",\"url\":\"https:\\\/\\\/franciscansinternational.org\\\/es\\\/\",\"logo\":{\"@type\":\"ImageObject\",\"inLanguage\":\"es\",\"@id\":\"https:\\\/\\\/franciscansinternational.org\\\/es\\\/#\\\/schema\\\/logo\\\/image\\\/\",\"url\":\"https:\\\/\\\/franciscansinternational.org\\\/wp-content\\\/uploads\\\/sites\\\/3\\\/2023\\\/05\\\/logo-3.png\",\"contentUrl\":\"https:\\\/\\\/franciscansinternational.org\\\/wp-content\\\/uploads\\\/sites\\\/3\\\/2023\\\/05\\\/logo-3.png\",\"width\":1200,\"height\":205,\"caption\":\"Franciscans International (ES)\"},\"image\":{\"@id\":\"https:\\\/\\\/franciscansinternational.org\\\/es\\\/#\\\/schema\\\/logo\\\/image\\\/\"},\"sameAs\":[\"https:\\\/\\\/www.facebook.com\\\/FranciscansInternational\\\/\",\"https:\\\/\\\/x.com\\\/FranciscansIntl\",\"https:\\\/\\\/www.youtube.com\\\/channel\\\/UCexu0i-fWB4wwrlPMCz8_Zg\"]},{\"@type\":\"Person\",\"@id\":\"https:\\\/\\\/franciscansinternational.org\\\/es\\\/#\\\/schema\\\/person\\\/f398f02712a9dcab7603295bc1ea94e4\",\"name\":\"communications\",\"image\":{\"@type\":\"ImageObject\",\"inLanguage\":\"es\",\"@id\":\"https:\\\/\\\/secure.gravatar.com\\\/avatar\\\/0b4a62226a9b4f7ce621ec49ca40be1e77d886a42ca84b8a0b0697e9ec17dd63?s=96&d=mm&r=g\",\"url\":\"https:\\\/\\\/secure.gravatar.com\\\/avatar\\\/0b4a62226a9b4f7ce621ec49ca40be1e77d886a42ca84b8a0b0697e9ec17dd63?s=96&d=mm&r=g\",\"contentUrl\":\"https:\\\/\\\/secure.gravatar.com\\\/avatar\\\/0b4a62226a9b4f7ce621ec49ca40be1e77d886a42ca84b8a0b0697e9ec17dd63?s=96&d=mm&r=g\",\"caption\":\"communications\"},\"url\":\"https:\\\/\\\/franciscansinternational.org\\\/es\\\/author\\\/communications\\\/\"}]}<\/script>\n<!-- \/ Yoast SEO plugin. -->","yoast_head_json":{"title":"COVID-19 y los Pueblos Ind\u00edgenas - Franciscans International (ES)","robots":{"index":"index","follow":"follow","max-snippet":"max-snippet:-1","max-image-preview":"max-image-preview:large","max-video-preview":"max-video-preview:-1"},"canonical":"https:\/\/franciscansinternational.org\/es\/covid-19-y-los-pueblos-indigenas\/","og_locale":"es_ES","og_type":"article","og_title":"COVID-19 y los Pueblos Ind\u00edgenas - Franciscans International (ES)","og_description":"Fichas t\u00e9cnicas sobre recomendaciones de la ONU y otras fuentes,","og_url":"https:\/\/franciscansinternational.org\/es\/covid-19-y-los-pueblos-indigenas\/","og_site_name":"Franciscans International (ES)","article_publisher":"https:\/\/www.facebook.com\/FranciscansInternational\/","article_published_time":"2021-09-30T10:45:00+00:00","article_modified_time":"2023-03-20T11:08:27+00:00","og_image":[{"width":1983,"height":1982,"url":"https:\/\/franciscansinternational.org\/wp-content\/uploads\/sites\/3\/2023\/03\/Factsheet_thumb.jpg","type":"image\/jpeg"}],"author":"communications","twitter_card":"summary_large_image","twitter_creator":"@FranciscansIntl","twitter_site":"@FranciscansIntl","twitter_misc":{"Escrito por":"communications","Tiempo de lectura":"3 minutos"},"schema":{"@context":"https:\/\/schema.org","@graph":[{"@type":"Article","@id":"https:\/\/franciscansinternational.org\/es\/covid-19-y-los-pueblos-indigenas\/#article","isPartOf":{"@id":"https:\/\/franciscansinternational.org\/es\/covid-19-y-los-pueblos-indigenas\/"},"author":{"name":"communications","@id":"https:\/\/franciscansinternational.org\/es\/#\/schema\/person\/f398f02712a9dcab7603295bc1ea94e4"},"headline":"COVID-19 y los Pueblos Ind\u00edgenas","datePublished":"2021-09-30T10:45:00+00:00","dateModified":"2023-03-20T11:08:27+00:00","mainEntityOfPage":{"@id":"https:\/\/franciscansinternational.org\/es\/covid-19-y-los-pueblos-indigenas\/"},"wordCount":229,"commentCount":0,"publisher":{"@id":"https:\/\/franciscansinternational.org\/es\/#organization"},"image":{"@id":"https:\/\/franciscansinternational.org\/es\/covid-19-y-los-pueblos-indigenas\/#primaryimage"},"thumbnailUrl":"https:\/\/franciscansinternational.org\/es\/wp-content\/uploads\/sites\/3\/2023\/03\/Factsheet_thumb.jpg","keywords":["Dignidad de toda persona","Justicia ambiental","Paz y derechos humanos","Programa \u00c1frica","Programa Asia-Pac\u00edfico","Programa para las Am\u00e9ricas"],"articleSection":["Noticias"],"inLanguage":"es","potentialAction":[{"@type":"CommentAction","name":"Comment","target":["https:\/\/franciscansinternational.org\/es\/covid-19-y-los-pueblos-indigenas\/#respond"]}]},{"@type":"WebPage","@id":"https:\/\/franciscansinternational.org\/es\/covid-19-y-los-pueblos-indigenas\/","url":"https:\/\/franciscansinternational.org\/es\/covid-19-y-los-pueblos-indigenas\/","name":"COVID-19 y los Pueblos Ind\u00edgenas - Franciscans International (ES)","isPartOf":{"@id":"https:\/\/franciscansinternational.org\/es\/#website"},"primaryImageOfPage":{"@id":"https:\/\/franciscansinternational.org\/es\/covid-19-y-los-pueblos-indigenas\/#primaryimage"},"image":{"@id":"https:\/\/franciscansinternational.org\/es\/covid-19-y-los-pueblos-indigenas\/#primaryimage"},"thumbnailUrl":"https:\/\/franciscansinternational.org\/es\/wp-content\/uploads\/sites\/3\/2023\/03\/Factsheet_thumb.jpg","datePublished":"2021-09-30T10:45:00+00:00","dateModified":"2023-03-20T11:08:27+00:00","breadcrumb":{"@id":"https:\/\/franciscansinternational.org\/es\/covid-19-y-los-pueblos-indigenas\/#breadcrumb"},"inLanguage":"es","potentialAction":[{"@type":"ReadAction","target":["https:\/\/franciscansinternational.org\/es\/covid-19-y-los-pueblos-indigenas\/"]}]},{"@type":"ImageObject","inLanguage":"es","@id":"https:\/\/franciscansinternational.org\/es\/covid-19-y-los-pueblos-indigenas\/#primaryimage","url":"https:\/\/franciscansinternational.org\/es\/wp-content\/uploads\/sites\/3\/2023\/03\/Factsheet_thumb.jpg","contentUrl":"https:\/\/franciscansinternational.org\/es\/wp-content\/uploads\/sites\/3\/2023\/03\/Factsheet_thumb.jpg","width":1983,"height":1982},{"@type":"BreadcrumbList","@id":"https:\/\/franciscansinternational.org\/es\/covid-19-y-los-pueblos-indigenas\/#breadcrumb","itemListElement":[{"@type":"ListItem","position":1,"name":"Home","item":"https:\/\/franciscansinternational.org\/es\/"},{"@type":"ListItem","position":2,"name":"COVID-19 y los Pueblos Ind\u00edgenas"}]},{"@type":"WebSite","@id":"https:\/\/franciscansinternational.org\/es\/#website","url":"https:\/\/franciscansinternational.org\/es\/","name":"Franciscans International (ES)","description":"Just another Franciscans International site","publisher":{"@id":"https:\/\/franciscansinternational.org\/es\/#organization"},"potentialAction":[{"@type":"SearchAction","target":{"@type":"EntryPoint","urlTemplate":"https:\/\/franciscansinternational.org\/es\/?s={search_term_string}"},"query-input":{"@type":"PropertyValueSpecification","valueRequired":true,"valueName":"search_term_string"}}],"inLanguage":"es"},{"@type":"Organization","@id":"https:\/\/franciscansinternational.org\/es\/#organization","name":"Franciscans International (ES)","url":"https:\/\/franciscansinternational.org\/es\/","logo":{"@type":"ImageObject","inLanguage":"es","@id":"https:\/\/franciscansinternational.org\/es\/#\/schema\/logo\/image\/","url":"https:\/\/franciscansinternational.org\/wp-content\/uploads\/sites\/3\/2023\/05\/logo-3.png","contentUrl":"https:\/\/franciscansinternational.org\/wp-content\/uploads\/sites\/3\/2023\/05\/logo-3.png","width":1200,"height":205,"caption":"Franciscans International (ES)"},"image":{"@id":"https:\/\/franciscansinternational.org\/es\/#\/schema\/logo\/image\/"},"sameAs":["https:\/\/www.facebook.com\/FranciscansInternational\/","https:\/\/x.com\/FranciscansIntl","https:\/\/www.youtube.com\/channel\/UCexu0i-fWB4wwrlPMCz8_Zg"]},{"@type":"Person","@id":"https:\/\/franciscansinternational.org\/es\/#\/schema\/person\/f398f02712a9dcab7603295bc1ea94e4","name":"communications","image":{"@type":"ImageObject","inLanguage":"es","@id":"https:\/\/secure.gravatar.com\/avatar\/0b4a62226a9b4f7ce621ec49ca40be1e77d886a42ca84b8a0b0697e9ec17dd63?s=96&d=mm&r=g","url":"https:\/\/secure.gravatar.com\/avatar\/0b4a62226a9b4f7ce621ec49ca40be1e77d886a42ca84b8a0b0697e9ec17dd63?s=96&d=mm&r=g","contentUrl":"https:\/\/secure.gravatar.com\/avatar\/0b4a62226a9b4f7ce621ec49ca40be1e77d886a42ca84b8a0b0697e9ec17dd63?s=96&d=mm&r=g","caption":"communications"},"url":"https:\/\/franciscansinternational.org\/es\/author\/communications\/"}]}},"jetpack_featured_media_url":"https:\/\/franciscansinternational.org\/es\/wp-content\/uploads\/sites\/3\/2023\/03\/Factsheet_thumb.jpg","jetpack_sharing_enabled":true,"_links":{"self":[{"href":"https:\/\/franciscansinternational.org\/es\/wp-json\/wp\/v2\/posts\/213","targetHints":{"allow":["GET"]}}],"collection":[{"href":"https:\/\/franciscansinternational.org\/es\/wp-json\/wp\/v2\/posts"}],"about":[{"href":"https:\/\/franciscansinternational.org\/es\/wp-json\/wp\/v2\/types\/post"}],"author":[{"embeddable":true,"href":"https:\/\/franciscansinternational.org\/es\/wp-json\/wp\/v2\/users\/3"}],"replies":[{"embeddable":true,"href":"https:\/\/franciscansinternational.org\/es\/wp-json\/wp\/v2\/comments?post=213"}],"version-history":[{"count":5,"href":"https:\/\/franciscansinternational.org\/es\/wp-json\/wp\/v2\/posts\/213\/revisions"}],"predecessor-version":[{"id":240,"href":"https:\/\/franciscansinternational.org\/es\/wp-json\/wp\/v2\/posts\/213\/revisions\/240"}],"wp:featuredmedia":[{"embeddable":true,"href":"https:\/\/franciscansinternational.org\/es\/wp-json\/wp\/v2\/media\/214"}],"wp:attachment":[{"href":"https:\/\/franciscansinternational.org\/es\/wp-json\/wp\/v2\/media?parent=213"}],"wp:term":[{"taxonomy":"category","embeddable":true,"href":"https:\/\/franciscansinternational.org\/es\/wp-json\/wp\/v2\/categories?post=213"},{"taxonomy":"post_tag","embeddable":true,"href":"https:\/\/franciscansinternational.org\/es\/wp-json\/wp\/v2\/tags?post=213"}],"curies":[{"name":"wp","href":"https:\/\/api.w.org\/{rel}","templated":true}]}}