{"id":241,"date":"2021-06-10T15:49:00","date_gmt":"2021-06-10T15:49:00","guid":{"rendered":"https:\/\/franciscansinternational.kinsta.cloud\/es\/?p=241"},"modified":"2023-03-21T15:54:50","modified_gmt":"2023-03-21T15:54:50","slug":"aproximadamente-a-un-ano-de-la-pandemia","status":"publish","type":"post","link":"https:\/\/franciscansinternational.org\/es\/aproximadamente-a-un-ano-de-la-pandemia\/","title":{"rendered":"Aproximadamente a un a\u00f1o de la pandemia"},"content":{"rendered":"\n<p>Aproximadamente hace un a\u00f1o, Franciscans International public\u00f3 su <a href=\"https:\/\/franciscansinternational.org\/fileadmin\/media\/2020\/UN_Sessions\/Covid19\/FI_COVID19_30_April_Statement_SP.pdf\" target=\"_blank\" rel=\"noreferrer noopener\">segunda<\/a> declaraci\u00f3n sobre la pandemia del COVID-19, las acciones que se hicieron para responder a ella, as\u00ed como tambi\u00e9n acerca de los efectos combinados que tuvo sobre los derechos humanos. En esa declaraci\u00f3n, nos enfocamos en dos temas de derechos humanos que son centrales en nuestro trabajo y de los franciscanos y franciscanas y otros colegas: la pobreza extrema y la justicia medioambiental.&nbsp;&nbsp;<\/p>\n\n\n\n<p>En los 12 meses que han pasado desde entonces, y desde sus redes, FI ha seguido recibiendo testimonios sobre c\u00f3mo el COVID-19 ha desenmascarado e intensificado las desigualdades sociales y econ\u00f3micas, la discriminaci\u00f3n racial y de g\u00e9nero y otros impactos. Tambi\u00e9n hemos documentado la forma en que la pandemia lleg\u00f3 a ser una oportunidad perdida para adoptar las medidas urgentes que exige la crisis ambiental. Al elegir este doble enfoque, estuvimos muy atentos a los llamados a la solidaridad internacional y a la necesidad de fortalecer en lugar de socavar el multilateralismo en estos tiempos. FI ha analizado la informaci\u00f3n recibida de los colegas en el terreno y la ha presentado ante diversos organismos y agencias de la ONU.&nbsp;<\/p>\n\n\n\n<p>En particular, los testimonios de franciscanos y franciscanas y de otros colegas en \u00c1frica, las Am\u00e9ricas y Asia-Pac\u00edfico nos han mostrado las formas concretas en que personas y comunidades, ya de por s\u00ed marginadas y discriminadas, est\u00e1n sufriendo durante este tiempo.&nbsp;&nbsp;<\/p>\n\n\n\n<p>Este es el caso para los pueblos ind\u00edgenas en pa\u00edses como <a href=\"https:\/\/franciscansinternational.org\/fileadmin\/media\/2021\/UN_Sessions\/HRC46\/HRC46_Item2_GeneralDebate.pdf\" target=\"_blank\" rel=\"noreferrer noopener\">Brasil<\/a> y <a href=\"https:\/\/franciscansinternational.org\/fileadmin\/media\/2020\/Americas\/UN_Work\/EMRIP13.pdf\" target=\"_blank\" rel=\"noreferrer noopener\">Guatemala<\/a> donde las comunidades han tenido que luchar para tener acceso a ox\u00edgeno, a vacunas y a sus <a href=\"https:\/\/franciscansinternational.org\/fileadmin\/media\/2021\/UN_Sessions\/Other\/CPD54_Item3.pdf\" target=\"_blank\" rel=\"noreferrer noopener\">medios de subsistencia habituales<\/a>, incluidos los mercados locales para vender sus cosecha. Al mismo tiempo, los pueblos ind\u00edgenas han sido blanco permanente de represi\u00f3n e intimidaci\u00f3n por parte del Estado y de entes privados. En Kenia, los franciscanos est\u00e1n apoyando a comunidades rurales a las que el Estado no atiende ni protege de los impactos adversos que se han acumulado a consecuencia de la sequ\u00eda, de la invasi\u00f3n de langostas, del cambio clim\u00e1tico y del COVID-19. Las protestas actuales que est\u00e1n siendo violentamente reprimidas en <a href=\"http:\/\/www.ofmjpic.org\/colombia-familia-franciscana-denuncia-con-firmeza-la-accion-belica-y-las-violaciones-a-los-derechos-humanos\/\" target=\"_blank\" rel=\"noreferrer noopener\">Colombia<\/a> son uno de los ejemplos de la negativa de aceptar le existencia de m\u00e1s desigualdades y m\u00e1s injusticias econ\u00f3micas y sociales, evidenciada por parte de las v\u00edctimas de la pandemia y las crisis de derechos humanos que ella produce. En Indonesia, en noviembre de 2020, el presidente promulg\u00f3 oficialmente una nueva ley que tiene por objeto atraer inversiones y crear empleos. Esta ley ha sido ampliamente criticada por organizaciones de la sociedad civil, ya que perpetuar\u00e1 desigualdades y afectar\u00e1 negativamente la forma en que los pueblos ind\u00edgenas que habitan los bosques y sus alrededores pueden acceder a sus tierras, poni\u00e9ndolos en desventaja en relaci\u00f3n con las corporaciones con intereses comerciales, situaci\u00f3n que en particular afectar\u00e1 la <a href=\"https:\/\/franciscansinternational.org\/fileadmin\/media\/2021\/Asia_Pacific\/UN_Submissions\/UNPFII20_Indonesia.pdf\" target=\"_blank\" rel=\"noreferrer noopener\">regi\u00f3n de Pap\u00faa Occidental<\/a>.&nbsp;&nbsp;<\/p>\n\n\n\n<p>En este contexto, la evidente falta de solidaridad internacional ha quedado expuesta en varios debates de la ONU, incluso en aquellas discusiones en torno al acceso a las vacunas a nivel mundial. Adem\u00e1s, hemos observado gran renuencia de los Estados a expresar apoyo a la necesidad de preservar y fortalecer los servicios p\u00fablicos como el cuidado de la salud o de adoptar enfoques que se ajustan a los derechos humanos en los foros multilaterales, como el de la protecci\u00f3n ambiental.&nbsp;&nbsp;&nbsp;<\/p>\n\n\n\n<p>En el \u00e1rea de la lucha por un medio ambiente seguro, limpio y saludable, y consiguientemente un desarrollo verdaderamente sostenible, la segunda declaraci\u00f3n de FI advert\u00eda sobre Estados que estaban reduciendo los est\u00e1ndares de protecci\u00f3n ambiental y sus objetivos clim\u00e1ticos. Despu\u00e9s de algunos discursos prometedores, especialmente en Europa, acerca de la necesidad de un cambio de paradigma y en pro de una recuperaci\u00f3n \u201cverde\u201d, deploramos que, al contrario, muchos Estados hayan recurrido a las mismas t\u00e1cticas antiguas para reimpulsar sus econom\u00edas mediante el aumento del extractivismo y la explotaci\u00f3n de los recursos naturales.&nbsp;&nbsp;<\/p>\n\n\n\n<p>Este es el caso por ejemplo en las <a href=\"https:\/\/franciscansinternational.org\/fileadmin\/media\/2021\/Asia_Pacific\/UN_Submissions\/UPR38_Solomon_Islands.pdf\" target=\"_blank\" rel=\"noreferrer noopener\">Islas Salom\u00f3n<\/a>, donde los efectos del cambio clim\u00e1tico ya se han percibido de una manera muy intensa y donde los franciscanos han venido denunciando el impacto de una industria maderera en auge. En Filipinas, en abril de 2021, el presidente levant\u00f3 una moratoria de nueve a\u00f1os sobre la concesi\u00f3n de permisos a nuevas operaciones mineras, lo cual har\u00e1 que se eleve m\u00e1s la amenaza ya existente contra las lideranzas ind\u00edgenas y las personas defensoras del medio ambiente. En Brasil, ha habido intentos de adoptar legislaci\u00f3n que eliminar\u00eda las consultas con los pueblos ind\u00edgenas y otras comunidades, y har\u00eda que la regulaci\u00f3n ambiental fuera menos severa. Actualmente, un proyecto de ley conceder\u00eda licencias a megaproyectos sin evaluaci\u00f3n de su impacto ambiental.<sup>1<\/sup> En este contexto, FI y la familia franciscana en pa\u00edses como Brasil, Filipinas y Colombia comparten las profundas inquietudes de la sociedad civil y de los movimientos sociales acerca de los crecientes ataques a las personas defensoras de los derechos humanos ambientales.&nbsp;<\/p>\n\n\n\n<p>Otros pa\u00edses, en especial los desarrollados, han dado miles de millones de sus paquetes de recuperaci\u00f3n a grandes compa\u00f1\u00edas que no invertir\u00e1n en una producci\u00f3n efectivamente \u201cm\u00e1s verde\u201d ni contribuir\u00e1n a establecer sociedades m\u00e1s iguales.<sup>2<\/sup> En la \u00faltima sesi\u00f3n del Consejo de Derechos Humanos de la ONU en marzo de 2021, FI ha&nbsp; dado seguimiento a varios debates que mostraron c\u00f3mo todav\u00eda est\u00e1 presente la negaci\u00f3n de la triple crisis ambiental (biodiversidad, contaminaci\u00f3n y clim\u00e1tica), lo cual lleva a un fracaso en la toma de decisiones urgentes y en\u00e9gicas para frenar los ataques a nuestro planeta y fortalecer la intenci\u00f3n de reducir dr\u00e1sticamente nuestro impacto negativo sobre \u00e9l.&nbsp;&nbsp;<\/p>\n\n\n\n<p>A pesar deque existen razones que pudieran llevar a la frustraci\u00f3n y el desaliento, nosotros en FI, una vez m\u00e1s, hemos tenido el gran privilegio de trabajar con franciscanos y franciscanas y colegas de todo el mundo que est\u00e1n contribuyendo a disminuir las injusticias y a brindar ayuda espiritual, material y jur\u00eddica a sus comunidades. Junto con esta red, FI contin\u00faa asegur\u00e1ndose, pese a las restricciones debidas a la pandemia, de que el sistema de la ONU pueda o\u00edr las voces de aquellas personas que est\u00e1n viviendo en las circunstancias m\u00e1s dif\u00edciles, pero que tambi\u00e9n son los actores para el cambio y la esperanza.&nbsp;&nbsp;<\/p>\n\n\n\n<p><strong>Nuestras declaraciones anteriores sobre COVID-19 y los derechos humanos<\/strong>&nbsp;<\/p>\n\n\n\n<ul class=\"wp-block-list\">\n<li><a href=\"http:\/\/COVID-19: Extrema pobreza y justicia ambiental\">COVID-19: Extrema pobreza y justicia ambiental<\/a><\/li>\n\n\n\n<li><a href=\"https:\/\/franciscansinternational.org\/es\/sobre-los-impactos-de-la-pandemia-del-covid-19-en-los-derechos-humanos\/\">Sobre los impactos de la pandemia del COVID-19 en los derechos humanos<\/a><\/li>\n<\/ul>\n","protected":false},"excerpt":{"rendered":"<p>Tercera declaraci\u00f3n de Franciscans International sobre el COVID-19 <\/p>\n","protected":false},"author":3,"featured_media":242,"comment_status":"open","ping_status":"closed","sticky":false,"template":"","format":"standard","meta":{"_relevanssi_hide_post":"","_relevanssi_hide_content":"","_relevanssi_pin_for_all":"","_relevanssi_pin_keywords":"","_relevanssi_unpin_keywords":"","_relevanssi_related_keywords":"","_relevanssi_related_include_ids":"","_relevanssi_related_exclude_ids":"","_relevanssi_related_no_append":"","_relevanssi_related_not_related":"","_relevanssi_related_posts":"205,201,192,213,119,1","_relevanssi_noindex_reason":"","_jetpack_memberships_contains_paid_content":false,"footnotes":""},"categories":[1],"tags":[9,8,5,7,6],"class_list":["post-241","post","type-post","status-publish","format-standard","has-post-thumbnail","hentry","category-noticias","tag-dignidad-de-toda-persona","tag-justicia-ambiental","tag-programa-africa","tag-programa-asia-pacifico","tag-programa-para-las-americas"],"acf":[],"yoast_head":"<!-- This site is optimized with the Yoast SEO plugin v27.5 - https:\/\/yoast.com\/product\/yoast-seo-wordpress\/ -->\n<title>Aproximadamente a un a\u00f1o de la pandemia - Franciscans International (ES)<\/title>\n<meta name=\"robots\" content=\"index, follow, max-snippet:-1, max-image-preview:large, max-video-preview:-1\" \/>\n<link rel=\"canonical\" href=\"https:\/\/franciscansinternational.org\/es\/aproximadamente-a-un-ano-de-la-pandemia\/\" \/>\n<meta property=\"og:locale\" content=\"es_ES\" \/>\n<meta property=\"og:type\" content=\"article\" \/>\n<meta property=\"og:title\" content=\"Aproximadamente a un a\u00f1o de la pandemia - Franciscans International (ES)\" \/>\n<meta property=\"og:description\" content=\"Tercera declaraci\u00f3n de Franciscans International sobre el COVID-19\" \/>\n<meta property=\"og:url\" content=\"https:\/\/franciscansinternational.org\/es\/aproximadamente-a-un-ano-de-la-pandemia\/\" \/>\n<meta property=\"og:site_name\" content=\"Franciscans International (ES)\" \/>\n<meta property=\"article:publisher\" content=\"https:\/\/www.facebook.com\/FranciscansInternational\/\" \/>\n<meta property=\"article:published_time\" content=\"2021-06-10T15:49:00+00:00\" \/>\n<meta property=\"article:modified_time\" content=\"2023-03-21T15:54:50+00:00\" \/>\n<meta property=\"og:image\" content=\"https:\/\/franciscansinternational.org\/wp-content\/uploads\/sites\/3\/2023\/03\/3rdCovidStatement.jpg\" \/>\n\t<meta property=\"og:image:width\" content=\"1500\" \/>\n\t<meta property=\"og:image:height\" content=\"938\" \/>\n\t<meta property=\"og:image:type\" content=\"image\/jpeg\" \/>\n<meta name=\"author\" content=\"communications\" \/>\n<meta name=\"twitter:card\" content=\"summary_large_image\" \/>\n<meta name=\"twitter:creator\" content=\"@FranciscansIntl\" \/>\n<meta name=\"twitter:site\" content=\"@FranciscansIntl\" \/>\n<meta name=\"twitter:label1\" content=\"Escrito por\" \/>\n\t<meta name=\"twitter:data1\" content=\"communications\" \/>\n\t<meta name=\"twitter:label2\" content=\"Tiempo de lectura\" \/>\n\t<meta name=\"twitter:data2\" content=\"5 minutos\" \/>\n<script type=\"application\/ld+json\" class=\"yoast-schema-graph\">{\"@context\":\"https:\\\/\\\/schema.org\",\"@graph\":[{\"@type\":\"Article\",\"@id\":\"https:\\\/\\\/franciscansinternational.org\\\/es\\\/aproximadamente-a-un-ano-de-la-pandemia\\\/#article\",\"isPartOf\":{\"@id\":\"https:\\\/\\\/franciscansinternational.org\\\/es\\\/aproximadamente-a-un-ano-de-la-pandemia\\\/\"},\"author\":{\"name\":\"communications\",\"@id\":\"https:\\\/\\\/franciscansinternational.org\\\/es\\\/#\\\/schema\\\/person\\\/f398f02712a9dcab7603295bc1ea94e4\"},\"headline\":\"Aproximadamente a un a\u00f1o de la pandemia\",\"datePublished\":\"2021-06-10T15:49:00+00:00\",\"dateModified\":\"2023-03-21T15:54:50+00:00\",\"mainEntityOfPage\":{\"@id\":\"https:\\\/\\\/franciscansinternational.org\\\/es\\\/aproximadamente-a-un-ano-de-la-pandemia\\\/\"},\"wordCount\":1162,\"commentCount\":0,\"publisher\":{\"@id\":\"https:\\\/\\\/franciscansinternational.org\\\/es\\\/#organization\"},\"image\":{\"@id\":\"https:\\\/\\\/franciscansinternational.org\\\/es\\\/aproximadamente-a-un-ano-de-la-pandemia\\\/#primaryimage\"},\"thumbnailUrl\":\"https:\\\/\\\/franciscansinternational.org\\\/es\\\/wp-content\\\/uploads\\\/sites\\\/3\\\/2023\\\/03\\\/3rdCovidStatement.jpg\",\"keywords\":[\"Dignidad de toda persona\",\"Justicia ambiental\",\"Programa \u00c1frica\",\"Programa Asia-Pac\u00edfico\",\"Programa para las Am\u00e9ricas\"],\"articleSection\":[\"Noticias\"],\"inLanguage\":\"es\",\"potentialAction\":[{\"@type\":\"CommentAction\",\"name\":\"Comment\",\"target\":[\"https:\\\/\\\/franciscansinternational.org\\\/es\\\/aproximadamente-a-un-ano-de-la-pandemia\\\/#respond\"]}]},{\"@type\":\"WebPage\",\"@id\":\"https:\\\/\\\/franciscansinternational.org\\\/es\\\/aproximadamente-a-un-ano-de-la-pandemia\\\/\",\"url\":\"https:\\\/\\\/franciscansinternational.org\\\/es\\\/aproximadamente-a-un-ano-de-la-pandemia\\\/\",\"name\":\"Aproximadamente a un a\u00f1o de la pandemia - Franciscans International (ES)\",\"isPartOf\":{\"@id\":\"https:\\\/\\\/franciscansinternational.org\\\/es\\\/#website\"},\"primaryImageOfPage\":{\"@id\":\"https:\\\/\\\/franciscansinternational.org\\\/es\\\/aproximadamente-a-un-ano-de-la-pandemia\\\/#primaryimage\"},\"image\":{\"@id\":\"https:\\\/\\\/franciscansinternational.org\\\/es\\\/aproximadamente-a-un-ano-de-la-pandemia\\\/#primaryimage\"},\"thumbnailUrl\":\"https:\\\/\\\/franciscansinternational.org\\\/es\\\/wp-content\\\/uploads\\\/sites\\\/3\\\/2023\\\/03\\\/3rdCovidStatement.jpg\",\"datePublished\":\"2021-06-10T15:49:00+00:00\",\"dateModified\":\"2023-03-21T15:54:50+00:00\",\"breadcrumb\":{\"@id\":\"https:\\\/\\\/franciscansinternational.org\\\/es\\\/aproximadamente-a-un-ano-de-la-pandemia\\\/#breadcrumb\"},\"inLanguage\":\"es\",\"potentialAction\":[{\"@type\":\"ReadAction\",\"target\":[\"https:\\\/\\\/franciscansinternational.org\\\/es\\\/aproximadamente-a-un-ano-de-la-pandemia\\\/\"]}]},{\"@type\":\"ImageObject\",\"inLanguage\":\"es\",\"@id\":\"https:\\\/\\\/franciscansinternational.org\\\/es\\\/aproximadamente-a-un-ano-de-la-pandemia\\\/#primaryimage\",\"url\":\"https:\\\/\\\/franciscansinternational.org\\\/es\\\/wp-content\\\/uploads\\\/sites\\\/3\\\/2023\\\/03\\\/3rdCovidStatement.jpg\",\"contentUrl\":\"https:\\\/\\\/franciscansinternational.org\\\/es\\\/wp-content\\\/uploads\\\/sites\\\/3\\\/2023\\\/03\\\/3rdCovidStatement.jpg\",\"width\":1500,\"height\":938},{\"@type\":\"BreadcrumbList\",\"@id\":\"https:\\\/\\\/franciscansinternational.org\\\/es\\\/aproximadamente-a-un-ano-de-la-pandemia\\\/#breadcrumb\",\"itemListElement\":[{\"@type\":\"ListItem\",\"position\":1,\"name\":\"Home\",\"item\":\"https:\\\/\\\/franciscansinternational.org\\\/es\\\/\"},{\"@type\":\"ListItem\",\"position\":2,\"name\":\"Aproximadamente a un a\u00f1o de la pandemia\"}]},{\"@type\":\"WebSite\",\"@id\":\"https:\\\/\\\/franciscansinternational.org\\\/es\\\/#website\",\"url\":\"https:\\\/\\\/franciscansinternational.org\\\/es\\\/\",\"name\":\"Franciscans International (ES)\",\"description\":\"Just another Franciscans International site\",\"publisher\":{\"@id\":\"https:\\\/\\\/franciscansinternational.org\\\/es\\\/#organization\"},\"potentialAction\":[{\"@type\":\"SearchAction\",\"target\":{\"@type\":\"EntryPoint\",\"urlTemplate\":\"https:\\\/\\\/franciscansinternational.org\\\/es\\\/?s={search_term_string}\"},\"query-input\":{\"@type\":\"PropertyValueSpecification\",\"valueRequired\":true,\"valueName\":\"search_term_string\"}}],\"inLanguage\":\"es\"},{\"@type\":\"Organization\",\"@id\":\"https:\\\/\\\/franciscansinternational.org\\\/es\\\/#organization\",\"name\":\"Franciscans International (ES)\",\"url\":\"https:\\\/\\\/franciscansinternational.org\\\/es\\\/\",\"logo\":{\"@type\":\"ImageObject\",\"inLanguage\":\"es\",\"@id\":\"https:\\\/\\\/franciscansinternational.org\\\/es\\\/#\\\/schema\\\/logo\\\/image\\\/\",\"url\":\"https:\\\/\\\/franciscansinternational.org\\\/wp-content\\\/uploads\\\/sites\\\/3\\\/2023\\\/05\\\/logo-3.png\",\"contentUrl\":\"https:\\\/\\\/franciscansinternational.org\\\/wp-content\\\/uploads\\\/sites\\\/3\\\/2023\\\/05\\\/logo-3.png\",\"width\":1200,\"height\":205,\"caption\":\"Franciscans International (ES)\"},\"image\":{\"@id\":\"https:\\\/\\\/franciscansinternational.org\\\/es\\\/#\\\/schema\\\/logo\\\/image\\\/\"},\"sameAs\":[\"https:\\\/\\\/www.facebook.com\\\/FranciscansInternational\\\/\",\"https:\\\/\\\/x.com\\\/FranciscansIntl\",\"https:\\\/\\\/www.youtube.com\\\/channel\\\/UCexu0i-fWB4wwrlPMCz8_Zg\"]},{\"@type\":\"Person\",\"@id\":\"https:\\\/\\\/franciscansinternational.org\\\/es\\\/#\\\/schema\\\/person\\\/f398f02712a9dcab7603295bc1ea94e4\",\"name\":\"communications\",\"image\":{\"@type\":\"ImageObject\",\"inLanguage\":\"es\",\"@id\":\"https:\\\/\\\/secure.gravatar.com\\\/avatar\\\/0b4a62226a9b4f7ce621ec49ca40be1e77d886a42ca84b8a0b0697e9ec17dd63?s=96&d=mm&r=g\",\"url\":\"https:\\\/\\\/secure.gravatar.com\\\/avatar\\\/0b4a62226a9b4f7ce621ec49ca40be1e77d886a42ca84b8a0b0697e9ec17dd63?s=96&d=mm&r=g\",\"contentUrl\":\"https:\\\/\\\/secure.gravatar.com\\\/avatar\\\/0b4a62226a9b4f7ce621ec49ca40be1e77d886a42ca84b8a0b0697e9ec17dd63?s=96&d=mm&r=g\",\"caption\":\"communications\"},\"url\":\"https:\\\/\\\/franciscansinternational.org\\\/es\\\/author\\\/communications\\\/\"}]}<\/script>\n<!-- \/ Yoast SEO plugin. -->","yoast_head_json":{"title":"Aproximadamente a un a\u00f1o de la pandemia - Franciscans International (ES)","robots":{"index":"index","follow":"follow","max-snippet":"max-snippet:-1","max-image-preview":"max-image-preview:large","max-video-preview":"max-video-preview:-1"},"canonical":"https:\/\/franciscansinternational.org\/es\/aproximadamente-a-un-ano-de-la-pandemia\/","og_locale":"es_ES","og_type":"article","og_title":"Aproximadamente a un a\u00f1o de la pandemia - Franciscans International (ES)","og_description":"Tercera declaraci\u00f3n de Franciscans International sobre el COVID-19","og_url":"https:\/\/franciscansinternational.org\/es\/aproximadamente-a-un-ano-de-la-pandemia\/","og_site_name":"Franciscans International (ES)","article_publisher":"https:\/\/www.facebook.com\/FranciscansInternational\/","article_published_time":"2021-06-10T15:49:00+00:00","article_modified_time":"2023-03-21T15:54:50+00:00","og_image":[{"width":1500,"height":938,"url":"https:\/\/franciscansinternational.org\/wp-content\/uploads\/sites\/3\/2023\/03\/3rdCovidStatement.jpg","type":"image\/jpeg"}],"author":"communications","twitter_card":"summary_large_image","twitter_creator":"@FranciscansIntl","twitter_site":"@FranciscansIntl","twitter_misc":{"Escrito por":"communications","Tiempo de lectura":"5 minutos"},"schema":{"@context":"https:\/\/schema.org","@graph":[{"@type":"Article","@id":"https:\/\/franciscansinternational.org\/es\/aproximadamente-a-un-ano-de-la-pandemia\/#article","isPartOf":{"@id":"https:\/\/franciscansinternational.org\/es\/aproximadamente-a-un-ano-de-la-pandemia\/"},"author":{"name":"communications","@id":"https:\/\/franciscansinternational.org\/es\/#\/schema\/person\/f398f02712a9dcab7603295bc1ea94e4"},"headline":"Aproximadamente a un a\u00f1o de la pandemia","datePublished":"2021-06-10T15:49:00+00:00","dateModified":"2023-03-21T15:54:50+00:00","mainEntityOfPage":{"@id":"https:\/\/franciscansinternational.org\/es\/aproximadamente-a-un-ano-de-la-pandemia\/"},"wordCount":1162,"commentCount":0,"publisher":{"@id":"https:\/\/franciscansinternational.org\/es\/#organization"},"image":{"@id":"https:\/\/franciscansinternational.org\/es\/aproximadamente-a-un-ano-de-la-pandemia\/#primaryimage"},"thumbnailUrl":"https:\/\/franciscansinternational.org\/es\/wp-content\/uploads\/sites\/3\/2023\/03\/3rdCovidStatement.jpg","keywords":["Dignidad de toda persona","Justicia ambiental","Programa \u00c1frica","Programa Asia-Pac\u00edfico","Programa para las Am\u00e9ricas"],"articleSection":["Noticias"],"inLanguage":"es","potentialAction":[{"@type":"CommentAction","name":"Comment","target":["https:\/\/franciscansinternational.org\/es\/aproximadamente-a-un-ano-de-la-pandemia\/#respond"]}]},{"@type":"WebPage","@id":"https:\/\/franciscansinternational.org\/es\/aproximadamente-a-un-ano-de-la-pandemia\/","url":"https:\/\/franciscansinternational.org\/es\/aproximadamente-a-un-ano-de-la-pandemia\/","name":"Aproximadamente a un a\u00f1o de la pandemia - Franciscans International (ES)","isPartOf":{"@id":"https:\/\/franciscansinternational.org\/es\/#website"},"primaryImageOfPage":{"@id":"https:\/\/franciscansinternational.org\/es\/aproximadamente-a-un-ano-de-la-pandemia\/#primaryimage"},"image":{"@id":"https:\/\/franciscansinternational.org\/es\/aproximadamente-a-un-ano-de-la-pandemia\/#primaryimage"},"thumbnailUrl":"https:\/\/franciscansinternational.org\/es\/wp-content\/uploads\/sites\/3\/2023\/03\/3rdCovidStatement.jpg","datePublished":"2021-06-10T15:49:00+00:00","dateModified":"2023-03-21T15:54:50+00:00","breadcrumb":{"@id":"https:\/\/franciscansinternational.org\/es\/aproximadamente-a-un-ano-de-la-pandemia\/#breadcrumb"},"inLanguage":"es","potentialAction":[{"@type":"ReadAction","target":["https:\/\/franciscansinternational.org\/es\/aproximadamente-a-un-ano-de-la-pandemia\/"]}]},{"@type":"ImageObject","inLanguage":"es","@id":"https:\/\/franciscansinternational.org\/es\/aproximadamente-a-un-ano-de-la-pandemia\/#primaryimage","url":"https:\/\/franciscansinternational.org\/es\/wp-content\/uploads\/sites\/3\/2023\/03\/3rdCovidStatement.jpg","contentUrl":"https:\/\/franciscansinternational.org\/es\/wp-content\/uploads\/sites\/3\/2023\/03\/3rdCovidStatement.jpg","width":1500,"height":938},{"@type":"BreadcrumbList","@id":"https:\/\/franciscansinternational.org\/es\/aproximadamente-a-un-ano-de-la-pandemia\/#breadcrumb","itemListElement":[{"@type":"ListItem","position":1,"name":"Home","item":"https:\/\/franciscansinternational.org\/es\/"},{"@type":"ListItem","position":2,"name":"Aproximadamente a un a\u00f1o de la pandemia"}]},{"@type":"WebSite","@id":"https:\/\/franciscansinternational.org\/es\/#website","url":"https:\/\/franciscansinternational.org\/es\/","name":"Franciscans International (ES)","description":"Just another Franciscans International site","publisher":{"@id":"https:\/\/franciscansinternational.org\/es\/#organization"},"potentialAction":[{"@type":"SearchAction","target":{"@type":"EntryPoint","urlTemplate":"https:\/\/franciscansinternational.org\/es\/?s={search_term_string}"},"query-input":{"@type":"PropertyValueSpecification","valueRequired":true,"valueName":"search_term_string"}}],"inLanguage":"es"},{"@type":"Organization","@id":"https:\/\/franciscansinternational.org\/es\/#organization","name":"Franciscans International (ES)","url":"https:\/\/franciscansinternational.org\/es\/","logo":{"@type":"ImageObject","inLanguage":"es","@id":"https:\/\/franciscansinternational.org\/es\/#\/schema\/logo\/image\/","url":"https:\/\/franciscansinternational.org\/wp-content\/uploads\/sites\/3\/2023\/05\/logo-3.png","contentUrl":"https:\/\/franciscansinternational.org\/wp-content\/uploads\/sites\/3\/2023\/05\/logo-3.png","width":1200,"height":205,"caption":"Franciscans International (ES)"},"image":{"@id":"https:\/\/franciscansinternational.org\/es\/#\/schema\/logo\/image\/"},"sameAs":["https:\/\/www.facebook.com\/FranciscansInternational\/","https:\/\/x.com\/FranciscansIntl","https:\/\/www.youtube.com\/channel\/UCexu0i-fWB4wwrlPMCz8_Zg"]},{"@type":"Person","@id":"https:\/\/franciscansinternational.org\/es\/#\/schema\/person\/f398f02712a9dcab7603295bc1ea94e4","name":"communications","image":{"@type":"ImageObject","inLanguage":"es","@id":"https:\/\/secure.gravatar.com\/avatar\/0b4a62226a9b4f7ce621ec49ca40be1e77d886a42ca84b8a0b0697e9ec17dd63?s=96&d=mm&r=g","url":"https:\/\/secure.gravatar.com\/avatar\/0b4a62226a9b4f7ce621ec49ca40be1e77d886a42ca84b8a0b0697e9ec17dd63?s=96&d=mm&r=g","contentUrl":"https:\/\/secure.gravatar.com\/avatar\/0b4a62226a9b4f7ce621ec49ca40be1e77d886a42ca84b8a0b0697e9ec17dd63?s=96&d=mm&r=g","caption":"communications"},"url":"https:\/\/franciscansinternational.org\/es\/author\/communications\/"}]}},"jetpack_featured_media_url":"https:\/\/franciscansinternational.org\/es\/wp-content\/uploads\/sites\/3\/2023\/03\/3rdCovidStatement.jpg","jetpack_sharing_enabled":true,"_links":{"self":[{"href":"https:\/\/franciscansinternational.org\/es\/wp-json\/wp\/v2\/posts\/241","targetHints":{"allow":["GET"]}}],"collection":[{"href":"https:\/\/franciscansinternational.org\/es\/wp-json\/wp\/v2\/posts"}],"about":[{"href":"https:\/\/franciscansinternational.org\/es\/wp-json\/wp\/v2\/types\/post"}],"author":[{"embeddable":true,"href":"https:\/\/franciscansinternational.org\/es\/wp-json\/wp\/v2\/users\/3"}],"replies":[{"embeddable":true,"href":"https:\/\/franciscansinternational.org\/es\/wp-json\/wp\/v2\/comments?post=241"}],"version-history":[{"count":5,"href":"https:\/\/franciscansinternational.org\/es\/wp-json\/wp\/v2\/posts\/241\/revisions"}],"predecessor-version":[{"id":247,"href":"https:\/\/franciscansinternational.org\/es\/wp-json\/wp\/v2\/posts\/241\/revisions\/247"}],"wp:featuredmedia":[{"embeddable":true,"href":"https:\/\/franciscansinternational.org\/es\/wp-json\/wp\/v2\/media\/242"}],"wp:attachment":[{"href":"https:\/\/franciscansinternational.org\/es\/wp-json\/wp\/v2\/media?parent=241"}],"wp:term":[{"taxonomy":"category","embeddable":true,"href":"https:\/\/franciscansinternational.org\/es\/wp-json\/wp\/v2\/categories?post=241"},{"taxonomy":"post_tag","embeddable":true,"href":"https:\/\/franciscansinternational.org\/es\/wp-json\/wp\/v2\/tags?post=241"}],"curies":[{"name":"wp","href":"https:\/\/api.w.org\/{rel}","templated":true}]}}