{"id":260,"date":"2021-06-23T09:37:00","date_gmt":"2021-06-23T09:37:00","guid":{"rendered":"https:\/\/franciscansinternational.kinsta.cloud\/es\/?p=260"},"modified":"2023-03-22T09:39:59","modified_gmt":"2023-03-22T09:39:59","slug":"cdh47-poner-fin-a-las-violaciones-de-derechos-humanos-contra-los-manifestantes-en-colombia","status":"publish","type":"post","link":"https:\/\/franciscansinternational.org\/es\/cdh47-poner-fin-a-las-violaciones-de-derechos-humanos-contra-los-manifestantes-en-colombia\/","title":{"rendered":"CDH47: Poner fin a las violaciones de derechos humanos contra los manifestantes en Colombia"},"content":{"rendered":"\n<p>Ayer 22 de junio del 2021, en el marco de la sesi\u00f3n numero 47 del Consejo de Derechos Humanos de las Naciones Unidas en Ginebra, Suiza, un grupo conformado por m\u00e1s de 300 organizaciones no gubernamentales de derechos humanos, movimientos sociales y asociaciones de v\u00edctimas presentaron una declaraci\u00f3n oral conjunta pidiendo acci\u00f3n por parte de la comunidad internacional ante las graves violaciones a los derechos humanos cometidas estas \u00faltimas semanas en Colombia.<\/p>\n\n\n\n<p>Las numerosas organizaciones reafirmaron las preocupaciones expresadas por la Alta Comisionada de Derechos Humanos, la Se\u00f1ora Michelle Bachelet, este lunes, durante la presentaci\u00f3n del informe anual, quien llam\u00f3 a la realizaci\u00f3n de investigaciones prontas, efectivas e independientes, ante las 56 muertes (54 de ellas civiles y 2 polic\u00edas) registradas por su Oficina en el contexto de las protestas iniciadas el 28 de abril de 2021 (Paro Nacional), as\u00ed como a la implementaci\u00f3n del Acuerdo de Paz como clave para abordar las causas estructurales que han generado las protestas y la brutal respuesta del Estado a estas.<\/p>\n\n\n\n<p>Asimismo, durante el respectivo di\u00e1logo interactivo, las misiones diplom\u00e1ticas de B\u00e9lgica y Suiza solicitaron respeto al derecho a la libertad de reuni\u00f3n y expresaron preocupaci\u00f3n por el uso excesivo de la fuerza, llamando a establecer canales de di\u00e1logo.<\/p>\n\n\n\n<p>Mediante la declaraci\u00f3n las organizaciones firmantes resaltaron los asesinatos, el uso excesivo de la fuerza, los actos constitutivos de tortura y otros malos tratos, las desapariciones forzadas, la violencia sexual, las detenciones arbitrarias y los ataques, incluidos los ciberataques contra quienes ejercen su derecho a protestar en Colombia.<\/p>\n\n\n\n<p>Las organizaciones expresaron que estos hechos constituyen violaciones flagrantes de los derechos humanos, que han tenido lugar a pesar del fallo de la Corte Suprema de Justicia, que inst\u00f3 a la Fuerza P\u00fablica de Colombia a no actuar de manera violenta, arbitraria y sistem\u00e1tica durante las manifestaciones y los llamamientos de mecanismos de derechos humanos a cesar estas violaciones.<\/p>\n\n\n\n<p>Igualmente destacaron que las protestas se vinculan a reivindicaciones estructurales ligadas a los derechos humanos, incluyendo la pobreza &#8211; el 42% vive de la sociedad colombiana vive en la pobreza y el 15% en la pobreza extrema &#8211; , la desigualdad, injusticias sociales crecientes, la impunidad, el racismo sist\u00e9mico y la violencia sistem\u00e1tica contra las personas defensoras de derechos humanos, incluyendo l\u00edderes sociales, campesinas, sindicales e ind\u00edgenas y la prensa y a la falta de la plena implementaci\u00f3n del Acuerdo de Paz de 2016.<\/p>\n\n\n\n<p>Las organizaciones exhortaron al Consejo de Derechos Humanos a exigir a Colombia el cese del uso de violencia y el respeto del derecho a la protesta pac\u00edfica; a que investigue de forma independiente las violaciones a los derechos humanos cometidas en este contexto; a que acepte la visita de los procedimientos Especiales y a que apoye el logro de consensos sociales en torno a las demandas estructurales.<\/p>\n\n\n\n<p>Finalmente pidieron a la Alta Comisionada a la Alta Comisionada, que, por medio del monitoreo de su oficina en Colombia, elabore un reporte sobre las violaciones de derechos humanos cometidas durante las protestas.<\/p>\n\n\n\n<p>La declaraci\u00f3n conjunta que agrup\u00f3 diversas organizaciones de Colombia, Am\u00e9rica Latina y de distintos pa\u00edses del mundo fue le\u00edda ante el Consejo por un representante de la Familia Franciscana en Colombia.<\/p>\n\n\n\n<p>A pesar de que la relaci\u00f3n entre las protestas y la falta de una efectiva implementaci\u00f3n de los Acuerdos de Paz de la Habana ha sido constantemente mencionada dentro de las demandas de las organizaciones sociales colombianas, en su respuesta a la Alta Comisionada el Estado Colombiano neg\u00f3 la vinculaci\u00f3n entre el Paro Nacional y la falta de implementaci\u00f3n de los acuerdos, una vez m\u00e1s haciendo o\u00eddos sordos a las reivindicaciones de los sectores involucrados en las protestas y restando relevancia a la implementaci\u00f3n de acuerdos internacionalmente vinculantes.<\/p>\n","protected":false},"excerpt":{"rendered":"<p>Mas de 300 organizaciones alrededor del mundo urgen a la m\u00e1s alta instancia global en Derechos Humanos a actuar frente a la grave situaci\u00f3n en Colombia <\/p>\n","protected":false},"author":3,"featured_media":261,"comment_status":"open","ping_status":"closed","sticky":false,"template":"","format":"standard","meta":{"_relevanssi_hide_post":"","_relevanssi_hide_content":"","_relevanssi_pin_for_all":"","_relevanssi_pin_keywords":"","_relevanssi_unpin_keywords":"","_relevanssi_related_keywords":"","_relevanssi_related_include_ids":"","_relevanssi_related_exclude_ids":"","_relevanssi_related_no_append":"","_relevanssi_related_not_related":"","_relevanssi_related_posts":"1,116,205,120,115,209","_relevanssi_noindex_reason":"","_jetpack_memberships_contains_paid_content":false,"footnotes":""},"categories":[1],"tags":[12,6],"class_list":["post-260","post","type-post","status-publish","format-standard","has-post-thumbnail","hentry","category-noticias","tag-paz-y-derechos-humanos","tag-programa-para-las-americas"],"acf":[],"yoast_head":"<!-- This site is optimized with the Yoast SEO plugin v27.5 - https:\/\/yoast.com\/product\/yoast-seo-wordpress\/ -->\n<title>CDH47: Poner fin a las violaciones de derechos humanos contra los manifestantes en Colombia - Franciscans International (ES)<\/title>\n<meta name=\"robots\" content=\"index, follow, max-snippet:-1, max-image-preview:large, max-video-preview:-1\" \/>\n<link rel=\"canonical\" href=\"https:\/\/franciscansinternational.org\/es\/cdh47-poner-fin-a-las-violaciones-de-derechos-humanos-contra-los-manifestantes-en-colombia\/\" \/>\n<meta property=\"og:locale\" content=\"es_ES\" \/>\n<meta property=\"og:type\" content=\"article\" \/>\n<meta property=\"og:title\" content=\"CDH47: Poner fin a las violaciones de derechos humanos contra los manifestantes en Colombia - Franciscans International (ES)\" \/>\n<meta property=\"og:description\" content=\"Mas de 300 organizaciones alrededor del mundo urgen a la m\u00e1s alta instancia global en Derechos Humanos a actuar frente a la grave situaci\u00f3n en Colombia\" \/>\n<meta property=\"og:url\" content=\"https:\/\/franciscansinternational.org\/es\/cdh47-poner-fin-a-las-violaciones-de-derechos-humanos-contra-los-manifestantes-en-colombia\/\" \/>\n<meta property=\"og:site_name\" content=\"Franciscans International (ES)\" \/>\n<meta property=\"article:publisher\" content=\"https:\/\/www.facebook.com\/FranciscansInternational\/\" \/>\n<meta property=\"article:published_time\" content=\"2021-06-23T09:37:00+00:00\" \/>\n<meta property=\"article:modified_time\" content=\"2023-03-22T09:39:59+00:00\" \/>\n<meta property=\"og:image\" content=\"https:\/\/franciscansinternational.org\/wp-content\/uploads\/sites\/3\/2023\/03\/HRC47_Colombia.jpg\" \/>\n\t<meta property=\"og:image:width\" content=\"1476\" \/>\n\t<meta property=\"og:image:height\" content=\"734\" \/>\n\t<meta property=\"og:image:type\" content=\"image\/jpeg\" \/>\n<meta name=\"author\" content=\"communications\" \/>\n<meta name=\"twitter:card\" content=\"summary_large_image\" \/>\n<meta name=\"twitter:creator\" content=\"@FranciscansIntl\" \/>\n<meta name=\"twitter:site\" content=\"@FranciscansIntl\" \/>\n<meta name=\"twitter:label1\" content=\"Escrito por\" \/>\n\t<meta name=\"twitter:data1\" content=\"communications\" \/>\n\t<meta name=\"twitter:label2\" content=\"Tiempo de lectura\" \/>\n\t<meta name=\"twitter:data2\" content=\"3 minutos\" \/>\n<script type=\"application\/ld+json\" class=\"yoast-schema-graph\">{\"@context\":\"https:\\\/\\\/schema.org\",\"@graph\":[{\"@type\":\"Article\",\"@id\":\"https:\\\/\\\/franciscansinternational.org\\\/es\\\/cdh47-poner-fin-a-las-violaciones-de-derechos-humanos-contra-los-manifestantes-en-colombia\\\/#article\",\"isPartOf\":{\"@id\":\"https:\\\/\\\/franciscansinternational.org\\\/es\\\/cdh47-poner-fin-a-las-violaciones-de-derechos-humanos-contra-los-manifestantes-en-colombia\\\/\"},\"author\":{\"name\":\"communications\",\"@id\":\"https:\\\/\\\/franciscansinternational.org\\\/es\\\/#\\\/schema\\\/person\\\/f398f02712a9dcab7603295bc1ea94e4\"},\"headline\":\"CDH47: Poner fin a las violaciones de derechos humanos contra los manifestantes en Colombia\",\"datePublished\":\"2021-06-23T09:37:00+00:00\",\"dateModified\":\"2023-03-22T09:39:59+00:00\",\"mainEntityOfPage\":{\"@id\":\"https:\\\/\\\/franciscansinternational.org\\\/es\\\/cdh47-poner-fin-a-las-violaciones-de-derechos-humanos-contra-los-manifestantes-en-colombia\\\/\"},\"wordCount\":653,\"commentCount\":0,\"publisher\":{\"@id\":\"https:\\\/\\\/franciscansinternational.org\\\/es\\\/#organization\"},\"image\":{\"@id\":\"https:\\\/\\\/franciscansinternational.org\\\/es\\\/cdh47-poner-fin-a-las-violaciones-de-derechos-humanos-contra-los-manifestantes-en-colombia\\\/#primaryimage\"},\"thumbnailUrl\":\"https:\\\/\\\/franciscansinternational.org\\\/es\\\/wp-content\\\/uploads\\\/sites\\\/3\\\/2023\\\/03\\\/HRC47_Colombia.jpg\",\"keywords\":[\"Paz y derechos humanos\",\"Programa para las Am\u00e9ricas\"],\"articleSection\":[\"Noticias\"],\"inLanguage\":\"es\",\"potentialAction\":[{\"@type\":\"CommentAction\",\"name\":\"Comment\",\"target\":[\"https:\\\/\\\/franciscansinternational.org\\\/es\\\/cdh47-poner-fin-a-las-violaciones-de-derechos-humanos-contra-los-manifestantes-en-colombia\\\/#respond\"]}]},{\"@type\":\"WebPage\",\"@id\":\"https:\\\/\\\/franciscansinternational.org\\\/es\\\/cdh47-poner-fin-a-las-violaciones-de-derechos-humanos-contra-los-manifestantes-en-colombia\\\/\",\"url\":\"https:\\\/\\\/franciscansinternational.org\\\/es\\\/cdh47-poner-fin-a-las-violaciones-de-derechos-humanos-contra-los-manifestantes-en-colombia\\\/\",\"name\":\"CDH47: Poner fin a las violaciones de derechos humanos contra los manifestantes en Colombia - Franciscans International (ES)\",\"isPartOf\":{\"@id\":\"https:\\\/\\\/franciscansinternational.org\\\/es\\\/#website\"},\"primaryImageOfPage\":{\"@id\":\"https:\\\/\\\/franciscansinternational.org\\\/es\\\/cdh47-poner-fin-a-las-violaciones-de-derechos-humanos-contra-los-manifestantes-en-colombia\\\/#primaryimage\"},\"image\":{\"@id\":\"https:\\\/\\\/franciscansinternational.org\\\/es\\\/cdh47-poner-fin-a-las-violaciones-de-derechos-humanos-contra-los-manifestantes-en-colombia\\\/#primaryimage\"},\"thumbnailUrl\":\"https:\\\/\\\/franciscansinternational.org\\\/es\\\/wp-content\\\/uploads\\\/sites\\\/3\\\/2023\\\/03\\\/HRC47_Colombia.jpg\",\"datePublished\":\"2021-06-23T09:37:00+00:00\",\"dateModified\":\"2023-03-22T09:39:59+00:00\",\"breadcrumb\":{\"@id\":\"https:\\\/\\\/franciscansinternational.org\\\/es\\\/cdh47-poner-fin-a-las-violaciones-de-derechos-humanos-contra-los-manifestantes-en-colombia\\\/#breadcrumb\"},\"inLanguage\":\"es\",\"potentialAction\":[{\"@type\":\"ReadAction\",\"target\":[\"https:\\\/\\\/franciscansinternational.org\\\/es\\\/cdh47-poner-fin-a-las-violaciones-de-derechos-humanos-contra-los-manifestantes-en-colombia\\\/\"]}]},{\"@type\":\"ImageObject\",\"inLanguage\":\"es\",\"@id\":\"https:\\\/\\\/franciscansinternational.org\\\/es\\\/cdh47-poner-fin-a-las-violaciones-de-derechos-humanos-contra-los-manifestantes-en-colombia\\\/#primaryimage\",\"url\":\"https:\\\/\\\/franciscansinternational.org\\\/es\\\/wp-content\\\/uploads\\\/sites\\\/3\\\/2023\\\/03\\\/HRC47_Colombia.jpg\",\"contentUrl\":\"https:\\\/\\\/franciscansinternational.org\\\/es\\\/wp-content\\\/uploads\\\/sites\\\/3\\\/2023\\\/03\\\/HRC47_Colombia.jpg\",\"width\":1476,\"height\":734},{\"@type\":\"BreadcrumbList\",\"@id\":\"https:\\\/\\\/franciscansinternational.org\\\/es\\\/cdh47-poner-fin-a-las-violaciones-de-derechos-humanos-contra-los-manifestantes-en-colombia\\\/#breadcrumb\",\"itemListElement\":[{\"@type\":\"ListItem\",\"position\":1,\"name\":\"Home\",\"item\":\"https:\\\/\\\/franciscansinternational.org\\\/es\\\/\"},{\"@type\":\"ListItem\",\"position\":2,\"name\":\"CDH47: Poner fin a las violaciones de derechos humanos contra los manifestantes en Colombia\"}]},{\"@type\":\"WebSite\",\"@id\":\"https:\\\/\\\/franciscansinternational.org\\\/es\\\/#website\",\"url\":\"https:\\\/\\\/franciscansinternational.org\\\/es\\\/\",\"name\":\"Franciscans International (ES)\",\"description\":\"Just another Franciscans International site\",\"publisher\":{\"@id\":\"https:\\\/\\\/franciscansinternational.org\\\/es\\\/#organization\"},\"potentialAction\":[{\"@type\":\"SearchAction\",\"target\":{\"@type\":\"EntryPoint\",\"urlTemplate\":\"https:\\\/\\\/franciscansinternational.org\\\/es\\\/?s={search_term_string}\"},\"query-input\":{\"@type\":\"PropertyValueSpecification\",\"valueRequired\":true,\"valueName\":\"search_term_string\"}}],\"inLanguage\":\"es\"},{\"@type\":\"Organization\",\"@id\":\"https:\\\/\\\/franciscansinternational.org\\\/es\\\/#organization\",\"name\":\"Franciscans International (ES)\",\"url\":\"https:\\\/\\\/franciscansinternational.org\\\/es\\\/\",\"logo\":{\"@type\":\"ImageObject\",\"inLanguage\":\"es\",\"@id\":\"https:\\\/\\\/franciscansinternational.org\\\/es\\\/#\\\/schema\\\/logo\\\/image\\\/\",\"url\":\"https:\\\/\\\/franciscansinternational.org\\\/wp-content\\\/uploads\\\/sites\\\/3\\\/2023\\\/05\\\/logo-3.png\",\"contentUrl\":\"https:\\\/\\\/franciscansinternational.org\\\/wp-content\\\/uploads\\\/sites\\\/3\\\/2023\\\/05\\\/logo-3.png\",\"width\":1200,\"height\":205,\"caption\":\"Franciscans International (ES)\"},\"image\":{\"@id\":\"https:\\\/\\\/franciscansinternational.org\\\/es\\\/#\\\/schema\\\/logo\\\/image\\\/\"},\"sameAs\":[\"https:\\\/\\\/www.facebook.com\\\/FranciscansInternational\\\/\",\"https:\\\/\\\/x.com\\\/FranciscansIntl\",\"https:\\\/\\\/www.youtube.com\\\/channel\\\/UCexu0i-fWB4wwrlPMCz8_Zg\"]},{\"@type\":\"Person\",\"@id\":\"https:\\\/\\\/franciscansinternational.org\\\/es\\\/#\\\/schema\\\/person\\\/f398f02712a9dcab7603295bc1ea94e4\",\"name\":\"communications\",\"image\":{\"@type\":\"ImageObject\",\"inLanguage\":\"es\",\"@id\":\"https:\\\/\\\/secure.gravatar.com\\\/avatar\\\/0b4a62226a9b4f7ce621ec49ca40be1e77d886a42ca84b8a0b0697e9ec17dd63?s=96&d=mm&r=g\",\"url\":\"https:\\\/\\\/secure.gravatar.com\\\/avatar\\\/0b4a62226a9b4f7ce621ec49ca40be1e77d886a42ca84b8a0b0697e9ec17dd63?s=96&d=mm&r=g\",\"contentUrl\":\"https:\\\/\\\/secure.gravatar.com\\\/avatar\\\/0b4a62226a9b4f7ce621ec49ca40be1e77d886a42ca84b8a0b0697e9ec17dd63?s=96&d=mm&r=g\",\"caption\":\"communications\"},\"url\":\"https:\\\/\\\/franciscansinternational.org\\\/es\\\/author\\\/communications\\\/\"}]}<\/script>\n<!-- \/ Yoast SEO plugin. -->","yoast_head_json":{"title":"CDH47: Poner fin a las violaciones de derechos humanos contra los manifestantes en Colombia - Franciscans International (ES)","robots":{"index":"index","follow":"follow","max-snippet":"max-snippet:-1","max-image-preview":"max-image-preview:large","max-video-preview":"max-video-preview:-1"},"canonical":"https:\/\/franciscansinternational.org\/es\/cdh47-poner-fin-a-las-violaciones-de-derechos-humanos-contra-los-manifestantes-en-colombia\/","og_locale":"es_ES","og_type":"article","og_title":"CDH47: Poner fin a las violaciones de derechos humanos contra los manifestantes en Colombia - Franciscans International (ES)","og_description":"Mas de 300 organizaciones alrededor del mundo urgen a la m\u00e1s alta instancia global en Derechos Humanos a actuar frente a la grave situaci\u00f3n en Colombia","og_url":"https:\/\/franciscansinternational.org\/es\/cdh47-poner-fin-a-las-violaciones-de-derechos-humanos-contra-los-manifestantes-en-colombia\/","og_site_name":"Franciscans International (ES)","article_publisher":"https:\/\/www.facebook.com\/FranciscansInternational\/","article_published_time":"2021-06-23T09:37:00+00:00","article_modified_time":"2023-03-22T09:39:59+00:00","og_image":[{"width":1476,"height":734,"url":"https:\/\/franciscansinternational.org\/wp-content\/uploads\/sites\/3\/2023\/03\/HRC47_Colombia.jpg","type":"image\/jpeg"}],"author":"communications","twitter_card":"summary_large_image","twitter_creator":"@FranciscansIntl","twitter_site":"@FranciscansIntl","twitter_misc":{"Escrito por":"communications","Tiempo de lectura":"3 minutos"},"schema":{"@context":"https:\/\/schema.org","@graph":[{"@type":"Article","@id":"https:\/\/franciscansinternational.org\/es\/cdh47-poner-fin-a-las-violaciones-de-derechos-humanos-contra-los-manifestantes-en-colombia\/#article","isPartOf":{"@id":"https:\/\/franciscansinternational.org\/es\/cdh47-poner-fin-a-las-violaciones-de-derechos-humanos-contra-los-manifestantes-en-colombia\/"},"author":{"name":"communications","@id":"https:\/\/franciscansinternational.org\/es\/#\/schema\/person\/f398f02712a9dcab7603295bc1ea94e4"},"headline":"CDH47: Poner fin a las violaciones de derechos humanos contra los manifestantes en Colombia","datePublished":"2021-06-23T09:37:00+00:00","dateModified":"2023-03-22T09:39:59+00:00","mainEntityOfPage":{"@id":"https:\/\/franciscansinternational.org\/es\/cdh47-poner-fin-a-las-violaciones-de-derechos-humanos-contra-los-manifestantes-en-colombia\/"},"wordCount":653,"commentCount":0,"publisher":{"@id":"https:\/\/franciscansinternational.org\/es\/#organization"},"image":{"@id":"https:\/\/franciscansinternational.org\/es\/cdh47-poner-fin-a-las-violaciones-de-derechos-humanos-contra-los-manifestantes-en-colombia\/#primaryimage"},"thumbnailUrl":"https:\/\/franciscansinternational.org\/es\/wp-content\/uploads\/sites\/3\/2023\/03\/HRC47_Colombia.jpg","keywords":["Paz y derechos humanos","Programa para las Am\u00e9ricas"],"articleSection":["Noticias"],"inLanguage":"es","potentialAction":[{"@type":"CommentAction","name":"Comment","target":["https:\/\/franciscansinternational.org\/es\/cdh47-poner-fin-a-las-violaciones-de-derechos-humanos-contra-los-manifestantes-en-colombia\/#respond"]}]},{"@type":"WebPage","@id":"https:\/\/franciscansinternational.org\/es\/cdh47-poner-fin-a-las-violaciones-de-derechos-humanos-contra-los-manifestantes-en-colombia\/","url":"https:\/\/franciscansinternational.org\/es\/cdh47-poner-fin-a-las-violaciones-de-derechos-humanos-contra-los-manifestantes-en-colombia\/","name":"CDH47: Poner fin a las violaciones de derechos humanos contra los manifestantes en Colombia - Franciscans International (ES)","isPartOf":{"@id":"https:\/\/franciscansinternational.org\/es\/#website"},"primaryImageOfPage":{"@id":"https:\/\/franciscansinternational.org\/es\/cdh47-poner-fin-a-las-violaciones-de-derechos-humanos-contra-los-manifestantes-en-colombia\/#primaryimage"},"image":{"@id":"https:\/\/franciscansinternational.org\/es\/cdh47-poner-fin-a-las-violaciones-de-derechos-humanos-contra-los-manifestantes-en-colombia\/#primaryimage"},"thumbnailUrl":"https:\/\/franciscansinternational.org\/es\/wp-content\/uploads\/sites\/3\/2023\/03\/HRC47_Colombia.jpg","datePublished":"2021-06-23T09:37:00+00:00","dateModified":"2023-03-22T09:39:59+00:00","breadcrumb":{"@id":"https:\/\/franciscansinternational.org\/es\/cdh47-poner-fin-a-las-violaciones-de-derechos-humanos-contra-los-manifestantes-en-colombia\/#breadcrumb"},"inLanguage":"es","potentialAction":[{"@type":"ReadAction","target":["https:\/\/franciscansinternational.org\/es\/cdh47-poner-fin-a-las-violaciones-de-derechos-humanos-contra-los-manifestantes-en-colombia\/"]}]},{"@type":"ImageObject","inLanguage":"es","@id":"https:\/\/franciscansinternational.org\/es\/cdh47-poner-fin-a-las-violaciones-de-derechos-humanos-contra-los-manifestantes-en-colombia\/#primaryimage","url":"https:\/\/franciscansinternational.org\/es\/wp-content\/uploads\/sites\/3\/2023\/03\/HRC47_Colombia.jpg","contentUrl":"https:\/\/franciscansinternational.org\/es\/wp-content\/uploads\/sites\/3\/2023\/03\/HRC47_Colombia.jpg","width":1476,"height":734},{"@type":"BreadcrumbList","@id":"https:\/\/franciscansinternational.org\/es\/cdh47-poner-fin-a-las-violaciones-de-derechos-humanos-contra-los-manifestantes-en-colombia\/#breadcrumb","itemListElement":[{"@type":"ListItem","position":1,"name":"Home","item":"https:\/\/franciscansinternational.org\/es\/"},{"@type":"ListItem","position":2,"name":"CDH47: Poner fin a las violaciones de derechos humanos contra los manifestantes en Colombia"}]},{"@type":"WebSite","@id":"https:\/\/franciscansinternational.org\/es\/#website","url":"https:\/\/franciscansinternational.org\/es\/","name":"Franciscans International (ES)","description":"Just another Franciscans International site","publisher":{"@id":"https:\/\/franciscansinternational.org\/es\/#organization"},"potentialAction":[{"@type":"SearchAction","target":{"@type":"EntryPoint","urlTemplate":"https:\/\/franciscansinternational.org\/es\/?s={search_term_string}"},"query-input":{"@type":"PropertyValueSpecification","valueRequired":true,"valueName":"search_term_string"}}],"inLanguage":"es"},{"@type":"Organization","@id":"https:\/\/franciscansinternational.org\/es\/#organization","name":"Franciscans International (ES)","url":"https:\/\/franciscansinternational.org\/es\/","logo":{"@type":"ImageObject","inLanguage":"es","@id":"https:\/\/franciscansinternational.org\/es\/#\/schema\/logo\/image\/","url":"https:\/\/franciscansinternational.org\/wp-content\/uploads\/sites\/3\/2023\/05\/logo-3.png","contentUrl":"https:\/\/franciscansinternational.org\/wp-content\/uploads\/sites\/3\/2023\/05\/logo-3.png","width":1200,"height":205,"caption":"Franciscans International (ES)"},"image":{"@id":"https:\/\/franciscansinternational.org\/es\/#\/schema\/logo\/image\/"},"sameAs":["https:\/\/www.facebook.com\/FranciscansInternational\/","https:\/\/x.com\/FranciscansIntl","https:\/\/www.youtube.com\/channel\/UCexu0i-fWB4wwrlPMCz8_Zg"]},{"@type":"Person","@id":"https:\/\/franciscansinternational.org\/es\/#\/schema\/person\/f398f02712a9dcab7603295bc1ea94e4","name":"communications","image":{"@type":"ImageObject","inLanguage":"es","@id":"https:\/\/secure.gravatar.com\/avatar\/0b4a62226a9b4f7ce621ec49ca40be1e77d886a42ca84b8a0b0697e9ec17dd63?s=96&d=mm&r=g","url":"https:\/\/secure.gravatar.com\/avatar\/0b4a62226a9b4f7ce621ec49ca40be1e77d886a42ca84b8a0b0697e9ec17dd63?s=96&d=mm&r=g","contentUrl":"https:\/\/secure.gravatar.com\/avatar\/0b4a62226a9b4f7ce621ec49ca40be1e77d886a42ca84b8a0b0697e9ec17dd63?s=96&d=mm&r=g","caption":"communications"},"url":"https:\/\/franciscansinternational.org\/es\/author\/communications\/"}]}},"jetpack_featured_media_url":"https:\/\/franciscansinternational.org\/es\/wp-content\/uploads\/sites\/3\/2023\/03\/HRC47_Colombia.jpg","jetpack_sharing_enabled":true,"_links":{"self":[{"href":"https:\/\/franciscansinternational.org\/es\/wp-json\/wp\/v2\/posts\/260","targetHints":{"allow":["GET"]}}],"collection":[{"href":"https:\/\/franciscansinternational.org\/es\/wp-json\/wp\/v2\/posts"}],"about":[{"href":"https:\/\/franciscansinternational.org\/es\/wp-json\/wp\/v2\/types\/post"}],"author":[{"embeddable":true,"href":"https:\/\/franciscansinternational.org\/es\/wp-json\/wp\/v2\/users\/3"}],"replies":[{"embeddable":true,"href":"https:\/\/franciscansinternational.org\/es\/wp-json\/wp\/v2\/comments?post=260"}],"version-history":[{"count":3,"href":"https:\/\/franciscansinternational.org\/es\/wp-json\/wp\/v2\/posts\/260\/revisions"}],"predecessor-version":[{"id":264,"href":"https:\/\/franciscansinternational.org\/es\/wp-json\/wp\/v2\/posts\/260\/revisions\/264"}],"wp:featuredmedia":[{"embeddable":true,"href":"https:\/\/franciscansinternational.org\/es\/wp-json\/wp\/v2\/media\/261"}],"wp:attachment":[{"href":"https:\/\/franciscansinternational.org\/es\/wp-json\/wp\/v2\/media?parent=260"}],"wp:term":[{"taxonomy":"category","embeddable":true,"href":"https:\/\/franciscansinternational.org\/es\/wp-json\/wp\/v2\/categories?post=260"},{"taxonomy":"post_tag","embeddable":true,"href":"https:\/\/franciscansinternational.org\/es\/wp-json\/wp\/v2\/tags?post=260"}],"curies":[{"name":"wp","href":"https:\/\/api.w.org\/{rel}","templated":true}]}}