{"id":265,"date":"2022-08-09T10:46:00","date_gmt":"2022-08-09T10:46:00","guid":{"rendered":"https:\/\/franciscansinternational.kinsta.cloud\/es\/?p=265"},"modified":"2023-05-11T08:38:19","modified_gmt":"2023-05-11T08:38:19","slug":"hacer-que-las-voces-indigenas-sean-escuchadas-en-todos-los-espacios-de-la-onu","status":"publish","type":"post","link":"https:\/\/franciscansinternational.org\/es\/hacer-que-las-voces-indigenas-sean-escuchadas-en-todos-los-espacios-de-la-onu\/","title":{"rendered":"Hacer que las voces ind\u00edgenas sean escuchadas en todos los espacios de la ONU"},"content":{"rendered":"\n<p>La historia de los pueblos ind\u00edgenas es una historia estropeada y arruinada por el colonialismo, por la asimilaci\u00f3n forzosa y por otras violaciones de derechos humanos. Hoy, los pueblos y comunidades ind\u00edgenas alrededor del mundo contin\u00faan enfrascados en una larga lucha por la preservaci\u00f3n de sus tradiciones, su identidad y sus tierras ancestrales \u2013 un empe\u00f1o que incluye la protecci\u00f3n de la naturaleza en estos territorios.&nbsp;&nbsp;<\/p>\n\n\n\n<p>Esta historia de discriminaci\u00f3n y exclusi\u00f3n en su contra hace a\u00fan m\u00e1s sorprendente que ahora el mundo mire cada vez m\u00e1s a los ind\u00edgenas cuando buscamos respuestas a algunos de los m\u00e1s urgentes desaf\u00edos de derechos humanos de nuestro tiempo. Con esto en mente, el tema del <a href=\"https:\/\/www.un.org\/en\/observances\/indigenous-day\" target=\"_blank\" rel=\"noreferrer noopener\">D\u00eda Internacional de los Pueblos Ind\u00edgenas del Mundo<\/a> de este a\u00f1o, que se enfoca en el papel de las mujeres y en la preservaci\u00f3n y transmisi\u00f3n del conocimiento tradicional, debe ser escuchado por toda la comunidad internacional, no solo a trav\u00e9s de los espacios dedicados como el Foro Permanente de la ONU sobre Asuntos Ind\u00edgenas sino tambi\u00e9n m\u00e1s all\u00e1 en otros foros de la ONU, de manera que su participaci\u00f3n significativa pueda influir en todos los tipos de elaboraci\u00f3n de pol\u00edticas nacionales y globales, como, por ejemplo, en las \u00e1reas de derechos humanos, del medio ambiente, el desarrollo y la paz.&nbsp;&nbsp;<\/p>\n\n\n\n<p>Aunque los pueblos ind\u00edgenas solo constituyen alrededor del seis por ciento de la poblaci\u00f3n mundial, ellos <a href=\"https:\/\/www.unep.org\/news-and-stories\/story\/indigenous-peoples-and-nature-they-protect\" target=\"_blank\" rel=\"noreferrer noopener\">protegen el ochenta por ciento<\/a> de la biodiversidad que queda en el mundo. A menudo preservadas a trav\u00e9s de pr\u00e1cticas tradicionales, estas \u00e1reas tienden a ser unas donde la naturaleza se degrada con menos rapidez, y ahora se las considera cruciales para combatir las crisis ambientales globales. Para preservar un planeta habitable y hacer realidad el derecho a un medio ambiente limpio, saludable y sostenible ser\u00e1 esencial prestar atenci\u00f3n a este conocimiento y ponerlo en pr\u00e1ctica, algo que fue <a href=\"https:\/\/franciscansinternational.org\/news\/news\/un-general-assembly-recognizes-the-human-right-to-a-healthy-environment\/?no_cache=1&amp;tx_news_pi1%5Bcontroller%5D=News&amp;tx_news_pi1%5Baction%5D=detail&amp;cHash=8766c3c1b0df1666182977e94bf0835f\" target=\"_blank\" rel=\"noreferrer noopener\">reconocido recientemente<\/a> por la Asamblea General de la ONU. De manera significativa, la resoluci\u00f3n tambi\u00e9n reconoce los desproporcionados impactos del da\u00f1o medioambiental sobre los pueblos ind\u00edgenas, entre otras comunidades.&nbsp;&nbsp;<\/p>\n\n\n\n<p>Al mismo tiempo, muchos territorios y tierras ind\u00edgenas de todo el mundo permanecen bajo amenaza, incluso de intereses y actividades empresariales. En lugares como Brasil, <a href=\"https:\/\/www.youtube.com\/watch?v=kUAFWEljML0&amp;list=PL8cGH3cdwP63oDQeHkt_kXvIJ3Ag8D8-r&amp;index=3\" target=\"_blank\" rel=\"noreferrer noopener\">Guatemala<\/a>, <a href=\"https:\/\/franciscansinternational.org\/news\/webinars\/unpfii20\/\" target=\"_blank\" rel=\"noreferrer noopener\">Indonesia<\/a> y <a href=\"https:\/\/www.youtube.com\/watch?v=kUAFWEljML0&amp;list=PL8cGH3cdwP63oDQeHkt_kXvIJ3Ag8D8-r&amp;index=3\" target=\"_blank\" rel=\"noreferrer noopener\">las Islas Salom\u00f3n<\/a>, la familia de franciscanos y franciscanas apoya a los pueblos y comunidades ind\u00edgenas que se oponen a las industrias extractivas, a los megaproyectos y a la agricultura en gran escala, desafiando amenazas y criminalizaci\u00f3n por ello. Sus experiencias y desaf\u00edos, as\u00ed como las lecciones aprendidas de estas luchas, son invaluables para las <a href=\"https:\/\/franciscansinternational.org\/news\/news\/un-member-states-must-not-walk-away-from-treaty-on-business-and-human-rights\/?no_cache=1&amp;tx_news_pi1%5Bcontroller%5D=News&amp;tx_news_pi1%5Baction%5D=detail&amp;cHash=4a9834715b78040bb8a11ff094700f02\" target=\"_blank\" rel=\"noreferrer noopener\">negociaciones en curso en la&nbsp; ONU<\/a> sobre reglas nuevas y vinculantes para evitar que las empresas da\u00f1en los derechos humanos y el medio ambiente. Estas reglas deben incluir el respeto al <a href=\"https:\/\/franciscansinternational.org\/fileadmin\/media\/2021\/Global\/Publications\/Factsheets\/Files\/ENG\/Informed_consent.pdf\" target=\"_blank\" rel=\"noreferrer noopener\">consentimiento libre, previo e informado<\/a> de los pueblos y comunidades ind\u00edgenas. De modo m\u00e1s general, tales reglas tambi\u00e9n mejorar\u00e1n el aspecto de responsabilidad con exigibilidad de rendici\u00f3n de cuentas y el acceso a la justicia cuando se haya producido un da\u00f1o.&nbsp;&nbsp;<\/p>\n\n\n\n<p>Si bien es clave esta participaci\u00f3n en los debates nacionales e internacionales de los pueblos ind\u00edgenas, reivindicar y defender los derechos humanos sigue siendo un trabajo peligroso. Esto es particularmente cierto para los defensores ind\u00edgenas de los derechos humanos y sus aliados, quienes han enfrentado amenazas e intimidaci\u00f3n en pa\u00edses a lo largo y ancho de todo el mundo. En su&nbsp; <a href=\"https:\/\/www.frontlinedefenders.org\/en\/resource-publication\/global-analysis-2021-0\" target=\"_blank\" rel=\"noreferrer noopener\">An\u00e1lisis<\/a> global 2021, la organizaci\u00f3n de derechos humanos Front Line Defenders informa que los defensores de los derechos humanos que trabajan en lo relacionado con el medio ambiente, la tierra, los megaproyectos y los derechos de los pueblos ind\u00edgenas muy a menudo suelen ser objeto de ataques debido a su trabajo.&nbsp;&nbsp;<\/p>\n\n\n\n<p>En su lucha por los derechos humanos, las hermanas y los hermanos franciscanos desde hace mucho tiempo se han posicionado al lado de las comunidades ind\u00edgenas. Como parte de este esfuerzo, Franciscans International ha ayudado a proporcionar una plataforma para las voces ind\u00edgenas en las Naciones Unidas tanto en Ginebra como en Nueva York. Nuestro trabajo tambi\u00e9n incluye el desarrollo de recursos, como nuestras <a href=\"https:\/\/franciscansinternational.org\/fr\/news\/launches\/factsheets\/\" target=\"_blank\" rel=\"noreferrer noopener\">hojas informativas sobre el Covid-19 y los pueblos ind\u00edgenas<\/a>, que empoderan a los defensores ind\u00edgenas de derechos humanos en todos los niveles para interactuar m\u00e1s eficazmente con la ONU.&nbsp;&nbsp;<\/p>\n\n\n\n<p>En el D\u00eda Internacional de los Pueblos Ind\u00edgenas del Mundo, hacemos un llamado a la comunidad internacional a no solamente abordar los muchos problemas de derechos humanos que a\u00fan enfrentan los pueblos y comunidades ind\u00edgenas en todo el mundo, sino tambi\u00e9n a darles la bienvenida como agentes invaluables para resolver las muchas y urgentes crisis que enfrentamos hoy.\u00a0<\/p>\n\n\n\n<blockquote class=\"wp-block-quote is-layout-flow wp-block-quote-is-layout-flow\">\n<p class=\"has-small-font-size\">Se trata de una traducci\u00f3n autom\u00e1tica. Rogamos disculpen los errores que puedan haberse producido. En caso de divergencia, la versi\u00f3n inglesa es la autorizada.<\/p>\n<\/blockquote>\n","protected":false},"excerpt":{"rendered":"<p>La historia de los pueblos ind\u00edgenas es una historia estropeada y arruinada por el colonialismo, por la asimilaci\u00f3n forzosa y &#8230; <\/p>\n","protected":false},"author":3,"featured_media":266,"comment_status":"open","ping_status":"closed","sticky":false,"template":"","format":"standard","meta":{"_relevanssi_hide_post":"","_relevanssi_hide_content":"","_relevanssi_pin_for_all":"","_relevanssi_pin_keywords":"","_relevanssi_unpin_keywords":"","_relevanssi_related_keywords":"","_relevanssi_related_include_ids":"","_relevanssi_related_exclude_ids":"","_relevanssi_related_no_append":"","_relevanssi_related_not_related":"","_relevanssi_related_posts":"248,121,256,213,209,192","_relevanssi_noindex_reason":"","_jetpack_memberships_contains_paid_content":false,"footnotes":""},"categories":[1],"tags":[9,8,5,7,6],"class_list":["post-265","post","type-post","status-publish","format-standard","has-post-thumbnail","hentry","category-noticias","tag-dignidad-de-toda-persona","tag-justicia-ambiental","tag-programa-africa","tag-programa-asia-pacifico","tag-programa-para-las-americas"],"acf":[],"yoast_head":"<!-- This site is optimized with the Yoast SEO plugin v27.5 - https:\/\/yoast.com\/product\/yoast-seo-wordpress\/ -->\n<title>Hacer que las voces ind\u00edgenas sean escuchadas en todos los espacios de la ONU - Franciscans International (ES)<\/title>\n<meta name=\"robots\" content=\"index, follow, max-snippet:-1, max-image-preview:large, max-video-preview:-1\" \/>\n<link rel=\"canonical\" href=\"https:\/\/franciscansinternational.org\/es\/hacer-que-las-voces-indigenas-sean-escuchadas-en-todos-los-espacios-de-la-onu\/\" \/>\n<meta property=\"og:locale\" content=\"es_ES\" \/>\n<meta property=\"og:type\" content=\"article\" \/>\n<meta property=\"og:title\" content=\"Hacer que las voces ind\u00edgenas sean escuchadas en todos los espacios de la ONU - Franciscans International (ES)\" \/>\n<meta property=\"og:description\" content=\"La historia de los pueblos ind\u00edgenas es una historia estropeada y arruinada por el colonialismo, por la asimilaci\u00f3n forzosa y ...\" \/>\n<meta property=\"og:url\" content=\"https:\/\/franciscansinternational.org\/es\/hacer-que-las-voces-indigenas-sean-escuchadas-en-todos-los-espacios-de-la-onu\/\" \/>\n<meta property=\"og:site_name\" content=\"Franciscans International (ES)\" \/>\n<meta property=\"article:publisher\" content=\"https:\/\/www.facebook.com\/FranciscansInternational\/\" \/>\n<meta property=\"article:published_time\" content=\"2022-08-09T10:46:00+00:00\" \/>\n<meta property=\"article:modified_time\" content=\"2023-05-11T08:38:19+00:00\" \/>\n<meta property=\"og:image\" content=\"https:\/\/franciscansinternational.org\/es\/wp-content\/uploads\/sites\/3\/2023\/03\/csm_IPDay2022_thumb_7cbf7eff6c.jpg\" \/>\n\t<meta property=\"og:image:width\" content=\"1680\" \/>\n\t<meta property=\"og:image:height\" content=\"1261\" \/>\n\t<meta property=\"og:image:type\" content=\"image\/jpeg\" \/>\n<meta name=\"author\" content=\"communications\" \/>\n<meta name=\"twitter:card\" content=\"summary_large_image\" \/>\n<meta name=\"twitter:creator\" content=\"@FranciscansIntl\" \/>\n<meta name=\"twitter:site\" content=\"@FranciscansIntl\" \/>\n<meta name=\"twitter:label1\" content=\"Escrito por\" \/>\n\t<meta name=\"twitter:data1\" content=\"communications\" \/>\n\t<meta name=\"twitter:label2\" content=\"Tiempo de lectura\" \/>\n\t<meta name=\"twitter:data2\" content=\"4 minutos\" \/>\n<script type=\"application\/ld+json\" class=\"yoast-schema-graph\">{\"@context\":\"https:\\\/\\\/schema.org\",\"@graph\":[{\"@type\":\"Article\",\"@id\":\"https:\\\/\\\/franciscansinternational.org\\\/es\\\/hacer-que-las-voces-indigenas-sean-escuchadas-en-todos-los-espacios-de-la-onu\\\/#article\",\"isPartOf\":{\"@id\":\"https:\\\/\\\/franciscansinternational.org\\\/es\\\/hacer-que-las-voces-indigenas-sean-escuchadas-en-todos-los-espacios-de-la-onu\\\/\"},\"author\":{\"name\":\"communications\",\"@id\":\"https:\\\/\\\/franciscansinternational.org\\\/es\\\/#\\\/schema\\\/person\\\/f398f02712a9dcab7603295bc1ea94e4\"},\"headline\":\"Hacer que las voces ind\u00edgenas sean escuchadas en todos los espacios de la ONU\",\"datePublished\":\"2022-08-09T10:46:00+00:00\",\"dateModified\":\"2023-05-11T08:38:19+00:00\",\"mainEntityOfPage\":{\"@id\":\"https:\\\/\\\/franciscansinternational.org\\\/es\\\/hacer-que-las-voces-indigenas-sean-escuchadas-en-todos-los-espacios-de-la-onu\\\/\"},\"wordCount\":878,\"commentCount\":0,\"publisher\":{\"@id\":\"https:\\\/\\\/franciscansinternational.org\\\/es\\\/#organization\"},\"image\":{\"@id\":\"https:\\\/\\\/franciscansinternational.org\\\/es\\\/hacer-que-las-voces-indigenas-sean-escuchadas-en-todos-los-espacios-de-la-onu\\\/#primaryimage\"},\"thumbnailUrl\":\"https:\\\/\\\/franciscansinternational.org\\\/es\\\/wp-content\\\/uploads\\\/sites\\\/3\\\/2023\\\/03\\\/csm_IPDay2022_thumb_7cbf7eff6c.jpg\",\"keywords\":[\"Dignidad de toda persona\",\"Justicia ambiental\",\"Programa \u00c1frica\",\"Programa Asia-Pac\u00edfico\",\"Programa para las Am\u00e9ricas\"],\"articleSection\":[\"Noticias\"],\"inLanguage\":\"es\",\"potentialAction\":[{\"@type\":\"CommentAction\",\"name\":\"Comment\",\"target\":[\"https:\\\/\\\/franciscansinternational.org\\\/es\\\/hacer-que-las-voces-indigenas-sean-escuchadas-en-todos-los-espacios-de-la-onu\\\/#respond\"]}]},{\"@type\":\"WebPage\",\"@id\":\"https:\\\/\\\/franciscansinternational.org\\\/es\\\/hacer-que-las-voces-indigenas-sean-escuchadas-en-todos-los-espacios-de-la-onu\\\/\",\"url\":\"https:\\\/\\\/franciscansinternational.org\\\/es\\\/hacer-que-las-voces-indigenas-sean-escuchadas-en-todos-los-espacios-de-la-onu\\\/\",\"name\":\"Hacer que las voces ind\u00edgenas sean escuchadas en todos los espacios de la ONU - Franciscans International (ES)\",\"isPartOf\":{\"@id\":\"https:\\\/\\\/franciscansinternational.org\\\/es\\\/#website\"},\"primaryImageOfPage\":{\"@id\":\"https:\\\/\\\/franciscansinternational.org\\\/es\\\/hacer-que-las-voces-indigenas-sean-escuchadas-en-todos-los-espacios-de-la-onu\\\/#primaryimage\"},\"image\":{\"@id\":\"https:\\\/\\\/franciscansinternational.org\\\/es\\\/hacer-que-las-voces-indigenas-sean-escuchadas-en-todos-los-espacios-de-la-onu\\\/#primaryimage\"},\"thumbnailUrl\":\"https:\\\/\\\/franciscansinternational.org\\\/es\\\/wp-content\\\/uploads\\\/sites\\\/3\\\/2023\\\/03\\\/csm_IPDay2022_thumb_7cbf7eff6c.jpg\",\"datePublished\":\"2022-08-09T10:46:00+00:00\",\"dateModified\":\"2023-05-11T08:38:19+00:00\",\"breadcrumb\":{\"@id\":\"https:\\\/\\\/franciscansinternational.org\\\/es\\\/hacer-que-las-voces-indigenas-sean-escuchadas-en-todos-los-espacios-de-la-onu\\\/#breadcrumb\"},\"inLanguage\":\"es\",\"potentialAction\":[{\"@type\":\"ReadAction\",\"target\":[\"https:\\\/\\\/franciscansinternational.org\\\/es\\\/hacer-que-las-voces-indigenas-sean-escuchadas-en-todos-los-espacios-de-la-onu\\\/\"]}]},{\"@type\":\"ImageObject\",\"inLanguage\":\"es\",\"@id\":\"https:\\\/\\\/franciscansinternational.org\\\/es\\\/hacer-que-las-voces-indigenas-sean-escuchadas-en-todos-los-espacios-de-la-onu\\\/#primaryimage\",\"url\":\"https:\\\/\\\/franciscansinternational.org\\\/es\\\/wp-content\\\/uploads\\\/sites\\\/3\\\/2023\\\/03\\\/csm_IPDay2022_thumb_7cbf7eff6c.jpg\",\"contentUrl\":\"https:\\\/\\\/franciscansinternational.org\\\/es\\\/wp-content\\\/uploads\\\/sites\\\/3\\\/2023\\\/03\\\/csm_IPDay2022_thumb_7cbf7eff6c.jpg\",\"width\":1680,\"height\":1261},{\"@type\":\"BreadcrumbList\",\"@id\":\"https:\\\/\\\/franciscansinternational.org\\\/es\\\/hacer-que-las-voces-indigenas-sean-escuchadas-en-todos-los-espacios-de-la-onu\\\/#breadcrumb\",\"itemListElement\":[{\"@type\":\"ListItem\",\"position\":1,\"name\":\"Home\",\"item\":\"https:\\\/\\\/franciscansinternational.org\\\/es\\\/\"},{\"@type\":\"ListItem\",\"position\":2,\"name\":\"Hacer que las voces ind\u00edgenas sean escuchadas en todos los espacios de la ONU\"}]},{\"@type\":\"WebSite\",\"@id\":\"https:\\\/\\\/franciscansinternational.org\\\/es\\\/#website\",\"url\":\"https:\\\/\\\/franciscansinternational.org\\\/es\\\/\",\"name\":\"Franciscans International (ES)\",\"description\":\"Just another Franciscans International site\",\"publisher\":{\"@id\":\"https:\\\/\\\/franciscansinternational.org\\\/es\\\/#organization\"},\"potentialAction\":[{\"@type\":\"SearchAction\",\"target\":{\"@type\":\"EntryPoint\",\"urlTemplate\":\"https:\\\/\\\/franciscansinternational.org\\\/es\\\/?s={search_term_string}\"},\"query-input\":{\"@type\":\"PropertyValueSpecification\",\"valueRequired\":true,\"valueName\":\"search_term_string\"}}],\"inLanguage\":\"es\"},{\"@type\":\"Organization\",\"@id\":\"https:\\\/\\\/franciscansinternational.org\\\/es\\\/#organization\",\"name\":\"Franciscans International (ES)\",\"url\":\"https:\\\/\\\/franciscansinternational.org\\\/es\\\/\",\"logo\":{\"@type\":\"ImageObject\",\"inLanguage\":\"es\",\"@id\":\"https:\\\/\\\/franciscansinternational.org\\\/es\\\/#\\\/schema\\\/logo\\\/image\\\/\",\"url\":\"https:\\\/\\\/franciscansinternational.org\\\/wp-content\\\/uploads\\\/sites\\\/3\\\/2023\\\/05\\\/logo-3.png\",\"contentUrl\":\"https:\\\/\\\/franciscansinternational.org\\\/wp-content\\\/uploads\\\/sites\\\/3\\\/2023\\\/05\\\/logo-3.png\",\"width\":1200,\"height\":205,\"caption\":\"Franciscans International (ES)\"},\"image\":{\"@id\":\"https:\\\/\\\/franciscansinternational.org\\\/es\\\/#\\\/schema\\\/logo\\\/image\\\/\"},\"sameAs\":[\"https:\\\/\\\/www.facebook.com\\\/FranciscansInternational\\\/\",\"https:\\\/\\\/x.com\\\/FranciscansIntl\",\"https:\\\/\\\/www.youtube.com\\\/channel\\\/UCexu0i-fWB4wwrlPMCz8_Zg\"]},{\"@type\":\"Person\",\"@id\":\"https:\\\/\\\/franciscansinternational.org\\\/es\\\/#\\\/schema\\\/person\\\/f398f02712a9dcab7603295bc1ea94e4\",\"name\":\"communications\",\"image\":{\"@type\":\"ImageObject\",\"inLanguage\":\"es\",\"@id\":\"https:\\\/\\\/secure.gravatar.com\\\/avatar\\\/0b4a62226a9b4f7ce621ec49ca40be1e77d886a42ca84b8a0b0697e9ec17dd63?s=96&d=mm&r=g\",\"url\":\"https:\\\/\\\/secure.gravatar.com\\\/avatar\\\/0b4a62226a9b4f7ce621ec49ca40be1e77d886a42ca84b8a0b0697e9ec17dd63?s=96&d=mm&r=g\",\"contentUrl\":\"https:\\\/\\\/secure.gravatar.com\\\/avatar\\\/0b4a62226a9b4f7ce621ec49ca40be1e77d886a42ca84b8a0b0697e9ec17dd63?s=96&d=mm&r=g\",\"caption\":\"communications\"},\"url\":\"https:\\\/\\\/franciscansinternational.org\\\/es\\\/author\\\/communications\\\/\"}]}<\/script>\n<!-- \/ Yoast SEO plugin. -->","yoast_head_json":{"title":"Hacer que las voces ind\u00edgenas sean escuchadas en todos los espacios de la ONU - Franciscans International (ES)","robots":{"index":"index","follow":"follow","max-snippet":"max-snippet:-1","max-image-preview":"max-image-preview:large","max-video-preview":"max-video-preview:-1"},"canonical":"https:\/\/franciscansinternational.org\/es\/hacer-que-las-voces-indigenas-sean-escuchadas-en-todos-los-espacios-de-la-onu\/","og_locale":"es_ES","og_type":"article","og_title":"Hacer que las voces ind\u00edgenas sean escuchadas en todos los espacios de la ONU - Franciscans International (ES)","og_description":"La historia de los pueblos ind\u00edgenas es una historia estropeada y arruinada por el colonialismo, por la asimilaci\u00f3n forzosa y ...","og_url":"https:\/\/franciscansinternational.org\/es\/hacer-que-las-voces-indigenas-sean-escuchadas-en-todos-los-espacios-de-la-onu\/","og_site_name":"Franciscans International (ES)","article_publisher":"https:\/\/www.facebook.com\/FranciscansInternational\/","article_published_time":"2022-08-09T10:46:00+00:00","article_modified_time":"2023-05-11T08:38:19+00:00","og_image":[{"width":1680,"height":1261,"url":"https:\/\/franciscansinternational.org\/es\/wp-content\/uploads\/sites\/3\/2023\/03\/csm_IPDay2022_thumb_7cbf7eff6c.jpg","type":"image\/jpeg"}],"author":"communications","twitter_card":"summary_large_image","twitter_creator":"@FranciscansIntl","twitter_site":"@FranciscansIntl","twitter_misc":{"Escrito por":"communications","Tiempo de lectura":"4 minutos"},"schema":{"@context":"https:\/\/schema.org","@graph":[{"@type":"Article","@id":"https:\/\/franciscansinternational.org\/es\/hacer-que-las-voces-indigenas-sean-escuchadas-en-todos-los-espacios-de-la-onu\/#article","isPartOf":{"@id":"https:\/\/franciscansinternational.org\/es\/hacer-que-las-voces-indigenas-sean-escuchadas-en-todos-los-espacios-de-la-onu\/"},"author":{"name":"communications","@id":"https:\/\/franciscansinternational.org\/es\/#\/schema\/person\/f398f02712a9dcab7603295bc1ea94e4"},"headline":"Hacer que las voces ind\u00edgenas sean escuchadas en todos los espacios de la ONU","datePublished":"2022-08-09T10:46:00+00:00","dateModified":"2023-05-11T08:38:19+00:00","mainEntityOfPage":{"@id":"https:\/\/franciscansinternational.org\/es\/hacer-que-las-voces-indigenas-sean-escuchadas-en-todos-los-espacios-de-la-onu\/"},"wordCount":878,"commentCount":0,"publisher":{"@id":"https:\/\/franciscansinternational.org\/es\/#organization"},"image":{"@id":"https:\/\/franciscansinternational.org\/es\/hacer-que-las-voces-indigenas-sean-escuchadas-en-todos-los-espacios-de-la-onu\/#primaryimage"},"thumbnailUrl":"https:\/\/franciscansinternational.org\/es\/wp-content\/uploads\/sites\/3\/2023\/03\/csm_IPDay2022_thumb_7cbf7eff6c.jpg","keywords":["Dignidad de toda persona","Justicia ambiental","Programa \u00c1frica","Programa Asia-Pac\u00edfico","Programa para las Am\u00e9ricas"],"articleSection":["Noticias"],"inLanguage":"es","potentialAction":[{"@type":"CommentAction","name":"Comment","target":["https:\/\/franciscansinternational.org\/es\/hacer-que-las-voces-indigenas-sean-escuchadas-en-todos-los-espacios-de-la-onu\/#respond"]}]},{"@type":"WebPage","@id":"https:\/\/franciscansinternational.org\/es\/hacer-que-las-voces-indigenas-sean-escuchadas-en-todos-los-espacios-de-la-onu\/","url":"https:\/\/franciscansinternational.org\/es\/hacer-que-las-voces-indigenas-sean-escuchadas-en-todos-los-espacios-de-la-onu\/","name":"Hacer que las voces ind\u00edgenas sean escuchadas en todos los espacios de la ONU - Franciscans International (ES)","isPartOf":{"@id":"https:\/\/franciscansinternational.org\/es\/#website"},"primaryImageOfPage":{"@id":"https:\/\/franciscansinternational.org\/es\/hacer-que-las-voces-indigenas-sean-escuchadas-en-todos-los-espacios-de-la-onu\/#primaryimage"},"image":{"@id":"https:\/\/franciscansinternational.org\/es\/hacer-que-las-voces-indigenas-sean-escuchadas-en-todos-los-espacios-de-la-onu\/#primaryimage"},"thumbnailUrl":"https:\/\/franciscansinternational.org\/es\/wp-content\/uploads\/sites\/3\/2023\/03\/csm_IPDay2022_thumb_7cbf7eff6c.jpg","datePublished":"2022-08-09T10:46:00+00:00","dateModified":"2023-05-11T08:38:19+00:00","breadcrumb":{"@id":"https:\/\/franciscansinternational.org\/es\/hacer-que-las-voces-indigenas-sean-escuchadas-en-todos-los-espacios-de-la-onu\/#breadcrumb"},"inLanguage":"es","potentialAction":[{"@type":"ReadAction","target":["https:\/\/franciscansinternational.org\/es\/hacer-que-las-voces-indigenas-sean-escuchadas-en-todos-los-espacios-de-la-onu\/"]}]},{"@type":"ImageObject","inLanguage":"es","@id":"https:\/\/franciscansinternational.org\/es\/hacer-que-las-voces-indigenas-sean-escuchadas-en-todos-los-espacios-de-la-onu\/#primaryimage","url":"https:\/\/franciscansinternational.org\/es\/wp-content\/uploads\/sites\/3\/2023\/03\/csm_IPDay2022_thumb_7cbf7eff6c.jpg","contentUrl":"https:\/\/franciscansinternational.org\/es\/wp-content\/uploads\/sites\/3\/2023\/03\/csm_IPDay2022_thumb_7cbf7eff6c.jpg","width":1680,"height":1261},{"@type":"BreadcrumbList","@id":"https:\/\/franciscansinternational.org\/es\/hacer-que-las-voces-indigenas-sean-escuchadas-en-todos-los-espacios-de-la-onu\/#breadcrumb","itemListElement":[{"@type":"ListItem","position":1,"name":"Home","item":"https:\/\/franciscansinternational.org\/es\/"},{"@type":"ListItem","position":2,"name":"Hacer que las voces ind\u00edgenas sean escuchadas en todos los espacios de la ONU"}]},{"@type":"WebSite","@id":"https:\/\/franciscansinternational.org\/es\/#website","url":"https:\/\/franciscansinternational.org\/es\/","name":"Franciscans International (ES)","description":"Just another Franciscans International site","publisher":{"@id":"https:\/\/franciscansinternational.org\/es\/#organization"},"potentialAction":[{"@type":"SearchAction","target":{"@type":"EntryPoint","urlTemplate":"https:\/\/franciscansinternational.org\/es\/?s={search_term_string}"},"query-input":{"@type":"PropertyValueSpecification","valueRequired":true,"valueName":"search_term_string"}}],"inLanguage":"es"},{"@type":"Organization","@id":"https:\/\/franciscansinternational.org\/es\/#organization","name":"Franciscans International (ES)","url":"https:\/\/franciscansinternational.org\/es\/","logo":{"@type":"ImageObject","inLanguage":"es","@id":"https:\/\/franciscansinternational.org\/es\/#\/schema\/logo\/image\/","url":"https:\/\/franciscansinternational.org\/wp-content\/uploads\/sites\/3\/2023\/05\/logo-3.png","contentUrl":"https:\/\/franciscansinternational.org\/wp-content\/uploads\/sites\/3\/2023\/05\/logo-3.png","width":1200,"height":205,"caption":"Franciscans International (ES)"},"image":{"@id":"https:\/\/franciscansinternational.org\/es\/#\/schema\/logo\/image\/"},"sameAs":["https:\/\/www.facebook.com\/FranciscansInternational\/","https:\/\/x.com\/FranciscansIntl","https:\/\/www.youtube.com\/channel\/UCexu0i-fWB4wwrlPMCz8_Zg"]},{"@type":"Person","@id":"https:\/\/franciscansinternational.org\/es\/#\/schema\/person\/f398f02712a9dcab7603295bc1ea94e4","name":"communications","image":{"@type":"ImageObject","inLanguage":"es","@id":"https:\/\/secure.gravatar.com\/avatar\/0b4a62226a9b4f7ce621ec49ca40be1e77d886a42ca84b8a0b0697e9ec17dd63?s=96&d=mm&r=g","url":"https:\/\/secure.gravatar.com\/avatar\/0b4a62226a9b4f7ce621ec49ca40be1e77d886a42ca84b8a0b0697e9ec17dd63?s=96&d=mm&r=g","contentUrl":"https:\/\/secure.gravatar.com\/avatar\/0b4a62226a9b4f7ce621ec49ca40be1e77d886a42ca84b8a0b0697e9ec17dd63?s=96&d=mm&r=g","caption":"communications"},"url":"https:\/\/franciscansinternational.org\/es\/author\/communications\/"}]}},"jetpack_featured_media_url":"https:\/\/franciscansinternational.org\/es\/wp-content\/uploads\/sites\/3\/2023\/03\/csm_IPDay2022_thumb_7cbf7eff6c.jpg","jetpack_sharing_enabled":true,"_links":{"self":[{"href":"https:\/\/franciscansinternational.org\/es\/wp-json\/wp\/v2\/posts\/265","targetHints":{"allow":["GET"]}}],"collection":[{"href":"https:\/\/franciscansinternational.org\/es\/wp-json\/wp\/v2\/posts"}],"about":[{"href":"https:\/\/franciscansinternational.org\/es\/wp-json\/wp\/v2\/types\/post"}],"author":[{"embeddable":true,"href":"https:\/\/franciscansinternational.org\/es\/wp-json\/wp\/v2\/users\/3"}],"replies":[{"embeddable":true,"href":"https:\/\/franciscansinternational.org\/es\/wp-json\/wp\/v2\/comments?post=265"}],"version-history":[{"count":5,"href":"https:\/\/franciscansinternational.org\/es\/wp-json\/wp\/v2\/posts\/265\/revisions"}],"predecessor-version":[{"id":354,"href":"https:\/\/franciscansinternational.org\/es\/wp-json\/wp\/v2\/posts\/265\/revisions\/354"}],"wp:featuredmedia":[{"embeddable":true,"href":"https:\/\/franciscansinternational.org\/es\/wp-json\/wp\/v2\/media\/266"}],"wp:attachment":[{"href":"https:\/\/franciscansinternational.org\/es\/wp-json\/wp\/v2\/media?parent=265"}],"wp:term":[{"taxonomy":"category","embeddable":true,"href":"https:\/\/franciscansinternational.org\/es\/wp-json\/wp\/v2\/categories?post=265"},{"taxonomy":"post_tag","embeddable":true,"href":"https:\/\/franciscansinternational.org\/es\/wp-json\/wp\/v2\/tags?post=265"}],"curies":[{"name":"wp","href":"https:\/\/api.w.org\/{rel}","templated":true}]}}