{"id":313,"date":"2022-06-01T08:13:00","date_gmt":"2022-06-01T08:13:00","guid":{"rendered":"https:\/\/franciscansinternational.kinsta.cloud\/es\/?p=313"},"modified":"2023-05-11T08:38:35","modified_gmt":"2023-05-11T08:38:35","slug":"los-franciscanos-siguen-pidiendo-responsabilidades-en-filipinas","status":"publish","type":"post","link":"https:\/\/franciscansinternational.org\/es\/los-franciscanos-siguen-pidiendo-responsabilidades-en-filipinas\/","title":{"rendered":"Los franciscanos siguen pidiendo responsabilidades en Filipinas"},"content":{"rendered":"\n<p>Con la elecci\u00f3n del presidente Marcos en mayo de 2022, Filipinas ha entrado en un nuevo cap\u00edtulo de su turbulenta historia de derechos humanos. La nueva administraci\u00f3n asumi\u00f3 el cargo tras una controvertida campa\u00f1a empa\u00f1ada por acusaciones de desinformaci\u00f3n generalizada y tendr\u00e1 que decidir c\u00f3mo aborda el legado de la llamada \u00abguerra contra las drogas\u00bb del presidente Duterte, en la que decenas de miles de filipinos se convirtieron en v\u00edctimas de asesinatos extrajudiciales.<\/p>\n\n\n\n<p>\u00abTemo que este resultado electoral signifique una continuaci\u00f3n de las guerras que inici\u00f3 la administraci\u00f3n Duterte: la guerra contra las drogas, la guerra contra los marginados, la guerra contra la lucha Covid-19\u00bb, afirma el Hermano \u00c1ngel Cortez OFM, que visit\u00f3 Ginebra durante la 50\u00aa sesi\u00f3n del Consejo de Derechos Humanos. \u00abPone a las familias de las v\u00edctimas en un vac\u00edo y ser\u00e1 un recordatorio constante del dolor de perder a alguien\u00bb.<\/p>\n\n\n\n<p>Como parte de una alianza de la sociedad civil que incluye redes basadas en la fe, los franciscanos han estado abogando por la rendici\u00f3n de cuentas por las violaciones cometidas bajo la administraci\u00f3n de Duterte. En el pasado, el Hermano \u00c1ngel se dirigi\u00f3 en repetidas ocasiones al Consejo de Derechos Humanos de la ONU y a diplom\u00e1ticos en Ginebra, proporcionando actualizaciones desde el terreno y compartiendo los testimonios de las v\u00edctimas.<\/p>\n\n\n\n<p>Estos <a href=\"https:\/\/franciscansinternational.kinsta.cloud\/blog\/the-philippines-four-years-into-a-human-rights-crisis\/\">esfuerzos<\/a> contribuyeron a una investigaci\u00f3n publicada por la Oficina del Alto Comisionado para los Derechos Humanos en 2020, que aporta pruebas de graves violaciones de los derechos humanos, como homicidios, detenciones arbitrarias y difamaci\u00f3n de la disidencia. El informe tambi\u00e9n se\u00f1alaba la persistencia de la impunidad y de formidables obst\u00e1culos para que las v\u00edctimas accedan a la justicia.<\/p>\n\n\n\n<p>\u00abTodav\u00eda estamos en un proceso de duelo, pero tambi\u00e9n tenemos que empezar a trabajar de nuevo con el pueblo de Filipinas\u00bb, afirma el Hermano \u00c1ngel. \u00abSeguiremos pidiendo una investigaci\u00f3n independiente e internacional. Tambi\u00e9n pedimos puntos de referencia en materia de derechos humanos basados en el informe del Alto Comisionado, porque en realidad la situaci\u00f3n ha empeorado, en lugar de mejorar.\u00bb<\/p>\n\n\n\n<p>La situaci\u00f3n de los derechos humanos en Filipinas sigue siendo precaria, especialmente para los defensores de los derechos humanos cr\u00edticos con el gobierno. Con barreras internas para obtener justicia que son casi insuperables, los franciscanos seguir\u00e1n planteando esta situaci\u00f3n en las Naciones Unidas y abogando por una investigaci\u00f3n internacional que aborde las violaciones del pasado y ponga fin a la impunidad reinante en el pa\u00eds.<\/p>\n\n\n\n<blockquote class=\"wp-block-quote is-layout-flow wp-block-quote-is-layout-flow\">\n<p class=\"has-small-font-size\">Se trata de una traducci\u00f3n autom\u00e1tica. Rogamos disculpen los errores que puedan haberse producido. En caso de divergencia, la versi\u00f3n inglesa es la autorizada.<\/p>\n<\/blockquote>\n","protected":false},"excerpt":{"rendered":"<p>Con la elecci\u00f3n del presidente Marcos en mayo de 2022, Filipinas ha entrado en un nuevo cap\u00edtulo de su turbulenta &#8230; <\/p>\n","protected":false},"author":3,"featured_media":314,"comment_status":"open","ping_status":"closed","sticky":false,"template":"","format":"standard","meta":{"_relevanssi_hide_post":"","_relevanssi_hide_content":"","_relevanssi_pin_for_all":"","_relevanssi_pin_keywords":"","_relevanssi_unpin_keywords":"","_relevanssi_related_keywords":"","_relevanssi_related_include_ids":"","_relevanssi_related_exclude_ids":"","_relevanssi_related_no_append":"","_relevanssi_related_not_related":"","_relevanssi_related_posts":"197,241,192,280,265,256","_relevanssi_noindex_reason":"","_jetpack_memberships_contains_paid_content":false,"footnotes":""},"categories":[32,1],"tags":[9,12,7],"class_list":["post-313","post","type-post","status-publish","format-standard","has-post-thumbnail","hentry","category-franciscanos-en-la-onu","category-noticias","tag-dignidad-de-toda-persona","tag-paz-y-derechos-humanos","tag-programa-asia-pacifico"],"acf":[],"yoast_head":"<!-- This site is optimized with the Yoast SEO plugin v27.4 - https:\/\/yoast.com\/product\/yoast-seo-wordpress\/ -->\n<title>Los franciscanos siguen pidiendo responsabilidades en Filipinas - Franciscans International (ES)<\/title>\n<meta name=\"robots\" content=\"index, follow, max-snippet:-1, max-image-preview:large, max-video-preview:-1\" \/>\n<link rel=\"canonical\" href=\"https:\/\/franciscansinternational.org\/es\/los-franciscanos-siguen-pidiendo-responsabilidades-en-filipinas\/\" \/>\n<meta property=\"og:locale\" content=\"es_ES\" \/>\n<meta property=\"og:type\" content=\"article\" \/>\n<meta property=\"og:title\" content=\"Los franciscanos siguen pidiendo responsabilidades en Filipinas - Franciscans International (ES)\" \/>\n<meta property=\"og:description\" content=\"Con la elecci\u00f3n del presidente Marcos en mayo de 2022, Filipinas ha entrado en un nuevo cap\u00edtulo de su turbulenta ...\" \/>\n<meta property=\"og:url\" content=\"https:\/\/franciscansinternational.org\/es\/los-franciscanos-siguen-pidiendo-responsabilidades-en-filipinas\/\" \/>\n<meta property=\"og:site_name\" content=\"Franciscans International (ES)\" \/>\n<meta property=\"article:publisher\" content=\"https:\/\/www.facebook.com\/FranciscansInternational\/\" \/>\n<meta property=\"article:published_time\" content=\"2022-06-01T08:13:00+00:00\" \/>\n<meta property=\"article:modified_time\" content=\"2023-05-11T08:38:35+00:00\" \/>\n<meta property=\"og:image\" content=\"https:\/\/franciscansinternational.org\/es\/wp-content\/uploads\/sites\/3\/2023\/05\/Philippines_continued.jpg\" \/>\n\t<meta property=\"og:image:width\" content=\"1680\" \/>\n\t<meta property=\"og:image:height\" content=\"1120\" \/>\n\t<meta property=\"og:image:type\" content=\"image\/jpeg\" \/>\n<meta name=\"author\" content=\"communications\" \/>\n<meta name=\"twitter:card\" content=\"summary_large_image\" \/>\n<meta name=\"twitter:creator\" content=\"@FranciscansIntl\" \/>\n<meta name=\"twitter:site\" content=\"@FranciscansIntl\" \/>\n<meta name=\"twitter:label1\" content=\"Escrito por\" \/>\n\t<meta name=\"twitter:data1\" content=\"communications\" \/>\n\t<meta name=\"twitter:label2\" content=\"Tiempo de lectura\" \/>\n\t<meta name=\"twitter:data2\" content=\"2 minutos\" \/>\n<script type=\"application\/ld+json\" class=\"yoast-schema-graph\">{\"@context\":\"https:\\\/\\\/schema.org\",\"@graph\":[{\"@type\":\"Article\",\"@id\":\"https:\\\/\\\/franciscansinternational.org\\\/es\\\/los-franciscanos-siguen-pidiendo-responsabilidades-en-filipinas\\\/#article\",\"isPartOf\":{\"@id\":\"https:\\\/\\\/franciscansinternational.org\\\/es\\\/los-franciscanos-siguen-pidiendo-responsabilidades-en-filipinas\\\/\"},\"author\":{\"name\":\"communications\",\"@id\":\"https:\\\/\\\/franciscansinternational.org\\\/es\\\/#\\\/schema\\\/person\\\/f398f02712a9dcab7603295bc1ea94e4\"},\"headline\":\"Los franciscanos siguen pidiendo responsabilidades en Filipinas\",\"datePublished\":\"2022-06-01T08:13:00+00:00\",\"dateModified\":\"2023-05-11T08:38:35+00:00\",\"mainEntityOfPage\":{\"@id\":\"https:\\\/\\\/franciscansinternational.org\\\/es\\\/los-franciscanos-siguen-pidiendo-responsabilidades-en-filipinas\\\/\"},\"wordCount\":464,\"commentCount\":0,\"publisher\":{\"@id\":\"https:\\\/\\\/franciscansinternational.org\\\/es\\\/#organization\"},\"image\":{\"@id\":\"https:\\\/\\\/franciscansinternational.org\\\/es\\\/los-franciscanos-siguen-pidiendo-responsabilidades-en-filipinas\\\/#primaryimage\"},\"thumbnailUrl\":\"https:\\\/\\\/franciscansinternational.org\\\/es\\\/wp-content\\\/uploads\\\/sites\\\/3\\\/2023\\\/05\\\/Philippines_continued.jpg\",\"keywords\":[\"Dignidad de toda persona\",\"Paz y derechos humanos\",\"Programa Asia-Pac\u00edfico\"],\"articleSection\":[\"Franciscanos en la ONU\",\"Noticias\"],\"inLanguage\":\"es\",\"potentialAction\":[{\"@type\":\"CommentAction\",\"name\":\"Comment\",\"target\":[\"https:\\\/\\\/franciscansinternational.org\\\/es\\\/los-franciscanos-siguen-pidiendo-responsabilidades-en-filipinas\\\/#respond\"]}]},{\"@type\":\"WebPage\",\"@id\":\"https:\\\/\\\/franciscansinternational.org\\\/es\\\/los-franciscanos-siguen-pidiendo-responsabilidades-en-filipinas\\\/\",\"url\":\"https:\\\/\\\/franciscansinternational.org\\\/es\\\/los-franciscanos-siguen-pidiendo-responsabilidades-en-filipinas\\\/\",\"name\":\"Los franciscanos siguen pidiendo responsabilidades en Filipinas - Franciscans International (ES)\",\"isPartOf\":{\"@id\":\"https:\\\/\\\/franciscansinternational.org\\\/es\\\/#website\"},\"primaryImageOfPage\":{\"@id\":\"https:\\\/\\\/franciscansinternational.org\\\/es\\\/los-franciscanos-siguen-pidiendo-responsabilidades-en-filipinas\\\/#primaryimage\"},\"image\":{\"@id\":\"https:\\\/\\\/franciscansinternational.org\\\/es\\\/los-franciscanos-siguen-pidiendo-responsabilidades-en-filipinas\\\/#primaryimage\"},\"thumbnailUrl\":\"https:\\\/\\\/franciscansinternational.org\\\/es\\\/wp-content\\\/uploads\\\/sites\\\/3\\\/2023\\\/05\\\/Philippines_continued.jpg\",\"datePublished\":\"2022-06-01T08:13:00+00:00\",\"dateModified\":\"2023-05-11T08:38:35+00:00\",\"breadcrumb\":{\"@id\":\"https:\\\/\\\/franciscansinternational.org\\\/es\\\/los-franciscanos-siguen-pidiendo-responsabilidades-en-filipinas\\\/#breadcrumb\"},\"inLanguage\":\"es\",\"potentialAction\":[{\"@type\":\"ReadAction\",\"target\":[\"https:\\\/\\\/franciscansinternational.org\\\/es\\\/los-franciscanos-siguen-pidiendo-responsabilidades-en-filipinas\\\/\"]}]},{\"@type\":\"ImageObject\",\"inLanguage\":\"es\",\"@id\":\"https:\\\/\\\/franciscansinternational.org\\\/es\\\/los-franciscanos-siguen-pidiendo-responsabilidades-en-filipinas\\\/#primaryimage\",\"url\":\"https:\\\/\\\/franciscansinternational.org\\\/es\\\/wp-content\\\/uploads\\\/sites\\\/3\\\/2023\\\/05\\\/Philippines_continued.jpg\",\"contentUrl\":\"https:\\\/\\\/franciscansinternational.org\\\/es\\\/wp-content\\\/uploads\\\/sites\\\/3\\\/2023\\\/05\\\/Philippines_continued.jpg\",\"width\":1680,\"height\":1120},{\"@type\":\"BreadcrumbList\",\"@id\":\"https:\\\/\\\/franciscansinternational.org\\\/es\\\/los-franciscanos-siguen-pidiendo-responsabilidades-en-filipinas\\\/#breadcrumb\",\"itemListElement\":[{\"@type\":\"ListItem\",\"position\":1,\"name\":\"Home\",\"item\":\"https:\\\/\\\/franciscansinternational.org\\\/es\\\/\"},{\"@type\":\"ListItem\",\"position\":2,\"name\":\"Los franciscanos siguen pidiendo responsabilidades en Filipinas\"}]},{\"@type\":\"WebSite\",\"@id\":\"https:\\\/\\\/franciscansinternational.org\\\/es\\\/#website\",\"url\":\"https:\\\/\\\/franciscansinternational.org\\\/es\\\/\",\"name\":\"Franciscans International (ES)\",\"description\":\"Just another Franciscans International site\",\"publisher\":{\"@id\":\"https:\\\/\\\/franciscansinternational.org\\\/es\\\/#organization\"},\"potentialAction\":[{\"@type\":\"SearchAction\",\"target\":{\"@type\":\"EntryPoint\",\"urlTemplate\":\"https:\\\/\\\/franciscansinternational.org\\\/es\\\/?s={search_term_string}\"},\"query-input\":{\"@type\":\"PropertyValueSpecification\",\"valueRequired\":true,\"valueName\":\"search_term_string\"}}],\"inLanguage\":\"es\"},{\"@type\":\"Organization\",\"@id\":\"https:\\\/\\\/franciscansinternational.org\\\/es\\\/#organization\",\"name\":\"Franciscans International (ES)\",\"url\":\"https:\\\/\\\/franciscansinternational.org\\\/es\\\/\",\"logo\":{\"@type\":\"ImageObject\",\"inLanguage\":\"es\",\"@id\":\"https:\\\/\\\/franciscansinternational.org\\\/es\\\/#\\\/schema\\\/logo\\\/image\\\/\",\"url\":\"https:\\\/\\\/franciscansinternational.org\\\/wp-content\\\/uploads\\\/sites\\\/3\\\/2023\\\/05\\\/logo-3.png\",\"contentUrl\":\"https:\\\/\\\/franciscansinternational.org\\\/wp-content\\\/uploads\\\/sites\\\/3\\\/2023\\\/05\\\/logo-3.png\",\"width\":1200,\"height\":205,\"caption\":\"Franciscans International (ES)\"},\"image\":{\"@id\":\"https:\\\/\\\/franciscansinternational.org\\\/es\\\/#\\\/schema\\\/logo\\\/image\\\/\"},\"sameAs\":[\"https:\\\/\\\/www.facebook.com\\\/FranciscansInternational\\\/\",\"https:\\\/\\\/x.com\\\/FranciscansIntl\",\"https:\\\/\\\/www.youtube.com\\\/channel\\\/UCexu0i-fWB4wwrlPMCz8_Zg\"]},{\"@type\":\"Person\",\"@id\":\"https:\\\/\\\/franciscansinternational.org\\\/es\\\/#\\\/schema\\\/person\\\/f398f02712a9dcab7603295bc1ea94e4\",\"name\":\"communications\",\"image\":{\"@type\":\"ImageObject\",\"inLanguage\":\"es\",\"@id\":\"https:\\\/\\\/secure.gravatar.com\\\/avatar\\\/0b4a62226a9b4f7ce621ec49ca40be1e77d886a42ca84b8a0b0697e9ec17dd63?s=96&d=mm&r=g\",\"url\":\"https:\\\/\\\/secure.gravatar.com\\\/avatar\\\/0b4a62226a9b4f7ce621ec49ca40be1e77d886a42ca84b8a0b0697e9ec17dd63?s=96&d=mm&r=g\",\"contentUrl\":\"https:\\\/\\\/secure.gravatar.com\\\/avatar\\\/0b4a62226a9b4f7ce621ec49ca40be1e77d886a42ca84b8a0b0697e9ec17dd63?s=96&d=mm&r=g\",\"caption\":\"communications\"},\"url\":\"https:\\\/\\\/franciscansinternational.org\\\/es\\\/author\\\/communications\\\/\"}]}<\/script>\n<!-- \/ Yoast SEO plugin. -->","yoast_head_json":{"title":"Los franciscanos siguen pidiendo responsabilidades en Filipinas - Franciscans International (ES)","robots":{"index":"index","follow":"follow","max-snippet":"max-snippet:-1","max-image-preview":"max-image-preview:large","max-video-preview":"max-video-preview:-1"},"canonical":"https:\/\/franciscansinternational.org\/es\/los-franciscanos-siguen-pidiendo-responsabilidades-en-filipinas\/","og_locale":"es_ES","og_type":"article","og_title":"Los franciscanos siguen pidiendo responsabilidades en Filipinas - Franciscans International (ES)","og_description":"Con la elecci\u00f3n del presidente Marcos en mayo de 2022, Filipinas ha entrado en un nuevo cap\u00edtulo de su turbulenta ...","og_url":"https:\/\/franciscansinternational.org\/es\/los-franciscanos-siguen-pidiendo-responsabilidades-en-filipinas\/","og_site_name":"Franciscans International (ES)","article_publisher":"https:\/\/www.facebook.com\/FranciscansInternational\/","article_published_time":"2022-06-01T08:13:00+00:00","article_modified_time":"2023-05-11T08:38:35+00:00","og_image":[{"width":1680,"height":1120,"url":"https:\/\/franciscansinternational.org\/es\/wp-content\/uploads\/sites\/3\/2023\/05\/Philippines_continued.jpg","type":"image\/jpeg"}],"author":"communications","twitter_card":"summary_large_image","twitter_creator":"@FranciscansIntl","twitter_site":"@FranciscansIntl","twitter_misc":{"Escrito por":"communications","Tiempo de lectura":"2 minutos"},"schema":{"@context":"https:\/\/schema.org","@graph":[{"@type":"Article","@id":"https:\/\/franciscansinternational.org\/es\/los-franciscanos-siguen-pidiendo-responsabilidades-en-filipinas\/#article","isPartOf":{"@id":"https:\/\/franciscansinternational.org\/es\/los-franciscanos-siguen-pidiendo-responsabilidades-en-filipinas\/"},"author":{"name":"communications","@id":"https:\/\/franciscansinternational.org\/es\/#\/schema\/person\/f398f02712a9dcab7603295bc1ea94e4"},"headline":"Los franciscanos siguen pidiendo responsabilidades en Filipinas","datePublished":"2022-06-01T08:13:00+00:00","dateModified":"2023-05-11T08:38:35+00:00","mainEntityOfPage":{"@id":"https:\/\/franciscansinternational.org\/es\/los-franciscanos-siguen-pidiendo-responsabilidades-en-filipinas\/"},"wordCount":464,"commentCount":0,"publisher":{"@id":"https:\/\/franciscansinternational.org\/es\/#organization"},"image":{"@id":"https:\/\/franciscansinternational.org\/es\/los-franciscanos-siguen-pidiendo-responsabilidades-en-filipinas\/#primaryimage"},"thumbnailUrl":"https:\/\/franciscansinternational.org\/es\/wp-content\/uploads\/sites\/3\/2023\/05\/Philippines_continued.jpg","keywords":["Dignidad de toda persona","Paz y derechos humanos","Programa Asia-Pac\u00edfico"],"articleSection":["Franciscanos en la ONU","Noticias"],"inLanguage":"es","potentialAction":[{"@type":"CommentAction","name":"Comment","target":["https:\/\/franciscansinternational.org\/es\/los-franciscanos-siguen-pidiendo-responsabilidades-en-filipinas\/#respond"]}]},{"@type":"WebPage","@id":"https:\/\/franciscansinternational.org\/es\/los-franciscanos-siguen-pidiendo-responsabilidades-en-filipinas\/","url":"https:\/\/franciscansinternational.org\/es\/los-franciscanos-siguen-pidiendo-responsabilidades-en-filipinas\/","name":"Los franciscanos siguen pidiendo responsabilidades en Filipinas - Franciscans International (ES)","isPartOf":{"@id":"https:\/\/franciscansinternational.org\/es\/#website"},"primaryImageOfPage":{"@id":"https:\/\/franciscansinternational.org\/es\/los-franciscanos-siguen-pidiendo-responsabilidades-en-filipinas\/#primaryimage"},"image":{"@id":"https:\/\/franciscansinternational.org\/es\/los-franciscanos-siguen-pidiendo-responsabilidades-en-filipinas\/#primaryimage"},"thumbnailUrl":"https:\/\/franciscansinternational.org\/es\/wp-content\/uploads\/sites\/3\/2023\/05\/Philippines_continued.jpg","datePublished":"2022-06-01T08:13:00+00:00","dateModified":"2023-05-11T08:38:35+00:00","breadcrumb":{"@id":"https:\/\/franciscansinternational.org\/es\/los-franciscanos-siguen-pidiendo-responsabilidades-en-filipinas\/#breadcrumb"},"inLanguage":"es","potentialAction":[{"@type":"ReadAction","target":["https:\/\/franciscansinternational.org\/es\/los-franciscanos-siguen-pidiendo-responsabilidades-en-filipinas\/"]}]},{"@type":"ImageObject","inLanguage":"es","@id":"https:\/\/franciscansinternational.org\/es\/los-franciscanos-siguen-pidiendo-responsabilidades-en-filipinas\/#primaryimage","url":"https:\/\/franciscansinternational.org\/es\/wp-content\/uploads\/sites\/3\/2023\/05\/Philippines_continued.jpg","contentUrl":"https:\/\/franciscansinternational.org\/es\/wp-content\/uploads\/sites\/3\/2023\/05\/Philippines_continued.jpg","width":1680,"height":1120},{"@type":"BreadcrumbList","@id":"https:\/\/franciscansinternational.org\/es\/los-franciscanos-siguen-pidiendo-responsabilidades-en-filipinas\/#breadcrumb","itemListElement":[{"@type":"ListItem","position":1,"name":"Home","item":"https:\/\/franciscansinternational.org\/es\/"},{"@type":"ListItem","position":2,"name":"Los franciscanos siguen pidiendo responsabilidades en Filipinas"}]},{"@type":"WebSite","@id":"https:\/\/franciscansinternational.org\/es\/#website","url":"https:\/\/franciscansinternational.org\/es\/","name":"Franciscans International (ES)","description":"Just another Franciscans International site","publisher":{"@id":"https:\/\/franciscansinternational.org\/es\/#organization"},"potentialAction":[{"@type":"SearchAction","target":{"@type":"EntryPoint","urlTemplate":"https:\/\/franciscansinternational.org\/es\/?s={search_term_string}"},"query-input":{"@type":"PropertyValueSpecification","valueRequired":true,"valueName":"search_term_string"}}],"inLanguage":"es"},{"@type":"Organization","@id":"https:\/\/franciscansinternational.org\/es\/#organization","name":"Franciscans International (ES)","url":"https:\/\/franciscansinternational.org\/es\/","logo":{"@type":"ImageObject","inLanguage":"es","@id":"https:\/\/franciscansinternational.org\/es\/#\/schema\/logo\/image\/","url":"https:\/\/franciscansinternational.org\/wp-content\/uploads\/sites\/3\/2023\/05\/logo-3.png","contentUrl":"https:\/\/franciscansinternational.org\/wp-content\/uploads\/sites\/3\/2023\/05\/logo-3.png","width":1200,"height":205,"caption":"Franciscans International (ES)"},"image":{"@id":"https:\/\/franciscansinternational.org\/es\/#\/schema\/logo\/image\/"},"sameAs":["https:\/\/www.facebook.com\/FranciscansInternational\/","https:\/\/x.com\/FranciscansIntl","https:\/\/www.youtube.com\/channel\/UCexu0i-fWB4wwrlPMCz8_Zg"]},{"@type":"Person","@id":"https:\/\/franciscansinternational.org\/es\/#\/schema\/person\/f398f02712a9dcab7603295bc1ea94e4","name":"communications","image":{"@type":"ImageObject","inLanguage":"es","@id":"https:\/\/secure.gravatar.com\/avatar\/0b4a62226a9b4f7ce621ec49ca40be1e77d886a42ca84b8a0b0697e9ec17dd63?s=96&d=mm&r=g","url":"https:\/\/secure.gravatar.com\/avatar\/0b4a62226a9b4f7ce621ec49ca40be1e77d886a42ca84b8a0b0697e9ec17dd63?s=96&d=mm&r=g","contentUrl":"https:\/\/secure.gravatar.com\/avatar\/0b4a62226a9b4f7ce621ec49ca40be1e77d886a42ca84b8a0b0697e9ec17dd63?s=96&d=mm&r=g","caption":"communications"},"url":"https:\/\/franciscansinternational.org\/es\/author\/communications\/"}]}},"jetpack_featured_media_url":"https:\/\/franciscansinternational.org\/es\/wp-content\/uploads\/sites\/3\/2023\/05\/Philippines_continued.jpg","jetpack_sharing_enabled":true,"_links":{"self":[{"href":"https:\/\/franciscansinternational.org\/es\/wp-json\/wp\/v2\/posts\/313","targetHints":{"allow":["GET"]}}],"collection":[{"href":"https:\/\/franciscansinternational.org\/es\/wp-json\/wp\/v2\/posts"}],"about":[{"href":"https:\/\/franciscansinternational.org\/es\/wp-json\/wp\/v2\/types\/post"}],"author":[{"embeddable":true,"href":"https:\/\/franciscansinternational.org\/es\/wp-json\/wp\/v2\/users\/3"}],"replies":[{"embeddable":true,"href":"https:\/\/franciscansinternational.org\/es\/wp-json\/wp\/v2\/comments?post=313"}],"version-history":[{"count":3,"href":"https:\/\/franciscansinternational.org\/es\/wp-json\/wp\/v2\/posts\/313\/revisions"}],"predecessor-version":[{"id":355,"href":"https:\/\/franciscansinternational.org\/es\/wp-json\/wp\/v2\/posts\/313\/revisions\/355"}],"wp:featuredmedia":[{"embeddable":true,"href":"https:\/\/franciscansinternational.org\/es\/wp-json\/wp\/v2\/media\/314"}],"wp:attachment":[{"href":"https:\/\/franciscansinternational.org\/es\/wp-json\/wp\/v2\/media?parent=313"}],"wp:term":[{"taxonomy":"category","embeddable":true,"href":"https:\/\/franciscansinternational.org\/es\/wp-json\/wp\/v2\/categories?post=313"},{"taxonomy":"post_tag","embeddable":true,"href":"https:\/\/franciscansinternational.org\/es\/wp-json\/wp\/v2\/tags?post=313"}],"curies":[{"name":"wp","href":"https:\/\/api.w.org\/{rel}","templated":true}]}}