{"id":379,"date":"2023-06-06T12:06:03","date_gmt":"2023-06-06T12:06:03","guid":{"rendered":"https:\/\/franciscansinternational.org\/es\/?p=379"},"modified":"2023-07-18T07:45:33","modified_gmt":"2023-07-18T07:45:33","slug":"franciscanas-en-primera-linea-hermano-rodrigo-peret-ofm","status":"publish","type":"post","link":"https:\/\/franciscansinternational.org\/es\/franciscanas-en-primera-linea-hermano-rodrigo-peret-ofm\/","title":{"rendered":"Franciscanas en primera l\u00ednea: Hermano Rodrigo P\u00e9ret OFM"},"content":{"rendered":"\n<p>En Brasil, el gobierno de Jair Bolsonaro (2019-2022) ha impulsado m\u00e1s miner\u00eda, incluso en tierras ind\u00edgenas protegidas. Estas medidas regresivas aceleraron no solo la deforestaci\u00f3n, sino tambi\u00e9n la p\u00e9rdida de biodiversidad, la contaminaci\u00f3n de las fuentes de agua por mercurio, la inseguridad alimentaria y los riesgos para la salud de las poblaciones locales. Desde que el presidente Luiz In\u00e1cio Lula da Silva asumi\u00f3 el cargo a principios de a\u00f1o, un nuevo gobierno brasile\u00f1o se ha comprometido a retirar a los mineros ilegales de las tierras ind\u00edgenas y a llevar asistencia sanitaria a las poblaciones afectadas, <a href=\"https:\/\/e360.yale.edu\/features\/brazil-yanomami-mining-malaria-malnutrition-lula#:~:text=The%20onslaught%20of%20illegal%20miners,moving%20to%20evict%20the%20miners.\">especialmente en territorio yanomami<\/a>.&nbsp;<\/p>\n\n\n\n<p>Conoce al Hermano Rodrigo P\u00e9ret OFM, que vive en el estado de Minas Gerais, conocido como el \u00abalmac\u00e9n\u00bb de riquezas minerales del suelo. FI habl\u00f3 de su trabajo sobre las violaciones del medio ambiente y de los derechos humanos derivadas de la miner\u00eda ilegal, y de c\u00f3mo el cambio de administraci\u00f3n es una oportunidad para mejorar la rendici\u00f3n de cuentas de la industria extractiva, m\u00e1s recientemente a trav\u00e9s del mecanismo del <a href=\"https:\/\/franciscansinternational.org\/wp-content\/uploads\/2023\/03\/HRC52_Item6_Brazil.pdf\">Examen Peri\u00f3dico Universal (EPU) de la ONU. <\/a>&nbsp;<\/p>\n\n\n\n<p><\/p>\n\n\n\n<p class=\"has-medium-font-size\"><strong>&nbsp;\u00bfPuede presentarse y explicar su trabajo, especialmente en temas de miner\u00eda?<\/strong><\/p>\n\n\n\n<p>Me llamo Rodrigo, soy un hermano franciscano que vive en la ciudad brasile\u00f1a de Uberl\u00e2ndia, y pertenezco a la Custodia Franciscana del Sagrado Coraz\u00f3n. Nac\u00ed en el estado de Minas Gerais, donde dos grandes desastres mineros (2015 y 2019) mataron en total a 291 personas, destruyeron las cuencas de dos r\u00edos y afectaron a miles de personas. Desde entonces, no se ha producido ninguna reparaci\u00f3n real ni se ha hecho justicia. Tambi\u00e9n he estado trabajando desde la d\u00e9cada de 1980 en conflictos de tierras y reforma agraria porque muchas personas dependen de la tierra para sobrevivir, ya sea para la vivienda o para producir alimentos. M\u00e1s tarde empec\u00e9 a abordar cuestiones en torno a la miner\u00eda porque, en Minas Gerais, la extracci\u00f3n de rocas fosf\u00e1ticas, niobio y elementos de tierras raras est\u00e1 causando importantes impactos ambientales. Cabe se\u00f1alar que esta zona se encuentra en el Bioma del Cerrado, que cubre el 25% de Brasil y es uno de los ecosistemas m\u00e1s importantes del mundo.&nbsp;<\/p>\n\n\n\n<p class=\"has-medium-font-size\"><strong>\u00bfQu\u00e9 le inspir\u00f3 para iniciar este trabajo? \u00bfY c\u00f3mo se relaciona con su vocaci\u00f3n de Hermano Franciscano?<\/strong><\/p>\n\n\n\n<p>Mi inspiraci\u00f3n viene de Francisco. Cuando abraz\u00f3 a los leprosos, quiso decir que abrazaba a todos los excluidos. <strong><em>Cuando me traslad\u00e9 al estado de Minas Gerais, a la regi\u00f3n del Tri\u00e2ngulo Mineiro, pens\u00e9 en qui\u00e9nes son los excluidos de nuestra sociedad, a los que tengo que dedicar mi vida como persona consagrada.<\/em><\/strong> Esto no es algo que hago s\u00f3lo por trabajo, es tambi\u00e9n una forma de vivir. Estudi\u00e9 ingenier\u00eda civil, lo que me ayud\u00f3 a comprender mejor las cuestiones mineras y medioambientales, y as\u00ed servir mejor a la gente. Entiendo mi vida desde esta perspectiva, un evangelio que tiene una dimensi\u00f3n social y medioambiental.&nbsp;<\/p>\n\n\n\n<p class=\"has-medium-font-size\"><strong>Seg\u00fan usted, \u00bfcu\u00e1les son algunos de los principales retos a los que nos enfrentamos hoy en d\u00eda?<\/strong><\/p>\n\n\n\n<p>Creo que el principal reto es c\u00f3mo entendernos en un mundo consumista. Hoy se habla de la transici\u00f3n energ\u00e9tica hacia las llamadas \u00abenerg\u00edas limpias\u00bb. Pero si el litio y otros elementos -metales y minerales- son necesarios para desarrollar estas tecnolog\u00edas, significa aumentar la miner\u00eda, lo que va a ejercer m\u00e1s presi\u00f3n sobre los territorios, provocando m\u00e1s conflictos y destrucci\u00f3n. El segundo reto es c\u00f3mo acercarse a los que m\u00e1s sufren el cambio clim\u00e1tico. Como no tiene el mismo impacto en todas partes ni en todos, esto es algo que tenemos que abordar. El \u00faltimo reto es c\u00f3mo construir un mundo nuevo a partir de esto, con m\u00e1s respeto por este planeta, la Madre Tierra, que nos alimenta y nos gobierna.&nbsp;<\/p>\n\n\n\n<p class=\"has-medium-font-size\"><strong>\u00bfCu\u00e1l dir\u00eda que es el logro del que se siente m\u00e1s orgulloso?<\/strong><\/p>\n\n\n\n<p>Es comprender que Dios est\u00e1 en todas partes. Incluso en la pobreza extrema, la gente tiene su propia dignidad, y la vida est\u00e1 ah\u00ed. Pero cuando los derechos fundamentales est\u00e1n amenazados, hay que trabajar con todas las herramientas existentes, por eso es importante estar en los debates de la ONU y a nivel local. Tambi\u00e9n lo es poder utilizar estos instrumentos desde una perspectiva diferente, teniendo en cuenta que la construcci\u00f3n de lo que llamamos el Reino de Dios es un proceso en el que debemos implicar a diferentes personas. Necesitamos unirnos para tener una voz fuerte y hacerla o\u00edr.&nbsp;<\/p>\n\n\n\n<p class=\"has-medium-font-size\"><strong>\u00bfC\u00f3mo ha utilizado el mecanismo del Examen Peri\u00f3dico Universal (EPU)? \u00bfY cree que el nuevo gobierno tendr\u00e1 un impacto en su uso?<\/strong><\/p>\n\n\n\n<p>El EPU es un proceso importante porque revela las obligaciones que tienen los pa\u00edses en materia de derechos humanos. Escribimos un informe sobre las consecuencias del mandato de Bolsonaro: fue un verdadero desastre, especialmente en lo que se refiere a la econom\u00eda extractiva, el incumplimiento de las leyes medioambientales y la destrucci\u00f3n de la Amazonia. Llegamos a las pre-sesiones en agosto del a\u00f1o pasado, y los pa\u00edses hicieron <a href=\"https:\/\/www.ohchr.org\/en\/hr-bodies\/upr\/br-index\">recomendaciones<\/a> a Brasil en noviembre. <strong><em>Ahora nuestro objetivo es trasladar estas recomendaciones a la sociedad civil, y abrir v\u00edas de negociaci\u00f3n para ir hacia una mayor responsabilidad empresarial relacionada con los derechos humanos. Para ello, necesitamos trabajar tanto a nivel local como internacional, implicando a toda la familia franciscana en el proceso.<\/em><\/strong> No ser\u00e1 f\u00e1cil recuperarse de los \u00faltimos a\u00f1os, pero creo que el nuevo gobierno de Lula traer\u00e1 consigo una mejor aplicaci\u00f3n de estas recomendaciones. Aun as\u00ed, vamos a necesitar la presi\u00f3n internacional para impulsar cambios importantes en las pol\u00edticas nacionales.&nbsp;<\/p>\n\n\n\n<p class=\"has-medium-font-size\"><strong>En la \u00faltima d\u00e9cada, Brasil ha sido catalogado como el pa\u00eds <\/strong><a href=\"https:\/\/www.globalwitness.org\/en\/campaigns\/environmental-activists\/decade-defiance\/#decade-killings-globally\"><strong>m\u00e1s mort\u00edfero<\/strong><\/a><strong> para los defensores de la tierra y el medio ambiente. \u00bfHa sentido alguna vez ese riesgo? \u00bfY qu\u00e9 cree que hay que hacer en materia de protecci\u00f3n?<\/strong><\/p>\n\n\n\n<p>Por supuesto. Como muchas otras personas, me he enfrentado regularmente a amenazas relacionadas con mi trabajo e incluso me han detenido. Ahora estoy en un programa de protecci\u00f3n. En Brasil, los que corren m\u00e1s riesgos son los defensores de los derechos humanos que se ocupan de cuestiones medioambientales. Creo que es importante crear una red en el territorio de personas que se protejan entre s\u00ed. Pero tambi\u00e9n es necesario que el gobierno federal aplique mejor las pol\u00edticas relacionadas con la protecci\u00f3n de los defensores de los derechos humanos y del medio ambiente. Ahora, con el cambio de gobierno, tenemos m\u00e1s v\u00edas para conseguirlo.<\/p>\n\n\n\n<p><\/p>\n\n\n\n<p>Para m\u00e1s informaci\u00f3n, consulte nuestro art\u00edculo principal sobre <a href=\"https:\/\/franciscansinternational.org\/es\/los-franciscanos-a-la-cabeza-en-la-defensa-de-los-derechos-humanos\/\">los franciscanos a la cabeza en la defensa de los derechos humanos<\/a>.<\/p>\n\n\n\n<p><\/p>\n\n\n\n<p class=\"has-small-font-size\">Se trata de una traducci\u00f3n autom\u00e1tica. Rogamos disculpen los errores que puedan haberse producido. En caso de divergencia, la versi\u00f3n inglesa es la autorizada.<\/p>\n","protected":false},"excerpt":{"rendered":"<p>En Brasil, el gobierno de Jair Bolsonaro (2019-2022) ha impulsado m\u00e1s miner\u00eda, incluso en tierras ind\u00edgenas protegidas. Estas medidas regresivas &#8230; <\/p>\n","protected":false},"author":3,"featured_media":381,"comment_status":"closed","ping_status":"closed","sticky":false,"template":"","format":"standard","meta":{"_relevanssi_hide_post":"","_relevanssi_hide_content":"","_relevanssi_pin_for_all":"","_relevanssi_pin_keywords":"","_relevanssi_unpin_keywords":"","_relevanssi_related_keywords":"","_relevanssi_related_include_ids":"","_relevanssi_related_exclude_ids":"","_relevanssi_related_no_append":"","_relevanssi_related_not_related":"","_relevanssi_related_posts":"343,309,197,357,209,241","_relevanssi_noindex_reason":"","_jetpack_memberships_contains_paid_content":false,"footnotes":""},"categories":[32,1],"tags":[11,8,6],"class_list":["post-379","post","type-post","status-publish","format-standard","has-post-thumbnail","hentry","category-franciscanos-en-la-onu","category-noticias","tag-familia-franciscana","tag-justicia-ambiental","tag-programa-para-las-americas"],"acf":[],"yoast_head":"<!-- This site is optimized with the Yoast SEO plugin v27.5 - https:\/\/yoast.com\/product\/yoast-seo-wordpress\/ -->\n<title>Franciscanas en primera l\u00ednea: Hermano Rodrigo P\u00e9ret OFM - Franciscans International (ES)<\/title>\n<meta name=\"robots\" content=\"index, follow, max-snippet:-1, max-image-preview:large, max-video-preview:-1\" \/>\n<link rel=\"canonical\" href=\"https:\/\/franciscansinternational.org\/es\/franciscanas-en-primera-linea-hermano-rodrigo-peret-ofm\/\" \/>\n<meta property=\"og:locale\" content=\"es_ES\" \/>\n<meta property=\"og:type\" content=\"article\" \/>\n<meta property=\"og:title\" content=\"Franciscanas en primera l\u00ednea: Hermano Rodrigo P\u00e9ret OFM - Franciscans International (ES)\" \/>\n<meta property=\"og:description\" content=\"En Brasil, el gobierno de Jair Bolsonaro (2019-2022) ha impulsado m\u00e1s miner\u00eda, incluso en tierras ind\u00edgenas protegidas. Estas medidas regresivas ...\" \/>\n<meta property=\"og:url\" content=\"https:\/\/franciscansinternational.org\/es\/franciscanas-en-primera-linea-hermano-rodrigo-peret-ofm\/\" \/>\n<meta property=\"og:site_name\" content=\"Franciscans International (ES)\" \/>\n<meta property=\"article:publisher\" content=\"https:\/\/www.facebook.com\/FranciscansInternational\/\" \/>\n<meta property=\"article:published_time\" content=\"2023-06-06T12:06:03+00:00\" \/>\n<meta property=\"article:modified_time\" content=\"2023-07-18T07:45:33+00:00\" \/>\n<meta property=\"og:image\" content=\"https:\/\/franciscansinternational.org\/es\/wp-content\/uploads\/sites\/3\/2023\/06\/HRDprofile_Rodrigo_website_resized.jpg\" \/>\n\t<meta property=\"og:image:width\" content=\"2500\" \/>\n\t<meta property=\"og:image:height\" content=\"1406\" \/>\n\t<meta property=\"og:image:type\" content=\"image\/jpeg\" \/>\n<meta name=\"author\" content=\"communications\" \/>\n<meta name=\"twitter:card\" content=\"summary_large_image\" \/>\n<meta name=\"twitter:creator\" content=\"@FranciscansIntl\" \/>\n<meta name=\"twitter:site\" content=\"@FranciscansIntl\" \/>\n<meta name=\"twitter:label1\" content=\"Escrito por\" \/>\n\t<meta name=\"twitter:data1\" content=\"communications\" \/>\n\t<meta name=\"twitter:label2\" content=\"Tiempo de lectura\" \/>\n\t<meta name=\"twitter:data2\" content=\"6 minutos\" \/>\n<script type=\"application\/ld+json\" class=\"yoast-schema-graph\">{\"@context\":\"https:\\\/\\\/schema.org\",\"@graph\":[{\"@type\":\"Article\",\"@id\":\"https:\\\/\\\/franciscansinternational.org\\\/es\\\/franciscanas-en-primera-linea-hermano-rodrigo-peret-ofm\\\/#article\",\"isPartOf\":{\"@id\":\"https:\\\/\\\/franciscansinternational.org\\\/es\\\/franciscanas-en-primera-linea-hermano-rodrigo-peret-ofm\\\/\"},\"author\":{\"name\":\"communications\",\"@id\":\"https:\\\/\\\/franciscansinternational.org\\\/es\\\/#\\\/schema\\\/person\\\/f398f02712a9dcab7603295bc1ea94e4\"},\"headline\":\"Franciscanas en primera l\u00ednea: Hermano Rodrigo P\u00e9ret OFM\",\"datePublished\":\"2023-06-06T12:06:03+00:00\",\"dateModified\":\"2023-07-18T07:45:33+00:00\",\"mainEntityOfPage\":{\"@id\":\"https:\\\/\\\/franciscansinternational.org\\\/es\\\/franciscanas-en-primera-linea-hermano-rodrigo-peret-ofm\\\/\"},\"wordCount\":1205,\"publisher\":{\"@id\":\"https:\\\/\\\/franciscansinternational.org\\\/es\\\/#organization\"},\"image\":{\"@id\":\"https:\\\/\\\/franciscansinternational.org\\\/es\\\/franciscanas-en-primera-linea-hermano-rodrigo-peret-ofm\\\/#primaryimage\"},\"thumbnailUrl\":\"https:\\\/\\\/franciscansinternational.org\\\/es\\\/wp-content\\\/uploads\\\/sites\\\/3\\\/2023\\\/06\\\/HRDprofile_Rodrigo_website_resized.jpg\",\"keywords\":[\"Familia franciscana\",\"Justicia ambiental\",\"Programa para las Am\u00e9ricas\"],\"articleSection\":[\"Franciscanos en la ONU\",\"Noticias\"],\"inLanguage\":\"es\"},{\"@type\":\"WebPage\",\"@id\":\"https:\\\/\\\/franciscansinternational.org\\\/es\\\/franciscanas-en-primera-linea-hermano-rodrigo-peret-ofm\\\/\",\"url\":\"https:\\\/\\\/franciscansinternational.org\\\/es\\\/franciscanas-en-primera-linea-hermano-rodrigo-peret-ofm\\\/\",\"name\":\"Franciscanas en primera l\u00ednea: Hermano Rodrigo P\u00e9ret OFM - Franciscans International (ES)\",\"isPartOf\":{\"@id\":\"https:\\\/\\\/franciscansinternational.org\\\/es\\\/#website\"},\"primaryImageOfPage\":{\"@id\":\"https:\\\/\\\/franciscansinternational.org\\\/es\\\/franciscanas-en-primera-linea-hermano-rodrigo-peret-ofm\\\/#primaryimage\"},\"image\":{\"@id\":\"https:\\\/\\\/franciscansinternational.org\\\/es\\\/franciscanas-en-primera-linea-hermano-rodrigo-peret-ofm\\\/#primaryimage\"},\"thumbnailUrl\":\"https:\\\/\\\/franciscansinternational.org\\\/es\\\/wp-content\\\/uploads\\\/sites\\\/3\\\/2023\\\/06\\\/HRDprofile_Rodrigo_website_resized.jpg\",\"datePublished\":\"2023-06-06T12:06:03+00:00\",\"dateModified\":\"2023-07-18T07:45:33+00:00\",\"breadcrumb\":{\"@id\":\"https:\\\/\\\/franciscansinternational.org\\\/es\\\/franciscanas-en-primera-linea-hermano-rodrigo-peret-ofm\\\/#breadcrumb\"},\"inLanguage\":\"es\",\"potentialAction\":[{\"@type\":\"ReadAction\",\"target\":[\"https:\\\/\\\/franciscansinternational.org\\\/es\\\/franciscanas-en-primera-linea-hermano-rodrigo-peret-ofm\\\/\"]}]},{\"@type\":\"ImageObject\",\"inLanguage\":\"es\",\"@id\":\"https:\\\/\\\/franciscansinternational.org\\\/es\\\/franciscanas-en-primera-linea-hermano-rodrigo-peret-ofm\\\/#primaryimage\",\"url\":\"https:\\\/\\\/franciscansinternational.org\\\/es\\\/wp-content\\\/uploads\\\/sites\\\/3\\\/2023\\\/06\\\/HRDprofile_Rodrigo_website_resized.jpg\",\"contentUrl\":\"https:\\\/\\\/franciscansinternational.org\\\/es\\\/wp-content\\\/uploads\\\/sites\\\/3\\\/2023\\\/06\\\/HRDprofile_Rodrigo_website_resized.jpg\",\"width\":2500,\"height\":1406},{\"@type\":\"BreadcrumbList\",\"@id\":\"https:\\\/\\\/franciscansinternational.org\\\/es\\\/franciscanas-en-primera-linea-hermano-rodrigo-peret-ofm\\\/#breadcrumb\",\"itemListElement\":[{\"@type\":\"ListItem\",\"position\":1,\"name\":\"Home\",\"item\":\"https:\\\/\\\/franciscansinternational.org\\\/es\\\/\"},{\"@type\":\"ListItem\",\"position\":2,\"name\":\"Franciscanas en primera l\u00ednea: Hermano Rodrigo P\u00e9ret OFM\"}]},{\"@type\":\"WebSite\",\"@id\":\"https:\\\/\\\/franciscansinternational.org\\\/es\\\/#website\",\"url\":\"https:\\\/\\\/franciscansinternational.org\\\/es\\\/\",\"name\":\"Franciscans International (ES)\",\"description\":\"Just another Franciscans International site\",\"publisher\":{\"@id\":\"https:\\\/\\\/franciscansinternational.org\\\/es\\\/#organization\"},\"potentialAction\":[{\"@type\":\"SearchAction\",\"target\":{\"@type\":\"EntryPoint\",\"urlTemplate\":\"https:\\\/\\\/franciscansinternational.org\\\/es\\\/?s={search_term_string}\"},\"query-input\":{\"@type\":\"PropertyValueSpecification\",\"valueRequired\":true,\"valueName\":\"search_term_string\"}}],\"inLanguage\":\"es\"},{\"@type\":\"Organization\",\"@id\":\"https:\\\/\\\/franciscansinternational.org\\\/es\\\/#organization\",\"name\":\"Franciscans International (ES)\",\"url\":\"https:\\\/\\\/franciscansinternational.org\\\/es\\\/\",\"logo\":{\"@type\":\"ImageObject\",\"inLanguage\":\"es\",\"@id\":\"https:\\\/\\\/franciscansinternational.org\\\/es\\\/#\\\/schema\\\/logo\\\/image\\\/\",\"url\":\"https:\\\/\\\/franciscansinternational.org\\\/wp-content\\\/uploads\\\/sites\\\/3\\\/2023\\\/05\\\/logo-3.png\",\"contentUrl\":\"https:\\\/\\\/franciscansinternational.org\\\/wp-content\\\/uploads\\\/sites\\\/3\\\/2023\\\/05\\\/logo-3.png\",\"width\":1200,\"height\":205,\"caption\":\"Franciscans International (ES)\"},\"image\":{\"@id\":\"https:\\\/\\\/franciscansinternational.org\\\/es\\\/#\\\/schema\\\/logo\\\/image\\\/\"},\"sameAs\":[\"https:\\\/\\\/www.facebook.com\\\/FranciscansInternational\\\/\",\"https:\\\/\\\/x.com\\\/FranciscansIntl\",\"https:\\\/\\\/www.youtube.com\\\/channel\\\/UCexu0i-fWB4wwrlPMCz8_Zg\"]},{\"@type\":\"Person\",\"@id\":\"https:\\\/\\\/franciscansinternational.org\\\/es\\\/#\\\/schema\\\/person\\\/f398f02712a9dcab7603295bc1ea94e4\",\"name\":\"communications\",\"image\":{\"@type\":\"ImageObject\",\"inLanguage\":\"es\",\"@id\":\"https:\\\/\\\/secure.gravatar.com\\\/avatar\\\/0b4a62226a9b4f7ce621ec49ca40be1e77d886a42ca84b8a0b0697e9ec17dd63?s=96&d=mm&r=g\",\"url\":\"https:\\\/\\\/secure.gravatar.com\\\/avatar\\\/0b4a62226a9b4f7ce621ec49ca40be1e77d886a42ca84b8a0b0697e9ec17dd63?s=96&d=mm&r=g\",\"contentUrl\":\"https:\\\/\\\/secure.gravatar.com\\\/avatar\\\/0b4a62226a9b4f7ce621ec49ca40be1e77d886a42ca84b8a0b0697e9ec17dd63?s=96&d=mm&r=g\",\"caption\":\"communications\"},\"url\":\"https:\\\/\\\/franciscansinternational.org\\\/es\\\/author\\\/communications\\\/\"}]}<\/script>\n<!-- \/ Yoast SEO plugin. -->","yoast_head_json":{"title":"Franciscanas en primera l\u00ednea: Hermano Rodrigo P\u00e9ret OFM - Franciscans International (ES)","robots":{"index":"index","follow":"follow","max-snippet":"max-snippet:-1","max-image-preview":"max-image-preview:large","max-video-preview":"max-video-preview:-1"},"canonical":"https:\/\/franciscansinternational.org\/es\/franciscanas-en-primera-linea-hermano-rodrigo-peret-ofm\/","og_locale":"es_ES","og_type":"article","og_title":"Franciscanas en primera l\u00ednea: Hermano Rodrigo P\u00e9ret OFM - Franciscans International (ES)","og_description":"En Brasil, el gobierno de Jair Bolsonaro (2019-2022) ha impulsado m\u00e1s miner\u00eda, incluso en tierras ind\u00edgenas protegidas. Estas medidas regresivas ...","og_url":"https:\/\/franciscansinternational.org\/es\/franciscanas-en-primera-linea-hermano-rodrigo-peret-ofm\/","og_site_name":"Franciscans International (ES)","article_publisher":"https:\/\/www.facebook.com\/FranciscansInternational\/","article_published_time":"2023-06-06T12:06:03+00:00","article_modified_time":"2023-07-18T07:45:33+00:00","og_image":[{"width":2500,"height":1406,"url":"https:\/\/franciscansinternational.org\/es\/wp-content\/uploads\/sites\/3\/2023\/06\/HRDprofile_Rodrigo_website_resized.jpg","type":"image\/jpeg"}],"author":"communications","twitter_card":"summary_large_image","twitter_creator":"@FranciscansIntl","twitter_site":"@FranciscansIntl","twitter_misc":{"Escrito por":"communications","Tiempo de lectura":"6 minutos"},"schema":{"@context":"https:\/\/schema.org","@graph":[{"@type":"Article","@id":"https:\/\/franciscansinternational.org\/es\/franciscanas-en-primera-linea-hermano-rodrigo-peret-ofm\/#article","isPartOf":{"@id":"https:\/\/franciscansinternational.org\/es\/franciscanas-en-primera-linea-hermano-rodrigo-peret-ofm\/"},"author":{"name":"communications","@id":"https:\/\/franciscansinternational.org\/es\/#\/schema\/person\/f398f02712a9dcab7603295bc1ea94e4"},"headline":"Franciscanas en primera l\u00ednea: Hermano Rodrigo P\u00e9ret OFM","datePublished":"2023-06-06T12:06:03+00:00","dateModified":"2023-07-18T07:45:33+00:00","mainEntityOfPage":{"@id":"https:\/\/franciscansinternational.org\/es\/franciscanas-en-primera-linea-hermano-rodrigo-peret-ofm\/"},"wordCount":1205,"publisher":{"@id":"https:\/\/franciscansinternational.org\/es\/#organization"},"image":{"@id":"https:\/\/franciscansinternational.org\/es\/franciscanas-en-primera-linea-hermano-rodrigo-peret-ofm\/#primaryimage"},"thumbnailUrl":"https:\/\/franciscansinternational.org\/es\/wp-content\/uploads\/sites\/3\/2023\/06\/HRDprofile_Rodrigo_website_resized.jpg","keywords":["Familia franciscana","Justicia ambiental","Programa para las Am\u00e9ricas"],"articleSection":["Franciscanos en la ONU","Noticias"],"inLanguage":"es"},{"@type":"WebPage","@id":"https:\/\/franciscansinternational.org\/es\/franciscanas-en-primera-linea-hermano-rodrigo-peret-ofm\/","url":"https:\/\/franciscansinternational.org\/es\/franciscanas-en-primera-linea-hermano-rodrigo-peret-ofm\/","name":"Franciscanas en primera l\u00ednea: Hermano Rodrigo P\u00e9ret OFM - Franciscans International (ES)","isPartOf":{"@id":"https:\/\/franciscansinternational.org\/es\/#website"},"primaryImageOfPage":{"@id":"https:\/\/franciscansinternational.org\/es\/franciscanas-en-primera-linea-hermano-rodrigo-peret-ofm\/#primaryimage"},"image":{"@id":"https:\/\/franciscansinternational.org\/es\/franciscanas-en-primera-linea-hermano-rodrigo-peret-ofm\/#primaryimage"},"thumbnailUrl":"https:\/\/franciscansinternational.org\/es\/wp-content\/uploads\/sites\/3\/2023\/06\/HRDprofile_Rodrigo_website_resized.jpg","datePublished":"2023-06-06T12:06:03+00:00","dateModified":"2023-07-18T07:45:33+00:00","breadcrumb":{"@id":"https:\/\/franciscansinternational.org\/es\/franciscanas-en-primera-linea-hermano-rodrigo-peret-ofm\/#breadcrumb"},"inLanguage":"es","potentialAction":[{"@type":"ReadAction","target":["https:\/\/franciscansinternational.org\/es\/franciscanas-en-primera-linea-hermano-rodrigo-peret-ofm\/"]}]},{"@type":"ImageObject","inLanguage":"es","@id":"https:\/\/franciscansinternational.org\/es\/franciscanas-en-primera-linea-hermano-rodrigo-peret-ofm\/#primaryimage","url":"https:\/\/franciscansinternational.org\/es\/wp-content\/uploads\/sites\/3\/2023\/06\/HRDprofile_Rodrigo_website_resized.jpg","contentUrl":"https:\/\/franciscansinternational.org\/es\/wp-content\/uploads\/sites\/3\/2023\/06\/HRDprofile_Rodrigo_website_resized.jpg","width":2500,"height":1406},{"@type":"BreadcrumbList","@id":"https:\/\/franciscansinternational.org\/es\/franciscanas-en-primera-linea-hermano-rodrigo-peret-ofm\/#breadcrumb","itemListElement":[{"@type":"ListItem","position":1,"name":"Home","item":"https:\/\/franciscansinternational.org\/es\/"},{"@type":"ListItem","position":2,"name":"Franciscanas en primera l\u00ednea: Hermano Rodrigo P\u00e9ret OFM"}]},{"@type":"WebSite","@id":"https:\/\/franciscansinternational.org\/es\/#website","url":"https:\/\/franciscansinternational.org\/es\/","name":"Franciscans International (ES)","description":"Just another Franciscans International site","publisher":{"@id":"https:\/\/franciscansinternational.org\/es\/#organization"},"potentialAction":[{"@type":"SearchAction","target":{"@type":"EntryPoint","urlTemplate":"https:\/\/franciscansinternational.org\/es\/?s={search_term_string}"},"query-input":{"@type":"PropertyValueSpecification","valueRequired":true,"valueName":"search_term_string"}}],"inLanguage":"es"},{"@type":"Organization","@id":"https:\/\/franciscansinternational.org\/es\/#organization","name":"Franciscans International (ES)","url":"https:\/\/franciscansinternational.org\/es\/","logo":{"@type":"ImageObject","inLanguage":"es","@id":"https:\/\/franciscansinternational.org\/es\/#\/schema\/logo\/image\/","url":"https:\/\/franciscansinternational.org\/wp-content\/uploads\/sites\/3\/2023\/05\/logo-3.png","contentUrl":"https:\/\/franciscansinternational.org\/wp-content\/uploads\/sites\/3\/2023\/05\/logo-3.png","width":1200,"height":205,"caption":"Franciscans International (ES)"},"image":{"@id":"https:\/\/franciscansinternational.org\/es\/#\/schema\/logo\/image\/"},"sameAs":["https:\/\/www.facebook.com\/FranciscansInternational\/","https:\/\/x.com\/FranciscansIntl","https:\/\/www.youtube.com\/channel\/UCexu0i-fWB4wwrlPMCz8_Zg"]},{"@type":"Person","@id":"https:\/\/franciscansinternational.org\/es\/#\/schema\/person\/f398f02712a9dcab7603295bc1ea94e4","name":"communications","image":{"@type":"ImageObject","inLanguage":"es","@id":"https:\/\/secure.gravatar.com\/avatar\/0b4a62226a9b4f7ce621ec49ca40be1e77d886a42ca84b8a0b0697e9ec17dd63?s=96&d=mm&r=g","url":"https:\/\/secure.gravatar.com\/avatar\/0b4a62226a9b4f7ce621ec49ca40be1e77d886a42ca84b8a0b0697e9ec17dd63?s=96&d=mm&r=g","contentUrl":"https:\/\/secure.gravatar.com\/avatar\/0b4a62226a9b4f7ce621ec49ca40be1e77d886a42ca84b8a0b0697e9ec17dd63?s=96&d=mm&r=g","caption":"communications"},"url":"https:\/\/franciscansinternational.org\/es\/author\/communications\/"}]}},"jetpack_featured_media_url":"https:\/\/franciscansinternational.org\/es\/wp-content\/uploads\/sites\/3\/2023\/06\/HRDprofile_Rodrigo_website_resized.jpg","jetpack_sharing_enabled":true,"_links":{"self":[{"href":"https:\/\/franciscansinternational.org\/es\/wp-json\/wp\/v2\/posts\/379","targetHints":{"allow":["GET"]}}],"collection":[{"href":"https:\/\/franciscansinternational.org\/es\/wp-json\/wp\/v2\/posts"}],"about":[{"href":"https:\/\/franciscansinternational.org\/es\/wp-json\/wp\/v2\/types\/post"}],"author":[{"embeddable":true,"href":"https:\/\/franciscansinternational.org\/es\/wp-json\/wp\/v2\/users\/3"}],"replies":[{"embeddable":true,"href":"https:\/\/franciscansinternational.org\/es\/wp-json\/wp\/v2\/comments?post=379"}],"version-history":[{"count":6,"href":"https:\/\/franciscansinternational.org\/es\/wp-json\/wp\/v2\/posts\/379\/revisions"}],"predecessor-version":[{"id":416,"href":"https:\/\/franciscansinternational.org\/es\/wp-json\/wp\/v2\/posts\/379\/revisions\/416"}],"wp:featuredmedia":[{"embeddable":true,"href":"https:\/\/franciscansinternational.org\/es\/wp-json\/wp\/v2\/media\/381"}],"wp:attachment":[{"href":"https:\/\/franciscansinternational.org\/es\/wp-json\/wp\/v2\/media?parent=379"}],"wp:term":[{"taxonomy":"category","embeddable":true,"href":"https:\/\/franciscansinternational.org\/es\/wp-json\/wp\/v2\/categories?post=379"},{"taxonomy":"post_tag","embeddable":true,"href":"https:\/\/franciscansinternational.org\/es\/wp-json\/wp\/v2\/tags?post=379"}],"curies":[{"name":"wp","href":"https:\/\/api.w.org\/{rel}","templated":true}]}}