{"id":397,"date":"2023-07-13T15:29:59","date_gmt":"2023-07-13T15:29:59","guid":{"rendered":"https:\/\/franciscansinternational.org\/es\/?p=397"},"modified":"2023-07-13T16:10:40","modified_gmt":"2023-07-13T16:10:40","slug":"plantear-en-el-consejo-de-derechos-humanos-las-lagunas-de-proteccion-ante-los-desplazamientos-inducidos-por-el-clima","status":"publish","type":"post","link":"https:\/\/franciscansinternational.org\/es\/plantear-en-el-consejo-de-derechos-humanos-las-lagunas-de-proteccion-ante-los-desplazamientos-inducidos-por-el-clima\/","title":{"rendered":"Plantear en el Consejo de Derechos Humanos las lagunas de protecci\u00f3n ante los desplazamientos inducidos por el clima\u00a0"},"content":{"rendered":"\n<p>Los efectos del cambio clim\u00e1tico se han dejado sentir cada vez m\u00e1s en los \u00faltimos a\u00f1os y, como consecuencia de ello, ya se ha producido un fuerte aumento del n\u00famero de personas desplazadas. Los fen\u00f3menos meteorol\u00f3gicos extremos, como inundaciones y huracanes, son cada vez m\u00e1s frecuentes. Al mismo tiempo, tambi\u00e9n observamos peligros de aparici\u00f3n lenta, como la desertificaci\u00f3n y la subida del nivel del mar. Esto ya ha provocado la escasez de agua, la p\u00e9rdida de la agricultura y de los medios de subsistencia, y la destrucci\u00f3n de los hogares de las personas, empuj\u00e1ndolas a reubicarse internamente o fuera de las fronteras de su pa\u00eds.&nbsp;&nbsp;&nbsp;<\/p>\n\n\n\n<p>Durante su reciente Di\u00e1logo Interactivo con el Consejo de Derechos Humanos de la ONU, el <a href=\"https:\/\/www.ohchr.org\/es\/specialprocedures\/sr-climate-change\" target=\"_blank\" rel=\"noreferrer noopener\">Relator Especial sobre el cambio clim\u00e1tico<\/a>, Ian Fry, present\u00f3 su informe sobre las implicaciones para los derechos humanos de los desplazamientos inducidos por el clima. Se trata del primer tema cubierto por el nuevo mandato desde su creaci\u00f3n en mayo de 2022, lo que demuestra la urgencia de esta cuesti\u00f3n. En su <a href=\"https:\/\/undocs.org\/Home\/Mobile?FinalSymbol=A%2FHRC%2F53%2F34&amp;Language=E&amp;DeviceType=Desktop&amp;LangRequested=False\" target=\"_blank\" rel=\"noreferrer noopener\">informe<\/a>, el Sr. Fry destac\u00f3 la falta de protecci\u00f3n jur\u00eddica de las personas desplazadas por el cambio clim\u00e1tico a trav\u00e9s de las fronteras internacionales. Por ejemplo, no est\u00e1n definidos como refugiados en <a href=\"https:\/\/www.acnur.org\/convencion-de-1951?_gl=1*1fpe2aq*_rup_ga*NzE5ODE1MzIwLjE2ODkyNTI4MDA.*_rup_ga_EVDQTJ4LMY*MTY4OTI1Mjc5OS4xLjAuMTY4OTI1Mjc5OS4wLjAuMA..*_ga*NzE5ODE1MzIwLjE2ODkyNTI4MDA.*_ga_X2YZPJ1XWR*MTY4OTI1MjgwMC4xLjAuMTY4OTI1MjgwMC4wLjAuMA..#_ga=2.81256471.1000930457.1689252800-719815320.1689252800\" target=\"_blank\" rel=\"noreferrer noopener\">la Convenci\u00f3n<\/a> sobre el Estatuto de los Refugiados de 1951 de la ONU. Aunque a menudo se les denomina informalmente refugiados clim\u00e1ticos, en realidad no existe tal definici\u00f3n en el derecho internacional, lo que agrava el riesgo de violaciones de los derechos humanos contra este grupo. &nbsp;<\/p>\n\n\n\n<p>Franciscans International y sus asociados organizaron dos eventos paralelos sobre el desplazamiento clim\u00e1tico y otro sobre la regularizaci\u00f3n de migrantes, a los que invitaron a ponentes de Am\u00e9rica y Asia-Pac\u00edfico para que compartieran sus experiencias e historias con expertos en derechos humanos y diplom\u00e1ticos de la ONU. Llamaron la atenci\u00f3n sobre el impacto desproporcionado de los fen\u00f3menos del cambio clim\u00e1tico en grupos vulnerables como las mujeres, los ni\u00f1os y los pueblos ind\u00edgenas. Las investigaciones indican que los desplazamientos inducidos por el clima no son un fen\u00f3meno neutro desde el punto de vista del g\u00e9nero, ya que las mujeres tienen <a href=\"https:\/\/careclimatechange.org\/wp-content\/uploads\/2020\/07\/CARE-Climate-Migration-Report-v0.4.pdf\" target=\"_blank\" rel=\"noreferrer noopener\">14 veces<\/a> m\u00e1s probabilidades de morir en caso de desplazamiento que los hombres. Tambi\u00e9n son m\u00e1s vulnerables a la violencia sexual, el tr\u00e1fico de personas y la falta de acceso a la salud reproductiva. &nbsp;&nbsp;<\/p>\n\n\n\n<p>El Hermano Ren\u00e9 Flores OFM, miembro de la Red Franciscana de Migrantes en Panam\u00e1, explic\u00f3 las muchas formas en que las personas se ven afectadas por los fen\u00f3menos del cambio clim\u00e1tico, especialmente en el <a href=\"https:\/\/www.unep.org\/news-and-stories\/story\/helping-farmers-beat-climate-crisis-central-americas-dry-corridor#:~:text=The%20Dry%20Corridor%20includes%20parts,of%20its%2010%20million%20residents\" target=\"_blank\" rel=\"noreferrer noopener\">Corredor Seco<\/a>* de Centroam\u00e9rica. Mientras que los a\u00f1os de sequ\u00eda han provocado escasez de agua e inseguridad alimentaria, los huracanes tambi\u00e9n se han vuelto m\u00e1s severos. En 2020, Eta e Iota causaron inundaciones y destrucci\u00f3n en toda Am\u00e9rica Central, afectando a millones de personas. Estos acontecimientos, combinados con la pobreza extrema y la violencia, han impulsado una importante migraci\u00f3n transfronteriza.&nbsp;&nbsp;<\/p>\n\n\n\n<p>Aunque la p\u00e9rdida de recursos ligada a la movilidad humana es importante, las p\u00e9rdidas no econ\u00f3micas tambi\u00e9n pueden ser devastadoras. La Sra. Lemaima Vaai, una joven ind\u00edgena de la Iglesia Metodista de Samoa, plante\u00f3 la cuesti\u00f3n del dolor emocional y espiritual de la reubicaci\u00f3n. Para las comunidades del Pac\u00edfico, existe un profundo apego a la tierra que a menudo conlleva \u00absentimientos de p\u00e9rdida y desconexi\u00f3n\u00bb al tener que trasladarse, as\u00ed como el riesgo de que se pierdan los conocimientos ind\u00edgenas.&nbsp;&nbsp;&nbsp;<\/p>\n\n\n\n<p>El Rev. James Bhagwan, secretario general de la Conferencia de Iglesias del Pac\u00edfico, tambi\u00e9n advirti\u00f3 que \u00ablos l\u00edderes del Pac\u00edfico ya han identificado el cambio clim\u00e1tico como la amenaza m\u00e1s importante para la seguridad regional\u00bb. De hecho, puede convertirse en un factor de conflicto por la tierra y los recursos, especialmente si el aumento del nivel del mar amenaza la existencia misma de algunas naciones. Al no haber un lugar al que regresar para estas poblaciones, se desencadenar\u00edan desplazamientos permanentes, as\u00ed como profundos cuestionamientos sobre la condici\u00f3n de Estado y la soberan\u00eda. &nbsp;&nbsp;<\/p>\n\n\n\n<p>Este es el caso de la Rep\u00fablica de Kiribati, un grupo de 33 islas del Pac\u00edfico de unos 100.000 habitantes, y uno de los peque\u00f1os Estados insulares en desarrollo que corre mayor riesgo de ser engullido. FI plante\u00f3 este caso en los Ex\u00e1menes Peri\u00f3dicos Universales del pa\u00eds en 2014 y <a href=\"https:\/\/franciscansinternational.org\/wp-content\/uploads\/2023\/03\/UPR35_Kiribati.pdf\" target=\"_blank\" rel=\"noreferrer noopener\">2020<\/a> para presionar a la comunidad internacional para que reconozca y aborde este problema.&nbsp;&nbsp;&nbsp;<\/p>\n\n\n\n<p>Dado que las consecuencias del cambio clim\u00e1tico son cada vez m\u00e1s graves, es necesario abordar las actuales lagunas de protecci\u00f3n y contar con instrumentos jur\u00eddicos y pol\u00edticas que reflejen la situaci\u00f3n actual. Para lograrlo, es esencial que los responsables de la toma de decisiones en la ONU escuchen a los m\u00e1s directamente afectados para comprender la realidad sobre el terreno.&nbsp;&nbsp;&nbsp;<\/p>\n\n\n\n<p>FI se une al llamamiento del Relator Especial para que se tomen medidas urgentes, especialmente teniendo en cuenta que las consecuencias del desplazamiento inducido por el clima s\u00f3lo empeorar\u00e1n cada d\u00eda que no actuemos. Junto con nuestros asociados y hermanos y hermanas franciscanos de base, seguiremos abogando por un enfoque basado en los derechos humanos en torno al desplazamiento clim\u00e1tico que garantice el respeto de la dignidad de cada persona. &nbsp;&nbsp;<\/p>\n\n\n\n<p class=\"has-text-align-center\">\u2022 \u2022 \u2022<\/p>\n\n\n\n<p>Para m\u00e1s informaci\u00f3n sobre la labor franciscana en materia de movilidad humana, consulte nuestra publicaci\u00f3n \u00ab<a href=\"https:\/\/franciscansinternational.org\/wp-content\/uploads\/2020\/11\/ESP_Rompiendo_los_Muros.pdf\" target=\"_blank\" rel=\"noreferrer noopener\">Rompiendo Los Muros<\/a>\u00bb y nuestras <a href=\"https:\/\/franciscansinternational.org\/es\/resources\/intervenciones-de-incidencia\/\" target=\"_blank\" rel=\"noreferrer noopener\">intervenciones<\/a> en las Naciones Unidas.&nbsp;<\/p>\n\n\n\n<p><\/p>\n\n\n\n<p class=\"has-small-font-size\"><em>*\u00bbEl Corredor Seco incluye partes de Costa Rica, El Salvador, Guatemala, Honduras y Nicaragua. Se caracteriza por largos periodos de sequ\u00eda alternados con periodos de fuertes lluvias que afectan gravemente a los medios de subsistencia y la seguridad alimentaria de sus 10 millones de habitantes.\u00bb<\/em><\/p>\n\n\n\n<p><\/p>\n\n\n\n<blockquote class=\"wp-block-quote has-small-font-size is-layout-flow wp-block-quote-is-layout-flow\">\n<p class=\"has-small-font-size\">Se trata de una traducci\u00f3n autom\u00e1tica. Rogamos disculpen los errores que puedan haberse producido. En caso de divergencia, la versi\u00f3n inglesa es la autorizada.&nbsp;<\/p>\n<\/blockquote>\n","protected":false},"excerpt":{"rendered":"<p>Los efectos del cambio clim\u00e1tico se han dejado sentir cada vez m\u00e1s en los \u00faltimos a\u00f1os y, como consecuencia de &#8230; <\/p>\n","protected":false},"author":3,"featured_media":398,"comment_status":"closed","ping_status":"closed","sticky":false,"template":"","format":"standard","meta":{"_relevanssi_hide_post":"","_relevanssi_hide_content":"","_relevanssi_pin_for_all":"","_relevanssi_pin_keywords":"","_relevanssi_unpin_keywords":"","_relevanssi_related_keywords":"","_relevanssi_related_include_ids":"","_relevanssi_related_exclude_ids":"","_relevanssi_related_no_append":"","_relevanssi_related_not_related":"","_relevanssi_related_posts":"356,197,205,335,256,265","_relevanssi_noindex_reason":"","_jetpack_memberships_contains_paid_content":false,"footnotes":""},"categories":[32,1],"tags":[8,7,6],"class_list":["post-397","post","type-post","status-publish","format-standard","has-post-thumbnail","hentry","category-franciscanos-en-la-onu","category-noticias","tag-justicia-ambiental","tag-programa-asia-pacifico","tag-programa-para-las-americas"],"acf":[],"yoast_head":"<!-- This site is optimized with the Yoast SEO plugin v27.5 - https:\/\/yoast.com\/product\/yoast-seo-wordpress\/ -->\n<title>Plantear en el Consejo de Derechos Humanos las lagunas de protecci\u00f3n ante los desplazamientos inducidos por el clima\u00a0 - Franciscans International (ES)<\/title>\n<meta name=\"robots\" content=\"index, follow, max-snippet:-1, max-image-preview:large, max-video-preview:-1\" \/>\n<link rel=\"canonical\" href=\"https:\/\/franciscansinternational.org\/es\/plantear-en-el-consejo-de-derechos-humanos-las-lagunas-de-proteccion-ante-los-desplazamientos-inducidos-por-el-clima\/\" \/>\n<meta property=\"og:locale\" content=\"es_ES\" \/>\n<meta property=\"og:type\" content=\"article\" \/>\n<meta property=\"og:title\" content=\"Plantear en el Consejo de Derechos Humanos las lagunas de protecci\u00f3n ante los desplazamientos inducidos por el clima\u00a0 - Franciscans International (ES)\" \/>\n<meta property=\"og:description\" content=\"Los efectos del cambio clim\u00e1tico se han dejado sentir cada vez m\u00e1s en los \u00faltimos a\u00f1os y, como consecuencia de ...\" \/>\n<meta property=\"og:url\" content=\"https:\/\/franciscansinternational.org\/es\/plantear-en-el-consejo-de-derechos-humanos-las-lagunas-de-proteccion-ante-los-desplazamientos-inducidos-por-el-clima\/\" \/>\n<meta property=\"og:site_name\" content=\"Franciscans International (ES)\" \/>\n<meta property=\"article:publisher\" content=\"https:\/\/www.facebook.com\/FranciscansInternational\/\" \/>\n<meta property=\"article:published_time\" content=\"2023-07-13T15:29:59+00:00\" \/>\n<meta property=\"article:modified_time\" content=\"2023-07-13T16:10:40+00:00\" \/>\n<meta property=\"og:image\" content=\"https:\/\/franciscansinternational.org\/es\/wp-content\/uploads\/sites\/3\/2023\/07\/photo-article-displacement-scaled.jpg\" \/>\n\t<meta property=\"og:image:width\" content=\"2560\" \/>\n\t<meta property=\"og:image:height\" content=\"1440\" \/>\n\t<meta property=\"og:image:type\" content=\"image\/jpeg\" \/>\n<meta name=\"author\" content=\"communications\" \/>\n<meta name=\"twitter:card\" content=\"summary_large_image\" \/>\n<meta name=\"twitter:creator\" content=\"@FranciscansIntl\" \/>\n<meta name=\"twitter:site\" content=\"@FranciscansIntl\" \/>\n<meta name=\"twitter:label1\" content=\"Escrito por\" \/>\n\t<meta name=\"twitter:data1\" content=\"communications\" \/>\n\t<meta name=\"twitter:label2\" content=\"Tiempo de lectura\" \/>\n\t<meta name=\"twitter:data2\" content=\"5 minutos\" \/>\n<script type=\"application\/ld+json\" class=\"yoast-schema-graph\">{\"@context\":\"https:\\\/\\\/schema.org\",\"@graph\":[{\"@type\":\"Article\",\"@id\":\"https:\\\/\\\/franciscansinternational.org\\\/es\\\/plantear-en-el-consejo-de-derechos-humanos-las-lagunas-de-proteccion-ante-los-desplazamientos-inducidos-por-el-clima\\\/#article\",\"isPartOf\":{\"@id\":\"https:\\\/\\\/franciscansinternational.org\\\/es\\\/plantear-en-el-consejo-de-derechos-humanos-las-lagunas-de-proteccion-ante-los-desplazamientos-inducidos-por-el-clima\\\/\"},\"author\":{\"name\":\"communications\",\"@id\":\"https:\\\/\\\/franciscansinternational.org\\\/es\\\/#\\\/schema\\\/person\\\/f398f02712a9dcab7603295bc1ea94e4\"},\"headline\":\"Plantear en el Consejo de Derechos Humanos las lagunas de protecci\u00f3n ante los desplazamientos inducidos por el clima\u00a0\",\"datePublished\":\"2023-07-13T15:29:59+00:00\",\"dateModified\":\"2023-07-13T16:10:40+00:00\",\"mainEntityOfPage\":{\"@id\":\"https:\\\/\\\/franciscansinternational.org\\\/es\\\/plantear-en-el-consejo-de-derechos-humanos-las-lagunas-de-proteccion-ante-los-desplazamientos-inducidos-por-el-clima\\\/\"},\"wordCount\":1066,\"publisher\":{\"@id\":\"https:\\\/\\\/franciscansinternational.org\\\/es\\\/#organization\"},\"image\":{\"@id\":\"https:\\\/\\\/franciscansinternational.org\\\/es\\\/plantear-en-el-consejo-de-derechos-humanos-las-lagunas-de-proteccion-ante-los-desplazamientos-inducidos-por-el-clima\\\/#primaryimage\"},\"thumbnailUrl\":\"https:\\\/\\\/franciscansinternational.org\\\/es\\\/wp-content\\\/uploads\\\/sites\\\/3\\\/2023\\\/07\\\/photo-article-displacement-scaled.jpg\",\"keywords\":[\"Justicia ambiental\",\"Programa Asia-Pac\u00edfico\",\"Programa para las Am\u00e9ricas\"],\"articleSection\":[\"Franciscanos en la ONU\",\"Noticias\"],\"inLanguage\":\"es\"},{\"@type\":\"WebPage\",\"@id\":\"https:\\\/\\\/franciscansinternational.org\\\/es\\\/plantear-en-el-consejo-de-derechos-humanos-las-lagunas-de-proteccion-ante-los-desplazamientos-inducidos-por-el-clima\\\/\",\"url\":\"https:\\\/\\\/franciscansinternational.org\\\/es\\\/plantear-en-el-consejo-de-derechos-humanos-las-lagunas-de-proteccion-ante-los-desplazamientos-inducidos-por-el-clima\\\/\",\"name\":\"Plantear en el Consejo de Derechos Humanos las lagunas de protecci\u00f3n ante los desplazamientos inducidos por el clima\u00a0 - Franciscans International (ES)\",\"isPartOf\":{\"@id\":\"https:\\\/\\\/franciscansinternational.org\\\/es\\\/#website\"},\"primaryImageOfPage\":{\"@id\":\"https:\\\/\\\/franciscansinternational.org\\\/es\\\/plantear-en-el-consejo-de-derechos-humanos-las-lagunas-de-proteccion-ante-los-desplazamientos-inducidos-por-el-clima\\\/#primaryimage\"},\"image\":{\"@id\":\"https:\\\/\\\/franciscansinternational.org\\\/es\\\/plantear-en-el-consejo-de-derechos-humanos-las-lagunas-de-proteccion-ante-los-desplazamientos-inducidos-por-el-clima\\\/#primaryimage\"},\"thumbnailUrl\":\"https:\\\/\\\/franciscansinternational.org\\\/es\\\/wp-content\\\/uploads\\\/sites\\\/3\\\/2023\\\/07\\\/photo-article-displacement-scaled.jpg\",\"datePublished\":\"2023-07-13T15:29:59+00:00\",\"dateModified\":\"2023-07-13T16:10:40+00:00\",\"breadcrumb\":{\"@id\":\"https:\\\/\\\/franciscansinternational.org\\\/es\\\/plantear-en-el-consejo-de-derechos-humanos-las-lagunas-de-proteccion-ante-los-desplazamientos-inducidos-por-el-clima\\\/#breadcrumb\"},\"inLanguage\":\"es\",\"potentialAction\":[{\"@type\":\"ReadAction\",\"target\":[\"https:\\\/\\\/franciscansinternational.org\\\/es\\\/plantear-en-el-consejo-de-derechos-humanos-las-lagunas-de-proteccion-ante-los-desplazamientos-inducidos-por-el-clima\\\/\"]}]},{\"@type\":\"ImageObject\",\"inLanguage\":\"es\",\"@id\":\"https:\\\/\\\/franciscansinternational.org\\\/es\\\/plantear-en-el-consejo-de-derechos-humanos-las-lagunas-de-proteccion-ante-los-desplazamientos-inducidos-por-el-clima\\\/#primaryimage\",\"url\":\"https:\\\/\\\/franciscansinternational.org\\\/es\\\/wp-content\\\/uploads\\\/sites\\\/3\\\/2023\\\/07\\\/photo-article-displacement-scaled.jpg\",\"contentUrl\":\"https:\\\/\\\/franciscansinternational.org\\\/es\\\/wp-content\\\/uploads\\\/sites\\\/3\\\/2023\\\/07\\\/photo-article-displacement-scaled.jpg\",\"width\":2560,\"height\":1440},{\"@type\":\"BreadcrumbList\",\"@id\":\"https:\\\/\\\/franciscansinternational.org\\\/es\\\/plantear-en-el-consejo-de-derechos-humanos-las-lagunas-de-proteccion-ante-los-desplazamientos-inducidos-por-el-clima\\\/#breadcrumb\",\"itemListElement\":[{\"@type\":\"ListItem\",\"position\":1,\"name\":\"Home\",\"item\":\"https:\\\/\\\/franciscansinternational.org\\\/es\\\/\"},{\"@type\":\"ListItem\",\"position\":2,\"name\":\"Plantear en el Consejo de Derechos Humanos las lagunas de protecci\u00f3n ante los desplazamientos inducidos por el clima\u00a0\"}]},{\"@type\":\"WebSite\",\"@id\":\"https:\\\/\\\/franciscansinternational.org\\\/es\\\/#website\",\"url\":\"https:\\\/\\\/franciscansinternational.org\\\/es\\\/\",\"name\":\"Franciscans International (ES)\",\"description\":\"Just another Franciscans International site\",\"publisher\":{\"@id\":\"https:\\\/\\\/franciscansinternational.org\\\/es\\\/#organization\"},\"potentialAction\":[{\"@type\":\"SearchAction\",\"target\":{\"@type\":\"EntryPoint\",\"urlTemplate\":\"https:\\\/\\\/franciscansinternational.org\\\/es\\\/?s={search_term_string}\"},\"query-input\":{\"@type\":\"PropertyValueSpecification\",\"valueRequired\":true,\"valueName\":\"search_term_string\"}}],\"inLanguage\":\"es\"},{\"@type\":\"Organization\",\"@id\":\"https:\\\/\\\/franciscansinternational.org\\\/es\\\/#organization\",\"name\":\"Franciscans International (ES)\",\"url\":\"https:\\\/\\\/franciscansinternational.org\\\/es\\\/\",\"logo\":{\"@type\":\"ImageObject\",\"inLanguage\":\"es\",\"@id\":\"https:\\\/\\\/franciscansinternational.org\\\/es\\\/#\\\/schema\\\/logo\\\/image\\\/\",\"url\":\"https:\\\/\\\/franciscansinternational.org\\\/wp-content\\\/uploads\\\/sites\\\/3\\\/2023\\\/05\\\/logo-3.png\",\"contentUrl\":\"https:\\\/\\\/franciscansinternational.org\\\/wp-content\\\/uploads\\\/sites\\\/3\\\/2023\\\/05\\\/logo-3.png\",\"width\":1200,\"height\":205,\"caption\":\"Franciscans International (ES)\"},\"image\":{\"@id\":\"https:\\\/\\\/franciscansinternational.org\\\/es\\\/#\\\/schema\\\/logo\\\/image\\\/\"},\"sameAs\":[\"https:\\\/\\\/www.facebook.com\\\/FranciscansInternational\\\/\",\"https:\\\/\\\/x.com\\\/FranciscansIntl\",\"https:\\\/\\\/www.youtube.com\\\/channel\\\/UCexu0i-fWB4wwrlPMCz8_Zg\"]},{\"@type\":\"Person\",\"@id\":\"https:\\\/\\\/franciscansinternational.org\\\/es\\\/#\\\/schema\\\/person\\\/f398f02712a9dcab7603295bc1ea94e4\",\"name\":\"communications\",\"image\":{\"@type\":\"ImageObject\",\"inLanguage\":\"es\",\"@id\":\"https:\\\/\\\/secure.gravatar.com\\\/avatar\\\/0b4a62226a9b4f7ce621ec49ca40be1e77d886a42ca84b8a0b0697e9ec17dd63?s=96&d=mm&r=g\",\"url\":\"https:\\\/\\\/secure.gravatar.com\\\/avatar\\\/0b4a62226a9b4f7ce621ec49ca40be1e77d886a42ca84b8a0b0697e9ec17dd63?s=96&d=mm&r=g\",\"contentUrl\":\"https:\\\/\\\/secure.gravatar.com\\\/avatar\\\/0b4a62226a9b4f7ce621ec49ca40be1e77d886a42ca84b8a0b0697e9ec17dd63?s=96&d=mm&r=g\",\"caption\":\"communications\"},\"url\":\"https:\\\/\\\/franciscansinternational.org\\\/es\\\/author\\\/communications\\\/\"}]}<\/script>\n<!-- \/ Yoast SEO plugin. -->","yoast_head_json":{"title":"Plantear en el Consejo de Derechos Humanos las lagunas de protecci\u00f3n ante los desplazamientos inducidos por el clima\u00a0 - Franciscans International (ES)","robots":{"index":"index","follow":"follow","max-snippet":"max-snippet:-1","max-image-preview":"max-image-preview:large","max-video-preview":"max-video-preview:-1"},"canonical":"https:\/\/franciscansinternational.org\/es\/plantear-en-el-consejo-de-derechos-humanos-las-lagunas-de-proteccion-ante-los-desplazamientos-inducidos-por-el-clima\/","og_locale":"es_ES","og_type":"article","og_title":"Plantear en el Consejo de Derechos Humanos las lagunas de protecci\u00f3n ante los desplazamientos inducidos por el clima\u00a0 - Franciscans International (ES)","og_description":"Los efectos del cambio clim\u00e1tico se han dejado sentir cada vez m\u00e1s en los \u00faltimos a\u00f1os y, como consecuencia de ...","og_url":"https:\/\/franciscansinternational.org\/es\/plantear-en-el-consejo-de-derechos-humanos-las-lagunas-de-proteccion-ante-los-desplazamientos-inducidos-por-el-clima\/","og_site_name":"Franciscans International (ES)","article_publisher":"https:\/\/www.facebook.com\/FranciscansInternational\/","article_published_time":"2023-07-13T15:29:59+00:00","article_modified_time":"2023-07-13T16:10:40+00:00","og_image":[{"width":2560,"height":1440,"url":"https:\/\/franciscansinternational.org\/es\/wp-content\/uploads\/sites\/3\/2023\/07\/photo-article-displacement-scaled.jpg","type":"image\/jpeg"}],"author":"communications","twitter_card":"summary_large_image","twitter_creator":"@FranciscansIntl","twitter_site":"@FranciscansIntl","twitter_misc":{"Escrito por":"communications","Tiempo de lectura":"5 minutos"},"schema":{"@context":"https:\/\/schema.org","@graph":[{"@type":"Article","@id":"https:\/\/franciscansinternational.org\/es\/plantear-en-el-consejo-de-derechos-humanos-las-lagunas-de-proteccion-ante-los-desplazamientos-inducidos-por-el-clima\/#article","isPartOf":{"@id":"https:\/\/franciscansinternational.org\/es\/plantear-en-el-consejo-de-derechos-humanos-las-lagunas-de-proteccion-ante-los-desplazamientos-inducidos-por-el-clima\/"},"author":{"name":"communications","@id":"https:\/\/franciscansinternational.org\/es\/#\/schema\/person\/f398f02712a9dcab7603295bc1ea94e4"},"headline":"Plantear en el Consejo de Derechos Humanos las lagunas de protecci\u00f3n ante los desplazamientos inducidos por el clima\u00a0","datePublished":"2023-07-13T15:29:59+00:00","dateModified":"2023-07-13T16:10:40+00:00","mainEntityOfPage":{"@id":"https:\/\/franciscansinternational.org\/es\/plantear-en-el-consejo-de-derechos-humanos-las-lagunas-de-proteccion-ante-los-desplazamientos-inducidos-por-el-clima\/"},"wordCount":1066,"publisher":{"@id":"https:\/\/franciscansinternational.org\/es\/#organization"},"image":{"@id":"https:\/\/franciscansinternational.org\/es\/plantear-en-el-consejo-de-derechos-humanos-las-lagunas-de-proteccion-ante-los-desplazamientos-inducidos-por-el-clima\/#primaryimage"},"thumbnailUrl":"https:\/\/franciscansinternational.org\/es\/wp-content\/uploads\/sites\/3\/2023\/07\/photo-article-displacement-scaled.jpg","keywords":["Justicia ambiental","Programa Asia-Pac\u00edfico","Programa para las Am\u00e9ricas"],"articleSection":["Franciscanos en la ONU","Noticias"],"inLanguage":"es"},{"@type":"WebPage","@id":"https:\/\/franciscansinternational.org\/es\/plantear-en-el-consejo-de-derechos-humanos-las-lagunas-de-proteccion-ante-los-desplazamientos-inducidos-por-el-clima\/","url":"https:\/\/franciscansinternational.org\/es\/plantear-en-el-consejo-de-derechos-humanos-las-lagunas-de-proteccion-ante-los-desplazamientos-inducidos-por-el-clima\/","name":"Plantear en el Consejo de Derechos Humanos las lagunas de protecci\u00f3n ante los desplazamientos inducidos por el clima\u00a0 - Franciscans International (ES)","isPartOf":{"@id":"https:\/\/franciscansinternational.org\/es\/#website"},"primaryImageOfPage":{"@id":"https:\/\/franciscansinternational.org\/es\/plantear-en-el-consejo-de-derechos-humanos-las-lagunas-de-proteccion-ante-los-desplazamientos-inducidos-por-el-clima\/#primaryimage"},"image":{"@id":"https:\/\/franciscansinternational.org\/es\/plantear-en-el-consejo-de-derechos-humanos-las-lagunas-de-proteccion-ante-los-desplazamientos-inducidos-por-el-clima\/#primaryimage"},"thumbnailUrl":"https:\/\/franciscansinternational.org\/es\/wp-content\/uploads\/sites\/3\/2023\/07\/photo-article-displacement-scaled.jpg","datePublished":"2023-07-13T15:29:59+00:00","dateModified":"2023-07-13T16:10:40+00:00","breadcrumb":{"@id":"https:\/\/franciscansinternational.org\/es\/plantear-en-el-consejo-de-derechos-humanos-las-lagunas-de-proteccion-ante-los-desplazamientos-inducidos-por-el-clima\/#breadcrumb"},"inLanguage":"es","potentialAction":[{"@type":"ReadAction","target":["https:\/\/franciscansinternational.org\/es\/plantear-en-el-consejo-de-derechos-humanos-las-lagunas-de-proteccion-ante-los-desplazamientos-inducidos-por-el-clima\/"]}]},{"@type":"ImageObject","inLanguage":"es","@id":"https:\/\/franciscansinternational.org\/es\/plantear-en-el-consejo-de-derechos-humanos-las-lagunas-de-proteccion-ante-los-desplazamientos-inducidos-por-el-clima\/#primaryimage","url":"https:\/\/franciscansinternational.org\/es\/wp-content\/uploads\/sites\/3\/2023\/07\/photo-article-displacement-scaled.jpg","contentUrl":"https:\/\/franciscansinternational.org\/es\/wp-content\/uploads\/sites\/3\/2023\/07\/photo-article-displacement-scaled.jpg","width":2560,"height":1440},{"@type":"BreadcrumbList","@id":"https:\/\/franciscansinternational.org\/es\/plantear-en-el-consejo-de-derechos-humanos-las-lagunas-de-proteccion-ante-los-desplazamientos-inducidos-por-el-clima\/#breadcrumb","itemListElement":[{"@type":"ListItem","position":1,"name":"Home","item":"https:\/\/franciscansinternational.org\/es\/"},{"@type":"ListItem","position":2,"name":"Plantear en el Consejo de Derechos Humanos las lagunas de protecci\u00f3n ante los desplazamientos inducidos por el clima\u00a0"}]},{"@type":"WebSite","@id":"https:\/\/franciscansinternational.org\/es\/#website","url":"https:\/\/franciscansinternational.org\/es\/","name":"Franciscans International (ES)","description":"Just another Franciscans International site","publisher":{"@id":"https:\/\/franciscansinternational.org\/es\/#organization"},"potentialAction":[{"@type":"SearchAction","target":{"@type":"EntryPoint","urlTemplate":"https:\/\/franciscansinternational.org\/es\/?s={search_term_string}"},"query-input":{"@type":"PropertyValueSpecification","valueRequired":true,"valueName":"search_term_string"}}],"inLanguage":"es"},{"@type":"Organization","@id":"https:\/\/franciscansinternational.org\/es\/#organization","name":"Franciscans International (ES)","url":"https:\/\/franciscansinternational.org\/es\/","logo":{"@type":"ImageObject","inLanguage":"es","@id":"https:\/\/franciscansinternational.org\/es\/#\/schema\/logo\/image\/","url":"https:\/\/franciscansinternational.org\/wp-content\/uploads\/sites\/3\/2023\/05\/logo-3.png","contentUrl":"https:\/\/franciscansinternational.org\/wp-content\/uploads\/sites\/3\/2023\/05\/logo-3.png","width":1200,"height":205,"caption":"Franciscans International (ES)"},"image":{"@id":"https:\/\/franciscansinternational.org\/es\/#\/schema\/logo\/image\/"},"sameAs":["https:\/\/www.facebook.com\/FranciscansInternational\/","https:\/\/x.com\/FranciscansIntl","https:\/\/www.youtube.com\/channel\/UCexu0i-fWB4wwrlPMCz8_Zg"]},{"@type":"Person","@id":"https:\/\/franciscansinternational.org\/es\/#\/schema\/person\/f398f02712a9dcab7603295bc1ea94e4","name":"communications","image":{"@type":"ImageObject","inLanguage":"es","@id":"https:\/\/secure.gravatar.com\/avatar\/0b4a62226a9b4f7ce621ec49ca40be1e77d886a42ca84b8a0b0697e9ec17dd63?s=96&d=mm&r=g","url":"https:\/\/secure.gravatar.com\/avatar\/0b4a62226a9b4f7ce621ec49ca40be1e77d886a42ca84b8a0b0697e9ec17dd63?s=96&d=mm&r=g","contentUrl":"https:\/\/secure.gravatar.com\/avatar\/0b4a62226a9b4f7ce621ec49ca40be1e77d886a42ca84b8a0b0697e9ec17dd63?s=96&d=mm&r=g","caption":"communications"},"url":"https:\/\/franciscansinternational.org\/es\/author\/communications\/"}]}},"jetpack_featured_media_url":"https:\/\/franciscansinternational.org\/es\/wp-content\/uploads\/sites\/3\/2023\/07\/photo-article-displacement-scaled.jpg","jetpack_sharing_enabled":true,"_links":{"self":[{"href":"https:\/\/franciscansinternational.org\/es\/wp-json\/wp\/v2\/posts\/397","targetHints":{"allow":["GET"]}}],"collection":[{"href":"https:\/\/franciscansinternational.org\/es\/wp-json\/wp\/v2\/posts"}],"about":[{"href":"https:\/\/franciscansinternational.org\/es\/wp-json\/wp\/v2\/types\/post"}],"author":[{"embeddable":true,"href":"https:\/\/franciscansinternational.org\/es\/wp-json\/wp\/v2\/users\/3"}],"replies":[{"embeddable":true,"href":"https:\/\/franciscansinternational.org\/es\/wp-json\/wp\/v2\/comments?post=397"}],"version-history":[{"count":8,"href":"https:\/\/franciscansinternational.org\/es\/wp-json\/wp\/v2\/posts\/397\/revisions"}],"predecessor-version":[{"id":406,"href":"https:\/\/franciscansinternational.org\/es\/wp-json\/wp\/v2\/posts\/397\/revisions\/406"}],"wp:featuredmedia":[{"embeddable":true,"href":"https:\/\/franciscansinternational.org\/es\/wp-json\/wp\/v2\/media\/398"}],"wp:attachment":[{"href":"https:\/\/franciscansinternational.org\/es\/wp-json\/wp\/v2\/media?parent=397"}],"wp:term":[{"taxonomy":"category","embeddable":true,"href":"https:\/\/franciscansinternational.org\/es\/wp-json\/wp\/v2\/categories?post=397"},{"taxonomy":"post_tag","embeddable":true,"href":"https:\/\/franciscansinternational.org\/es\/wp-json\/wp\/v2\/tags?post=397"}],"curies":[{"name":"wp","href":"https:\/\/api.w.org\/{rel}","templated":true}]}}