{"id":455,"date":"2023-09-15T11:52:35","date_gmt":"2023-09-15T11:52:35","guid":{"rendered":"https:\/\/franciscansinternational.org\/es\/?p=455"},"modified":"2023-09-15T11:52:36","modified_gmt":"2023-09-15T11:52:36","slug":"los-franciscanos-a-la-cabeza-en-la-defensa-de-los-derechos-humanos-padre-patrick-perera-ofm","status":"publish","type":"post","link":"https:\/\/franciscansinternational.org\/es\/los-franciscanos-a-la-cabeza-en-la-defensa-de-los-derechos-humanos-padre-patrick-perera-ofm\/","title":{"rendered":"Los franciscanos a la cabeza en la defensa de los derechos humanos: Padre Patrick Perera OFM"},"content":{"rendered":"\n<p>Sri Lanka est\u00e1 marcada desde hace tiempo por tensiones y enfrentamientos \u00e9tnicos. Aunque la guerra civil termin\u00f3 en 2009, la falta de cohesi\u00f3n social y un proceso de reconciliaci\u00f3n fallido siguen alimentando la violencia. Durante las celebraciones de Pascua de abril de 2019, una serie de atentados suicidas en tres iglesias y tres hoteles causaron la muerte de m\u00e1s de 250 personas, lo que reaviv\u00f3 viejos agravios. La situaci\u00f3n de los derechos humanos se deterior\u00f3 a\u00fan m\u00e1s debido a una crisis econ\u00f3mica que desencaden\u00f3 las protestas masivas de Aragalaya, que condujeron al desalojo del entonces presidente Gothabaya Rajapaksa en 2022.\u00a0\u00a0<\/p>\n\n\n\n<p>En este contexto, el padre Patrick Perera trabaja para que se haga m\u00e1s justicia y se rindan cuentas por las violaciones de derechos humanos que asolaron su pa\u00eds. Hablamos con \u00e9l de la falta de justicia transicional, de c\u00f3mo le impactaron los atentados de Semana Santa, as\u00ed como de su llamamiento a la poblaci\u00f3n para que se una.\u00a0\u00a0<\/p>\n\n\n\n<hr class=\"wp-block-separator has-alpha-channel-opacity is-style-dots\" \/>\n\n\n\n<p><strong>\u00bfPuede presentarse y explicar cu\u00e1les son los principales problemas de derechos humanos en su pa\u00eds?\u00a0\u00a0<\/strong><\/p>\n\n\n\n<p>Me llamo Patrick Sujeewa Perera y soy un sacerdote que trabaja para la Oficina de Justicia, Paz e Integridad de la Creaci\u00f3n (JPIC) en Sri Lanka. En los \u00faltimos a\u00f1os, mi pa\u00eds se ha enfrentado a una grave crisis de derechos humanos, por lo que he estado participando en actividades para defender los derechos de las personas. El primer problema que observo tiene su origen en las tres d\u00e9cadas de guerra civil que sufri\u00f3 Sri Lanka entre 1983 y 2009. Dada la brutal historia del pa\u00eds, sigue habiendo fuertes tensiones entre las comunidades cingalesa y tamil. Al mismo tiempo, la mala gesti\u00f3n de la econom\u00eda por parte del gobierno y la corrupci\u00f3n provocaron una aguda escasez de combustible y otros suministros necesarios, lo que caus\u00f3 las protestas de Aragalaya, en las que participamos. El tercer problema es la creciente frecuencia de fen\u00f3menos meteorol\u00f3gicos extremos, como sequ\u00edas e inundaciones, debido al cambio clim\u00e1tico, que se ven exacerbados por proyectos insostenibles en nombre del desarrollo. Por \u00faltimo, hay mucha violencia contra los activistas de derechos humanos.&nbsp;&nbsp;<\/p>\n\n\n\n<p><strong>\u00bfQu\u00e9 te inspir\u00f3 para empezar este trabajo y c\u00f3mo conecta con tu vocaci\u00f3n de hermano franciscano?\u00a0<\/strong><\/p>\n\n\n\n<p>Empec\u00e9 como voluntario, pero en aquel momento no estaba seguro de lo que hac\u00eda. <strong><em>Fue cuando presenci\u00e9 personalmente los atentados del Domingo de Pascua y vi los restos de la gente dentro de la iglesia cuando sent\u00ed un profundo cambio dentro de m\u00ed.<\/em><\/strong> Me di cuenta de que, si algunas personas pueden hacer cosas tan terribles contra la humanidad, es mi deber personal contrarrestarlo. Aunque no espero vivir en un mundo en el que no haya ninguna injusticia, como franciscano har\u00e9 lo que pueda contra ella. Incluso ahora, cuando hablo en las Naciones Unidas, me acuerdo de aquel incidente. No s\u00f3lo rezo por las v\u00edctimas, sino que alzo sus voces: Creo que en esto consiste mi vocaci\u00f3n.\u00a0\u00a0<\/p>\n\n\n\n<p><strong>\u00bfQu\u00e9 defiende y por qu\u00e9?\u00a0<\/strong><\/p>\n\n\n\n<p>Abogamos por una mayor transparencia y responsabilidad del gobierno, que tiene en sus manos la vida de la gente corriente. Esto es especialmente importante si queremos eliminar la corrupci\u00f3n del sistema pol\u00edtico. Como personas religiosas y activistas de derechos humanos, es nuestro deber mantenerlos en el buen camino. <strong><em>Tienen que saber que alguien les vigila.<\/em><\/strong> Tambi\u00e9n creo que es importante recordar a la gente que tiene poder para cambiar las cosas. De hecho, las protestas de Aragalaya ayudaron en este sentido, porque <strong><em>la gente se dio cuenta de que tiene poder para protestar, y de que tiene poder para hacer que el gobierno rinda cuentas si est\u00e1 unida.<\/em><\/strong>\u00a0\u00a0<\/p>\n\n\n\n<p><strong>En su trabajo, \u00bfse ha sentido alguna vez en peligro, especialmente cuando las autoridades tienen en el punto de mira a los defensores de los derechos humanos?\u00a0\u00a0<\/strong><\/p>\n\n\n\n<p>Con el trabajo que realizo en relaci\u00f3n con los atentados de Semana Santa, me han recordado muchas veces que tenga cuidado con mis actividades, ya que estamos exigiendo responsabilidades y justicia al gobierno. Tambi\u00e9n particip\u00e9 en las protestas de Aragalaya, donde me enfrent\u00e9 a ataques con gases lacrim\u00f3genos o agua, pero eso es bastante habitual. Hasta ahora no he recibido amenazas personales, pero sigo tomando precauciones para evitar que me ataquen.&nbsp;&nbsp;<\/p>\n\n\n\n<p><strong>\u00a0\u00bfCu\u00e1l es el logro del que se siente m\u00e1s orgulloso?\u00a0\u00a0<\/strong><\/p>\n\n\n\n<p>Lo que m\u00e1s me enorgullece no es algo individual, sino algo que hemos conseguido como grupo. Tras los atentados del Domingo de Resurrecci\u00f3n, otros l\u00edderes religiosos de la di\u00f3cesis de Colombo, como el arzobispo cardenal Malcolm Ranjith, pidieron una investigaci\u00f3n imparcial de este atentado, pero no se llev\u00f3 a cabo. Tras este fracaso, el cardenal quiso llevar la situaci\u00f3n al \u00e1mbito internacional, pero no dispon\u00eda de herramientas ni mecanismos reales. En aquel momento, \u00e9l y la Iglesia cat\u00f3lica de Sri Lanka se sintieron desesperanzados, como todas las v\u00edctimas. <strong><em>Gracias a la ayuda de Franciscans International, nuestro trabajo sobre el terreno ha llegado por fin al \u00e1mbito internacional.<\/em><\/strong> Como franciscanos, tenemos una buena reputaci\u00f3n, y se nos respeta &#8211; este es un gran ejemplo de c\u00f3mo la unidad de grupo puede ser eficaz.\u00a0\u00a0<\/p>\n\n\n\n<p><strong>\u00bfC\u00f3mo ve la evoluci\u00f3n del papel de los franciscanos en Sri Lanka?\u00a0\u00a0\u00a0<\/strong><\/p>\n\n\n\n<p>Siempre hemos hecho obras de caridad, pero tras los atentados de Semana Santa, empezamos a movilizar a la gente, incluidos otros grupos franciscanos. Desde entonces, no s\u00f3lo abogamos por nosotros mismos, sino que colaboramos con toda la familia franciscana, como las Misioneras Franciscanas de Mar\u00eda o los frailes capuchinos. Tambi\u00e9n hay grupos de la sociedad civil que colaboran con nosotros, sobre todo despu\u00e9s de las protestas de Aragayala. Adem\u00e1s, ahora estamos presentes a nivel internacional, as\u00ed que, si algunos grupos no tienen necesariamente acceso a la ONU, podemos ayudarles llevando sus preocupaciones de defensa a ese nivel. Por \u00faltimo, el siguiente paso que veo es debatir c\u00f3mo vamos a seguir trabajando juntos como una familia y elaborar estrategias sobre c\u00f3mo abogar por la defensa de los derechos humanos.\u00a0<\/p>\n\n\n\n<blockquote class=\"wp-block-quote has-small-font-size is-layout-flow wp-block-quote-is-layout-flow\">\n<p>Se trata de una traducci\u00f3n autom\u00e1tica. Rogamos disculpen los errores que puedan haberse producido. En caso de divergencia, la versi\u00f3n inglesa es la autorizada.<\/p>\n<\/blockquote>\n","protected":false},"excerpt":{"rendered":"<p>Sri Lanka est\u00e1 marcada desde hace tiempo por tensiones y enfrentamientos \u00e9tnicos. Aunque la guerra civil termin\u00f3 en 2009, la &#8230; <\/p>\n","protected":false},"author":3,"featured_media":457,"comment_status":"closed","ping_status":"closed","sticky":false,"template":"","format":"standard","meta":{"_relevanssi_hide_post":"","_relevanssi_hide_content":"","_relevanssi_pin_for_all":"","_relevanssi_pin_keywords":"","_relevanssi_unpin_keywords":"","_relevanssi_related_keywords":"","_relevanssi_related_include_ids":"","_relevanssi_related_exclude_ids":"","_relevanssi_related_no_append":"","_relevanssi_related_not_related":"","_relevanssi_related_posts":"325,197,343,260,205,213","_relevanssi_noindex_reason":"","_jetpack_memberships_contains_paid_content":false,"footnotes":""},"categories":[32],"tags":[7],"class_list":["post-455","post","type-post","status-publish","format-standard","has-post-thumbnail","hentry","category-franciscanos-en-la-onu","tag-programa-asia-pacifico"],"acf":[],"yoast_head":"<!-- This site is optimized with the Yoast SEO plugin v27.5 - https:\/\/yoast.com\/product\/yoast-seo-wordpress\/ -->\n<title>Los franciscanos a la cabeza en la defensa de los derechos humanos: Padre Patrick Perera OFM - Franciscans International (ES)<\/title>\n<meta name=\"robots\" content=\"index, follow, max-snippet:-1, max-image-preview:large, max-video-preview:-1\" \/>\n<link rel=\"canonical\" href=\"https:\/\/franciscansinternational.org\/es\/los-franciscanos-a-la-cabeza-en-la-defensa-de-los-derechos-humanos-padre-patrick-perera-ofm\/\" \/>\n<meta property=\"og:locale\" content=\"es_ES\" \/>\n<meta property=\"og:type\" content=\"article\" \/>\n<meta property=\"og:title\" content=\"Los franciscanos a la cabeza en la defensa de los derechos humanos: Padre Patrick Perera OFM - Franciscans International (ES)\" \/>\n<meta property=\"og:description\" content=\"Sri Lanka est\u00e1 marcada desde hace tiempo por tensiones y enfrentamientos \u00e9tnicos. Aunque la guerra civil termin\u00f3 en 2009, la ...\" \/>\n<meta property=\"og:url\" content=\"https:\/\/franciscansinternational.org\/es\/los-franciscanos-a-la-cabeza-en-la-defensa-de-los-derechos-humanos-padre-patrick-perera-ofm\/\" \/>\n<meta property=\"og:site_name\" content=\"Franciscans International (ES)\" \/>\n<meta property=\"article:publisher\" content=\"https:\/\/www.facebook.com\/FranciscansInternational\/\" \/>\n<meta property=\"article:published_time\" content=\"2023-09-15T11:52:35+00:00\" \/>\n<meta property=\"article:modified_time\" content=\"2023-09-15T11:52:36+00:00\" \/>\n<meta property=\"og:image\" content=\"https:\/\/franciscansinternational.org\/es\/wp-content\/uploads\/sites\/3\/2023\/09\/Patrick_banner.jpg\" \/>\n\t<meta property=\"og:image:width\" content=\"2000\" \/>\n\t<meta property=\"og:image:height\" content=\"1250\" \/>\n\t<meta property=\"og:image:type\" content=\"image\/jpeg\" \/>\n<meta name=\"author\" content=\"communications\" \/>\n<meta name=\"twitter:card\" content=\"summary_large_image\" \/>\n<meta name=\"twitter:creator\" content=\"@FranciscansIntl\" \/>\n<meta name=\"twitter:site\" content=\"@FranciscansIntl\" \/>\n<meta name=\"twitter:label1\" content=\"Escrito por\" \/>\n\t<meta name=\"twitter:data1\" content=\"communications\" \/>\n\t<meta name=\"twitter:label2\" content=\"Tiempo de lectura\" \/>\n\t<meta name=\"twitter:data2\" content=\"5 minutos\" \/>\n<script type=\"application\/ld+json\" class=\"yoast-schema-graph\">{\"@context\":\"https:\\\/\\\/schema.org\",\"@graph\":[{\"@type\":\"Article\",\"@id\":\"https:\\\/\\\/franciscansinternational.org\\\/es\\\/los-franciscanos-a-la-cabeza-en-la-defensa-de-los-derechos-humanos-padre-patrick-perera-ofm\\\/#article\",\"isPartOf\":{\"@id\":\"https:\\\/\\\/franciscansinternational.org\\\/es\\\/los-franciscanos-a-la-cabeza-en-la-defensa-de-los-derechos-humanos-padre-patrick-perera-ofm\\\/\"},\"author\":{\"name\":\"communications\",\"@id\":\"https:\\\/\\\/franciscansinternational.org\\\/es\\\/#\\\/schema\\\/person\\\/f398f02712a9dcab7603295bc1ea94e4\"},\"headline\":\"Los franciscanos a la cabeza en la defensa de los derechos humanos: Padre Patrick Perera OFM\",\"datePublished\":\"2023-09-15T11:52:35+00:00\",\"dateModified\":\"2023-09-15T11:52:36+00:00\",\"mainEntityOfPage\":{\"@id\":\"https:\\\/\\\/franciscansinternational.org\\\/es\\\/los-franciscanos-a-la-cabeza-en-la-defensa-de-los-derechos-humanos-padre-patrick-perera-ofm\\\/\"},\"wordCount\":1073,\"publisher\":{\"@id\":\"https:\\\/\\\/franciscansinternational.org\\\/es\\\/#organization\"},\"image\":{\"@id\":\"https:\\\/\\\/franciscansinternational.org\\\/es\\\/los-franciscanos-a-la-cabeza-en-la-defensa-de-los-derechos-humanos-padre-patrick-perera-ofm\\\/#primaryimage\"},\"thumbnailUrl\":\"https:\\\/\\\/franciscansinternational.org\\\/es\\\/wp-content\\\/uploads\\\/sites\\\/3\\\/2023\\\/09\\\/Patrick_banner.jpg\",\"keywords\":[\"Programa Asia-Pac\u00edfico\"],\"articleSection\":[\"Franciscanos en la ONU\"],\"inLanguage\":\"es\"},{\"@type\":\"WebPage\",\"@id\":\"https:\\\/\\\/franciscansinternational.org\\\/es\\\/los-franciscanos-a-la-cabeza-en-la-defensa-de-los-derechos-humanos-padre-patrick-perera-ofm\\\/\",\"url\":\"https:\\\/\\\/franciscansinternational.org\\\/es\\\/los-franciscanos-a-la-cabeza-en-la-defensa-de-los-derechos-humanos-padre-patrick-perera-ofm\\\/\",\"name\":\"Los franciscanos a la cabeza en la defensa de los derechos humanos: Padre Patrick Perera OFM - Franciscans International (ES)\",\"isPartOf\":{\"@id\":\"https:\\\/\\\/franciscansinternational.org\\\/es\\\/#website\"},\"primaryImageOfPage\":{\"@id\":\"https:\\\/\\\/franciscansinternational.org\\\/es\\\/los-franciscanos-a-la-cabeza-en-la-defensa-de-los-derechos-humanos-padre-patrick-perera-ofm\\\/#primaryimage\"},\"image\":{\"@id\":\"https:\\\/\\\/franciscansinternational.org\\\/es\\\/los-franciscanos-a-la-cabeza-en-la-defensa-de-los-derechos-humanos-padre-patrick-perera-ofm\\\/#primaryimage\"},\"thumbnailUrl\":\"https:\\\/\\\/franciscansinternational.org\\\/es\\\/wp-content\\\/uploads\\\/sites\\\/3\\\/2023\\\/09\\\/Patrick_banner.jpg\",\"datePublished\":\"2023-09-15T11:52:35+00:00\",\"dateModified\":\"2023-09-15T11:52:36+00:00\",\"breadcrumb\":{\"@id\":\"https:\\\/\\\/franciscansinternational.org\\\/es\\\/los-franciscanos-a-la-cabeza-en-la-defensa-de-los-derechos-humanos-padre-patrick-perera-ofm\\\/#breadcrumb\"},\"inLanguage\":\"es\",\"potentialAction\":[{\"@type\":\"ReadAction\",\"target\":[\"https:\\\/\\\/franciscansinternational.org\\\/es\\\/los-franciscanos-a-la-cabeza-en-la-defensa-de-los-derechos-humanos-padre-patrick-perera-ofm\\\/\"]}]},{\"@type\":\"ImageObject\",\"inLanguage\":\"es\",\"@id\":\"https:\\\/\\\/franciscansinternational.org\\\/es\\\/los-franciscanos-a-la-cabeza-en-la-defensa-de-los-derechos-humanos-padre-patrick-perera-ofm\\\/#primaryimage\",\"url\":\"https:\\\/\\\/franciscansinternational.org\\\/es\\\/wp-content\\\/uploads\\\/sites\\\/3\\\/2023\\\/09\\\/Patrick_banner.jpg\",\"contentUrl\":\"https:\\\/\\\/franciscansinternational.org\\\/es\\\/wp-content\\\/uploads\\\/sites\\\/3\\\/2023\\\/09\\\/Patrick_banner.jpg\",\"width\":2000,\"height\":1250},{\"@type\":\"BreadcrumbList\",\"@id\":\"https:\\\/\\\/franciscansinternational.org\\\/es\\\/los-franciscanos-a-la-cabeza-en-la-defensa-de-los-derechos-humanos-padre-patrick-perera-ofm\\\/#breadcrumb\",\"itemListElement\":[{\"@type\":\"ListItem\",\"position\":1,\"name\":\"Home\",\"item\":\"https:\\\/\\\/franciscansinternational.org\\\/es\\\/\"},{\"@type\":\"ListItem\",\"position\":2,\"name\":\"Los franciscanos a la cabeza en la defensa de los derechos humanos: Padre Patrick Perera OFM\"}]},{\"@type\":\"WebSite\",\"@id\":\"https:\\\/\\\/franciscansinternational.org\\\/es\\\/#website\",\"url\":\"https:\\\/\\\/franciscansinternational.org\\\/es\\\/\",\"name\":\"Franciscans International (ES)\",\"description\":\"Just another Franciscans International site\",\"publisher\":{\"@id\":\"https:\\\/\\\/franciscansinternational.org\\\/es\\\/#organization\"},\"potentialAction\":[{\"@type\":\"SearchAction\",\"target\":{\"@type\":\"EntryPoint\",\"urlTemplate\":\"https:\\\/\\\/franciscansinternational.org\\\/es\\\/?s={search_term_string}\"},\"query-input\":{\"@type\":\"PropertyValueSpecification\",\"valueRequired\":true,\"valueName\":\"search_term_string\"}}],\"inLanguage\":\"es\"},{\"@type\":\"Organization\",\"@id\":\"https:\\\/\\\/franciscansinternational.org\\\/es\\\/#organization\",\"name\":\"Franciscans International (ES)\",\"url\":\"https:\\\/\\\/franciscansinternational.org\\\/es\\\/\",\"logo\":{\"@type\":\"ImageObject\",\"inLanguage\":\"es\",\"@id\":\"https:\\\/\\\/franciscansinternational.org\\\/es\\\/#\\\/schema\\\/logo\\\/image\\\/\",\"url\":\"https:\\\/\\\/franciscansinternational.org\\\/wp-content\\\/uploads\\\/sites\\\/3\\\/2023\\\/05\\\/logo-3.png\",\"contentUrl\":\"https:\\\/\\\/franciscansinternational.org\\\/wp-content\\\/uploads\\\/sites\\\/3\\\/2023\\\/05\\\/logo-3.png\",\"width\":1200,\"height\":205,\"caption\":\"Franciscans International (ES)\"},\"image\":{\"@id\":\"https:\\\/\\\/franciscansinternational.org\\\/es\\\/#\\\/schema\\\/logo\\\/image\\\/\"},\"sameAs\":[\"https:\\\/\\\/www.facebook.com\\\/FranciscansInternational\\\/\",\"https:\\\/\\\/x.com\\\/FranciscansIntl\",\"https:\\\/\\\/www.youtube.com\\\/channel\\\/UCexu0i-fWB4wwrlPMCz8_Zg\"]},{\"@type\":\"Person\",\"@id\":\"https:\\\/\\\/franciscansinternational.org\\\/es\\\/#\\\/schema\\\/person\\\/f398f02712a9dcab7603295bc1ea94e4\",\"name\":\"communications\",\"image\":{\"@type\":\"ImageObject\",\"inLanguage\":\"es\",\"@id\":\"https:\\\/\\\/secure.gravatar.com\\\/avatar\\\/0b4a62226a9b4f7ce621ec49ca40be1e77d886a42ca84b8a0b0697e9ec17dd63?s=96&d=mm&r=g\",\"url\":\"https:\\\/\\\/secure.gravatar.com\\\/avatar\\\/0b4a62226a9b4f7ce621ec49ca40be1e77d886a42ca84b8a0b0697e9ec17dd63?s=96&d=mm&r=g\",\"contentUrl\":\"https:\\\/\\\/secure.gravatar.com\\\/avatar\\\/0b4a62226a9b4f7ce621ec49ca40be1e77d886a42ca84b8a0b0697e9ec17dd63?s=96&d=mm&r=g\",\"caption\":\"communications\"},\"url\":\"https:\\\/\\\/franciscansinternational.org\\\/es\\\/author\\\/communications\\\/\"}]}<\/script>\n<!-- \/ Yoast SEO plugin. -->","yoast_head_json":{"title":"Los franciscanos a la cabeza en la defensa de los derechos humanos: Padre Patrick Perera OFM - Franciscans International (ES)","robots":{"index":"index","follow":"follow","max-snippet":"max-snippet:-1","max-image-preview":"max-image-preview:large","max-video-preview":"max-video-preview:-1"},"canonical":"https:\/\/franciscansinternational.org\/es\/los-franciscanos-a-la-cabeza-en-la-defensa-de-los-derechos-humanos-padre-patrick-perera-ofm\/","og_locale":"es_ES","og_type":"article","og_title":"Los franciscanos a la cabeza en la defensa de los derechos humanos: Padre Patrick Perera OFM - Franciscans International (ES)","og_description":"Sri Lanka est\u00e1 marcada desde hace tiempo por tensiones y enfrentamientos \u00e9tnicos. Aunque la guerra civil termin\u00f3 en 2009, la ...","og_url":"https:\/\/franciscansinternational.org\/es\/los-franciscanos-a-la-cabeza-en-la-defensa-de-los-derechos-humanos-padre-patrick-perera-ofm\/","og_site_name":"Franciscans International (ES)","article_publisher":"https:\/\/www.facebook.com\/FranciscansInternational\/","article_published_time":"2023-09-15T11:52:35+00:00","article_modified_time":"2023-09-15T11:52:36+00:00","og_image":[{"width":2000,"height":1250,"url":"https:\/\/franciscansinternational.org\/es\/wp-content\/uploads\/sites\/3\/2023\/09\/Patrick_banner.jpg","type":"image\/jpeg"}],"author":"communications","twitter_card":"summary_large_image","twitter_creator":"@FranciscansIntl","twitter_site":"@FranciscansIntl","twitter_misc":{"Escrito por":"communications","Tiempo de lectura":"5 minutos"},"schema":{"@context":"https:\/\/schema.org","@graph":[{"@type":"Article","@id":"https:\/\/franciscansinternational.org\/es\/los-franciscanos-a-la-cabeza-en-la-defensa-de-los-derechos-humanos-padre-patrick-perera-ofm\/#article","isPartOf":{"@id":"https:\/\/franciscansinternational.org\/es\/los-franciscanos-a-la-cabeza-en-la-defensa-de-los-derechos-humanos-padre-patrick-perera-ofm\/"},"author":{"name":"communications","@id":"https:\/\/franciscansinternational.org\/es\/#\/schema\/person\/f398f02712a9dcab7603295bc1ea94e4"},"headline":"Los franciscanos a la cabeza en la defensa de los derechos humanos: Padre Patrick Perera OFM","datePublished":"2023-09-15T11:52:35+00:00","dateModified":"2023-09-15T11:52:36+00:00","mainEntityOfPage":{"@id":"https:\/\/franciscansinternational.org\/es\/los-franciscanos-a-la-cabeza-en-la-defensa-de-los-derechos-humanos-padre-patrick-perera-ofm\/"},"wordCount":1073,"publisher":{"@id":"https:\/\/franciscansinternational.org\/es\/#organization"},"image":{"@id":"https:\/\/franciscansinternational.org\/es\/los-franciscanos-a-la-cabeza-en-la-defensa-de-los-derechos-humanos-padre-patrick-perera-ofm\/#primaryimage"},"thumbnailUrl":"https:\/\/franciscansinternational.org\/es\/wp-content\/uploads\/sites\/3\/2023\/09\/Patrick_banner.jpg","keywords":["Programa Asia-Pac\u00edfico"],"articleSection":["Franciscanos en la ONU"],"inLanguage":"es"},{"@type":"WebPage","@id":"https:\/\/franciscansinternational.org\/es\/los-franciscanos-a-la-cabeza-en-la-defensa-de-los-derechos-humanos-padre-patrick-perera-ofm\/","url":"https:\/\/franciscansinternational.org\/es\/los-franciscanos-a-la-cabeza-en-la-defensa-de-los-derechos-humanos-padre-patrick-perera-ofm\/","name":"Los franciscanos a la cabeza en la defensa de los derechos humanos: Padre Patrick Perera OFM - Franciscans International (ES)","isPartOf":{"@id":"https:\/\/franciscansinternational.org\/es\/#website"},"primaryImageOfPage":{"@id":"https:\/\/franciscansinternational.org\/es\/los-franciscanos-a-la-cabeza-en-la-defensa-de-los-derechos-humanos-padre-patrick-perera-ofm\/#primaryimage"},"image":{"@id":"https:\/\/franciscansinternational.org\/es\/los-franciscanos-a-la-cabeza-en-la-defensa-de-los-derechos-humanos-padre-patrick-perera-ofm\/#primaryimage"},"thumbnailUrl":"https:\/\/franciscansinternational.org\/es\/wp-content\/uploads\/sites\/3\/2023\/09\/Patrick_banner.jpg","datePublished":"2023-09-15T11:52:35+00:00","dateModified":"2023-09-15T11:52:36+00:00","breadcrumb":{"@id":"https:\/\/franciscansinternational.org\/es\/los-franciscanos-a-la-cabeza-en-la-defensa-de-los-derechos-humanos-padre-patrick-perera-ofm\/#breadcrumb"},"inLanguage":"es","potentialAction":[{"@type":"ReadAction","target":["https:\/\/franciscansinternational.org\/es\/los-franciscanos-a-la-cabeza-en-la-defensa-de-los-derechos-humanos-padre-patrick-perera-ofm\/"]}]},{"@type":"ImageObject","inLanguage":"es","@id":"https:\/\/franciscansinternational.org\/es\/los-franciscanos-a-la-cabeza-en-la-defensa-de-los-derechos-humanos-padre-patrick-perera-ofm\/#primaryimage","url":"https:\/\/franciscansinternational.org\/es\/wp-content\/uploads\/sites\/3\/2023\/09\/Patrick_banner.jpg","contentUrl":"https:\/\/franciscansinternational.org\/es\/wp-content\/uploads\/sites\/3\/2023\/09\/Patrick_banner.jpg","width":2000,"height":1250},{"@type":"BreadcrumbList","@id":"https:\/\/franciscansinternational.org\/es\/los-franciscanos-a-la-cabeza-en-la-defensa-de-los-derechos-humanos-padre-patrick-perera-ofm\/#breadcrumb","itemListElement":[{"@type":"ListItem","position":1,"name":"Home","item":"https:\/\/franciscansinternational.org\/es\/"},{"@type":"ListItem","position":2,"name":"Los franciscanos a la cabeza en la defensa de los derechos humanos: Padre Patrick Perera OFM"}]},{"@type":"WebSite","@id":"https:\/\/franciscansinternational.org\/es\/#website","url":"https:\/\/franciscansinternational.org\/es\/","name":"Franciscans International (ES)","description":"Just another Franciscans International site","publisher":{"@id":"https:\/\/franciscansinternational.org\/es\/#organization"},"potentialAction":[{"@type":"SearchAction","target":{"@type":"EntryPoint","urlTemplate":"https:\/\/franciscansinternational.org\/es\/?s={search_term_string}"},"query-input":{"@type":"PropertyValueSpecification","valueRequired":true,"valueName":"search_term_string"}}],"inLanguage":"es"},{"@type":"Organization","@id":"https:\/\/franciscansinternational.org\/es\/#organization","name":"Franciscans International (ES)","url":"https:\/\/franciscansinternational.org\/es\/","logo":{"@type":"ImageObject","inLanguage":"es","@id":"https:\/\/franciscansinternational.org\/es\/#\/schema\/logo\/image\/","url":"https:\/\/franciscansinternational.org\/wp-content\/uploads\/sites\/3\/2023\/05\/logo-3.png","contentUrl":"https:\/\/franciscansinternational.org\/wp-content\/uploads\/sites\/3\/2023\/05\/logo-3.png","width":1200,"height":205,"caption":"Franciscans International (ES)"},"image":{"@id":"https:\/\/franciscansinternational.org\/es\/#\/schema\/logo\/image\/"},"sameAs":["https:\/\/www.facebook.com\/FranciscansInternational\/","https:\/\/x.com\/FranciscansIntl","https:\/\/www.youtube.com\/channel\/UCexu0i-fWB4wwrlPMCz8_Zg"]},{"@type":"Person","@id":"https:\/\/franciscansinternational.org\/es\/#\/schema\/person\/f398f02712a9dcab7603295bc1ea94e4","name":"communications","image":{"@type":"ImageObject","inLanguage":"es","@id":"https:\/\/secure.gravatar.com\/avatar\/0b4a62226a9b4f7ce621ec49ca40be1e77d886a42ca84b8a0b0697e9ec17dd63?s=96&d=mm&r=g","url":"https:\/\/secure.gravatar.com\/avatar\/0b4a62226a9b4f7ce621ec49ca40be1e77d886a42ca84b8a0b0697e9ec17dd63?s=96&d=mm&r=g","contentUrl":"https:\/\/secure.gravatar.com\/avatar\/0b4a62226a9b4f7ce621ec49ca40be1e77d886a42ca84b8a0b0697e9ec17dd63?s=96&d=mm&r=g","caption":"communications"},"url":"https:\/\/franciscansinternational.org\/es\/author\/communications\/"}]}},"jetpack_featured_media_url":"https:\/\/franciscansinternational.org\/es\/wp-content\/uploads\/sites\/3\/2023\/09\/Patrick_banner.jpg","jetpack_sharing_enabled":true,"_links":{"self":[{"href":"https:\/\/franciscansinternational.org\/es\/wp-json\/wp\/v2\/posts\/455","targetHints":{"allow":["GET"]}}],"collection":[{"href":"https:\/\/franciscansinternational.org\/es\/wp-json\/wp\/v2\/posts"}],"about":[{"href":"https:\/\/franciscansinternational.org\/es\/wp-json\/wp\/v2\/types\/post"}],"author":[{"embeddable":true,"href":"https:\/\/franciscansinternational.org\/es\/wp-json\/wp\/v2\/users\/3"}],"replies":[{"embeddable":true,"href":"https:\/\/franciscansinternational.org\/es\/wp-json\/wp\/v2\/comments?post=455"}],"version-history":[{"count":2,"href":"https:\/\/franciscansinternational.org\/es\/wp-json\/wp\/v2\/posts\/455\/revisions"}],"predecessor-version":[{"id":458,"href":"https:\/\/franciscansinternational.org\/es\/wp-json\/wp\/v2\/posts\/455\/revisions\/458"}],"wp:featuredmedia":[{"embeddable":true,"href":"https:\/\/franciscansinternational.org\/es\/wp-json\/wp\/v2\/media\/457"}],"wp:attachment":[{"href":"https:\/\/franciscansinternational.org\/es\/wp-json\/wp\/v2\/media?parent=455"}],"wp:term":[{"taxonomy":"category","embeddable":true,"href":"https:\/\/franciscansinternational.org\/es\/wp-json\/wp\/v2\/categories?post=455"},{"taxonomy":"post_tag","embeddable":true,"href":"https:\/\/franciscansinternational.org\/es\/wp-json\/wp\/v2\/tags?post=455"}],"curies":[{"name":"wp","href":"https:\/\/api.w.org\/{rel}","templated":true}]}}