{"id":470,"date":"2023-09-14T10:47:52","date_gmt":"2023-09-14T10:47:52","guid":{"rendered":"https:\/\/franciscansinternational.org\/es\/?p=470"},"modified":"2023-10-24T12:44:16","modified_gmt":"2023-10-24T12:44:16","slug":"declaraciones-en-la-54a-sesion-del-consejo-de-derechos-humanos","status":"publish","type":"post","link":"https:\/\/franciscansinternational.org\/es\/declaraciones-en-la-54a-sesion-del-consejo-de-derechos-humanos\/","title":{"rendered":"Declaraciones en la 54\u00aa sesi\u00f3n del Consejo de Derechos Humanos"},"content":{"rendered":"\n<p class=\"has-text-align-right has-small-font-size\"><em>UN Photo \/ Jean Marc Ferr\u00e9<\/em><\/p>\n\n\n\n<p>A continuaci\u00f3n encontrar\u00e1 todas las declaraciones realizadas durante esta sesi\u00f3n a medida que est\u00e9n disponibles. Nuestras intervenciones anteriores est\u00e1n disponibles <a href=\"https:\/\/franciscansinternational.org\/es\/resources\/intervenciones-de-incidencia\/\">aqu\u00ed<\/a>.<\/p>\n\n\n\n<hr class=\"wp-block-separator has-alpha-channel-opacity is-style-dots\"\/>\n\n\n\n<p><\/p>\n\n\n\n<p><strong>\u00cdtem 10: Debate General &#8211; Filipinas (11 de octubre)<\/strong><\/p>\n\n\n\n<p>Teniendo en cuenta la impunidad reinante en Filipinas, pedimos al Consejo que no s\u00f3lo renueve el mandato del Programa Conjunto de la ONU sobre Derechos Humanos en el pa\u00eds, sino que reconfigure su mandato para mejorar los mecanismos de rendici\u00f3n de cuentas en materia de derechos humanos. Esta ampliaci\u00f3n deber\u00eda incluir un elemento de supervisi\u00f3n e informaci\u00f3n, un papel de contrapartida para las instituciones nacionales y una participaci\u00f3n significativa para las v\u00edctimas y sus familias. El programa tambi\u00e9n deber\u00eda animar al gobierno a cooperar con el Tribunal Penal Internacional.<\/p>\n\n\n\n<p>\u2022 <a href=\"https:\/\/franciscansinternational.org\/wp-content\/uploads\/2023\/10\/HRC54_Item10_Philippines.pdf\">Declaraci\u00f3n completa (ingl\u00e9s)<\/a><\/p>\n\n\n\n<p><strong>\u00cdtem 10: Di\u00e1logo interactivo sobre el informe relativo a la Rep\u00fablica Democr\u00e1tica del Congo (9 de octubre)<\/strong> <\/p>\n\n\n\n<p>Aunque acogimos con satisfacci\u00f3n el informe del Alto Comisionado y los expertos, observamos que no aborda la buena gobernanza de los recursos subterr\u00e1neos como causa principal de la inestabilidad en la RDC. Nuestras observaciones muestran que muchas empresas mineras siguen desalojando por la fuerza a la poblaci\u00f3n, exponi\u00e9ndola a la pobreza extrema y a la explotaci\u00f3n. Con la transici\u00f3n energ\u00e9tica verde creando una gran demanda de yacimientos congole\u00f1os de cobre y cobalto, preguntamos al Consejo c\u00f3mo podr\u00eda incluir la gobernanza del sector minero en su asistencia t\u00e9cnica.<\/p>\n\n\n\n<p>\u2022 <a href=\"https:\/\/franciscansinternational.org\/wp-content\/uploads\/2023\/10\/HRC54_Item10_DRC.pdf\">Declaraci\u00f3n completa (franc\u00e9s)<\/a><\/p>\n\n\n\n<p><strong><strong>\u00cdtem<\/strong>s 3 y 5: Di\u00e1logo interactivo con el Mecanismo de Expertos sobre los Derechos de los Pueblos Ind\u00edgenas &#8211; Guatemala (28 de septiembre)<\/strong><\/p>\n\n\n\n<p>Durante el conflicto armado en Guatemala, la militarizaci\u00f3n de las tierras ind\u00edgenas provoc\u00f3 graves violaciones de los derechos humanos, como desapariciones forzadas, masacres y desplazamientos forzados. Sin embargo, el sistema judicial no ha conseguido que los responsables rindan cuentas, y una nueva iniciativa podr\u00eda conceder la amnist\u00eda a los militares que cometieron estos cr\u00edmenes. Adem\u00e1s, la militarizaci\u00f3n de las tierras ind\u00edgenas contin\u00faa a d\u00eda de hoy: 85 comunidades han sido desalojadas extrajudicialmente desde 2022. Pedimos al Consejo de Derechos Humanos que inste a Guatemala a proteger y respetar los derechos de los pueblos ind\u00edgenas, incluido su derecho al consentimiento libre, previo e informado.<\/p>\n\n\n\n<p>\u2022 <a href=\"https:\/\/franciscansinternational.org\/wp-content\/uploads\/2023\/09\/HRC54_EMRIP_Guatemala.pdf\" target=\"_blank\" rel=\"noreferrer noopener\">Declaraci\u00f3n completa (espa\u00f1ol)<\/a><\/p>\n\n\n\n<p><strong><strong>\u00cdtem<\/strong>s 3&amp;5: Di\u00e1logo Interactivo con el Mecanismo de Expertos sobre los Derechos de los Pueblos Ind\u00edgenas (28 de septiembre)<\/strong><\/p>\n\n\n\n<p>En una declaraci\u00f3n conjunta, expresamos nuestro agradecimiento al Mecanismo de Expertos por su informe sobre la militarizaci\u00f3n de las tierras ind\u00edgenas, en particular por dar visibilidad a los efectos sobre los derechos econ\u00f3micos, sociales y culturales, as\u00ed como por incluir su punto de vista sobre el papel de la oportunidad empresarial. Tambi\u00e9n aprovechamos la oportunidad para plantear tres casos de Brasil, Guatemala y Nicaragua en los que se siguen violando los derechos de los Pueblos Ind\u00edgenas.<\/p>\n\n\n\n<p>\u2022 <a href=\"https:\/\/franciscansinternational.org\/wp-content\/uploads\/2023\/09\/HRC54_EMRIP_Militarization.pdf\" target=\"_blank\" rel=\"noreferrer noopener\">Declaraci\u00f3n completa (espa\u00f1ol)<\/a><\/p>\n\n\n\n<p><strong>Panel Anual sobre los Derechos de los Pueblos Ind\u00edgenas &#8211; Guatemala (27 de septiembre)<\/strong><\/p>\n\n\n\n<p>Ostensiblemente para \u00abdesarrollar el pa\u00eds\u00bb, Guatemala ha abierto la puerta a empresas nacionales y transnacionales, as\u00ed como a proyectos extractivos. A menudo emprendidos sin consultas ni consentimiento libre, previo e informado de las comunidades afectadas, estos proyectos tienen un impacto desproporcionado sobre los derechos de las mujeres ind\u00edgenas a trav\u00e9s de la explotaci\u00f3n laboral y el trabajo no remunerado. En esta declaraci\u00f3n conjunta, instamos a todos los Estados a que respeten sus obligaciones internacionales y garanticen a las mujeres ind\u00edgenas un papel significativo en los procesos de toma de decisiones.<\/p>\n\n\n\n<p>\u2022 <a href=\"https:\/\/franciscansinternational.org\/wp-content\/uploads\/2023\/09\/HRC54_AnnualPanel_IndigenousPeoples.pdf\" target=\"_blank\" rel=\"noreferrer noopener\">Declaraci\u00f3n completa (espa\u00f1ol)<\/a><\/p>\n\n\n\n<p><strong><strong>\u00cdtem<\/strong> 4: Debate general &#8211; Filipinas (27 de septiembre)<\/strong><\/p>\n\n\n\n<p>Las v\u00edctimas y sus familias siguen buscando justicia por las violaciones de derechos humanos cometidas durante la llamada \u00abguerra contra las drogas\u00bb, emprendida por el ex presidente Duterte. A pesar de que la nueva administraci\u00f3n se ha comprometido a poner fin a las ejecuciones extrajudiciales, desde julio de 2022 se han documentado m\u00e1s de 400 casos. La Sra. Amelia Santos -cuyo marido fue v\u00edctima de una ejecuci\u00f3n extrajudicial en 2016- plante\u00f3 el acoso continuado y la falta de apoyo a las v\u00edctimas y sus familias. Pidi\u00f3 al Consejo que revise si su compromiso con Filipinas ha dado lugar a mecanismos adecuados para hacer efectiva la rendici\u00f3n de cuentas y acabar con la impunidad.<\/p>\n\n\n\n<p>\u2022 <a href=\"https:\/\/franciscansinternational.org\/wp-content\/uploads\/2023\/09\/HRC54_Item4_ThePhilippines.pdf\" target=\"_blank\" rel=\"noreferrer noopener\">Declaraci\u00f3n completa (ingl\u00e9s)<\/a><\/p>\n\n\n\n<p><strong><strong>\u00cdtem<\/strong> 3: Di\u00e1logo interactivo con la Relatora Especial sobre residuos t\u00f3xicos (19 de septiembre)<\/strong><\/p>\n\n\n\n<p>En Colombia, se permite la expansi\u00f3n de las industrias extractivas sin consultar a las comunidades afectadas que sufren las consecuencias. Por ejemplo, la mina \u00abLa Colosa\u00bb en Cajamara ha causado da\u00f1os medioambientales irreversibles en zonas protegidas y ha contaminado fuentes de agua. Teniendo esto en cuenta, pedimos al gobierno que apoye el Proyecto de Ley de Democracia Ambiental, que ayudar\u00eda a garantizar consultas significativas a las comunidades, evitar\u00eda una mayor degradaci\u00f3n ambiental y obligar\u00eda a tomar medidas para mitigar los da\u00f1os ya causados.<\/p>\n\n\n\n<p>\u2022 <a href=\"https:\/\/franciscansinternational.org\/wp-content\/uploads\/2023\/09\/HRC54_Item3_Colombia.pdf\" target=\"_blank\" rel=\"noreferrer noopener\">Declaraci\u00f3n completa (espa\u00f1ol)<\/a><\/p>\n\n\n\n<p><strong>\u00cdtem 2: Debate general &#8211; Guatemala (13 de septiembre)<\/strong><br>En 2022 se documentaron en Guatemala m\u00e1s de 3.574 agresiones contra personas, organizaciones y comunidades defensoras de los derechos humanos. La crisis de derechos humanos en la que est\u00e1 sumido el pa\u00eds se ve agravada por los intentos de instrumentalizar el poder judicial para deslegitimar las recientes elecciones presidenciales. Pedimos al Consejo que inste a todas las instituciones guatemaltecas a que respeten la voluntad del pueblo y garanticen que los funcionarios electorales, los periodistas y los defensores de los derechos humanos puedan llevar a cabo su trabajo sin temor a ser intimidados.&nbsp;<\/p>\n\n\n\n<p>\u2022 <a href=\"https:\/\/franciscansinternational.org\/wp-content\/uploads\/2023\/09\/HRC54_Item3_SolomonIslands.pdf\" target=\"_blank\" rel=\"noreferrer noopener\">Declaraci\u00f3n completa (ingl\u00e9s)<\/a><\/p>\n\n\n\n<p><strong>\u00cdtem 3: Di\u00e1logo interactivo con la Relatora Especial sobre agua y saneamiento (14 de septiembre)<\/strong><\/p>\n\n\n\n<p>La tala de \u00e1rboles en las Islas Salom\u00f3n limita el acceso al agua de las comunidades locales y da\u00f1a los ecosistemas acu\u00e1ticos del pa\u00eds. En este sentido, acogimos con satisfacci\u00f3n la recomendaci\u00f3n del Relator Especial de que las empresas deben rendir cuentas por la degradaci\u00f3n de los sistemas acu\u00e1ticos y ser obligadas a cumplir con sus obligaciones de reparar y compensar estos da\u00f1os. Destacando varios retos de las Islas Salom\u00f3n, pedimos al gobierno que aplique los compromisos que asumi\u00f3 durante su \u00faltimo Examen Peri\u00f3dico Universal.<\/p>\n\n\n\n<p>\u2022 <a href=\"https:\/\/franciscansinternational.org\/wp-content\/uploads\/2023\/09\/HRC54_Item2_Guatemala.pdf\" target=\"_blank\" rel=\"noreferrer noopener\">Declaraci\u00f3n completa (en ingl\u00e9s)<\/a><\/p>\n\n\n\n<blockquote class=\"wp-block-quote has-small-font-size is-layout-flow wp-block-quote-is-layout-flow\">\n<p>Se trata de una traducci\u00f3n autom\u00e1tica. Rogamos disculpen los errores que puedan haberse producido. En caso de divergencia, la versi\u00f3n inglesa es la autorizada.<\/p>\n\n\n\n<p class=\"has-small-font-size\"><\/p>\n<\/blockquote>\n","protected":false},"excerpt":{"rendered":"<p>UN Photo \/ Jean Marc Ferr\u00e9 A continuaci\u00f3n encontrar\u00e1 todas las declaraciones realizadas durante esta sesi\u00f3n a medida que est\u00e9n &#8230; <\/p>\n","protected":false},"author":3,"featured_media":471,"comment_status":"closed","ping_status":"closed","sticky":false,"template":"","format":"standard","meta":{"_relevanssi_hide_post":"","_relevanssi_hide_content":"","_relevanssi_pin_for_all":"","_relevanssi_pin_keywords":"","_relevanssi_unpin_keywords":"","_relevanssi_related_keywords":"","_relevanssi_related_include_ids":"","_relevanssi_related_exclude_ids":"","_relevanssi_related_no_append":"","_relevanssi_related_not_related":"","_relevanssi_related_posts":"325,213,309,438,260,343","_relevanssi_noindex_reason":"","_jetpack_memberships_contains_paid_content":false,"footnotes":""},"categories":[1],"tags":[5,7,6],"class_list":["post-470","post","type-post","status-publish","format-standard","has-post-thumbnail","hentry","category-noticias","tag-programa-africa","tag-programa-asia-pacifico","tag-programa-para-las-americas"],"acf":[],"yoast_head":"<!-- This site is optimized with the Yoast SEO plugin v27.5 - https:\/\/yoast.com\/product\/yoast-seo-wordpress\/ -->\n<title>Declaraciones en la 54\u00aa sesi\u00f3n del Consejo de Derechos Humanos - Franciscans International (ES)<\/title>\n<meta name=\"robots\" content=\"index, follow, max-snippet:-1, max-image-preview:large, max-video-preview:-1\" \/>\n<link rel=\"canonical\" href=\"https:\/\/franciscansinternational.org\/es\/declaraciones-en-la-54a-sesion-del-consejo-de-derechos-humanos\/\" \/>\n<meta property=\"og:locale\" content=\"es_ES\" \/>\n<meta property=\"og:type\" content=\"article\" \/>\n<meta property=\"og:title\" content=\"Declaraciones en la 54\u00aa sesi\u00f3n del Consejo de Derechos Humanos - Franciscans International (ES)\" \/>\n<meta property=\"og:description\" content=\"UN Photo \/ Jean Marc Ferr\u00e9 A continuaci\u00f3n encontrar\u00e1 todas las declaraciones realizadas durante esta sesi\u00f3n a medida que est\u00e9n ...\" \/>\n<meta property=\"og:url\" content=\"https:\/\/franciscansinternational.org\/es\/declaraciones-en-la-54a-sesion-del-consejo-de-derechos-humanos\/\" \/>\n<meta property=\"og:site_name\" content=\"Franciscans International (ES)\" \/>\n<meta property=\"article:publisher\" content=\"https:\/\/www.facebook.com\/FranciscansInternational\/\" \/>\n<meta property=\"article:published_time\" content=\"2023-09-14T10:47:52+00:00\" \/>\n<meta property=\"article:modified_time\" content=\"2023-10-24T12:44:16+00:00\" \/>\n<meta property=\"og:image\" content=\"https:\/\/franciscansinternational.org\/es\/wp-content\/uploads\/sites\/3\/2023\/10\/UN-Photo-Jean-Marc-Ferre.jpg\" \/>\n\t<meta property=\"og:image:width\" content=\"2048\" \/>\n\t<meta property=\"og:image:height\" content=\"1077\" \/>\n\t<meta property=\"og:image:type\" content=\"image\/jpeg\" \/>\n<meta name=\"author\" content=\"communications\" \/>\n<meta name=\"twitter:card\" content=\"summary_large_image\" \/>\n<meta name=\"twitter:creator\" content=\"@FranciscansIntl\" \/>\n<meta name=\"twitter:site\" content=\"@FranciscansIntl\" \/>\n<meta name=\"twitter:label1\" content=\"Escrito por\" \/>\n\t<meta name=\"twitter:data1\" content=\"communications\" \/>\n\t<meta name=\"twitter:label2\" content=\"Tiempo de lectura\" \/>\n\t<meta name=\"twitter:data2\" content=\"5 minutos\" \/>\n<script type=\"application\/ld+json\" class=\"yoast-schema-graph\">{\"@context\":\"https:\\\/\\\/schema.org\",\"@graph\":[{\"@type\":\"Article\",\"@id\":\"https:\\\/\\\/franciscansinternational.org\\\/es\\\/declaraciones-en-la-54a-sesion-del-consejo-de-derechos-humanos\\\/#article\",\"isPartOf\":{\"@id\":\"https:\\\/\\\/franciscansinternational.org\\\/es\\\/declaraciones-en-la-54a-sesion-del-consejo-de-derechos-humanos\\\/\"},\"author\":{\"name\":\"communications\",\"@id\":\"https:\\\/\\\/franciscansinternational.org\\\/es\\\/#\\\/schema\\\/person\\\/f398f02712a9dcab7603295bc1ea94e4\"},\"headline\":\"Declaraciones en la 54\u00aa sesi\u00f3n del Consejo de Derechos Humanos\",\"datePublished\":\"2023-09-14T10:47:52+00:00\",\"dateModified\":\"2023-10-24T12:44:16+00:00\",\"mainEntityOfPage\":{\"@id\":\"https:\\\/\\\/franciscansinternational.org\\\/es\\\/declaraciones-en-la-54a-sesion-del-consejo-de-derechos-humanos\\\/\"},\"wordCount\":1121,\"publisher\":{\"@id\":\"https:\\\/\\\/franciscansinternational.org\\\/es\\\/#organization\"},\"image\":{\"@id\":\"https:\\\/\\\/franciscansinternational.org\\\/es\\\/declaraciones-en-la-54a-sesion-del-consejo-de-derechos-humanos\\\/#primaryimage\"},\"thumbnailUrl\":\"https:\\\/\\\/franciscansinternational.org\\\/es\\\/wp-content\\\/uploads\\\/sites\\\/3\\\/2023\\\/10\\\/UN-Photo-Jean-Marc-Ferre.jpg\",\"keywords\":[\"Programa \u00c1frica\",\"Programa Asia-Pac\u00edfico\",\"Programa para las Am\u00e9ricas\"],\"articleSection\":[\"Noticias\"],\"inLanguage\":\"es\"},{\"@type\":\"WebPage\",\"@id\":\"https:\\\/\\\/franciscansinternational.org\\\/es\\\/declaraciones-en-la-54a-sesion-del-consejo-de-derechos-humanos\\\/\",\"url\":\"https:\\\/\\\/franciscansinternational.org\\\/es\\\/declaraciones-en-la-54a-sesion-del-consejo-de-derechos-humanos\\\/\",\"name\":\"Declaraciones en la 54\u00aa sesi\u00f3n del Consejo de Derechos Humanos - Franciscans International (ES)\",\"isPartOf\":{\"@id\":\"https:\\\/\\\/franciscansinternational.org\\\/es\\\/#website\"},\"primaryImageOfPage\":{\"@id\":\"https:\\\/\\\/franciscansinternational.org\\\/es\\\/declaraciones-en-la-54a-sesion-del-consejo-de-derechos-humanos\\\/#primaryimage\"},\"image\":{\"@id\":\"https:\\\/\\\/franciscansinternational.org\\\/es\\\/declaraciones-en-la-54a-sesion-del-consejo-de-derechos-humanos\\\/#primaryimage\"},\"thumbnailUrl\":\"https:\\\/\\\/franciscansinternational.org\\\/es\\\/wp-content\\\/uploads\\\/sites\\\/3\\\/2023\\\/10\\\/UN-Photo-Jean-Marc-Ferre.jpg\",\"datePublished\":\"2023-09-14T10:47:52+00:00\",\"dateModified\":\"2023-10-24T12:44:16+00:00\",\"breadcrumb\":{\"@id\":\"https:\\\/\\\/franciscansinternational.org\\\/es\\\/declaraciones-en-la-54a-sesion-del-consejo-de-derechos-humanos\\\/#breadcrumb\"},\"inLanguage\":\"es\",\"potentialAction\":[{\"@type\":\"ReadAction\",\"target\":[\"https:\\\/\\\/franciscansinternational.org\\\/es\\\/declaraciones-en-la-54a-sesion-del-consejo-de-derechos-humanos\\\/\"]}]},{\"@type\":\"ImageObject\",\"inLanguage\":\"es\",\"@id\":\"https:\\\/\\\/franciscansinternational.org\\\/es\\\/declaraciones-en-la-54a-sesion-del-consejo-de-derechos-humanos\\\/#primaryimage\",\"url\":\"https:\\\/\\\/franciscansinternational.org\\\/es\\\/wp-content\\\/uploads\\\/sites\\\/3\\\/2023\\\/10\\\/UN-Photo-Jean-Marc-Ferre.jpg\",\"contentUrl\":\"https:\\\/\\\/franciscansinternational.org\\\/es\\\/wp-content\\\/uploads\\\/sites\\\/3\\\/2023\\\/10\\\/UN-Photo-Jean-Marc-Ferre.jpg\",\"width\":2048,\"height\":1077},{\"@type\":\"BreadcrumbList\",\"@id\":\"https:\\\/\\\/franciscansinternational.org\\\/es\\\/declaraciones-en-la-54a-sesion-del-consejo-de-derechos-humanos\\\/#breadcrumb\",\"itemListElement\":[{\"@type\":\"ListItem\",\"position\":1,\"name\":\"Home\",\"item\":\"https:\\\/\\\/franciscansinternational.org\\\/es\\\/\"},{\"@type\":\"ListItem\",\"position\":2,\"name\":\"Declaraciones en la 54\u00aa sesi\u00f3n del Consejo de Derechos Humanos\"}]},{\"@type\":\"WebSite\",\"@id\":\"https:\\\/\\\/franciscansinternational.org\\\/es\\\/#website\",\"url\":\"https:\\\/\\\/franciscansinternational.org\\\/es\\\/\",\"name\":\"Franciscans International (ES)\",\"description\":\"Just another Franciscans International site\",\"publisher\":{\"@id\":\"https:\\\/\\\/franciscansinternational.org\\\/es\\\/#organization\"},\"potentialAction\":[{\"@type\":\"SearchAction\",\"target\":{\"@type\":\"EntryPoint\",\"urlTemplate\":\"https:\\\/\\\/franciscansinternational.org\\\/es\\\/?s={search_term_string}\"},\"query-input\":{\"@type\":\"PropertyValueSpecification\",\"valueRequired\":true,\"valueName\":\"search_term_string\"}}],\"inLanguage\":\"es\"},{\"@type\":\"Organization\",\"@id\":\"https:\\\/\\\/franciscansinternational.org\\\/es\\\/#organization\",\"name\":\"Franciscans International (ES)\",\"url\":\"https:\\\/\\\/franciscansinternational.org\\\/es\\\/\",\"logo\":{\"@type\":\"ImageObject\",\"inLanguage\":\"es\",\"@id\":\"https:\\\/\\\/franciscansinternational.org\\\/es\\\/#\\\/schema\\\/logo\\\/image\\\/\",\"url\":\"https:\\\/\\\/franciscansinternational.org\\\/wp-content\\\/uploads\\\/sites\\\/3\\\/2023\\\/05\\\/logo-3.png\",\"contentUrl\":\"https:\\\/\\\/franciscansinternational.org\\\/wp-content\\\/uploads\\\/sites\\\/3\\\/2023\\\/05\\\/logo-3.png\",\"width\":1200,\"height\":205,\"caption\":\"Franciscans International (ES)\"},\"image\":{\"@id\":\"https:\\\/\\\/franciscansinternational.org\\\/es\\\/#\\\/schema\\\/logo\\\/image\\\/\"},\"sameAs\":[\"https:\\\/\\\/www.facebook.com\\\/FranciscansInternational\\\/\",\"https:\\\/\\\/x.com\\\/FranciscansIntl\",\"https:\\\/\\\/www.youtube.com\\\/channel\\\/UCexu0i-fWB4wwrlPMCz8_Zg\"]},{\"@type\":\"Person\",\"@id\":\"https:\\\/\\\/franciscansinternational.org\\\/es\\\/#\\\/schema\\\/person\\\/f398f02712a9dcab7603295bc1ea94e4\",\"name\":\"communications\",\"image\":{\"@type\":\"ImageObject\",\"inLanguage\":\"es\",\"@id\":\"https:\\\/\\\/secure.gravatar.com\\\/avatar\\\/0b4a62226a9b4f7ce621ec49ca40be1e77d886a42ca84b8a0b0697e9ec17dd63?s=96&d=mm&r=g\",\"url\":\"https:\\\/\\\/secure.gravatar.com\\\/avatar\\\/0b4a62226a9b4f7ce621ec49ca40be1e77d886a42ca84b8a0b0697e9ec17dd63?s=96&d=mm&r=g\",\"contentUrl\":\"https:\\\/\\\/secure.gravatar.com\\\/avatar\\\/0b4a62226a9b4f7ce621ec49ca40be1e77d886a42ca84b8a0b0697e9ec17dd63?s=96&d=mm&r=g\",\"caption\":\"communications\"},\"url\":\"https:\\\/\\\/franciscansinternational.org\\\/es\\\/author\\\/communications\\\/\"}]}<\/script>\n<!-- \/ Yoast SEO plugin. -->","yoast_head_json":{"title":"Declaraciones en la 54\u00aa sesi\u00f3n del Consejo de Derechos Humanos - Franciscans International (ES)","robots":{"index":"index","follow":"follow","max-snippet":"max-snippet:-1","max-image-preview":"max-image-preview:large","max-video-preview":"max-video-preview:-1"},"canonical":"https:\/\/franciscansinternational.org\/es\/declaraciones-en-la-54a-sesion-del-consejo-de-derechos-humanos\/","og_locale":"es_ES","og_type":"article","og_title":"Declaraciones en la 54\u00aa sesi\u00f3n del Consejo de Derechos Humanos - Franciscans International (ES)","og_description":"UN Photo \/ Jean Marc Ferr\u00e9 A continuaci\u00f3n encontrar\u00e1 todas las declaraciones realizadas durante esta sesi\u00f3n a medida que est\u00e9n ...","og_url":"https:\/\/franciscansinternational.org\/es\/declaraciones-en-la-54a-sesion-del-consejo-de-derechos-humanos\/","og_site_name":"Franciscans International (ES)","article_publisher":"https:\/\/www.facebook.com\/FranciscansInternational\/","article_published_time":"2023-09-14T10:47:52+00:00","article_modified_time":"2023-10-24T12:44:16+00:00","og_image":[{"width":2048,"height":1077,"url":"https:\/\/franciscansinternational.org\/es\/wp-content\/uploads\/sites\/3\/2023\/10\/UN-Photo-Jean-Marc-Ferre.jpg","type":"image\/jpeg"}],"author":"communications","twitter_card":"summary_large_image","twitter_creator":"@FranciscansIntl","twitter_site":"@FranciscansIntl","twitter_misc":{"Escrito por":"communications","Tiempo de lectura":"5 minutos"},"schema":{"@context":"https:\/\/schema.org","@graph":[{"@type":"Article","@id":"https:\/\/franciscansinternational.org\/es\/declaraciones-en-la-54a-sesion-del-consejo-de-derechos-humanos\/#article","isPartOf":{"@id":"https:\/\/franciscansinternational.org\/es\/declaraciones-en-la-54a-sesion-del-consejo-de-derechos-humanos\/"},"author":{"name":"communications","@id":"https:\/\/franciscansinternational.org\/es\/#\/schema\/person\/f398f02712a9dcab7603295bc1ea94e4"},"headline":"Declaraciones en la 54\u00aa sesi\u00f3n del Consejo de Derechos Humanos","datePublished":"2023-09-14T10:47:52+00:00","dateModified":"2023-10-24T12:44:16+00:00","mainEntityOfPage":{"@id":"https:\/\/franciscansinternational.org\/es\/declaraciones-en-la-54a-sesion-del-consejo-de-derechos-humanos\/"},"wordCount":1121,"publisher":{"@id":"https:\/\/franciscansinternational.org\/es\/#organization"},"image":{"@id":"https:\/\/franciscansinternational.org\/es\/declaraciones-en-la-54a-sesion-del-consejo-de-derechos-humanos\/#primaryimage"},"thumbnailUrl":"https:\/\/franciscansinternational.org\/es\/wp-content\/uploads\/sites\/3\/2023\/10\/UN-Photo-Jean-Marc-Ferre.jpg","keywords":["Programa \u00c1frica","Programa Asia-Pac\u00edfico","Programa para las Am\u00e9ricas"],"articleSection":["Noticias"],"inLanguage":"es"},{"@type":"WebPage","@id":"https:\/\/franciscansinternational.org\/es\/declaraciones-en-la-54a-sesion-del-consejo-de-derechos-humanos\/","url":"https:\/\/franciscansinternational.org\/es\/declaraciones-en-la-54a-sesion-del-consejo-de-derechos-humanos\/","name":"Declaraciones en la 54\u00aa sesi\u00f3n del Consejo de Derechos Humanos - Franciscans International (ES)","isPartOf":{"@id":"https:\/\/franciscansinternational.org\/es\/#website"},"primaryImageOfPage":{"@id":"https:\/\/franciscansinternational.org\/es\/declaraciones-en-la-54a-sesion-del-consejo-de-derechos-humanos\/#primaryimage"},"image":{"@id":"https:\/\/franciscansinternational.org\/es\/declaraciones-en-la-54a-sesion-del-consejo-de-derechos-humanos\/#primaryimage"},"thumbnailUrl":"https:\/\/franciscansinternational.org\/es\/wp-content\/uploads\/sites\/3\/2023\/10\/UN-Photo-Jean-Marc-Ferre.jpg","datePublished":"2023-09-14T10:47:52+00:00","dateModified":"2023-10-24T12:44:16+00:00","breadcrumb":{"@id":"https:\/\/franciscansinternational.org\/es\/declaraciones-en-la-54a-sesion-del-consejo-de-derechos-humanos\/#breadcrumb"},"inLanguage":"es","potentialAction":[{"@type":"ReadAction","target":["https:\/\/franciscansinternational.org\/es\/declaraciones-en-la-54a-sesion-del-consejo-de-derechos-humanos\/"]}]},{"@type":"ImageObject","inLanguage":"es","@id":"https:\/\/franciscansinternational.org\/es\/declaraciones-en-la-54a-sesion-del-consejo-de-derechos-humanos\/#primaryimage","url":"https:\/\/franciscansinternational.org\/es\/wp-content\/uploads\/sites\/3\/2023\/10\/UN-Photo-Jean-Marc-Ferre.jpg","contentUrl":"https:\/\/franciscansinternational.org\/es\/wp-content\/uploads\/sites\/3\/2023\/10\/UN-Photo-Jean-Marc-Ferre.jpg","width":2048,"height":1077},{"@type":"BreadcrumbList","@id":"https:\/\/franciscansinternational.org\/es\/declaraciones-en-la-54a-sesion-del-consejo-de-derechos-humanos\/#breadcrumb","itemListElement":[{"@type":"ListItem","position":1,"name":"Home","item":"https:\/\/franciscansinternational.org\/es\/"},{"@type":"ListItem","position":2,"name":"Declaraciones en la 54\u00aa sesi\u00f3n del Consejo de Derechos Humanos"}]},{"@type":"WebSite","@id":"https:\/\/franciscansinternational.org\/es\/#website","url":"https:\/\/franciscansinternational.org\/es\/","name":"Franciscans International (ES)","description":"Just another Franciscans International site","publisher":{"@id":"https:\/\/franciscansinternational.org\/es\/#organization"},"potentialAction":[{"@type":"SearchAction","target":{"@type":"EntryPoint","urlTemplate":"https:\/\/franciscansinternational.org\/es\/?s={search_term_string}"},"query-input":{"@type":"PropertyValueSpecification","valueRequired":true,"valueName":"search_term_string"}}],"inLanguage":"es"},{"@type":"Organization","@id":"https:\/\/franciscansinternational.org\/es\/#organization","name":"Franciscans International (ES)","url":"https:\/\/franciscansinternational.org\/es\/","logo":{"@type":"ImageObject","inLanguage":"es","@id":"https:\/\/franciscansinternational.org\/es\/#\/schema\/logo\/image\/","url":"https:\/\/franciscansinternational.org\/wp-content\/uploads\/sites\/3\/2023\/05\/logo-3.png","contentUrl":"https:\/\/franciscansinternational.org\/wp-content\/uploads\/sites\/3\/2023\/05\/logo-3.png","width":1200,"height":205,"caption":"Franciscans International (ES)"},"image":{"@id":"https:\/\/franciscansinternational.org\/es\/#\/schema\/logo\/image\/"},"sameAs":["https:\/\/www.facebook.com\/FranciscansInternational\/","https:\/\/x.com\/FranciscansIntl","https:\/\/www.youtube.com\/channel\/UCexu0i-fWB4wwrlPMCz8_Zg"]},{"@type":"Person","@id":"https:\/\/franciscansinternational.org\/es\/#\/schema\/person\/f398f02712a9dcab7603295bc1ea94e4","name":"communications","image":{"@type":"ImageObject","inLanguage":"es","@id":"https:\/\/secure.gravatar.com\/avatar\/0b4a62226a9b4f7ce621ec49ca40be1e77d886a42ca84b8a0b0697e9ec17dd63?s=96&d=mm&r=g","url":"https:\/\/secure.gravatar.com\/avatar\/0b4a62226a9b4f7ce621ec49ca40be1e77d886a42ca84b8a0b0697e9ec17dd63?s=96&d=mm&r=g","contentUrl":"https:\/\/secure.gravatar.com\/avatar\/0b4a62226a9b4f7ce621ec49ca40be1e77d886a42ca84b8a0b0697e9ec17dd63?s=96&d=mm&r=g","caption":"communications"},"url":"https:\/\/franciscansinternational.org\/es\/author\/communications\/"}]}},"jetpack_featured_media_url":"https:\/\/franciscansinternational.org\/es\/wp-content\/uploads\/sites\/3\/2023\/10\/UN-Photo-Jean-Marc-Ferre.jpg","jetpack_sharing_enabled":true,"_links":{"self":[{"href":"https:\/\/franciscansinternational.org\/es\/wp-json\/wp\/v2\/posts\/470","targetHints":{"allow":["GET"]}}],"collection":[{"href":"https:\/\/franciscansinternational.org\/es\/wp-json\/wp\/v2\/posts"}],"about":[{"href":"https:\/\/franciscansinternational.org\/es\/wp-json\/wp\/v2\/types\/post"}],"author":[{"embeddable":true,"href":"https:\/\/franciscansinternational.org\/es\/wp-json\/wp\/v2\/users\/3"}],"replies":[{"embeddable":true,"href":"https:\/\/franciscansinternational.org\/es\/wp-json\/wp\/v2\/comments?post=470"}],"version-history":[{"count":5,"href":"https:\/\/franciscansinternational.org\/es\/wp-json\/wp\/v2\/posts\/470\/revisions"}],"predecessor-version":[{"id":490,"href":"https:\/\/franciscansinternational.org\/es\/wp-json\/wp\/v2\/posts\/470\/revisions\/490"}],"wp:featuredmedia":[{"embeddable":true,"href":"https:\/\/franciscansinternational.org\/es\/wp-json\/wp\/v2\/media\/471"}],"wp:attachment":[{"href":"https:\/\/franciscansinternational.org\/es\/wp-json\/wp\/v2\/media?parent=470"}],"wp:term":[{"taxonomy":"category","embeddable":true,"href":"https:\/\/franciscansinternational.org\/es\/wp-json\/wp\/v2\/categories?post=470"},{"taxonomy":"post_tag","embeddable":true,"href":"https:\/\/franciscansinternational.org\/es\/wp-json\/wp\/v2\/tags?post=470"}],"curies":[{"name":"wp","href":"https:\/\/api.w.org\/{rel}","templated":true}]}}