{"id":626,"date":"2024-03-28T15:34:39","date_gmt":"2024-03-28T15:34:39","guid":{"rendered":"https:\/\/franciscansinternational.org\/es\/?p=626"},"modified":"2024-03-28T15:34:40","modified_gmt":"2024-03-28T15:34:40","slug":"las-franciscanas-se-suman-a-los-llamamientos-de-la-onu-en-favor-de-la-igualdad-de-genero","status":"publish","type":"post","link":"https:\/\/franciscansinternational.org\/es\/las-franciscanas-se-suman-a-los-llamamientos-de-la-onu-en-favor-de-la-igualdad-de-genero\/","title":{"rendered":"Las franciscanas se suman a los llamamientos de la ONU en favor de la igualdad de g\u00e9nero"},"content":{"rendered":"\n<p>En marzo se celebr\u00f3 en Nueva York la mayor reuni\u00f3n anual de las Naciones Unidas sobre igualdad de g\u00e9nero y empoderamiento de la mujer, con la celebraci\u00f3n del 68\u00ba periodo de sesiones de <a href=\"https:\/\/www.unwomen.org\/es\/como-trabajamos\/comision-de-la-condicion-juridica-y-social-de-la-mujer\">la Comisi\u00f3n de la Condici\u00f3n Jur\u00eddica y Social de la Mujer<\/a> (CSW). Franciscans International aprovech\u00f3 esta oportunidad para proseguir su labor de defensa de la extrema pobreza, entre otras cosas como consecuencia del riesgo desproporcionado de violaciones de los derechos humanos que sufren las mujeres a manos de las empresas transnacionales.<\/p>\n\n\n\n<p>Este a\u00f1o, tambi\u00e9n acogimos a un grupo de nueve mujeres franciscanas, activas en un amplio n\u00famero de cuestiones de derechos humanos que van desde el trabajo social y la migraci\u00f3n hasta el mundo acad\u00e9mico, para que asistieran a la sesi\u00f3n, compartieran sus puntos de vista y se inspiraran para su trabajo.<\/p>\n\n\n\n<p>&nbsp;La 68\u00aa sesi\u00f3n se centr\u00f3 en la necesidad de acelerar el empoderamiento de las mujeres y las ni\u00f1as abordando la pobreza y reforzando las instituciones y la financiaci\u00f3n. Aunque los Estados miembros de la ONU se han comprometido a alcanzar la igualdad de g\u00e9nero para 2030, existe un d\u00e9ficit de gasto anual de 360.000 millones de d\u00f3lares para hacer realidad este objetivo. Esto va al coraz\u00f3n de un problema fundamental: cuando se deja atr\u00e1s a las mujeres, se nos frena a todos.<\/p>\n\n\n\n<figure class=\"wp-block-gallery has-nested-images columns-default is-cropped wp-block-gallery-1 is-layout-flex wp-block-gallery-is-layout-flex\">\n<figure class=\"wp-block-image size-large\"><img loading=\"lazy\" decoding=\"async\" width=\"1024\" height=\"768\" data-id=\"627\" src=\"https:\/\/franciscansinternational.org\/es\/wp-content\/uploads\/sites\/3\/2024\/03\/CSW_1-1024x768.jpg\" alt=\"\" class=\"wp-image-627\" srcset=\"https:\/\/franciscansinternational.org\/es\/wp-content\/uploads\/sites\/3\/2024\/03\/CSW_1-1024x768.jpg 1024w, https:\/\/franciscansinternational.org\/es\/wp-content\/uploads\/sites\/3\/2024\/03\/CSW_1-300x225.jpg 300w, https:\/\/franciscansinternational.org\/es\/wp-content\/uploads\/sites\/3\/2024\/03\/CSW_1-768x576.jpg 768w, https:\/\/franciscansinternational.org\/es\/wp-content\/uploads\/sites\/3\/2024\/03\/CSW_1-1536x1152.jpg 1536w, https:\/\/franciscansinternational.org\/es\/wp-content\/uploads\/sites\/3\/2024\/03\/CSW_1.jpg 1600w\" sizes=\"auto, (max-width: 1024px) 100vw, 1024px\" \/><\/figure>\n\n\n\n<figure class=\"wp-block-image size-large\"><img loading=\"lazy\" decoding=\"async\" width=\"1024\" height=\"768\" data-id=\"628\" src=\"https:\/\/franciscansinternational.org\/es\/wp-content\/uploads\/sites\/3\/2024\/03\/CSW_2-1024x768.jpg\" alt=\"\" class=\"wp-image-628\" srcset=\"https:\/\/franciscansinternational.org\/es\/wp-content\/uploads\/sites\/3\/2024\/03\/CSW_2-1024x768.jpg 1024w, https:\/\/franciscansinternational.org\/es\/wp-content\/uploads\/sites\/3\/2024\/03\/CSW_2-300x225.jpg 300w, https:\/\/franciscansinternational.org\/es\/wp-content\/uploads\/sites\/3\/2024\/03\/CSW_2-768x576.jpg 768w, https:\/\/franciscansinternational.org\/es\/wp-content\/uploads\/sites\/3\/2024\/03\/CSW_2-1536x1152.jpg 1536w, https:\/\/franciscansinternational.org\/es\/wp-content\/uploads\/sites\/3\/2024\/03\/CSW_2-2048x1536.jpg 2048w\" sizes=\"auto, (max-width: 1024px) 100vw, 1024px\" \/><\/figure>\n\n\n\n<figure class=\"wp-block-image size-large\"><img loading=\"lazy\" decoding=\"async\" width=\"1024\" height=\"768\" data-id=\"629\" src=\"https:\/\/franciscansinternational.org\/es\/wp-content\/uploads\/sites\/3\/2024\/03\/CSW_3-1024x768.jpg\" alt=\"\" class=\"wp-image-629\" srcset=\"https:\/\/franciscansinternational.org\/es\/wp-content\/uploads\/sites\/3\/2024\/03\/CSW_3-1024x768.jpg 1024w, https:\/\/franciscansinternational.org\/es\/wp-content\/uploads\/sites\/3\/2024\/03\/CSW_3-300x225.jpg 300w, https:\/\/franciscansinternational.org\/es\/wp-content\/uploads\/sites\/3\/2024\/03\/CSW_3-768x576.jpg 768w, https:\/\/franciscansinternational.org\/es\/wp-content\/uploads\/sites\/3\/2024\/03\/CSW_3-1536x1152.jpg 1536w, https:\/\/franciscansinternational.org\/es\/wp-content\/uploads\/sites\/3\/2024\/03\/CSW_3-2048x1536.jpg 2048w\" sizes=\"auto, (max-width: 1024px) 100vw, 1024px\" \/><\/figure>\n<\/figure>\n\n\n\n<p>\u00abSeguimos diciendo a las ni\u00f1as que &#8216;disparen a la luna porque acabar\u00e1n entre las estrellas&#8217;. Pero apenas podemos llegar a la luna\u00bb, afirma Gabriella Mart\u00ednez, de la Red de Acci\u00f3n Franciscana, que formaba parte de la delegaci\u00f3n de FI. \u00abEn la sesi\u00f3n o\u00ed que la paz tiene un 20% m\u00e1s de probabilidades de durar si las mujeres participan en los di\u00e1logos. Puede que no parezca una gran diferencia, pero cuando tenemos todas estas disputas en el mundo, s\u00ed lo es. Y o\u00ed que las mujeres dicen: &#8216;Tenemos las soluciones; s\u00f3lo que no tenemos los recursos'\u00bb.<\/p>\n\n\n\n<p><strong>\u00abAmortiguadores\u00bb<\/strong><\/p>\n\n\n\n<p>Uno de los principales motivos de preocupaci\u00f3n para FI sigue siendo el papel de las empresas a la hora de alimentar las violaciones de los derechos humanos y la degradaci\u00f3n del medio ambiente, que a menudo afecta de manera desproporcionada a mujeres y ni\u00f1as. Aunque muchas empresas defienden de boquilla la igualdad de g\u00e9nero, las mujeres se enfrentan a violaciones sistem\u00e1ticas en todo el mundo, incluida la explotaci\u00f3n financiera y sexual. <\/p>\n\n\n\n<p>Al margen de la sesi\u00f3n, FI apoy\u00f3 un acto organizado por las Feministas por un Tratado Vinculante, en el que las ponentes pudieron compartir casos de Argentina, Indonesia, Kenia y los Territorios Palestinos Ocupados. El debate tambi\u00e9n explor\u00f3 formas de fortalecer los v\u00ednculos entre la CSW en Nueva York y las negociaciones en curso en la ONU en Ginebra sobre un nuevo tratado que regular\u00eda las actividades de las empresas transnacionales en virtud de la legislaci\u00f3n internacional de derechos humanos.&nbsp;<\/p>\n\n\n\n<blockquote class=\"wp-block-quote has-text-align-right has-small-font-size is-layout-flow wp-block-quote-is-layout-flow\" style=\"font-style:normal;font-weight:600\">\n<p>\u00abSi San Francisco viviera hoy, estar\u00eda en la Comisi\u00f3n de la Condici\u00f3n Jur\u00eddica y Social de la Mujer\u00bb.<\/p>\n<cite>Hermana Maryann A. Mueller CSSF<\/cite><\/blockquote>\n\n\n\n<p><\/p>\n\n\n\n<p>Haci\u00e9ndose eco de algunos de los temas debatidos durante este evento y tras dos intensas semanas, el documento final de la sesi\u00f3n reconoce que las mujeres y las ni\u00f1as que viven en la pobreza se han convertido en \u00abamortiguadores\u00bb en tiempos de crisis. Reconociendo las deficiencias de la arquitectura financiera internacional, la Comisi\u00f3n tambi\u00e9n recomend\u00f3 a los Estados miembros de la ONU que pongan en marcha reformas que incluyan una fiscalidad progresiva, el cumplimiento de las normas laborales b\u00e1sicas y nuevas estrategias hacia econom\u00edas sostenibles.<\/p>\n\n\n\n<p>Estas <a href=\"https:\/\/www.unwomen.org\/en\/news-stories\/press-release\/2024\/03\/un-women-welcomes-the-adoption-of-robust-blueprint-to-end-womens-poverty\">Conclusiones Acordadas<\/a>, junto con el lenguaje procedente de otros mecanismos de derechos humanos de la ONU y los compromisos de los Estados en virtud del derecho internacional, seguir\u00e1n informando y dando forma al trabajo de FI para empoderar a quienes trabajan por la igualdad de g\u00e9nero en las bases y en la ONU.<\/p>\n\n\n\n<blockquote class=\"wp-block-quote is-layout-flow wp-block-quote-is-layout-flow\">\n<p class=\"has-small-font-size\">Se trata de una traducci\u00f3n autom\u00e1tica. Rogamos disculpen los errores que puedan haberse producido. En caso de divergencia, la versi\u00f3n inglesa es la autorizada.<\/p>\n<\/blockquote>\n","protected":false},"excerpt":{"rendered":"<p>En marzo se celebr\u00f3 en Nueva York la mayor reuni\u00f3n anual de las Naciones Unidas sobre igualdad de g\u00e9nero y &#8230; <\/p>\n","protected":false},"author":3,"featured_media":630,"comment_status":"closed","ping_status":"closed","sticky":false,"template":"","format":"standard","meta":{"_relevanssi_hide_post":"","_relevanssi_hide_content":"","_relevanssi_pin_for_all":"","_relevanssi_pin_keywords":"","_relevanssi_unpin_keywords":"","_relevanssi_related_keywords":"","_relevanssi_related_include_ids":"","_relevanssi_related_exclude_ids":"","_relevanssi_related_no_append":"","_relevanssi_related_not_related":"","_relevanssi_related_posts":"192,325,271,520,397,188","_relevanssi_noindex_reason":"","_jetpack_memberships_contains_paid_content":false,"footnotes":""},"categories":[32,1],"tags":[9],"class_list":["post-626","post","type-post","status-publish","format-standard","has-post-thumbnail","hentry","category-franciscanos-en-la-onu","category-noticias","tag-dignidad-de-toda-persona"],"acf":[],"yoast_head":"<!-- This site is optimized with the Yoast SEO plugin v27.5 - https:\/\/yoast.com\/product\/yoast-seo-wordpress\/ -->\n<title>Las franciscanas se suman a los llamamientos de la ONU en favor de la igualdad de g\u00e9nero - Franciscans International (ES)<\/title>\n<meta name=\"robots\" content=\"index, follow, max-snippet:-1, max-image-preview:large, max-video-preview:-1\" \/>\n<link rel=\"canonical\" href=\"https:\/\/franciscansinternational.org\/es\/las-franciscanas-se-suman-a-los-llamamientos-de-la-onu-en-favor-de-la-igualdad-de-genero\/\" \/>\n<meta property=\"og:locale\" content=\"es_ES\" \/>\n<meta property=\"og:type\" content=\"article\" \/>\n<meta property=\"og:title\" content=\"Las franciscanas se suman a los llamamientos de la ONU en favor de la igualdad de g\u00e9nero - Franciscans International (ES)\" \/>\n<meta property=\"og:description\" content=\"En marzo se celebr\u00f3 en Nueva York la mayor reuni\u00f3n anual de las Naciones Unidas sobre igualdad de g\u00e9nero y ...\" \/>\n<meta property=\"og:url\" content=\"https:\/\/franciscansinternational.org\/es\/las-franciscanas-se-suman-a-los-llamamientos-de-la-onu-en-favor-de-la-igualdad-de-genero\/\" \/>\n<meta property=\"og:site_name\" content=\"Franciscans International (ES)\" \/>\n<meta property=\"article:publisher\" content=\"https:\/\/www.facebook.com\/FranciscansInternational\/\" \/>\n<meta property=\"article:published_time\" content=\"2024-03-28T15:34:39+00:00\" \/>\n<meta property=\"article:modified_time\" content=\"2024-03-28T15:34:40+00:00\" \/>\n<meta property=\"og:image\" content=\"https:\/\/franciscansinternational.org\/es\/wp-content\/uploads\/sites\/3\/2024\/03\/CSW_banner.jpg\" \/>\n\t<meta property=\"og:image:width\" content=\"1405\" \/>\n\t<meta property=\"og:image:height\" content=\"790\" \/>\n\t<meta property=\"og:image:type\" content=\"image\/jpeg\" \/>\n<meta name=\"author\" content=\"communications\" \/>\n<meta name=\"twitter:card\" content=\"summary_large_image\" \/>\n<meta name=\"twitter:creator\" content=\"@FranciscansIntl\" \/>\n<meta name=\"twitter:site\" content=\"@FranciscansIntl\" \/>\n<meta name=\"twitter:label1\" content=\"Escrito por\" \/>\n\t<meta name=\"twitter:data1\" content=\"communications\" \/>\n\t<meta name=\"twitter:label2\" content=\"Tiempo de lectura\" \/>\n\t<meta name=\"twitter:data2\" content=\"4 minutos\" \/>\n<script type=\"application\/ld+json\" class=\"yoast-schema-graph\">{\"@context\":\"https:\\\/\\\/schema.org\",\"@graph\":[{\"@type\":\"Article\",\"@id\":\"https:\\\/\\\/franciscansinternational.org\\\/es\\\/las-franciscanas-se-suman-a-los-llamamientos-de-la-onu-en-favor-de-la-igualdad-de-genero\\\/#article\",\"isPartOf\":{\"@id\":\"https:\\\/\\\/franciscansinternational.org\\\/es\\\/las-franciscanas-se-suman-a-los-llamamientos-de-la-onu-en-favor-de-la-igualdad-de-genero\\\/\"},\"author\":{\"name\":\"communications\",\"@id\":\"https:\\\/\\\/franciscansinternational.org\\\/es\\\/#\\\/schema\\\/person\\\/f398f02712a9dcab7603295bc1ea94e4\"},\"headline\":\"Las franciscanas se suman a los llamamientos de la ONU en favor de la igualdad de g\u00e9nero\",\"datePublished\":\"2024-03-28T15:34:39+00:00\",\"dateModified\":\"2024-03-28T15:34:40+00:00\",\"mainEntityOfPage\":{\"@id\":\"https:\\\/\\\/franciscansinternational.org\\\/es\\\/las-franciscanas-se-suman-a-los-llamamientos-de-la-onu-en-favor-de-la-igualdad-de-genero\\\/\"},\"wordCount\":721,\"publisher\":{\"@id\":\"https:\\\/\\\/franciscansinternational.org\\\/es\\\/#organization\"},\"image\":{\"@id\":\"https:\\\/\\\/franciscansinternational.org\\\/es\\\/las-franciscanas-se-suman-a-los-llamamientos-de-la-onu-en-favor-de-la-igualdad-de-genero\\\/#primaryimage\"},\"thumbnailUrl\":\"https:\\\/\\\/franciscansinternational.org\\\/es\\\/wp-content\\\/uploads\\\/sites\\\/3\\\/2024\\\/03\\\/CSW_banner.jpg\",\"keywords\":[\"Dignidad de toda persona\"],\"articleSection\":[\"Franciscanos en la ONU\",\"Noticias\"],\"inLanguage\":\"es\"},{\"@type\":\"WebPage\",\"@id\":\"https:\\\/\\\/franciscansinternational.org\\\/es\\\/las-franciscanas-se-suman-a-los-llamamientos-de-la-onu-en-favor-de-la-igualdad-de-genero\\\/\",\"url\":\"https:\\\/\\\/franciscansinternational.org\\\/es\\\/las-franciscanas-se-suman-a-los-llamamientos-de-la-onu-en-favor-de-la-igualdad-de-genero\\\/\",\"name\":\"Las franciscanas se suman a los llamamientos de la ONU en favor de la igualdad de g\u00e9nero - Franciscans International (ES)\",\"isPartOf\":{\"@id\":\"https:\\\/\\\/franciscansinternational.org\\\/es\\\/#website\"},\"primaryImageOfPage\":{\"@id\":\"https:\\\/\\\/franciscansinternational.org\\\/es\\\/las-franciscanas-se-suman-a-los-llamamientos-de-la-onu-en-favor-de-la-igualdad-de-genero\\\/#primaryimage\"},\"image\":{\"@id\":\"https:\\\/\\\/franciscansinternational.org\\\/es\\\/las-franciscanas-se-suman-a-los-llamamientos-de-la-onu-en-favor-de-la-igualdad-de-genero\\\/#primaryimage\"},\"thumbnailUrl\":\"https:\\\/\\\/franciscansinternational.org\\\/es\\\/wp-content\\\/uploads\\\/sites\\\/3\\\/2024\\\/03\\\/CSW_banner.jpg\",\"datePublished\":\"2024-03-28T15:34:39+00:00\",\"dateModified\":\"2024-03-28T15:34:40+00:00\",\"breadcrumb\":{\"@id\":\"https:\\\/\\\/franciscansinternational.org\\\/es\\\/las-franciscanas-se-suman-a-los-llamamientos-de-la-onu-en-favor-de-la-igualdad-de-genero\\\/#breadcrumb\"},\"inLanguage\":\"es\",\"potentialAction\":[{\"@type\":\"ReadAction\",\"target\":[\"https:\\\/\\\/franciscansinternational.org\\\/es\\\/las-franciscanas-se-suman-a-los-llamamientos-de-la-onu-en-favor-de-la-igualdad-de-genero\\\/\"]}]},{\"@type\":\"ImageObject\",\"inLanguage\":\"es\",\"@id\":\"https:\\\/\\\/franciscansinternational.org\\\/es\\\/las-franciscanas-se-suman-a-los-llamamientos-de-la-onu-en-favor-de-la-igualdad-de-genero\\\/#primaryimage\",\"url\":\"https:\\\/\\\/franciscansinternational.org\\\/es\\\/wp-content\\\/uploads\\\/sites\\\/3\\\/2024\\\/03\\\/CSW_banner.jpg\",\"contentUrl\":\"https:\\\/\\\/franciscansinternational.org\\\/es\\\/wp-content\\\/uploads\\\/sites\\\/3\\\/2024\\\/03\\\/CSW_banner.jpg\",\"width\":1405,\"height\":790},{\"@type\":\"BreadcrumbList\",\"@id\":\"https:\\\/\\\/franciscansinternational.org\\\/es\\\/las-franciscanas-se-suman-a-los-llamamientos-de-la-onu-en-favor-de-la-igualdad-de-genero\\\/#breadcrumb\",\"itemListElement\":[{\"@type\":\"ListItem\",\"position\":1,\"name\":\"Home\",\"item\":\"https:\\\/\\\/franciscansinternational.org\\\/es\\\/\"},{\"@type\":\"ListItem\",\"position\":2,\"name\":\"Las franciscanas se suman a los llamamientos de la ONU en favor de la igualdad de g\u00e9nero\"}]},{\"@type\":\"WebSite\",\"@id\":\"https:\\\/\\\/franciscansinternational.org\\\/es\\\/#website\",\"url\":\"https:\\\/\\\/franciscansinternational.org\\\/es\\\/\",\"name\":\"Franciscans International (ES)\",\"description\":\"Just another Franciscans International site\",\"publisher\":{\"@id\":\"https:\\\/\\\/franciscansinternational.org\\\/es\\\/#organization\"},\"potentialAction\":[{\"@type\":\"SearchAction\",\"target\":{\"@type\":\"EntryPoint\",\"urlTemplate\":\"https:\\\/\\\/franciscansinternational.org\\\/es\\\/?s={search_term_string}\"},\"query-input\":{\"@type\":\"PropertyValueSpecification\",\"valueRequired\":true,\"valueName\":\"search_term_string\"}}],\"inLanguage\":\"es\"},{\"@type\":\"Organization\",\"@id\":\"https:\\\/\\\/franciscansinternational.org\\\/es\\\/#organization\",\"name\":\"Franciscans International (ES)\",\"url\":\"https:\\\/\\\/franciscansinternational.org\\\/es\\\/\",\"logo\":{\"@type\":\"ImageObject\",\"inLanguage\":\"es\",\"@id\":\"https:\\\/\\\/franciscansinternational.org\\\/es\\\/#\\\/schema\\\/logo\\\/image\\\/\",\"url\":\"https:\\\/\\\/franciscansinternational.org\\\/wp-content\\\/uploads\\\/sites\\\/3\\\/2023\\\/05\\\/logo-3.png\",\"contentUrl\":\"https:\\\/\\\/franciscansinternational.org\\\/wp-content\\\/uploads\\\/sites\\\/3\\\/2023\\\/05\\\/logo-3.png\",\"width\":1200,\"height\":205,\"caption\":\"Franciscans International (ES)\"},\"image\":{\"@id\":\"https:\\\/\\\/franciscansinternational.org\\\/es\\\/#\\\/schema\\\/logo\\\/image\\\/\"},\"sameAs\":[\"https:\\\/\\\/www.facebook.com\\\/FranciscansInternational\\\/\",\"https:\\\/\\\/x.com\\\/FranciscansIntl\",\"https:\\\/\\\/www.youtube.com\\\/channel\\\/UCexu0i-fWB4wwrlPMCz8_Zg\"]},{\"@type\":\"Person\",\"@id\":\"https:\\\/\\\/franciscansinternational.org\\\/es\\\/#\\\/schema\\\/person\\\/f398f02712a9dcab7603295bc1ea94e4\",\"name\":\"communications\",\"image\":{\"@type\":\"ImageObject\",\"inLanguage\":\"es\",\"@id\":\"https:\\\/\\\/secure.gravatar.com\\\/avatar\\\/0b4a62226a9b4f7ce621ec49ca40be1e77d886a42ca84b8a0b0697e9ec17dd63?s=96&d=mm&r=g\",\"url\":\"https:\\\/\\\/secure.gravatar.com\\\/avatar\\\/0b4a62226a9b4f7ce621ec49ca40be1e77d886a42ca84b8a0b0697e9ec17dd63?s=96&d=mm&r=g\",\"contentUrl\":\"https:\\\/\\\/secure.gravatar.com\\\/avatar\\\/0b4a62226a9b4f7ce621ec49ca40be1e77d886a42ca84b8a0b0697e9ec17dd63?s=96&d=mm&r=g\",\"caption\":\"communications\"},\"url\":\"https:\\\/\\\/franciscansinternational.org\\\/es\\\/author\\\/communications\\\/\"}]}<\/script>\n<!-- \/ Yoast SEO plugin. -->","yoast_head_json":{"title":"Las franciscanas se suman a los llamamientos de la ONU en favor de la igualdad de g\u00e9nero - Franciscans International (ES)","robots":{"index":"index","follow":"follow","max-snippet":"max-snippet:-1","max-image-preview":"max-image-preview:large","max-video-preview":"max-video-preview:-1"},"canonical":"https:\/\/franciscansinternational.org\/es\/las-franciscanas-se-suman-a-los-llamamientos-de-la-onu-en-favor-de-la-igualdad-de-genero\/","og_locale":"es_ES","og_type":"article","og_title":"Las franciscanas se suman a los llamamientos de la ONU en favor de la igualdad de g\u00e9nero - Franciscans International (ES)","og_description":"En marzo se celebr\u00f3 en Nueva York la mayor reuni\u00f3n anual de las Naciones Unidas sobre igualdad de g\u00e9nero y ...","og_url":"https:\/\/franciscansinternational.org\/es\/las-franciscanas-se-suman-a-los-llamamientos-de-la-onu-en-favor-de-la-igualdad-de-genero\/","og_site_name":"Franciscans International (ES)","article_publisher":"https:\/\/www.facebook.com\/FranciscansInternational\/","article_published_time":"2024-03-28T15:34:39+00:00","article_modified_time":"2024-03-28T15:34:40+00:00","og_image":[{"width":1405,"height":790,"url":"https:\/\/franciscansinternational.org\/es\/wp-content\/uploads\/sites\/3\/2024\/03\/CSW_banner.jpg","type":"image\/jpeg"}],"author":"communications","twitter_card":"summary_large_image","twitter_creator":"@FranciscansIntl","twitter_site":"@FranciscansIntl","twitter_misc":{"Escrito por":"communications","Tiempo de lectura":"4 minutos"},"schema":{"@context":"https:\/\/schema.org","@graph":[{"@type":"Article","@id":"https:\/\/franciscansinternational.org\/es\/las-franciscanas-se-suman-a-los-llamamientos-de-la-onu-en-favor-de-la-igualdad-de-genero\/#article","isPartOf":{"@id":"https:\/\/franciscansinternational.org\/es\/las-franciscanas-se-suman-a-los-llamamientos-de-la-onu-en-favor-de-la-igualdad-de-genero\/"},"author":{"name":"communications","@id":"https:\/\/franciscansinternational.org\/es\/#\/schema\/person\/f398f02712a9dcab7603295bc1ea94e4"},"headline":"Las franciscanas se suman a los llamamientos de la ONU en favor de la igualdad de g\u00e9nero","datePublished":"2024-03-28T15:34:39+00:00","dateModified":"2024-03-28T15:34:40+00:00","mainEntityOfPage":{"@id":"https:\/\/franciscansinternational.org\/es\/las-franciscanas-se-suman-a-los-llamamientos-de-la-onu-en-favor-de-la-igualdad-de-genero\/"},"wordCount":721,"publisher":{"@id":"https:\/\/franciscansinternational.org\/es\/#organization"},"image":{"@id":"https:\/\/franciscansinternational.org\/es\/las-franciscanas-se-suman-a-los-llamamientos-de-la-onu-en-favor-de-la-igualdad-de-genero\/#primaryimage"},"thumbnailUrl":"https:\/\/franciscansinternational.org\/es\/wp-content\/uploads\/sites\/3\/2024\/03\/CSW_banner.jpg","keywords":["Dignidad de toda persona"],"articleSection":["Franciscanos en la ONU","Noticias"],"inLanguage":"es"},{"@type":"WebPage","@id":"https:\/\/franciscansinternational.org\/es\/las-franciscanas-se-suman-a-los-llamamientos-de-la-onu-en-favor-de-la-igualdad-de-genero\/","url":"https:\/\/franciscansinternational.org\/es\/las-franciscanas-se-suman-a-los-llamamientos-de-la-onu-en-favor-de-la-igualdad-de-genero\/","name":"Las franciscanas se suman a los llamamientos de la ONU en favor de la igualdad de g\u00e9nero - Franciscans International (ES)","isPartOf":{"@id":"https:\/\/franciscansinternational.org\/es\/#website"},"primaryImageOfPage":{"@id":"https:\/\/franciscansinternational.org\/es\/las-franciscanas-se-suman-a-los-llamamientos-de-la-onu-en-favor-de-la-igualdad-de-genero\/#primaryimage"},"image":{"@id":"https:\/\/franciscansinternational.org\/es\/las-franciscanas-se-suman-a-los-llamamientos-de-la-onu-en-favor-de-la-igualdad-de-genero\/#primaryimage"},"thumbnailUrl":"https:\/\/franciscansinternational.org\/es\/wp-content\/uploads\/sites\/3\/2024\/03\/CSW_banner.jpg","datePublished":"2024-03-28T15:34:39+00:00","dateModified":"2024-03-28T15:34:40+00:00","breadcrumb":{"@id":"https:\/\/franciscansinternational.org\/es\/las-franciscanas-se-suman-a-los-llamamientos-de-la-onu-en-favor-de-la-igualdad-de-genero\/#breadcrumb"},"inLanguage":"es","potentialAction":[{"@type":"ReadAction","target":["https:\/\/franciscansinternational.org\/es\/las-franciscanas-se-suman-a-los-llamamientos-de-la-onu-en-favor-de-la-igualdad-de-genero\/"]}]},{"@type":"ImageObject","inLanguage":"es","@id":"https:\/\/franciscansinternational.org\/es\/las-franciscanas-se-suman-a-los-llamamientos-de-la-onu-en-favor-de-la-igualdad-de-genero\/#primaryimage","url":"https:\/\/franciscansinternational.org\/es\/wp-content\/uploads\/sites\/3\/2024\/03\/CSW_banner.jpg","contentUrl":"https:\/\/franciscansinternational.org\/es\/wp-content\/uploads\/sites\/3\/2024\/03\/CSW_banner.jpg","width":1405,"height":790},{"@type":"BreadcrumbList","@id":"https:\/\/franciscansinternational.org\/es\/las-franciscanas-se-suman-a-los-llamamientos-de-la-onu-en-favor-de-la-igualdad-de-genero\/#breadcrumb","itemListElement":[{"@type":"ListItem","position":1,"name":"Home","item":"https:\/\/franciscansinternational.org\/es\/"},{"@type":"ListItem","position":2,"name":"Las franciscanas se suman a los llamamientos de la ONU en favor de la igualdad de g\u00e9nero"}]},{"@type":"WebSite","@id":"https:\/\/franciscansinternational.org\/es\/#website","url":"https:\/\/franciscansinternational.org\/es\/","name":"Franciscans International (ES)","description":"Just another Franciscans International site","publisher":{"@id":"https:\/\/franciscansinternational.org\/es\/#organization"},"potentialAction":[{"@type":"SearchAction","target":{"@type":"EntryPoint","urlTemplate":"https:\/\/franciscansinternational.org\/es\/?s={search_term_string}"},"query-input":{"@type":"PropertyValueSpecification","valueRequired":true,"valueName":"search_term_string"}}],"inLanguage":"es"},{"@type":"Organization","@id":"https:\/\/franciscansinternational.org\/es\/#organization","name":"Franciscans International (ES)","url":"https:\/\/franciscansinternational.org\/es\/","logo":{"@type":"ImageObject","inLanguage":"es","@id":"https:\/\/franciscansinternational.org\/es\/#\/schema\/logo\/image\/","url":"https:\/\/franciscansinternational.org\/wp-content\/uploads\/sites\/3\/2023\/05\/logo-3.png","contentUrl":"https:\/\/franciscansinternational.org\/wp-content\/uploads\/sites\/3\/2023\/05\/logo-3.png","width":1200,"height":205,"caption":"Franciscans International (ES)"},"image":{"@id":"https:\/\/franciscansinternational.org\/es\/#\/schema\/logo\/image\/"},"sameAs":["https:\/\/www.facebook.com\/FranciscansInternational\/","https:\/\/x.com\/FranciscansIntl","https:\/\/www.youtube.com\/channel\/UCexu0i-fWB4wwrlPMCz8_Zg"]},{"@type":"Person","@id":"https:\/\/franciscansinternational.org\/es\/#\/schema\/person\/f398f02712a9dcab7603295bc1ea94e4","name":"communications","image":{"@type":"ImageObject","inLanguage":"es","@id":"https:\/\/secure.gravatar.com\/avatar\/0b4a62226a9b4f7ce621ec49ca40be1e77d886a42ca84b8a0b0697e9ec17dd63?s=96&d=mm&r=g","url":"https:\/\/secure.gravatar.com\/avatar\/0b4a62226a9b4f7ce621ec49ca40be1e77d886a42ca84b8a0b0697e9ec17dd63?s=96&d=mm&r=g","contentUrl":"https:\/\/secure.gravatar.com\/avatar\/0b4a62226a9b4f7ce621ec49ca40be1e77d886a42ca84b8a0b0697e9ec17dd63?s=96&d=mm&r=g","caption":"communications"},"url":"https:\/\/franciscansinternational.org\/es\/author\/communications\/"}]}},"jetpack_featured_media_url":"https:\/\/franciscansinternational.org\/es\/wp-content\/uploads\/sites\/3\/2024\/03\/CSW_banner.jpg","jetpack_sharing_enabled":true,"_links":{"self":[{"href":"https:\/\/franciscansinternational.org\/es\/wp-json\/wp\/v2\/posts\/626","targetHints":{"allow":["GET"]}}],"collection":[{"href":"https:\/\/franciscansinternational.org\/es\/wp-json\/wp\/v2\/posts"}],"about":[{"href":"https:\/\/franciscansinternational.org\/es\/wp-json\/wp\/v2\/types\/post"}],"author":[{"embeddable":true,"href":"https:\/\/franciscansinternational.org\/es\/wp-json\/wp\/v2\/users\/3"}],"replies":[{"embeddable":true,"href":"https:\/\/franciscansinternational.org\/es\/wp-json\/wp\/v2\/comments?post=626"}],"version-history":[{"count":6,"href":"https:\/\/franciscansinternational.org\/es\/wp-json\/wp\/v2\/posts\/626\/revisions"}],"predecessor-version":[{"id":637,"href":"https:\/\/franciscansinternational.org\/es\/wp-json\/wp\/v2\/posts\/626\/revisions\/637"}],"wp:featuredmedia":[{"embeddable":true,"href":"https:\/\/franciscansinternational.org\/es\/wp-json\/wp\/v2\/media\/630"}],"wp:attachment":[{"href":"https:\/\/franciscansinternational.org\/es\/wp-json\/wp\/v2\/media?parent=626"}],"wp:term":[{"taxonomy":"category","embeddable":true,"href":"https:\/\/franciscansinternational.org\/es\/wp-json\/wp\/v2\/categories?post=626"},{"taxonomy":"post_tag","embeddable":true,"href":"https:\/\/franciscansinternational.org\/es\/wp-json\/wp\/v2\/tags?post=626"}],"curies":[{"name":"wp","href":"https:\/\/api.w.org\/{rel}","templated":true}]}}