{"id":666,"date":"2024-06-10T09:29:51","date_gmt":"2024-06-10T09:29:51","guid":{"rendered":"https:\/\/franciscansinternational.org\/es\/?p=666"},"modified":"2024-06-10T09:29:56","modified_gmt":"2024-06-10T09:29:56","slug":"los-franciscanos-de-madagascar-se-preparan-para-el-examen-periodico-universal","status":"publish","type":"post","link":"https:\/\/franciscansinternational.org\/es\/los-franciscanos-de-madagascar-se-preparan-para-el-examen-periodico-universal\/","title":{"rendered":"Los franciscanos de Madagascar se preparan para el Examen Peri\u00f3dico Universal"},"content":{"rendered":"\n<p>Franciscans International llev\u00f3 a cabo recientemente un taller de capacitaci\u00f3n con miembros de la Familia Franciscana en Madagascar, antes del pr\u00f3ximo <a href=\"https:\/\/upr.info\/es\/review\/madagascar\">Examen Peri\u00f3dico Universal<\/a> (EPU) del pa\u00eds. La formaci\u00f3n sigui\u00f3 a una misi\u00f3n de investigaci\u00f3n realizada en mayo de 2024 por la Comisi\u00f3n de Justicia y Paz de la Orden Franciscana Seglar, que se reuni\u00f3 con las autoridades locales y las comunidades de desplazados internos en el norte de Madagascar.<\/p>\n\n\n\n<figure class=\"wp-block-gallery has-nested-images columns-default is-cropped wp-block-gallery-1 is-layout-flex wp-block-gallery-is-layout-flex\">\n<figure class=\"wp-block-image size-large\"><img loading=\"lazy\" decoding=\"async\" width=\"1024\" height=\"768\" data-id=\"674\" src=\"https:\/\/franciscansinternational.org\/es\/wp-content\/uploads\/sites\/3\/2024\/06\/Madagascar_May2024_1-1-1024x768.jpg\" alt=\"\" class=\"wp-image-674\" srcset=\"https:\/\/franciscansinternational.org\/es\/wp-content\/uploads\/sites\/3\/2024\/06\/Madagascar_May2024_1-1-1024x768.jpg 1024w, https:\/\/franciscansinternational.org\/es\/wp-content\/uploads\/sites\/3\/2024\/06\/Madagascar_May2024_1-1-300x225.jpg 300w, https:\/\/franciscansinternational.org\/es\/wp-content\/uploads\/sites\/3\/2024\/06\/Madagascar_May2024_1-1-768x576.jpg 768w, https:\/\/franciscansinternational.org\/es\/wp-content\/uploads\/sites\/3\/2024\/06\/Madagascar_May2024_1-1-1536x1152.jpg 1536w, https:\/\/franciscansinternational.org\/es\/wp-content\/uploads\/sites\/3\/2024\/06\/Madagascar_May2024_1-1-2048x1536.jpg 2048w\" sizes=\"auto, (max-width: 1024px) 100vw, 1024px\" \/><\/figure>\n\n\n\n<figure class=\"wp-block-image size-large\"><img loading=\"lazy\" decoding=\"async\" width=\"1024\" height=\"769\" data-id=\"675\" src=\"https:\/\/franciscansinternational.org\/es\/wp-content\/uploads\/sites\/3\/2024\/06\/Madagascar_May2024_2-1-1024x769.jpg\" alt=\"\" class=\"wp-image-675\" srcset=\"https:\/\/franciscansinternational.org\/es\/wp-content\/uploads\/sites\/3\/2024\/06\/Madagascar_May2024_2-1-1024x769.jpg 1024w, https:\/\/franciscansinternational.org\/es\/wp-content\/uploads\/sites\/3\/2024\/06\/Madagascar_May2024_2-1-300x225.jpg 300w, https:\/\/franciscansinternational.org\/es\/wp-content\/uploads\/sites\/3\/2024\/06\/Madagascar_May2024_2-1-768x577.jpg 768w, https:\/\/franciscansinternational.org\/es\/wp-content\/uploads\/sites\/3\/2024\/06\/Madagascar_May2024_2-1-1536x1153.jpg 1536w, https:\/\/franciscansinternational.org\/es\/wp-content\/uploads\/sites\/3\/2024\/06\/Madagascar_May2024_2-1-2048x1538.jpg 2048w\" sizes=\"auto, (max-width: 1024px) 100vw, 1024px\" \/><\/figure>\n\n\n\n<figure class=\"wp-block-image size-large\"><img loading=\"lazy\" decoding=\"async\" width=\"960\" height=\"720\" data-id=\"676\" src=\"https:\/\/franciscansinternational.org\/es\/wp-content\/uploads\/sites\/3\/2024\/06\/Madagascar_May2024_3-1.jpg\" alt=\"\" class=\"wp-image-676\" srcset=\"https:\/\/franciscansinternational.org\/es\/wp-content\/uploads\/sites\/3\/2024\/06\/Madagascar_May2024_3-1.jpg 960w, https:\/\/franciscansinternational.org\/es\/wp-content\/uploads\/sites\/3\/2024\/06\/Madagascar_May2024_3-1-300x225.jpg 300w, https:\/\/franciscansinternational.org\/es\/wp-content\/uploads\/sites\/3\/2024\/06\/Madagascar_May2024_3-1-768x576.jpg 768w\" sizes=\"auto, (max-width: 960px) 100vw, 960px\" \/><\/figure>\n<\/figure>\n\n\n\n<p>Las sequ\u00edas prolongadas y las hambrunas subsiguientes en el sur han alimentado una oleada de migraciones internas, lo que ha provocado un aumento de las tensiones entre los desplazados y las comunidades de acogida. Sin embargo, estos flujos migratorios tambi\u00e9n han puesto de manifiesto importantes deficiencias en la respuesta del gobierno, y la gente indica que la ausencia de infraestructuras y la incapacidad de las autoridades para hacer frente a las hambrunas fueron factores clave en su decisi\u00f3n de marcharse. Las comunidades antandroy del sur ya sufr\u00edan marginaci\u00f3n y discriminaci\u00f3n, y la crisis actual no ha hecho sino erosionar a\u00fan m\u00e1s la confianza en el gobierno.&nbsp;<\/p>\n\n\n\n<p>La ausencia de un marco reglamentario para hacer frente a estos flujos migratorios tambi\u00e9n est\u00e1 agravando a\u00fan m\u00e1s la situaci\u00f3n. Si bien la migraci\u00f3n laboral estacional desde el sur ya era habitual, la crisis actual empuja a la gente a trasladarse de forma permanente. Estas comunidades desplazadas denuncian dificultades para acceder a la educaci\u00f3n, los alimentos y el agua, y se enfrentan a la estigmatizaci\u00f3n en sus comunidades de acogida. Mientras tanto, las comunidades desplazadas del sur recurren a ciertas pr\u00e1cticas culturales, como la agricultura de roza y quema, que entran en conflicto con las pr\u00e1cticas existentes en el norte y provocan una mayor degradaci\u00f3n medioambiental. Los funcionarios apenas se esfuerzan por resolver estos problemas, y los observadores denuncian una corrupci\u00f3n end\u00e9mica y una mala gesti\u00f3n de los fondos clim\u00e1ticos.\u00a0<\/p>\n\n\n\n<figure class=\"wp-block-gallery has-nested-images columns-default is-cropped wp-block-gallery-2 is-layout-flex wp-block-gallery-is-layout-flex\">\n<figure class=\"wp-block-image size-large\"><img loading=\"lazy\" decoding=\"async\" width=\"960\" height=\"720\" data-id=\"671\" src=\"https:\/\/franciscansinternational.org\/es\/wp-content\/uploads\/sites\/3\/2024\/06\/Madagascar_May2024_4.jpg\" alt=\"\" class=\"wp-image-671\" srcset=\"https:\/\/franciscansinternational.org\/es\/wp-content\/uploads\/sites\/3\/2024\/06\/Madagascar_May2024_4.jpg 960w, https:\/\/franciscansinternational.org\/es\/wp-content\/uploads\/sites\/3\/2024\/06\/Madagascar_May2024_4-300x225.jpg 300w, https:\/\/franciscansinternational.org\/es\/wp-content\/uploads\/sites\/3\/2024\/06\/Madagascar_May2024_4-768x576.jpg 768w\" sizes=\"auto, (max-width: 960px) 100vw, 960px\" \/><\/figure>\n\n\n\n<figure class=\"wp-block-image size-large\"><img loading=\"lazy\" decoding=\"async\" width=\"1024\" height=\"769\" data-id=\"672\" src=\"https:\/\/franciscansinternational.org\/es\/wp-content\/uploads\/sites\/3\/2024\/06\/Madagascar_May2024_5-1024x769.jpg\" alt=\"\" class=\"wp-image-672\" srcset=\"https:\/\/franciscansinternational.org\/es\/wp-content\/uploads\/sites\/3\/2024\/06\/Madagascar_May2024_5-1024x769.jpg 1024w, https:\/\/franciscansinternational.org\/es\/wp-content\/uploads\/sites\/3\/2024\/06\/Madagascar_May2024_5-300x225.jpg 300w, https:\/\/franciscansinternational.org\/es\/wp-content\/uploads\/sites\/3\/2024\/06\/Madagascar_May2024_5-768x577.jpg 768w, https:\/\/franciscansinternational.org\/es\/wp-content\/uploads\/sites\/3\/2024\/06\/Madagascar_May2024_5-1536x1153.jpg 1536w, https:\/\/franciscansinternational.org\/es\/wp-content\/uploads\/sites\/3\/2024\/06\/Madagascar_May2024_5-2048x1538.jpg 2048w\" sizes=\"auto, (max-width: 1024px) 100vw, 1024px\" \/><\/figure>\n\n\n\n<figure class=\"wp-block-image size-large\"><img loading=\"lazy\" decoding=\"async\" width=\"1024\" height=\"768\" data-id=\"670\" src=\"https:\/\/franciscansinternational.org\/es\/wp-content\/uploads\/sites\/3\/2024\/06\/Madagascar_May2024_6-1024x768.jpg\" alt=\"\" class=\"wp-image-670\" srcset=\"https:\/\/franciscansinternational.org\/es\/wp-content\/uploads\/sites\/3\/2024\/06\/Madagascar_May2024_6-1024x768.jpg 1024w, https:\/\/franciscansinternational.org\/es\/wp-content\/uploads\/sites\/3\/2024\/06\/Madagascar_May2024_6-300x225.jpg 300w, https:\/\/franciscansinternational.org\/es\/wp-content\/uploads\/sites\/3\/2024\/06\/Madagascar_May2024_6-768x576.jpg 768w, https:\/\/franciscansinternational.org\/es\/wp-content\/uploads\/sites\/3\/2024\/06\/Madagascar_May2024_6-1536x1152.jpg 1536w, https:\/\/franciscansinternational.org\/es\/wp-content\/uploads\/sites\/3\/2024\/06\/Madagascar_May2024_6-2048x1536.jpg 2048w\" sizes=\"auto, (max-width: 1024px) 100vw, 1024px\" \/><\/figure>\n<\/figure>\n\n\n\n<p>Con el apoyo de FI, los franciscanos de Madagascar transmitir\u00e1n sus conclusiones a la ONU antes del EPU de Madagascar a principios de 2025. En virtud de este mecanismo, el historial de derechos humanos de todos los Estados miembros de la ONU se examina de forma rotatoria. Al final de este proceso, se hacen recomendaciones para mejorar la situaci\u00f3n, estableciendo puntos de referencia concretos para futuras acciones y pol\u00edticas. FI aprovechar\u00e1 esta oportunidad para defender la adopci\u00f3n de un marco s\u00f3lido para mejorar la situaci\u00f3n de las comunidades desplazadas, as\u00ed como la ausencia de pol\u00edticas medioambientales sostenibles, y la integraci\u00f3n del derecho a un medio ambiente sano en las nuevas pol\u00edticas para abordar y mitigar las prolongadas sequ\u00edas que afligen a Madagascar.<\/p>\n\n\n\n<p><\/p>\n\n\n\n<blockquote class=\"wp-block-quote has-small-font-size is-layout-flow wp-block-quote-is-layout-flow\">\n<p>Se trata de una traducci\u00f3n autom\u00e1tica. Rogamos disculpen los errores que puedan haberse producido. En caso de divergencia, la versi\u00f3n inglesa es la autorizada.<\/p>\n<\/blockquote>\n","protected":false},"excerpt":{"rendered":"<p>Franciscans International llev\u00f3 a cabo recientemente un taller de capacitaci\u00f3n con miembros de la Familia Franciscana en Madagascar, antes del &#8230; <\/p>\n","protected":false},"author":3,"featured_media":673,"comment_status":"closed","ping_status":"closed","sticky":false,"template":"","format":"standard","meta":{"_relevanssi_hide_post":"","_relevanssi_hide_content":"","_relevanssi_pin_for_all":"","_relevanssi_pin_keywords":"","_relevanssi_unpin_keywords":"","_relevanssi_related_keywords":"","_relevanssi_related_include_ids":"","_relevanssi_related_exclude_ids":"","_relevanssi_related_no_append":"","_relevanssi_related_not_related":"","_relevanssi_related_posts":"280,339,379,248,455,271","_relevanssi_noindex_reason":"","_jetpack_memberships_contains_paid_content":false,"footnotes":""},"categories":[1],"tags":[9,8,5],"class_list":["post-666","post","type-post","status-publish","format-standard","has-post-thumbnail","hentry","category-noticias","tag-dignidad-de-toda-persona","tag-justicia-ambiental","tag-programa-africa"],"acf":[],"yoast_head":"<!-- This site is optimized with the Yoast SEO plugin v27.5 - https:\/\/yoast.com\/product\/yoast-seo-wordpress\/ -->\n<title>Los franciscanos de Madagascar se preparan para el Examen Peri\u00f3dico Universal - Franciscans International (ES)<\/title>\n<meta name=\"robots\" content=\"index, follow, max-snippet:-1, max-image-preview:large, max-video-preview:-1\" \/>\n<link rel=\"canonical\" href=\"https:\/\/franciscansinternational.org\/es\/los-franciscanos-de-madagascar-se-preparan-para-el-examen-periodico-universal\/\" \/>\n<meta property=\"og:locale\" content=\"es_ES\" \/>\n<meta property=\"og:type\" content=\"article\" \/>\n<meta property=\"og:title\" content=\"Los franciscanos de Madagascar se preparan para el Examen Peri\u00f3dico Universal - Franciscans International (ES)\" \/>\n<meta property=\"og:description\" content=\"Franciscans International llev\u00f3 a cabo recientemente un taller de capacitaci\u00f3n con miembros de la Familia Franciscana en Madagascar, antes del ...\" \/>\n<meta property=\"og:url\" content=\"https:\/\/franciscansinternational.org\/es\/los-franciscanos-de-madagascar-se-preparan-para-el-examen-periodico-universal\/\" \/>\n<meta property=\"og:site_name\" content=\"Franciscans International (ES)\" \/>\n<meta property=\"article:publisher\" content=\"https:\/\/www.facebook.com\/FranciscansInternational\/\" \/>\n<meta property=\"article:published_time\" content=\"2024-06-10T09:29:51+00:00\" \/>\n<meta property=\"article:modified_time\" content=\"2024-06-10T09:29:56+00:00\" \/>\n<meta property=\"og:image\" content=\"https:\/\/franciscansinternational.org\/es\/wp-content\/uploads\/sites\/3\/2024\/06\/Madagascar_May2024_cover-scaled.jpg\" \/>\n\t<meta property=\"og:image:width\" content=\"2560\" \/>\n\t<meta property=\"og:image:height\" content=\"1348\" \/>\n\t<meta property=\"og:image:type\" content=\"image\/jpeg\" \/>\n<meta name=\"author\" content=\"communications\" \/>\n<meta name=\"twitter:card\" content=\"summary_large_image\" \/>\n<meta name=\"twitter:creator\" content=\"@FranciscansIntl\" \/>\n<meta name=\"twitter:site\" content=\"@FranciscansIntl\" \/>\n<meta name=\"twitter:label1\" content=\"Escrito por\" \/>\n\t<meta name=\"twitter:data1\" content=\"communications\" \/>\n\t<meta name=\"twitter:label2\" content=\"Tiempo de lectura\" \/>\n\t<meta name=\"twitter:data2\" content=\"4 minutos\" \/>\n<script type=\"application\/ld+json\" class=\"yoast-schema-graph\">{\"@context\":\"https:\\\/\\\/schema.org\",\"@graph\":[{\"@type\":\"Article\",\"@id\":\"https:\\\/\\\/franciscansinternational.org\\\/es\\\/los-franciscanos-de-madagascar-se-preparan-para-el-examen-periodico-universal\\\/#article\",\"isPartOf\":{\"@id\":\"https:\\\/\\\/franciscansinternational.org\\\/es\\\/los-franciscanos-de-madagascar-se-preparan-para-el-examen-periodico-universal\\\/\"},\"author\":{\"name\":\"communications\",\"@id\":\"https:\\\/\\\/franciscansinternational.org\\\/es\\\/#\\\/schema\\\/person\\\/f398f02712a9dcab7603295bc1ea94e4\"},\"headline\":\"Los franciscanos de Madagascar se preparan para el Examen Peri\u00f3dico Universal\",\"datePublished\":\"2024-06-10T09:29:51+00:00\",\"dateModified\":\"2024-06-10T09:29:56+00:00\",\"mainEntityOfPage\":{\"@id\":\"https:\\\/\\\/franciscansinternational.org\\\/es\\\/los-franciscanos-de-madagascar-se-preparan-para-el-examen-periodico-universal\\\/\"},\"wordCount\":506,\"publisher\":{\"@id\":\"https:\\\/\\\/franciscansinternational.org\\\/es\\\/#organization\"},\"image\":{\"@id\":\"https:\\\/\\\/franciscansinternational.org\\\/es\\\/los-franciscanos-de-madagascar-se-preparan-para-el-examen-periodico-universal\\\/#primaryimage\"},\"thumbnailUrl\":\"https:\\\/\\\/franciscansinternational.org\\\/es\\\/wp-content\\\/uploads\\\/sites\\\/3\\\/2024\\\/06\\\/Madagascar_May2024_cover-scaled.jpg\",\"keywords\":[\"Dignidad de toda persona\",\"Justicia ambiental\",\"Programa \u00c1frica\"],\"articleSection\":[\"Noticias\"],\"inLanguage\":\"es\"},{\"@type\":\"WebPage\",\"@id\":\"https:\\\/\\\/franciscansinternational.org\\\/es\\\/los-franciscanos-de-madagascar-se-preparan-para-el-examen-periodico-universal\\\/\",\"url\":\"https:\\\/\\\/franciscansinternational.org\\\/es\\\/los-franciscanos-de-madagascar-se-preparan-para-el-examen-periodico-universal\\\/\",\"name\":\"Los franciscanos de Madagascar se preparan para el Examen Peri\u00f3dico Universal - Franciscans International (ES)\",\"isPartOf\":{\"@id\":\"https:\\\/\\\/franciscansinternational.org\\\/es\\\/#website\"},\"primaryImageOfPage\":{\"@id\":\"https:\\\/\\\/franciscansinternational.org\\\/es\\\/los-franciscanos-de-madagascar-se-preparan-para-el-examen-periodico-universal\\\/#primaryimage\"},\"image\":{\"@id\":\"https:\\\/\\\/franciscansinternational.org\\\/es\\\/los-franciscanos-de-madagascar-se-preparan-para-el-examen-periodico-universal\\\/#primaryimage\"},\"thumbnailUrl\":\"https:\\\/\\\/franciscansinternational.org\\\/es\\\/wp-content\\\/uploads\\\/sites\\\/3\\\/2024\\\/06\\\/Madagascar_May2024_cover-scaled.jpg\",\"datePublished\":\"2024-06-10T09:29:51+00:00\",\"dateModified\":\"2024-06-10T09:29:56+00:00\",\"breadcrumb\":{\"@id\":\"https:\\\/\\\/franciscansinternational.org\\\/es\\\/los-franciscanos-de-madagascar-se-preparan-para-el-examen-periodico-universal\\\/#breadcrumb\"},\"inLanguage\":\"es\",\"potentialAction\":[{\"@type\":\"ReadAction\",\"target\":[\"https:\\\/\\\/franciscansinternational.org\\\/es\\\/los-franciscanos-de-madagascar-se-preparan-para-el-examen-periodico-universal\\\/\"]}]},{\"@type\":\"ImageObject\",\"inLanguage\":\"es\",\"@id\":\"https:\\\/\\\/franciscansinternational.org\\\/es\\\/los-franciscanos-de-madagascar-se-preparan-para-el-examen-periodico-universal\\\/#primaryimage\",\"url\":\"https:\\\/\\\/franciscansinternational.org\\\/es\\\/wp-content\\\/uploads\\\/sites\\\/3\\\/2024\\\/06\\\/Madagascar_May2024_cover-scaled.jpg\",\"contentUrl\":\"https:\\\/\\\/franciscansinternational.org\\\/es\\\/wp-content\\\/uploads\\\/sites\\\/3\\\/2024\\\/06\\\/Madagascar_May2024_cover-scaled.jpg\",\"width\":2560,\"height\":1348},{\"@type\":\"BreadcrumbList\",\"@id\":\"https:\\\/\\\/franciscansinternational.org\\\/es\\\/los-franciscanos-de-madagascar-se-preparan-para-el-examen-periodico-universal\\\/#breadcrumb\",\"itemListElement\":[{\"@type\":\"ListItem\",\"position\":1,\"name\":\"Home\",\"item\":\"https:\\\/\\\/franciscansinternational.org\\\/es\\\/\"},{\"@type\":\"ListItem\",\"position\":2,\"name\":\"Los franciscanos de Madagascar se preparan para el Examen Peri\u00f3dico Universal\"}]},{\"@type\":\"WebSite\",\"@id\":\"https:\\\/\\\/franciscansinternational.org\\\/es\\\/#website\",\"url\":\"https:\\\/\\\/franciscansinternational.org\\\/es\\\/\",\"name\":\"Franciscans International (ES)\",\"description\":\"Just another Franciscans International site\",\"publisher\":{\"@id\":\"https:\\\/\\\/franciscansinternational.org\\\/es\\\/#organization\"},\"potentialAction\":[{\"@type\":\"SearchAction\",\"target\":{\"@type\":\"EntryPoint\",\"urlTemplate\":\"https:\\\/\\\/franciscansinternational.org\\\/es\\\/?s={search_term_string}\"},\"query-input\":{\"@type\":\"PropertyValueSpecification\",\"valueRequired\":true,\"valueName\":\"search_term_string\"}}],\"inLanguage\":\"es\"},{\"@type\":\"Organization\",\"@id\":\"https:\\\/\\\/franciscansinternational.org\\\/es\\\/#organization\",\"name\":\"Franciscans International (ES)\",\"url\":\"https:\\\/\\\/franciscansinternational.org\\\/es\\\/\",\"logo\":{\"@type\":\"ImageObject\",\"inLanguage\":\"es\",\"@id\":\"https:\\\/\\\/franciscansinternational.org\\\/es\\\/#\\\/schema\\\/logo\\\/image\\\/\",\"url\":\"https:\\\/\\\/franciscansinternational.org\\\/wp-content\\\/uploads\\\/sites\\\/3\\\/2023\\\/05\\\/logo-3.png\",\"contentUrl\":\"https:\\\/\\\/franciscansinternational.org\\\/wp-content\\\/uploads\\\/sites\\\/3\\\/2023\\\/05\\\/logo-3.png\",\"width\":1200,\"height\":205,\"caption\":\"Franciscans International (ES)\"},\"image\":{\"@id\":\"https:\\\/\\\/franciscansinternational.org\\\/es\\\/#\\\/schema\\\/logo\\\/image\\\/\"},\"sameAs\":[\"https:\\\/\\\/www.facebook.com\\\/FranciscansInternational\\\/\",\"https:\\\/\\\/x.com\\\/FranciscansIntl\",\"https:\\\/\\\/www.youtube.com\\\/channel\\\/UCexu0i-fWB4wwrlPMCz8_Zg\"]},{\"@type\":\"Person\",\"@id\":\"https:\\\/\\\/franciscansinternational.org\\\/es\\\/#\\\/schema\\\/person\\\/f398f02712a9dcab7603295bc1ea94e4\",\"name\":\"communications\",\"image\":{\"@type\":\"ImageObject\",\"inLanguage\":\"es\",\"@id\":\"https:\\\/\\\/secure.gravatar.com\\\/avatar\\\/0b4a62226a9b4f7ce621ec49ca40be1e77d886a42ca84b8a0b0697e9ec17dd63?s=96&d=mm&r=g\",\"url\":\"https:\\\/\\\/secure.gravatar.com\\\/avatar\\\/0b4a62226a9b4f7ce621ec49ca40be1e77d886a42ca84b8a0b0697e9ec17dd63?s=96&d=mm&r=g\",\"contentUrl\":\"https:\\\/\\\/secure.gravatar.com\\\/avatar\\\/0b4a62226a9b4f7ce621ec49ca40be1e77d886a42ca84b8a0b0697e9ec17dd63?s=96&d=mm&r=g\",\"caption\":\"communications\"},\"url\":\"https:\\\/\\\/franciscansinternational.org\\\/es\\\/author\\\/communications\\\/\"}]}<\/script>\n<!-- \/ Yoast SEO plugin. -->","yoast_head_json":{"title":"Los franciscanos de Madagascar se preparan para el Examen Peri\u00f3dico Universal - Franciscans International (ES)","robots":{"index":"index","follow":"follow","max-snippet":"max-snippet:-1","max-image-preview":"max-image-preview:large","max-video-preview":"max-video-preview:-1"},"canonical":"https:\/\/franciscansinternational.org\/es\/los-franciscanos-de-madagascar-se-preparan-para-el-examen-periodico-universal\/","og_locale":"es_ES","og_type":"article","og_title":"Los franciscanos de Madagascar se preparan para el Examen Peri\u00f3dico Universal - Franciscans International (ES)","og_description":"Franciscans International llev\u00f3 a cabo recientemente un taller de capacitaci\u00f3n con miembros de la Familia Franciscana en Madagascar, antes del ...","og_url":"https:\/\/franciscansinternational.org\/es\/los-franciscanos-de-madagascar-se-preparan-para-el-examen-periodico-universal\/","og_site_name":"Franciscans International (ES)","article_publisher":"https:\/\/www.facebook.com\/FranciscansInternational\/","article_published_time":"2024-06-10T09:29:51+00:00","article_modified_time":"2024-06-10T09:29:56+00:00","og_image":[{"width":2560,"height":1348,"url":"https:\/\/franciscansinternational.org\/es\/wp-content\/uploads\/sites\/3\/2024\/06\/Madagascar_May2024_cover-scaled.jpg","type":"image\/jpeg"}],"author":"communications","twitter_card":"summary_large_image","twitter_creator":"@FranciscansIntl","twitter_site":"@FranciscansIntl","twitter_misc":{"Escrito por":"communications","Tiempo de lectura":"4 minutos"},"schema":{"@context":"https:\/\/schema.org","@graph":[{"@type":"Article","@id":"https:\/\/franciscansinternational.org\/es\/los-franciscanos-de-madagascar-se-preparan-para-el-examen-periodico-universal\/#article","isPartOf":{"@id":"https:\/\/franciscansinternational.org\/es\/los-franciscanos-de-madagascar-se-preparan-para-el-examen-periodico-universal\/"},"author":{"name":"communications","@id":"https:\/\/franciscansinternational.org\/es\/#\/schema\/person\/f398f02712a9dcab7603295bc1ea94e4"},"headline":"Los franciscanos de Madagascar se preparan para el Examen Peri\u00f3dico Universal","datePublished":"2024-06-10T09:29:51+00:00","dateModified":"2024-06-10T09:29:56+00:00","mainEntityOfPage":{"@id":"https:\/\/franciscansinternational.org\/es\/los-franciscanos-de-madagascar-se-preparan-para-el-examen-periodico-universal\/"},"wordCount":506,"publisher":{"@id":"https:\/\/franciscansinternational.org\/es\/#organization"},"image":{"@id":"https:\/\/franciscansinternational.org\/es\/los-franciscanos-de-madagascar-se-preparan-para-el-examen-periodico-universal\/#primaryimage"},"thumbnailUrl":"https:\/\/franciscansinternational.org\/es\/wp-content\/uploads\/sites\/3\/2024\/06\/Madagascar_May2024_cover-scaled.jpg","keywords":["Dignidad de toda persona","Justicia ambiental","Programa \u00c1frica"],"articleSection":["Noticias"],"inLanguage":"es"},{"@type":"WebPage","@id":"https:\/\/franciscansinternational.org\/es\/los-franciscanos-de-madagascar-se-preparan-para-el-examen-periodico-universal\/","url":"https:\/\/franciscansinternational.org\/es\/los-franciscanos-de-madagascar-se-preparan-para-el-examen-periodico-universal\/","name":"Los franciscanos de Madagascar se preparan para el Examen Peri\u00f3dico Universal - Franciscans International (ES)","isPartOf":{"@id":"https:\/\/franciscansinternational.org\/es\/#website"},"primaryImageOfPage":{"@id":"https:\/\/franciscansinternational.org\/es\/los-franciscanos-de-madagascar-se-preparan-para-el-examen-periodico-universal\/#primaryimage"},"image":{"@id":"https:\/\/franciscansinternational.org\/es\/los-franciscanos-de-madagascar-se-preparan-para-el-examen-periodico-universal\/#primaryimage"},"thumbnailUrl":"https:\/\/franciscansinternational.org\/es\/wp-content\/uploads\/sites\/3\/2024\/06\/Madagascar_May2024_cover-scaled.jpg","datePublished":"2024-06-10T09:29:51+00:00","dateModified":"2024-06-10T09:29:56+00:00","breadcrumb":{"@id":"https:\/\/franciscansinternational.org\/es\/los-franciscanos-de-madagascar-se-preparan-para-el-examen-periodico-universal\/#breadcrumb"},"inLanguage":"es","potentialAction":[{"@type":"ReadAction","target":["https:\/\/franciscansinternational.org\/es\/los-franciscanos-de-madagascar-se-preparan-para-el-examen-periodico-universal\/"]}]},{"@type":"ImageObject","inLanguage":"es","@id":"https:\/\/franciscansinternational.org\/es\/los-franciscanos-de-madagascar-se-preparan-para-el-examen-periodico-universal\/#primaryimage","url":"https:\/\/franciscansinternational.org\/es\/wp-content\/uploads\/sites\/3\/2024\/06\/Madagascar_May2024_cover-scaled.jpg","contentUrl":"https:\/\/franciscansinternational.org\/es\/wp-content\/uploads\/sites\/3\/2024\/06\/Madagascar_May2024_cover-scaled.jpg","width":2560,"height":1348},{"@type":"BreadcrumbList","@id":"https:\/\/franciscansinternational.org\/es\/los-franciscanos-de-madagascar-se-preparan-para-el-examen-periodico-universal\/#breadcrumb","itemListElement":[{"@type":"ListItem","position":1,"name":"Home","item":"https:\/\/franciscansinternational.org\/es\/"},{"@type":"ListItem","position":2,"name":"Los franciscanos de Madagascar se preparan para el Examen Peri\u00f3dico Universal"}]},{"@type":"WebSite","@id":"https:\/\/franciscansinternational.org\/es\/#website","url":"https:\/\/franciscansinternational.org\/es\/","name":"Franciscans International (ES)","description":"Just another Franciscans International site","publisher":{"@id":"https:\/\/franciscansinternational.org\/es\/#organization"},"potentialAction":[{"@type":"SearchAction","target":{"@type":"EntryPoint","urlTemplate":"https:\/\/franciscansinternational.org\/es\/?s={search_term_string}"},"query-input":{"@type":"PropertyValueSpecification","valueRequired":true,"valueName":"search_term_string"}}],"inLanguage":"es"},{"@type":"Organization","@id":"https:\/\/franciscansinternational.org\/es\/#organization","name":"Franciscans International (ES)","url":"https:\/\/franciscansinternational.org\/es\/","logo":{"@type":"ImageObject","inLanguage":"es","@id":"https:\/\/franciscansinternational.org\/es\/#\/schema\/logo\/image\/","url":"https:\/\/franciscansinternational.org\/wp-content\/uploads\/sites\/3\/2023\/05\/logo-3.png","contentUrl":"https:\/\/franciscansinternational.org\/wp-content\/uploads\/sites\/3\/2023\/05\/logo-3.png","width":1200,"height":205,"caption":"Franciscans International (ES)"},"image":{"@id":"https:\/\/franciscansinternational.org\/es\/#\/schema\/logo\/image\/"},"sameAs":["https:\/\/www.facebook.com\/FranciscansInternational\/","https:\/\/x.com\/FranciscansIntl","https:\/\/www.youtube.com\/channel\/UCexu0i-fWB4wwrlPMCz8_Zg"]},{"@type":"Person","@id":"https:\/\/franciscansinternational.org\/es\/#\/schema\/person\/f398f02712a9dcab7603295bc1ea94e4","name":"communications","image":{"@type":"ImageObject","inLanguage":"es","@id":"https:\/\/secure.gravatar.com\/avatar\/0b4a62226a9b4f7ce621ec49ca40be1e77d886a42ca84b8a0b0697e9ec17dd63?s=96&d=mm&r=g","url":"https:\/\/secure.gravatar.com\/avatar\/0b4a62226a9b4f7ce621ec49ca40be1e77d886a42ca84b8a0b0697e9ec17dd63?s=96&d=mm&r=g","contentUrl":"https:\/\/secure.gravatar.com\/avatar\/0b4a62226a9b4f7ce621ec49ca40be1e77d886a42ca84b8a0b0697e9ec17dd63?s=96&d=mm&r=g","caption":"communications"},"url":"https:\/\/franciscansinternational.org\/es\/author\/communications\/"}]}},"jetpack_featured_media_url":"https:\/\/franciscansinternational.org\/es\/wp-content\/uploads\/sites\/3\/2024\/06\/Madagascar_May2024_cover-scaled.jpg","jetpack_sharing_enabled":true,"_links":{"self":[{"href":"https:\/\/franciscansinternational.org\/es\/wp-json\/wp\/v2\/posts\/666","targetHints":{"allow":["GET"]}}],"collection":[{"href":"https:\/\/franciscansinternational.org\/es\/wp-json\/wp\/v2\/posts"}],"about":[{"href":"https:\/\/franciscansinternational.org\/es\/wp-json\/wp\/v2\/types\/post"}],"author":[{"embeddable":true,"href":"https:\/\/franciscansinternational.org\/es\/wp-json\/wp\/v2\/users\/3"}],"replies":[{"embeddable":true,"href":"https:\/\/franciscansinternational.org\/es\/wp-json\/wp\/v2\/comments?post=666"}],"version-history":[{"count":1,"href":"https:\/\/franciscansinternational.org\/es\/wp-json\/wp\/v2\/posts\/666\/revisions"}],"predecessor-version":[{"id":677,"href":"https:\/\/franciscansinternational.org\/es\/wp-json\/wp\/v2\/posts\/666\/revisions\/677"}],"wp:featuredmedia":[{"embeddable":true,"href":"https:\/\/franciscansinternational.org\/es\/wp-json\/wp\/v2\/media\/673"}],"wp:attachment":[{"href":"https:\/\/franciscansinternational.org\/es\/wp-json\/wp\/v2\/media?parent=666"}],"wp:term":[{"taxonomy":"category","embeddable":true,"href":"https:\/\/franciscansinternational.org\/es\/wp-json\/wp\/v2\/categories?post=666"},{"taxonomy":"post_tag","embeddable":true,"href":"https:\/\/franciscansinternational.org\/es\/wp-json\/wp\/v2\/tags?post=666"}],"curies":[{"name":"wp","href":"https:\/\/api.w.org\/{rel}","templated":true}]}}