{"id":872,"date":"2025-04-22T07:48:40","date_gmt":"2025-04-22T07:48:40","guid":{"rendered":"https:\/\/franciscansinternational.org\/es\/?p=872"},"modified":"2025-04-22T07:48:44","modified_gmt":"2025-04-22T07:48:44","slug":"franciscans-international-llora-la-muerte-del-papa-francisco","status":"publish","type":"post","link":"https:\/\/franciscansinternational.org\/es\/franciscans-international-llora-la-muerte-del-papa-francisco\/","title":{"rendered":"Franciscans International llora la muerte del papa Francisco"},"content":{"rendered":"\n<p>Con gran tristeza nos enteramos del fallecimiento del papa Francisco el lunes de Pascua Estamos agradecidos por la inspiraci\u00f3n que tom\u00f3 de los valores defendidos por San Francisco de As\u00eds, evidentes a trav\u00e9s de su nombre elegido y la selecci\u00f3n de <em>Laudato Si&#8217;<\/em> y <em>Fratelli Tutti<\/em> como t\u00edtulos para dos de sus enc\u00edclicas. M\u00e1s importante a\u00fan, estos valores definieron y animaron tanto su vida como su papado.\u00a0<\/p>\n\n\n\n<p>El papa Francisco defendi\u00f3 una Iglesia abierta, reconociendo que su mensaje puede inspirar a los que est\u00e1n m\u00e1s all\u00e1, al tiempo que acoge a personas que antes hab\u00edan sido excluidas o marginadas. Al hacerlo, no rehuy\u00f3 enfrentarse a la propia historia de la Iglesia, tendiendo la mano a los pueblos ind\u00edgenas para pedir perd\u00f3n por los errores del pasado y repudiando finalmente la doctrina del descubrimiento.&nbsp;<\/p>\n\n\n\n<p>Fundamentalmente, reconoci\u00f3 que la Iglesia no puede replegarse sobre s\u00ed misma y tiene la responsabilidad de predicar con el ejemplo en los desaf\u00edos m\u00e1s apremiantes de nuestro tiempo, cuestiones que no solo son espirituales, sino que afectan a la vida cotidiana de miles de millones de personas.&nbsp;<\/p>\n\n\n\n<p>Bajo su direcci\u00f3n, la Iglesia adopt\u00f3 una postura activa en la lucha contra el cambio clim\u00e1tico y la degradaci\u00f3n del medio ambiente, y las palabras de Laudato Si&#8217; recuerdan ahora a los responsables pol\u00edticos que tienen una responsabilidad como administradores de nuestra casa com\u00fan. El papa Francisco se pronunci\u00f3 en contra de la creciente desigualdad en un momento de riqueza hist\u00f3rica, denunciando esto como una afrenta a la dignidad humana e implor\u00e1ndonos que nos mantengamos unidos en solidaridad.&nbsp;<\/p>\n\n\n\n<p>Mientras lloramos su muerte, tambi\u00e9n sabemos que el legado del papa Francisco, haci\u00e9ndose eco de los ejemplos de San Francisco y Santa Clara de As\u00eds, ser\u00e1 una fuente de inspiraci\u00f3n para quienes trabajan en la construcci\u00f3n de un mundo m\u00e1s justo y equitativo. Franciscans International sigue comprometida con hacer realidad este sue\u00f1o.&nbsp;<\/p>\n\n\n\n<p class=\"has-small-font-size\"><em>Foto: El papa Francisco es recibido por Dionysius Mintoff OFM, cofundador de FI, durante una visita en 2022 al Pope John XIII Peace Laboratory en Malta.<\/em><\/p>\n\n\n\n<p><\/p>\n\n\n\n<blockquote class=\"wp-block-quote has-small-font-size is-layout-flow wp-block-quote-is-layout-flow\">\n<p>Se trata de una traducci\u00f3n autom\u00e1tica. Rogamos disculpen los errores que puedan haberse producido. En caso de divergencia, la versi\u00f3n inglesa es la autorizada.<\/p>\n<\/blockquote>\n","protected":false},"excerpt":{"rendered":"<p>Con gran tristeza nos enteramos del fallecimiento del papa Francisco el lunes de Pascua Estamos agradecidos por la inspiraci\u00f3n que &#8230; <\/p>\n","protected":false},"author":3,"featured_media":873,"comment_status":"closed","ping_status":"closed","sticky":false,"template":"","format":"standard","meta":{"_relevanssi_hide_post":"","_relevanssi_hide_content":"","_relevanssi_pin_for_all":"","_relevanssi_pin_keywords":"","_relevanssi_unpin_keywords":"","_relevanssi_related_keywords":"","_relevanssi_related_include_ids":"","_relevanssi_related_exclude_ids":"","_relevanssi_related_no_append":"","_relevanssi_related_not_related":"","_relevanssi_related_posts":"783,205,201,809,550,419","_relevanssi_noindex_reason":"","_jetpack_memberships_contains_paid_content":false,"footnotes":""},"categories":[1],"tags":[],"class_list":["post-872","post","type-post","status-publish","format-standard","has-post-thumbnail","hentry","category-noticias"],"acf":[],"yoast_head":"<!-- This site is optimized with the Yoast SEO plugin v27.5 - https:\/\/yoast.com\/product\/yoast-seo-wordpress\/ -->\n<title>Franciscans International llora la muerte del papa Francisco - Franciscans International (ES)<\/title>\n<meta name=\"robots\" content=\"index, follow, max-snippet:-1, max-image-preview:large, max-video-preview:-1\" \/>\n<link rel=\"canonical\" href=\"https:\/\/franciscansinternational.org\/es\/franciscans-international-llora-la-muerte-del-papa-francisco\/\" \/>\n<meta property=\"og:locale\" content=\"es_ES\" \/>\n<meta property=\"og:type\" content=\"article\" \/>\n<meta property=\"og:title\" content=\"Franciscans International llora la muerte del papa Francisco - Franciscans International (ES)\" \/>\n<meta property=\"og:description\" content=\"Con gran tristeza nos enteramos del fallecimiento del papa Francisco el lunes de Pascua Estamos agradecidos por la inspiraci\u00f3n que ...\" \/>\n<meta property=\"og:url\" content=\"https:\/\/franciscansinternational.org\/es\/franciscans-international-llora-la-muerte-del-papa-francisco\/\" \/>\n<meta property=\"og:site_name\" content=\"Franciscans International (ES)\" \/>\n<meta property=\"article:publisher\" content=\"https:\/\/www.facebook.com\/FranciscansInternational\/\" \/>\n<meta property=\"article:published_time\" content=\"2025-04-22T07:48:40+00:00\" \/>\n<meta property=\"article:modified_time\" content=\"2025-04-22T07:48:44+00:00\" \/>\n<meta property=\"og:image\" content=\"https:\/\/franciscansinternational.org\/es\/wp-content\/uploads\/sites\/3\/2025\/04\/Francis_WebsiteThumb.jpg\" \/>\n\t<meta property=\"og:image:width\" content=\"2000\" \/>\n\t<meta property=\"og:image:height\" content=\"1052\" \/>\n\t<meta property=\"og:image:type\" content=\"image\/jpeg\" \/>\n<meta name=\"author\" content=\"communications\" \/>\n<meta name=\"twitter:card\" content=\"summary_large_image\" \/>\n<meta name=\"twitter:creator\" content=\"@FranciscansIntl\" \/>\n<meta name=\"twitter:site\" content=\"@FranciscansIntl\" \/>\n<meta name=\"twitter:label1\" content=\"Escrito por\" \/>\n\t<meta name=\"twitter:data1\" content=\"communications\" \/>\n\t<meta name=\"twitter:label2\" content=\"Tiempo de lectura\" \/>\n\t<meta name=\"twitter:data2\" content=\"2 minutos\" \/>\n<script type=\"application\/ld+json\" class=\"yoast-schema-graph\">{\"@context\":\"https:\\\/\\\/schema.org\",\"@graph\":[{\"@type\":\"Article\",\"@id\":\"https:\\\/\\\/franciscansinternational.org\\\/es\\\/franciscans-international-llora-la-muerte-del-papa-francisco\\\/#article\",\"isPartOf\":{\"@id\":\"https:\\\/\\\/franciscansinternational.org\\\/es\\\/franciscans-international-llora-la-muerte-del-papa-francisco\\\/\"},\"author\":{\"name\":\"communications\",\"@id\":\"https:\\\/\\\/franciscansinternational.org\\\/es\\\/#\\\/schema\\\/person\\\/f398f02712a9dcab7603295bc1ea94e4\"},\"headline\":\"Franciscans International llora la muerte del papa Francisco\",\"datePublished\":\"2025-04-22T07:48:40+00:00\",\"dateModified\":\"2025-04-22T07:48:44+00:00\",\"mainEntityOfPage\":{\"@id\":\"https:\\\/\\\/franciscansinternational.org\\\/es\\\/franciscans-international-llora-la-muerte-del-papa-francisco\\\/\"},\"wordCount\":403,\"publisher\":{\"@id\":\"https:\\\/\\\/franciscansinternational.org\\\/es\\\/#organization\"},\"image\":{\"@id\":\"https:\\\/\\\/franciscansinternational.org\\\/es\\\/franciscans-international-llora-la-muerte-del-papa-francisco\\\/#primaryimage\"},\"thumbnailUrl\":\"https:\\\/\\\/franciscansinternational.org\\\/es\\\/wp-content\\\/uploads\\\/sites\\\/3\\\/2025\\\/04\\\/Francis_WebsiteThumb.jpg\",\"articleSection\":[\"Noticias\"],\"inLanguage\":\"es\"},{\"@type\":\"WebPage\",\"@id\":\"https:\\\/\\\/franciscansinternational.org\\\/es\\\/franciscans-international-llora-la-muerte-del-papa-francisco\\\/\",\"url\":\"https:\\\/\\\/franciscansinternational.org\\\/es\\\/franciscans-international-llora-la-muerte-del-papa-francisco\\\/\",\"name\":\"Franciscans International llora la muerte del papa Francisco - Franciscans International (ES)\",\"isPartOf\":{\"@id\":\"https:\\\/\\\/franciscansinternational.org\\\/es\\\/#website\"},\"primaryImageOfPage\":{\"@id\":\"https:\\\/\\\/franciscansinternational.org\\\/es\\\/franciscans-international-llora-la-muerte-del-papa-francisco\\\/#primaryimage\"},\"image\":{\"@id\":\"https:\\\/\\\/franciscansinternational.org\\\/es\\\/franciscans-international-llora-la-muerte-del-papa-francisco\\\/#primaryimage\"},\"thumbnailUrl\":\"https:\\\/\\\/franciscansinternational.org\\\/es\\\/wp-content\\\/uploads\\\/sites\\\/3\\\/2025\\\/04\\\/Francis_WebsiteThumb.jpg\",\"datePublished\":\"2025-04-22T07:48:40+00:00\",\"dateModified\":\"2025-04-22T07:48:44+00:00\",\"breadcrumb\":{\"@id\":\"https:\\\/\\\/franciscansinternational.org\\\/es\\\/franciscans-international-llora-la-muerte-del-papa-francisco\\\/#breadcrumb\"},\"inLanguage\":\"es\",\"potentialAction\":[{\"@type\":\"ReadAction\",\"target\":[\"https:\\\/\\\/franciscansinternational.org\\\/es\\\/franciscans-international-llora-la-muerte-del-papa-francisco\\\/\"]}]},{\"@type\":\"ImageObject\",\"inLanguage\":\"es\",\"@id\":\"https:\\\/\\\/franciscansinternational.org\\\/es\\\/franciscans-international-llora-la-muerte-del-papa-francisco\\\/#primaryimage\",\"url\":\"https:\\\/\\\/franciscansinternational.org\\\/es\\\/wp-content\\\/uploads\\\/sites\\\/3\\\/2025\\\/04\\\/Francis_WebsiteThumb.jpg\",\"contentUrl\":\"https:\\\/\\\/franciscansinternational.org\\\/es\\\/wp-content\\\/uploads\\\/sites\\\/3\\\/2025\\\/04\\\/Francis_WebsiteThumb.jpg\",\"width\":2000,\"height\":1052},{\"@type\":\"BreadcrumbList\",\"@id\":\"https:\\\/\\\/franciscansinternational.org\\\/es\\\/franciscans-international-llora-la-muerte-del-papa-francisco\\\/#breadcrumb\",\"itemListElement\":[{\"@type\":\"ListItem\",\"position\":1,\"name\":\"Home\",\"item\":\"https:\\\/\\\/franciscansinternational.org\\\/es\\\/\"},{\"@type\":\"ListItem\",\"position\":2,\"name\":\"Franciscans International llora la muerte del papa Francisco\"}]},{\"@type\":\"WebSite\",\"@id\":\"https:\\\/\\\/franciscansinternational.org\\\/es\\\/#website\",\"url\":\"https:\\\/\\\/franciscansinternational.org\\\/es\\\/\",\"name\":\"Franciscans International (ES)\",\"description\":\"Just another Franciscans International site\",\"publisher\":{\"@id\":\"https:\\\/\\\/franciscansinternational.org\\\/es\\\/#organization\"},\"potentialAction\":[{\"@type\":\"SearchAction\",\"target\":{\"@type\":\"EntryPoint\",\"urlTemplate\":\"https:\\\/\\\/franciscansinternational.org\\\/es\\\/?s={search_term_string}\"},\"query-input\":{\"@type\":\"PropertyValueSpecification\",\"valueRequired\":true,\"valueName\":\"search_term_string\"}}],\"inLanguage\":\"es\"},{\"@type\":\"Organization\",\"@id\":\"https:\\\/\\\/franciscansinternational.org\\\/es\\\/#organization\",\"name\":\"Franciscans International (ES)\",\"url\":\"https:\\\/\\\/franciscansinternational.org\\\/es\\\/\",\"logo\":{\"@type\":\"ImageObject\",\"inLanguage\":\"es\",\"@id\":\"https:\\\/\\\/franciscansinternational.org\\\/es\\\/#\\\/schema\\\/logo\\\/image\\\/\",\"url\":\"https:\\\/\\\/franciscansinternational.org\\\/wp-content\\\/uploads\\\/sites\\\/3\\\/2023\\\/05\\\/logo-3.png\",\"contentUrl\":\"https:\\\/\\\/franciscansinternational.org\\\/wp-content\\\/uploads\\\/sites\\\/3\\\/2023\\\/05\\\/logo-3.png\",\"width\":1200,\"height\":205,\"caption\":\"Franciscans International (ES)\"},\"image\":{\"@id\":\"https:\\\/\\\/franciscansinternational.org\\\/es\\\/#\\\/schema\\\/logo\\\/image\\\/\"},\"sameAs\":[\"https:\\\/\\\/www.facebook.com\\\/FranciscansInternational\\\/\",\"https:\\\/\\\/x.com\\\/FranciscansIntl\",\"https:\\\/\\\/www.youtube.com\\\/channel\\\/UCexu0i-fWB4wwrlPMCz8_Zg\"]},{\"@type\":\"Person\",\"@id\":\"https:\\\/\\\/franciscansinternational.org\\\/es\\\/#\\\/schema\\\/person\\\/f398f02712a9dcab7603295bc1ea94e4\",\"name\":\"communications\",\"image\":{\"@type\":\"ImageObject\",\"inLanguage\":\"es\",\"@id\":\"https:\\\/\\\/secure.gravatar.com\\\/avatar\\\/0b4a62226a9b4f7ce621ec49ca40be1e77d886a42ca84b8a0b0697e9ec17dd63?s=96&d=mm&r=g\",\"url\":\"https:\\\/\\\/secure.gravatar.com\\\/avatar\\\/0b4a62226a9b4f7ce621ec49ca40be1e77d886a42ca84b8a0b0697e9ec17dd63?s=96&d=mm&r=g\",\"contentUrl\":\"https:\\\/\\\/secure.gravatar.com\\\/avatar\\\/0b4a62226a9b4f7ce621ec49ca40be1e77d886a42ca84b8a0b0697e9ec17dd63?s=96&d=mm&r=g\",\"caption\":\"communications\"},\"url\":\"https:\\\/\\\/franciscansinternational.org\\\/es\\\/author\\\/communications\\\/\"}]}<\/script>\n<!-- \/ Yoast SEO plugin. -->","yoast_head_json":{"title":"Franciscans International llora la muerte del papa Francisco - Franciscans International (ES)","robots":{"index":"index","follow":"follow","max-snippet":"max-snippet:-1","max-image-preview":"max-image-preview:large","max-video-preview":"max-video-preview:-1"},"canonical":"https:\/\/franciscansinternational.org\/es\/franciscans-international-llora-la-muerte-del-papa-francisco\/","og_locale":"es_ES","og_type":"article","og_title":"Franciscans International llora la muerte del papa Francisco - Franciscans International (ES)","og_description":"Con gran tristeza nos enteramos del fallecimiento del papa Francisco el lunes de Pascua Estamos agradecidos por la inspiraci\u00f3n que ...","og_url":"https:\/\/franciscansinternational.org\/es\/franciscans-international-llora-la-muerte-del-papa-francisco\/","og_site_name":"Franciscans International (ES)","article_publisher":"https:\/\/www.facebook.com\/FranciscansInternational\/","article_published_time":"2025-04-22T07:48:40+00:00","article_modified_time":"2025-04-22T07:48:44+00:00","og_image":[{"width":2000,"height":1052,"url":"https:\/\/franciscansinternational.org\/es\/wp-content\/uploads\/sites\/3\/2025\/04\/Francis_WebsiteThumb.jpg","type":"image\/jpeg"}],"author":"communications","twitter_card":"summary_large_image","twitter_creator":"@FranciscansIntl","twitter_site":"@FranciscansIntl","twitter_misc":{"Escrito por":"communications","Tiempo de lectura":"2 minutos"},"schema":{"@context":"https:\/\/schema.org","@graph":[{"@type":"Article","@id":"https:\/\/franciscansinternational.org\/es\/franciscans-international-llora-la-muerte-del-papa-francisco\/#article","isPartOf":{"@id":"https:\/\/franciscansinternational.org\/es\/franciscans-international-llora-la-muerte-del-papa-francisco\/"},"author":{"name":"communications","@id":"https:\/\/franciscansinternational.org\/es\/#\/schema\/person\/f398f02712a9dcab7603295bc1ea94e4"},"headline":"Franciscans International llora la muerte del papa Francisco","datePublished":"2025-04-22T07:48:40+00:00","dateModified":"2025-04-22T07:48:44+00:00","mainEntityOfPage":{"@id":"https:\/\/franciscansinternational.org\/es\/franciscans-international-llora-la-muerte-del-papa-francisco\/"},"wordCount":403,"publisher":{"@id":"https:\/\/franciscansinternational.org\/es\/#organization"},"image":{"@id":"https:\/\/franciscansinternational.org\/es\/franciscans-international-llora-la-muerte-del-papa-francisco\/#primaryimage"},"thumbnailUrl":"https:\/\/franciscansinternational.org\/es\/wp-content\/uploads\/sites\/3\/2025\/04\/Francis_WebsiteThumb.jpg","articleSection":["Noticias"],"inLanguage":"es"},{"@type":"WebPage","@id":"https:\/\/franciscansinternational.org\/es\/franciscans-international-llora-la-muerte-del-papa-francisco\/","url":"https:\/\/franciscansinternational.org\/es\/franciscans-international-llora-la-muerte-del-papa-francisco\/","name":"Franciscans International llora la muerte del papa Francisco - Franciscans International (ES)","isPartOf":{"@id":"https:\/\/franciscansinternational.org\/es\/#website"},"primaryImageOfPage":{"@id":"https:\/\/franciscansinternational.org\/es\/franciscans-international-llora-la-muerte-del-papa-francisco\/#primaryimage"},"image":{"@id":"https:\/\/franciscansinternational.org\/es\/franciscans-international-llora-la-muerte-del-papa-francisco\/#primaryimage"},"thumbnailUrl":"https:\/\/franciscansinternational.org\/es\/wp-content\/uploads\/sites\/3\/2025\/04\/Francis_WebsiteThumb.jpg","datePublished":"2025-04-22T07:48:40+00:00","dateModified":"2025-04-22T07:48:44+00:00","breadcrumb":{"@id":"https:\/\/franciscansinternational.org\/es\/franciscans-international-llora-la-muerte-del-papa-francisco\/#breadcrumb"},"inLanguage":"es","potentialAction":[{"@type":"ReadAction","target":["https:\/\/franciscansinternational.org\/es\/franciscans-international-llora-la-muerte-del-papa-francisco\/"]}]},{"@type":"ImageObject","inLanguage":"es","@id":"https:\/\/franciscansinternational.org\/es\/franciscans-international-llora-la-muerte-del-papa-francisco\/#primaryimage","url":"https:\/\/franciscansinternational.org\/es\/wp-content\/uploads\/sites\/3\/2025\/04\/Francis_WebsiteThumb.jpg","contentUrl":"https:\/\/franciscansinternational.org\/es\/wp-content\/uploads\/sites\/3\/2025\/04\/Francis_WebsiteThumb.jpg","width":2000,"height":1052},{"@type":"BreadcrumbList","@id":"https:\/\/franciscansinternational.org\/es\/franciscans-international-llora-la-muerte-del-papa-francisco\/#breadcrumb","itemListElement":[{"@type":"ListItem","position":1,"name":"Home","item":"https:\/\/franciscansinternational.org\/es\/"},{"@type":"ListItem","position":2,"name":"Franciscans International llora la muerte del papa Francisco"}]},{"@type":"WebSite","@id":"https:\/\/franciscansinternational.org\/es\/#website","url":"https:\/\/franciscansinternational.org\/es\/","name":"Franciscans International (ES)","description":"Just another Franciscans International site","publisher":{"@id":"https:\/\/franciscansinternational.org\/es\/#organization"},"potentialAction":[{"@type":"SearchAction","target":{"@type":"EntryPoint","urlTemplate":"https:\/\/franciscansinternational.org\/es\/?s={search_term_string}"},"query-input":{"@type":"PropertyValueSpecification","valueRequired":true,"valueName":"search_term_string"}}],"inLanguage":"es"},{"@type":"Organization","@id":"https:\/\/franciscansinternational.org\/es\/#organization","name":"Franciscans International (ES)","url":"https:\/\/franciscansinternational.org\/es\/","logo":{"@type":"ImageObject","inLanguage":"es","@id":"https:\/\/franciscansinternational.org\/es\/#\/schema\/logo\/image\/","url":"https:\/\/franciscansinternational.org\/wp-content\/uploads\/sites\/3\/2023\/05\/logo-3.png","contentUrl":"https:\/\/franciscansinternational.org\/wp-content\/uploads\/sites\/3\/2023\/05\/logo-3.png","width":1200,"height":205,"caption":"Franciscans International (ES)"},"image":{"@id":"https:\/\/franciscansinternational.org\/es\/#\/schema\/logo\/image\/"},"sameAs":["https:\/\/www.facebook.com\/FranciscansInternational\/","https:\/\/x.com\/FranciscansIntl","https:\/\/www.youtube.com\/channel\/UCexu0i-fWB4wwrlPMCz8_Zg"]},{"@type":"Person","@id":"https:\/\/franciscansinternational.org\/es\/#\/schema\/person\/f398f02712a9dcab7603295bc1ea94e4","name":"communications","image":{"@type":"ImageObject","inLanguage":"es","@id":"https:\/\/secure.gravatar.com\/avatar\/0b4a62226a9b4f7ce621ec49ca40be1e77d886a42ca84b8a0b0697e9ec17dd63?s=96&d=mm&r=g","url":"https:\/\/secure.gravatar.com\/avatar\/0b4a62226a9b4f7ce621ec49ca40be1e77d886a42ca84b8a0b0697e9ec17dd63?s=96&d=mm&r=g","contentUrl":"https:\/\/secure.gravatar.com\/avatar\/0b4a62226a9b4f7ce621ec49ca40be1e77d886a42ca84b8a0b0697e9ec17dd63?s=96&d=mm&r=g","caption":"communications"},"url":"https:\/\/franciscansinternational.org\/es\/author\/communications\/"}]}},"jetpack_featured_media_url":"https:\/\/franciscansinternational.org\/es\/wp-content\/uploads\/sites\/3\/2025\/04\/Francis_WebsiteThumb.jpg","jetpack_sharing_enabled":true,"_links":{"self":[{"href":"https:\/\/franciscansinternational.org\/es\/wp-json\/wp\/v2\/posts\/872","targetHints":{"allow":["GET"]}}],"collection":[{"href":"https:\/\/franciscansinternational.org\/es\/wp-json\/wp\/v2\/posts"}],"about":[{"href":"https:\/\/franciscansinternational.org\/es\/wp-json\/wp\/v2\/types\/post"}],"author":[{"embeddable":true,"href":"https:\/\/franciscansinternational.org\/es\/wp-json\/wp\/v2\/users\/3"}],"replies":[{"embeddable":true,"href":"https:\/\/franciscansinternational.org\/es\/wp-json\/wp\/v2\/comments?post=872"}],"version-history":[{"count":2,"href":"https:\/\/franciscansinternational.org\/es\/wp-json\/wp\/v2\/posts\/872\/revisions"}],"predecessor-version":[{"id":875,"href":"https:\/\/franciscansinternational.org\/es\/wp-json\/wp\/v2\/posts\/872\/revisions\/875"}],"wp:featuredmedia":[{"embeddable":true,"href":"https:\/\/franciscansinternational.org\/es\/wp-json\/wp\/v2\/media\/873"}],"wp:attachment":[{"href":"https:\/\/franciscansinternational.org\/es\/wp-json\/wp\/v2\/media?parent=872"}],"wp:term":[{"taxonomy":"category","embeddable":true,"href":"https:\/\/franciscansinternational.org\/es\/wp-json\/wp\/v2\/categories?post=872"},{"taxonomy":"post_tag","embeddable":true,"href":"https:\/\/franciscansinternational.org\/es\/wp-json\/wp\/v2\/tags?post=872"}],"curies":[{"name":"wp","href":"https:\/\/api.w.org\/{rel}","templated":true}]}}