{"id":962,"date":"2025-09-02T14:28:17","date_gmt":"2025-09-02T14:28:17","guid":{"rendered":"https:\/\/franciscansinternational.org\/es\/?p=962"},"modified":"2025-09-02T14:44:50","modified_gmt":"2025-09-02T14:44:50","slug":"los-franciscanos-se-preparan-para-plantear-ante-la-onu-las-causas-profundas-de-la-violencia-que-sigue-azotando-el-norte-de-mozambique","status":"publish","type":"post","link":"https:\/\/franciscansinternational.org\/es\/los-franciscanos-se-preparan-para-plantear-ante-la-onu-las-causas-profundas-de-la-violencia-que-sigue-azotando-el-norte-de-mozambique\/","title":{"rendered":"Los franciscanos se preparan para plantear ante la ONU las causas profundas de la violencia que sigue azotando el norte de Mozambique"},"content":{"rendered":"\n<p>En octubre de 2017, una serie de ataques insurgentes en la provincia de Cabo Delgado, en el norte de Mozambique, desencadenaron un conflicto que ha desplazado a m\u00e1s de 600 000 personas. Los franciscanos respondieron inicialmente a la crisis creando estructuras de apoyo para las oleadas de desplazados internos, tratando de abordar la falta de alimentos, agua, vivienda, educaci\u00f3n y la prevenci\u00f3n de traumas entre quienes hu\u00edan de la violencia.&nbsp;<\/p>\n\n\n\n<p>Desde entonces, los combates entre las fuerzas mozambique\u00f1as, mal entrenadas, y los insurgentes se han transformado en un conflicto prolongado y de baja intensidad, sin un final inmediato a la vista. Aparte de los ataques espor\u00e1dicos contra las comunidades perpetrados por los insurgentes, el creciente n\u00famero de violaciones de los derechos humanos cometidas por las fuerzas gubernamentales sin rendir cuentas ha destrozado la confianza de aquellos a quienes se supone que deben proteger. El conflicto no solo se ve alimentado por la presencia de gas natural, petr\u00f3leo y otros recursos naturales, sino tambi\u00e9n por un cambio en la din\u00e1mica local, en la que las comunidades no se benefician econ\u00f3micamente de las actividades de las transnacionales. En cambio, los trabajadores artesanales locales se han visto obligados a abandonar sus actividades habituales, lo que ha aumentado a\u00fan m\u00e1s las tensiones en una provincia que lleva mucho tiempo marginada pol\u00edtica, social y econ\u00f3micamente.&nbsp;<\/p>\n\n\n\n<p>Franciscans International viaj\u00f3 recientemente a Mozambique, donde visitamos el campamento de desplazados internos de Corane y nos reunimos con l\u00edderes comunitarios, representantes de la sociedad civil y otras partes interesadas. Tambi\u00e9n aprovechamos la oportunidad para impartir un taller sobre derechos humanos antes de la pr\u00f3xima Revisi\u00f3n Peri\u00f3dica Universal (RPU) de Mozambique. El taller, que reuni\u00f3 a diferentes ramas de la familia franciscana, abarc\u00f3 una serie de cuestiones, entre ellas la documentaci\u00f3n y las estrategias para fortalecer las redes existentes y abordar el papel cambiante de los franciscanos en respuesta al conflicto.<\/p>\n\n\n\n<p><\/p>\n\n\n\n<figure class=\"wp-block-gallery has-nested-images columns-default is-cropped wp-block-gallery-1 is-layout-flex wp-block-gallery-is-layout-flex\">\n<figure class=\"wp-block-image size-large\"><img loading=\"lazy\" decoding=\"async\" width=\"1016\" height=\"677\" data-id=\"963\" src=\"https:\/\/franciscansinternational.org\/es\/wp-content\/uploads\/sites\/3\/2025\/09\/2025_Mozambique1.jpg\" alt=\"\" class=\"wp-image-963\" srcset=\"https:\/\/franciscansinternational.org\/es\/wp-content\/uploads\/sites\/3\/2025\/09\/2025_Mozambique1.jpg 1016w, https:\/\/franciscansinternational.org\/es\/wp-content\/uploads\/sites\/3\/2025\/09\/2025_Mozambique1-300x200.jpg 300w, https:\/\/franciscansinternational.org\/es\/wp-content\/uploads\/sites\/3\/2025\/09\/2025_Mozambique1-768x512.jpg 768w\" sizes=\"auto, (max-width: 1016px) 100vw, 1016px\" \/><\/figure>\n\n\n\n<figure class=\"wp-block-image size-large\"><img loading=\"lazy\" decoding=\"async\" width=\"1000\" height=\"667\" data-id=\"964\" src=\"https:\/\/franciscansinternational.org\/es\/wp-content\/uploads\/sites\/3\/2025\/09\/2025_Mozambique2.jpg\" alt=\"\" class=\"wp-image-964\" srcset=\"https:\/\/franciscansinternational.org\/es\/wp-content\/uploads\/sites\/3\/2025\/09\/2025_Mozambique2.jpg 1000w, https:\/\/franciscansinternational.org\/es\/wp-content\/uploads\/sites\/3\/2025\/09\/2025_Mozambique2-300x200.jpg 300w, https:\/\/franciscansinternational.org\/es\/wp-content\/uploads\/sites\/3\/2025\/09\/2025_Mozambique2-768x512.jpg 768w\" sizes=\"auto, (max-width: 1000px) 100vw, 1000px\" \/><\/figure>\n\n\n\n<figure class=\"wp-block-image size-large\"><img loading=\"lazy\" decoding=\"async\" width=\"1024\" height=\"682\" data-id=\"965\" src=\"https:\/\/franciscansinternational.org\/es\/wp-content\/uploads\/sites\/3\/2025\/09\/2025_Mozambique3-1024x682.jpg\" alt=\"\" class=\"wp-image-965\" srcset=\"https:\/\/franciscansinternational.org\/es\/wp-content\/uploads\/sites\/3\/2025\/09\/2025_Mozambique3-1024x682.jpg 1024w, https:\/\/franciscansinternational.org\/es\/wp-content\/uploads\/sites\/3\/2025\/09\/2025_Mozambique3-300x200.jpg 300w, https:\/\/franciscansinternational.org\/es\/wp-content\/uploads\/sites\/3\/2025\/09\/2025_Mozambique3-768x512.jpg 768w, https:\/\/franciscansinternational.org\/es\/wp-content\/uploads\/sites\/3\/2025\/09\/2025_Mozambique3-1536x1023.jpg 1536w, https:\/\/franciscansinternational.org\/es\/wp-content\/uploads\/sites\/3\/2025\/09\/2025_Mozambique3.jpg 1600w\" sizes=\"auto, (max-width: 1024px) 100vw, 1024px\" \/><\/figure>\n<\/figure>\n\n\n\n<p><\/p>\n\n\n\n<p>Desde&nbsp;<a href=\"https:\/\/franciscansinternational.org\/es\/un-conflicto-olvidado-en-el-norte-de-mozambique\/\">la \u00faltima visita de FI en 2022<\/a>, la reducci\u00f3n del espacio c\u00edvico en Mozambique ha dificultado enormemente la supervisi\u00f3n y la presentaci\u00f3n de informes independientes, y se ha prohibido a los medios de comunicaci\u00f3n visitar Cabo Delgado.&nbsp; La limitada presencia de las instituciones gubernamentales, incluido el poder judicial, debido al conflicto, dificulta a\u00fan m\u00e1s el acceso a informaci\u00f3n fiable. En medio de la disminuci\u00f3n de la ayuda humanitaria internacional, los franciscanos y otras redes eclesi\u00e1sticas se encuentran entre los pocos que pueden prestar apoyo y documentar las violaciones de los derechos humanos.<\/p>\n\n\n\n<p>En los pr\u00f3ximos meses, FI colaborar\u00e1 estrechamente con los hermanos y hermanas franciscanos de Mozambique en la preparaci\u00f3n de una presentaci\u00f3n para el EPU, un mecanismo de las Naciones Unidas mediante el cual se examinan de forma rotatoria los registros de derechos humanos de todos los Estados miembros. Su informe incluir\u00e1 observaciones y recomendaciones clave sobre las empresas y los derechos humanos, la situaci\u00f3n de los desplazados internos y la situaci\u00f3n de seguridad en Cabo Delgado. FI tambi\u00e9n est\u00e1 preparando un nuevo informe sobre la situaci\u00f3n, que se espera que se publique a finales de 2025.<\/p>\n\n\n\n<p><\/p>\n\n\n\n<blockquote class=\"wp-block-quote has-small-font-size is-layout-flow wp-block-quote-is-layout-flow\">\n<p>Se trata de una traducci\u00f3n autom\u00e1tica. Rogamos disculpen los errores que puedan haberse producido. En caso de divergencia, la versi\u00f3n inglesa es la autorizada.<\/p>\n<\/blockquote>\n","protected":false},"excerpt":{"rendered":"<p>En octubre de 2017, una serie de ataques insurgentes en la provincia de Cabo Delgado, en el norte de Mozambique, &#8230; <\/p>\n","protected":false},"author":3,"featured_media":968,"comment_status":"closed","ping_status":"closed","sticky":false,"template":"","format":"standard","meta":{"_relevanssi_hide_post":"","_relevanssi_hide_content":"","_relevanssi_pin_for_all":"","_relevanssi_pin_keywords":"","_relevanssi_unpin_keywords":"","_relevanssi_related_keywords":"","_relevanssi_related_include_ids":"","_relevanssi_related_exclude_ids":"","_relevanssi_related_no_append":"","_relevanssi_related_not_related":"","_relevanssi_related_posts":"209,687,691,367,946,462","_relevanssi_noindex_reason":"","_jetpack_memberships_contains_paid_content":false,"footnotes":""},"categories":[1],"tags":[9,12,5],"class_list":["post-962","post","type-post","status-publish","format-standard","has-post-thumbnail","hentry","category-noticias","tag-dignidad-de-toda-persona","tag-paz-y-derechos-humanos","tag-programa-africa"],"acf":[],"yoast_head":"<!-- This site is optimized with the Yoast SEO plugin v27.4 - https:\/\/yoast.com\/product\/yoast-seo-wordpress\/ -->\n<title>Los franciscanos se preparan para plantear ante la ONU las causas profundas de la violencia que sigue azotando el norte de Mozambique - Franciscans International (ES)<\/title>\n<meta name=\"robots\" content=\"index, follow, max-snippet:-1, max-image-preview:large, max-video-preview:-1\" \/>\n<link rel=\"canonical\" href=\"https:\/\/franciscansinternational.org\/es\/los-franciscanos-se-preparan-para-plantear-ante-la-onu-las-causas-profundas-de-la-violencia-que-sigue-azotando-el-norte-de-mozambique\/\" \/>\n<meta property=\"og:locale\" content=\"es_ES\" \/>\n<meta property=\"og:type\" content=\"article\" \/>\n<meta property=\"og:title\" content=\"Los franciscanos se preparan para plantear ante la ONU las causas profundas de la violencia que sigue azotando el norte de Mozambique - Franciscans International (ES)\" \/>\n<meta property=\"og:description\" content=\"En octubre de 2017, una serie de ataques insurgentes en la provincia de Cabo Delgado, en el norte de Mozambique, ...\" \/>\n<meta property=\"og:url\" content=\"https:\/\/franciscansinternational.org\/es\/los-franciscanos-se-preparan-para-plantear-ante-la-onu-las-causas-profundas-de-la-violencia-que-sigue-azotando-el-norte-de-mozambique\/\" \/>\n<meta property=\"og:site_name\" content=\"Franciscans International (ES)\" \/>\n<meta property=\"article:publisher\" content=\"https:\/\/www.facebook.com\/FranciscansInternational\/\" \/>\n<meta property=\"article:published_time\" content=\"2025-09-02T14:28:17+00:00\" \/>\n<meta property=\"article:modified_time\" content=\"2025-09-02T14:44:50+00:00\" \/>\n<meta property=\"og:image\" content=\"https:\/\/franciscansinternational.org\/es\/wp-content\/uploads\/sites\/3\/2025\/09\/2025_Mozambique_cover.jpg\" \/>\n\t<meta property=\"og:image:width\" content=\"1280\" \/>\n\t<meta property=\"og:image:height\" content=\"800\" \/>\n\t<meta property=\"og:image:type\" content=\"image\/jpeg\" \/>\n<meta name=\"author\" content=\"communications\" \/>\n<meta name=\"twitter:card\" content=\"summary_large_image\" \/>\n<meta name=\"twitter:creator\" content=\"@FranciscansIntl\" \/>\n<meta name=\"twitter:site\" content=\"@FranciscansIntl\" \/>\n<meta name=\"twitter:label1\" content=\"Escrito por\" \/>\n\t<meta name=\"twitter:data1\" content=\"communications\" \/>\n\t<meta name=\"twitter:label2\" content=\"Tiempo de lectura\" \/>\n\t<meta name=\"twitter:data2\" content=\"4 minutos\" \/>\n<script type=\"application\/ld+json\" class=\"yoast-schema-graph\">{\"@context\":\"https:\\\/\\\/schema.org\",\"@graph\":[{\"@type\":\"Article\",\"@id\":\"https:\\\/\\\/franciscansinternational.org\\\/es\\\/los-franciscanos-se-preparan-para-plantear-ante-la-onu-las-causas-profundas-de-la-violencia-que-sigue-azotando-el-norte-de-mozambique\\\/#article\",\"isPartOf\":{\"@id\":\"https:\\\/\\\/franciscansinternational.org\\\/es\\\/los-franciscanos-se-preparan-para-plantear-ante-la-onu-las-causas-profundas-de-la-violencia-que-sigue-azotando-el-norte-de-mozambique\\\/\"},\"author\":{\"name\":\"communications\",\"@id\":\"https:\\\/\\\/franciscansinternational.org\\\/es\\\/#\\\/schema\\\/person\\\/f398f02712a9dcab7603295bc1ea94e4\"},\"headline\":\"Los franciscanos se preparan para plantear ante la ONU las causas profundas de la violencia que sigue azotando el norte de Mozambique\",\"datePublished\":\"2025-09-02T14:28:17+00:00\",\"dateModified\":\"2025-09-02T14:44:50+00:00\",\"mainEntityOfPage\":{\"@id\":\"https:\\\/\\\/franciscansinternational.org\\\/es\\\/los-franciscanos-se-preparan-para-plantear-ante-la-onu-las-causas-profundas-de-la-violencia-que-sigue-azotando-el-norte-de-mozambique\\\/\"},\"wordCount\":586,\"publisher\":{\"@id\":\"https:\\\/\\\/franciscansinternational.org\\\/es\\\/#organization\"},\"image\":{\"@id\":\"https:\\\/\\\/franciscansinternational.org\\\/es\\\/los-franciscanos-se-preparan-para-plantear-ante-la-onu-las-causas-profundas-de-la-violencia-que-sigue-azotando-el-norte-de-mozambique\\\/#primaryimage\"},\"thumbnailUrl\":\"https:\\\/\\\/franciscansinternational.org\\\/es\\\/wp-content\\\/uploads\\\/sites\\\/3\\\/2025\\\/09\\\/2025_Mozambique_cover.jpg\",\"keywords\":[\"Dignidad de toda persona\",\"Paz y derechos humanos\",\"Programa \u00c1frica\"],\"articleSection\":[\"Noticias\"],\"inLanguage\":\"es\"},{\"@type\":\"WebPage\",\"@id\":\"https:\\\/\\\/franciscansinternational.org\\\/es\\\/los-franciscanos-se-preparan-para-plantear-ante-la-onu-las-causas-profundas-de-la-violencia-que-sigue-azotando-el-norte-de-mozambique\\\/\",\"url\":\"https:\\\/\\\/franciscansinternational.org\\\/es\\\/los-franciscanos-se-preparan-para-plantear-ante-la-onu-las-causas-profundas-de-la-violencia-que-sigue-azotando-el-norte-de-mozambique\\\/\",\"name\":\"Los franciscanos se preparan para plantear ante la ONU las causas profundas de la violencia que sigue azotando el norte de Mozambique - Franciscans International (ES)\",\"isPartOf\":{\"@id\":\"https:\\\/\\\/franciscansinternational.org\\\/es\\\/#website\"},\"primaryImageOfPage\":{\"@id\":\"https:\\\/\\\/franciscansinternational.org\\\/es\\\/los-franciscanos-se-preparan-para-plantear-ante-la-onu-las-causas-profundas-de-la-violencia-que-sigue-azotando-el-norte-de-mozambique\\\/#primaryimage\"},\"image\":{\"@id\":\"https:\\\/\\\/franciscansinternational.org\\\/es\\\/los-franciscanos-se-preparan-para-plantear-ante-la-onu-las-causas-profundas-de-la-violencia-que-sigue-azotando-el-norte-de-mozambique\\\/#primaryimage\"},\"thumbnailUrl\":\"https:\\\/\\\/franciscansinternational.org\\\/es\\\/wp-content\\\/uploads\\\/sites\\\/3\\\/2025\\\/09\\\/2025_Mozambique_cover.jpg\",\"datePublished\":\"2025-09-02T14:28:17+00:00\",\"dateModified\":\"2025-09-02T14:44:50+00:00\",\"breadcrumb\":{\"@id\":\"https:\\\/\\\/franciscansinternational.org\\\/es\\\/los-franciscanos-se-preparan-para-plantear-ante-la-onu-las-causas-profundas-de-la-violencia-que-sigue-azotando-el-norte-de-mozambique\\\/#breadcrumb\"},\"inLanguage\":\"es\",\"potentialAction\":[{\"@type\":\"ReadAction\",\"target\":[\"https:\\\/\\\/franciscansinternational.org\\\/es\\\/los-franciscanos-se-preparan-para-plantear-ante-la-onu-las-causas-profundas-de-la-violencia-que-sigue-azotando-el-norte-de-mozambique\\\/\"]}]},{\"@type\":\"ImageObject\",\"inLanguage\":\"es\",\"@id\":\"https:\\\/\\\/franciscansinternational.org\\\/es\\\/los-franciscanos-se-preparan-para-plantear-ante-la-onu-las-causas-profundas-de-la-violencia-que-sigue-azotando-el-norte-de-mozambique\\\/#primaryimage\",\"url\":\"https:\\\/\\\/franciscansinternational.org\\\/es\\\/wp-content\\\/uploads\\\/sites\\\/3\\\/2025\\\/09\\\/2025_Mozambique_cover.jpg\",\"contentUrl\":\"https:\\\/\\\/franciscansinternational.org\\\/es\\\/wp-content\\\/uploads\\\/sites\\\/3\\\/2025\\\/09\\\/2025_Mozambique_cover.jpg\",\"width\":1280,\"height\":800},{\"@type\":\"BreadcrumbList\",\"@id\":\"https:\\\/\\\/franciscansinternational.org\\\/es\\\/los-franciscanos-se-preparan-para-plantear-ante-la-onu-las-causas-profundas-de-la-violencia-que-sigue-azotando-el-norte-de-mozambique\\\/#breadcrumb\",\"itemListElement\":[{\"@type\":\"ListItem\",\"position\":1,\"name\":\"Home\",\"item\":\"https:\\\/\\\/franciscansinternational.org\\\/es\\\/\"},{\"@type\":\"ListItem\",\"position\":2,\"name\":\"Los franciscanos se preparan para plantear ante la ONU las causas profundas de la violencia que sigue azotando el norte de Mozambique\"}]},{\"@type\":\"WebSite\",\"@id\":\"https:\\\/\\\/franciscansinternational.org\\\/es\\\/#website\",\"url\":\"https:\\\/\\\/franciscansinternational.org\\\/es\\\/\",\"name\":\"Franciscans International (ES)\",\"description\":\"Just another Franciscans International site\",\"publisher\":{\"@id\":\"https:\\\/\\\/franciscansinternational.org\\\/es\\\/#organization\"},\"potentialAction\":[{\"@type\":\"SearchAction\",\"target\":{\"@type\":\"EntryPoint\",\"urlTemplate\":\"https:\\\/\\\/franciscansinternational.org\\\/es\\\/?s={search_term_string}\"},\"query-input\":{\"@type\":\"PropertyValueSpecification\",\"valueRequired\":true,\"valueName\":\"search_term_string\"}}],\"inLanguage\":\"es\"},{\"@type\":\"Organization\",\"@id\":\"https:\\\/\\\/franciscansinternational.org\\\/es\\\/#organization\",\"name\":\"Franciscans International (ES)\",\"url\":\"https:\\\/\\\/franciscansinternational.org\\\/es\\\/\",\"logo\":{\"@type\":\"ImageObject\",\"inLanguage\":\"es\",\"@id\":\"https:\\\/\\\/franciscansinternational.org\\\/es\\\/#\\\/schema\\\/logo\\\/image\\\/\",\"url\":\"https:\\\/\\\/franciscansinternational.org\\\/wp-content\\\/uploads\\\/sites\\\/3\\\/2023\\\/05\\\/logo-3.png\",\"contentUrl\":\"https:\\\/\\\/franciscansinternational.org\\\/wp-content\\\/uploads\\\/sites\\\/3\\\/2023\\\/05\\\/logo-3.png\",\"width\":1200,\"height\":205,\"caption\":\"Franciscans International (ES)\"},\"image\":{\"@id\":\"https:\\\/\\\/franciscansinternational.org\\\/es\\\/#\\\/schema\\\/logo\\\/image\\\/\"},\"sameAs\":[\"https:\\\/\\\/www.facebook.com\\\/FranciscansInternational\\\/\",\"https:\\\/\\\/x.com\\\/FranciscansIntl\",\"https:\\\/\\\/www.youtube.com\\\/channel\\\/UCexu0i-fWB4wwrlPMCz8_Zg\"]},{\"@type\":\"Person\",\"@id\":\"https:\\\/\\\/franciscansinternational.org\\\/es\\\/#\\\/schema\\\/person\\\/f398f02712a9dcab7603295bc1ea94e4\",\"name\":\"communications\",\"image\":{\"@type\":\"ImageObject\",\"inLanguage\":\"es\",\"@id\":\"https:\\\/\\\/secure.gravatar.com\\\/avatar\\\/0b4a62226a9b4f7ce621ec49ca40be1e77d886a42ca84b8a0b0697e9ec17dd63?s=96&d=mm&r=g\",\"url\":\"https:\\\/\\\/secure.gravatar.com\\\/avatar\\\/0b4a62226a9b4f7ce621ec49ca40be1e77d886a42ca84b8a0b0697e9ec17dd63?s=96&d=mm&r=g\",\"contentUrl\":\"https:\\\/\\\/secure.gravatar.com\\\/avatar\\\/0b4a62226a9b4f7ce621ec49ca40be1e77d886a42ca84b8a0b0697e9ec17dd63?s=96&d=mm&r=g\",\"caption\":\"communications\"},\"url\":\"https:\\\/\\\/franciscansinternational.org\\\/es\\\/author\\\/communications\\\/\"}]}<\/script>\n<!-- \/ Yoast SEO plugin. -->","yoast_head_json":{"title":"Los franciscanos se preparan para plantear ante la ONU las causas profundas de la violencia que sigue azotando el norte de Mozambique - Franciscans International (ES)","robots":{"index":"index","follow":"follow","max-snippet":"max-snippet:-1","max-image-preview":"max-image-preview:large","max-video-preview":"max-video-preview:-1"},"canonical":"https:\/\/franciscansinternational.org\/es\/los-franciscanos-se-preparan-para-plantear-ante-la-onu-las-causas-profundas-de-la-violencia-que-sigue-azotando-el-norte-de-mozambique\/","og_locale":"es_ES","og_type":"article","og_title":"Los franciscanos se preparan para plantear ante la ONU las causas profundas de la violencia que sigue azotando el norte de Mozambique - Franciscans International (ES)","og_description":"En octubre de 2017, una serie de ataques insurgentes en la provincia de Cabo Delgado, en el norte de Mozambique, ...","og_url":"https:\/\/franciscansinternational.org\/es\/los-franciscanos-se-preparan-para-plantear-ante-la-onu-las-causas-profundas-de-la-violencia-que-sigue-azotando-el-norte-de-mozambique\/","og_site_name":"Franciscans International (ES)","article_publisher":"https:\/\/www.facebook.com\/FranciscansInternational\/","article_published_time":"2025-09-02T14:28:17+00:00","article_modified_time":"2025-09-02T14:44:50+00:00","og_image":[{"width":1280,"height":800,"url":"https:\/\/franciscansinternational.org\/es\/wp-content\/uploads\/sites\/3\/2025\/09\/2025_Mozambique_cover.jpg","type":"image\/jpeg"}],"author":"communications","twitter_card":"summary_large_image","twitter_creator":"@FranciscansIntl","twitter_site":"@FranciscansIntl","twitter_misc":{"Escrito por":"communications","Tiempo de lectura":"4 minutos"},"schema":{"@context":"https:\/\/schema.org","@graph":[{"@type":"Article","@id":"https:\/\/franciscansinternational.org\/es\/los-franciscanos-se-preparan-para-plantear-ante-la-onu-las-causas-profundas-de-la-violencia-que-sigue-azotando-el-norte-de-mozambique\/#article","isPartOf":{"@id":"https:\/\/franciscansinternational.org\/es\/los-franciscanos-se-preparan-para-plantear-ante-la-onu-las-causas-profundas-de-la-violencia-que-sigue-azotando-el-norte-de-mozambique\/"},"author":{"name":"communications","@id":"https:\/\/franciscansinternational.org\/es\/#\/schema\/person\/f398f02712a9dcab7603295bc1ea94e4"},"headline":"Los franciscanos se preparan para plantear ante la ONU las causas profundas de la violencia que sigue azotando el norte de Mozambique","datePublished":"2025-09-02T14:28:17+00:00","dateModified":"2025-09-02T14:44:50+00:00","mainEntityOfPage":{"@id":"https:\/\/franciscansinternational.org\/es\/los-franciscanos-se-preparan-para-plantear-ante-la-onu-las-causas-profundas-de-la-violencia-que-sigue-azotando-el-norte-de-mozambique\/"},"wordCount":586,"publisher":{"@id":"https:\/\/franciscansinternational.org\/es\/#organization"},"image":{"@id":"https:\/\/franciscansinternational.org\/es\/los-franciscanos-se-preparan-para-plantear-ante-la-onu-las-causas-profundas-de-la-violencia-que-sigue-azotando-el-norte-de-mozambique\/#primaryimage"},"thumbnailUrl":"https:\/\/franciscansinternational.org\/es\/wp-content\/uploads\/sites\/3\/2025\/09\/2025_Mozambique_cover.jpg","keywords":["Dignidad de toda persona","Paz y derechos humanos","Programa \u00c1frica"],"articleSection":["Noticias"],"inLanguage":"es"},{"@type":"WebPage","@id":"https:\/\/franciscansinternational.org\/es\/los-franciscanos-se-preparan-para-plantear-ante-la-onu-las-causas-profundas-de-la-violencia-que-sigue-azotando-el-norte-de-mozambique\/","url":"https:\/\/franciscansinternational.org\/es\/los-franciscanos-se-preparan-para-plantear-ante-la-onu-las-causas-profundas-de-la-violencia-que-sigue-azotando-el-norte-de-mozambique\/","name":"Los franciscanos se preparan para plantear ante la ONU las causas profundas de la violencia que sigue azotando el norte de Mozambique - Franciscans International (ES)","isPartOf":{"@id":"https:\/\/franciscansinternational.org\/es\/#website"},"primaryImageOfPage":{"@id":"https:\/\/franciscansinternational.org\/es\/los-franciscanos-se-preparan-para-plantear-ante-la-onu-las-causas-profundas-de-la-violencia-que-sigue-azotando-el-norte-de-mozambique\/#primaryimage"},"image":{"@id":"https:\/\/franciscansinternational.org\/es\/los-franciscanos-se-preparan-para-plantear-ante-la-onu-las-causas-profundas-de-la-violencia-que-sigue-azotando-el-norte-de-mozambique\/#primaryimage"},"thumbnailUrl":"https:\/\/franciscansinternational.org\/es\/wp-content\/uploads\/sites\/3\/2025\/09\/2025_Mozambique_cover.jpg","datePublished":"2025-09-02T14:28:17+00:00","dateModified":"2025-09-02T14:44:50+00:00","breadcrumb":{"@id":"https:\/\/franciscansinternational.org\/es\/los-franciscanos-se-preparan-para-plantear-ante-la-onu-las-causas-profundas-de-la-violencia-que-sigue-azotando-el-norte-de-mozambique\/#breadcrumb"},"inLanguage":"es","potentialAction":[{"@type":"ReadAction","target":["https:\/\/franciscansinternational.org\/es\/los-franciscanos-se-preparan-para-plantear-ante-la-onu-las-causas-profundas-de-la-violencia-que-sigue-azotando-el-norte-de-mozambique\/"]}]},{"@type":"ImageObject","inLanguage":"es","@id":"https:\/\/franciscansinternational.org\/es\/los-franciscanos-se-preparan-para-plantear-ante-la-onu-las-causas-profundas-de-la-violencia-que-sigue-azotando-el-norte-de-mozambique\/#primaryimage","url":"https:\/\/franciscansinternational.org\/es\/wp-content\/uploads\/sites\/3\/2025\/09\/2025_Mozambique_cover.jpg","contentUrl":"https:\/\/franciscansinternational.org\/es\/wp-content\/uploads\/sites\/3\/2025\/09\/2025_Mozambique_cover.jpg","width":1280,"height":800},{"@type":"BreadcrumbList","@id":"https:\/\/franciscansinternational.org\/es\/los-franciscanos-se-preparan-para-plantear-ante-la-onu-las-causas-profundas-de-la-violencia-que-sigue-azotando-el-norte-de-mozambique\/#breadcrumb","itemListElement":[{"@type":"ListItem","position":1,"name":"Home","item":"https:\/\/franciscansinternational.org\/es\/"},{"@type":"ListItem","position":2,"name":"Los franciscanos se preparan para plantear ante la ONU las causas profundas de la violencia que sigue azotando el norte de Mozambique"}]},{"@type":"WebSite","@id":"https:\/\/franciscansinternational.org\/es\/#website","url":"https:\/\/franciscansinternational.org\/es\/","name":"Franciscans International (ES)","description":"Just another Franciscans International site","publisher":{"@id":"https:\/\/franciscansinternational.org\/es\/#organization"},"potentialAction":[{"@type":"SearchAction","target":{"@type":"EntryPoint","urlTemplate":"https:\/\/franciscansinternational.org\/es\/?s={search_term_string}"},"query-input":{"@type":"PropertyValueSpecification","valueRequired":true,"valueName":"search_term_string"}}],"inLanguage":"es"},{"@type":"Organization","@id":"https:\/\/franciscansinternational.org\/es\/#organization","name":"Franciscans International (ES)","url":"https:\/\/franciscansinternational.org\/es\/","logo":{"@type":"ImageObject","inLanguage":"es","@id":"https:\/\/franciscansinternational.org\/es\/#\/schema\/logo\/image\/","url":"https:\/\/franciscansinternational.org\/wp-content\/uploads\/sites\/3\/2023\/05\/logo-3.png","contentUrl":"https:\/\/franciscansinternational.org\/wp-content\/uploads\/sites\/3\/2023\/05\/logo-3.png","width":1200,"height":205,"caption":"Franciscans International (ES)"},"image":{"@id":"https:\/\/franciscansinternational.org\/es\/#\/schema\/logo\/image\/"},"sameAs":["https:\/\/www.facebook.com\/FranciscansInternational\/","https:\/\/x.com\/FranciscansIntl","https:\/\/www.youtube.com\/channel\/UCexu0i-fWB4wwrlPMCz8_Zg"]},{"@type":"Person","@id":"https:\/\/franciscansinternational.org\/es\/#\/schema\/person\/f398f02712a9dcab7603295bc1ea94e4","name":"communications","image":{"@type":"ImageObject","inLanguage":"es","@id":"https:\/\/secure.gravatar.com\/avatar\/0b4a62226a9b4f7ce621ec49ca40be1e77d886a42ca84b8a0b0697e9ec17dd63?s=96&d=mm&r=g","url":"https:\/\/secure.gravatar.com\/avatar\/0b4a62226a9b4f7ce621ec49ca40be1e77d886a42ca84b8a0b0697e9ec17dd63?s=96&d=mm&r=g","contentUrl":"https:\/\/secure.gravatar.com\/avatar\/0b4a62226a9b4f7ce621ec49ca40be1e77d886a42ca84b8a0b0697e9ec17dd63?s=96&d=mm&r=g","caption":"communications"},"url":"https:\/\/franciscansinternational.org\/es\/author\/communications\/"}]}},"jetpack_featured_media_url":"https:\/\/franciscansinternational.org\/es\/wp-content\/uploads\/sites\/3\/2025\/09\/2025_Mozambique_cover.jpg","jetpack_sharing_enabled":true,"_links":{"self":[{"href":"https:\/\/franciscansinternational.org\/es\/wp-json\/wp\/v2\/posts\/962","targetHints":{"allow":["GET"]}}],"collection":[{"href":"https:\/\/franciscansinternational.org\/es\/wp-json\/wp\/v2\/posts"}],"about":[{"href":"https:\/\/franciscansinternational.org\/es\/wp-json\/wp\/v2\/types\/post"}],"author":[{"embeddable":true,"href":"https:\/\/franciscansinternational.org\/es\/wp-json\/wp\/v2\/users\/3"}],"replies":[{"embeddable":true,"href":"https:\/\/franciscansinternational.org\/es\/wp-json\/wp\/v2\/comments?post=962"}],"version-history":[{"count":2,"href":"https:\/\/franciscansinternational.org\/es\/wp-json\/wp\/v2\/posts\/962\/revisions"}],"predecessor-version":[{"id":969,"href":"https:\/\/franciscansinternational.org\/es\/wp-json\/wp\/v2\/posts\/962\/revisions\/969"}],"wp:featuredmedia":[{"embeddable":true,"href":"https:\/\/franciscansinternational.org\/es\/wp-json\/wp\/v2\/media\/968"}],"wp:attachment":[{"href":"https:\/\/franciscansinternational.org\/es\/wp-json\/wp\/v2\/media?parent=962"}],"wp:term":[{"taxonomy":"category","embeddable":true,"href":"https:\/\/franciscansinternational.org\/es\/wp-json\/wp\/v2\/categories?post=962"},{"taxonomy":"post_tag","embeddable":true,"href":"https:\/\/franciscansinternational.org\/es\/wp-json\/wp\/v2\/tags?post=962"}],"curies":[{"name":"wp","href":"https:\/\/api.w.org\/{rel}","templated":true}]}}