{"id":184,"date":"2021-06-10T15:55:00","date_gmt":"2021-06-10T15:55:00","guid":{"rendered":"https:\/\/franciscansinternational.kinsta.cloud\/fr\/?p=184"},"modified":"2023-03-21T15:57:42","modified_gmt":"2023-03-21T15:57:42","slug":"plus-dune-annee-de-pandemie","status":"publish","type":"post","link":"https:\/\/franciscansinternational.org\/fr\/plus-dune-annee-de-pandemie\/","title":{"rendered":"Plus d\u2019une ann\u00e9e de pand\u00e9mie"},"content":{"rendered":"\n<p>l y a environ un an, Franciscans International (FI) publiait <a href=\"https:\/\/franciscansinternational.org\/news\/news\/covid-19-extreme-poverty-and-environmental-justice\/?no_cache=1&amp;tx_news_pi1%5Bcontroller%5D=News&amp;tx_news_pi1%5Baction%5D=detail&amp;cHash=c815fe844f462a4874521f98fe02b4c6\" target=\"_blank\" rel=\"noreferrer noopener\">sa deuxi\u00e8me d\u00e9claration<\/a> sur la pand\u00e9mie de la COVID-19, les r\u00e9ponses face \u00e0 celle-ci, et ses impacts multiples sur les droits de l\u2019homme. Dans cette d\u00e9claration, nous avions choisi de nous concentrer sur deux enjeux de droits de l\u2019homme \u2013 l\u2019extr\u00eame pauvret\u00e9 et la justice environnementale \u2013 qui sont centraux \u00e0 notre travail, et \u00e0 celui des franciscains et de nos autres partenaires.&nbsp;&nbsp;<\/p>\n\n\n\n<p>Au cours des 12 derniers mois, FI a donc continu\u00e9 \u00e0 recevoir des t\u00e9moignages de son r\u00e9seau sur la mani\u00e8re dont la COVID-19 a d\u00e9voil\u00e9 et intensifi\u00e9 les in\u00e9galit\u00e9s sociales et \u00e9conomiques, la discrimination de genre et raciale, et les autres impacts. Nous avons aussi document\u00e9 comment la pand\u00e9mie est devenue une opportunit\u00e9 manqu\u00e9e d\u2019adopter les mesures urgentes que la crise environnementale appelle \u00e0 prendre. En choisissant ce double prisme, nous avons \u00e9t\u00e9 tr\u00e8s attentifs aux appels \u00e0 la solidarit\u00e9 internationale et au besoin de renforcer, plut\u00f4t que de miner, le multilat\u00e9ralisme pendant cette p\u00e9riode. FI a analys\u00e9 et soumis \u00e0 plusieurs organes et agences des Nations-Unies l\u2019information re\u00e7ue des partenaires sur le terrain.&nbsp;&nbsp;<\/p>\n\n\n\n<p>En particulier, les franciscains et autres partenaires en Afrique, dans les Am\u00e9riques et en Asie-Pacifique ont partag\u00e9 avec nous la mani\u00e8re concr\u00e8te dont les individus et les communaut\u00e9s d\u00e9j\u00e0 marginalis\u00e9s et discrimin\u00e9s souffrent en ces temps.&nbsp;&nbsp;<\/p>\n\n\n\n<p>Ceci est vrai pour les peuples autochtones dans les pays comme le <a href=\"https:\/\/franciscansinternational.org\/fileadmin\/media\/2021\/UN_Sessions\/HRC46\/HRC46_Item2_GeneralDebate.pdf\" target=\"_blank\" rel=\"noreferrer noopener\">Br\u00e9sil<\/a> et le <a href=\"https:\/\/franciscansinternational.org\/fileadmin\/media\/2020\/Americas\/UN_Work\/EMRIP13.pdf\" target=\"_blank\" rel=\"noreferrer noopener\">Guatemala<\/a> o\u00f9 les communaut\u00e9s ont eu des difficult\u00e9s d\u2019acc\u00e8s aux respirateurs, aux vaccins, mais aussi aux<a href=\"https:\/\/franciscansinternational.org\/fileadmin\/media\/2021\/UN_Sessions\/Other\/CPD54_Item3.pdf\" target=\"_blank\" rel=\"noreferrer noopener\"> moyens de subsistance habituel<\/a>s, notamment les march\u00e9 alimentaires locaux pour vendre leur r\u00e9colte, tout en continuant \u00e0 \u00eatre la cible de r\u00e9pression et d\u2019intimidation par l\u2019Etat et les acteurs priv\u00e9s. Au Kenya, les franciscains soutiennent des communaut\u00e9s rurales qui ne sont pas prot\u00e9g\u00e9es par l\u2019Etat contre les effets n\u00e9fastes cumul\u00e9s de la s\u00e9cheresse, l\u2019invasion des criquets, le changement climatique et la COVID-19. Les manifestations qui sont r\u00e9prim\u00e9es en ce moment en <a href=\"http:\/\/www.ofmjpic.org\/colombia-familia-franciscana-denuncia-con-firmeza-la-accion-belica-y-las-violaciones-a-los-derechos-humanos\/\" target=\"_blank\" rel=\"noreferrer noopener\">Colombie<\/a> sont un des exemples du refus des victimes de la pand\u00e9mie et de la crise des droits de l\u2019homme qu\u2019elle engendre, d\u2019accepter encore plus d\u2019in\u00e9galit\u00e9s et d\u2019injustices \u00e9conomiques et sociales. En Indon\u00e9sie, le pr\u00e9sident a officiellement promulgu\u00e9 une nouvelle loi en novembre 2020 qui a pour objectif d\u2019attirer l\u2019investissement et de cr\u00e9er des emplois. Cette loi a \u00e9t\u00e9 grandement critiqu\u00e9e par les organisations de la soci\u00e9t\u00e9 civile car il est \u00e0 craindre qu\u2019elle perp\u00e9tue les in\u00e9galit\u00e9s et qu\u2019elle affecte l\u2019acc\u00e8s \u00e0 leurs terres pour les peuples autochtones vivant dans et aux alentours de la for\u00eat. En effet, il existe un v\u00e9ritable risque que cette nouvelle loi les d\u00e9savantage par rapport aux entreprises et leurs int\u00e9r\u00eats commerciaux, surtout dans la r\u00e9gion de la <a href=\"https:\/\/franciscansinternational.org\/fileadmin\/media\/2021\/Asia_Pacific\/UN_Submissions\/UNPFII20_Indonesia.pdf\" target=\"_blank\" rel=\"noreferrer noopener\">Papouasie Occidentale<\/a>.&nbsp;&nbsp;<\/p>\n\n\n\n<p>Dans ce contexte, le manque flagrant de solidarit\u00e9 internationale a \u00e9t\u00e9 illustr\u00e9 dans plusieurs d\u00e9bat des Nations-Unies, notamment ceux autour de l\u2019acc\u00e8s aux vaccins \u00e0 travers le monde. De plus, nous avons observ\u00e9 une grande r\u00e9ticence des Etats \u00e0 exprimer leur soutien \u00e0 la n\u00e9cessit\u00e9 de pr\u00e9server et renforcer les services publics comme les services de sant\u00e9, ou \u00e0 prendre des approches conformes aux droits de l\u2019homme dans les espaces multilat\u00e9raux comme ceux concernant la protection environnementale.&nbsp;&nbsp;<\/p>\n\n\n\n<p>Dans le domaine de la lutte pour un environnement s\u00fbr, propre et sain, et donc un v\u00e9ritable d\u00e9veloppement durable, la deuxi\u00e8me d\u00e9claration de FI a alert\u00e9 sur les Etats qui abaissent les normes de protection de l\u2019environnement et les ambitions pour le climat. Apr\u00e8s quelques discours prometteurs, surtout en Europe, sur la n\u00e9cessit\u00e9 d\u2019un changement de paradigme et pour une reprise \u00ab\u202fverte\u202f\u00bb, nous d\u00e9plorons que beaucoup d\u2019Etats ont, \u00e0 la place, eu recours aux m\u00eames vieilles recettes pour rebooster leurs \u00e9conomies\u202f: activit\u00e9s d\u2019extraction accrues et exploitation des ressources naturelles.&nbsp;&nbsp;<\/p>\n\n\n\n<p>Ceci est le cas par exemple des <a href=\"https:\/\/franciscansinternational.org\/fileadmin\/media\/2021\/Asia_Pacific\/UN_Submissions\/UPR38_Solomon_Islands.pdf\" target=\"_blank\" rel=\"noreferrer noopener\">Iles Salomon<\/a> o\u00f9 les effets du changement climatique se font d\u00e9j\u00e0 grandement ressentir et o\u00f9 les franciscains d\u00e9noncent l\u2019impact de l\u2019exploitation foresti\u00e8re en plein essor. Aux Philippines, en avril 2021, le pr\u00e9sident a lev\u00e9 un moratorium de neuf ans sur l\u2019attribution des permis aux nouvelles op\u00e9rations mini\u00e8res, ce qui va intensifier les menaces d\u00e9j\u00e0 existantes contre les dirigeants autochtones et les d\u00e9fenseurs environnementaux. Au Br\u00e9sil, des tentatives d\u2019adoption d\u2019une nouvelle l\u00e9gislation ont eu lieu afin de ne plus avoir \u00e0 consulter les peuples autochtones et les autres communaut\u00e9s et de rendre moins stricte la r\u00e9glementation environnementale. Une partie de cette l\u00e9gislation attribuerait des licences aux m\u00e9gaprojets sans devoir faire d\u2019\u00e9tude sur l\u2019impact environnemental<sup>1<\/sup>. Dans ce contexte, FI et les franciscains dans les pays comme le Br\u00e9sil, les Philippines et la Colombie, partagent la grande inqui\u00e9tude de la soci\u00e9t\u00e9 civile au sens large et des mouvements sociaux concernant l\u2019augmentation des attaques envers les d\u00e9fenseurs des droits de l\u2019homme et de l\u2019environnement.&nbsp;&nbsp;<\/p>\n\n\n\n<p>D\u2019autres, notamment les pays d\u00e9velopp\u00e9s, ont donn\u00e9 des millions de leurs plans de relance \u00e0 de grandes entreprises qui ne vont ni investir dans des productions plus \u00ab\u202fvertes\u202f\u00bb, ni contribuer \u00e0 \u00e9tablir des soci\u00e9t\u00e9s plus \u00e9galitaires.<sup>2<\/sup> A la derni\u00e8re session du Conseil des Droits de l\u2019Homme de l\u2019ONU en mars 2021, FI a suivi plusieurs d\u00e9bats qui ont montr\u00e9 que le d\u00e9ni de la triple crise environnementale (biodiversit\u00e9, pollution et climat) est toujours pr\u00e9sent et am\u00e8ne \u00e0 l\u2019incapacit\u00e9 de prendre des d\u00e9cisions urgentes et audacieuses pour ralentir les attaques contre notre plan\u00e8te et de rehausser nos ambitions pour drastiquement r\u00e9duire notre impact n\u00e9faste sur celle-ci.&nbsp;&nbsp;<\/p>\n\n\n\n<p>Au-del\u00e0 de toutes ces diff\u00e9rentes causes de frustration et d\u00e9couragement, \u00e0 FI nous avons de nouveau \u00e9t\u00e9 privil\u00e9gi\u00e9s de travailler avec les franciscains et d\u2019autres partenaires \u00e0 travers le globe qui contribuent \u00e0 r\u00e9duire les injustices et \u00e0 fournir une aide spirituelle, mat\u00e9rielle et juridique \u00e0 leurs communaut\u00e9s. En partenariat avec ce r\u00e9seau, et malgr\u00e9 les restrictions li\u00e9es \u00e0 la pand\u00e9mie, FI continue de contribuer \u00e0 ce que le syst\u00e8me onusien puisse entendre les voix de celles et ceux vivant au c\u0153ur des circonstances les plus difficiles, mais qui sont aussi des acteurs et actrices du changement et de l\u2019espoir.&nbsp;&nbsp;<\/p>\n\n\n\n<p><strong>Nos pr\u00e9c\u00e9dentes d\u00e9clarations sur le COVID-19 et les droits de l&rsquo;homme:<\/strong>&nbsp;<\/p>\n\n\n\n<ul class=\"wp-block-list\">\n<li><a href=\"https:\/\/franciscansinternational.org\/fr\/covid-19-extreme-pauvrete-et-justice-environnementale\/\">COVID-19 : Extr\u00eame pauvret\u00e9 et justice environnementale<\/a><\/li>\n\n\n\n<li><a href=\"https:\/\/franciscansinternational.org\/fr\/declaration-de-franciscans-international-relative-a-limpact-de-la-covid-19-sur-les-droits-de-lhomme\/\">L\u2019impact de la COVID-19 sur les droits de l\u2019homme <\/a><\/li>\n<\/ul>\n","protected":false},"excerpt":{"rendered":"<p>3e d\u00e9claration de Franciscans International relative \u00e0 l\u2019impact de la COVID-19 <\/p>\n","protected":false},"author":3,"featured_media":185,"comment_status":"open","ping_status":"closed","sticky":false,"template":"","format":"standard","meta":{"_relevanssi_hide_post":"","_relevanssi_hide_content":"","_relevanssi_pin_for_all":"","_relevanssi_pin_keywords":"","_relevanssi_unpin_keywords":"","_relevanssi_related_keywords":"","_relevanssi_related_include_ids":"","_relevanssi_related_exclude_ids":"","_relevanssi_related_no_append":"","_relevanssi_related_not_related":"","_relevanssi_related_posts":"165,84,85,88,1,86","_relevanssi_noindex_reason":"","_jetpack_memberships_contains_paid_content":false,"footnotes":""},"categories":[1],"tags":[9,8,5,6,7],"class_list":["post-184","post","type-post","status-publish","format-standard","has-post-thumbnail","hentry","category-nouvelles","tag-egale-dignite","tag-justice-environnementale","tag-programme-afrique","tag-programme-ameriques","tag-programme-asie-pacifique"],"acf":[],"yoast_head":"<!-- This site is optimized with the Yoast SEO plugin v27.5 - https:\/\/yoast.com\/product\/yoast-seo-wordpress\/ -->\n<title>Plus d\u2019une ann\u00e9e de pand\u00e9mie - Franciscans International (FR)<\/title>\n<meta name=\"robots\" content=\"index, follow, max-snippet:-1, max-image-preview:large, max-video-preview:-1\" \/>\n<link rel=\"canonical\" href=\"https:\/\/franciscansinternational.org\/fr\/plus-dune-annee-de-pandemie\/\" \/>\n<meta property=\"og:locale\" content=\"fr_FR\" \/>\n<meta property=\"og:type\" content=\"article\" \/>\n<meta property=\"og:title\" content=\"Plus d\u2019une ann\u00e9e de pand\u00e9mie - Franciscans International (FR)\" \/>\n<meta property=\"og:description\" content=\"3e d\u00e9claration de Franciscans International relative \u00e0 l\u2019impact de la COVID-19\" \/>\n<meta property=\"og:url\" content=\"https:\/\/franciscansinternational.org\/fr\/plus-dune-annee-de-pandemie\/\" \/>\n<meta property=\"og:site_name\" content=\"Franciscans International (FR)\" \/>\n<meta property=\"article:publisher\" content=\"https:\/\/www.facebook.com\/FranciscansInternational\/\" \/>\n<meta property=\"article:published_time\" content=\"2021-06-10T15:55:00+00:00\" \/>\n<meta property=\"article:modified_time\" content=\"2023-03-21T15:57:42+00:00\" \/>\n<meta property=\"og:image\" content=\"https:\/\/franciscansinternational.org\/wp-content\/uploads\/sites\/6\/2023\/03\/3rdCovidStatement.jpg\" \/>\n\t<meta property=\"og:image:width\" content=\"1500\" \/>\n\t<meta property=\"og:image:height\" content=\"938\" \/>\n\t<meta property=\"og:image:type\" content=\"image\/jpeg\" \/>\n<meta name=\"author\" content=\"communications\" \/>\n<meta name=\"twitter:card\" content=\"summary_large_image\" \/>\n<meta name=\"twitter:creator\" content=\"@FranciscansIntl\" \/>\n<meta name=\"twitter:site\" content=\"@FranciscansIntl\" \/>\n<meta name=\"twitter:label1\" content=\"\u00c9crit par\" \/>\n\t<meta name=\"twitter:data1\" content=\"communications\" \/>\n\t<meta name=\"twitter:label2\" content=\"Dur\u00e9e de lecture estim\u00e9e\" \/>\n\t<meta name=\"twitter:data2\" content=\"6 minutes\" \/>\n<script type=\"application\/ld+json\" class=\"yoast-schema-graph\">{\"@context\":\"https:\\\/\\\/schema.org\",\"@graph\":[{\"@type\":\"Article\",\"@id\":\"https:\\\/\\\/franciscansinternational.org\\\/fr\\\/plus-dune-annee-de-pandemie\\\/#article\",\"isPartOf\":{\"@id\":\"https:\\\/\\\/franciscansinternational.org\\\/fr\\\/plus-dune-annee-de-pandemie\\\/\"},\"author\":{\"name\":\"communications\",\"@id\":\"https:\\\/\\\/franciscansinternational.org\\\/fr\\\/#\\\/schema\\\/person\\\/f398f02712a9dcab7603295bc1ea94e4\"},\"headline\":\"Plus d\u2019une ann\u00e9e de pand\u00e9mie\",\"datePublished\":\"2021-06-10T15:55:00+00:00\",\"dateModified\":\"2023-03-21T15:57:42+00:00\",\"mainEntityOfPage\":{\"@id\":\"https:\\\/\\\/franciscansinternational.org\\\/fr\\\/plus-dune-annee-de-pandemie\\\/\"},\"wordCount\":1176,\"commentCount\":0,\"publisher\":{\"@id\":\"https:\\\/\\\/franciscansinternational.org\\\/fr\\\/#organization\"},\"image\":{\"@id\":\"https:\\\/\\\/franciscansinternational.org\\\/fr\\\/plus-dune-annee-de-pandemie\\\/#primaryimage\"},\"thumbnailUrl\":\"https:\\\/\\\/franciscansinternational.org\\\/fr\\\/wp-content\\\/uploads\\\/sites\\\/6\\\/2023\\\/03\\\/3rdCovidStatement.jpg\",\"keywords\":[\"\u00c9gale dignit\u00e9\",\"Justice environnementale\",\"Programme Afrique\",\"Programme Am\u00e9riques\",\"Programme Asie-Pacifique\"],\"articleSection\":[\"Nouvelles\"],\"inLanguage\":\"fr-FR\",\"potentialAction\":[{\"@type\":\"CommentAction\",\"name\":\"Comment\",\"target\":[\"https:\\\/\\\/franciscansinternational.org\\\/fr\\\/plus-dune-annee-de-pandemie\\\/#respond\"]}]},{\"@type\":\"WebPage\",\"@id\":\"https:\\\/\\\/franciscansinternational.org\\\/fr\\\/plus-dune-annee-de-pandemie\\\/\",\"url\":\"https:\\\/\\\/franciscansinternational.org\\\/fr\\\/plus-dune-annee-de-pandemie\\\/\",\"name\":\"Plus d\u2019une ann\u00e9e de pand\u00e9mie - Franciscans International (FR)\",\"isPartOf\":{\"@id\":\"https:\\\/\\\/franciscansinternational.org\\\/fr\\\/#website\"},\"primaryImageOfPage\":{\"@id\":\"https:\\\/\\\/franciscansinternational.org\\\/fr\\\/plus-dune-annee-de-pandemie\\\/#primaryimage\"},\"image\":{\"@id\":\"https:\\\/\\\/franciscansinternational.org\\\/fr\\\/plus-dune-annee-de-pandemie\\\/#primaryimage\"},\"thumbnailUrl\":\"https:\\\/\\\/franciscansinternational.org\\\/fr\\\/wp-content\\\/uploads\\\/sites\\\/6\\\/2023\\\/03\\\/3rdCovidStatement.jpg\",\"datePublished\":\"2021-06-10T15:55:00+00:00\",\"dateModified\":\"2023-03-21T15:57:42+00:00\",\"breadcrumb\":{\"@id\":\"https:\\\/\\\/franciscansinternational.org\\\/fr\\\/plus-dune-annee-de-pandemie\\\/#breadcrumb\"},\"inLanguage\":\"fr-FR\",\"potentialAction\":[{\"@type\":\"ReadAction\",\"target\":[\"https:\\\/\\\/franciscansinternational.org\\\/fr\\\/plus-dune-annee-de-pandemie\\\/\"]}]},{\"@type\":\"ImageObject\",\"inLanguage\":\"fr-FR\",\"@id\":\"https:\\\/\\\/franciscansinternational.org\\\/fr\\\/plus-dune-annee-de-pandemie\\\/#primaryimage\",\"url\":\"https:\\\/\\\/franciscansinternational.org\\\/fr\\\/wp-content\\\/uploads\\\/sites\\\/6\\\/2023\\\/03\\\/3rdCovidStatement.jpg\",\"contentUrl\":\"https:\\\/\\\/franciscansinternational.org\\\/fr\\\/wp-content\\\/uploads\\\/sites\\\/6\\\/2023\\\/03\\\/3rdCovidStatement.jpg\",\"width\":1500,\"height\":938},{\"@type\":\"BreadcrumbList\",\"@id\":\"https:\\\/\\\/franciscansinternational.org\\\/fr\\\/plus-dune-annee-de-pandemie\\\/#breadcrumb\",\"itemListElement\":[{\"@type\":\"ListItem\",\"position\":1,\"name\":\"Home\",\"item\":\"https:\\\/\\\/franciscansinternational.org\\\/fr\\\/\"},{\"@type\":\"ListItem\",\"position\":2,\"name\":\"Plus d\u2019une ann\u00e9e de pand\u00e9mie\"}]},{\"@type\":\"WebSite\",\"@id\":\"https:\\\/\\\/franciscansinternational.org\\\/fr\\\/#website\",\"url\":\"https:\\\/\\\/franciscansinternational.org\\\/fr\\\/\",\"name\":\"Franciscans International (FR)\",\"description\":\"\",\"publisher\":{\"@id\":\"https:\\\/\\\/franciscansinternational.org\\\/fr\\\/#organization\"},\"potentialAction\":[{\"@type\":\"SearchAction\",\"target\":{\"@type\":\"EntryPoint\",\"urlTemplate\":\"https:\\\/\\\/franciscansinternational.org\\\/fr\\\/?s={search_term_string}\"},\"query-input\":{\"@type\":\"PropertyValueSpecification\",\"valueRequired\":true,\"valueName\":\"search_term_string\"}}],\"inLanguage\":\"fr-FR\"},{\"@type\":\"Organization\",\"@id\":\"https:\\\/\\\/franciscansinternational.org\\\/fr\\\/#organization\",\"name\":\"Franciscans International (FR)\",\"url\":\"https:\\\/\\\/franciscansinternational.org\\\/fr\\\/\",\"logo\":{\"@type\":\"ImageObject\",\"inLanguage\":\"fr-FR\",\"@id\":\"https:\\\/\\\/franciscansinternational.org\\\/fr\\\/#\\\/schema\\\/logo\\\/image\\\/\",\"url\":\"https:\\\/\\\/franciscansinternational.org\\\/wp-content\\\/uploads\\\/sites\\\/6\\\/2023\\\/05\\\/logo-3.png\",\"contentUrl\":\"https:\\\/\\\/franciscansinternational.org\\\/wp-content\\\/uploads\\\/sites\\\/6\\\/2023\\\/05\\\/logo-3.png\",\"width\":1200,\"height\":205,\"caption\":\"Franciscans International (FR)\"},\"image\":{\"@id\":\"https:\\\/\\\/franciscansinternational.org\\\/fr\\\/#\\\/schema\\\/logo\\\/image\\\/\"},\"sameAs\":[\"https:\\\/\\\/www.facebook.com\\\/FranciscansInternational\\\/\",\"https:\\\/\\\/x.com\\\/FranciscansIntl\",\"https:\\\/\\\/www.youtube.com\\\/channel\\\/UCexu0i-fWB4wwrlPMCz8_Zg\"]},{\"@type\":\"Person\",\"@id\":\"https:\\\/\\\/franciscansinternational.org\\\/fr\\\/#\\\/schema\\\/person\\\/f398f02712a9dcab7603295bc1ea94e4\",\"name\":\"communications\",\"image\":{\"@type\":\"ImageObject\",\"inLanguage\":\"fr-FR\",\"@id\":\"https:\\\/\\\/secure.gravatar.com\\\/avatar\\\/0b4a62226a9b4f7ce621ec49ca40be1e77d886a42ca84b8a0b0697e9ec17dd63?s=96&d=mm&r=g\",\"url\":\"https:\\\/\\\/secure.gravatar.com\\\/avatar\\\/0b4a62226a9b4f7ce621ec49ca40be1e77d886a42ca84b8a0b0697e9ec17dd63?s=96&d=mm&r=g\",\"contentUrl\":\"https:\\\/\\\/secure.gravatar.com\\\/avatar\\\/0b4a62226a9b4f7ce621ec49ca40be1e77d886a42ca84b8a0b0697e9ec17dd63?s=96&d=mm&r=g\",\"caption\":\"communications\"},\"url\":\"https:\\\/\\\/franciscansinternational.org\\\/fr\\\/author\\\/communications\\\/\"}]}<\/script>\n<!-- \/ Yoast SEO plugin. -->","yoast_head_json":{"title":"Plus d\u2019une ann\u00e9e de pand\u00e9mie - Franciscans International (FR)","robots":{"index":"index","follow":"follow","max-snippet":"max-snippet:-1","max-image-preview":"max-image-preview:large","max-video-preview":"max-video-preview:-1"},"canonical":"https:\/\/franciscansinternational.org\/fr\/plus-dune-annee-de-pandemie\/","og_locale":"fr_FR","og_type":"article","og_title":"Plus d\u2019une ann\u00e9e de pand\u00e9mie - Franciscans International (FR)","og_description":"3e d\u00e9claration de Franciscans International relative \u00e0 l\u2019impact de la COVID-19","og_url":"https:\/\/franciscansinternational.org\/fr\/plus-dune-annee-de-pandemie\/","og_site_name":"Franciscans International (FR)","article_publisher":"https:\/\/www.facebook.com\/FranciscansInternational\/","article_published_time":"2021-06-10T15:55:00+00:00","article_modified_time":"2023-03-21T15:57:42+00:00","og_image":[{"width":1500,"height":938,"url":"https:\/\/franciscansinternational.org\/wp-content\/uploads\/sites\/6\/2023\/03\/3rdCovidStatement.jpg","type":"image\/jpeg"}],"author":"communications","twitter_card":"summary_large_image","twitter_creator":"@FranciscansIntl","twitter_site":"@FranciscansIntl","twitter_misc":{"\u00c9crit par":"communications","Dur\u00e9e de lecture estim\u00e9e":"6 minutes"},"schema":{"@context":"https:\/\/schema.org","@graph":[{"@type":"Article","@id":"https:\/\/franciscansinternational.org\/fr\/plus-dune-annee-de-pandemie\/#article","isPartOf":{"@id":"https:\/\/franciscansinternational.org\/fr\/plus-dune-annee-de-pandemie\/"},"author":{"name":"communications","@id":"https:\/\/franciscansinternational.org\/fr\/#\/schema\/person\/f398f02712a9dcab7603295bc1ea94e4"},"headline":"Plus d\u2019une ann\u00e9e de pand\u00e9mie","datePublished":"2021-06-10T15:55:00+00:00","dateModified":"2023-03-21T15:57:42+00:00","mainEntityOfPage":{"@id":"https:\/\/franciscansinternational.org\/fr\/plus-dune-annee-de-pandemie\/"},"wordCount":1176,"commentCount":0,"publisher":{"@id":"https:\/\/franciscansinternational.org\/fr\/#organization"},"image":{"@id":"https:\/\/franciscansinternational.org\/fr\/plus-dune-annee-de-pandemie\/#primaryimage"},"thumbnailUrl":"https:\/\/franciscansinternational.org\/fr\/wp-content\/uploads\/sites\/6\/2023\/03\/3rdCovidStatement.jpg","keywords":["\u00c9gale dignit\u00e9","Justice environnementale","Programme Afrique","Programme Am\u00e9riques","Programme Asie-Pacifique"],"articleSection":["Nouvelles"],"inLanguage":"fr-FR","potentialAction":[{"@type":"CommentAction","name":"Comment","target":["https:\/\/franciscansinternational.org\/fr\/plus-dune-annee-de-pandemie\/#respond"]}]},{"@type":"WebPage","@id":"https:\/\/franciscansinternational.org\/fr\/plus-dune-annee-de-pandemie\/","url":"https:\/\/franciscansinternational.org\/fr\/plus-dune-annee-de-pandemie\/","name":"Plus d\u2019une ann\u00e9e de pand\u00e9mie - Franciscans International (FR)","isPartOf":{"@id":"https:\/\/franciscansinternational.org\/fr\/#website"},"primaryImageOfPage":{"@id":"https:\/\/franciscansinternational.org\/fr\/plus-dune-annee-de-pandemie\/#primaryimage"},"image":{"@id":"https:\/\/franciscansinternational.org\/fr\/plus-dune-annee-de-pandemie\/#primaryimage"},"thumbnailUrl":"https:\/\/franciscansinternational.org\/fr\/wp-content\/uploads\/sites\/6\/2023\/03\/3rdCovidStatement.jpg","datePublished":"2021-06-10T15:55:00+00:00","dateModified":"2023-03-21T15:57:42+00:00","breadcrumb":{"@id":"https:\/\/franciscansinternational.org\/fr\/plus-dune-annee-de-pandemie\/#breadcrumb"},"inLanguage":"fr-FR","potentialAction":[{"@type":"ReadAction","target":["https:\/\/franciscansinternational.org\/fr\/plus-dune-annee-de-pandemie\/"]}]},{"@type":"ImageObject","inLanguage":"fr-FR","@id":"https:\/\/franciscansinternational.org\/fr\/plus-dune-annee-de-pandemie\/#primaryimage","url":"https:\/\/franciscansinternational.org\/fr\/wp-content\/uploads\/sites\/6\/2023\/03\/3rdCovidStatement.jpg","contentUrl":"https:\/\/franciscansinternational.org\/fr\/wp-content\/uploads\/sites\/6\/2023\/03\/3rdCovidStatement.jpg","width":1500,"height":938},{"@type":"BreadcrumbList","@id":"https:\/\/franciscansinternational.org\/fr\/plus-dune-annee-de-pandemie\/#breadcrumb","itemListElement":[{"@type":"ListItem","position":1,"name":"Home","item":"https:\/\/franciscansinternational.org\/fr\/"},{"@type":"ListItem","position":2,"name":"Plus d\u2019une ann\u00e9e de pand\u00e9mie"}]},{"@type":"WebSite","@id":"https:\/\/franciscansinternational.org\/fr\/#website","url":"https:\/\/franciscansinternational.org\/fr\/","name":"Franciscans International (FR)","description":"","publisher":{"@id":"https:\/\/franciscansinternational.org\/fr\/#organization"},"potentialAction":[{"@type":"SearchAction","target":{"@type":"EntryPoint","urlTemplate":"https:\/\/franciscansinternational.org\/fr\/?s={search_term_string}"},"query-input":{"@type":"PropertyValueSpecification","valueRequired":true,"valueName":"search_term_string"}}],"inLanguage":"fr-FR"},{"@type":"Organization","@id":"https:\/\/franciscansinternational.org\/fr\/#organization","name":"Franciscans International (FR)","url":"https:\/\/franciscansinternational.org\/fr\/","logo":{"@type":"ImageObject","inLanguage":"fr-FR","@id":"https:\/\/franciscansinternational.org\/fr\/#\/schema\/logo\/image\/","url":"https:\/\/franciscansinternational.org\/wp-content\/uploads\/sites\/6\/2023\/05\/logo-3.png","contentUrl":"https:\/\/franciscansinternational.org\/wp-content\/uploads\/sites\/6\/2023\/05\/logo-3.png","width":1200,"height":205,"caption":"Franciscans International (FR)"},"image":{"@id":"https:\/\/franciscansinternational.org\/fr\/#\/schema\/logo\/image\/"},"sameAs":["https:\/\/www.facebook.com\/FranciscansInternational\/","https:\/\/x.com\/FranciscansIntl","https:\/\/www.youtube.com\/channel\/UCexu0i-fWB4wwrlPMCz8_Zg"]},{"@type":"Person","@id":"https:\/\/franciscansinternational.org\/fr\/#\/schema\/person\/f398f02712a9dcab7603295bc1ea94e4","name":"communications","image":{"@type":"ImageObject","inLanguage":"fr-FR","@id":"https:\/\/secure.gravatar.com\/avatar\/0b4a62226a9b4f7ce621ec49ca40be1e77d886a42ca84b8a0b0697e9ec17dd63?s=96&d=mm&r=g","url":"https:\/\/secure.gravatar.com\/avatar\/0b4a62226a9b4f7ce621ec49ca40be1e77d886a42ca84b8a0b0697e9ec17dd63?s=96&d=mm&r=g","contentUrl":"https:\/\/secure.gravatar.com\/avatar\/0b4a62226a9b4f7ce621ec49ca40be1e77d886a42ca84b8a0b0697e9ec17dd63?s=96&d=mm&r=g","caption":"communications"},"url":"https:\/\/franciscansinternational.org\/fr\/author\/communications\/"}]}},"jetpack_featured_media_url":"https:\/\/franciscansinternational.org\/fr\/wp-content\/uploads\/sites\/6\/2023\/03\/3rdCovidStatement.jpg","jetpack_sharing_enabled":true,"_links":{"self":[{"href":"https:\/\/franciscansinternational.org\/fr\/wp-json\/wp\/v2\/posts\/184","targetHints":{"allow":["GET"]}}],"collection":[{"href":"https:\/\/franciscansinternational.org\/fr\/wp-json\/wp\/v2\/posts"}],"about":[{"href":"https:\/\/franciscansinternational.org\/fr\/wp-json\/wp\/v2\/types\/post"}],"author":[{"embeddable":true,"href":"https:\/\/franciscansinternational.org\/fr\/wp-json\/wp\/v2\/users\/3"}],"replies":[{"embeddable":true,"href":"https:\/\/franciscansinternational.org\/fr\/wp-json\/wp\/v2\/comments?post=184"}],"version-history":[{"count":2,"href":"https:\/\/franciscansinternational.org\/fr\/wp-json\/wp\/v2\/posts\/184\/revisions"}],"predecessor-version":[{"id":187,"href":"https:\/\/franciscansinternational.org\/fr\/wp-json\/wp\/v2\/posts\/184\/revisions\/187"}],"wp:featuredmedia":[{"embeddable":true,"href":"https:\/\/franciscansinternational.org\/fr\/wp-json\/wp\/v2\/media\/185"}],"wp:attachment":[{"href":"https:\/\/franciscansinternational.org\/fr\/wp-json\/wp\/v2\/media?parent=184"}],"wp:term":[{"taxonomy":"category","embeddable":true,"href":"https:\/\/franciscansinternational.org\/fr\/wp-json\/wp\/v2\/categories?post=184"},{"taxonomy":"post_tag","embeddable":true,"href":"https:\/\/franciscansinternational.org\/fr\/wp-json\/wp\/v2\/tags?post=184"}],"curies":[{"name":"wp","href":"https:\/\/api.w.org\/{rel}","templated":true}]}}