{"id":375,"date":"2023-08-09T07:55:19","date_gmt":"2023-08-09T07:55:19","guid":{"rendered":"https:\/\/franciscansinternational.org\/fr\/?p=375"},"modified":"2023-08-09T07:55:20","modified_gmt":"2023-08-09T07:55:20","slug":"journee-mondiale-des-peuples-autochtones-un-pont-entre-le-passe-et-lavenir","status":"publish","type":"post","link":"https:\/\/franciscansinternational.org\/fr\/journee-mondiale-des-peuples-autochtones-un-pont-entre-le-passe-et-lavenir\/","title":{"rendered":"Journ\u00e9e mondiale des peuples autochtones : Un pont entre le pass\u00e9 et l&rsquo;avenir"},"content":{"rendered":"\n<p>Les enfants n\u00e9s aujourd&rsquo;hui grandiront dans un monde o\u00f9 les anciennes certitudes ne sont plus d\u2019actualit\u00e9. L&rsquo;apparition rapide des multiples crises environnementales qui ont commenc\u00e9 avec les g\u00e9n\u00e9rations pr\u00e9c\u00e9dentes signifie qu&rsquo;ils seront confront\u00e9s \u00e0 des d\u00e9fis profonds et uniques dans notre histoire. Pour faire face \u00e0 ces probl\u00e8mes, il est essentiel que les Nations unies reconnaissent l&rsquo;importance de la voix des jeunes et prennent en compte <a href=\"https:\/\/unsceb.org\/sites\/default\/files\/2023-05\/Advance Unedited - United Nations System Common Principles on Future Generations.pdf\">les int\u00e9r\u00eats des g\u00e9n\u00e9rations futures<\/a>, en particulier ceux des repr\u00e9sentants des peuples autochtones.<\/p>\n\n\n\n<p>De nombreux jeunes autochtones ressentent cette incertitude de mani\u00e8re encore plus aigu\u00eb : ils sont n\u00e9s dans une situation o\u00f9 leur identit\u00e9, leur culture, leur langue, leurs terres et leurs connaissances traditionnelles sont menac\u00e9es depuis des g\u00e9n\u00e9rations et, dans certains cas, sont sur le point de dispara\u00eetre. Il est donc tout \u00e0 fait appropri\u00e9 que le th\u00e8me de <a href=\"https:\/\/www.un.org\/fr\/observances\/indigenous-day\">la Journ\u00e9e internationale des peuples autochtones<\/a> de cette ann\u00e9e reconnaisse les jeunes comme des agents de changement pour l&rsquo;autod\u00e9termination.<\/p>\n\n\n\n<p>Nous voyons d\u00e9j\u00e0 cette nouvelle g\u00e9n\u00e9ration laisser sa marque. Au <a href=\"https:\/\/franciscansinternational.org\/fr\/journee-mondiale-de-leau-il-est-de-notre-devoir-de-lutter-pour-la-vie\/\">Guatemala<\/a>, Franciscans International soutient de jeunes militants autochtones qui ont jou\u00e9 un r\u00f4le de premier plan dans la pr\u00e9servation de leurs rivi\u00e8res sacr\u00e9es &#8211; et donc des moyens de subsistance de leurs communaut\u00e9s &#8211; contre la destruction par les activit\u00e9s commerciales. Dans certaines communaut\u00e9s <a href=\"https:\/\/franciscansinternational.org\/blog\/solomon-islands-publication-2023\/\">des \u00celes Salomon<\/a>, les jeunes ont d\u00e9tourn\u00e9 leurs a\u00een\u00e9s de la tentation de tirer profit des contrats d&rsquo;exploitation foresti\u00e8re, optant plut\u00f4t pour des cr\u00e9dits carbone afin de pr\u00e9server la for\u00eat tout en g\u00e9n\u00e9rerant des revenus. Ces efforts m\u00e9ritent notre soutien. Toutefois, nous ne pouvons pas nous tourner vers l&rsquo;avenir sans tirer les le\u00e7ons de notre pass\u00e9.<\/p>\n\n\n\n<p>Cette ann\u00e9e marque \u00e9galement le 500e anniversaire de l&rsquo;arriv\u00e9e au Mexique des \u00ab\u00a0Douze Franciscains\u00a0\u00bb, un premier groupe de missionnaires sollicit\u00e9s par Hern\u00e1n Cort\u00e9s. Ils ont en partie jet\u00e9 les bases des s\u0153urs et des fr\u00e8res qui travaillent aujourd&rsquo;hui \u00e0 soutenir les personnes en marge de la soci\u00e9t\u00e9, qu&rsquo;il s&rsquo;agisse de celles qui vivent dans l&rsquo;extr\u00eame pauvret\u00e9, qui sont d\u00e9plac\u00e9es ou qui appartiennent \u00e0 des communaut\u00e9s autochtones. Cependant, nous devons \u00e9galement reconna\u00eetre et aborder la r\u00e9alit\u00e9 selon laquelle certains Franciscains ont particip\u00e9 \u00e0 l&rsquo;oppression et \u00e0 la destruction inflig\u00e9es \u00e0 de nombreux peuples autochtones.<\/p>\n\n\n\n<p><a href=\"https:\/\/www.ncronline.org\/news\/vatican\/pope-francis-apologizes-deplorable-treatment-canada-s-indigenous-church-run-schools\">Les excuses<\/a> pr\u00e9sent\u00e9es par le pape Fran\u00e7ois en 2022 aux Premi\u00e8res Nations du Canada font partie des \u00e9tapes importantes de ce processus.<a href=\"https:\/\/www.vaticannews.va\/en\/vatican-city\/news\/2023-03\/vatican-formally-repudiates-doctrine-of-discovery.html\"> La r\u00e9pudiation<\/a>, au d\u00e9but de cette ann\u00e9e, de la \u00ab\u00a0doctrine de la d\u00e9couverte\u00a0\u00bb, est un autre symbole important de la r\u00e9conciliation avec le pass\u00e9: cette doctrine avait permis pendant des si\u00e8cles aux explorateurs de coloniser et de revendiquer des terres au nom de leur souverain si elles n&rsquo;\u00e9taient pas peupl\u00e9es de chr\u00e9tiens, ainsi que l&rsquo;exploitation des ressources par des entit\u00e9s \u00e9trang\u00e8res, ce qui, dans certains cas, se poursuit encore aujourd&rsquo;hui. Dans cette optique, nous devons tenir compte de <a href=\"https:\/\/www.vatican.va\/content\/francesco\/en\/speeches\/2019\/october\/documents\/papa-francesco_20191007_apertura-sinodo.html\">l&rsquo;appel du pape<\/a> \u00e0 approcher les peuples autochtones \u00ab\u00a0sur la pointe des pieds, en respectant leur histoire, leur culture et leur mode de vie\u00a0\u00bb, et r\u00e9fl\u00e9chir \u00e0 la mani\u00e8re de rem\u00e9dier \u00e0 ces injustices historiques qui leur ont \u00e9t\u00e9 inflig\u00e9es.&nbsp;<\/p>\n\n\n\n<p>Aux Nations unies, faire partie de ce processus implique de renforcer l&rsquo;autonomie des peuples autochtones et d&rsquo;amplifier leurs voix, plut\u00f4t que de parler \u00e0 leur place. \u00c0 cette fin, FI aide les d\u00e9fenseurs des droits humains \u00e0 s&rsquo;engager dans <a href=\"https:\/\/franciscansinternational.org\/fr\/fi-demande-la-responsabilisation-des-entreprises-durant-linstance-permanente-des-nations-unies-sur-les-questions-autochtones\/\">diff\u00e9rents m\u00e9canismes de l&rsquo;ONU<\/a>, par exemple pour mieux prot\u00e9ger leur <a href=\"https:\/\/franciscansinternational.org\/blog\/covid-19-and-indigenous-peoples\/\">droit au consentement pr\u00e9alable, libre et \u00e9clair\u00e9<\/a> &#8211; un droit qui permet aux peuples autochtones de donner ou de refuser leur consentement \u00e0 des projets commerciaux susceptibles de les affecter, eux, leurs terres ou leurs ressources. R\u00e9cemment, nous avons \u00e9galement ax\u00e9 notre travail sur la poursuite de la mise en \u0153uvre du droit \u00e0 un environnement sain, r\u00e9cemment reconnu, notamment par l&rsquo;utilisation des connaissances traditionnelles d\u00e9tenues par les peuples autochtones en tant que <a href=\"https:\/\/www.unep.org\/news-and-stories\/story\/indigenous-peoples-and-nature-they-protect\">gardiens d&rsquo;une grande partie de la biodiversit\u00e9 restante<\/a> dans le monde.<\/p>\n\n\n\n<p>Plus g\u00e9n\u00e9ralement, cela signifie qu&rsquo;il faut ouvrir davantage les espaces de l&rsquo;ONU \u00e0 une participation substantielle et significative des jeunes, allant au-del\u00e0 des discussions ou des nominations symboliques. Les probl\u00e8mes de l&rsquo;avenir sont l\u00e0 : les g\u00e9n\u00e9rations futures doivent jouer un r\u00f4le dans l&rsquo;\u00e9laboration des solutions. Forts des le\u00e7ons du pass\u00e9, les jeunes autochtones peuvent en effet \u00eatre les agents du changement dont nous avons besoin &#8211; il nous appartient de les servir et de les aider \u00e0 remplir ce r\u00f4le.<\/p>\n\n\n\n<blockquote class=\"wp-block-quote has-small-font-size is-layout-flow wp-block-quote-is-layout-flow\">\n<p>Il s&rsquo;agit d&rsquo;une traduction automatique. Nous nous excusons pour les erreurs qui auraient pu en r\u00e9sulter. En cas de divergence, la version anglaise fait foi.<\/p>\n<\/blockquote>\n","protected":false},"excerpt":{"rendered":"<p>Les enfants n\u00e9s aujourd&rsquo;hui grandiront dans un monde o\u00f9 les anciennes certitudes ne sont plus d\u2019actualit\u00e9. L&rsquo;apparition rapide des multiples &#8230; <\/p>\n","protected":false},"author":3,"featured_media":376,"comment_status":"closed","ping_status":"closed","sticky":false,"template":"","format":"standard","meta":{"_relevanssi_hide_post":"","_relevanssi_hide_content":"","_relevanssi_pin_for_all":"","_relevanssi_pin_keywords":"","_relevanssi_unpin_keywords":"","_relevanssi_related_keywords":"","_relevanssi_related_include_ids":"","_relevanssi_related_exclude_ids":"","_relevanssi_related_no_append":"","_relevanssi_related_not_related":"","_relevanssi_related_posts":"148,217,243,303,274,184","_relevanssi_noindex_reason":"","_jetpack_memberships_contains_paid_content":false,"footnotes":""},"categories":[1],"tags":[9],"class_list":["post-375","post","type-post","status-publish","format-standard","has-post-thumbnail","hentry","category-nouvelles","tag-egale-dignite"],"acf":[],"yoast_head":"<!-- This site is optimized with the Yoast SEO plugin v27.5 - https:\/\/yoast.com\/product\/yoast-seo-wordpress\/ -->\n<title>Journ\u00e9e mondiale des peuples autochtones : Un pont entre le pass\u00e9 et l&#039;avenir - Franciscans International (FR)<\/title>\n<meta name=\"robots\" content=\"index, follow, max-snippet:-1, max-image-preview:large, max-video-preview:-1\" \/>\n<link rel=\"canonical\" href=\"https:\/\/franciscansinternational.org\/fr\/journee-mondiale-des-peuples-autochtones-un-pont-entre-le-passe-et-lavenir\/\" \/>\n<meta property=\"og:locale\" content=\"fr_FR\" \/>\n<meta property=\"og:type\" content=\"article\" \/>\n<meta property=\"og:title\" content=\"Journ\u00e9e mondiale des peuples autochtones : Un pont entre le pass\u00e9 et l&#039;avenir - Franciscans International (FR)\" \/>\n<meta property=\"og:description\" content=\"Les enfants n\u00e9s aujourd&rsquo;hui grandiront dans un monde o\u00f9 les anciennes certitudes ne sont plus d\u2019actualit\u00e9. L&rsquo;apparition rapide des multiples ...\" \/>\n<meta property=\"og:url\" content=\"https:\/\/franciscansinternational.org\/fr\/journee-mondiale-des-peuples-autochtones-un-pont-entre-le-passe-et-lavenir\/\" \/>\n<meta property=\"og:site_name\" content=\"Franciscans International (FR)\" \/>\n<meta property=\"article:publisher\" content=\"https:\/\/www.facebook.com\/FranciscansInternational\/\" \/>\n<meta property=\"article:published_time\" content=\"2023-08-09T07:55:19+00:00\" \/>\n<meta property=\"article:modified_time\" content=\"2023-08-09T07:55:20+00:00\" \/>\n<meta property=\"og:image\" content=\"https:\/\/franciscansinternational.org\/fr\/wp-content\/uploads\/sites\/6\/2023\/08\/IP_day_2023-scaled.jpg\" \/>\n\t<meta property=\"og:image:width\" content=\"2560\" \/>\n\t<meta property=\"og:image:height\" content=\"1440\" \/>\n\t<meta property=\"og:image:type\" content=\"image\/jpeg\" \/>\n<meta name=\"author\" content=\"communications\" \/>\n<meta name=\"twitter:card\" content=\"summary_large_image\" \/>\n<meta name=\"twitter:creator\" content=\"@FranciscansIntl\" \/>\n<meta name=\"twitter:site\" content=\"@FranciscansIntl\" \/>\n<meta name=\"twitter:label1\" content=\"\u00c9crit par\" \/>\n\t<meta name=\"twitter:data1\" content=\"communications\" \/>\n\t<meta name=\"twitter:label2\" content=\"Dur\u00e9e de lecture estim\u00e9e\" \/>\n\t<meta name=\"twitter:data2\" content=\"4 minutes\" \/>\n<script type=\"application\/ld+json\" class=\"yoast-schema-graph\">{\"@context\":\"https:\\\/\\\/schema.org\",\"@graph\":[{\"@type\":\"Article\",\"@id\":\"https:\\\/\\\/franciscansinternational.org\\\/fr\\\/journee-mondiale-des-peuples-autochtones-un-pont-entre-le-passe-et-lavenir\\\/#article\",\"isPartOf\":{\"@id\":\"https:\\\/\\\/franciscansinternational.org\\\/fr\\\/journee-mondiale-des-peuples-autochtones-un-pont-entre-le-passe-et-lavenir\\\/\"},\"author\":{\"name\":\"communications\",\"@id\":\"https:\\\/\\\/franciscansinternational.org\\\/fr\\\/#\\\/schema\\\/person\\\/f398f02712a9dcab7603295bc1ea94e4\"},\"headline\":\"Journ\u00e9e mondiale des peuples autochtones : Un pont entre le pass\u00e9 et l&rsquo;avenir\",\"datePublished\":\"2023-08-09T07:55:19+00:00\",\"dateModified\":\"2023-08-09T07:55:20+00:00\",\"mainEntityOfPage\":{\"@id\":\"https:\\\/\\\/franciscansinternational.org\\\/fr\\\/journee-mondiale-des-peuples-autochtones-un-pont-entre-le-passe-et-lavenir\\\/\"},\"wordCount\":859,\"publisher\":{\"@id\":\"https:\\\/\\\/franciscansinternational.org\\\/fr\\\/#organization\"},\"image\":{\"@id\":\"https:\\\/\\\/franciscansinternational.org\\\/fr\\\/journee-mondiale-des-peuples-autochtones-un-pont-entre-le-passe-et-lavenir\\\/#primaryimage\"},\"thumbnailUrl\":\"https:\\\/\\\/franciscansinternational.org\\\/fr\\\/wp-content\\\/uploads\\\/sites\\\/6\\\/2023\\\/08\\\/IP_day_2023-scaled.jpg\",\"keywords\":[\"\u00c9gale dignit\u00e9\"],\"articleSection\":[\"Nouvelles\"],\"inLanguage\":\"fr-FR\"},{\"@type\":\"WebPage\",\"@id\":\"https:\\\/\\\/franciscansinternational.org\\\/fr\\\/journee-mondiale-des-peuples-autochtones-un-pont-entre-le-passe-et-lavenir\\\/\",\"url\":\"https:\\\/\\\/franciscansinternational.org\\\/fr\\\/journee-mondiale-des-peuples-autochtones-un-pont-entre-le-passe-et-lavenir\\\/\",\"name\":\"Journ\u00e9e mondiale des peuples autochtones : Un pont entre le pass\u00e9 et l'avenir - Franciscans International (FR)\",\"isPartOf\":{\"@id\":\"https:\\\/\\\/franciscansinternational.org\\\/fr\\\/#website\"},\"primaryImageOfPage\":{\"@id\":\"https:\\\/\\\/franciscansinternational.org\\\/fr\\\/journee-mondiale-des-peuples-autochtones-un-pont-entre-le-passe-et-lavenir\\\/#primaryimage\"},\"image\":{\"@id\":\"https:\\\/\\\/franciscansinternational.org\\\/fr\\\/journee-mondiale-des-peuples-autochtones-un-pont-entre-le-passe-et-lavenir\\\/#primaryimage\"},\"thumbnailUrl\":\"https:\\\/\\\/franciscansinternational.org\\\/fr\\\/wp-content\\\/uploads\\\/sites\\\/6\\\/2023\\\/08\\\/IP_day_2023-scaled.jpg\",\"datePublished\":\"2023-08-09T07:55:19+00:00\",\"dateModified\":\"2023-08-09T07:55:20+00:00\",\"breadcrumb\":{\"@id\":\"https:\\\/\\\/franciscansinternational.org\\\/fr\\\/journee-mondiale-des-peuples-autochtones-un-pont-entre-le-passe-et-lavenir\\\/#breadcrumb\"},\"inLanguage\":\"fr-FR\",\"potentialAction\":[{\"@type\":\"ReadAction\",\"target\":[\"https:\\\/\\\/franciscansinternational.org\\\/fr\\\/journee-mondiale-des-peuples-autochtones-un-pont-entre-le-passe-et-lavenir\\\/\"]}]},{\"@type\":\"ImageObject\",\"inLanguage\":\"fr-FR\",\"@id\":\"https:\\\/\\\/franciscansinternational.org\\\/fr\\\/journee-mondiale-des-peuples-autochtones-un-pont-entre-le-passe-et-lavenir\\\/#primaryimage\",\"url\":\"https:\\\/\\\/franciscansinternational.org\\\/fr\\\/wp-content\\\/uploads\\\/sites\\\/6\\\/2023\\\/08\\\/IP_day_2023-scaled.jpg\",\"contentUrl\":\"https:\\\/\\\/franciscansinternational.org\\\/fr\\\/wp-content\\\/uploads\\\/sites\\\/6\\\/2023\\\/08\\\/IP_day_2023-scaled.jpg\",\"width\":2560,\"height\":1440},{\"@type\":\"BreadcrumbList\",\"@id\":\"https:\\\/\\\/franciscansinternational.org\\\/fr\\\/journee-mondiale-des-peuples-autochtones-un-pont-entre-le-passe-et-lavenir\\\/#breadcrumb\",\"itemListElement\":[{\"@type\":\"ListItem\",\"position\":1,\"name\":\"Home\",\"item\":\"https:\\\/\\\/franciscansinternational.org\\\/fr\\\/\"},{\"@type\":\"ListItem\",\"position\":2,\"name\":\"Journ\u00e9e mondiale des peuples autochtones : Un pont entre le pass\u00e9 et l&rsquo;avenir\"}]},{\"@type\":\"WebSite\",\"@id\":\"https:\\\/\\\/franciscansinternational.org\\\/fr\\\/#website\",\"url\":\"https:\\\/\\\/franciscansinternational.org\\\/fr\\\/\",\"name\":\"Franciscans International (FR)\",\"description\":\"\",\"publisher\":{\"@id\":\"https:\\\/\\\/franciscansinternational.org\\\/fr\\\/#organization\"},\"potentialAction\":[{\"@type\":\"SearchAction\",\"target\":{\"@type\":\"EntryPoint\",\"urlTemplate\":\"https:\\\/\\\/franciscansinternational.org\\\/fr\\\/?s={search_term_string}\"},\"query-input\":{\"@type\":\"PropertyValueSpecification\",\"valueRequired\":true,\"valueName\":\"search_term_string\"}}],\"inLanguage\":\"fr-FR\"},{\"@type\":\"Organization\",\"@id\":\"https:\\\/\\\/franciscansinternational.org\\\/fr\\\/#organization\",\"name\":\"Franciscans International (FR)\",\"url\":\"https:\\\/\\\/franciscansinternational.org\\\/fr\\\/\",\"logo\":{\"@type\":\"ImageObject\",\"inLanguage\":\"fr-FR\",\"@id\":\"https:\\\/\\\/franciscansinternational.org\\\/fr\\\/#\\\/schema\\\/logo\\\/image\\\/\",\"url\":\"https:\\\/\\\/franciscansinternational.org\\\/wp-content\\\/uploads\\\/sites\\\/6\\\/2023\\\/05\\\/logo-3.png\",\"contentUrl\":\"https:\\\/\\\/franciscansinternational.org\\\/wp-content\\\/uploads\\\/sites\\\/6\\\/2023\\\/05\\\/logo-3.png\",\"width\":1200,\"height\":205,\"caption\":\"Franciscans International (FR)\"},\"image\":{\"@id\":\"https:\\\/\\\/franciscansinternational.org\\\/fr\\\/#\\\/schema\\\/logo\\\/image\\\/\"},\"sameAs\":[\"https:\\\/\\\/www.facebook.com\\\/FranciscansInternational\\\/\",\"https:\\\/\\\/x.com\\\/FranciscansIntl\",\"https:\\\/\\\/www.youtube.com\\\/channel\\\/UCexu0i-fWB4wwrlPMCz8_Zg\"]},{\"@type\":\"Person\",\"@id\":\"https:\\\/\\\/franciscansinternational.org\\\/fr\\\/#\\\/schema\\\/person\\\/f398f02712a9dcab7603295bc1ea94e4\",\"name\":\"communications\",\"image\":{\"@type\":\"ImageObject\",\"inLanguage\":\"fr-FR\",\"@id\":\"https:\\\/\\\/secure.gravatar.com\\\/avatar\\\/0b4a62226a9b4f7ce621ec49ca40be1e77d886a42ca84b8a0b0697e9ec17dd63?s=96&d=mm&r=g\",\"url\":\"https:\\\/\\\/secure.gravatar.com\\\/avatar\\\/0b4a62226a9b4f7ce621ec49ca40be1e77d886a42ca84b8a0b0697e9ec17dd63?s=96&d=mm&r=g\",\"contentUrl\":\"https:\\\/\\\/secure.gravatar.com\\\/avatar\\\/0b4a62226a9b4f7ce621ec49ca40be1e77d886a42ca84b8a0b0697e9ec17dd63?s=96&d=mm&r=g\",\"caption\":\"communications\"},\"url\":\"https:\\\/\\\/franciscansinternational.org\\\/fr\\\/author\\\/communications\\\/\"}]}<\/script>\n<!-- \/ Yoast SEO plugin. -->","yoast_head_json":{"title":"Journ\u00e9e mondiale des peuples autochtones : Un pont entre le pass\u00e9 et l'avenir - Franciscans International (FR)","robots":{"index":"index","follow":"follow","max-snippet":"max-snippet:-1","max-image-preview":"max-image-preview:large","max-video-preview":"max-video-preview:-1"},"canonical":"https:\/\/franciscansinternational.org\/fr\/journee-mondiale-des-peuples-autochtones-un-pont-entre-le-passe-et-lavenir\/","og_locale":"fr_FR","og_type":"article","og_title":"Journ\u00e9e mondiale des peuples autochtones : Un pont entre le pass\u00e9 et l'avenir - Franciscans International (FR)","og_description":"Les enfants n\u00e9s aujourd&rsquo;hui grandiront dans un monde o\u00f9 les anciennes certitudes ne sont plus d\u2019actualit\u00e9. L&rsquo;apparition rapide des multiples ...","og_url":"https:\/\/franciscansinternational.org\/fr\/journee-mondiale-des-peuples-autochtones-un-pont-entre-le-passe-et-lavenir\/","og_site_name":"Franciscans International (FR)","article_publisher":"https:\/\/www.facebook.com\/FranciscansInternational\/","article_published_time":"2023-08-09T07:55:19+00:00","article_modified_time":"2023-08-09T07:55:20+00:00","og_image":[{"width":2560,"height":1440,"url":"https:\/\/franciscansinternational.org\/fr\/wp-content\/uploads\/sites\/6\/2023\/08\/IP_day_2023-scaled.jpg","type":"image\/jpeg"}],"author":"communications","twitter_card":"summary_large_image","twitter_creator":"@FranciscansIntl","twitter_site":"@FranciscansIntl","twitter_misc":{"\u00c9crit par":"communications","Dur\u00e9e de lecture estim\u00e9e":"4 minutes"},"schema":{"@context":"https:\/\/schema.org","@graph":[{"@type":"Article","@id":"https:\/\/franciscansinternational.org\/fr\/journee-mondiale-des-peuples-autochtones-un-pont-entre-le-passe-et-lavenir\/#article","isPartOf":{"@id":"https:\/\/franciscansinternational.org\/fr\/journee-mondiale-des-peuples-autochtones-un-pont-entre-le-passe-et-lavenir\/"},"author":{"name":"communications","@id":"https:\/\/franciscansinternational.org\/fr\/#\/schema\/person\/f398f02712a9dcab7603295bc1ea94e4"},"headline":"Journ\u00e9e mondiale des peuples autochtones : Un pont entre le pass\u00e9 et l&rsquo;avenir","datePublished":"2023-08-09T07:55:19+00:00","dateModified":"2023-08-09T07:55:20+00:00","mainEntityOfPage":{"@id":"https:\/\/franciscansinternational.org\/fr\/journee-mondiale-des-peuples-autochtones-un-pont-entre-le-passe-et-lavenir\/"},"wordCount":859,"publisher":{"@id":"https:\/\/franciscansinternational.org\/fr\/#organization"},"image":{"@id":"https:\/\/franciscansinternational.org\/fr\/journee-mondiale-des-peuples-autochtones-un-pont-entre-le-passe-et-lavenir\/#primaryimage"},"thumbnailUrl":"https:\/\/franciscansinternational.org\/fr\/wp-content\/uploads\/sites\/6\/2023\/08\/IP_day_2023-scaled.jpg","keywords":["\u00c9gale dignit\u00e9"],"articleSection":["Nouvelles"],"inLanguage":"fr-FR"},{"@type":"WebPage","@id":"https:\/\/franciscansinternational.org\/fr\/journee-mondiale-des-peuples-autochtones-un-pont-entre-le-passe-et-lavenir\/","url":"https:\/\/franciscansinternational.org\/fr\/journee-mondiale-des-peuples-autochtones-un-pont-entre-le-passe-et-lavenir\/","name":"Journ\u00e9e mondiale des peuples autochtones : Un pont entre le pass\u00e9 et l'avenir - Franciscans International (FR)","isPartOf":{"@id":"https:\/\/franciscansinternational.org\/fr\/#website"},"primaryImageOfPage":{"@id":"https:\/\/franciscansinternational.org\/fr\/journee-mondiale-des-peuples-autochtones-un-pont-entre-le-passe-et-lavenir\/#primaryimage"},"image":{"@id":"https:\/\/franciscansinternational.org\/fr\/journee-mondiale-des-peuples-autochtones-un-pont-entre-le-passe-et-lavenir\/#primaryimage"},"thumbnailUrl":"https:\/\/franciscansinternational.org\/fr\/wp-content\/uploads\/sites\/6\/2023\/08\/IP_day_2023-scaled.jpg","datePublished":"2023-08-09T07:55:19+00:00","dateModified":"2023-08-09T07:55:20+00:00","breadcrumb":{"@id":"https:\/\/franciscansinternational.org\/fr\/journee-mondiale-des-peuples-autochtones-un-pont-entre-le-passe-et-lavenir\/#breadcrumb"},"inLanguage":"fr-FR","potentialAction":[{"@type":"ReadAction","target":["https:\/\/franciscansinternational.org\/fr\/journee-mondiale-des-peuples-autochtones-un-pont-entre-le-passe-et-lavenir\/"]}]},{"@type":"ImageObject","inLanguage":"fr-FR","@id":"https:\/\/franciscansinternational.org\/fr\/journee-mondiale-des-peuples-autochtones-un-pont-entre-le-passe-et-lavenir\/#primaryimage","url":"https:\/\/franciscansinternational.org\/fr\/wp-content\/uploads\/sites\/6\/2023\/08\/IP_day_2023-scaled.jpg","contentUrl":"https:\/\/franciscansinternational.org\/fr\/wp-content\/uploads\/sites\/6\/2023\/08\/IP_day_2023-scaled.jpg","width":2560,"height":1440},{"@type":"BreadcrumbList","@id":"https:\/\/franciscansinternational.org\/fr\/journee-mondiale-des-peuples-autochtones-un-pont-entre-le-passe-et-lavenir\/#breadcrumb","itemListElement":[{"@type":"ListItem","position":1,"name":"Home","item":"https:\/\/franciscansinternational.org\/fr\/"},{"@type":"ListItem","position":2,"name":"Journ\u00e9e mondiale des peuples autochtones : Un pont entre le pass\u00e9 et l&rsquo;avenir"}]},{"@type":"WebSite","@id":"https:\/\/franciscansinternational.org\/fr\/#website","url":"https:\/\/franciscansinternational.org\/fr\/","name":"Franciscans International (FR)","description":"","publisher":{"@id":"https:\/\/franciscansinternational.org\/fr\/#organization"},"potentialAction":[{"@type":"SearchAction","target":{"@type":"EntryPoint","urlTemplate":"https:\/\/franciscansinternational.org\/fr\/?s={search_term_string}"},"query-input":{"@type":"PropertyValueSpecification","valueRequired":true,"valueName":"search_term_string"}}],"inLanguage":"fr-FR"},{"@type":"Organization","@id":"https:\/\/franciscansinternational.org\/fr\/#organization","name":"Franciscans International (FR)","url":"https:\/\/franciscansinternational.org\/fr\/","logo":{"@type":"ImageObject","inLanguage":"fr-FR","@id":"https:\/\/franciscansinternational.org\/fr\/#\/schema\/logo\/image\/","url":"https:\/\/franciscansinternational.org\/wp-content\/uploads\/sites\/6\/2023\/05\/logo-3.png","contentUrl":"https:\/\/franciscansinternational.org\/wp-content\/uploads\/sites\/6\/2023\/05\/logo-3.png","width":1200,"height":205,"caption":"Franciscans International (FR)"},"image":{"@id":"https:\/\/franciscansinternational.org\/fr\/#\/schema\/logo\/image\/"},"sameAs":["https:\/\/www.facebook.com\/FranciscansInternational\/","https:\/\/x.com\/FranciscansIntl","https:\/\/www.youtube.com\/channel\/UCexu0i-fWB4wwrlPMCz8_Zg"]},{"@type":"Person","@id":"https:\/\/franciscansinternational.org\/fr\/#\/schema\/person\/f398f02712a9dcab7603295bc1ea94e4","name":"communications","image":{"@type":"ImageObject","inLanguage":"fr-FR","@id":"https:\/\/secure.gravatar.com\/avatar\/0b4a62226a9b4f7ce621ec49ca40be1e77d886a42ca84b8a0b0697e9ec17dd63?s=96&d=mm&r=g","url":"https:\/\/secure.gravatar.com\/avatar\/0b4a62226a9b4f7ce621ec49ca40be1e77d886a42ca84b8a0b0697e9ec17dd63?s=96&d=mm&r=g","contentUrl":"https:\/\/secure.gravatar.com\/avatar\/0b4a62226a9b4f7ce621ec49ca40be1e77d886a42ca84b8a0b0697e9ec17dd63?s=96&d=mm&r=g","caption":"communications"},"url":"https:\/\/franciscansinternational.org\/fr\/author\/communications\/"}]}},"jetpack_featured_media_url":"https:\/\/franciscansinternational.org\/fr\/wp-content\/uploads\/sites\/6\/2023\/08\/IP_day_2023-scaled.jpg","jetpack_sharing_enabled":true,"_links":{"self":[{"href":"https:\/\/franciscansinternational.org\/fr\/wp-json\/wp\/v2\/posts\/375","targetHints":{"allow":["GET"]}}],"collection":[{"href":"https:\/\/franciscansinternational.org\/fr\/wp-json\/wp\/v2\/posts"}],"about":[{"href":"https:\/\/franciscansinternational.org\/fr\/wp-json\/wp\/v2\/types\/post"}],"author":[{"embeddable":true,"href":"https:\/\/franciscansinternational.org\/fr\/wp-json\/wp\/v2\/users\/3"}],"replies":[{"embeddable":true,"href":"https:\/\/franciscansinternational.org\/fr\/wp-json\/wp\/v2\/comments?post=375"}],"version-history":[{"count":4,"href":"https:\/\/franciscansinternational.org\/fr\/wp-json\/wp\/v2\/posts\/375\/revisions"}],"predecessor-version":[{"id":381,"href":"https:\/\/franciscansinternational.org\/fr\/wp-json\/wp\/v2\/posts\/375\/revisions\/381"}],"wp:featuredmedia":[{"embeddable":true,"href":"https:\/\/franciscansinternational.org\/fr\/wp-json\/wp\/v2\/media\/376"}],"wp:attachment":[{"href":"https:\/\/franciscansinternational.org\/fr\/wp-json\/wp\/v2\/media?parent=375"}],"wp:term":[{"taxonomy":"category","embeddable":true,"href":"https:\/\/franciscansinternational.org\/fr\/wp-json\/wp\/v2\/categories?post=375"},{"taxonomy":"post_tag","embeddable":true,"href":"https:\/\/franciscansinternational.org\/fr\/wp-json\/wp\/v2\/tags?post=375"}],"curies":[{"name":"wp","href":"https:\/\/api.w.org\/{rel}","templated":true}]}}