{"id":382,"date":"2023-09-12T14:05:23","date_gmt":"2023-09-12T14:05:23","guid":{"rendered":"https:\/\/franciscansinternational.org\/fr\/?p=382"},"modified":"2023-09-12T14:16:58","modified_gmt":"2023-09-12T14:16:58","slug":"une-nouvelle-etape-pour-les-franciscains-deurope","status":"publish","type":"post","link":"https:\/\/franciscansinternational.org\/fr\/une-nouvelle-etape-pour-les-franciscains-deurope\/","title":{"rendered":"Une nouvelle \u00e9tape pour les Franciscains d&rsquo;Europe\u00a0"},"content":{"rendered":"\n<p><\/p>\n\n\n\n<p><\/p>\n\n\n\n<p><\/p>\n\n\n\n<p>Franciscans International est heureux d&rsquo;annoncer le lancement d&rsquo;un nouveau <a href=\"https:\/\/franciscansinternational.org\/fr\/priorites\/#onoustravaillons-europe\">programme r\u00e9gional couvrant l&rsquo;Europe<\/a>. Nous sommes convaincus que l&rsquo;\u00e9largissement de notre port\u00e9e g\u00e9ographique\u00a0 ajoutera une dimension pr\u00e9cieuse \u00e0 nos efforts aux Nations Unies pour d\u00e9fendre les droits humains et la dignit\u00e9, promouvoir la paix et exiger la justice environnementale.\u00a0Le nouveau programme compl\u00e8tera \u00e0 la fois notre plaidoyer global et le travail d\u00e9j\u00e0 effectu\u00e9 en Afrique, dans les Am\u00e9riques et en Asie-Pacifique.\u00a0<br>\u00a0<br>Les <a href=\"https:\/\/franciscansinternational.org\/fr\/priorites\/#onoustravaillons\" target=\"_blank\" rel=\"noreferrer noopener\">programmes r\u00e9gionaux de FI<\/a> sont guid\u00e9s par les besoins des franciscains et\u00a0de nos partenaires s\u00e9culiers, qui travaillent sur les questions des droits humains au niveau local et national. S&rsquo;ils estiment que leur travail peut b\u00e9n\u00e9ficier de l&rsquo;attention des Nations Unies, FI est alors en mesure de fournir l&rsquo;expertise technique pour d\u00e9velopper et mettre en \u0153uvre une strat\u00e9gie de plaidoyer durable. Au cours des derni\u00e8res ann\u00e9es, les Franciscains de toute l&rsquo;Europe ont constamment exprim\u00e9 leur d\u00e9sir de pouvoir \u00e9galement en b\u00e9n\u00e9ficier.<br>\u00a0<br>\u00ab\u00a0Les violations de droits humains se produisent malheureusement partout dans le monde et l&rsquo;Europe ne fait pas exception\u00a0\u00bb, d\u00e9clare Markus Heinze OFM, directeur ex\u00e9cutif de FI. \u00ab\u00a0Nous assistons quotidiennement \u00e0 des violations commises \u00e0 l&rsquo;encontre des personnes migrantes et des r\u00e9fugi\u00e9s. Les int\u00e9r\u00eats commerciaux europ\u00e9ens jouent un r\u00f4le essentiel dans les crises climatiques et les conflits violents qui affligent \u00e0 nouveau le continent. En ces temps difficiles, je suis oarticuli\u00e8rement reconnaissant que les Franciscains aient mobilis\u00e9 les ressources qui leur permettront de porter \u00e0 l&rsquo;attention de l&rsquo;ONU les violations dont ils sont t\u00e9moins et qu&rsquo;ils documentent en Europe.\u00a0\u00bb\u00a0<br>\u00a0<br>Le poste de coordinateur du programme Europe sera occup\u00e9 par <a href=\"https:\/\/franciscansinternational.org\/fr\/a-propos\/#notrequipe\">Eunan McMullan OFM<\/a>. En tant qu&rsquo;avocat, ancien directeur des services juridiques du bureau du m\u00e9diateur de la police d&rsquo;Irlande du Nord et fr\u00e8re mineur, il apporte une expertise unique \u00e0 ce poste. Fr\u00e8re Eunan s&rsquo;en servira pour favoriser l&rsquo;\u00e9tablissement de nouveaux liens entre les Franciscains europ\u00e9ens et les Nations Unies et \u00e9laborer\u00a0les activit\u00e9s de plaidoyer n\u00e9cessaires. Apr\u00e8s avoir \u00e9labor\u00e9 une cartographie des partenaires et des probl\u00e8mes cl\u00e9s dans divers pays europ\u00e9ens, il travaillera au sein de l&rsquo;\u00e9quipe de plaidoyer de FI \u00e0 Gen\u00e8ve pour soulever ces pr\u00e9occupations aupr\u00e8s des m\u00e9canismes des droits de l&rsquo;homme pertinents \u00e0 l&rsquo;ONU.\u00a0\u00a0<br>\u00a0<br>\u00ab\u00a0En cette ann\u00e9e 2023, nous, Franciscains, c\u00e9l\u00e9brons l&rsquo;approbation de la R\u00e8gle de saint Fran\u00e7ois, que nous nous effor\u00e7ons de suivre pour apporter la paix dans nos c\u0153urs. De m\u00eame, l&rsquo;\u00c9tat de droit est n\u00e9cessaire pour \u00e9tablir la paix entre les peuples et il a \u00e9t\u00e9 bafou\u00e9 en de nombreux endroits\u00a0\u00bb, d\u00e9clare Fr\u00e8re Eunan. \u00ab\u00a0L&rsquo;objectif de ce programme est de rendre visibles les injustices qui se produisent, de promouvoir nos droits humains et de demander r\u00e9paration aux organismes comp\u00e9tents.<\/p>\n\n\n\n<blockquote class=\"wp-block-quote has-small-font-size is-layout-flow wp-block-quote-is-layout-flow\">\n<p class=\"has-small-font-size\">Il s&rsquo;agit d&rsquo;une traduction automatique. Nous nous excusons pour les erreurs qui auraient pu en r\u00e9sulter. En cas de divergence, la version anglaise fait foi.<\/p>\n<\/blockquote>\n","protected":false},"excerpt":{"rendered":"<p>Franciscans International lance son quatri\u00e8me programme r\u00e9gional\u00a0<\/p>\n","protected":false},"author":3,"featured_media":384,"comment_status":"closed","ping_status":"closed","sticky":false,"template":"","format":"standard","meta":{"_relevanssi_hide_post":"","_relevanssi_hide_content":"","_relevanssi_pin_for_all":"","_relevanssi_pin_keywords":"","_relevanssi_unpin_keywords":"","_relevanssi_related_keywords":"","_relevanssi_related_include_ids":"","_relevanssi_related_exclude_ids":"","_relevanssi_related_no_append":"","_relevanssi_related_not_related":"","_relevanssi_related_posts":"368,158,334,243,344,232","_relevanssi_noindex_reason":"","_jetpack_memberships_contains_paid_content":false,"footnotes":""},"categories":[1],"tags":[10],"class_list":["post-382","post","type-post","status-publish","format-standard","has-post-thumbnail","hentry","category-nouvelles","tag-programme-europe"],"acf":[],"yoast_head":"<!-- This site is optimized with the Yoast SEO plugin v27.5 - https:\/\/yoast.com\/product\/yoast-seo-wordpress\/ -->\n<title>Une nouvelle \u00e9tape pour les Franciscains d&#039;Europe\u00a0 - Franciscans International (FR)<\/title>\n<meta name=\"robots\" content=\"index, follow, max-snippet:-1, max-image-preview:large, max-video-preview:-1\" \/>\n<link rel=\"canonical\" href=\"https:\/\/franciscansinternational.org\/fr\/une-nouvelle-etape-pour-les-franciscains-deurope\/\" \/>\n<meta property=\"og:locale\" content=\"fr_FR\" \/>\n<meta property=\"og:type\" content=\"article\" \/>\n<meta property=\"og:title\" content=\"Une nouvelle \u00e9tape pour les Franciscains d&#039;Europe\u00a0 - Franciscans International (FR)\" \/>\n<meta property=\"og:description\" content=\"Franciscans International lance son quatri\u00e8me programme r\u00e9gional\u00a0\" \/>\n<meta property=\"og:url\" content=\"https:\/\/franciscansinternational.org\/fr\/une-nouvelle-etape-pour-les-franciscains-deurope\/\" \/>\n<meta property=\"og:site_name\" content=\"Franciscans International (FR)\" \/>\n<meta property=\"article:publisher\" content=\"https:\/\/www.facebook.com\/FranciscansInternational\/\" \/>\n<meta property=\"article:published_time\" content=\"2023-09-12T14:05:23+00:00\" \/>\n<meta property=\"article:modified_time\" content=\"2023-09-12T14:16:58+00:00\" \/>\n<meta property=\"og:image\" content=\"https:\/\/franciscansinternational.org\/fr\/wp-content\/uploads\/sites\/6\/2023\/09\/Europe-program-article.jpeg\" \/>\n\t<meta property=\"og:image:width\" content=\"1500\" \/>\n\t<meta property=\"og:image:height\" content=\"1000\" \/>\n\t<meta property=\"og:image:type\" content=\"image\/jpeg\" \/>\n<meta name=\"author\" content=\"communications\" \/>\n<meta name=\"twitter:card\" content=\"summary_large_image\" \/>\n<meta name=\"twitter:creator\" content=\"@FranciscansIntl\" \/>\n<meta name=\"twitter:site\" content=\"@FranciscansIntl\" \/>\n<meta name=\"twitter:label1\" content=\"\u00c9crit par\" \/>\n\t<meta name=\"twitter:data1\" content=\"communications\" \/>\n\t<meta name=\"twitter:label2\" content=\"Dur\u00e9e de lecture estim\u00e9e\" \/>\n\t<meta name=\"twitter:data2\" content=\"3 minutes\" \/>\n<script type=\"application\/ld+json\" class=\"yoast-schema-graph\">{\"@context\":\"https:\\\/\\\/schema.org\",\"@graph\":[{\"@type\":\"Article\",\"@id\":\"https:\\\/\\\/franciscansinternational.org\\\/fr\\\/une-nouvelle-etape-pour-les-franciscains-deurope\\\/#article\",\"isPartOf\":{\"@id\":\"https:\\\/\\\/franciscansinternational.org\\\/fr\\\/une-nouvelle-etape-pour-les-franciscains-deurope\\\/\"},\"author\":{\"name\":\"communications\",\"@id\":\"https:\\\/\\\/franciscansinternational.org\\\/fr\\\/#\\\/schema\\\/person\\\/f398f02712a9dcab7603295bc1ea94e4\"},\"headline\":\"Une nouvelle \u00e9tape pour les Franciscains d&rsquo;Europe\u00a0\",\"datePublished\":\"2023-09-12T14:05:23+00:00\",\"dateModified\":\"2023-09-12T14:16:58+00:00\",\"mainEntityOfPage\":{\"@id\":\"https:\\\/\\\/franciscansinternational.org\\\/fr\\\/une-nouvelle-etape-pour-les-franciscains-deurope\\\/\"},\"wordCount\":543,\"publisher\":{\"@id\":\"https:\\\/\\\/franciscansinternational.org\\\/fr\\\/#organization\"},\"image\":{\"@id\":\"https:\\\/\\\/franciscansinternational.org\\\/fr\\\/une-nouvelle-etape-pour-les-franciscains-deurope\\\/#primaryimage\"},\"thumbnailUrl\":\"https:\\\/\\\/franciscansinternational.org\\\/fr\\\/wp-content\\\/uploads\\\/sites\\\/6\\\/2023\\\/09\\\/Europe-program-article.jpeg\",\"keywords\":[\"Programme Europe\"],\"articleSection\":[\"Nouvelles\"],\"inLanguage\":\"fr-FR\"},{\"@type\":\"WebPage\",\"@id\":\"https:\\\/\\\/franciscansinternational.org\\\/fr\\\/une-nouvelle-etape-pour-les-franciscains-deurope\\\/\",\"url\":\"https:\\\/\\\/franciscansinternational.org\\\/fr\\\/une-nouvelle-etape-pour-les-franciscains-deurope\\\/\",\"name\":\"Une nouvelle \u00e9tape pour les Franciscains d'Europe\u00a0 - Franciscans International (FR)\",\"isPartOf\":{\"@id\":\"https:\\\/\\\/franciscansinternational.org\\\/fr\\\/#website\"},\"primaryImageOfPage\":{\"@id\":\"https:\\\/\\\/franciscansinternational.org\\\/fr\\\/une-nouvelle-etape-pour-les-franciscains-deurope\\\/#primaryimage\"},\"image\":{\"@id\":\"https:\\\/\\\/franciscansinternational.org\\\/fr\\\/une-nouvelle-etape-pour-les-franciscains-deurope\\\/#primaryimage\"},\"thumbnailUrl\":\"https:\\\/\\\/franciscansinternational.org\\\/fr\\\/wp-content\\\/uploads\\\/sites\\\/6\\\/2023\\\/09\\\/Europe-program-article.jpeg\",\"datePublished\":\"2023-09-12T14:05:23+00:00\",\"dateModified\":\"2023-09-12T14:16:58+00:00\",\"breadcrumb\":{\"@id\":\"https:\\\/\\\/franciscansinternational.org\\\/fr\\\/une-nouvelle-etape-pour-les-franciscains-deurope\\\/#breadcrumb\"},\"inLanguage\":\"fr-FR\",\"potentialAction\":[{\"@type\":\"ReadAction\",\"target\":[\"https:\\\/\\\/franciscansinternational.org\\\/fr\\\/une-nouvelle-etape-pour-les-franciscains-deurope\\\/\"]}]},{\"@type\":\"ImageObject\",\"inLanguage\":\"fr-FR\",\"@id\":\"https:\\\/\\\/franciscansinternational.org\\\/fr\\\/une-nouvelle-etape-pour-les-franciscains-deurope\\\/#primaryimage\",\"url\":\"https:\\\/\\\/franciscansinternational.org\\\/fr\\\/wp-content\\\/uploads\\\/sites\\\/6\\\/2023\\\/09\\\/Europe-program-article.jpeg\",\"contentUrl\":\"https:\\\/\\\/franciscansinternational.org\\\/fr\\\/wp-content\\\/uploads\\\/sites\\\/6\\\/2023\\\/09\\\/Europe-program-article.jpeg\",\"width\":1500,\"height\":1000},{\"@type\":\"BreadcrumbList\",\"@id\":\"https:\\\/\\\/franciscansinternational.org\\\/fr\\\/une-nouvelle-etape-pour-les-franciscains-deurope\\\/#breadcrumb\",\"itemListElement\":[{\"@type\":\"ListItem\",\"position\":1,\"name\":\"Home\",\"item\":\"https:\\\/\\\/franciscansinternational.org\\\/fr\\\/\"},{\"@type\":\"ListItem\",\"position\":2,\"name\":\"Une nouvelle \u00e9tape pour les Franciscains d&rsquo;Europe\u00a0\"}]},{\"@type\":\"WebSite\",\"@id\":\"https:\\\/\\\/franciscansinternational.org\\\/fr\\\/#website\",\"url\":\"https:\\\/\\\/franciscansinternational.org\\\/fr\\\/\",\"name\":\"Franciscans International (FR)\",\"description\":\"\",\"publisher\":{\"@id\":\"https:\\\/\\\/franciscansinternational.org\\\/fr\\\/#organization\"},\"potentialAction\":[{\"@type\":\"SearchAction\",\"target\":{\"@type\":\"EntryPoint\",\"urlTemplate\":\"https:\\\/\\\/franciscansinternational.org\\\/fr\\\/?s={search_term_string}\"},\"query-input\":{\"@type\":\"PropertyValueSpecification\",\"valueRequired\":true,\"valueName\":\"search_term_string\"}}],\"inLanguage\":\"fr-FR\"},{\"@type\":\"Organization\",\"@id\":\"https:\\\/\\\/franciscansinternational.org\\\/fr\\\/#organization\",\"name\":\"Franciscans International (FR)\",\"url\":\"https:\\\/\\\/franciscansinternational.org\\\/fr\\\/\",\"logo\":{\"@type\":\"ImageObject\",\"inLanguage\":\"fr-FR\",\"@id\":\"https:\\\/\\\/franciscansinternational.org\\\/fr\\\/#\\\/schema\\\/logo\\\/image\\\/\",\"url\":\"https:\\\/\\\/franciscansinternational.org\\\/wp-content\\\/uploads\\\/sites\\\/6\\\/2023\\\/05\\\/logo-3.png\",\"contentUrl\":\"https:\\\/\\\/franciscansinternational.org\\\/wp-content\\\/uploads\\\/sites\\\/6\\\/2023\\\/05\\\/logo-3.png\",\"width\":1200,\"height\":205,\"caption\":\"Franciscans International (FR)\"},\"image\":{\"@id\":\"https:\\\/\\\/franciscansinternational.org\\\/fr\\\/#\\\/schema\\\/logo\\\/image\\\/\"},\"sameAs\":[\"https:\\\/\\\/www.facebook.com\\\/FranciscansInternational\\\/\",\"https:\\\/\\\/x.com\\\/FranciscansIntl\",\"https:\\\/\\\/www.youtube.com\\\/channel\\\/UCexu0i-fWB4wwrlPMCz8_Zg\"]},{\"@type\":\"Person\",\"@id\":\"https:\\\/\\\/franciscansinternational.org\\\/fr\\\/#\\\/schema\\\/person\\\/f398f02712a9dcab7603295bc1ea94e4\",\"name\":\"communications\",\"image\":{\"@type\":\"ImageObject\",\"inLanguage\":\"fr-FR\",\"@id\":\"https:\\\/\\\/secure.gravatar.com\\\/avatar\\\/0b4a62226a9b4f7ce621ec49ca40be1e77d886a42ca84b8a0b0697e9ec17dd63?s=96&d=mm&r=g\",\"url\":\"https:\\\/\\\/secure.gravatar.com\\\/avatar\\\/0b4a62226a9b4f7ce621ec49ca40be1e77d886a42ca84b8a0b0697e9ec17dd63?s=96&d=mm&r=g\",\"contentUrl\":\"https:\\\/\\\/secure.gravatar.com\\\/avatar\\\/0b4a62226a9b4f7ce621ec49ca40be1e77d886a42ca84b8a0b0697e9ec17dd63?s=96&d=mm&r=g\",\"caption\":\"communications\"},\"url\":\"https:\\\/\\\/franciscansinternational.org\\\/fr\\\/author\\\/communications\\\/\"}]}<\/script>\n<!-- \/ Yoast SEO plugin. -->","yoast_head_json":{"title":"Une nouvelle \u00e9tape pour les Franciscains d'Europe\u00a0 - Franciscans International (FR)","robots":{"index":"index","follow":"follow","max-snippet":"max-snippet:-1","max-image-preview":"max-image-preview:large","max-video-preview":"max-video-preview:-1"},"canonical":"https:\/\/franciscansinternational.org\/fr\/une-nouvelle-etape-pour-les-franciscains-deurope\/","og_locale":"fr_FR","og_type":"article","og_title":"Une nouvelle \u00e9tape pour les Franciscains d'Europe\u00a0 - Franciscans International (FR)","og_description":"Franciscans International lance son quatri\u00e8me programme r\u00e9gional\u00a0","og_url":"https:\/\/franciscansinternational.org\/fr\/une-nouvelle-etape-pour-les-franciscains-deurope\/","og_site_name":"Franciscans International (FR)","article_publisher":"https:\/\/www.facebook.com\/FranciscansInternational\/","article_published_time":"2023-09-12T14:05:23+00:00","article_modified_time":"2023-09-12T14:16:58+00:00","og_image":[{"width":1500,"height":1000,"url":"https:\/\/franciscansinternational.org\/fr\/wp-content\/uploads\/sites\/6\/2023\/09\/Europe-program-article.jpeg","type":"image\/jpeg"}],"author":"communications","twitter_card":"summary_large_image","twitter_creator":"@FranciscansIntl","twitter_site":"@FranciscansIntl","twitter_misc":{"\u00c9crit par":"communications","Dur\u00e9e de lecture estim\u00e9e":"3 minutes"},"schema":{"@context":"https:\/\/schema.org","@graph":[{"@type":"Article","@id":"https:\/\/franciscansinternational.org\/fr\/une-nouvelle-etape-pour-les-franciscains-deurope\/#article","isPartOf":{"@id":"https:\/\/franciscansinternational.org\/fr\/une-nouvelle-etape-pour-les-franciscains-deurope\/"},"author":{"name":"communications","@id":"https:\/\/franciscansinternational.org\/fr\/#\/schema\/person\/f398f02712a9dcab7603295bc1ea94e4"},"headline":"Une nouvelle \u00e9tape pour les Franciscains d&rsquo;Europe\u00a0","datePublished":"2023-09-12T14:05:23+00:00","dateModified":"2023-09-12T14:16:58+00:00","mainEntityOfPage":{"@id":"https:\/\/franciscansinternational.org\/fr\/une-nouvelle-etape-pour-les-franciscains-deurope\/"},"wordCount":543,"publisher":{"@id":"https:\/\/franciscansinternational.org\/fr\/#organization"},"image":{"@id":"https:\/\/franciscansinternational.org\/fr\/une-nouvelle-etape-pour-les-franciscains-deurope\/#primaryimage"},"thumbnailUrl":"https:\/\/franciscansinternational.org\/fr\/wp-content\/uploads\/sites\/6\/2023\/09\/Europe-program-article.jpeg","keywords":["Programme Europe"],"articleSection":["Nouvelles"],"inLanguage":"fr-FR"},{"@type":"WebPage","@id":"https:\/\/franciscansinternational.org\/fr\/une-nouvelle-etape-pour-les-franciscains-deurope\/","url":"https:\/\/franciscansinternational.org\/fr\/une-nouvelle-etape-pour-les-franciscains-deurope\/","name":"Une nouvelle \u00e9tape pour les Franciscains d'Europe\u00a0 - Franciscans International (FR)","isPartOf":{"@id":"https:\/\/franciscansinternational.org\/fr\/#website"},"primaryImageOfPage":{"@id":"https:\/\/franciscansinternational.org\/fr\/une-nouvelle-etape-pour-les-franciscains-deurope\/#primaryimage"},"image":{"@id":"https:\/\/franciscansinternational.org\/fr\/une-nouvelle-etape-pour-les-franciscains-deurope\/#primaryimage"},"thumbnailUrl":"https:\/\/franciscansinternational.org\/fr\/wp-content\/uploads\/sites\/6\/2023\/09\/Europe-program-article.jpeg","datePublished":"2023-09-12T14:05:23+00:00","dateModified":"2023-09-12T14:16:58+00:00","breadcrumb":{"@id":"https:\/\/franciscansinternational.org\/fr\/une-nouvelle-etape-pour-les-franciscains-deurope\/#breadcrumb"},"inLanguage":"fr-FR","potentialAction":[{"@type":"ReadAction","target":["https:\/\/franciscansinternational.org\/fr\/une-nouvelle-etape-pour-les-franciscains-deurope\/"]}]},{"@type":"ImageObject","inLanguage":"fr-FR","@id":"https:\/\/franciscansinternational.org\/fr\/une-nouvelle-etape-pour-les-franciscains-deurope\/#primaryimage","url":"https:\/\/franciscansinternational.org\/fr\/wp-content\/uploads\/sites\/6\/2023\/09\/Europe-program-article.jpeg","contentUrl":"https:\/\/franciscansinternational.org\/fr\/wp-content\/uploads\/sites\/6\/2023\/09\/Europe-program-article.jpeg","width":1500,"height":1000},{"@type":"BreadcrumbList","@id":"https:\/\/franciscansinternational.org\/fr\/une-nouvelle-etape-pour-les-franciscains-deurope\/#breadcrumb","itemListElement":[{"@type":"ListItem","position":1,"name":"Home","item":"https:\/\/franciscansinternational.org\/fr\/"},{"@type":"ListItem","position":2,"name":"Une nouvelle \u00e9tape pour les Franciscains d&rsquo;Europe\u00a0"}]},{"@type":"WebSite","@id":"https:\/\/franciscansinternational.org\/fr\/#website","url":"https:\/\/franciscansinternational.org\/fr\/","name":"Franciscans International (FR)","description":"","publisher":{"@id":"https:\/\/franciscansinternational.org\/fr\/#organization"},"potentialAction":[{"@type":"SearchAction","target":{"@type":"EntryPoint","urlTemplate":"https:\/\/franciscansinternational.org\/fr\/?s={search_term_string}"},"query-input":{"@type":"PropertyValueSpecification","valueRequired":true,"valueName":"search_term_string"}}],"inLanguage":"fr-FR"},{"@type":"Organization","@id":"https:\/\/franciscansinternational.org\/fr\/#organization","name":"Franciscans International (FR)","url":"https:\/\/franciscansinternational.org\/fr\/","logo":{"@type":"ImageObject","inLanguage":"fr-FR","@id":"https:\/\/franciscansinternational.org\/fr\/#\/schema\/logo\/image\/","url":"https:\/\/franciscansinternational.org\/wp-content\/uploads\/sites\/6\/2023\/05\/logo-3.png","contentUrl":"https:\/\/franciscansinternational.org\/wp-content\/uploads\/sites\/6\/2023\/05\/logo-3.png","width":1200,"height":205,"caption":"Franciscans International (FR)"},"image":{"@id":"https:\/\/franciscansinternational.org\/fr\/#\/schema\/logo\/image\/"},"sameAs":["https:\/\/www.facebook.com\/FranciscansInternational\/","https:\/\/x.com\/FranciscansIntl","https:\/\/www.youtube.com\/channel\/UCexu0i-fWB4wwrlPMCz8_Zg"]},{"@type":"Person","@id":"https:\/\/franciscansinternational.org\/fr\/#\/schema\/person\/f398f02712a9dcab7603295bc1ea94e4","name":"communications","image":{"@type":"ImageObject","inLanguage":"fr-FR","@id":"https:\/\/secure.gravatar.com\/avatar\/0b4a62226a9b4f7ce621ec49ca40be1e77d886a42ca84b8a0b0697e9ec17dd63?s=96&d=mm&r=g","url":"https:\/\/secure.gravatar.com\/avatar\/0b4a62226a9b4f7ce621ec49ca40be1e77d886a42ca84b8a0b0697e9ec17dd63?s=96&d=mm&r=g","contentUrl":"https:\/\/secure.gravatar.com\/avatar\/0b4a62226a9b4f7ce621ec49ca40be1e77d886a42ca84b8a0b0697e9ec17dd63?s=96&d=mm&r=g","caption":"communications"},"url":"https:\/\/franciscansinternational.org\/fr\/author\/communications\/"}]}},"jetpack_featured_media_url":"https:\/\/franciscansinternational.org\/fr\/wp-content\/uploads\/sites\/6\/2023\/09\/Europe-program-article.jpeg","jetpack_sharing_enabled":true,"_links":{"self":[{"href":"https:\/\/franciscansinternational.org\/fr\/wp-json\/wp\/v2\/posts\/382","targetHints":{"allow":["GET"]}}],"collection":[{"href":"https:\/\/franciscansinternational.org\/fr\/wp-json\/wp\/v2\/posts"}],"about":[{"href":"https:\/\/franciscansinternational.org\/fr\/wp-json\/wp\/v2\/types\/post"}],"author":[{"embeddable":true,"href":"https:\/\/franciscansinternational.org\/fr\/wp-json\/wp\/v2\/users\/3"}],"replies":[{"embeddable":true,"href":"https:\/\/franciscansinternational.org\/fr\/wp-json\/wp\/v2\/comments?post=382"}],"version-history":[{"count":9,"href":"https:\/\/franciscansinternational.org\/fr\/wp-json\/wp\/v2\/posts\/382\/revisions"}],"predecessor-version":[{"id":396,"href":"https:\/\/franciscansinternational.org\/fr\/wp-json\/wp\/v2\/posts\/382\/revisions\/396"}],"wp:featuredmedia":[{"embeddable":true,"href":"https:\/\/franciscansinternational.org\/fr\/wp-json\/wp\/v2\/media\/384"}],"wp:attachment":[{"href":"https:\/\/franciscansinternational.org\/fr\/wp-json\/wp\/v2\/media?parent=382"}],"wp:term":[{"taxonomy":"category","embeddable":true,"href":"https:\/\/franciscansinternational.org\/fr\/wp-json\/wp\/v2\/categories?post=382"},{"taxonomy":"post_tag","embeddable":true,"href":"https:\/\/franciscansinternational.org\/fr\/wp-json\/wp\/v2\/tags?post=382"}],"curies":[{"name":"wp","href":"https:\/\/api.w.org\/{rel}","templated":true}]}}