{"id":397,"date":"2023-09-15T11:52:42","date_gmt":"2023-09-15T11:52:42","guid":{"rendered":"https:\/\/franciscansinternational.org\/fr\/?p=397"},"modified":"2023-10-26T09:06:20","modified_gmt":"2023-10-26T09:06:20","slug":"les-franciscains-au-coeur-de-la-protection-des-droits-humains-pere-patrick-perera-ofm","status":"publish","type":"post","link":"https:\/\/franciscansinternational.org\/fr\/les-franciscains-au-coeur-de-la-protection-des-droits-humains-pere-patrick-perera-ofm\/","title":{"rendered":"Les Franciscains au c\u0153ur de la protection des droits humains : P\u00e8re Patrick Perera OFM"},"content":{"rendered":"\n<p>Le Sri Lanka est marqu\u00e9 par des tensions et des affrontements ethniques de longue date. Bien que la guerre civile ait pris fin en 2009, le manque de coh\u00e9sion sociale et l&rsquo;\u00e9chec du processus de r\u00e9conciliation continuent d&rsquo;alimenter la violence. Pendant les c\u00e9l\u00e9brations de P\u00e2ques en avril 2019, une s\u00e9rie d&rsquo;attentats-suicides dans trois \u00e9glises et trois h\u00f4tels a tu\u00e9 plus de 250 personnes<sup>1<\/sup>, ce qui a raviv\u00e9 les tensions. La situation des droits humains s&rsquo;est encore d\u00e9t\u00e9rior\u00e9e en raison d&rsquo;une crise \u00e9conomique qui a d\u00e9clench\u00e9 les manifestations de masse (<em>Aragalaya<\/em><em><sup>2<\/sup><\/em>), qui ont conduit \u00e0 l&rsquo;\u00e9viction du pr\u00e9sident Gothabaya Rajapaksa en 2022.&nbsp;&nbsp;<\/p>\n\n\n\n<p>Dans ce contexte, le p\u00e8re Patrick Perera s&rsquo;efforce d&rsquo;obtenir justice, ainsi que la responsabilisation \u00e0 la suite des violations des droits humains qui ont \u00e9branl\u00e9 son pays. Nous avons discut\u00e9 avec lui de l&rsquo;absence de justice transitionnelle, de l&rsquo;impact qu&rsquo;ont eu sur lui les attentats de P\u00e2ques, ainsi que de l&rsquo;appel qu&rsquo;il lance \u00e0 la population pour qu&rsquo;elle s&rsquo;unisse.&nbsp;&nbsp;<\/p>\n\n\n\n<hr class=\"wp-block-separator has-alpha-channel-opacity is-style-dots\"\/>\n\n\n\n<p><strong>Pouvez-vous vous pr\u00e9senter et expliquer quels sont les principaux probl\u00e8mes de droits humains dans votre pays ?&nbsp;&nbsp;<\/strong><\/p>\n\n\n\n<p>Je m&rsquo;appelle Patrick Sujeewa Perera et je suis un pr\u00eatre travaillant pour le service de Justice, Paix et Int\u00e9grit\u00e9 de la Cr\u00e9ation (JPIC) au Sri Lanka. Ces derni\u00e8res ann\u00e9es, mon pays a \u00e9t\u00e9 confront\u00e9 \u00e0 une grave crise des droits humains, c&rsquo;est pourquoi je me suis engag\u00e9 dans des activit\u00e9s de d\u00e9fense des droits de la population. Le premier probl\u00e8me que je vois d\u00e9coule des trois d\u00e9cennies de guerre civile qu&rsquo;a connues le Sri Lanka entre 1983 et 2009. Compte tenu de l&rsquo;histoire brutale du pays, de fortes tensions subsistent entre les communaut\u00e9s cinghalaise et tamoule. Dans le m\u00eame temps, la mauvaise gestion de l&rsquo;\u00e9conomie par le gouvernement ainsi que la corruption ont entra\u00een\u00e9 une grave p\u00e9nurie de carburant et d&rsquo;autres produits de premi\u00e8re n\u00e9cessit\u00e9, ce qui a provoqu\u00e9 les manifestations dites d&rsquo;Aragalaya, auxquelles nous avons particip\u00e9. Le troisi\u00e8me probl\u00e8me est la fr\u00e9quence croissante des \u00e9v\u00e9nements m\u00e9t\u00e9orologiques extr\u00eames tels que les s\u00e9cheresses et les inondations dues au changement climatique, qui sont exacerb\u00e9es par des projets non durables au nom du d\u00e9veloppement.&nbsp; Enfin, les militants des droits humains font l&rsquo;objet de nombreuses violences.&nbsp;&nbsp;<\/p>\n\n\n\n<p><strong>&nbsp;Qu&rsquo;est-ce qui vous a incit\u00e9 \u00e0 commencer ce travail et quel est le lien avec votre vocation de fr\u00e8re franciscain ?&nbsp;<\/strong><\/p>\n\n\n\n<p>J&rsquo;ai commenc\u00e9 comme volontaire, mais \u00e0 l&rsquo;\u00e9poque je n&rsquo;\u00e9tais pas s\u00fbr de ce que je faisais. <strong><em>C&rsquo;est lorsque j&rsquo;ai \u00e9t\u00e9 personnellement t\u00e9moin des attaques de P\u00e2ques et que j&rsquo;ai vu les restes des personnes \u00e0 l&rsquo;int\u00e9rieur de l&rsquo;\u00e9glise que j&rsquo;ai ressenti un profond changement en moi.<\/em><\/strong> J&rsquo;ai r\u00e9alis\u00e9 que si certaines personnes pouvaient commettre des actes aussi terribles contre l&rsquo;humanit\u00e9, il \u00e9tait de mon devoir de m&rsquo;y opposer. M\u00eame si je ne m&rsquo;attends pas \u00e0 vivre dans un monde o\u00f9 il n&rsquo;y a aucune injustice, en tant que franciscain, je ferai ce que je peux pour la combattre. M\u00eame aujourd&rsquo;hui, lorsque je parle aux Nations unies, je me souviens de cet incident. Non seulement je prie pour les victimes, mais je fais entendre leur voix : Je pense que c&rsquo;est la raison d&rsquo;\u00eatre de ma vocation.&nbsp;&nbsp;<\/p>\n\n\n\n<p><strong>Que d\u00e9fendez-vous et pourquoi ?&nbsp;<\/strong><\/p>\n\n\n\n<p>Nous plaidons en faveur d&rsquo;une plus grande transparence et d&rsquo;une plus grande prise de responsabilit\u00e9 du gouvernement, qui a la vie des gens ordinaires entre ses mains. C&rsquo;est particuli\u00e8rement important si nous voulons \u00e9liminer la corruption dans le syst\u00e8me politique. En tant que religieux et militants pour les droits humains, il est de notre devoir de les maintenir sur la bonne voie. <strong><em>Ils doivent savoir que quelqu&rsquo;un les observe.<\/em><\/strong> Je pense \u00e9galement qu&rsquo;il est important de rappeler aux gens qu&rsquo;ils ont le pouvoir de changer les choses. Le mouvement de l&rsquo;Aragalaya a contribu\u00e9 \u00e0 cela, car <strong><em>les gens ont compris qu&rsquo;ils avaient le pouvoir de protester et de demander des comptes au gouvernement s&rsquo;ils \u00e9taient unis.&nbsp;&nbsp;<\/em><\/strong><\/p>\n\n\n\n<p><strong>Dans le cadre de votre travail, vous \u00eates-vous d\u00e9j\u00e0 senti en danger, en particulier lorsque les autorit\u00e9s s&rsquo;en prennent aux d\u00e9fenseurs des droits humains ?&nbsp;&nbsp;<\/strong><\/p>\n\n\n\n<p>Dans le cadre de mon travail sur les attentats de P\u00e2ques, on m&rsquo;a rappel\u00e9 \u00e0 plusieurs reprises de faire attention \u00e0 mes activit\u00e9s, car nous exigeons du gouvernement qu&rsquo;il rende des comptes et qu&rsquo;il rende justice. J&rsquo;ai \u00e9galement particip\u00e9 aux manifestations de l&rsquo;Aragalaya, o\u00f9 j&rsquo;ai d\u00fb faire face \u00e0 des attaques au gaz lacrymog\u00e8ne ou \u00e0 l&rsquo;eau, mais ceci est assez courant. M\u00eame si jusqu&rsquo;\u00e0 pr\u00e9sent, je n&rsquo;ai pas re\u00e7u de menaces personnelles, je continue \u00e0 prendre des pr\u00e9cautions afin d\u2019\u00e9viter d&rsquo;\u00eatre pris pour cible.&nbsp;&nbsp;<\/p>\n\n\n\n<p><strong>&nbsp;Quelle est la r\u00e9alisation dont vous \u00eates le plus fier ?&nbsp;&nbsp;<\/strong><\/p>\n\n\n\n<p>Ce dont je suis le plus fier n&rsquo;est pas quelque chose d&rsquo;individuel, mais quelque chose que nous avons r\u00e9alis\u00e9 en tant que groupe. Apr\u00e8s les attentats du dimanche de P\u00e2ques, d&rsquo;autres chefs religieux du dioc\u00e8se de Colombo, comme le cardinal Malcolm Ranjith, ont demand\u00e9 une enqu\u00eate impartiale sur cette attaque, mais cela n&rsquo;a pas \u00e9t\u00e9 fait. Apr\u00e8s cet \u00e9chec, le cardinal a voulu porter la situation au niveau international, mais il ne disposait pas de v\u00e9ritables outils ou m\u00e9canismes. \u00c0 cette \u00e9poque, l&rsquo;\u00c9glise catholique sri-lankaise et lui-m\u00eame se sentaient d\u00e9sesp\u00e9r\u00e9s, tout comme les victimes. <strong><em>C&rsquo;est gr\u00e2ce \u00e0 l&rsquo;aide de Franciscans International que notre travail de terrain a finalement \u00e9t\u00e9 port\u00e9 au niveau international.<\/em><\/strong> En tant que Franciscains, nous avons une bonne r\u00e9putation et nous sommes respect\u00e9s &#8211; c&rsquo;est un excellent exemple de l&rsquo;efficacit\u00e9 de l&rsquo;unit\u00e9 d&rsquo;un groupe.&nbsp;&nbsp;<\/p>\n\n\n\n<p><strong>&nbsp;Comment voyez-vous l&rsquo;\u00e9volution du r\u00f4le des Franciscains au Sri Lanka ?&nbsp;&nbsp;&nbsp;<\/strong><\/p>\n\n\n\n<p>Nous avons toujours fait du travail caritatif, mais apr\u00e8s les attentats de P\u00e2ques, nous avons commenc\u00e9 \u00e0 mobiliser les gens, y compris d&rsquo;autres groupes franciscains. Depuis lors, nous ne nous contentons plus d&rsquo;agir seuls, mais nous collaborons avec l&rsquo;ensemble de la famille franciscaine, comme les Missionnaires franciscains de Marie ou les Fr\u00e8res capucins. Des groupes de la soci\u00e9t\u00e9 civile se sont \u00e9galement engag\u00e9s avec nous, en particulier apr\u00e8s l&rsquo;Aragayala. En outre, nous sommes d\u00e9sormais pr\u00e9sents au niveau international, de sorte que si certains groupes n&rsquo;ont pas n\u00e9cessairement acc\u00e8s aux Nations unies, nous pouvons les aider en portant leurs pr\u00e9occupations \u00e0 ce niveau. Enfin, la prochaine \u00e9tape consiste \u00e0 discuter de la mani\u00e8re dont nous continuerons \u00e0 travailler ensemble en tant que famille et \u00e0 \u00e9laborer des strat\u00e9gies pour d\u00e9fendre les droits humains.&nbsp;<\/p>\n\n\n\n<p class=\"has-small-font-size\">Il s&rsquo;agit d&rsquo;une traduction automatique. Nous nous excusons pour les erreurs qui auraient pu en r\u00e9sulter. En cas de divergence, la version anglaise fait foi.<\/p>\n","protected":false},"excerpt":{"rendered":"<p>Le Sri Lanka est marqu\u00e9 par des tensions et des affrontements ethniques de longue date. Bien que la guerre civile &#8230; <\/p>\n","protected":false},"author":3,"featured_media":398,"comment_status":"closed","ping_status":"closed","sticky":false,"template":"","format":"standard","meta":{"_relevanssi_hide_post":"","_relevanssi_hide_content":"","_relevanssi_pin_for_all":"","_relevanssi_pin_keywords":"","_relevanssi_unpin_keywords":"","_relevanssi_related_keywords":"","_relevanssi_related_include_ids":"","_relevanssi_related_exclude_ids":"","_relevanssi_related_no_append":"","_relevanssi_related_not_related":"","_relevanssi_related_posts":"297,247,382,267,283,309","_relevanssi_noindex_reason":"","_jetpack_memberships_contains_paid_content":false,"footnotes":""},"categories":[32,1],"tags":[11,7],"class_list":["post-397","post","type-post","status-publish","format-standard","has-post-thumbnail","hentry","category-les-franciscains-a-lonu","category-nouvelles","tag-famille-franciscaine","tag-programme-asie-pacifique"],"acf":[],"yoast_head":"<!-- This site is optimized with the Yoast SEO plugin v27.5 - https:\/\/yoast.com\/product\/yoast-seo-wordpress\/ -->\n<title>Les Franciscains au c\u0153ur de la protection des droits humains : P\u00e8re Patrick Perera OFM - Franciscans International (FR)<\/title>\n<meta name=\"robots\" content=\"index, follow, max-snippet:-1, max-image-preview:large, max-video-preview:-1\" \/>\n<link rel=\"canonical\" href=\"https:\/\/franciscansinternational.org\/fr\/les-franciscains-au-coeur-de-la-protection-des-droits-humains-pere-patrick-perera-ofm\/\" \/>\n<meta property=\"og:locale\" content=\"fr_FR\" \/>\n<meta property=\"og:type\" content=\"article\" \/>\n<meta property=\"og:title\" content=\"Les Franciscains au c\u0153ur de la protection des droits humains : P\u00e8re Patrick Perera OFM - Franciscans International (FR)\" \/>\n<meta property=\"og:description\" content=\"Le Sri Lanka est marqu\u00e9 par des tensions et des affrontements ethniques de longue date. Bien que la guerre civile ...\" \/>\n<meta property=\"og:url\" content=\"https:\/\/franciscansinternational.org\/fr\/les-franciscains-au-coeur-de-la-protection-des-droits-humains-pere-patrick-perera-ofm\/\" \/>\n<meta property=\"og:site_name\" content=\"Franciscans International (FR)\" \/>\n<meta property=\"article:publisher\" content=\"https:\/\/www.facebook.com\/FranciscansInternational\/\" \/>\n<meta property=\"article:published_time\" content=\"2023-09-15T11:52:42+00:00\" \/>\n<meta property=\"article:modified_time\" content=\"2023-10-26T09:06:20+00:00\" \/>\n<meta property=\"og:image\" content=\"https:\/\/franciscansinternational.org\/fr\/wp-content\/uploads\/sites\/6\/2023\/09\/Patrick_banner.jpg\" \/>\n\t<meta property=\"og:image:width\" content=\"2000\" \/>\n\t<meta property=\"og:image:height\" content=\"1250\" \/>\n\t<meta property=\"og:image:type\" content=\"image\/jpeg\" \/>\n<meta name=\"author\" content=\"communications\" \/>\n<meta name=\"twitter:card\" content=\"summary_large_image\" \/>\n<meta name=\"twitter:creator\" content=\"@FranciscansIntl\" \/>\n<meta name=\"twitter:site\" content=\"@FranciscansIntl\" \/>\n<meta name=\"twitter:label1\" content=\"\u00c9crit par\" \/>\n\t<meta name=\"twitter:data1\" content=\"communications\" \/>\n\t<meta name=\"twitter:label2\" content=\"Dur\u00e9e de lecture estim\u00e9e\" \/>\n\t<meta name=\"twitter:data2\" content=\"6 minutes\" \/>\n<script type=\"application\/ld+json\" class=\"yoast-schema-graph\">{\"@context\":\"https:\\\/\\\/schema.org\",\"@graph\":[{\"@type\":\"Article\",\"@id\":\"https:\\\/\\\/franciscansinternational.org\\\/fr\\\/les-franciscains-au-coeur-de-la-protection-des-droits-humains-pere-patrick-perera-ofm\\\/#article\",\"isPartOf\":{\"@id\":\"https:\\\/\\\/franciscansinternational.org\\\/fr\\\/les-franciscains-au-coeur-de-la-protection-des-droits-humains-pere-patrick-perera-ofm\\\/\"},\"author\":{\"name\":\"communications\",\"@id\":\"https:\\\/\\\/franciscansinternational.org\\\/fr\\\/#\\\/schema\\\/person\\\/f398f02712a9dcab7603295bc1ea94e4\"},\"headline\":\"Les Franciscains au c\u0153ur de la protection des droits humains : P\u00e8re Patrick Perera OFM\",\"datePublished\":\"2023-09-15T11:52:42+00:00\",\"dateModified\":\"2023-10-26T09:06:20+00:00\",\"mainEntityOfPage\":{\"@id\":\"https:\\\/\\\/franciscansinternational.org\\\/fr\\\/les-franciscains-au-coeur-de-la-protection-des-droits-humains-pere-patrick-perera-ofm\\\/\"},\"wordCount\":1250,\"publisher\":{\"@id\":\"https:\\\/\\\/franciscansinternational.org\\\/fr\\\/#organization\"},\"image\":{\"@id\":\"https:\\\/\\\/franciscansinternational.org\\\/fr\\\/les-franciscains-au-coeur-de-la-protection-des-droits-humains-pere-patrick-perera-ofm\\\/#primaryimage\"},\"thumbnailUrl\":\"https:\\\/\\\/franciscansinternational.org\\\/fr\\\/wp-content\\\/uploads\\\/sites\\\/6\\\/2023\\\/09\\\/Patrick_banner.jpg\",\"keywords\":[\"Famille franciscaine\",\"Programme Asie-Pacifique\"],\"articleSection\":[\"Les franciscains \u00e0 l\u2019ONU\",\"Nouvelles\"],\"inLanguage\":\"fr-FR\"},{\"@type\":\"WebPage\",\"@id\":\"https:\\\/\\\/franciscansinternational.org\\\/fr\\\/les-franciscains-au-coeur-de-la-protection-des-droits-humains-pere-patrick-perera-ofm\\\/\",\"url\":\"https:\\\/\\\/franciscansinternational.org\\\/fr\\\/les-franciscains-au-coeur-de-la-protection-des-droits-humains-pere-patrick-perera-ofm\\\/\",\"name\":\"Les Franciscains au c\u0153ur de la protection des droits humains : P\u00e8re Patrick Perera OFM - Franciscans International (FR)\",\"isPartOf\":{\"@id\":\"https:\\\/\\\/franciscansinternational.org\\\/fr\\\/#website\"},\"primaryImageOfPage\":{\"@id\":\"https:\\\/\\\/franciscansinternational.org\\\/fr\\\/les-franciscains-au-coeur-de-la-protection-des-droits-humains-pere-patrick-perera-ofm\\\/#primaryimage\"},\"image\":{\"@id\":\"https:\\\/\\\/franciscansinternational.org\\\/fr\\\/les-franciscains-au-coeur-de-la-protection-des-droits-humains-pere-patrick-perera-ofm\\\/#primaryimage\"},\"thumbnailUrl\":\"https:\\\/\\\/franciscansinternational.org\\\/fr\\\/wp-content\\\/uploads\\\/sites\\\/6\\\/2023\\\/09\\\/Patrick_banner.jpg\",\"datePublished\":\"2023-09-15T11:52:42+00:00\",\"dateModified\":\"2023-10-26T09:06:20+00:00\",\"breadcrumb\":{\"@id\":\"https:\\\/\\\/franciscansinternational.org\\\/fr\\\/les-franciscains-au-coeur-de-la-protection-des-droits-humains-pere-patrick-perera-ofm\\\/#breadcrumb\"},\"inLanguage\":\"fr-FR\",\"potentialAction\":[{\"@type\":\"ReadAction\",\"target\":[\"https:\\\/\\\/franciscansinternational.org\\\/fr\\\/les-franciscains-au-coeur-de-la-protection-des-droits-humains-pere-patrick-perera-ofm\\\/\"]}]},{\"@type\":\"ImageObject\",\"inLanguage\":\"fr-FR\",\"@id\":\"https:\\\/\\\/franciscansinternational.org\\\/fr\\\/les-franciscains-au-coeur-de-la-protection-des-droits-humains-pere-patrick-perera-ofm\\\/#primaryimage\",\"url\":\"https:\\\/\\\/franciscansinternational.org\\\/fr\\\/wp-content\\\/uploads\\\/sites\\\/6\\\/2023\\\/09\\\/Patrick_banner.jpg\",\"contentUrl\":\"https:\\\/\\\/franciscansinternational.org\\\/fr\\\/wp-content\\\/uploads\\\/sites\\\/6\\\/2023\\\/09\\\/Patrick_banner.jpg\",\"width\":2000,\"height\":1250},{\"@type\":\"BreadcrumbList\",\"@id\":\"https:\\\/\\\/franciscansinternational.org\\\/fr\\\/les-franciscains-au-coeur-de-la-protection-des-droits-humains-pere-patrick-perera-ofm\\\/#breadcrumb\",\"itemListElement\":[{\"@type\":\"ListItem\",\"position\":1,\"name\":\"Home\",\"item\":\"https:\\\/\\\/franciscansinternational.org\\\/fr\\\/\"},{\"@type\":\"ListItem\",\"position\":2,\"name\":\"Les Franciscains au c\u0153ur de la protection des droits humains : P\u00e8re Patrick Perera OFM\"}]},{\"@type\":\"WebSite\",\"@id\":\"https:\\\/\\\/franciscansinternational.org\\\/fr\\\/#website\",\"url\":\"https:\\\/\\\/franciscansinternational.org\\\/fr\\\/\",\"name\":\"Franciscans International (FR)\",\"description\":\"\",\"publisher\":{\"@id\":\"https:\\\/\\\/franciscansinternational.org\\\/fr\\\/#organization\"},\"potentialAction\":[{\"@type\":\"SearchAction\",\"target\":{\"@type\":\"EntryPoint\",\"urlTemplate\":\"https:\\\/\\\/franciscansinternational.org\\\/fr\\\/?s={search_term_string}\"},\"query-input\":{\"@type\":\"PropertyValueSpecification\",\"valueRequired\":true,\"valueName\":\"search_term_string\"}}],\"inLanguage\":\"fr-FR\"},{\"@type\":\"Organization\",\"@id\":\"https:\\\/\\\/franciscansinternational.org\\\/fr\\\/#organization\",\"name\":\"Franciscans International (FR)\",\"url\":\"https:\\\/\\\/franciscansinternational.org\\\/fr\\\/\",\"logo\":{\"@type\":\"ImageObject\",\"inLanguage\":\"fr-FR\",\"@id\":\"https:\\\/\\\/franciscansinternational.org\\\/fr\\\/#\\\/schema\\\/logo\\\/image\\\/\",\"url\":\"https:\\\/\\\/franciscansinternational.org\\\/wp-content\\\/uploads\\\/sites\\\/6\\\/2023\\\/05\\\/logo-3.png\",\"contentUrl\":\"https:\\\/\\\/franciscansinternational.org\\\/wp-content\\\/uploads\\\/sites\\\/6\\\/2023\\\/05\\\/logo-3.png\",\"width\":1200,\"height\":205,\"caption\":\"Franciscans International (FR)\"},\"image\":{\"@id\":\"https:\\\/\\\/franciscansinternational.org\\\/fr\\\/#\\\/schema\\\/logo\\\/image\\\/\"},\"sameAs\":[\"https:\\\/\\\/www.facebook.com\\\/FranciscansInternational\\\/\",\"https:\\\/\\\/x.com\\\/FranciscansIntl\",\"https:\\\/\\\/www.youtube.com\\\/channel\\\/UCexu0i-fWB4wwrlPMCz8_Zg\"]},{\"@type\":\"Person\",\"@id\":\"https:\\\/\\\/franciscansinternational.org\\\/fr\\\/#\\\/schema\\\/person\\\/f398f02712a9dcab7603295bc1ea94e4\",\"name\":\"communications\",\"image\":{\"@type\":\"ImageObject\",\"inLanguage\":\"fr-FR\",\"@id\":\"https:\\\/\\\/secure.gravatar.com\\\/avatar\\\/0b4a62226a9b4f7ce621ec49ca40be1e77d886a42ca84b8a0b0697e9ec17dd63?s=96&d=mm&r=g\",\"url\":\"https:\\\/\\\/secure.gravatar.com\\\/avatar\\\/0b4a62226a9b4f7ce621ec49ca40be1e77d886a42ca84b8a0b0697e9ec17dd63?s=96&d=mm&r=g\",\"contentUrl\":\"https:\\\/\\\/secure.gravatar.com\\\/avatar\\\/0b4a62226a9b4f7ce621ec49ca40be1e77d886a42ca84b8a0b0697e9ec17dd63?s=96&d=mm&r=g\",\"caption\":\"communications\"},\"url\":\"https:\\\/\\\/franciscansinternational.org\\\/fr\\\/author\\\/communications\\\/\"}]}<\/script>\n<!-- \/ Yoast SEO plugin. -->","yoast_head_json":{"title":"Les Franciscains au c\u0153ur de la protection des droits humains : P\u00e8re Patrick Perera OFM - Franciscans International (FR)","robots":{"index":"index","follow":"follow","max-snippet":"max-snippet:-1","max-image-preview":"max-image-preview:large","max-video-preview":"max-video-preview:-1"},"canonical":"https:\/\/franciscansinternational.org\/fr\/les-franciscains-au-coeur-de-la-protection-des-droits-humains-pere-patrick-perera-ofm\/","og_locale":"fr_FR","og_type":"article","og_title":"Les Franciscains au c\u0153ur de la protection des droits humains : P\u00e8re Patrick Perera OFM - Franciscans International (FR)","og_description":"Le Sri Lanka est marqu\u00e9 par des tensions et des affrontements ethniques de longue date. Bien que la guerre civile ...","og_url":"https:\/\/franciscansinternational.org\/fr\/les-franciscains-au-coeur-de-la-protection-des-droits-humains-pere-patrick-perera-ofm\/","og_site_name":"Franciscans International (FR)","article_publisher":"https:\/\/www.facebook.com\/FranciscansInternational\/","article_published_time":"2023-09-15T11:52:42+00:00","article_modified_time":"2023-10-26T09:06:20+00:00","og_image":[{"width":2000,"height":1250,"url":"https:\/\/franciscansinternational.org\/fr\/wp-content\/uploads\/sites\/6\/2023\/09\/Patrick_banner.jpg","type":"image\/jpeg"}],"author":"communications","twitter_card":"summary_large_image","twitter_creator":"@FranciscansIntl","twitter_site":"@FranciscansIntl","twitter_misc":{"\u00c9crit par":"communications","Dur\u00e9e de lecture estim\u00e9e":"6 minutes"},"schema":{"@context":"https:\/\/schema.org","@graph":[{"@type":"Article","@id":"https:\/\/franciscansinternational.org\/fr\/les-franciscains-au-coeur-de-la-protection-des-droits-humains-pere-patrick-perera-ofm\/#article","isPartOf":{"@id":"https:\/\/franciscansinternational.org\/fr\/les-franciscains-au-coeur-de-la-protection-des-droits-humains-pere-patrick-perera-ofm\/"},"author":{"name":"communications","@id":"https:\/\/franciscansinternational.org\/fr\/#\/schema\/person\/f398f02712a9dcab7603295bc1ea94e4"},"headline":"Les Franciscains au c\u0153ur de la protection des droits humains : P\u00e8re Patrick Perera OFM","datePublished":"2023-09-15T11:52:42+00:00","dateModified":"2023-10-26T09:06:20+00:00","mainEntityOfPage":{"@id":"https:\/\/franciscansinternational.org\/fr\/les-franciscains-au-coeur-de-la-protection-des-droits-humains-pere-patrick-perera-ofm\/"},"wordCount":1250,"publisher":{"@id":"https:\/\/franciscansinternational.org\/fr\/#organization"},"image":{"@id":"https:\/\/franciscansinternational.org\/fr\/les-franciscains-au-coeur-de-la-protection-des-droits-humains-pere-patrick-perera-ofm\/#primaryimage"},"thumbnailUrl":"https:\/\/franciscansinternational.org\/fr\/wp-content\/uploads\/sites\/6\/2023\/09\/Patrick_banner.jpg","keywords":["Famille franciscaine","Programme Asie-Pacifique"],"articleSection":["Les franciscains \u00e0 l\u2019ONU","Nouvelles"],"inLanguage":"fr-FR"},{"@type":"WebPage","@id":"https:\/\/franciscansinternational.org\/fr\/les-franciscains-au-coeur-de-la-protection-des-droits-humains-pere-patrick-perera-ofm\/","url":"https:\/\/franciscansinternational.org\/fr\/les-franciscains-au-coeur-de-la-protection-des-droits-humains-pere-patrick-perera-ofm\/","name":"Les Franciscains au c\u0153ur de la protection des droits humains : P\u00e8re Patrick Perera OFM - Franciscans International (FR)","isPartOf":{"@id":"https:\/\/franciscansinternational.org\/fr\/#website"},"primaryImageOfPage":{"@id":"https:\/\/franciscansinternational.org\/fr\/les-franciscains-au-coeur-de-la-protection-des-droits-humains-pere-patrick-perera-ofm\/#primaryimage"},"image":{"@id":"https:\/\/franciscansinternational.org\/fr\/les-franciscains-au-coeur-de-la-protection-des-droits-humains-pere-patrick-perera-ofm\/#primaryimage"},"thumbnailUrl":"https:\/\/franciscansinternational.org\/fr\/wp-content\/uploads\/sites\/6\/2023\/09\/Patrick_banner.jpg","datePublished":"2023-09-15T11:52:42+00:00","dateModified":"2023-10-26T09:06:20+00:00","breadcrumb":{"@id":"https:\/\/franciscansinternational.org\/fr\/les-franciscains-au-coeur-de-la-protection-des-droits-humains-pere-patrick-perera-ofm\/#breadcrumb"},"inLanguage":"fr-FR","potentialAction":[{"@type":"ReadAction","target":["https:\/\/franciscansinternational.org\/fr\/les-franciscains-au-coeur-de-la-protection-des-droits-humains-pere-patrick-perera-ofm\/"]}]},{"@type":"ImageObject","inLanguage":"fr-FR","@id":"https:\/\/franciscansinternational.org\/fr\/les-franciscains-au-coeur-de-la-protection-des-droits-humains-pere-patrick-perera-ofm\/#primaryimage","url":"https:\/\/franciscansinternational.org\/fr\/wp-content\/uploads\/sites\/6\/2023\/09\/Patrick_banner.jpg","contentUrl":"https:\/\/franciscansinternational.org\/fr\/wp-content\/uploads\/sites\/6\/2023\/09\/Patrick_banner.jpg","width":2000,"height":1250},{"@type":"BreadcrumbList","@id":"https:\/\/franciscansinternational.org\/fr\/les-franciscains-au-coeur-de-la-protection-des-droits-humains-pere-patrick-perera-ofm\/#breadcrumb","itemListElement":[{"@type":"ListItem","position":1,"name":"Home","item":"https:\/\/franciscansinternational.org\/fr\/"},{"@type":"ListItem","position":2,"name":"Les Franciscains au c\u0153ur de la protection des droits humains : P\u00e8re Patrick Perera OFM"}]},{"@type":"WebSite","@id":"https:\/\/franciscansinternational.org\/fr\/#website","url":"https:\/\/franciscansinternational.org\/fr\/","name":"Franciscans International (FR)","description":"","publisher":{"@id":"https:\/\/franciscansinternational.org\/fr\/#organization"},"potentialAction":[{"@type":"SearchAction","target":{"@type":"EntryPoint","urlTemplate":"https:\/\/franciscansinternational.org\/fr\/?s={search_term_string}"},"query-input":{"@type":"PropertyValueSpecification","valueRequired":true,"valueName":"search_term_string"}}],"inLanguage":"fr-FR"},{"@type":"Organization","@id":"https:\/\/franciscansinternational.org\/fr\/#organization","name":"Franciscans International (FR)","url":"https:\/\/franciscansinternational.org\/fr\/","logo":{"@type":"ImageObject","inLanguage":"fr-FR","@id":"https:\/\/franciscansinternational.org\/fr\/#\/schema\/logo\/image\/","url":"https:\/\/franciscansinternational.org\/wp-content\/uploads\/sites\/6\/2023\/05\/logo-3.png","contentUrl":"https:\/\/franciscansinternational.org\/wp-content\/uploads\/sites\/6\/2023\/05\/logo-3.png","width":1200,"height":205,"caption":"Franciscans International (FR)"},"image":{"@id":"https:\/\/franciscansinternational.org\/fr\/#\/schema\/logo\/image\/"},"sameAs":["https:\/\/www.facebook.com\/FranciscansInternational\/","https:\/\/x.com\/FranciscansIntl","https:\/\/www.youtube.com\/channel\/UCexu0i-fWB4wwrlPMCz8_Zg"]},{"@type":"Person","@id":"https:\/\/franciscansinternational.org\/fr\/#\/schema\/person\/f398f02712a9dcab7603295bc1ea94e4","name":"communications","image":{"@type":"ImageObject","inLanguage":"fr-FR","@id":"https:\/\/secure.gravatar.com\/avatar\/0b4a62226a9b4f7ce621ec49ca40be1e77d886a42ca84b8a0b0697e9ec17dd63?s=96&d=mm&r=g","url":"https:\/\/secure.gravatar.com\/avatar\/0b4a62226a9b4f7ce621ec49ca40be1e77d886a42ca84b8a0b0697e9ec17dd63?s=96&d=mm&r=g","contentUrl":"https:\/\/secure.gravatar.com\/avatar\/0b4a62226a9b4f7ce621ec49ca40be1e77d886a42ca84b8a0b0697e9ec17dd63?s=96&d=mm&r=g","caption":"communications"},"url":"https:\/\/franciscansinternational.org\/fr\/author\/communications\/"}]}},"jetpack_featured_media_url":"https:\/\/franciscansinternational.org\/fr\/wp-content\/uploads\/sites\/6\/2023\/09\/Patrick_banner.jpg","jetpack_sharing_enabled":true,"_links":{"self":[{"href":"https:\/\/franciscansinternational.org\/fr\/wp-json\/wp\/v2\/posts\/397","targetHints":{"allow":["GET"]}}],"collection":[{"href":"https:\/\/franciscansinternational.org\/fr\/wp-json\/wp\/v2\/posts"}],"about":[{"href":"https:\/\/franciscansinternational.org\/fr\/wp-json\/wp\/v2\/types\/post"}],"author":[{"embeddable":true,"href":"https:\/\/franciscansinternational.org\/fr\/wp-json\/wp\/v2\/users\/3"}],"replies":[{"embeddable":true,"href":"https:\/\/franciscansinternational.org\/fr\/wp-json\/wp\/v2\/comments?post=397"}],"version-history":[{"count":7,"href":"https:\/\/franciscansinternational.org\/fr\/wp-json\/wp\/v2\/posts\/397\/revisions"}],"predecessor-version":[{"id":430,"href":"https:\/\/franciscansinternational.org\/fr\/wp-json\/wp\/v2\/posts\/397\/revisions\/430"}],"wp:featuredmedia":[{"embeddable":true,"href":"https:\/\/franciscansinternational.org\/fr\/wp-json\/wp\/v2\/media\/398"}],"wp:attachment":[{"href":"https:\/\/franciscansinternational.org\/fr\/wp-json\/wp\/v2\/media?parent=397"}],"wp:term":[{"taxonomy":"category","embeddable":true,"href":"https:\/\/franciscansinternational.org\/fr\/wp-json\/wp\/v2\/categories?post=397"},{"taxonomy":"post_tag","embeddable":true,"href":"https:\/\/franciscansinternational.org\/fr\/wp-json\/wp\/v2\/tags?post=397"}],"curies":[{"name":"wp","href":"https:\/\/api.w.org\/{rel}","templated":true}]}}