{"id":590,"date":"2024-04-25T07:24:09","date_gmt":"2024-04-25T07:24:09","guid":{"rendered":"https:\/\/franciscansinternational.org\/fr\/?p=590"},"modified":"2024-04-25T09:41:32","modified_gmt":"2024-04-25T09:41:32","slug":"franciscans-se-prepare-a-lexamen-periodique-universel-de-litalie","status":"publish","type":"post","link":"https:\/\/franciscansinternational.org\/fr\/franciscans-se-prepare-a-lexamen-periodique-universel-de-litalie\/","title":{"rendered":"Franciscans se pr\u00e9pare \u00e0 l&rsquo;examen p\u00e9riodique universel de l&rsquo;Italie"},"content":{"rendered":"\n<p>Franciscans International a r\u00e9cemment organis\u00e9 un premier atelier dans le cadre de son nouveau programme r\u00e9gional europ\u00e9en avant l&rsquo;examen p\u00e9riodique universel (EPU) de l&rsquo;Italie. Les 18 et 19 avril, neuf s\u0153urs et fr\u00e8res se sont r\u00e9unis \u00e0 Assise pour faire le point sur les questions relatives aux droits de l&rsquo;homme qu&rsquo;ils traitent d\u00e9j\u00e0 dans le cadre de leurs activit\u00e9s locales et sur la mani\u00e8re dont ils pourraient b\u00e9n\u00e9ficier d&rsquo;un plaidoyer aupr\u00e8s des Nations unies.<\/p>\n\n\n\n<p>Au cours de l&rsquo;atelier, les participants ont identifi\u00e9 quatre questions : les droits des prisonniers, l&rsquo;acc\u00e8s aux services de sant\u00e9 publique dans les zones d\u00e9favoris\u00e9es, la protection des for\u00eats italiennes et les droits des migrants. Les Franciscains travaillent d\u00e9j\u00e0 \u00e0 l&rsquo;am\u00e9lioration de la situation des communaut\u00e9s affect\u00e9es, et il y a eu un large consensus sur le fait que ce travail de justice et de paix pourrait \u00eatre compl\u00e9t\u00e9 et amplifi\u00e9 par l&rsquo;approche de FI bas\u00e9e sur les droits \u00e0 l&rsquo;ONU.<\/p>\n\n\n\n<p>Dans le cadre de l&rsquo;EPU, les \u00c9tats membres de l&rsquo;ONU examinent \u00e0 tour de r\u00f4le le bilan de chacun en mati\u00e8re de droits de l&rsquo;homme. Au cours de ce processus, ils peuvent formuler des recommandations en vue d&rsquo;am\u00e9liorer et de r\u00e9soudre les probl\u00e8mes existants. \u00c0 la fin de ce processus, le pays examin\u00e9 est cens\u00e9 fournir un cadre de mise en \u0153uvre pour les engagements qu&rsquo;il prend, en \u00e9tablissant des crit\u00e8res concrets pour mesurer les progr\u00e8s accomplis. Dans le cadre de l&rsquo;EPU, les Nations unies invitent \u00e9galement les organisations de la soci\u00e9t\u00e9 civile \u00e0 soumettre des rapports, ce qui permet de mettre en lumi\u00e8re des questions relatives aux droits de l&rsquo;homme qui n&rsquo;ont pas fait l&rsquo;objet d&rsquo;un rapport. FI a d\u00e9j\u00e0 soumis des rapports pour les examens de 2009 et 2014 de l&rsquo;Italie.<\/p>\n\n\n\n<p>Dans une prochaine \u00e9tape, les Franciscains d&rsquo;Italie consolideront les informations gr\u00e2ce \u00e0 de nouveaux \u00e9changes entre eux et avec FI pour former la base d&rsquo;un nouveau rapport qui sera soumis en juillet. L&rsquo;examen de l&rsquo;Italie est pr\u00e9vu pour janvier 2025.<\/p>\n\n\n\n<p><\/p>\n\n\n\n<blockquote class=\"wp-block-quote has-small-font-size is-layout-flow wp-block-quote-is-layout-flow\">\n<p>Il s&rsquo;agit d&rsquo;une traduction automatique. Nous nous excusons pour les erreurs qui auraient pu en r\u00e9sulter. En cas de divergence, la version anglaise fait foi.<\/p>\n<\/blockquote>\n","protected":false},"excerpt":{"rendered":"<p>Franciscans International a r\u00e9cemment organis\u00e9 un premier atelier dans le cadre de son nouveau programme r\u00e9gional europ\u00e9en avant l&rsquo;examen p\u00e9riodique &#8230; <\/p>\n","protected":false},"author":3,"featured_media":594,"comment_status":"closed","ping_status":"closed","sticky":false,"template":"","format":"standard","meta":{"_relevanssi_hide_post":"","_relevanssi_hide_content":"","_relevanssi_pin_for_all":"","_relevanssi_pin_keywords":"","_relevanssi_unpin_keywords":"","_relevanssi_related_keywords":"","_relevanssi_related_include_ids":"","_relevanssi_related_exclude_ids":"","_relevanssi_related_no_append":"","_relevanssi_related_not_related":"","_relevanssi_related_posts":"174,368,353,375,178,217","_relevanssi_noindex_reason":"","_jetpack_memberships_contains_paid_content":false,"footnotes":""},"categories":[1],"tags":[9,10],"class_list":["post-590","post","type-post","status-publish","format-standard","has-post-thumbnail","hentry","category-nouvelles","tag-egale-dignite","tag-programme-europe"],"acf":[],"yoast_head":"<!-- This site is optimized with the Yoast SEO plugin v27.5 - https:\/\/yoast.com\/product\/yoast-seo-wordpress\/ -->\n<title>Franciscans se pr\u00e9pare \u00e0 l&#039;examen p\u00e9riodique universel de l&#039;Italie - Franciscans International (FR)<\/title>\n<meta name=\"robots\" content=\"index, follow, max-snippet:-1, max-image-preview:large, max-video-preview:-1\" \/>\n<link rel=\"canonical\" href=\"https:\/\/franciscansinternational.org\/fr\/franciscans-se-prepare-a-lexamen-periodique-universel-de-litalie\/\" \/>\n<meta property=\"og:locale\" content=\"fr_FR\" \/>\n<meta property=\"og:type\" content=\"article\" \/>\n<meta property=\"og:title\" content=\"Franciscans se pr\u00e9pare \u00e0 l&#039;examen p\u00e9riodique universel de l&#039;Italie - Franciscans International (FR)\" \/>\n<meta property=\"og:description\" content=\"Franciscans International a r\u00e9cemment organis\u00e9 un premier atelier dans le cadre de son nouveau programme r\u00e9gional europ\u00e9en avant l&rsquo;examen p\u00e9riodique ...\" \/>\n<meta property=\"og:url\" content=\"https:\/\/franciscansinternational.org\/fr\/franciscans-se-prepare-a-lexamen-periodique-universel-de-litalie\/\" \/>\n<meta property=\"og:site_name\" content=\"Franciscans International (FR)\" \/>\n<meta property=\"article:publisher\" content=\"https:\/\/www.facebook.com\/FranciscansInternational\/\" \/>\n<meta property=\"article:published_time\" content=\"2024-04-25T07:24:09+00:00\" \/>\n<meta property=\"article:modified_time\" content=\"2024-04-25T09:41:32+00:00\" \/>\n<meta property=\"og:image\" content=\"https:\/\/franciscansinternational.org\/fr\/wp-content\/uploads\/sites\/6\/2024\/04\/UPR_AssisiWorkshop_April2024.jpg\" \/>\n\t<meta property=\"og:image:width\" content=\"2500\" \/>\n\t<meta property=\"og:image:height\" content=\"1316\" \/>\n\t<meta property=\"og:image:type\" content=\"image\/jpeg\" \/>\n<meta name=\"author\" content=\"communications\" \/>\n<meta name=\"twitter:card\" content=\"summary_large_image\" \/>\n<meta name=\"twitter:creator\" content=\"@FranciscansIntl\" \/>\n<meta name=\"twitter:site\" content=\"@FranciscansIntl\" \/>\n<meta name=\"twitter:label1\" content=\"\u00c9crit par\" \/>\n\t<meta name=\"twitter:data1\" content=\"communications\" \/>\n\t<meta name=\"twitter:label2\" content=\"Dur\u00e9e de lecture estim\u00e9e\" \/>\n\t<meta name=\"twitter:data2\" content=\"2 minutes\" \/>\n<script type=\"application\/ld+json\" class=\"yoast-schema-graph\">{\"@context\":\"https:\\\/\\\/schema.org\",\"@graph\":[{\"@type\":\"Article\",\"@id\":\"https:\\\/\\\/franciscansinternational.org\\\/fr\\\/franciscans-se-prepare-a-lexamen-periodique-universel-de-litalie\\\/#article\",\"isPartOf\":{\"@id\":\"https:\\\/\\\/franciscansinternational.org\\\/fr\\\/franciscans-se-prepare-a-lexamen-periodique-universel-de-litalie\\\/\"},\"author\":{\"name\":\"communications\",\"@id\":\"https:\\\/\\\/franciscansinternational.org\\\/fr\\\/#\\\/schema\\\/person\\\/f398f02712a9dcab7603295bc1ea94e4\"},\"headline\":\"Franciscans se pr\u00e9pare \u00e0 l&rsquo;examen p\u00e9riodique universel de l&rsquo;Italie\",\"datePublished\":\"2024-04-25T07:24:09+00:00\",\"dateModified\":\"2024-04-25T09:41:32+00:00\",\"mainEntityOfPage\":{\"@id\":\"https:\\\/\\\/franciscansinternational.org\\\/fr\\\/franciscans-se-prepare-a-lexamen-periodique-universel-de-litalie\\\/\"},\"wordCount\":415,\"publisher\":{\"@id\":\"https:\\\/\\\/franciscansinternational.org\\\/fr\\\/#organization\"},\"image\":{\"@id\":\"https:\\\/\\\/franciscansinternational.org\\\/fr\\\/franciscans-se-prepare-a-lexamen-periodique-universel-de-litalie\\\/#primaryimage\"},\"thumbnailUrl\":\"https:\\\/\\\/franciscansinternational.org\\\/fr\\\/wp-content\\\/uploads\\\/sites\\\/6\\\/2024\\\/04\\\/UPR_AssisiWorkshop_April2024.jpg\",\"keywords\":[\"\u00c9gale dignit\u00e9\",\"Programme Europe\"],\"articleSection\":[\"Nouvelles\"],\"inLanguage\":\"fr-FR\"},{\"@type\":\"WebPage\",\"@id\":\"https:\\\/\\\/franciscansinternational.org\\\/fr\\\/franciscans-se-prepare-a-lexamen-periodique-universel-de-litalie\\\/\",\"url\":\"https:\\\/\\\/franciscansinternational.org\\\/fr\\\/franciscans-se-prepare-a-lexamen-periodique-universel-de-litalie\\\/\",\"name\":\"Franciscans se pr\u00e9pare \u00e0 l'examen p\u00e9riodique universel de l'Italie - Franciscans International (FR)\",\"isPartOf\":{\"@id\":\"https:\\\/\\\/franciscansinternational.org\\\/fr\\\/#website\"},\"primaryImageOfPage\":{\"@id\":\"https:\\\/\\\/franciscansinternational.org\\\/fr\\\/franciscans-se-prepare-a-lexamen-periodique-universel-de-litalie\\\/#primaryimage\"},\"image\":{\"@id\":\"https:\\\/\\\/franciscansinternational.org\\\/fr\\\/franciscans-se-prepare-a-lexamen-periodique-universel-de-litalie\\\/#primaryimage\"},\"thumbnailUrl\":\"https:\\\/\\\/franciscansinternational.org\\\/fr\\\/wp-content\\\/uploads\\\/sites\\\/6\\\/2024\\\/04\\\/UPR_AssisiWorkshop_April2024.jpg\",\"datePublished\":\"2024-04-25T07:24:09+00:00\",\"dateModified\":\"2024-04-25T09:41:32+00:00\",\"breadcrumb\":{\"@id\":\"https:\\\/\\\/franciscansinternational.org\\\/fr\\\/franciscans-se-prepare-a-lexamen-periodique-universel-de-litalie\\\/#breadcrumb\"},\"inLanguage\":\"fr-FR\",\"potentialAction\":[{\"@type\":\"ReadAction\",\"target\":[\"https:\\\/\\\/franciscansinternational.org\\\/fr\\\/franciscans-se-prepare-a-lexamen-periodique-universel-de-litalie\\\/\"]}]},{\"@type\":\"ImageObject\",\"inLanguage\":\"fr-FR\",\"@id\":\"https:\\\/\\\/franciscansinternational.org\\\/fr\\\/franciscans-se-prepare-a-lexamen-periodique-universel-de-litalie\\\/#primaryimage\",\"url\":\"https:\\\/\\\/franciscansinternational.org\\\/fr\\\/wp-content\\\/uploads\\\/sites\\\/6\\\/2024\\\/04\\\/UPR_AssisiWorkshop_April2024.jpg\",\"contentUrl\":\"https:\\\/\\\/franciscansinternational.org\\\/fr\\\/wp-content\\\/uploads\\\/sites\\\/6\\\/2024\\\/04\\\/UPR_AssisiWorkshop_April2024.jpg\",\"width\":2500,\"height\":1316},{\"@type\":\"BreadcrumbList\",\"@id\":\"https:\\\/\\\/franciscansinternational.org\\\/fr\\\/franciscans-se-prepare-a-lexamen-periodique-universel-de-litalie\\\/#breadcrumb\",\"itemListElement\":[{\"@type\":\"ListItem\",\"position\":1,\"name\":\"Home\",\"item\":\"https:\\\/\\\/franciscansinternational.org\\\/fr\\\/\"},{\"@type\":\"ListItem\",\"position\":2,\"name\":\"Franciscans se pr\u00e9pare \u00e0 l&rsquo;examen p\u00e9riodique universel de l&rsquo;Italie\"}]},{\"@type\":\"WebSite\",\"@id\":\"https:\\\/\\\/franciscansinternational.org\\\/fr\\\/#website\",\"url\":\"https:\\\/\\\/franciscansinternational.org\\\/fr\\\/\",\"name\":\"Franciscans International (FR)\",\"description\":\"\",\"publisher\":{\"@id\":\"https:\\\/\\\/franciscansinternational.org\\\/fr\\\/#organization\"},\"potentialAction\":[{\"@type\":\"SearchAction\",\"target\":{\"@type\":\"EntryPoint\",\"urlTemplate\":\"https:\\\/\\\/franciscansinternational.org\\\/fr\\\/?s={search_term_string}\"},\"query-input\":{\"@type\":\"PropertyValueSpecification\",\"valueRequired\":true,\"valueName\":\"search_term_string\"}}],\"inLanguage\":\"fr-FR\"},{\"@type\":\"Organization\",\"@id\":\"https:\\\/\\\/franciscansinternational.org\\\/fr\\\/#organization\",\"name\":\"Franciscans International (FR)\",\"url\":\"https:\\\/\\\/franciscansinternational.org\\\/fr\\\/\",\"logo\":{\"@type\":\"ImageObject\",\"inLanguage\":\"fr-FR\",\"@id\":\"https:\\\/\\\/franciscansinternational.org\\\/fr\\\/#\\\/schema\\\/logo\\\/image\\\/\",\"url\":\"https:\\\/\\\/franciscansinternational.org\\\/wp-content\\\/uploads\\\/sites\\\/6\\\/2023\\\/05\\\/logo-3.png\",\"contentUrl\":\"https:\\\/\\\/franciscansinternational.org\\\/wp-content\\\/uploads\\\/sites\\\/6\\\/2023\\\/05\\\/logo-3.png\",\"width\":1200,\"height\":205,\"caption\":\"Franciscans International (FR)\"},\"image\":{\"@id\":\"https:\\\/\\\/franciscansinternational.org\\\/fr\\\/#\\\/schema\\\/logo\\\/image\\\/\"},\"sameAs\":[\"https:\\\/\\\/www.facebook.com\\\/FranciscansInternational\\\/\",\"https:\\\/\\\/x.com\\\/FranciscansIntl\",\"https:\\\/\\\/www.youtube.com\\\/channel\\\/UCexu0i-fWB4wwrlPMCz8_Zg\"]},{\"@type\":\"Person\",\"@id\":\"https:\\\/\\\/franciscansinternational.org\\\/fr\\\/#\\\/schema\\\/person\\\/f398f02712a9dcab7603295bc1ea94e4\",\"name\":\"communications\",\"image\":{\"@type\":\"ImageObject\",\"inLanguage\":\"fr-FR\",\"@id\":\"https:\\\/\\\/secure.gravatar.com\\\/avatar\\\/0b4a62226a9b4f7ce621ec49ca40be1e77d886a42ca84b8a0b0697e9ec17dd63?s=96&d=mm&r=g\",\"url\":\"https:\\\/\\\/secure.gravatar.com\\\/avatar\\\/0b4a62226a9b4f7ce621ec49ca40be1e77d886a42ca84b8a0b0697e9ec17dd63?s=96&d=mm&r=g\",\"contentUrl\":\"https:\\\/\\\/secure.gravatar.com\\\/avatar\\\/0b4a62226a9b4f7ce621ec49ca40be1e77d886a42ca84b8a0b0697e9ec17dd63?s=96&d=mm&r=g\",\"caption\":\"communications\"},\"url\":\"https:\\\/\\\/franciscansinternational.org\\\/fr\\\/author\\\/communications\\\/\"}]}<\/script>\n<!-- \/ Yoast SEO plugin. -->","yoast_head_json":{"title":"Franciscans se pr\u00e9pare \u00e0 l'examen p\u00e9riodique universel de l'Italie - Franciscans International (FR)","robots":{"index":"index","follow":"follow","max-snippet":"max-snippet:-1","max-image-preview":"max-image-preview:large","max-video-preview":"max-video-preview:-1"},"canonical":"https:\/\/franciscansinternational.org\/fr\/franciscans-se-prepare-a-lexamen-periodique-universel-de-litalie\/","og_locale":"fr_FR","og_type":"article","og_title":"Franciscans se pr\u00e9pare \u00e0 l'examen p\u00e9riodique universel de l'Italie - Franciscans International (FR)","og_description":"Franciscans International a r\u00e9cemment organis\u00e9 un premier atelier dans le cadre de son nouveau programme r\u00e9gional europ\u00e9en avant l&rsquo;examen p\u00e9riodique ...","og_url":"https:\/\/franciscansinternational.org\/fr\/franciscans-se-prepare-a-lexamen-periodique-universel-de-litalie\/","og_site_name":"Franciscans International (FR)","article_publisher":"https:\/\/www.facebook.com\/FranciscansInternational\/","article_published_time":"2024-04-25T07:24:09+00:00","article_modified_time":"2024-04-25T09:41:32+00:00","og_image":[{"width":2500,"height":1316,"url":"https:\/\/franciscansinternational.org\/fr\/wp-content\/uploads\/sites\/6\/2024\/04\/UPR_AssisiWorkshop_April2024.jpg","type":"image\/jpeg"}],"author":"communications","twitter_card":"summary_large_image","twitter_creator":"@FranciscansIntl","twitter_site":"@FranciscansIntl","twitter_misc":{"\u00c9crit par":"communications","Dur\u00e9e de lecture estim\u00e9e":"2 minutes"},"schema":{"@context":"https:\/\/schema.org","@graph":[{"@type":"Article","@id":"https:\/\/franciscansinternational.org\/fr\/franciscans-se-prepare-a-lexamen-periodique-universel-de-litalie\/#article","isPartOf":{"@id":"https:\/\/franciscansinternational.org\/fr\/franciscans-se-prepare-a-lexamen-periodique-universel-de-litalie\/"},"author":{"name":"communications","@id":"https:\/\/franciscansinternational.org\/fr\/#\/schema\/person\/f398f02712a9dcab7603295bc1ea94e4"},"headline":"Franciscans se pr\u00e9pare \u00e0 l&rsquo;examen p\u00e9riodique universel de l&rsquo;Italie","datePublished":"2024-04-25T07:24:09+00:00","dateModified":"2024-04-25T09:41:32+00:00","mainEntityOfPage":{"@id":"https:\/\/franciscansinternational.org\/fr\/franciscans-se-prepare-a-lexamen-periodique-universel-de-litalie\/"},"wordCount":415,"publisher":{"@id":"https:\/\/franciscansinternational.org\/fr\/#organization"},"image":{"@id":"https:\/\/franciscansinternational.org\/fr\/franciscans-se-prepare-a-lexamen-periodique-universel-de-litalie\/#primaryimage"},"thumbnailUrl":"https:\/\/franciscansinternational.org\/fr\/wp-content\/uploads\/sites\/6\/2024\/04\/UPR_AssisiWorkshop_April2024.jpg","keywords":["\u00c9gale dignit\u00e9","Programme Europe"],"articleSection":["Nouvelles"],"inLanguage":"fr-FR"},{"@type":"WebPage","@id":"https:\/\/franciscansinternational.org\/fr\/franciscans-se-prepare-a-lexamen-periodique-universel-de-litalie\/","url":"https:\/\/franciscansinternational.org\/fr\/franciscans-se-prepare-a-lexamen-periodique-universel-de-litalie\/","name":"Franciscans se pr\u00e9pare \u00e0 l'examen p\u00e9riodique universel de l'Italie - Franciscans International (FR)","isPartOf":{"@id":"https:\/\/franciscansinternational.org\/fr\/#website"},"primaryImageOfPage":{"@id":"https:\/\/franciscansinternational.org\/fr\/franciscans-se-prepare-a-lexamen-periodique-universel-de-litalie\/#primaryimage"},"image":{"@id":"https:\/\/franciscansinternational.org\/fr\/franciscans-se-prepare-a-lexamen-periodique-universel-de-litalie\/#primaryimage"},"thumbnailUrl":"https:\/\/franciscansinternational.org\/fr\/wp-content\/uploads\/sites\/6\/2024\/04\/UPR_AssisiWorkshop_April2024.jpg","datePublished":"2024-04-25T07:24:09+00:00","dateModified":"2024-04-25T09:41:32+00:00","breadcrumb":{"@id":"https:\/\/franciscansinternational.org\/fr\/franciscans-se-prepare-a-lexamen-periodique-universel-de-litalie\/#breadcrumb"},"inLanguage":"fr-FR","potentialAction":[{"@type":"ReadAction","target":["https:\/\/franciscansinternational.org\/fr\/franciscans-se-prepare-a-lexamen-periodique-universel-de-litalie\/"]}]},{"@type":"ImageObject","inLanguage":"fr-FR","@id":"https:\/\/franciscansinternational.org\/fr\/franciscans-se-prepare-a-lexamen-periodique-universel-de-litalie\/#primaryimage","url":"https:\/\/franciscansinternational.org\/fr\/wp-content\/uploads\/sites\/6\/2024\/04\/UPR_AssisiWorkshop_April2024.jpg","contentUrl":"https:\/\/franciscansinternational.org\/fr\/wp-content\/uploads\/sites\/6\/2024\/04\/UPR_AssisiWorkshop_April2024.jpg","width":2500,"height":1316},{"@type":"BreadcrumbList","@id":"https:\/\/franciscansinternational.org\/fr\/franciscans-se-prepare-a-lexamen-periodique-universel-de-litalie\/#breadcrumb","itemListElement":[{"@type":"ListItem","position":1,"name":"Home","item":"https:\/\/franciscansinternational.org\/fr\/"},{"@type":"ListItem","position":2,"name":"Franciscans se pr\u00e9pare \u00e0 l&rsquo;examen p\u00e9riodique universel de l&rsquo;Italie"}]},{"@type":"WebSite","@id":"https:\/\/franciscansinternational.org\/fr\/#website","url":"https:\/\/franciscansinternational.org\/fr\/","name":"Franciscans International (FR)","description":"","publisher":{"@id":"https:\/\/franciscansinternational.org\/fr\/#organization"},"potentialAction":[{"@type":"SearchAction","target":{"@type":"EntryPoint","urlTemplate":"https:\/\/franciscansinternational.org\/fr\/?s={search_term_string}"},"query-input":{"@type":"PropertyValueSpecification","valueRequired":true,"valueName":"search_term_string"}}],"inLanguage":"fr-FR"},{"@type":"Organization","@id":"https:\/\/franciscansinternational.org\/fr\/#organization","name":"Franciscans International (FR)","url":"https:\/\/franciscansinternational.org\/fr\/","logo":{"@type":"ImageObject","inLanguage":"fr-FR","@id":"https:\/\/franciscansinternational.org\/fr\/#\/schema\/logo\/image\/","url":"https:\/\/franciscansinternational.org\/wp-content\/uploads\/sites\/6\/2023\/05\/logo-3.png","contentUrl":"https:\/\/franciscansinternational.org\/wp-content\/uploads\/sites\/6\/2023\/05\/logo-3.png","width":1200,"height":205,"caption":"Franciscans International (FR)"},"image":{"@id":"https:\/\/franciscansinternational.org\/fr\/#\/schema\/logo\/image\/"},"sameAs":["https:\/\/www.facebook.com\/FranciscansInternational\/","https:\/\/x.com\/FranciscansIntl","https:\/\/www.youtube.com\/channel\/UCexu0i-fWB4wwrlPMCz8_Zg"]},{"@type":"Person","@id":"https:\/\/franciscansinternational.org\/fr\/#\/schema\/person\/f398f02712a9dcab7603295bc1ea94e4","name":"communications","image":{"@type":"ImageObject","inLanguage":"fr-FR","@id":"https:\/\/secure.gravatar.com\/avatar\/0b4a62226a9b4f7ce621ec49ca40be1e77d886a42ca84b8a0b0697e9ec17dd63?s=96&d=mm&r=g","url":"https:\/\/secure.gravatar.com\/avatar\/0b4a62226a9b4f7ce621ec49ca40be1e77d886a42ca84b8a0b0697e9ec17dd63?s=96&d=mm&r=g","contentUrl":"https:\/\/secure.gravatar.com\/avatar\/0b4a62226a9b4f7ce621ec49ca40be1e77d886a42ca84b8a0b0697e9ec17dd63?s=96&d=mm&r=g","caption":"communications"},"url":"https:\/\/franciscansinternational.org\/fr\/author\/communications\/"}]}},"jetpack_featured_media_url":"https:\/\/franciscansinternational.org\/fr\/wp-content\/uploads\/sites\/6\/2024\/04\/UPR_AssisiWorkshop_April2024.jpg","jetpack_sharing_enabled":true,"_links":{"self":[{"href":"https:\/\/franciscansinternational.org\/fr\/wp-json\/wp\/v2\/posts\/590","targetHints":{"allow":["GET"]}}],"collection":[{"href":"https:\/\/franciscansinternational.org\/fr\/wp-json\/wp\/v2\/posts"}],"about":[{"href":"https:\/\/franciscansinternational.org\/fr\/wp-json\/wp\/v2\/types\/post"}],"author":[{"embeddable":true,"href":"https:\/\/franciscansinternational.org\/fr\/wp-json\/wp\/v2\/users\/3"}],"replies":[{"embeddable":true,"href":"https:\/\/franciscansinternational.org\/fr\/wp-json\/wp\/v2\/comments?post=590"}],"version-history":[{"count":1,"href":"https:\/\/franciscansinternational.org\/fr\/wp-json\/wp\/v2\/posts\/590\/revisions"}],"predecessor-version":[{"id":592,"href":"https:\/\/franciscansinternational.org\/fr\/wp-json\/wp\/v2\/posts\/590\/revisions\/592"}],"wp:featuredmedia":[{"embeddable":true,"href":"https:\/\/franciscansinternational.org\/fr\/wp-json\/wp\/v2\/media\/594"}],"wp:attachment":[{"href":"https:\/\/franciscansinternational.org\/fr\/wp-json\/wp\/v2\/media?parent=590"}],"wp:term":[{"taxonomy":"category","embeddable":true,"href":"https:\/\/franciscansinternational.org\/fr\/wp-json\/wp\/v2\/categories?post=590"},{"taxonomy":"post_tag","embeddable":true,"href":"https:\/\/franciscansinternational.org\/fr\/wp-json\/wp\/v2\/tags?post=590"}],"curies":[{"name":"wp","href":"https:\/\/api.w.org\/{rel}","templated":true}]}}