{"id":595,"date":"2024-05-02T14:23:53","date_gmt":"2024-05-02T14:23:53","guid":{"rendered":"https:\/\/franciscansinternational.org\/fr\/?p=595"},"modified":"2024-05-02T14:26:19","modified_gmt":"2024-05-02T14:26:19","slug":"unpfii23-la-responsabilite-des-entreprises-reste-essentielle-pour-proteger-les-droits-des-peuples-autochtones","status":"publish","type":"post","link":"https:\/\/franciscansinternational.org\/fr\/unpfii23-la-responsabilite-des-entreprises-reste-essentielle-pour-proteger-les-droits-des-peuples-autochtones\/","title":{"rendered":"UNPFII23 : La responsabilit\u00e9 des entreprises reste essentielle pour prot\u00e9ger les droits des peuples autochtones"},"content":{"rendered":"\n<p>Les violations des droits des peuples autochtones ont des r\u00e9percussions importantes au-del\u00e0 des communaut\u00e9s concern\u00e9es. Cette constatation a \u00e9t\u00e9 au c\u0153ur de notre engagement lors de la 23e session de l&rsquo;Instance permanente des Nations unies sur les questions autochtones (UNPFII), qui s&rsquo;est tenue \u00e0 New York du 15 au 26 avril. Les violations des droits de l&rsquo;homme commises par les entreprises transnationales sur les terres autochtones sont souvent embl\u00e9matiques d&rsquo;une impunit\u00e9 plus large des entreprises. En tant que gardiens de pr\u00e8s de 80 % de la biodiversit\u00e9 restante de la plan\u00e8te, les peuples autochtones ont \u00e9galement un r\u00f4le cl\u00e9 \u00e0 jouer dans la lutte pour la justice environnementale. Mais, comme l&rsquo;a soulign\u00e9 la pr\u00e9sidente de l&rsquo;UNPFII dans son discours d&rsquo;ouverture, \u00ab\u00a0comme tout premier intervenant, nous avons besoin d&rsquo;aide\u00a0\u00bb.<\/p>\n\n\n\n<p>Tout au long de la session, Franciscans International a \u00e9cout\u00e9 pour mieux comprendre les violations des droits de l&rsquo;homme auxquelles sont confront\u00e9es les communaut\u00e9s autochtones et a offert des plateformes pour partager ces informations plus largement. S&rsquo;appuyant sur notre travail pass\u00e9 lors des n\u00e9gociations sur un trait\u00e9 contraignant de l&rsquo;ONU sur les entreprises et les droits de l&rsquo;homme \u00e0 Gen\u00e8ve, nous avons co-organis\u00e9 plusieurs \u00e9v\u00e9nements pour discuter des cas en cours et explorer les possibilit\u00e9s de responsabilisation.<\/p>\n\n\n\n<blockquote class=\"wp-block-quote has-small-font-size is-layout-flow wp-block-quote-is-layout-flow\">\n<p>\u00ab\u00a0Nous ne voulons pas que nos enfants grandissent dans un monde d\u00e9sertique.<\/p>\n<cite>Repr\u00e9sentant autochtone du Br\u00e9sil<\/cite><\/blockquote>\n\n\n\n<p><\/p>\n\n\n\n<p>En \u00e9troite collaboration avec le <a href=\"https:\/\/miningwg.com\/\" target=\"_blank\" rel=\"noreferrer noopener\">Mining Working Group<\/a> (MGW), FI a particip\u00e9 \u00e0 un petit-d\u00e9jeuner de travail au cours duquel des repr\u00e9sentants autochtones des Am\u00e9riques ont pu s&rsquo;exprimer sur les pr\u00e9judices caus\u00e9s \u00e0 leurs communaut\u00e9s par les activit\u00e9s des entreprises. Il s&rsquo;agit notamment de la pollution g\u00e9n\u00e9ralis\u00e9e et peu signal\u00e9e en \u00c9quateur et de la perte des moyens de subsistance due \u00e0 la d\u00e9forestation pour d\u00e9fricher des terres destin\u00e9es \u00e0 des projets hydro\u00e9lectriques au Br\u00e9sil. Le GTM a \u00e9galement organis\u00e9 une \u00ab\u00a0conversation Nord-Sud\u00a0\u00bb et un webinaire mod\u00e9r\u00e9 par FI avec de jeunes intervenants autochtones afin d&rsquo;explorer les diff\u00e9rents \u00e9l\u00e9ments du droit \u00e0 l&rsquo;autod\u00e9termination.<\/p>\n\n\n\n<p>Enfin, en collaboration avec l&rsquo;US Treaty Alliance, nous avons organis\u00e9 une discussion pour examiner les liens entre le plaidoyer \u00e0 la base et le plaidoyer international. Rassemblant un large \u00e9ventail d&rsquo;exp\u00e9riences, les intervenants ont examin\u00e9 les actions collectives que la soci\u00e9t\u00e9 civile peut entreprendre pour que la r\u00e9alit\u00e9 quotidienne des communaut\u00e9s de premi\u00e8re ligne et des peuples autochtones soit mieux entendue \u00e0 l&rsquo;ONU.<\/p>\n\n\n\n<p>L&rsquo;UNPFII s&rsquo;est \u00e9galement pench\u00e9e sur l&rsquo;impact des entreprises sur les droits des peuples autochtones, soulignant que les industries extractives et les projets d&rsquo;\u00e9nergie verte conduisent souvent \u00e0 la d\u00e9possession et \u00e0 la militarisation des terres autochtones. Il a \u00e9galement mis en garde contre les pr\u00e9judices caus\u00e9s dans certains cas par les march\u00e9s du carbone et de la biodiversit\u00e9. Alors que FI poursuit son plaidoyer en faveur de la justice environnementale et de la responsabilit\u00e9 des entreprises, nous tiendrons compte des voix des peuples autochtones et des recommandations de l&rsquo;UNPFII sur la \u00ab\u00a0transition juste\u00a0\u00bb vers une \u00e9conomie plus verte.<\/p>\n\n\n\n<p><\/p>\n\n\n\n<blockquote class=\"wp-block-quote has-small-font-size is-layout-flow wp-block-quote-is-layout-flow\">\n<p>Il s&rsquo;agit d&rsquo;une traduction automatique. Nous nous excusons pour les erreurs qui auraient pu en r\u00e9sulter. En cas de divergence, la version anglaise fait foi.<\/p>\n<\/blockquote>\n","protected":false},"excerpt":{"rendered":"<p>Les violations des droits des peuples autochtones ont des r\u00e9percussions importantes au-del\u00e0 des communaut\u00e9s concern\u00e9es. Cette constatation a \u00e9t\u00e9 au &#8230; <\/p>\n","protected":false},"author":3,"featured_media":596,"comment_status":"closed","ping_status":"closed","sticky":false,"template":"","format":"standard","meta":{"_relevanssi_hide_post":"","_relevanssi_hide_content":"","_relevanssi_pin_for_all":"","_relevanssi_pin_keywords":"","_relevanssi_unpin_keywords":"","_relevanssi_related_keywords":"","_relevanssi_related_include_ids":"","_relevanssi_related_exclude_ids":"","_relevanssi_related_no_append":"","_relevanssi_related_not_related":"","_relevanssi_related_posts":"533,334,520,232,590,325","_relevanssi_noindex_reason":"","_jetpack_memberships_contains_paid_content":false,"footnotes":""},"categories":[1],"tags":[9],"class_list":["post-595","post","type-post","status-publish","format-standard","has-post-thumbnail","hentry","category-nouvelles","tag-egale-dignite"],"acf":[],"yoast_head":"<!-- This site is optimized with the Yoast SEO plugin v27.5 - https:\/\/yoast.com\/product\/yoast-seo-wordpress\/ -->\n<title>UNPFII23 : La responsabilit\u00e9 des entreprises reste essentielle pour prot\u00e9ger les droits des peuples autochtones - Franciscans International (FR)<\/title>\n<meta name=\"robots\" content=\"index, follow, max-snippet:-1, max-image-preview:large, max-video-preview:-1\" \/>\n<link rel=\"canonical\" href=\"https:\/\/franciscansinternational.org\/fr\/unpfii23-la-responsabilite-des-entreprises-reste-essentielle-pour-proteger-les-droits-des-peuples-autochtones\/\" \/>\n<meta property=\"og:locale\" content=\"fr_FR\" \/>\n<meta property=\"og:type\" content=\"article\" \/>\n<meta property=\"og:title\" content=\"UNPFII23 : La responsabilit\u00e9 des entreprises reste essentielle pour prot\u00e9ger les droits des peuples autochtones - Franciscans International (FR)\" \/>\n<meta property=\"og:description\" content=\"Les violations des droits des peuples autochtones ont des r\u00e9percussions importantes au-del\u00e0 des communaut\u00e9s concern\u00e9es. Cette constatation a \u00e9t\u00e9 au ...\" \/>\n<meta property=\"og:url\" content=\"https:\/\/franciscansinternational.org\/fr\/unpfii23-la-responsabilite-des-entreprises-reste-essentielle-pour-proteger-les-droits-des-peuples-autochtones\/\" \/>\n<meta property=\"og:site_name\" content=\"Franciscans International (FR)\" \/>\n<meta property=\"article:publisher\" content=\"https:\/\/www.facebook.com\/FranciscansInternational\/\" \/>\n<meta property=\"article:published_time\" content=\"2024-05-02T14:23:53+00:00\" \/>\n<meta property=\"article:modified_time\" content=\"2024-05-02T14:26:19+00:00\" \/>\n<meta property=\"og:image\" content=\"https:\/\/franciscansinternational.org\/fr\/wp-content\/uploads\/sites\/6\/2024\/05\/UNPFII2024-scaled.jpg\" \/>\n\t<meta property=\"og:image:width\" content=\"2560\" \/>\n\t<meta property=\"og:image:height\" content=\"1151\" \/>\n\t<meta property=\"og:image:type\" content=\"image\/jpeg\" \/>\n<meta name=\"author\" content=\"communications\" \/>\n<meta name=\"twitter:card\" content=\"summary_large_image\" \/>\n<meta name=\"twitter:creator\" content=\"@FranciscansIntl\" \/>\n<meta name=\"twitter:site\" content=\"@FranciscansIntl\" \/>\n<meta name=\"twitter:label1\" content=\"\u00c9crit par\" \/>\n\t<meta name=\"twitter:data1\" content=\"communications\" \/>\n\t<meta name=\"twitter:label2\" content=\"Dur\u00e9e de lecture estim\u00e9e\" \/>\n\t<meta name=\"twitter:data2\" content=\"3 minutes\" \/>\n<script type=\"application\/ld+json\" class=\"yoast-schema-graph\">{\"@context\":\"https:\\\/\\\/schema.org\",\"@graph\":[{\"@type\":\"Article\",\"@id\":\"https:\\\/\\\/franciscansinternational.org\\\/fr\\\/unpfii23-la-responsabilite-des-entreprises-reste-essentielle-pour-proteger-les-droits-des-peuples-autochtones\\\/#article\",\"isPartOf\":{\"@id\":\"https:\\\/\\\/franciscansinternational.org\\\/fr\\\/unpfii23-la-responsabilite-des-entreprises-reste-essentielle-pour-proteger-les-droits-des-peuples-autochtones\\\/\"},\"author\":{\"name\":\"communications\",\"@id\":\"https:\\\/\\\/franciscansinternational.org\\\/fr\\\/#\\\/schema\\\/person\\\/f398f02712a9dcab7603295bc1ea94e4\"},\"headline\":\"UNPFII23 : La responsabilit\u00e9 des entreprises reste essentielle pour prot\u00e9ger les droits des peuples autochtones\",\"datePublished\":\"2024-05-02T14:23:53+00:00\",\"dateModified\":\"2024-05-02T14:26:19+00:00\",\"mainEntityOfPage\":{\"@id\":\"https:\\\/\\\/franciscansinternational.org\\\/fr\\\/unpfii23-la-responsabilite-des-entreprises-reste-essentielle-pour-proteger-les-droits-des-peuples-autochtones\\\/\"},\"wordCount\":584,\"publisher\":{\"@id\":\"https:\\\/\\\/franciscansinternational.org\\\/fr\\\/#organization\"},\"image\":{\"@id\":\"https:\\\/\\\/franciscansinternational.org\\\/fr\\\/unpfii23-la-responsabilite-des-entreprises-reste-essentielle-pour-proteger-les-droits-des-peuples-autochtones\\\/#primaryimage\"},\"thumbnailUrl\":\"https:\\\/\\\/franciscansinternational.org\\\/fr\\\/wp-content\\\/uploads\\\/sites\\\/6\\\/2024\\\/05\\\/UNPFII2024-scaled.jpg\",\"keywords\":[\"\u00c9gale dignit\u00e9\"],\"articleSection\":[\"Nouvelles\"],\"inLanguage\":\"fr-FR\"},{\"@type\":\"WebPage\",\"@id\":\"https:\\\/\\\/franciscansinternational.org\\\/fr\\\/unpfii23-la-responsabilite-des-entreprises-reste-essentielle-pour-proteger-les-droits-des-peuples-autochtones\\\/\",\"url\":\"https:\\\/\\\/franciscansinternational.org\\\/fr\\\/unpfii23-la-responsabilite-des-entreprises-reste-essentielle-pour-proteger-les-droits-des-peuples-autochtones\\\/\",\"name\":\"UNPFII23 : La responsabilit\u00e9 des entreprises reste essentielle pour prot\u00e9ger les droits des peuples autochtones - Franciscans International (FR)\",\"isPartOf\":{\"@id\":\"https:\\\/\\\/franciscansinternational.org\\\/fr\\\/#website\"},\"primaryImageOfPage\":{\"@id\":\"https:\\\/\\\/franciscansinternational.org\\\/fr\\\/unpfii23-la-responsabilite-des-entreprises-reste-essentielle-pour-proteger-les-droits-des-peuples-autochtones\\\/#primaryimage\"},\"image\":{\"@id\":\"https:\\\/\\\/franciscansinternational.org\\\/fr\\\/unpfii23-la-responsabilite-des-entreprises-reste-essentielle-pour-proteger-les-droits-des-peuples-autochtones\\\/#primaryimage\"},\"thumbnailUrl\":\"https:\\\/\\\/franciscansinternational.org\\\/fr\\\/wp-content\\\/uploads\\\/sites\\\/6\\\/2024\\\/05\\\/UNPFII2024-scaled.jpg\",\"datePublished\":\"2024-05-02T14:23:53+00:00\",\"dateModified\":\"2024-05-02T14:26:19+00:00\",\"breadcrumb\":{\"@id\":\"https:\\\/\\\/franciscansinternational.org\\\/fr\\\/unpfii23-la-responsabilite-des-entreprises-reste-essentielle-pour-proteger-les-droits-des-peuples-autochtones\\\/#breadcrumb\"},\"inLanguage\":\"fr-FR\",\"potentialAction\":[{\"@type\":\"ReadAction\",\"target\":[\"https:\\\/\\\/franciscansinternational.org\\\/fr\\\/unpfii23-la-responsabilite-des-entreprises-reste-essentielle-pour-proteger-les-droits-des-peuples-autochtones\\\/\"]}]},{\"@type\":\"ImageObject\",\"inLanguage\":\"fr-FR\",\"@id\":\"https:\\\/\\\/franciscansinternational.org\\\/fr\\\/unpfii23-la-responsabilite-des-entreprises-reste-essentielle-pour-proteger-les-droits-des-peuples-autochtones\\\/#primaryimage\",\"url\":\"https:\\\/\\\/franciscansinternational.org\\\/fr\\\/wp-content\\\/uploads\\\/sites\\\/6\\\/2024\\\/05\\\/UNPFII2024-scaled.jpg\",\"contentUrl\":\"https:\\\/\\\/franciscansinternational.org\\\/fr\\\/wp-content\\\/uploads\\\/sites\\\/6\\\/2024\\\/05\\\/UNPFII2024-scaled.jpg\",\"width\":2560,\"height\":1151},{\"@type\":\"BreadcrumbList\",\"@id\":\"https:\\\/\\\/franciscansinternational.org\\\/fr\\\/unpfii23-la-responsabilite-des-entreprises-reste-essentielle-pour-proteger-les-droits-des-peuples-autochtones\\\/#breadcrumb\",\"itemListElement\":[{\"@type\":\"ListItem\",\"position\":1,\"name\":\"Home\",\"item\":\"https:\\\/\\\/franciscansinternational.org\\\/fr\\\/\"},{\"@type\":\"ListItem\",\"position\":2,\"name\":\"UNPFII23 : La responsabilit\u00e9 des entreprises reste essentielle pour prot\u00e9ger les droits des peuples autochtones\"}]},{\"@type\":\"WebSite\",\"@id\":\"https:\\\/\\\/franciscansinternational.org\\\/fr\\\/#website\",\"url\":\"https:\\\/\\\/franciscansinternational.org\\\/fr\\\/\",\"name\":\"Franciscans International (FR)\",\"description\":\"\",\"publisher\":{\"@id\":\"https:\\\/\\\/franciscansinternational.org\\\/fr\\\/#organization\"},\"potentialAction\":[{\"@type\":\"SearchAction\",\"target\":{\"@type\":\"EntryPoint\",\"urlTemplate\":\"https:\\\/\\\/franciscansinternational.org\\\/fr\\\/?s={search_term_string}\"},\"query-input\":{\"@type\":\"PropertyValueSpecification\",\"valueRequired\":true,\"valueName\":\"search_term_string\"}}],\"inLanguage\":\"fr-FR\"},{\"@type\":\"Organization\",\"@id\":\"https:\\\/\\\/franciscansinternational.org\\\/fr\\\/#organization\",\"name\":\"Franciscans International (FR)\",\"url\":\"https:\\\/\\\/franciscansinternational.org\\\/fr\\\/\",\"logo\":{\"@type\":\"ImageObject\",\"inLanguage\":\"fr-FR\",\"@id\":\"https:\\\/\\\/franciscansinternational.org\\\/fr\\\/#\\\/schema\\\/logo\\\/image\\\/\",\"url\":\"https:\\\/\\\/franciscansinternational.org\\\/wp-content\\\/uploads\\\/sites\\\/6\\\/2023\\\/05\\\/logo-3.png\",\"contentUrl\":\"https:\\\/\\\/franciscansinternational.org\\\/wp-content\\\/uploads\\\/sites\\\/6\\\/2023\\\/05\\\/logo-3.png\",\"width\":1200,\"height\":205,\"caption\":\"Franciscans International (FR)\"},\"image\":{\"@id\":\"https:\\\/\\\/franciscansinternational.org\\\/fr\\\/#\\\/schema\\\/logo\\\/image\\\/\"},\"sameAs\":[\"https:\\\/\\\/www.facebook.com\\\/FranciscansInternational\\\/\",\"https:\\\/\\\/x.com\\\/FranciscansIntl\",\"https:\\\/\\\/www.youtube.com\\\/channel\\\/UCexu0i-fWB4wwrlPMCz8_Zg\"]},{\"@type\":\"Person\",\"@id\":\"https:\\\/\\\/franciscansinternational.org\\\/fr\\\/#\\\/schema\\\/person\\\/f398f02712a9dcab7603295bc1ea94e4\",\"name\":\"communications\",\"image\":{\"@type\":\"ImageObject\",\"inLanguage\":\"fr-FR\",\"@id\":\"https:\\\/\\\/secure.gravatar.com\\\/avatar\\\/0b4a62226a9b4f7ce621ec49ca40be1e77d886a42ca84b8a0b0697e9ec17dd63?s=96&d=mm&r=g\",\"url\":\"https:\\\/\\\/secure.gravatar.com\\\/avatar\\\/0b4a62226a9b4f7ce621ec49ca40be1e77d886a42ca84b8a0b0697e9ec17dd63?s=96&d=mm&r=g\",\"contentUrl\":\"https:\\\/\\\/secure.gravatar.com\\\/avatar\\\/0b4a62226a9b4f7ce621ec49ca40be1e77d886a42ca84b8a0b0697e9ec17dd63?s=96&d=mm&r=g\",\"caption\":\"communications\"},\"url\":\"https:\\\/\\\/franciscansinternational.org\\\/fr\\\/author\\\/communications\\\/\"}]}<\/script>\n<!-- \/ Yoast SEO plugin. -->","yoast_head_json":{"title":"UNPFII23 : La responsabilit\u00e9 des entreprises reste essentielle pour prot\u00e9ger les droits des peuples autochtones - Franciscans International (FR)","robots":{"index":"index","follow":"follow","max-snippet":"max-snippet:-1","max-image-preview":"max-image-preview:large","max-video-preview":"max-video-preview:-1"},"canonical":"https:\/\/franciscansinternational.org\/fr\/unpfii23-la-responsabilite-des-entreprises-reste-essentielle-pour-proteger-les-droits-des-peuples-autochtones\/","og_locale":"fr_FR","og_type":"article","og_title":"UNPFII23 : La responsabilit\u00e9 des entreprises reste essentielle pour prot\u00e9ger les droits des peuples autochtones - Franciscans International (FR)","og_description":"Les violations des droits des peuples autochtones ont des r\u00e9percussions importantes au-del\u00e0 des communaut\u00e9s concern\u00e9es. Cette constatation a \u00e9t\u00e9 au ...","og_url":"https:\/\/franciscansinternational.org\/fr\/unpfii23-la-responsabilite-des-entreprises-reste-essentielle-pour-proteger-les-droits-des-peuples-autochtones\/","og_site_name":"Franciscans International (FR)","article_publisher":"https:\/\/www.facebook.com\/FranciscansInternational\/","article_published_time":"2024-05-02T14:23:53+00:00","article_modified_time":"2024-05-02T14:26:19+00:00","og_image":[{"width":2560,"height":1151,"url":"https:\/\/franciscansinternational.org\/fr\/wp-content\/uploads\/sites\/6\/2024\/05\/UNPFII2024-scaled.jpg","type":"image\/jpeg"}],"author":"communications","twitter_card":"summary_large_image","twitter_creator":"@FranciscansIntl","twitter_site":"@FranciscansIntl","twitter_misc":{"\u00c9crit par":"communications","Dur\u00e9e de lecture estim\u00e9e":"3 minutes"},"schema":{"@context":"https:\/\/schema.org","@graph":[{"@type":"Article","@id":"https:\/\/franciscansinternational.org\/fr\/unpfii23-la-responsabilite-des-entreprises-reste-essentielle-pour-proteger-les-droits-des-peuples-autochtones\/#article","isPartOf":{"@id":"https:\/\/franciscansinternational.org\/fr\/unpfii23-la-responsabilite-des-entreprises-reste-essentielle-pour-proteger-les-droits-des-peuples-autochtones\/"},"author":{"name":"communications","@id":"https:\/\/franciscansinternational.org\/fr\/#\/schema\/person\/f398f02712a9dcab7603295bc1ea94e4"},"headline":"UNPFII23 : La responsabilit\u00e9 des entreprises reste essentielle pour prot\u00e9ger les droits des peuples autochtones","datePublished":"2024-05-02T14:23:53+00:00","dateModified":"2024-05-02T14:26:19+00:00","mainEntityOfPage":{"@id":"https:\/\/franciscansinternational.org\/fr\/unpfii23-la-responsabilite-des-entreprises-reste-essentielle-pour-proteger-les-droits-des-peuples-autochtones\/"},"wordCount":584,"publisher":{"@id":"https:\/\/franciscansinternational.org\/fr\/#organization"},"image":{"@id":"https:\/\/franciscansinternational.org\/fr\/unpfii23-la-responsabilite-des-entreprises-reste-essentielle-pour-proteger-les-droits-des-peuples-autochtones\/#primaryimage"},"thumbnailUrl":"https:\/\/franciscansinternational.org\/fr\/wp-content\/uploads\/sites\/6\/2024\/05\/UNPFII2024-scaled.jpg","keywords":["\u00c9gale dignit\u00e9"],"articleSection":["Nouvelles"],"inLanguage":"fr-FR"},{"@type":"WebPage","@id":"https:\/\/franciscansinternational.org\/fr\/unpfii23-la-responsabilite-des-entreprises-reste-essentielle-pour-proteger-les-droits-des-peuples-autochtones\/","url":"https:\/\/franciscansinternational.org\/fr\/unpfii23-la-responsabilite-des-entreprises-reste-essentielle-pour-proteger-les-droits-des-peuples-autochtones\/","name":"UNPFII23 : La responsabilit\u00e9 des entreprises reste essentielle pour prot\u00e9ger les droits des peuples autochtones - Franciscans International (FR)","isPartOf":{"@id":"https:\/\/franciscansinternational.org\/fr\/#website"},"primaryImageOfPage":{"@id":"https:\/\/franciscansinternational.org\/fr\/unpfii23-la-responsabilite-des-entreprises-reste-essentielle-pour-proteger-les-droits-des-peuples-autochtones\/#primaryimage"},"image":{"@id":"https:\/\/franciscansinternational.org\/fr\/unpfii23-la-responsabilite-des-entreprises-reste-essentielle-pour-proteger-les-droits-des-peuples-autochtones\/#primaryimage"},"thumbnailUrl":"https:\/\/franciscansinternational.org\/fr\/wp-content\/uploads\/sites\/6\/2024\/05\/UNPFII2024-scaled.jpg","datePublished":"2024-05-02T14:23:53+00:00","dateModified":"2024-05-02T14:26:19+00:00","breadcrumb":{"@id":"https:\/\/franciscansinternational.org\/fr\/unpfii23-la-responsabilite-des-entreprises-reste-essentielle-pour-proteger-les-droits-des-peuples-autochtones\/#breadcrumb"},"inLanguage":"fr-FR","potentialAction":[{"@type":"ReadAction","target":["https:\/\/franciscansinternational.org\/fr\/unpfii23-la-responsabilite-des-entreprises-reste-essentielle-pour-proteger-les-droits-des-peuples-autochtones\/"]}]},{"@type":"ImageObject","inLanguage":"fr-FR","@id":"https:\/\/franciscansinternational.org\/fr\/unpfii23-la-responsabilite-des-entreprises-reste-essentielle-pour-proteger-les-droits-des-peuples-autochtones\/#primaryimage","url":"https:\/\/franciscansinternational.org\/fr\/wp-content\/uploads\/sites\/6\/2024\/05\/UNPFII2024-scaled.jpg","contentUrl":"https:\/\/franciscansinternational.org\/fr\/wp-content\/uploads\/sites\/6\/2024\/05\/UNPFII2024-scaled.jpg","width":2560,"height":1151},{"@type":"BreadcrumbList","@id":"https:\/\/franciscansinternational.org\/fr\/unpfii23-la-responsabilite-des-entreprises-reste-essentielle-pour-proteger-les-droits-des-peuples-autochtones\/#breadcrumb","itemListElement":[{"@type":"ListItem","position":1,"name":"Home","item":"https:\/\/franciscansinternational.org\/fr\/"},{"@type":"ListItem","position":2,"name":"UNPFII23 : La responsabilit\u00e9 des entreprises reste essentielle pour prot\u00e9ger les droits des peuples autochtones"}]},{"@type":"WebSite","@id":"https:\/\/franciscansinternational.org\/fr\/#website","url":"https:\/\/franciscansinternational.org\/fr\/","name":"Franciscans International (FR)","description":"","publisher":{"@id":"https:\/\/franciscansinternational.org\/fr\/#organization"},"potentialAction":[{"@type":"SearchAction","target":{"@type":"EntryPoint","urlTemplate":"https:\/\/franciscansinternational.org\/fr\/?s={search_term_string}"},"query-input":{"@type":"PropertyValueSpecification","valueRequired":true,"valueName":"search_term_string"}}],"inLanguage":"fr-FR"},{"@type":"Organization","@id":"https:\/\/franciscansinternational.org\/fr\/#organization","name":"Franciscans International (FR)","url":"https:\/\/franciscansinternational.org\/fr\/","logo":{"@type":"ImageObject","inLanguage":"fr-FR","@id":"https:\/\/franciscansinternational.org\/fr\/#\/schema\/logo\/image\/","url":"https:\/\/franciscansinternational.org\/wp-content\/uploads\/sites\/6\/2023\/05\/logo-3.png","contentUrl":"https:\/\/franciscansinternational.org\/wp-content\/uploads\/sites\/6\/2023\/05\/logo-3.png","width":1200,"height":205,"caption":"Franciscans International (FR)"},"image":{"@id":"https:\/\/franciscansinternational.org\/fr\/#\/schema\/logo\/image\/"},"sameAs":["https:\/\/www.facebook.com\/FranciscansInternational\/","https:\/\/x.com\/FranciscansIntl","https:\/\/www.youtube.com\/channel\/UCexu0i-fWB4wwrlPMCz8_Zg"]},{"@type":"Person","@id":"https:\/\/franciscansinternational.org\/fr\/#\/schema\/person\/f398f02712a9dcab7603295bc1ea94e4","name":"communications","image":{"@type":"ImageObject","inLanguage":"fr-FR","@id":"https:\/\/secure.gravatar.com\/avatar\/0b4a62226a9b4f7ce621ec49ca40be1e77d886a42ca84b8a0b0697e9ec17dd63?s=96&d=mm&r=g","url":"https:\/\/secure.gravatar.com\/avatar\/0b4a62226a9b4f7ce621ec49ca40be1e77d886a42ca84b8a0b0697e9ec17dd63?s=96&d=mm&r=g","contentUrl":"https:\/\/secure.gravatar.com\/avatar\/0b4a62226a9b4f7ce621ec49ca40be1e77d886a42ca84b8a0b0697e9ec17dd63?s=96&d=mm&r=g","caption":"communications"},"url":"https:\/\/franciscansinternational.org\/fr\/author\/communications\/"}]}},"jetpack_featured_media_url":"https:\/\/franciscansinternational.org\/fr\/wp-content\/uploads\/sites\/6\/2024\/05\/UNPFII2024-scaled.jpg","jetpack_sharing_enabled":true,"_links":{"self":[{"href":"https:\/\/franciscansinternational.org\/fr\/wp-json\/wp\/v2\/posts\/595","targetHints":{"allow":["GET"]}}],"collection":[{"href":"https:\/\/franciscansinternational.org\/fr\/wp-json\/wp\/v2\/posts"}],"about":[{"href":"https:\/\/franciscansinternational.org\/fr\/wp-json\/wp\/v2\/types\/post"}],"author":[{"embeddable":true,"href":"https:\/\/franciscansinternational.org\/fr\/wp-json\/wp\/v2\/users\/3"}],"replies":[{"embeddable":true,"href":"https:\/\/franciscansinternational.org\/fr\/wp-json\/wp\/v2\/comments?post=595"}],"version-history":[{"count":3,"href":"https:\/\/franciscansinternational.org\/fr\/wp-json\/wp\/v2\/posts\/595\/revisions"}],"predecessor-version":[{"id":599,"href":"https:\/\/franciscansinternational.org\/fr\/wp-json\/wp\/v2\/posts\/595\/revisions\/599"}],"wp:featuredmedia":[{"embeddable":true,"href":"https:\/\/franciscansinternational.org\/fr\/wp-json\/wp\/v2\/media\/596"}],"wp:attachment":[{"href":"https:\/\/franciscansinternational.org\/fr\/wp-json\/wp\/v2\/media?parent=595"}],"wp:term":[{"taxonomy":"category","embeddable":true,"href":"https:\/\/franciscansinternational.org\/fr\/wp-json\/wp\/v2\/categories?post=595"},{"taxonomy":"post_tag","embeddable":true,"href":"https:\/\/franciscansinternational.org\/fr\/wp-json\/wp\/v2\/tags?post=595"}],"curies":[{"name":"wp","href":"https:\/\/api.w.org\/{rel}","templated":true}]}}