{"id":745,"date":"2025-02-18T15:35:20","date_gmt":"2025-02-18T15:35:20","guid":{"rendered":"https:\/\/franciscansinternational.org\/fr\/?p=745"},"modified":"2025-02-18T15:35:22","modified_gmt":"2025-02-18T15:35:22","slug":"cedaw-les-franciscains-evoquent-la-situation-des-travailleurs-des-plantations-de-the-au-sri-lanka","status":"publish","type":"post","link":"https:\/\/franciscansinternational.org\/fr\/cedaw-les-franciscains-evoquent-la-situation-des-travailleurs-des-plantations-de-the-au-sri-lanka\/","title":{"rendered":"CEDAW : les Franciscains \u00e9voquent la situation des travailleurs des plantations de th\u00e9 au Sri Lanka"},"content":{"rendered":"\n<p>Les femmes et les jeunes filles travaillant dans les plantations de th\u00e9 au Sri Lanka sont confront\u00e9es \u00e0 une multitude de probl\u00e8mes, allant de salaires injustes \u00e0 un acc\u00e8s limit\u00e9 \u00e0 l&rsquo;\u00e9ducation et aux services de sant\u00e9. Le manque d&rsquo;acc\u00e8s \u00e0 la justice alimente l&rsquo;exploitation et la violence sexiste.\u00a0<br><br>La semaine derni\u00e8re, nous avons eu le privil\u00e8ge d&rsquo;accueillir Lucille Abeykoon du\u00a0<a href=\"https:\/\/www.humanrightsofficekandy.org\/\">Centre des droits de l&rsquo;homme de Kandy<\/a>, o\u00f9 elle travaille en \u00e9troite collaboration avec les s\u0153urs franciscaines pour promouvoir les droits de l&rsquo;homme des travailleurs des plantations de th\u00e9. \u00c0 Gen\u00e8ve, elle a soulev\u00e9 ces questions et d&rsquo;autres aupr\u00e8s du Comit\u00e9 pour l&rsquo;\u00e9limination de la discrimination \u00e0 l&rsquo;\u00e9gard des femmes (CEDAW).<br><br>L&rsquo;un des cas embl\u00e9matiques \u00e9voqu\u00e9s par Lucille aux Nations unies est celui d&rsquo;une jeune femme qui a \u00e9t\u00e9 agress\u00e9e et viol\u00e9e en 2001 alors qu&rsquo;elle rentrait chez elle apr\u00e8s l&rsquo;\u00e9cole du dimanche. Lorsqu&rsquo;elle a port\u00e9 plainte, elle n&rsquo;a pas pu le faire dans sa langue maternelle, le tamoul, ce qui a conduit \u00e0 une plainte erron\u00e9e qui a favoris\u00e9 les hommes qui l&rsquo;ont attaqu\u00e9e. Il s&rsquo;en est suivi des proc\u00e9dures judiciaires prolong\u00e9es et des retards. Deux d\u00e9cennies plus tard, elle attend toujours un jugement d\u00e9finitif.\u00a0<br><br>\u00ab Pouvez-vous imaginer aller au tribunal pendant 23 ans ? Pourtant, elle est toujours d\u00e9termin\u00e9e \u00bb, d\u00e9clare Lucille, qui fait partie de l&rsquo;\u00e9quipe de soutien \u00e0 la victime. Elle dit : \u00ab J&rsquo;ai besoin de justice. Je sais que je n&rsquo;ai pas fait d&rsquo;erreurs et que ce n&rsquo;\u00e9tait pas ma faute \u00bb.\u00a0<br><br>Lors de l&rsquo;examen du Sri Lanka par le Comit\u00e9 pour l&rsquo;\u00e9limination de la discrimination \u00e0 l&rsquo;\u00e9gard des femmes, FI a formul\u00e9 plusieurs recommandations visant \u00e0 r\u00e9soudre les probl\u00e8mes sp\u00e9cifiques auxquels sont confront\u00e9es les femmes qui travaillent et vivent dans les plantations de th\u00e9. Il s&rsquo;agit notamment de garantir une augmentation du salaire minimum journalier, d&rsquo;am\u00e9liorer l&rsquo;acc\u00e8s \u00e0 l&rsquo;\u00e9ducation et de renforcer les capacit\u00e9s des agents charg\u00e9s de l&rsquo;application de la loi. Vous pouvez consulter l&rsquo;int\u00e9gralit\u00e9 de notre soumission et de nos recommandations au CEDAW\u00a0<a href=\"https:\/\/franciscansinternational.org\/wp-content\/uploads\/2025\/02\/CEDAW90_SriLanka.pdf\">ici<\/a>.<\/p>\n\n\n\n<p><\/p>\n\n\n\n<blockquote class=\"wp-block-quote has-small-font-size is-layout-flow wp-block-quote-is-layout-flow\">\n<p>Il s&rsquo;agit d&rsquo;une traduction automatique. Nous nous excusons pour les erreurs qui auraient pu en r\u00e9sulter. En cas de divergence, la version anglaise fait foi.<\/p>\n<\/blockquote>\n","protected":false},"excerpt":{"rendered":"<p>Les femmes et les jeunes filles travaillant dans les plantations de th\u00e9 au Sri Lanka sont confront\u00e9es \u00e0 une multitude &#8230; <\/p>\n","protected":false},"author":3,"featured_media":746,"comment_status":"closed","ping_status":"closed","sticky":false,"template":"","format":"standard","meta":{"_relevanssi_hide_post":"","_relevanssi_hide_content":"","_relevanssi_pin_for_all":"","_relevanssi_pin_keywords":"","_relevanssi_unpin_keywords":"","_relevanssi_related_keywords":"","_relevanssi_related_include_ids":"","_relevanssi_related_exclude_ids":"","_relevanssi_related_no_append":"","_relevanssi_related_not_related":"","_relevanssi_related_posts":"247,174,382,178,297,334","_relevanssi_noindex_reason":"","_jetpack_memberships_contains_paid_content":false,"footnotes":""},"categories":[1],"tags":[9,7],"class_list":["post-745","post","type-post","status-publish","format-standard","has-post-thumbnail","hentry","category-nouvelles","tag-egale-dignite","tag-programme-asie-pacifique"],"acf":[],"yoast_head":"<!-- This site is optimized with the Yoast SEO plugin v27.4 - https:\/\/yoast.com\/product\/yoast-seo-wordpress\/ -->\n<title>CEDAW : les Franciscains \u00e9voquent la situation des travailleurs des plantations de th\u00e9 au Sri Lanka - Franciscans International (FR)<\/title>\n<meta name=\"robots\" content=\"index, follow, max-snippet:-1, max-image-preview:large, max-video-preview:-1\" \/>\n<link rel=\"canonical\" href=\"https:\/\/franciscansinternational.org\/fr\/cedaw-les-franciscains-evoquent-la-situation-des-travailleurs-des-plantations-de-the-au-sri-lanka\/\" \/>\n<meta property=\"og:locale\" content=\"fr_FR\" \/>\n<meta property=\"og:type\" content=\"article\" \/>\n<meta property=\"og:title\" content=\"CEDAW : les Franciscains \u00e9voquent la situation des travailleurs des plantations de th\u00e9 au Sri Lanka - Franciscans International (FR)\" \/>\n<meta property=\"og:description\" content=\"Les femmes et les jeunes filles travaillant dans les plantations de th\u00e9 au Sri Lanka sont confront\u00e9es \u00e0 une multitude ...\" \/>\n<meta property=\"og:url\" content=\"https:\/\/franciscansinternational.org\/fr\/cedaw-les-franciscains-evoquent-la-situation-des-travailleurs-des-plantations-de-the-au-sri-lanka\/\" \/>\n<meta property=\"og:site_name\" content=\"Franciscans International (FR)\" \/>\n<meta property=\"article:publisher\" content=\"https:\/\/www.facebook.com\/FranciscansInternational\/\" \/>\n<meta property=\"article:published_time\" content=\"2025-02-18T15:35:20+00:00\" \/>\n<meta property=\"article:modified_time\" content=\"2025-02-18T15:35:22+00:00\" \/>\n<meta property=\"og:image\" content=\"https:\/\/franciscansinternational.org\/fr\/wp-content\/uploads\/sites\/6\/2025\/02\/CEDAW_SriLanka_Thumb-scaled.jpg\" \/>\n\t<meta property=\"og:image:width\" content=\"2560\" \/>\n\t<meta property=\"og:image:height\" content=\"1347\" \/>\n\t<meta property=\"og:image:type\" content=\"image\/jpeg\" \/>\n<meta name=\"author\" content=\"communications\" \/>\n<meta name=\"twitter:card\" content=\"summary_large_image\" \/>\n<meta name=\"twitter:creator\" content=\"@FranciscansIntl\" \/>\n<meta name=\"twitter:site\" content=\"@FranciscansIntl\" \/>\n<meta name=\"twitter:label1\" content=\"\u00c9crit par\" \/>\n\t<meta name=\"twitter:data1\" content=\"communications\" \/>\n\t<meta name=\"twitter:label2\" content=\"Dur\u00e9e de lecture estim\u00e9e\" \/>\n\t<meta name=\"twitter:data2\" content=\"2 minutes\" \/>\n<script type=\"application\/ld+json\" class=\"yoast-schema-graph\">{\"@context\":\"https:\\\/\\\/schema.org\",\"@graph\":[{\"@type\":\"Article\",\"@id\":\"https:\\\/\\\/franciscansinternational.org\\\/fr\\\/cedaw-les-franciscains-evoquent-la-situation-des-travailleurs-des-plantations-de-the-au-sri-lanka\\\/#article\",\"isPartOf\":{\"@id\":\"https:\\\/\\\/franciscansinternational.org\\\/fr\\\/cedaw-les-franciscains-evoquent-la-situation-des-travailleurs-des-plantations-de-the-au-sri-lanka\\\/\"},\"author\":{\"name\":\"communications\",\"@id\":\"https:\\\/\\\/franciscansinternational.org\\\/fr\\\/#\\\/schema\\\/person\\\/f398f02712a9dcab7603295bc1ea94e4\"},\"headline\":\"CEDAW : les Franciscains \u00e9voquent la situation des travailleurs des plantations de th\u00e9 au Sri Lanka\",\"datePublished\":\"2025-02-18T15:35:20+00:00\",\"dateModified\":\"2025-02-18T15:35:22+00:00\",\"mainEntityOfPage\":{\"@id\":\"https:\\\/\\\/franciscansinternational.org\\\/fr\\\/cedaw-les-franciscains-evoquent-la-situation-des-travailleurs-des-plantations-de-the-au-sri-lanka\\\/\"},\"wordCount\":421,\"publisher\":{\"@id\":\"https:\\\/\\\/franciscansinternational.org\\\/fr\\\/#organization\"},\"image\":{\"@id\":\"https:\\\/\\\/franciscansinternational.org\\\/fr\\\/cedaw-les-franciscains-evoquent-la-situation-des-travailleurs-des-plantations-de-the-au-sri-lanka\\\/#primaryimage\"},\"thumbnailUrl\":\"https:\\\/\\\/franciscansinternational.org\\\/fr\\\/wp-content\\\/uploads\\\/sites\\\/6\\\/2025\\\/02\\\/CEDAW_SriLanka_Thumb-scaled.jpg\",\"keywords\":[\"\u00c9gale dignit\u00e9\",\"Programme Asie-Pacifique\"],\"articleSection\":[\"Nouvelles\"],\"inLanguage\":\"fr-FR\"},{\"@type\":\"WebPage\",\"@id\":\"https:\\\/\\\/franciscansinternational.org\\\/fr\\\/cedaw-les-franciscains-evoquent-la-situation-des-travailleurs-des-plantations-de-the-au-sri-lanka\\\/\",\"url\":\"https:\\\/\\\/franciscansinternational.org\\\/fr\\\/cedaw-les-franciscains-evoquent-la-situation-des-travailleurs-des-plantations-de-the-au-sri-lanka\\\/\",\"name\":\"CEDAW : les Franciscains \u00e9voquent la situation des travailleurs des plantations de th\u00e9 au Sri Lanka - Franciscans International (FR)\",\"isPartOf\":{\"@id\":\"https:\\\/\\\/franciscansinternational.org\\\/fr\\\/#website\"},\"primaryImageOfPage\":{\"@id\":\"https:\\\/\\\/franciscansinternational.org\\\/fr\\\/cedaw-les-franciscains-evoquent-la-situation-des-travailleurs-des-plantations-de-the-au-sri-lanka\\\/#primaryimage\"},\"image\":{\"@id\":\"https:\\\/\\\/franciscansinternational.org\\\/fr\\\/cedaw-les-franciscains-evoquent-la-situation-des-travailleurs-des-plantations-de-the-au-sri-lanka\\\/#primaryimage\"},\"thumbnailUrl\":\"https:\\\/\\\/franciscansinternational.org\\\/fr\\\/wp-content\\\/uploads\\\/sites\\\/6\\\/2025\\\/02\\\/CEDAW_SriLanka_Thumb-scaled.jpg\",\"datePublished\":\"2025-02-18T15:35:20+00:00\",\"dateModified\":\"2025-02-18T15:35:22+00:00\",\"breadcrumb\":{\"@id\":\"https:\\\/\\\/franciscansinternational.org\\\/fr\\\/cedaw-les-franciscains-evoquent-la-situation-des-travailleurs-des-plantations-de-the-au-sri-lanka\\\/#breadcrumb\"},\"inLanguage\":\"fr-FR\",\"potentialAction\":[{\"@type\":\"ReadAction\",\"target\":[\"https:\\\/\\\/franciscansinternational.org\\\/fr\\\/cedaw-les-franciscains-evoquent-la-situation-des-travailleurs-des-plantations-de-the-au-sri-lanka\\\/\"]}]},{\"@type\":\"ImageObject\",\"inLanguage\":\"fr-FR\",\"@id\":\"https:\\\/\\\/franciscansinternational.org\\\/fr\\\/cedaw-les-franciscains-evoquent-la-situation-des-travailleurs-des-plantations-de-the-au-sri-lanka\\\/#primaryimage\",\"url\":\"https:\\\/\\\/franciscansinternational.org\\\/fr\\\/wp-content\\\/uploads\\\/sites\\\/6\\\/2025\\\/02\\\/CEDAW_SriLanka_Thumb-scaled.jpg\",\"contentUrl\":\"https:\\\/\\\/franciscansinternational.org\\\/fr\\\/wp-content\\\/uploads\\\/sites\\\/6\\\/2025\\\/02\\\/CEDAW_SriLanka_Thumb-scaled.jpg\",\"width\":2560,\"height\":1347},{\"@type\":\"BreadcrumbList\",\"@id\":\"https:\\\/\\\/franciscansinternational.org\\\/fr\\\/cedaw-les-franciscains-evoquent-la-situation-des-travailleurs-des-plantations-de-the-au-sri-lanka\\\/#breadcrumb\",\"itemListElement\":[{\"@type\":\"ListItem\",\"position\":1,\"name\":\"Home\",\"item\":\"https:\\\/\\\/franciscansinternational.org\\\/fr\\\/\"},{\"@type\":\"ListItem\",\"position\":2,\"name\":\"CEDAW : les Franciscains \u00e9voquent la situation des travailleurs des plantations de th\u00e9 au Sri Lanka\"}]},{\"@type\":\"WebSite\",\"@id\":\"https:\\\/\\\/franciscansinternational.org\\\/fr\\\/#website\",\"url\":\"https:\\\/\\\/franciscansinternational.org\\\/fr\\\/\",\"name\":\"Franciscans International (FR)\",\"description\":\"\",\"publisher\":{\"@id\":\"https:\\\/\\\/franciscansinternational.org\\\/fr\\\/#organization\"},\"potentialAction\":[{\"@type\":\"SearchAction\",\"target\":{\"@type\":\"EntryPoint\",\"urlTemplate\":\"https:\\\/\\\/franciscansinternational.org\\\/fr\\\/?s={search_term_string}\"},\"query-input\":{\"@type\":\"PropertyValueSpecification\",\"valueRequired\":true,\"valueName\":\"search_term_string\"}}],\"inLanguage\":\"fr-FR\"},{\"@type\":\"Organization\",\"@id\":\"https:\\\/\\\/franciscansinternational.org\\\/fr\\\/#organization\",\"name\":\"Franciscans International (FR)\",\"url\":\"https:\\\/\\\/franciscansinternational.org\\\/fr\\\/\",\"logo\":{\"@type\":\"ImageObject\",\"inLanguage\":\"fr-FR\",\"@id\":\"https:\\\/\\\/franciscansinternational.org\\\/fr\\\/#\\\/schema\\\/logo\\\/image\\\/\",\"url\":\"https:\\\/\\\/franciscansinternational.org\\\/wp-content\\\/uploads\\\/sites\\\/6\\\/2023\\\/05\\\/logo-3.png\",\"contentUrl\":\"https:\\\/\\\/franciscansinternational.org\\\/wp-content\\\/uploads\\\/sites\\\/6\\\/2023\\\/05\\\/logo-3.png\",\"width\":1200,\"height\":205,\"caption\":\"Franciscans International (FR)\"},\"image\":{\"@id\":\"https:\\\/\\\/franciscansinternational.org\\\/fr\\\/#\\\/schema\\\/logo\\\/image\\\/\"},\"sameAs\":[\"https:\\\/\\\/www.facebook.com\\\/FranciscansInternational\\\/\",\"https:\\\/\\\/x.com\\\/FranciscansIntl\",\"https:\\\/\\\/www.youtube.com\\\/channel\\\/UCexu0i-fWB4wwrlPMCz8_Zg\"]},{\"@type\":\"Person\",\"@id\":\"https:\\\/\\\/franciscansinternational.org\\\/fr\\\/#\\\/schema\\\/person\\\/f398f02712a9dcab7603295bc1ea94e4\",\"name\":\"communications\",\"image\":{\"@type\":\"ImageObject\",\"inLanguage\":\"fr-FR\",\"@id\":\"https:\\\/\\\/secure.gravatar.com\\\/avatar\\\/0b4a62226a9b4f7ce621ec49ca40be1e77d886a42ca84b8a0b0697e9ec17dd63?s=96&d=mm&r=g\",\"url\":\"https:\\\/\\\/secure.gravatar.com\\\/avatar\\\/0b4a62226a9b4f7ce621ec49ca40be1e77d886a42ca84b8a0b0697e9ec17dd63?s=96&d=mm&r=g\",\"contentUrl\":\"https:\\\/\\\/secure.gravatar.com\\\/avatar\\\/0b4a62226a9b4f7ce621ec49ca40be1e77d886a42ca84b8a0b0697e9ec17dd63?s=96&d=mm&r=g\",\"caption\":\"communications\"},\"url\":\"https:\\\/\\\/franciscansinternational.org\\\/fr\\\/author\\\/communications\\\/\"}]}<\/script>\n<!-- \/ Yoast SEO plugin. -->","yoast_head_json":{"title":"CEDAW : les Franciscains \u00e9voquent la situation des travailleurs des plantations de th\u00e9 au Sri Lanka - Franciscans International (FR)","robots":{"index":"index","follow":"follow","max-snippet":"max-snippet:-1","max-image-preview":"max-image-preview:large","max-video-preview":"max-video-preview:-1"},"canonical":"https:\/\/franciscansinternational.org\/fr\/cedaw-les-franciscains-evoquent-la-situation-des-travailleurs-des-plantations-de-the-au-sri-lanka\/","og_locale":"fr_FR","og_type":"article","og_title":"CEDAW : les Franciscains \u00e9voquent la situation des travailleurs des plantations de th\u00e9 au Sri Lanka - Franciscans International (FR)","og_description":"Les femmes et les jeunes filles travaillant dans les plantations de th\u00e9 au Sri Lanka sont confront\u00e9es \u00e0 une multitude ...","og_url":"https:\/\/franciscansinternational.org\/fr\/cedaw-les-franciscains-evoquent-la-situation-des-travailleurs-des-plantations-de-the-au-sri-lanka\/","og_site_name":"Franciscans International (FR)","article_publisher":"https:\/\/www.facebook.com\/FranciscansInternational\/","article_published_time":"2025-02-18T15:35:20+00:00","article_modified_time":"2025-02-18T15:35:22+00:00","og_image":[{"width":2560,"height":1347,"url":"https:\/\/franciscansinternational.org\/fr\/wp-content\/uploads\/sites\/6\/2025\/02\/CEDAW_SriLanka_Thumb-scaled.jpg","type":"image\/jpeg"}],"author":"communications","twitter_card":"summary_large_image","twitter_creator":"@FranciscansIntl","twitter_site":"@FranciscansIntl","twitter_misc":{"\u00c9crit par":"communications","Dur\u00e9e de lecture estim\u00e9e":"2 minutes"},"schema":{"@context":"https:\/\/schema.org","@graph":[{"@type":"Article","@id":"https:\/\/franciscansinternational.org\/fr\/cedaw-les-franciscains-evoquent-la-situation-des-travailleurs-des-plantations-de-the-au-sri-lanka\/#article","isPartOf":{"@id":"https:\/\/franciscansinternational.org\/fr\/cedaw-les-franciscains-evoquent-la-situation-des-travailleurs-des-plantations-de-the-au-sri-lanka\/"},"author":{"name":"communications","@id":"https:\/\/franciscansinternational.org\/fr\/#\/schema\/person\/f398f02712a9dcab7603295bc1ea94e4"},"headline":"CEDAW : les Franciscains \u00e9voquent la situation des travailleurs des plantations de th\u00e9 au Sri Lanka","datePublished":"2025-02-18T15:35:20+00:00","dateModified":"2025-02-18T15:35:22+00:00","mainEntityOfPage":{"@id":"https:\/\/franciscansinternational.org\/fr\/cedaw-les-franciscains-evoquent-la-situation-des-travailleurs-des-plantations-de-the-au-sri-lanka\/"},"wordCount":421,"publisher":{"@id":"https:\/\/franciscansinternational.org\/fr\/#organization"},"image":{"@id":"https:\/\/franciscansinternational.org\/fr\/cedaw-les-franciscains-evoquent-la-situation-des-travailleurs-des-plantations-de-the-au-sri-lanka\/#primaryimage"},"thumbnailUrl":"https:\/\/franciscansinternational.org\/fr\/wp-content\/uploads\/sites\/6\/2025\/02\/CEDAW_SriLanka_Thumb-scaled.jpg","keywords":["\u00c9gale dignit\u00e9","Programme Asie-Pacifique"],"articleSection":["Nouvelles"],"inLanguage":"fr-FR"},{"@type":"WebPage","@id":"https:\/\/franciscansinternational.org\/fr\/cedaw-les-franciscains-evoquent-la-situation-des-travailleurs-des-plantations-de-the-au-sri-lanka\/","url":"https:\/\/franciscansinternational.org\/fr\/cedaw-les-franciscains-evoquent-la-situation-des-travailleurs-des-plantations-de-the-au-sri-lanka\/","name":"CEDAW : les Franciscains \u00e9voquent la situation des travailleurs des plantations de th\u00e9 au Sri Lanka - Franciscans International (FR)","isPartOf":{"@id":"https:\/\/franciscansinternational.org\/fr\/#website"},"primaryImageOfPage":{"@id":"https:\/\/franciscansinternational.org\/fr\/cedaw-les-franciscains-evoquent-la-situation-des-travailleurs-des-plantations-de-the-au-sri-lanka\/#primaryimage"},"image":{"@id":"https:\/\/franciscansinternational.org\/fr\/cedaw-les-franciscains-evoquent-la-situation-des-travailleurs-des-plantations-de-the-au-sri-lanka\/#primaryimage"},"thumbnailUrl":"https:\/\/franciscansinternational.org\/fr\/wp-content\/uploads\/sites\/6\/2025\/02\/CEDAW_SriLanka_Thumb-scaled.jpg","datePublished":"2025-02-18T15:35:20+00:00","dateModified":"2025-02-18T15:35:22+00:00","breadcrumb":{"@id":"https:\/\/franciscansinternational.org\/fr\/cedaw-les-franciscains-evoquent-la-situation-des-travailleurs-des-plantations-de-the-au-sri-lanka\/#breadcrumb"},"inLanguage":"fr-FR","potentialAction":[{"@type":"ReadAction","target":["https:\/\/franciscansinternational.org\/fr\/cedaw-les-franciscains-evoquent-la-situation-des-travailleurs-des-plantations-de-the-au-sri-lanka\/"]}]},{"@type":"ImageObject","inLanguage":"fr-FR","@id":"https:\/\/franciscansinternational.org\/fr\/cedaw-les-franciscains-evoquent-la-situation-des-travailleurs-des-plantations-de-the-au-sri-lanka\/#primaryimage","url":"https:\/\/franciscansinternational.org\/fr\/wp-content\/uploads\/sites\/6\/2025\/02\/CEDAW_SriLanka_Thumb-scaled.jpg","contentUrl":"https:\/\/franciscansinternational.org\/fr\/wp-content\/uploads\/sites\/6\/2025\/02\/CEDAW_SriLanka_Thumb-scaled.jpg","width":2560,"height":1347},{"@type":"BreadcrumbList","@id":"https:\/\/franciscansinternational.org\/fr\/cedaw-les-franciscains-evoquent-la-situation-des-travailleurs-des-plantations-de-the-au-sri-lanka\/#breadcrumb","itemListElement":[{"@type":"ListItem","position":1,"name":"Home","item":"https:\/\/franciscansinternational.org\/fr\/"},{"@type":"ListItem","position":2,"name":"CEDAW : les Franciscains \u00e9voquent la situation des travailleurs des plantations de th\u00e9 au Sri Lanka"}]},{"@type":"WebSite","@id":"https:\/\/franciscansinternational.org\/fr\/#website","url":"https:\/\/franciscansinternational.org\/fr\/","name":"Franciscans International (FR)","description":"","publisher":{"@id":"https:\/\/franciscansinternational.org\/fr\/#organization"},"potentialAction":[{"@type":"SearchAction","target":{"@type":"EntryPoint","urlTemplate":"https:\/\/franciscansinternational.org\/fr\/?s={search_term_string}"},"query-input":{"@type":"PropertyValueSpecification","valueRequired":true,"valueName":"search_term_string"}}],"inLanguage":"fr-FR"},{"@type":"Organization","@id":"https:\/\/franciscansinternational.org\/fr\/#organization","name":"Franciscans International (FR)","url":"https:\/\/franciscansinternational.org\/fr\/","logo":{"@type":"ImageObject","inLanguage":"fr-FR","@id":"https:\/\/franciscansinternational.org\/fr\/#\/schema\/logo\/image\/","url":"https:\/\/franciscansinternational.org\/wp-content\/uploads\/sites\/6\/2023\/05\/logo-3.png","contentUrl":"https:\/\/franciscansinternational.org\/wp-content\/uploads\/sites\/6\/2023\/05\/logo-3.png","width":1200,"height":205,"caption":"Franciscans International (FR)"},"image":{"@id":"https:\/\/franciscansinternational.org\/fr\/#\/schema\/logo\/image\/"},"sameAs":["https:\/\/www.facebook.com\/FranciscansInternational\/","https:\/\/x.com\/FranciscansIntl","https:\/\/www.youtube.com\/channel\/UCexu0i-fWB4wwrlPMCz8_Zg"]},{"@type":"Person","@id":"https:\/\/franciscansinternational.org\/fr\/#\/schema\/person\/f398f02712a9dcab7603295bc1ea94e4","name":"communications","image":{"@type":"ImageObject","inLanguage":"fr-FR","@id":"https:\/\/secure.gravatar.com\/avatar\/0b4a62226a9b4f7ce621ec49ca40be1e77d886a42ca84b8a0b0697e9ec17dd63?s=96&d=mm&r=g","url":"https:\/\/secure.gravatar.com\/avatar\/0b4a62226a9b4f7ce621ec49ca40be1e77d886a42ca84b8a0b0697e9ec17dd63?s=96&d=mm&r=g","contentUrl":"https:\/\/secure.gravatar.com\/avatar\/0b4a62226a9b4f7ce621ec49ca40be1e77d886a42ca84b8a0b0697e9ec17dd63?s=96&d=mm&r=g","caption":"communications"},"url":"https:\/\/franciscansinternational.org\/fr\/author\/communications\/"}]}},"jetpack_featured_media_url":"https:\/\/franciscansinternational.org\/fr\/wp-content\/uploads\/sites\/6\/2025\/02\/CEDAW_SriLanka_Thumb-scaled.jpg","jetpack_sharing_enabled":true,"_links":{"self":[{"href":"https:\/\/franciscansinternational.org\/fr\/wp-json\/wp\/v2\/posts\/745","targetHints":{"allow":["GET"]}}],"collection":[{"href":"https:\/\/franciscansinternational.org\/fr\/wp-json\/wp\/v2\/posts"}],"about":[{"href":"https:\/\/franciscansinternational.org\/fr\/wp-json\/wp\/v2\/types\/post"}],"author":[{"embeddable":true,"href":"https:\/\/franciscansinternational.org\/fr\/wp-json\/wp\/v2\/users\/3"}],"replies":[{"embeddable":true,"href":"https:\/\/franciscansinternational.org\/fr\/wp-json\/wp\/v2\/comments?post=745"}],"version-history":[{"count":1,"href":"https:\/\/franciscansinternational.org\/fr\/wp-json\/wp\/v2\/posts\/745\/revisions"}],"predecessor-version":[{"id":747,"href":"https:\/\/franciscansinternational.org\/fr\/wp-json\/wp\/v2\/posts\/745\/revisions\/747"}],"wp:featuredmedia":[{"embeddable":true,"href":"https:\/\/franciscansinternational.org\/fr\/wp-json\/wp\/v2\/media\/746"}],"wp:attachment":[{"href":"https:\/\/franciscansinternational.org\/fr\/wp-json\/wp\/v2\/media?parent=745"}],"wp:term":[{"taxonomy":"category","embeddable":true,"href":"https:\/\/franciscansinternational.org\/fr\/wp-json\/wp\/v2\/categories?post=745"},{"taxonomy":"post_tag","embeddable":true,"href":"https:\/\/franciscansinternational.org\/fr\/wp-json\/wp\/v2\/tags?post=745"}],"curies":[{"name":"wp","href":"https:\/\/api.w.org\/{rel}","templated":true}]}}