{"id":764,"date":"2025-03-22T10:00:00","date_gmt":"2025-03-22T10:00:00","guid":{"rendered":"https:\/\/franciscansinternational.org\/fr\/?p=764"},"modified":"2025-12-17T10:08:04","modified_gmt":"2025-12-17T10:08:04","slug":"celebration-du-cantique-des-creatures","status":"publish","type":"post","link":"https:\/\/franciscansinternational.org\/fr\/celebration-du-cantique-des-creatures\/","title":{"rendered":"C\u00e9l\u00e9bration du Cantique des cr\u00e9atures"},"content":{"rendered":"\n<p>Huit cents ans apr\u00e8s que saint Fran\u00e7ois a compos\u00e9 le Cantique des cr\u00e9atures, ses \u00e9crits restent d&rsquo;une grande actualit\u00e9, y compris aux Nations unies. De son vivant d\u00e9j\u00e0, Fran\u00e7ois s&rsquo;inqui\u00e9tait de l&rsquo;impact des humains sur le monde qui les entoure. En faisant l&rsquo;\u00e9loge des nombreuses dimensions de la nature dont il \u00e9tait t\u00e9moin autour de lui, Fran\u00e7ois a \u00e9galement reconnu leur fragilit\u00e9. Aujourd&rsquo;hui, alors que nous tentons de pr\u00e9server le monde des crises multiples et crois\u00e9es qui menacent l&rsquo;ensemble de la nature, ses mots r\u00e9sonnent comme un rappel de ce qui est en jeu.&nbsp;<br><br>Cette ann\u00e9e, alors que nous c\u00e9l\u00e9brons le 800e anniversaire du Cantique, les membres de notre <a href=\"https:\/\/franciscansinternational.org\/fr\/a-propos\/#conseildadministrationinternational\">conseil d&rsquo;administration international<\/a> r\u00e9fl\u00e9chissent \u00e0 ses diff\u00e9rents \u00e9l\u00e9ments. Nous vous invitons \u00e0 les suivre dans leur exploration de ce que le Cantique peut nous apprendre et de la mani\u00e8re dont son message peut nous inspirer dans notre travail de protection des droits de l&rsquo;homme et de l&rsquo;environnement.<\/p>\n\n\n\n<div class=\"wp-block-columns is-layout-flex wp-container-core-columns-is-layout-9d6595d7 wp-block-columns-is-layout-flex\">\n<div class=\"wp-block-column is-layout-flow wp-block-column-is-layout-flow\"><div class=\"wp-block-image\">\n<figure class=\"aligncenter size-thumbnail\"><img loading=\"lazy\" decoding=\"async\" width=\"150\" height=\"150\" src=\"https:\/\/franciscansinternational.org\/fr\/wp-content\/uploads\/sites\/6\/2025\/03\/CoC2025_Vicente-150x150.png\" alt=\"\" class=\"wp-image-765\" srcset=\"https:\/\/franciscansinternational.org\/fr\/wp-content\/uploads\/sites\/6\/2025\/03\/CoC2025_Vicente-150x150.png 150w, https:\/\/franciscansinternational.org\/fr\/wp-content\/uploads\/sites\/6\/2025\/03\/CoC2025_Vicente-300x300.png 300w, https:\/\/franciscansinternational.org\/fr\/wp-content\/uploads\/sites\/6\/2025\/03\/CoC2025_Vicente.png 490w\" sizes=\"auto, (max-width: 150px) 100vw, 150px\" \/><figcaption class=\"wp-element-caption\"><a href=\"https:\/\/franciscansinternational.org\/fr\/reflection\/loue-sois-tu-mon-seigneur-pour-notre-soeur-leau\/\" target=\"_blank\" rel=\"noreferrer noopener\">Vicente Imhof OFMCap<br><em>Soeur Eau<\/em><\/a><\/figcaption><\/figure><\/div><\/div>\n\n\n\n<div class=\"wp-block-column is-layout-flow wp-block-column-is-layout-flow\"><div class=\"wp-block-image\">\n<figure class=\"aligncenter size-thumbnail\"><a href=\"https:\/\/franciscansinternational.org\/fr\/reflection\/loue-sois-tu-mon-seigneur-a-travers-notre-frere-le-feu\/\"><img loading=\"lazy\" decoding=\"async\" width=\"150\" height=\"150\" src=\"https:\/\/franciscansinternational.org\/fr\/wp-content\/uploads\/sites\/6\/2025\/03\/CoC2025_Chris-150x150.png\" alt=\"\" class=\"wp-image-892\" srcset=\"https:\/\/franciscansinternational.org\/fr\/wp-content\/uploads\/sites\/6\/2025\/03\/CoC2025_Chris-150x150.png 150w, https:\/\/franciscansinternational.org\/fr\/wp-content\/uploads\/sites\/6\/2025\/03\/CoC2025_Chris-300x300.png 300w, https:\/\/franciscansinternational.org\/fr\/wp-content\/uploads\/sites\/6\/2025\/03\/CoC2025_Chris.png 500w\" sizes=\"auto, (max-width: 150px) 100vw, 150px\" \/><\/a><figcaption class=\"wp-element-caption\"><a href=\"https:\/\/franciscansinternational.org\/fr\/reflection\/loue-sois-tu-mon-seigneur-a-travers-notre-frere-le-feu\/\">Christopher John SSF<br><em>Fr\u00e8re Feu<\/em><\/a><\/figcaption><\/figure><\/div><\/div>\n<\/div>\n\n\n\n<div class=\"wp-block-columns is-layout-flex wp-container-core-columns-is-layout-9d6595d7 wp-block-columns-is-layout-flex\">\n<div class=\"wp-block-column is-layout-flow wp-block-column-is-layout-flow\"><div class=\"wp-block-image\">\n<figure class=\"aligncenter size-thumbnail\"><img loading=\"lazy\" decoding=\"async\" width=\"150\" height=\"150\" src=\"https:\/\/franciscansinternational.org\/fr\/wp-content\/uploads\/sites\/6\/2025\/04\/CoC2025_Benedict-150x150.png\" alt=\"\" class=\"wp-image-818\" srcset=\"https:\/\/franciscansinternational.org\/fr\/wp-content\/uploads\/sites\/6\/2025\/04\/CoC2025_Benedict-150x150.png 150w, https:\/\/franciscansinternational.org\/fr\/wp-content\/uploads\/sites\/6\/2025\/04\/CoC2025_Benedict-300x300.png 300w, https:\/\/franciscansinternational.org\/fr\/wp-content\/uploads\/sites\/6\/2025\/04\/CoC2025_Benedict.png 500w\" sizes=\"auto, (max-width: 150px) 100vw, 150px\" \/><figcaption class=\"wp-element-caption\"><a href=\"https:\/\/franciscansinternational.org\/fr\/reflection\/du-cantique-des-creatures-a-laction-pour-le-climat-vivre-laudato-si\/\" target=\"_blank\" rel=\"noreferrer noopener\">Benedetto Ayodi OFMCap<br><em>Laudato Si&rsquo;<\/em><\/a><\/figcaption><\/figure><\/div><\/div>\n\n\n\n<div class=\"wp-block-column is-layout-flow wp-block-column-is-layout-flow\"><div class=\"wp-block-image\">\n<figure class=\"aligncenter size-thumbnail\"><a href=\"https:\/\/franciscansinternational.org\/fr\/reflection\/frere-vent-et-le-souffle-de-dieu\/\"><img loading=\"lazy\" decoding=\"async\" width=\"150\" height=\"150\" src=\"https:\/\/franciscansinternational.org\/fr\/wp-content\/uploads\/sites\/6\/2025\/03\/CoC2025_Carolyn-150x150.png\" alt=\"\" class=\"wp-image-939\" srcset=\"https:\/\/franciscansinternational.org\/fr\/wp-content\/uploads\/sites\/6\/2025\/03\/CoC2025_Carolyn-150x150.png 150w, https:\/\/franciscansinternational.org\/fr\/wp-content\/uploads\/sites\/6\/2025\/03\/CoC2025_Carolyn.png 231w\" sizes=\"auto, (max-width: 150px) 100vw, 150px\" \/><\/a><figcaption class=\"wp-element-caption\"><a href=\"https:\/\/franciscansinternational.org\/fr\/reflection\/frere-vent-et-le-souffle-de-dieu\/\">Carolyn Townes OFS<br><em>Fr\u00e8re Vent<\/em><\/a><\/figcaption><\/figure><\/div><\/div>\n\n\n\n<div class=\"wp-block-column is-layout-flow wp-block-column-is-layout-flow\"><div class=\"wp-block-image\">\n<figure class=\"aligncenter size-thumbnail\"><a href=\"https:\/\/franciscansinternational.org\/fr\/reflection\/loue-sois-tu-mon-seigneur-avec-toutes-tes-creatures-en-particulier-frere-soleil\/\"><img loading=\"lazy\" decoding=\"async\" width=\"150\" height=\"150\" src=\"https:\/\/franciscansinternational.org\/fr\/wp-content\/uploads\/sites\/6\/2025\/03\/CoC2025_Charity-150x150.png\" alt=\"\" class=\"wp-image-970\" srcset=\"https:\/\/franciscansinternational.org\/fr\/wp-content\/uploads\/sites\/6\/2025\/03\/CoC2025_Charity-150x150.png 150w, https:\/\/franciscansinternational.org\/fr\/wp-content\/uploads\/sites\/6\/2025\/03\/CoC2025_Charity-300x300.png 300w, https:\/\/franciscansinternational.org\/fr\/wp-content\/uploads\/sites\/6\/2025\/03\/CoC2025_Charity.png 500w\" sizes=\"auto, (max-width: 150px) 100vw, 150px\" \/><\/a><figcaption class=\"wp-element-caption\"><a href=\"https:\/\/franciscansinternational.org\/fr\/reflection\/loue-sois-tu-mon-seigneur-avec-toutes-tes-creatures-en-particulier-frere-soleil\/\">Charity Nkandu SFMA<br><em>Fr\u00e8re Soleil<\/em><\/a><\/figcaption><\/figure><\/div><\/div>\n<\/div>\n\n\n\n<div class=\"wp-block-columns is-layout-flex wp-container-core-columns-is-layout-9d6595d7 wp-block-columns-is-layout-flex\">\n<div class=\"wp-block-column is-layout-flow wp-block-column-is-layout-flow\"><div class=\"wp-block-image\">\n<figure class=\"aligncenter size-thumbnail\"><a href=\"https:\/\/franciscansinternational.org\/fr\/reflection\/loue-sois-tu-mon-seigneur-par-notre-soeur-la-terre\/\"><img loading=\"lazy\" decoding=\"async\" width=\"150\" height=\"150\" src=\"https:\/\/franciscansinternational.org\/fr\/wp-content\/uploads\/sites\/6\/2025\/03\/CoC2025_Michael-150x150.png\" alt=\"\" class=\"wp-image-986\" srcset=\"https:\/\/franciscansinternational.org\/fr\/wp-content\/uploads\/sites\/6\/2025\/03\/CoC2025_Michael-150x150.png 150w, https:\/\/franciscansinternational.org\/fr\/wp-content\/uploads\/sites\/6\/2025\/03\/CoC2025_Michael-300x300.png 300w, https:\/\/franciscansinternational.org\/fr\/wp-content\/uploads\/sites\/6\/2025\/03\/CoC2025_Michael.png 500w\" sizes=\"auto, (max-width: 150px) 100vw, 150px\" \/><\/a><figcaption class=\"wp-element-caption\"><a href=\"https:\/\/franciscansinternational.org\/fr\/reflection\/loue-sois-tu-mon-seigneur-par-notre-soeur-la-terre\/\">Michael Perry OFM<br><em>S\u0153ur M\u00e8re Terre<\/em><\/a><\/figcaption><\/figure><\/div><\/div>\n\n\n\n<div class=\"wp-block-column is-layout-flow wp-block-column-is-layout-flow\"><div class=\"wp-block-image\">\n<figure class=\"aligncenter size-thumbnail\"><a href=\"https:\/\/franciscansinternational.org\/fr\/reflection\/bienvenue-soeur-mort\/\"><img loading=\"lazy\" decoding=\"async\" width=\"150\" height=\"150\" src=\"https:\/\/franciscansinternational.org\/fr\/wp-content\/uploads\/sites\/6\/2025\/03\/CoC2025_Eduardo-150x150.png\" alt=\"\" class=\"wp-image-992\" srcset=\"https:\/\/franciscansinternational.org\/fr\/wp-content\/uploads\/sites\/6\/2025\/03\/CoC2025_Eduardo-150x150.png 150w, https:\/\/franciscansinternational.org\/fr\/wp-content\/uploads\/sites\/6\/2025\/03\/CoC2025_Eduardo-300x300.png 300w, https:\/\/franciscansinternational.org\/fr\/wp-content\/uploads\/sites\/6\/2025\/03\/CoC2025_Eduardo.png 500w\" sizes=\"auto, (max-width: 150px) 100vw, 150px\" \/><\/a><figcaption class=\"wp-element-caption\"><a href=\"https:\/\/franciscansinternational.org\/fr\/reflection\/bienvenue-soeur-mort\/\">Eduardo Tarin TOR<br><em>S\u0153ur Mort<\/em><\/a><\/figcaption><\/figure><\/div><\/div>\n<\/div>\n\n\n\n<p><\/p>\n\n\n\n<blockquote class=\"wp-block-quote has-small-font-size is-layout-flow wp-block-quote-is-layout-flow\">\n<p>Il s&rsquo;agit d&rsquo;une traduction automatique. Nous nous excusons pour les erreurs qui auraient pu en r\u00e9sulter. En cas de divergence, la version anglaise fait foi.<\/p>\n<\/blockquote>\n","protected":false},"excerpt":{"rendered":"<p>Huit cents ans apr\u00e8s que saint Fran\u00e7ois a compos\u00e9 le Cantique des cr\u00e9atures, ses \u00e9crits restent d&rsquo;une grande actualit\u00e9, y &#8230; <\/p>\n","protected":false},"author":3,"featured_media":775,"comment_status":"closed","ping_status":"closed","sticky":false,"template":"","format":"standard","meta":{"_relevanssi_hide_post":"","_relevanssi_hide_content":"","_relevanssi_pin_for_all":"","_relevanssi_pin_keywords":"","_relevanssi_unpin_keywords":"","_relevanssi_related_keywords":"","_relevanssi_related_include_ids":"","_relevanssi_related_exclude_ids":"","_relevanssi_related_no_append":"","_relevanssi_related_not_related":"","_relevanssi_related_posts":"691,243,368,165,681,595","_relevanssi_noindex_reason":"","_jetpack_memberships_contains_paid_content":false,"footnotes":""},"categories":[32],"tags":[],"class_list":["post-764","post","type-post","status-publish","format-standard","has-post-thumbnail","hentry","category-les-franciscains-a-lonu"],"acf":[],"yoast_head":"<!-- This site is optimized with the Yoast SEO plugin v27.5 - https:\/\/yoast.com\/product\/yoast-seo-wordpress\/ -->\n<title>C\u00e9l\u00e9bration du Cantique des cr\u00e9atures - Franciscans International (FR)<\/title>\n<meta name=\"robots\" content=\"index, follow, max-snippet:-1, max-image-preview:large, max-video-preview:-1\" \/>\n<link rel=\"canonical\" href=\"https:\/\/franciscansinternational.org\/fr\/celebration-du-cantique-des-creatures\/\" \/>\n<meta property=\"og:locale\" content=\"fr_FR\" \/>\n<meta property=\"og:type\" content=\"article\" \/>\n<meta property=\"og:title\" content=\"C\u00e9l\u00e9bration du Cantique des cr\u00e9atures - Franciscans International (FR)\" \/>\n<meta property=\"og:description\" content=\"Huit cents ans apr\u00e8s que saint Fran\u00e7ois a compos\u00e9 le Cantique des cr\u00e9atures, ses \u00e9crits restent d&rsquo;une grande actualit\u00e9, y ...\" \/>\n<meta property=\"og:url\" content=\"https:\/\/franciscansinternational.org\/fr\/celebration-du-cantique-des-creatures\/\" \/>\n<meta property=\"og:site_name\" content=\"Franciscans International (FR)\" \/>\n<meta property=\"article:publisher\" content=\"https:\/\/www.facebook.com\/FranciscansInternational\/\" \/>\n<meta property=\"article:published_time\" content=\"2025-03-22T10:00:00+00:00\" \/>\n<meta property=\"article:modified_time\" content=\"2025-12-17T10:08:04+00:00\" \/>\n<meta property=\"og:image\" content=\"https:\/\/franciscansinternational.org\/fr\/wp-content\/uploads\/sites\/6\/2025\/03\/Canticle_celebration_banner.jpg\" \/>\n\t<meta property=\"og:image:width\" content=\"1114\" \/>\n\t<meta property=\"og:image:height\" content=\"627\" \/>\n\t<meta property=\"og:image:type\" content=\"image\/jpeg\" \/>\n<meta name=\"author\" content=\"communications\" \/>\n<meta name=\"twitter:card\" content=\"summary_large_image\" \/>\n<meta name=\"twitter:creator\" content=\"@FranciscansIntl\" \/>\n<meta name=\"twitter:site\" content=\"@FranciscansIntl\" \/>\n<meta name=\"twitter:label1\" content=\"\u00c9crit par\" \/>\n\t<meta name=\"twitter:data1\" content=\"communications\" \/>\n\t<meta name=\"twitter:label2\" content=\"Dur\u00e9e de lecture estim\u00e9e\" \/>\n\t<meta name=\"twitter:data2\" content=\"3 minutes\" \/>\n<script type=\"application\/ld+json\" class=\"yoast-schema-graph\">{\"@context\":\"https:\\\/\\\/schema.org\",\"@graph\":[{\"@type\":\"Article\",\"@id\":\"https:\\\/\\\/franciscansinternational.org\\\/fr\\\/celebration-du-cantique-des-creatures\\\/#article\",\"isPartOf\":{\"@id\":\"https:\\\/\\\/franciscansinternational.org\\\/fr\\\/celebration-du-cantique-des-creatures\\\/\"},\"author\":{\"name\":\"communications\",\"@id\":\"https:\\\/\\\/franciscansinternational.org\\\/fr\\\/#\\\/schema\\\/person\\\/f398f02712a9dcab7603295bc1ea94e4\"},\"headline\":\"C\u00e9l\u00e9bration du Cantique des cr\u00e9atures\",\"datePublished\":\"2025-03-22T10:00:00+00:00\",\"dateModified\":\"2025-12-17T10:08:04+00:00\",\"mainEntityOfPage\":{\"@id\":\"https:\\\/\\\/franciscansinternational.org\\\/fr\\\/celebration-du-cantique-des-creatures\\\/\"},\"wordCount\":261,\"publisher\":{\"@id\":\"https:\\\/\\\/franciscansinternational.org\\\/fr\\\/#organization\"},\"image\":{\"@id\":\"https:\\\/\\\/franciscansinternational.org\\\/fr\\\/celebration-du-cantique-des-creatures\\\/#primaryimage\"},\"thumbnailUrl\":\"https:\\\/\\\/franciscansinternational.org\\\/fr\\\/wp-content\\\/uploads\\\/sites\\\/6\\\/2025\\\/03\\\/Canticle_celebration_banner.jpg\",\"articleSection\":[\"Les franciscains \u00e0 l\u2019ONU\"],\"inLanguage\":\"fr-FR\"},{\"@type\":\"WebPage\",\"@id\":\"https:\\\/\\\/franciscansinternational.org\\\/fr\\\/celebration-du-cantique-des-creatures\\\/\",\"url\":\"https:\\\/\\\/franciscansinternational.org\\\/fr\\\/celebration-du-cantique-des-creatures\\\/\",\"name\":\"C\u00e9l\u00e9bration du Cantique des cr\u00e9atures - Franciscans International (FR)\",\"isPartOf\":{\"@id\":\"https:\\\/\\\/franciscansinternational.org\\\/fr\\\/#website\"},\"primaryImageOfPage\":{\"@id\":\"https:\\\/\\\/franciscansinternational.org\\\/fr\\\/celebration-du-cantique-des-creatures\\\/#primaryimage\"},\"image\":{\"@id\":\"https:\\\/\\\/franciscansinternational.org\\\/fr\\\/celebration-du-cantique-des-creatures\\\/#primaryimage\"},\"thumbnailUrl\":\"https:\\\/\\\/franciscansinternational.org\\\/fr\\\/wp-content\\\/uploads\\\/sites\\\/6\\\/2025\\\/03\\\/Canticle_celebration_banner.jpg\",\"datePublished\":\"2025-03-22T10:00:00+00:00\",\"dateModified\":\"2025-12-17T10:08:04+00:00\",\"breadcrumb\":{\"@id\":\"https:\\\/\\\/franciscansinternational.org\\\/fr\\\/celebration-du-cantique-des-creatures\\\/#breadcrumb\"},\"inLanguage\":\"fr-FR\",\"potentialAction\":[{\"@type\":\"ReadAction\",\"target\":[\"https:\\\/\\\/franciscansinternational.org\\\/fr\\\/celebration-du-cantique-des-creatures\\\/\"]}]},{\"@type\":\"ImageObject\",\"inLanguage\":\"fr-FR\",\"@id\":\"https:\\\/\\\/franciscansinternational.org\\\/fr\\\/celebration-du-cantique-des-creatures\\\/#primaryimage\",\"url\":\"https:\\\/\\\/franciscansinternational.org\\\/fr\\\/wp-content\\\/uploads\\\/sites\\\/6\\\/2025\\\/03\\\/Canticle_celebration_banner.jpg\",\"contentUrl\":\"https:\\\/\\\/franciscansinternational.org\\\/fr\\\/wp-content\\\/uploads\\\/sites\\\/6\\\/2025\\\/03\\\/Canticle_celebration_banner.jpg\",\"width\":1114,\"height\":627},{\"@type\":\"BreadcrumbList\",\"@id\":\"https:\\\/\\\/franciscansinternational.org\\\/fr\\\/celebration-du-cantique-des-creatures\\\/#breadcrumb\",\"itemListElement\":[{\"@type\":\"ListItem\",\"position\":1,\"name\":\"Home\",\"item\":\"https:\\\/\\\/franciscansinternational.org\\\/fr\\\/\"},{\"@type\":\"ListItem\",\"position\":2,\"name\":\"C\u00e9l\u00e9bration du Cantique des cr\u00e9atures\"}]},{\"@type\":\"WebSite\",\"@id\":\"https:\\\/\\\/franciscansinternational.org\\\/fr\\\/#website\",\"url\":\"https:\\\/\\\/franciscansinternational.org\\\/fr\\\/\",\"name\":\"Franciscans International (FR)\",\"description\":\"\",\"publisher\":{\"@id\":\"https:\\\/\\\/franciscansinternational.org\\\/fr\\\/#organization\"},\"potentialAction\":[{\"@type\":\"SearchAction\",\"target\":{\"@type\":\"EntryPoint\",\"urlTemplate\":\"https:\\\/\\\/franciscansinternational.org\\\/fr\\\/?s={search_term_string}\"},\"query-input\":{\"@type\":\"PropertyValueSpecification\",\"valueRequired\":true,\"valueName\":\"search_term_string\"}}],\"inLanguage\":\"fr-FR\"},{\"@type\":\"Organization\",\"@id\":\"https:\\\/\\\/franciscansinternational.org\\\/fr\\\/#organization\",\"name\":\"Franciscans International (FR)\",\"url\":\"https:\\\/\\\/franciscansinternational.org\\\/fr\\\/\",\"logo\":{\"@type\":\"ImageObject\",\"inLanguage\":\"fr-FR\",\"@id\":\"https:\\\/\\\/franciscansinternational.org\\\/fr\\\/#\\\/schema\\\/logo\\\/image\\\/\",\"url\":\"https:\\\/\\\/franciscansinternational.org\\\/wp-content\\\/uploads\\\/sites\\\/6\\\/2023\\\/05\\\/logo-3.png\",\"contentUrl\":\"https:\\\/\\\/franciscansinternational.org\\\/wp-content\\\/uploads\\\/sites\\\/6\\\/2023\\\/05\\\/logo-3.png\",\"width\":1200,\"height\":205,\"caption\":\"Franciscans International (FR)\"},\"image\":{\"@id\":\"https:\\\/\\\/franciscansinternational.org\\\/fr\\\/#\\\/schema\\\/logo\\\/image\\\/\"},\"sameAs\":[\"https:\\\/\\\/www.facebook.com\\\/FranciscansInternational\\\/\",\"https:\\\/\\\/x.com\\\/FranciscansIntl\",\"https:\\\/\\\/www.youtube.com\\\/channel\\\/UCexu0i-fWB4wwrlPMCz8_Zg\"]},{\"@type\":\"Person\",\"@id\":\"https:\\\/\\\/franciscansinternational.org\\\/fr\\\/#\\\/schema\\\/person\\\/f398f02712a9dcab7603295bc1ea94e4\",\"name\":\"communications\",\"image\":{\"@type\":\"ImageObject\",\"inLanguage\":\"fr-FR\",\"@id\":\"https:\\\/\\\/secure.gravatar.com\\\/avatar\\\/0b4a62226a9b4f7ce621ec49ca40be1e77d886a42ca84b8a0b0697e9ec17dd63?s=96&d=mm&r=g\",\"url\":\"https:\\\/\\\/secure.gravatar.com\\\/avatar\\\/0b4a62226a9b4f7ce621ec49ca40be1e77d886a42ca84b8a0b0697e9ec17dd63?s=96&d=mm&r=g\",\"contentUrl\":\"https:\\\/\\\/secure.gravatar.com\\\/avatar\\\/0b4a62226a9b4f7ce621ec49ca40be1e77d886a42ca84b8a0b0697e9ec17dd63?s=96&d=mm&r=g\",\"caption\":\"communications\"},\"url\":\"https:\\\/\\\/franciscansinternational.org\\\/fr\\\/author\\\/communications\\\/\"}]}<\/script>\n<!-- \/ Yoast SEO plugin. -->","yoast_head_json":{"title":"C\u00e9l\u00e9bration du Cantique des cr\u00e9atures - Franciscans International (FR)","robots":{"index":"index","follow":"follow","max-snippet":"max-snippet:-1","max-image-preview":"max-image-preview:large","max-video-preview":"max-video-preview:-1"},"canonical":"https:\/\/franciscansinternational.org\/fr\/celebration-du-cantique-des-creatures\/","og_locale":"fr_FR","og_type":"article","og_title":"C\u00e9l\u00e9bration du Cantique des cr\u00e9atures - Franciscans International (FR)","og_description":"Huit cents ans apr\u00e8s que saint Fran\u00e7ois a compos\u00e9 le Cantique des cr\u00e9atures, ses \u00e9crits restent d&rsquo;une grande actualit\u00e9, y ...","og_url":"https:\/\/franciscansinternational.org\/fr\/celebration-du-cantique-des-creatures\/","og_site_name":"Franciscans International (FR)","article_publisher":"https:\/\/www.facebook.com\/FranciscansInternational\/","article_published_time":"2025-03-22T10:00:00+00:00","article_modified_time":"2025-12-17T10:08:04+00:00","og_image":[{"width":1114,"height":627,"url":"https:\/\/franciscansinternational.org\/fr\/wp-content\/uploads\/sites\/6\/2025\/03\/Canticle_celebration_banner.jpg","type":"image\/jpeg"}],"author":"communications","twitter_card":"summary_large_image","twitter_creator":"@FranciscansIntl","twitter_site":"@FranciscansIntl","twitter_misc":{"\u00c9crit par":"communications","Dur\u00e9e de lecture estim\u00e9e":"3 minutes"},"schema":{"@context":"https:\/\/schema.org","@graph":[{"@type":"Article","@id":"https:\/\/franciscansinternational.org\/fr\/celebration-du-cantique-des-creatures\/#article","isPartOf":{"@id":"https:\/\/franciscansinternational.org\/fr\/celebration-du-cantique-des-creatures\/"},"author":{"name":"communications","@id":"https:\/\/franciscansinternational.org\/fr\/#\/schema\/person\/f398f02712a9dcab7603295bc1ea94e4"},"headline":"C\u00e9l\u00e9bration du Cantique des cr\u00e9atures","datePublished":"2025-03-22T10:00:00+00:00","dateModified":"2025-12-17T10:08:04+00:00","mainEntityOfPage":{"@id":"https:\/\/franciscansinternational.org\/fr\/celebration-du-cantique-des-creatures\/"},"wordCount":261,"publisher":{"@id":"https:\/\/franciscansinternational.org\/fr\/#organization"},"image":{"@id":"https:\/\/franciscansinternational.org\/fr\/celebration-du-cantique-des-creatures\/#primaryimage"},"thumbnailUrl":"https:\/\/franciscansinternational.org\/fr\/wp-content\/uploads\/sites\/6\/2025\/03\/Canticle_celebration_banner.jpg","articleSection":["Les franciscains \u00e0 l\u2019ONU"],"inLanguage":"fr-FR"},{"@type":"WebPage","@id":"https:\/\/franciscansinternational.org\/fr\/celebration-du-cantique-des-creatures\/","url":"https:\/\/franciscansinternational.org\/fr\/celebration-du-cantique-des-creatures\/","name":"C\u00e9l\u00e9bration du Cantique des cr\u00e9atures - Franciscans International (FR)","isPartOf":{"@id":"https:\/\/franciscansinternational.org\/fr\/#website"},"primaryImageOfPage":{"@id":"https:\/\/franciscansinternational.org\/fr\/celebration-du-cantique-des-creatures\/#primaryimage"},"image":{"@id":"https:\/\/franciscansinternational.org\/fr\/celebration-du-cantique-des-creatures\/#primaryimage"},"thumbnailUrl":"https:\/\/franciscansinternational.org\/fr\/wp-content\/uploads\/sites\/6\/2025\/03\/Canticle_celebration_banner.jpg","datePublished":"2025-03-22T10:00:00+00:00","dateModified":"2025-12-17T10:08:04+00:00","breadcrumb":{"@id":"https:\/\/franciscansinternational.org\/fr\/celebration-du-cantique-des-creatures\/#breadcrumb"},"inLanguage":"fr-FR","potentialAction":[{"@type":"ReadAction","target":["https:\/\/franciscansinternational.org\/fr\/celebration-du-cantique-des-creatures\/"]}]},{"@type":"ImageObject","inLanguage":"fr-FR","@id":"https:\/\/franciscansinternational.org\/fr\/celebration-du-cantique-des-creatures\/#primaryimage","url":"https:\/\/franciscansinternational.org\/fr\/wp-content\/uploads\/sites\/6\/2025\/03\/Canticle_celebration_banner.jpg","contentUrl":"https:\/\/franciscansinternational.org\/fr\/wp-content\/uploads\/sites\/6\/2025\/03\/Canticle_celebration_banner.jpg","width":1114,"height":627},{"@type":"BreadcrumbList","@id":"https:\/\/franciscansinternational.org\/fr\/celebration-du-cantique-des-creatures\/#breadcrumb","itemListElement":[{"@type":"ListItem","position":1,"name":"Home","item":"https:\/\/franciscansinternational.org\/fr\/"},{"@type":"ListItem","position":2,"name":"C\u00e9l\u00e9bration du Cantique des cr\u00e9atures"}]},{"@type":"WebSite","@id":"https:\/\/franciscansinternational.org\/fr\/#website","url":"https:\/\/franciscansinternational.org\/fr\/","name":"Franciscans International (FR)","description":"","publisher":{"@id":"https:\/\/franciscansinternational.org\/fr\/#organization"},"potentialAction":[{"@type":"SearchAction","target":{"@type":"EntryPoint","urlTemplate":"https:\/\/franciscansinternational.org\/fr\/?s={search_term_string}"},"query-input":{"@type":"PropertyValueSpecification","valueRequired":true,"valueName":"search_term_string"}}],"inLanguage":"fr-FR"},{"@type":"Organization","@id":"https:\/\/franciscansinternational.org\/fr\/#organization","name":"Franciscans International (FR)","url":"https:\/\/franciscansinternational.org\/fr\/","logo":{"@type":"ImageObject","inLanguage":"fr-FR","@id":"https:\/\/franciscansinternational.org\/fr\/#\/schema\/logo\/image\/","url":"https:\/\/franciscansinternational.org\/wp-content\/uploads\/sites\/6\/2023\/05\/logo-3.png","contentUrl":"https:\/\/franciscansinternational.org\/wp-content\/uploads\/sites\/6\/2023\/05\/logo-3.png","width":1200,"height":205,"caption":"Franciscans International (FR)"},"image":{"@id":"https:\/\/franciscansinternational.org\/fr\/#\/schema\/logo\/image\/"},"sameAs":["https:\/\/www.facebook.com\/FranciscansInternational\/","https:\/\/x.com\/FranciscansIntl","https:\/\/www.youtube.com\/channel\/UCexu0i-fWB4wwrlPMCz8_Zg"]},{"@type":"Person","@id":"https:\/\/franciscansinternational.org\/fr\/#\/schema\/person\/f398f02712a9dcab7603295bc1ea94e4","name":"communications","image":{"@type":"ImageObject","inLanguage":"fr-FR","@id":"https:\/\/secure.gravatar.com\/avatar\/0b4a62226a9b4f7ce621ec49ca40be1e77d886a42ca84b8a0b0697e9ec17dd63?s=96&d=mm&r=g","url":"https:\/\/secure.gravatar.com\/avatar\/0b4a62226a9b4f7ce621ec49ca40be1e77d886a42ca84b8a0b0697e9ec17dd63?s=96&d=mm&r=g","contentUrl":"https:\/\/secure.gravatar.com\/avatar\/0b4a62226a9b4f7ce621ec49ca40be1e77d886a42ca84b8a0b0697e9ec17dd63?s=96&d=mm&r=g","caption":"communications"},"url":"https:\/\/franciscansinternational.org\/fr\/author\/communications\/"}]}},"jetpack_featured_media_url":"https:\/\/franciscansinternational.org\/fr\/wp-content\/uploads\/sites\/6\/2025\/03\/Canticle_celebration_banner.jpg","jetpack_sharing_enabled":true,"_links":{"self":[{"href":"https:\/\/franciscansinternational.org\/fr\/wp-json\/wp\/v2\/posts\/764","targetHints":{"allow":["GET"]}}],"collection":[{"href":"https:\/\/franciscansinternational.org\/fr\/wp-json\/wp\/v2\/posts"}],"about":[{"href":"https:\/\/franciscansinternational.org\/fr\/wp-json\/wp\/v2\/types\/post"}],"author":[{"embeddable":true,"href":"https:\/\/franciscansinternational.org\/fr\/wp-json\/wp\/v2\/users\/3"}],"replies":[{"embeddable":true,"href":"https:\/\/franciscansinternational.org\/fr\/wp-json\/wp\/v2\/comments?post=764"}],"version-history":[{"count":10,"href":"https:\/\/franciscansinternational.org\/fr\/wp-json\/wp\/v2\/posts\/764\/revisions"}],"predecessor-version":[{"id":994,"href":"https:\/\/franciscansinternational.org\/fr\/wp-json\/wp\/v2\/posts\/764\/revisions\/994"}],"wp:featuredmedia":[{"embeddable":true,"href":"https:\/\/franciscansinternational.org\/fr\/wp-json\/wp\/v2\/media\/775"}],"wp:attachment":[{"href":"https:\/\/franciscansinternational.org\/fr\/wp-json\/wp\/v2\/media?parent=764"}],"wp:term":[{"taxonomy":"category","embeddable":true,"href":"https:\/\/franciscansinternational.org\/fr\/wp-json\/wp\/v2\/categories?post=764"},{"taxonomy":"post_tag","embeddable":true,"href":"https:\/\/franciscansinternational.org\/fr\/wp-json\/wp\/v2\/tags?post=764"}],"curies":[{"name":"wp","href":"https:\/\/api.w.org\/{rel}","templated":true}]}}