{"id":814,"date":"2025-04-22T07:48:46","date_gmt":"2025-04-22T07:48:46","guid":{"rendered":"https:\/\/franciscansinternational.org\/fr\/?p=814"},"modified":"2025-04-22T07:48:48","modified_gmt":"2025-04-22T07:48:48","slug":"franciscans-international-pleure-le-pape-francois","status":"publish","type":"post","link":"https:\/\/franciscansinternational.org\/fr\/franciscans-international-pleure-le-pape-francois\/","title":{"rendered":"Franciscans International pleure le Pape Fran\u00e7ois"},"content":{"rendered":"\n<p>C&rsquo;est avec une grande tristesse que nous avons appris le d\u00e9c\u00e8s du pape Fran\u00e7ois le lundi de P\u00e2ques. Nous lui sommes reconnaissants de s&rsquo;\u00eatre inspir\u00e9 des valeurs d\u00e9fendues par saint Fran\u00e7ois d&rsquo;Assise, comme en t\u00e9moignent le nom qu&rsquo;il a choisi et les titres <em>Laudato Si&rsquo;<\/em> et <em>Fratelli Tutti<\/em> de deux de ses encycliques. Plus important encore, ces valeurs ont d\u00e9fini et anim\u00e9 \u00e0 la fois sa vie et son pontificat.\u00a0<\/p>\n\n\n\n<p>Le pape Fran\u00e7ois a d\u00e9fendu une \u00c9glise ouverte, reconnaissant que son message peut inspirer ceux qui sont au-del\u00e0, tout en accueillant des personnes qui avaient \u00e9t\u00e9 auparavant exclues ou marginalis\u00e9es. Ce faisant, il n&rsquo;a pas h\u00e9sit\u00e9 \u00e0 se confronter \u00e0 l&rsquo;histoire de l&rsquo;\u00c9glise, en tendant la main aux peuples indig\u00e8nes pour s&rsquo;excuser des erreurs du pass\u00e9 et en r\u00e9pudiant enfin la doctrine de la d\u00e9couverte.&nbsp;<\/p>\n\n\n\n<p>Fondamentalement, il a reconnu que l&rsquo;\u00c9glise ne pouvait pas se replier sur elle-m\u00eame et qu&rsquo;elle avait la responsabilit\u00e9 de montrer l&rsquo;exemple face aux d\u00e9fis les plus pressants de notre \u00e9poque &#8211; des questions qui ne sont pas seulement spirituelles, mais qui affectent la vie quotidienne de milliards de personnes.&nbsp;<\/p>\n\n\n\n<p>Sous sa direction, l&rsquo;\u00c9glise a pris une position active dans la lutte contre le changement climatique et la d\u00e9gradation de l&rsquo;environnement, et les mots Laudato Si&rsquo; rappellent aujourd&rsquo;hui aux d\u00e9cideurs qu&rsquo;ils ont une responsabilit\u00e9 en tant que gardiens de notre maison commune. Le pape Fran\u00e7ois s&rsquo;est \u00e9lev\u00e9 contre la mont\u00e9e des in\u00e9galit\u00e9s \u00e0 une \u00e9poque de richesse historique, d\u00e9non\u00e7ant cette situation comme un affront \u00e0 la dignit\u00e9 humaine et nous implorant de rester solidaires les uns des autres.&nbsp;<\/p>\n\n\n\n<p>Alors que nous pleurons sa disparition, nous savons \u00e9galement que l&rsquo;h\u00e9ritage du Pape Fran\u00e7ois &#8211; qui fait \u00e9cho aux exemples de Saint Fran\u00e7ois et de Sainte Claire d&rsquo;Assise &#8211; sera une source d&rsquo;inspiration pour ceux qui travaillent \u00e0 la construction d&rsquo;un monde plus juste et plus \u00e9quitable. Franciscans International s&rsquo;engage \u00e0 faire de ce r\u00eave une r\u00e9alit\u00e9.&nbsp;<\/p>\n\n\n\n<p class=\"has-small-font-size\"><em>Photo : Le pape Fran\u00e7ois est accueilli par le cofondateur de FI, Dionysius Mintoff OFM, lors d&rsquo;une visite en 2022 au Pope John XIII Peace Laboratory \u00e0 Malte.<\/em><\/p>\n\n\n\n<p><\/p>\n\n\n\n<blockquote class=\"wp-block-quote has-small-font-size is-layout-flow wp-block-quote-is-layout-flow\">\n<p>Il s&rsquo;agit d&rsquo;une traduction automatique. Nous nous excusons pour les erreurs qui auraient pu en r\u00e9sulter. En cas de divergence, la version anglaise fait foi.<\/p>\n<\/blockquote>\n","protected":false},"excerpt":{"rendered":"<p>C&rsquo;est avec une grande tristesse que nous avons appris le d\u00e9c\u00e8s du pape Fran\u00e7ois le lundi de P\u00e2ques. Nous lui &#8230; <\/p>\n","protected":false},"author":3,"featured_media":815,"comment_status":"closed","ping_status":"closed","sticky":false,"template":"","format":"standard","meta":{"_relevanssi_hide_post":"","_relevanssi_hide_content":"","_relevanssi_pin_for_all":"","_relevanssi_pin_keywords":"","_relevanssi_unpin_keywords":"","_relevanssi_related_keywords":"","_relevanssi_related_include_ids":"","_relevanssi_related_exclude_ids":"","_relevanssi_related_no_append":"","_relevanssi_related_not_related":"","_relevanssi_related_posts":"794,317,178,641,165,482","_relevanssi_noindex_reason":"","_jetpack_memberships_contains_paid_content":false,"footnotes":""},"categories":[1],"tags":[],"class_list":["post-814","post","type-post","status-publish","format-standard","has-post-thumbnail","hentry","category-nouvelles"],"acf":[],"yoast_head":"<!-- This site is optimized with the Yoast SEO plugin v27.5 - https:\/\/yoast.com\/product\/yoast-seo-wordpress\/ -->\n<title>Franciscans International pleure le Pape Fran\u00e7ois - Franciscans International (FR)<\/title>\n<meta name=\"robots\" content=\"index, follow, max-snippet:-1, max-image-preview:large, max-video-preview:-1\" \/>\n<link rel=\"canonical\" href=\"https:\/\/franciscansinternational.org\/fr\/franciscans-international-pleure-le-pape-francois\/\" \/>\n<meta property=\"og:locale\" content=\"fr_FR\" \/>\n<meta property=\"og:type\" content=\"article\" \/>\n<meta property=\"og:title\" content=\"Franciscans International pleure le Pape Fran\u00e7ois - Franciscans International (FR)\" \/>\n<meta property=\"og:description\" content=\"C&rsquo;est avec une grande tristesse que nous avons appris le d\u00e9c\u00e8s du pape Fran\u00e7ois le lundi de P\u00e2ques. Nous lui ...\" \/>\n<meta property=\"og:url\" content=\"https:\/\/franciscansinternational.org\/fr\/franciscans-international-pleure-le-pape-francois\/\" \/>\n<meta property=\"og:site_name\" content=\"Franciscans International (FR)\" \/>\n<meta property=\"article:publisher\" content=\"https:\/\/www.facebook.com\/FranciscansInternational\/\" \/>\n<meta property=\"article:published_time\" content=\"2025-04-22T07:48:46+00:00\" \/>\n<meta property=\"article:modified_time\" content=\"2025-04-22T07:48:48+00:00\" \/>\n<meta property=\"og:image\" content=\"https:\/\/franciscansinternational.org\/fr\/wp-content\/uploads\/sites\/6\/2025\/04\/Francis_WebsiteThumb.jpg\" \/>\n\t<meta property=\"og:image:width\" content=\"2000\" \/>\n\t<meta property=\"og:image:height\" content=\"1052\" \/>\n\t<meta property=\"og:image:type\" content=\"image\/jpeg\" \/>\n<meta name=\"author\" content=\"communications\" \/>\n<meta name=\"twitter:card\" content=\"summary_large_image\" \/>\n<meta name=\"twitter:creator\" content=\"@FranciscansIntl\" \/>\n<meta name=\"twitter:site\" content=\"@FranciscansIntl\" \/>\n<meta name=\"twitter:label1\" content=\"\u00c9crit par\" \/>\n\t<meta name=\"twitter:data1\" content=\"communications\" \/>\n\t<meta name=\"twitter:label2\" content=\"Dur\u00e9e de lecture estim\u00e9e\" \/>\n\t<meta name=\"twitter:data2\" content=\"2 minutes\" \/>\n<script type=\"application\/ld+json\" class=\"yoast-schema-graph\">{\"@context\":\"https:\\\/\\\/schema.org\",\"@graph\":[{\"@type\":\"Article\",\"@id\":\"https:\\\/\\\/franciscansinternational.org\\\/fr\\\/franciscans-international-pleure-le-pape-francois\\\/#article\",\"isPartOf\":{\"@id\":\"https:\\\/\\\/franciscansinternational.org\\\/fr\\\/franciscans-international-pleure-le-pape-francois\\\/\"},\"author\":{\"name\":\"communications\",\"@id\":\"https:\\\/\\\/franciscansinternational.org\\\/fr\\\/#\\\/schema\\\/person\\\/f398f02712a9dcab7603295bc1ea94e4\"},\"headline\":\"Franciscans International pleure le Pape Fran\u00e7ois\",\"datePublished\":\"2025-04-22T07:48:46+00:00\",\"dateModified\":\"2025-04-22T07:48:48+00:00\",\"mainEntityOfPage\":{\"@id\":\"https:\\\/\\\/franciscansinternational.org\\\/fr\\\/franciscans-international-pleure-le-pape-francois\\\/\"},\"wordCount\":429,\"publisher\":{\"@id\":\"https:\\\/\\\/franciscansinternational.org\\\/fr\\\/#organization\"},\"image\":{\"@id\":\"https:\\\/\\\/franciscansinternational.org\\\/fr\\\/franciscans-international-pleure-le-pape-francois\\\/#primaryimage\"},\"thumbnailUrl\":\"https:\\\/\\\/franciscansinternational.org\\\/fr\\\/wp-content\\\/uploads\\\/sites\\\/6\\\/2025\\\/04\\\/Francis_WebsiteThumb.jpg\",\"articleSection\":[\"Nouvelles\"],\"inLanguage\":\"fr-FR\"},{\"@type\":\"WebPage\",\"@id\":\"https:\\\/\\\/franciscansinternational.org\\\/fr\\\/franciscans-international-pleure-le-pape-francois\\\/\",\"url\":\"https:\\\/\\\/franciscansinternational.org\\\/fr\\\/franciscans-international-pleure-le-pape-francois\\\/\",\"name\":\"Franciscans International pleure le Pape Fran\u00e7ois - Franciscans International (FR)\",\"isPartOf\":{\"@id\":\"https:\\\/\\\/franciscansinternational.org\\\/fr\\\/#website\"},\"primaryImageOfPage\":{\"@id\":\"https:\\\/\\\/franciscansinternational.org\\\/fr\\\/franciscans-international-pleure-le-pape-francois\\\/#primaryimage\"},\"image\":{\"@id\":\"https:\\\/\\\/franciscansinternational.org\\\/fr\\\/franciscans-international-pleure-le-pape-francois\\\/#primaryimage\"},\"thumbnailUrl\":\"https:\\\/\\\/franciscansinternational.org\\\/fr\\\/wp-content\\\/uploads\\\/sites\\\/6\\\/2025\\\/04\\\/Francis_WebsiteThumb.jpg\",\"datePublished\":\"2025-04-22T07:48:46+00:00\",\"dateModified\":\"2025-04-22T07:48:48+00:00\",\"breadcrumb\":{\"@id\":\"https:\\\/\\\/franciscansinternational.org\\\/fr\\\/franciscans-international-pleure-le-pape-francois\\\/#breadcrumb\"},\"inLanguage\":\"fr-FR\",\"potentialAction\":[{\"@type\":\"ReadAction\",\"target\":[\"https:\\\/\\\/franciscansinternational.org\\\/fr\\\/franciscans-international-pleure-le-pape-francois\\\/\"]}]},{\"@type\":\"ImageObject\",\"inLanguage\":\"fr-FR\",\"@id\":\"https:\\\/\\\/franciscansinternational.org\\\/fr\\\/franciscans-international-pleure-le-pape-francois\\\/#primaryimage\",\"url\":\"https:\\\/\\\/franciscansinternational.org\\\/fr\\\/wp-content\\\/uploads\\\/sites\\\/6\\\/2025\\\/04\\\/Francis_WebsiteThumb.jpg\",\"contentUrl\":\"https:\\\/\\\/franciscansinternational.org\\\/fr\\\/wp-content\\\/uploads\\\/sites\\\/6\\\/2025\\\/04\\\/Francis_WebsiteThumb.jpg\",\"width\":2000,\"height\":1052},{\"@type\":\"BreadcrumbList\",\"@id\":\"https:\\\/\\\/franciscansinternational.org\\\/fr\\\/franciscans-international-pleure-le-pape-francois\\\/#breadcrumb\",\"itemListElement\":[{\"@type\":\"ListItem\",\"position\":1,\"name\":\"Home\",\"item\":\"https:\\\/\\\/franciscansinternational.org\\\/fr\\\/\"},{\"@type\":\"ListItem\",\"position\":2,\"name\":\"Franciscans International pleure le Pape Fran\u00e7ois\"}]},{\"@type\":\"WebSite\",\"@id\":\"https:\\\/\\\/franciscansinternational.org\\\/fr\\\/#website\",\"url\":\"https:\\\/\\\/franciscansinternational.org\\\/fr\\\/\",\"name\":\"Franciscans International (FR)\",\"description\":\"\",\"publisher\":{\"@id\":\"https:\\\/\\\/franciscansinternational.org\\\/fr\\\/#organization\"},\"potentialAction\":[{\"@type\":\"SearchAction\",\"target\":{\"@type\":\"EntryPoint\",\"urlTemplate\":\"https:\\\/\\\/franciscansinternational.org\\\/fr\\\/?s={search_term_string}\"},\"query-input\":{\"@type\":\"PropertyValueSpecification\",\"valueRequired\":true,\"valueName\":\"search_term_string\"}}],\"inLanguage\":\"fr-FR\"},{\"@type\":\"Organization\",\"@id\":\"https:\\\/\\\/franciscansinternational.org\\\/fr\\\/#organization\",\"name\":\"Franciscans International (FR)\",\"url\":\"https:\\\/\\\/franciscansinternational.org\\\/fr\\\/\",\"logo\":{\"@type\":\"ImageObject\",\"inLanguage\":\"fr-FR\",\"@id\":\"https:\\\/\\\/franciscansinternational.org\\\/fr\\\/#\\\/schema\\\/logo\\\/image\\\/\",\"url\":\"https:\\\/\\\/franciscansinternational.org\\\/wp-content\\\/uploads\\\/sites\\\/6\\\/2023\\\/05\\\/logo-3.png\",\"contentUrl\":\"https:\\\/\\\/franciscansinternational.org\\\/wp-content\\\/uploads\\\/sites\\\/6\\\/2023\\\/05\\\/logo-3.png\",\"width\":1200,\"height\":205,\"caption\":\"Franciscans International (FR)\"},\"image\":{\"@id\":\"https:\\\/\\\/franciscansinternational.org\\\/fr\\\/#\\\/schema\\\/logo\\\/image\\\/\"},\"sameAs\":[\"https:\\\/\\\/www.facebook.com\\\/FranciscansInternational\\\/\",\"https:\\\/\\\/x.com\\\/FranciscansIntl\",\"https:\\\/\\\/www.youtube.com\\\/channel\\\/UCexu0i-fWB4wwrlPMCz8_Zg\"]},{\"@type\":\"Person\",\"@id\":\"https:\\\/\\\/franciscansinternational.org\\\/fr\\\/#\\\/schema\\\/person\\\/f398f02712a9dcab7603295bc1ea94e4\",\"name\":\"communications\",\"image\":{\"@type\":\"ImageObject\",\"inLanguage\":\"fr-FR\",\"@id\":\"https:\\\/\\\/secure.gravatar.com\\\/avatar\\\/0b4a62226a9b4f7ce621ec49ca40be1e77d886a42ca84b8a0b0697e9ec17dd63?s=96&d=mm&r=g\",\"url\":\"https:\\\/\\\/secure.gravatar.com\\\/avatar\\\/0b4a62226a9b4f7ce621ec49ca40be1e77d886a42ca84b8a0b0697e9ec17dd63?s=96&d=mm&r=g\",\"contentUrl\":\"https:\\\/\\\/secure.gravatar.com\\\/avatar\\\/0b4a62226a9b4f7ce621ec49ca40be1e77d886a42ca84b8a0b0697e9ec17dd63?s=96&d=mm&r=g\",\"caption\":\"communications\"},\"url\":\"https:\\\/\\\/franciscansinternational.org\\\/fr\\\/author\\\/communications\\\/\"}]}<\/script>\n<!-- \/ Yoast SEO plugin. -->","yoast_head_json":{"title":"Franciscans International pleure le Pape Fran\u00e7ois - Franciscans International (FR)","robots":{"index":"index","follow":"follow","max-snippet":"max-snippet:-1","max-image-preview":"max-image-preview:large","max-video-preview":"max-video-preview:-1"},"canonical":"https:\/\/franciscansinternational.org\/fr\/franciscans-international-pleure-le-pape-francois\/","og_locale":"fr_FR","og_type":"article","og_title":"Franciscans International pleure le Pape Fran\u00e7ois - Franciscans International (FR)","og_description":"C&rsquo;est avec une grande tristesse que nous avons appris le d\u00e9c\u00e8s du pape Fran\u00e7ois le lundi de P\u00e2ques. Nous lui ...","og_url":"https:\/\/franciscansinternational.org\/fr\/franciscans-international-pleure-le-pape-francois\/","og_site_name":"Franciscans International (FR)","article_publisher":"https:\/\/www.facebook.com\/FranciscansInternational\/","article_published_time":"2025-04-22T07:48:46+00:00","article_modified_time":"2025-04-22T07:48:48+00:00","og_image":[{"width":2000,"height":1052,"url":"https:\/\/franciscansinternational.org\/fr\/wp-content\/uploads\/sites\/6\/2025\/04\/Francis_WebsiteThumb.jpg","type":"image\/jpeg"}],"author":"communications","twitter_card":"summary_large_image","twitter_creator":"@FranciscansIntl","twitter_site":"@FranciscansIntl","twitter_misc":{"\u00c9crit par":"communications","Dur\u00e9e de lecture estim\u00e9e":"2 minutes"},"schema":{"@context":"https:\/\/schema.org","@graph":[{"@type":"Article","@id":"https:\/\/franciscansinternational.org\/fr\/franciscans-international-pleure-le-pape-francois\/#article","isPartOf":{"@id":"https:\/\/franciscansinternational.org\/fr\/franciscans-international-pleure-le-pape-francois\/"},"author":{"name":"communications","@id":"https:\/\/franciscansinternational.org\/fr\/#\/schema\/person\/f398f02712a9dcab7603295bc1ea94e4"},"headline":"Franciscans International pleure le Pape Fran\u00e7ois","datePublished":"2025-04-22T07:48:46+00:00","dateModified":"2025-04-22T07:48:48+00:00","mainEntityOfPage":{"@id":"https:\/\/franciscansinternational.org\/fr\/franciscans-international-pleure-le-pape-francois\/"},"wordCount":429,"publisher":{"@id":"https:\/\/franciscansinternational.org\/fr\/#organization"},"image":{"@id":"https:\/\/franciscansinternational.org\/fr\/franciscans-international-pleure-le-pape-francois\/#primaryimage"},"thumbnailUrl":"https:\/\/franciscansinternational.org\/fr\/wp-content\/uploads\/sites\/6\/2025\/04\/Francis_WebsiteThumb.jpg","articleSection":["Nouvelles"],"inLanguage":"fr-FR"},{"@type":"WebPage","@id":"https:\/\/franciscansinternational.org\/fr\/franciscans-international-pleure-le-pape-francois\/","url":"https:\/\/franciscansinternational.org\/fr\/franciscans-international-pleure-le-pape-francois\/","name":"Franciscans International pleure le Pape Fran\u00e7ois - Franciscans International (FR)","isPartOf":{"@id":"https:\/\/franciscansinternational.org\/fr\/#website"},"primaryImageOfPage":{"@id":"https:\/\/franciscansinternational.org\/fr\/franciscans-international-pleure-le-pape-francois\/#primaryimage"},"image":{"@id":"https:\/\/franciscansinternational.org\/fr\/franciscans-international-pleure-le-pape-francois\/#primaryimage"},"thumbnailUrl":"https:\/\/franciscansinternational.org\/fr\/wp-content\/uploads\/sites\/6\/2025\/04\/Francis_WebsiteThumb.jpg","datePublished":"2025-04-22T07:48:46+00:00","dateModified":"2025-04-22T07:48:48+00:00","breadcrumb":{"@id":"https:\/\/franciscansinternational.org\/fr\/franciscans-international-pleure-le-pape-francois\/#breadcrumb"},"inLanguage":"fr-FR","potentialAction":[{"@type":"ReadAction","target":["https:\/\/franciscansinternational.org\/fr\/franciscans-international-pleure-le-pape-francois\/"]}]},{"@type":"ImageObject","inLanguage":"fr-FR","@id":"https:\/\/franciscansinternational.org\/fr\/franciscans-international-pleure-le-pape-francois\/#primaryimage","url":"https:\/\/franciscansinternational.org\/fr\/wp-content\/uploads\/sites\/6\/2025\/04\/Francis_WebsiteThumb.jpg","contentUrl":"https:\/\/franciscansinternational.org\/fr\/wp-content\/uploads\/sites\/6\/2025\/04\/Francis_WebsiteThumb.jpg","width":2000,"height":1052},{"@type":"BreadcrumbList","@id":"https:\/\/franciscansinternational.org\/fr\/franciscans-international-pleure-le-pape-francois\/#breadcrumb","itemListElement":[{"@type":"ListItem","position":1,"name":"Home","item":"https:\/\/franciscansinternational.org\/fr\/"},{"@type":"ListItem","position":2,"name":"Franciscans International pleure le Pape Fran\u00e7ois"}]},{"@type":"WebSite","@id":"https:\/\/franciscansinternational.org\/fr\/#website","url":"https:\/\/franciscansinternational.org\/fr\/","name":"Franciscans International (FR)","description":"","publisher":{"@id":"https:\/\/franciscansinternational.org\/fr\/#organization"},"potentialAction":[{"@type":"SearchAction","target":{"@type":"EntryPoint","urlTemplate":"https:\/\/franciscansinternational.org\/fr\/?s={search_term_string}"},"query-input":{"@type":"PropertyValueSpecification","valueRequired":true,"valueName":"search_term_string"}}],"inLanguage":"fr-FR"},{"@type":"Organization","@id":"https:\/\/franciscansinternational.org\/fr\/#organization","name":"Franciscans International (FR)","url":"https:\/\/franciscansinternational.org\/fr\/","logo":{"@type":"ImageObject","inLanguage":"fr-FR","@id":"https:\/\/franciscansinternational.org\/fr\/#\/schema\/logo\/image\/","url":"https:\/\/franciscansinternational.org\/wp-content\/uploads\/sites\/6\/2023\/05\/logo-3.png","contentUrl":"https:\/\/franciscansinternational.org\/wp-content\/uploads\/sites\/6\/2023\/05\/logo-3.png","width":1200,"height":205,"caption":"Franciscans International (FR)"},"image":{"@id":"https:\/\/franciscansinternational.org\/fr\/#\/schema\/logo\/image\/"},"sameAs":["https:\/\/www.facebook.com\/FranciscansInternational\/","https:\/\/x.com\/FranciscansIntl","https:\/\/www.youtube.com\/channel\/UCexu0i-fWB4wwrlPMCz8_Zg"]},{"@type":"Person","@id":"https:\/\/franciscansinternational.org\/fr\/#\/schema\/person\/f398f02712a9dcab7603295bc1ea94e4","name":"communications","image":{"@type":"ImageObject","inLanguage":"fr-FR","@id":"https:\/\/secure.gravatar.com\/avatar\/0b4a62226a9b4f7ce621ec49ca40be1e77d886a42ca84b8a0b0697e9ec17dd63?s=96&d=mm&r=g","url":"https:\/\/secure.gravatar.com\/avatar\/0b4a62226a9b4f7ce621ec49ca40be1e77d886a42ca84b8a0b0697e9ec17dd63?s=96&d=mm&r=g","contentUrl":"https:\/\/secure.gravatar.com\/avatar\/0b4a62226a9b4f7ce621ec49ca40be1e77d886a42ca84b8a0b0697e9ec17dd63?s=96&d=mm&r=g","caption":"communications"},"url":"https:\/\/franciscansinternational.org\/fr\/author\/communications\/"}]}},"jetpack_featured_media_url":"https:\/\/franciscansinternational.org\/fr\/wp-content\/uploads\/sites\/6\/2025\/04\/Francis_WebsiteThumb.jpg","jetpack_sharing_enabled":true,"_links":{"self":[{"href":"https:\/\/franciscansinternational.org\/fr\/wp-json\/wp\/v2\/posts\/814","targetHints":{"allow":["GET"]}}],"collection":[{"href":"https:\/\/franciscansinternational.org\/fr\/wp-json\/wp\/v2\/posts"}],"about":[{"href":"https:\/\/franciscansinternational.org\/fr\/wp-json\/wp\/v2\/types\/post"}],"author":[{"embeddable":true,"href":"https:\/\/franciscansinternational.org\/fr\/wp-json\/wp\/v2\/users\/3"}],"replies":[{"embeddable":true,"href":"https:\/\/franciscansinternational.org\/fr\/wp-json\/wp\/v2\/comments?post=814"}],"version-history":[{"count":2,"href":"https:\/\/franciscansinternational.org\/fr\/wp-json\/wp\/v2\/posts\/814\/revisions"}],"predecessor-version":[{"id":817,"href":"https:\/\/franciscansinternational.org\/fr\/wp-json\/wp\/v2\/posts\/814\/revisions\/817"}],"wp:featuredmedia":[{"embeddable":true,"href":"https:\/\/franciscansinternational.org\/fr\/wp-json\/wp\/v2\/media\/815"}],"wp:attachment":[{"href":"https:\/\/franciscansinternational.org\/fr\/wp-json\/wp\/v2\/media?parent=814"}],"wp:term":[{"taxonomy":"category","embeddable":true,"href":"https:\/\/franciscansinternational.org\/fr\/wp-json\/wp\/v2\/categories?post=814"},{"taxonomy":"post_tag","embeddable":true,"href":"https:\/\/franciscansinternational.org\/fr\/wp-json\/wp\/v2\/tags?post=814"}],"curies":[{"name":"wp","href":"https:\/\/api.w.org\/{rel}","templated":true}]}}