{"id":899,"date":"2025-09-02T14:28:23","date_gmt":"2025-09-02T14:28:23","guid":{"rendered":"https:\/\/franciscansinternational.org\/fr\/?p=899"},"modified":"2025-09-02T14:45:09","modified_gmt":"2025-09-02T14:45:09","slug":"les-franciscains-sappretent-a-soulever-les-causes-profondes-de-la-violence-persistante-dans-le-nord-du-mozambique-a-lonu","status":"publish","type":"post","link":"https:\/\/franciscansinternational.org\/fr\/les-franciscains-sappretent-a-soulever-les-causes-profondes-de-la-violence-persistante-dans-le-nord-du-mozambique-a-lonu\/","title":{"rendered":"Les Franciscains s&rsquo;appr\u00eatent \u00e0 soulever les causes profondes de la violence persistante dans le nord du Mozambique \u00e0 l&rsquo;ONU"},"content":{"rendered":"\n<p>En octobre 2017, une s\u00e9rie d&rsquo;attaques insurg\u00e9es dans la province de Cabo Delgado, au nord du Mozambique, a d\u00e9clench\u00e9 un conflit qui a d\u00e9plac\u00e9 plus de 600 000 personnes. Les Franciscains ont initialement r\u00e9agi \u00e0 la crise en mettant en place des structures de soutien pour les vagues de personnes d\u00e9plac\u00e9es \u00e0 l&rsquo;int\u00e9rieur du pays (PDI), en essayant de rem\u00e9dier au manque de nourriture, d&rsquo;eau, de logement, d&rsquo;\u00e9ducation et de pr\u00e9venir les traumatismes chez ceux qui fuyaient la violence.&nbsp;<\/p>\n\n\n\n<p>Depuis lors, les combats entre les forces mozambicaines mal entra\u00een\u00e9es et les insurg\u00e9s se sont transform\u00e9s en un conflit prolong\u00e9 de faible intensit\u00e9 dont la fin n&rsquo;est pas pr\u00e8s d&rsquo;\u00eatre en vue. Outre les attaques sporadiques perp\u00e9tr\u00e9es par les insurg\u00e9s contre les communaut\u00e9s, le nombre croissant de violations des droits humains commises par les forces gouvernementales sans aucune responsabilit\u00e9 a bris\u00e9 la confiance de ceux qu&rsquo;elles sont cens\u00e9es prot\u00e9ger. Le conflit est aliment\u00e9 non seulement par la pr\u00e9sence de gaz naturel, de p\u00e9trole et d&rsquo;autres ressources naturelles, mais aussi par un changement dans la dynamique locale, o\u00f9 les communaut\u00e9s ne tirent aucun b\u00e9n\u00e9fice \u00e9conomique des activit\u00e9s des transnationales. Au contraire, les artisans locaux ont \u00e9t\u00e9 chass\u00e9s de leurs activit\u00e9s habituelles, ce qui a encore accru les tensions dans une province longtemps marginalis\u00e9e sur les plans politique, social et \u00e9conomique.&nbsp;<\/p>\n\n\n\n<p>Franciscans International s&rsquo;est r\u00e9cemment rendu au Mozambique o\u00f9 nous avons visit\u00e9 le camp de d\u00e9plac\u00e9s internes de Corane et rencontr\u00e9 des dirigeants communautaires, des repr\u00e9sentants de la soci\u00e9t\u00e9 civile et d&rsquo;autres parties prenantes. Nous avons \u00e9galement profit\u00e9 de l&rsquo;occasion pour organiser un atelier sur les droits humains en vue de l&rsquo;Examen p\u00e9riodique universel (EPU) du Mozambique. R\u00e9unissant diff\u00e9rentes branches de la famille franciscaine, la formation a couvert un large \u00e9ventail de questions, notamment la documentation et les strat\u00e9gies visant \u00e0 renforcer les r\u00e9seaux existants et \u00e0 r\u00e9pondre \u00e0 l&rsquo;\u00e9volution du r\u00f4le des franciscains face au conflit.<\/p>\n\n\n\n<p><\/p>\n\n\n\n<figure class=\"wp-block-gallery has-nested-images columns-default is-cropped wp-block-gallery-1 is-layout-flex wp-block-gallery-is-layout-flex\">\n<figure class=\"wp-block-image size-large\"><img loading=\"lazy\" decoding=\"async\" width=\"1016\" height=\"677\" data-id=\"901\" src=\"https:\/\/franciscansinternational.org\/fr\/wp-content\/uploads\/sites\/6\/2025\/09\/2025_Mozambique1.jpg\" alt=\"\" class=\"wp-image-901\" srcset=\"https:\/\/franciscansinternational.org\/fr\/wp-content\/uploads\/sites\/6\/2025\/09\/2025_Mozambique1.jpg 1016w, https:\/\/franciscansinternational.org\/fr\/wp-content\/uploads\/sites\/6\/2025\/09\/2025_Mozambique1-300x200.jpg 300w, https:\/\/franciscansinternational.org\/fr\/wp-content\/uploads\/sites\/6\/2025\/09\/2025_Mozambique1-768x512.jpg 768w\" sizes=\"auto, (max-width: 1016px) 100vw, 1016px\" \/><\/figure>\n\n\n\n<figure class=\"wp-block-image size-large\"><img loading=\"lazy\" decoding=\"async\" width=\"1000\" height=\"667\" data-id=\"900\" src=\"https:\/\/franciscansinternational.org\/fr\/wp-content\/uploads\/sites\/6\/2025\/09\/2025_Mozambique2.jpg\" alt=\"\" class=\"wp-image-900\" srcset=\"https:\/\/franciscansinternational.org\/fr\/wp-content\/uploads\/sites\/6\/2025\/09\/2025_Mozambique2.jpg 1000w, https:\/\/franciscansinternational.org\/fr\/wp-content\/uploads\/sites\/6\/2025\/09\/2025_Mozambique2-300x200.jpg 300w, https:\/\/franciscansinternational.org\/fr\/wp-content\/uploads\/sites\/6\/2025\/09\/2025_Mozambique2-768x512.jpg 768w\" sizes=\"auto, (max-width: 1000px) 100vw, 1000px\" \/><\/figure>\n\n\n\n<figure class=\"wp-block-image size-large\"><img loading=\"lazy\" decoding=\"async\" width=\"1024\" height=\"682\" data-id=\"902\" src=\"https:\/\/franciscansinternational.org\/fr\/wp-content\/uploads\/sites\/6\/2025\/09\/2025_Mozambique3-1024x682.jpg\" alt=\"\" class=\"wp-image-902\" srcset=\"https:\/\/franciscansinternational.org\/fr\/wp-content\/uploads\/sites\/6\/2025\/09\/2025_Mozambique3-1024x682.jpg 1024w, https:\/\/franciscansinternational.org\/fr\/wp-content\/uploads\/sites\/6\/2025\/09\/2025_Mozambique3-300x200.jpg 300w, https:\/\/franciscansinternational.org\/fr\/wp-content\/uploads\/sites\/6\/2025\/09\/2025_Mozambique3-768x512.jpg 768w, https:\/\/franciscansinternational.org\/fr\/wp-content\/uploads\/sites\/6\/2025\/09\/2025_Mozambique3-1536x1023.jpg 1536w, https:\/\/franciscansinternational.org\/fr\/wp-content\/uploads\/sites\/6\/2025\/09\/2025_Mozambique3.jpg 1600w\" sizes=\"auto, (max-width: 1024px) 100vw, 1024px\" \/><\/figure>\n<\/figure>\n\n\n\n<p><\/p>\n\n\n\n<p>Depuis la&nbsp;<a href=\"https:\/\/franciscansinternational.org\/fr\/un-conflit-oublie-dans-le-nord-du-mozambique\/\">derni\u00e8re visite de FI en 2022<\/a>, le r\u00e9tr\u00e9cissement de l&rsquo;espace civique au Mozambique a gravement entrav\u00e9 la surveillance et les rapports ind\u00e9pendants, les m\u00e9dias \u00e9tant interdits de visite \u00e0 Cabo Delgado.&nbsp;La pr\u00e9sence limit\u00e9e des institutions gouvernementales, y compris le pouvoir judiciaire, en raison du conflit, entrave encore davantage l&rsquo;acc\u00e8s \u00e0 des informations fiables. Dans un contexte de diminution de l&rsquo;aide humanitaire internationale, les franciscains et d&rsquo;autres r\u00e9seaux religieux sont parmi les rares \u00e0 pouvoir apporter leur soutien et documenter les violations des droits humains.<\/p>\n\n\n\n<p>Au cours des prochains mois, FI travaillera en \u00e9troite collaboration avec les fr\u00e8res et s\u0153urs franciscains du Mozambique qui pr\u00e9parent une soumission pour l&rsquo;EPU, un m\u00e9canisme des Nations unies qui examine \u00e0 tour de r\u00f4le le bilan de tous les \u00c9tats membres en mati\u00e8re de droits humains. Leur rapport comprendra des observations et des recommandations cl\u00e9s sur les entreprises et les droits humains, la situation des personnes d\u00e9plac\u00e9es \u00e0 l&rsquo;int\u00e9rieur du pays et la situation s\u00e9curitaire \u00e0 Cabo Delgado. FI pr\u00e9pare \u00e9galement un nouveau rapport sur la situation, qui devrait \u00eatre publi\u00e9 \u00e0 la fin de 2025.<\/p>\n\n\n\n<p><\/p>\n\n\n\n<blockquote class=\"wp-block-quote has-small-font-size is-layout-flow wp-block-quote-is-layout-flow\">\n<p>Il s&rsquo;agit d&rsquo;une traduction automatique. Nous nous excusons pour les erreurs qui auraient pu en r\u00e9sulter. En cas de divergence, la version anglaise fait foi.<\/p>\n<\/blockquote>\n","protected":false},"excerpt":{"rendered":"<p>En octobre 2017, une s\u00e9rie d&rsquo;attaques insurg\u00e9es dans la province de Cabo Delgado, au nord du Mozambique, a d\u00e9clench\u00e9 un &#8230; <\/p>\n","protected":false},"author":3,"featured_media":905,"comment_status":"closed","ping_status":"closed","sticky":false,"template":"","format":"standard","meta":{"_relevanssi_hide_post":"","_relevanssi_hide_content":"","_relevanssi_pin_for_all":"","_relevanssi_pin_keywords":"","_relevanssi_unpin_keywords":"","_relevanssi_related_keywords":"","_relevanssi_related_include_ids":"","_relevanssi_related_exclude_ids":"","_relevanssi_related_no_append":"","_relevanssi_related_not_related":"","_relevanssi_related_posts":"283,614,750,309,368,165","_relevanssi_noindex_reason":"","_jetpack_memberships_contains_paid_content":false,"footnotes":""},"categories":[1],"tags":[],"class_list":["post-899","post","type-post","status-publish","format-standard","has-post-thumbnail","hentry","category-nouvelles"],"acf":[],"yoast_head":"<!-- This site is optimized with the Yoast SEO plugin v27.4 - https:\/\/yoast.com\/product\/yoast-seo-wordpress\/ -->\n<title>Les Franciscains s&#039;appr\u00eatent \u00e0 soulever les causes profondes de la violence persistante dans le nord du Mozambique \u00e0 l&#039;ONU - Franciscans International (FR)<\/title>\n<meta name=\"robots\" content=\"index, follow, max-snippet:-1, max-image-preview:large, max-video-preview:-1\" \/>\n<link rel=\"canonical\" href=\"https:\/\/franciscansinternational.org\/fr\/les-franciscains-sappretent-a-soulever-les-causes-profondes-de-la-violence-persistante-dans-le-nord-du-mozambique-a-lonu\/\" \/>\n<meta property=\"og:locale\" content=\"fr_FR\" \/>\n<meta property=\"og:type\" content=\"article\" \/>\n<meta property=\"og:title\" content=\"Les Franciscains s&#039;appr\u00eatent \u00e0 soulever les causes profondes de la violence persistante dans le nord du Mozambique \u00e0 l&#039;ONU - Franciscans International (FR)\" \/>\n<meta property=\"og:description\" content=\"En octobre 2017, une s\u00e9rie d&rsquo;attaques insurg\u00e9es dans la province de Cabo Delgado, au nord du Mozambique, a d\u00e9clench\u00e9 un ...\" \/>\n<meta property=\"og:url\" content=\"https:\/\/franciscansinternational.org\/fr\/les-franciscains-sappretent-a-soulever-les-causes-profondes-de-la-violence-persistante-dans-le-nord-du-mozambique-a-lonu\/\" \/>\n<meta property=\"og:site_name\" content=\"Franciscans International (FR)\" \/>\n<meta property=\"article:publisher\" content=\"https:\/\/www.facebook.com\/FranciscansInternational\/\" \/>\n<meta property=\"article:published_time\" content=\"2025-09-02T14:28:23+00:00\" \/>\n<meta property=\"article:modified_time\" content=\"2025-09-02T14:45:09+00:00\" \/>\n<meta property=\"og:image\" content=\"https:\/\/franciscansinternational.org\/fr\/wp-content\/uploads\/sites\/6\/2025\/09\/2025_Mozambique_cover.jpg\" \/>\n\t<meta property=\"og:image:width\" content=\"1280\" \/>\n\t<meta property=\"og:image:height\" content=\"800\" \/>\n\t<meta property=\"og:image:type\" content=\"image\/jpeg\" \/>\n<meta name=\"author\" content=\"communications\" \/>\n<meta name=\"twitter:card\" content=\"summary_large_image\" \/>\n<meta name=\"twitter:creator\" content=\"@FranciscansIntl\" \/>\n<meta name=\"twitter:site\" content=\"@FranciscansIntl\" \/>\n<meta name=\"twitter:label1\" content=\"\u00c9crit par\" \/>\n\t<meta name=\"twitter:data1\" content=\"communications\" \/>\n\t<meta name=\"twitter:label2\" content=\"Dur\u00e9e de lecture estim\u00e9e\" \/>\n\t<meta name=\"twitter:data2\" content=\"4 minutes\" \/>\n<script type=\"application\/ld+json\" class=\"yoast-schema-graph\">{\"@context\":\"https:\\\/\\\/schema.org\",\"@graph\":[{\"@type\":\"Article\",\"@id\":\"https:\\\/\\\/franciscansinternational.org\\\/fr\\\/les-franciscains-sappretent-a-soulever-les-causes-profondes-de-la-violence-persistante-dans-le-nord-du-mozambique-a-lonu\\\/#article\",\"isPartOf\":{\"@id\":\"https:\\\/\\\/franciscansinternational.org\\\/fr\\\/les-franciscains-sappretent-a-soulever-les-causes-profondes-de-la-violence-persistante-dans-le-nord-du-mozambique-a-lonu\\\/\"},\"author\":{\"name\":\"communications\",\"@id\":\"https:\\\/\\\/franciscansinternational.org\\\/fr\\\/#\\\/schema\\\/person\\\/f398f02712a9dcab7603295bc1ea94e4\"},\"headline\":\"Les Franciscains s&rsquo;appr\u00eatent \u00e0 soulever les causes profondes de la violence persistante dans le nord du Mozambique \u00e0 l&rsquo;ONU\",\"datePublished\":\"2025-09-02T14:28:23+00:00\",\"dateModified\":\"2025-09-02T14:45:09+00:00\",\"mainEntityOfPage\":{\"@id\":\"https:\\\/\\\/franciscansinternational.org\\\/fr\\\/les-franciscains-sappretent-a-soulever-les-causes-profondes-de-la-violence-persistante-dans-le-nord-du-mozambique-a-lonu\\\/\"},\"wordCount\":615,\"publisher\":{\"@id\":\"https:\\\/\\\/franciscansinternational.org\\\/fr\\\/#organization\"},\"image\":{\"@id\":\"https:\\\/\\\/franciscansinternational.org\\\/fr\\\/les-franciscains-sappretent-a-soulever-les-causes-profondes-de-la-violence-persistante-dans-le-nord-du-mozambique-a-lonu\\\/#primaryimage\"},\"thumbnailUrl\":\"https:\\\/\\\/franciscansinternational.org\\\/fr\\\/wp-content\\\/uploads\\\/sites\\\/6\\\/2025\\\/09\\\/2025_Mozambique_cover.jpg\",\"articleSection\":[\"Nouvelles\"],\"inLanguage\":\"fr-FR\"},{\"@type\":\"WebPage\",\"@id\":\"https:\\\/\\\/franciscansinternational.org\\\/fr\\\/les-franciscains-sappretent-a-soulever-les-causes-profondes-de-la-violence-persistante-dans-le-nord-du-mozambique-a-lonu\\\/\",\"url\":\"https:\\\/\\\/franciscansinternational.org\\\/fr\\\/les-franciscains-sappretent-a-soulever-les-causes-profondes-de-la-violence-persistante-dans-le-nord-du-mozambique-a-lonu\\\/\",\"name\":\"Les Franciscains s'appr\u00eatent \u00e0 soulever les causes profondes de la violence persistante dans le nord du Mozambique \u00e0 l'ONU - Franciscans International (FR)\",\"isPartOf\":{\"@id\":\"https:\\\/\\\/franciscansinternational.org\\\/fr\\\/#website\"},\"primaryImageOfPage\":{\"@id\":\"https:\\\/\\\/franciscansinternational.org\\\/fr\\\/les-franciscains-sappretent-a-soulever-les-causes-profondes-de-la-violence-persistante-dans-le-nord-du-mozambique-a-lonu\\\/#primaryimage\"},\"image\":{\"@id\":\"https:\\\/\\\/franciscansinternational.org\\\/fr\\\/les-franciscains-sappretent-a-soulever-les-causes-profondes-de-la-violence-persistante-dans-le-nord-du-mozambique-a-lonu\\\/#primaryimage\"},\"thumbnailUrl\":\"https:\\\/\\\/franciscansinternational.org\\\/fr\\\/wp-content\\\/uploads\\\/sites\\\/6\\\/2025\\\/09\\\/2025_Mozambique_cover.jpg\",\"datePublished\":\"2025-09-02T14:28:23+00:00\",\"dateModified\":\"2025-09-02T14:45:09+00:00\",\"breadcrumb\":{\"@id\":\"https:\\\/\\\/franciscansinternational.org\\\/fr\\\/les-franciscains-sappretent-a-soulever-les-causes-profondes-de-la-violence-persistante-dans-le-nord-du-mozambique-a-lonu\\\/#breadcrumb\"},\"inLanguage\":\"fr-FR\",\"potentialAction\":[{\"@type\":\"ReadAction\",\"target\":[\"https:\\\/\\\/franciscansinternational.org\\\/fr\\\/les-franciscains-sappretent-a-soulever-les-causes-profondes-de-la-violence-persistante-dans-le-nord-du-mozambique-a-lonu\\\/\"]}]},{\"@type\":\"ImageObject\",\"inLanguage\":\"fr-FR\",\"@id\":\"https:\\\/\\\/franciscansinternational.org\\\/fr\\\/les-franciscains-sappretent-a-soulever-les-causes-profondes-de-la-violence-persistante-dans-le-nord-du-mozambique-a-lonu\\\/#primaryimage\",\"url\":\"https:\\\/\\\/franciscansinternational.org\\\/fr\\\/wp-content\\\/uploads\\\/sites\\\/6\\\/2025\\\/09\\\/2025_Mozambique_cover.jpg\",\"contentUrl\":\"https:\\\/\\\/franciscansinternational.org\\\/fr\\\/wp-content\\\/uploads\\\/sites\\\/6\\\/2025\\\/09\\\/2025_Mozambique_cover.jpg\",\"width\":1280,\"height\":800},{\"@type\":\"BreadcrumbList\",\"@id\":\"https:\\\/\\\/franciscansinternational.org\\\/fr\\\/les-franciscains-sappretent-a-soulever-les-causes-profondes-de-la-violence-persistante-dans-le-nord-du-mozambique-a-lonu\\\/#breadcrumb\",\"itemListElement\":[{\"@type\":\"ListItem\",\"position\":1,\"name\":\"Home\",\"item\":\"https:\\\/\\\/franciscansinternational.org\\\/fr\\\/\"},{\"@type\":\"ListItem\",\"position\":2,\"name\":\"Les Franciscains s&rsquo;appr\u00eatent \u00e0 soulever les causes profondes de la violence persistante dans le nord du Mozambique \u00e0 l&rsquo;ONU\"}]},{\"@type\":\"WebSite\",\"@id\":\"https:\\\/\\\/franciscansinternational.org\\\/fr\\\/#website\",\"url\":\"https:\\\/\\\/franciscansinternational.org\\\/fr\\\/\",\"name\":\"Franciscans International (FR)\",\"description\":\"\",\"publisher\":{\"@id\":\"https:\\\/\\\/franciscansinternational.org\\\/fr\\\/#organization\"},\"potentialAction\":[{\"@type\":\"SearchAction\",\"target\":{\"@type\":\"EntryPoint\",\"urlTemplate\":\"https:\\\/\\\/franciscansinternational.org\\\/fr\\\/?s={search_term_string}\"},\"query-input\":{\"@type\":\"PropertyValueSpecification\",\"valueRequired\":true,\"valueName\":\"search_term_string\"}}],\"inLanguage\":\"fr-FR\"},{\"@type\":\"Organization\",\"@id\":\"https:\\\/\\\/franciscansinternational.org\\\/fr\\\/#organization\",\"name\":\"Franciscans International (FR)\",\"url\":\"https:\\\/\\\/franciscansinternational.org\\\/fr\\\/\",\"logo\":{\"@type\":\"ImageObject\",\"inLanguage\":\"fr-FR\",\"@id\":\"https:\\\/\\\/franciscansinternational.org\\\/fr\\\/#\\\/schema\\\/logo\\\/image\\\/\",\"url\":\"https:\\\/\\\/franciscansinternational.org\\\/wp-content\\\/uploads\\\/sites\\\/6\\\/2023\\\/05\\\/logo-3.png\",\"contentUrl\":\"https:\\\/\\\/franciscansinternational.org\\\/wp-content\\\/uploads\\\/sites\\\/6\\\/2023\\\/05\\\/logo-3.png\",\"width\":1200,\"height\":205,\"caption\":\"Franciscans International (FR)\"},\"image\":{\"@id\":\"https:\\\/\\\/franciscansinternational.org\\\/fr\\\/#\\\/schema\\\/logo\\\/image\\\/\"},\"sameAs\":[\"https:\\\/\\\/www.facebook.com\\\/FranciscansInternational\\\/\",\"https:\\\/\\\/x.com\\\/FranciscansIntl\",\"https:\\\/\\\/www.youtube.com\\\/channel\\\/UCexu0i-fWB4wwrlPMCz8_Zg\"]},{\"@type\":\"Person\",\"@id\":\"https:\\\/\\\/franciscansinternational.org\\\/fr\\\/#\\\/schema\\\/person\\\/f398f02712a9dcab7603295bc1ea94e4\",\"name\":\"communications\",\"image\":{\"@type\":\"ImageObject\",\"inLanguage\":\"fr-FR\",\"@id\":\"https:\\\/\\\/secure.gravatar.com\\\/avatar\\\/0b4a62226a9b4f7ce621ec49ca40be1e77d886a42ca84b8a0b0697e9ec17dd63?s=96&d=mm&r=g\",\"url\":\"https:\\\/\\\/secure.gravatar.com\\\/avatar\\\/0b4a62226a9b4f7ce621ec49ca40be1e77d886a42ca84b8a0b0697e9ec17dd63?s=96&d=mm&r=g\",\"contentUrl\":\"https:\\\/\\\/secure.gravatar.com\\\/avatar\\\/0b4a62226a9b4f7ce621ec49ca40be1e77d886a42ca84b8a0b0697e9ec17dd63?s=96&d=mm&r=g\",\"caption\":\"communications\"},\"url\":\"https:\\\/\\\/franciscansinternational.org\\\/fr\\\/author\\\/communications\\\/\"}]}<\/script>\n<!-- \/ Yoast SEO plugin. -->","yoast_head_json":{"title":"Les Franciscains s'appr\u00eatent \u00e0 soulever les causes profondes de la violence persistante dans le nord du Mozambique \u00e0 l'ONU - Franciscans International (FR)","robots":{"index":"index","follow":"follow","max-snippet":"max-snippet:-1","max-image-preview":"max-image-preview:large","max-video-preview":"max-video-preview:-1"},"canonical":"https:\/\/franciscansinternational.org\/fr\/les-franciscains-sappretent-a-soulever-les-causes-profondes-de-la-violence-persistante-dans-le-nord-du-mozambique-a-lonu\/","og_locale":"fr_FR","og_type":"article","og_title":"Les Franciscains s'appr\u00eatent \u00e0 soulever les causes profondes de la violence persistante dans le nord du Mozambique \u00e0 l'ONU - Franciscans International (FR)","og_description":"En octobre 2017, une s\u00e9rie d&rsquo;attaques insurg\u00e9es dans la province de Cabo Delgado, au nord du Mozambique, a d\u00e9clench\u00e9 un ...","og_url":"https:\/\/franciscansinternational.org\/fr\/les-franciscains-sappretent-a-soulever-les-causes-profondes-de-la-violence-persistante-dans-le-nord-du-mozambique-a-lonu\/","og_site_name":"Franciscans International (FR)","article_publisher":"https:\/\/www.facebook.com\/FranciscansInternational\/","article_published_time":"2025-09-02T14:28:23+00:00","article_modified_time":"2025-09-02T14:45:09+00:00","og_image":[{"width":1280,"height":800,"url":"https:\/\/franciscansinternational.org\/fr\/wp-content\/uploads\/sites\/6\/2025\/09\/2025_Mozambique_cover.jpg","type":"image\/jpeg"}],"author":"communications","twitter_card":"summary_large_image","twitter_creator":"@FranciscansIntl","twitter_site":"@FranciscansIntl","twitter_misc":{"\u00c9crit par":"communications","Dur\u00e9e de lecture estim\u00e9e":"4 minutes"},"schema":{"@context":"https:\/\/schema.org","@graph":[{"@type":"Article","@id":"https:\/\/franciscansinternational.org\/fr\/les-franciscains-sappretent-a-soulever-les-causes-profondes-de-la-violence-persistante-dans-le-nord-du-mozambique-a-lonu\/#article","isPartOf":{"@id":"https:\/\/franciscansinternational.org\/fr\/les-franciscains-sappretent-a-soulever-les-causes-profondes-de-la-violence-persistante-dans-le-nord-du-mozambique-a-lonu\/"},"author":{"name":"communications","@id":"https:\/\/franciscansinternational.org\/fr\/#\/schema\/person\/f398f02712a9dcab7603295bc1ea94e4"},"headline":"Les Franciscains s&rsquo;appr\u00eatent \u00e0 soulever les causes profondes de la violence persistante dans le nord du Mozambique \u00e0 l&rsquo;ONU","datePublished":"2025-09-02T14:28:23+00:00","dateModified":"2025-09-02T14:45:09+00:00","mainEntityOfPage":{"@id":"https:\/\/franciscansinternational.org\/fr\/les-franciscains-sappretent-a-soulever-les-causes-profondes-de-la-violence-persistante-dans-le-nord-du-mozambique-a-lonu\/"},"wordCount":615,"publisher":{"@id":"https:\/\/franciscansinternational.org\/fr\/#organization"},"image":{"@id":"https:\/\/franciscansinternational.org\/fr\/les-franciscains-sappretent-a-soulever-les-causes-profondes-de-la-violence-persistante-dans-le-nord-du-mozambique-a-lonu\/#primaryimage"},"thumbnailUrl":"https:\/\/franciscansinternational.org\/fr\/wp-content\/uploads\/sites\/6\/2025\/09\/2025_Mozambique_cover.jpg","articleSection":["Nouvelles"],"inLanguage":"fr-FR"},{"@type":"WebPage","@id":"https:\/\/franciscansinternational.org\/fr\/les-franciscains-sappretent-a-soulever-les-causes-profondes-de-la-violence-persistante-dans-le-nord-du-mozambique-a-lonu\/","url":"https:\/\/franciscansinternational.org\/fr\/les-franciscains-sappretent-a-soulever-les-causes-profondes-de-la-violence-persistante-dans-le-nord-du-mozambique-a-lonu\/","name":"Les Franciscains s'appr\u00eatent \u00e0 soulever les causes profondes de la violence persistante dans le nord du Mozambique \u00e0 l'ONU - Franciscans International (FR)","isPartOf":{"@id":"https:\/\/franciscansinternational.org\/fr\/#website"},"primaryImageOfPage":{"@id":"https:\/\/franciscansinternational.org\/fr\/les-franciscains-sappretent-a-soulever-les-causes-profondes-de-la-violence-persistante-dans-le-nord-du-mozambique-a-lonu\/#primaryimage"},"image":{"@id":"https:\/\/franciscansinternational.org\/fr\/les-franciscains-sappretent-a-soulever-les-causes-profondes-de-la-violence-persistante-dans-le-nord-du-mozambique-a-lonu\/#primaryimage"},"thumbnailUrl":"https:\/\/franciscansinternational.org\/fr\/wp-content\/uploads\/sites\/6\/2025\/09\/2025_Mozambique_cover.jpg","datePublished":"2025-09-02T14:28:23+00:00","dateModified":"2025-09-02T14:45:09+00:00","breadcrumb":{"@id":"https:\/\/franciscansinternational.org\/fr\/les-franciscains-sappretent-a-soulever-les-causes-profondes-de-la-violence-persistante-dans-le-nord-du-mozambique-a-lonu\/#breadcrumb"},"inLanguage":"fr-FR","potentialAction":[{"@type":"ReadAction","target":["https:\/\/franciscansinternational.org\/fr\/les-franciscains-sappretent-a-soulever-les-causes-profondes-de-la-violence-persistante-dans-le-nord-du-mozambique-a-lonu\/"]}]},{"@type":"ImageObject","inLanguage":"fr-FR","@id":"https:\/\/franciscansinternational.org\/fr\/les-franciscains-sappretent-a-soulever-les-causes-profondes-de-la-violence-persistante-dans-le-nord-du-mozambique-a-lonu\/#primaryimage","url":"https:\/\/franciscansinternational.org\/fr\/wp-content\/uploads\/sites\/6\/2025\/09\/2025_Mozambique_cover.jpg","contentUrl":"https:\/\/franciscansinternational.org\/fr\/wp-content\/uploads\/sites\/6\/2025\/09\/2025_Mozambique_cover.jpg","width":1280,"height":800},{"@type":"BreadcrumbList","@id":"https:\/\/franciscansinternational.org\/fr\/les-franciscains-sappretent-a-soulever-les-causes-profondes-de-la-violence-persistante-dans-le-nord-du-mozambique-a-lonu\/#breadcrumb","itemListElement":[{"@type":"ListItem","position":1,"name":"Home","item":"https:\/\/franciscansinternational.org\/fr\/"},{"@type":"ListItem","position":2,"name":"Les Franciscains s&rsquo;appr\u00eatent \u00e0 soulever les causes profondes de la violence persistante dans le nord du Mozambique \u00e0 l&rsquo;ONU"}]},{"@type":"WebSite","@id":"https:\/\/franciscansinternational.org\/fr\/#website","url":"https:\/\/franciscansinternational.org\/fr\/","name":"Franciscans International (FR)","description":"","publisher":{"@id":"https:\/\/franciscansinternational.org\/fr\/#organization"},"potentialAction":[{"@type":"SearchAction","target":{"@type":"EntryPoint","urlTemplate":"https:\/\/franciscansinternational.org\/fr\/?s={search_term_string}"},"query-input":{"@type":"PropertyValueSpecification","valueRequired":true,"valueName":"search_term_string"}}],"inLanguage":"fr-FR"},{"@type":"Organization","@id":"https:\/\/franciscansinternational.org\/fr\/#organization","name":"Franciscans International (FR)","url":"https:\/\/franciscansinternational.org\/fr\/","logo":{"@type":"ImageObject","inLanguage":"fr-FR","@id":"https:\/\/franciscansinternational.org\/fr\/#\/schema\/logo\/image\/","url":"https:\/\/franciscansinternational.org\/wp-content\/uploads\/sites\/6\/2023\/05\/logo-3.png","contentUrl":"https:\/\/franciscansinternational.org\/wp-content\/uploads\/sites\/6\/2023\/05\/logo-3.png","width":1200,"height":205,"caption":"Franciscans International (FR)"},"image":{"@id":"https:\/\/franciscansinternational.org\/fr\/#\/schema\/logo\/image\/"},"sameAs":["https:\/\/www.facebook.com\/FranciscansInternational\/","https:\/\/x.com\/FranciscansIntl","https:\/\/www.youtube.com\/channel\/UCexu0i-fWB4wwrlPMCz8_Zg"]},{"@type":"Person","@id":"https:\/\/franciscansinternational.org\/fr\/#\/schema\/person\/f398f02712a9dcab7603295bc1ea94e4","name":"communications","image":{"@type":"ImageObject","inLanguage":"fr-FR","@id":"https:\/\/secure.gravatar.com\/avatar\/0b4a62226a9b4f7ce621ec49ca40be1e77d886a42ca84b8a0b0697e9ec17dd63?s=96&d=mm&r=g","url":"https:\/\/secure.gravatar.com\/avatar\/0b4a62226a9b4f7ce621ec49ca40be1e77d886a42ca84b8a0b0697e9ec17dd63?s=96&d=mm&r=g","contentUrl":"https:\/\/secure.gravatar.com\/avatar\/0b4a62226a9b4f7ce621ec49ca40be1e77d886a42ca84b8a0b0697e9ec17dd63?s=96&d=mm&r=g","caption":"communications"},"url":"https:\/\/franciscansinternational.org\/fr\/author\/communications\/"}]}},"jetpack_featured_media_url":"https:\/\/franciscansinternational.org\/fr\/wp-content\/uploads\/sites\/6\/2025\/09\/2025_Mozambique_cover.jpg","jetpack_sharing_enabled":true,"_links":{"self":[{"href":"https:\/\/franciscansinternational.org\/fr\/wp-json\/wp\/v2\/posts\/899","targetHints":{"allow":["GET"]}}],"collection":[{"href":"https:\/\/franciscansinternational.org\/fr\/wp-json\/wp\/v2\/posts"}],"about":[{"href":"https:\/\/franciscansinternational.org\/fr\/wp-json\/wp\/v2\/types\/post"}],"author":[{"embeddable":true,"href":"https:\/\/franciscansinternational.org\/fr\/wp-json\/wp\/v2\/users\/3"}],"replies":[{"embeddable":true,"href":"https:\/\/franciscansinternational.org\/fr\/wp-json\/wp\/v2\/comments?post=899"}],"version-history":[{"count":2,"href":"https:\/\/franciscansinternational.org\/fr\/wp-json\/wp\/v2\/posts\/899\/revisions"}],"predecessor-version":[{"id":907,"href":"https:\/\/franciscansinternational.org\/fr\/wp-json\/wp\/v2\/posts\/899\/revisions\/907"}],"wp:featuredmedia":[{"embeddable":true,"href":"https:\/\/franciscansinternational.org\/fr\/wp-json\/wp\/v2\/media\/905"}],"wp:attachment":[{"href":"https:\/\/franciscansinternational.org\/fr\/wp-json\/wp\/v2\/media?parent=899"}],"wp:term":[{"taxonomy":"category","embeddable":true,"href":"https:\/\/franciscansinternational.org\/fr\/wp-json\/wp\/v2\/categories?post=899"},{"taxonomy":"post_tag","embeddable":true,"href":"https:\/\/franciscansinternational.org\/fr\/wp-json\/wp\/v2\/tags?post=899"}],"curies":[{"name":"wp","href":"https:\/\/api.w.org\/{rel}","templated":true}]}}