{"id":908,"date":"2025-09-09T09:32:47","date_gmt":"2025-09-09T09:32:47","guid":{"rendered":"https:\/\/franciscansinternational.org\/fr\/?p=908"},"modified":"2025-09-29T10:40:32","modified_gmt":"2025-09-29T10:40:32","slug":"declarations-lors-de-la-60e-session-du-conseil-des-droits-de-lhomme","status":"publish","type":"post","link":"https:\/\/franciscansinternational.org\/fr\/declarations-lors-de-la-60e-session-du-conseil-des-droits-de-lhomme\/","title":{"rendered":"D\u00e9clarations lors de la 60e session du Conseil des droits de l&rsquo;homme"},"content":{"rendered":"\n<p>Le Conseil des droits de l&rsquo;homme se r\u00e9unit pour sa 60e session du 8 septembre au 8 octobre 2025. Vous trouverez ci-dessous toutes nos d\u00e9clarations faites au cours de cette session, d\u00e8s qu&rsquo;elles seront disponibles. Nos interventions pass\u00e9es en mati\u00e8re de plaidoyer sont disponibles <a href=\"https:\/\/franciscansinternational.org\/fr\/resources\/interventions-a-lonu\/\">ici<\/a>.<\/p>\n\n\n\n<hr class=\"wp-block-separator has-alpha-channel-opacity is-style-dots\"\/>\n\n\n\n<p><\/p>\n\n\n\n<p><strong>Point 4 : D\u00e9bat g\u00e9n\u00e9ral \u2013 Mozambique (23 septembre)<\/strong><\/p>\n\n\n\n<p>La r\u00e9cente recrudescence des attaques insurg\u00e9es \u00e0 Cabo Delgado a provoqu\u00e9 le d\u00e9placement de 40 000 personnes, qui viennent s&rsquo;ajouter au demi-million de personnes d\u00e9plac\u00e9es \u00e0 l&rsquo;int\u00e9rieur du pays qui continuent d&rsquo;\u00eatre victimes de violations g\u00e9n\u00e9ralis\u00e9es des droits humains. La d\u00e9cision de reprendre les projets de gaz naturel liqu\u00e9fi\u00e9 dans la r\u00e9gion et la priorit\u00e9 accord\u00e9e \u00e0 la s\u00e9curisation des sites \u00e9conomiques plut\u00f4t qu&rsquo;\u00e0 la protection des civils ont cr\u00e9\u00e9 une situation intenable pour ces derniers. Dans une d\u00e9claration commune, nous avons exhort\u00e9 le Conseil \u00e0 surveiller la situation au Mozambique et \u00e0 fournir des informations r\u00e9guli\u00e8res \u00e0 ce sujet. Nous avons \u00e9galement appel\u00e9 le gouvernement \u00e0 garantir l&rsquo;acheminement sans entrave de l&rsquo;aide humanitaire, \u00e0 prot\u00e9ger les civils conform\u00e9ment au droit international et \u00e0 r\u00e9glementer les activit\u00e9s des soci\u00e9t\u00e9s transnationales op\u00e9rant dans les zones de conflit.<\/p>\n\n\n\n<p>\u2022 <a href=\"https:\/\/franciscansinternational.org\/wp-content\/uploads\/2025\/09\/HRC60_Item3_Mozambique.pdf\">D\u00e9claration compl\u00e8te (en anglais)<\/a><\/p>\n\n\n\n<p><strong>Point 3 : D\u00e9bat g\u00e9n\u00e9ral \u2013 Sri Lanka (18 septembre)<\/strong><\/p>\n\n\n\n<p>Six ans apr\u00e8s la mort de son fils lors de l&rsquo;attentat du dimanche de P\u00e2ques \u00e0 l&rsquo;h\u00f4tel Shangri-La, Surach Nilanga attend toujours que justice soit faite. Dans une d\u00e9claration commune au Conseil des droits de l&rsquo;homme, il a exhort\u00e9 le gouvernement sri-lankais \u00e0 faciliter une enqu\u00eate approfondie, ind\u00e9pendante et rapide afin de garantir la responsabilit\u00e9 et de coop\u00e9rer avec les initiatives internationales. S&rsquo;exprimant au nom des autres victimes, il a \u00e9galement appel\u00e9 \u00e0 des r\u00e9parations ad\u00e9quates et justes pour les familles apr\u00e8s une \u00e9valuation \u00e9conomique, sociale et psychologique compl\u00e8te.<\/p>\n\n\n\n<p>\u2022 <a href=\"https:\/\/franciscansinternational.org\/wp-content\/uploads\/2025\/09\/HRC60_Item3_SriLanka.pdf\">D\u00e9claration compl\u00e8te (en anglais)<\/a><\/p>\n\n\n\n<p><strong>Point 3 : Dialogue interactif sur le rapport du Secr\u00e9taire g\u00e9n\u00e9ral sur une transition juste (18 septembre)<\/strong><\/p>\n\n\n\n<p>Franciscans International a salu\u00e9 le rapport du Secr\u00e9taire g\u00e9n\u00e9ral affirmant que la transition juste est une pierre angulaire du droit international de l&rsquo;environnement, conform\u00e9ment \u00e0 l&rsquo;avis consultatif r\u00e9cent de la Cour internationale de justice. Tout en appr\u00e9ciant l&rsquo;accent mis par le rapport sur les droits humains, nous avons soulign\u00e9 la n\u00e9cessit\u00e9 d&rsquo;une critique syst\u00e9mique plus approfondie et d&rsquo;une vision de la transformation socio-\u00e9cologique au-del\u00e0 du mod\u00e8le \u00e9conomique actuel qui est \u00e0 l&rsquo;origine de la crise climatique.<\/p>\n\n\n\n<p>\u2022 <a href=\"https:\/\/franciscansinternational.org\/wp-content\/uploads\/2025\/09\/HRC60_Item3_JustTransition.pdf\">D\u00e9claration compl\u00e8te (en anglais)<\/a><\/p>\n\n\n\n<p><strong>Point 3 : Dialogue interactif avec le Groupe de travail sur les disparitions forc\u00e9es ou involontaires \u2013 Philippines (16 septembre)<\/strong><\/p>\n\n\n\n<p>Plus d&rsquo;une d\u00e9cennie apr\u00e8s l&rsquo;adoption de la loi contre les disparitions forc\u00e9es, sa mise en \u0153uvre reste largement insuffisante. Les auteurs de ces disparitions continuent d&rsquo;\u00eatre prot\u00e9g\u00e9s et les disparus restent introuvables. Sous l&rsquo;administration actuelle, 54 disparitions forc\u00e9es ont \u00e9t\u00e9 document\u00e9es, visant principalement des militants et des d\u00e9fenseurs des droits humains. Dans une d\u00e9claration commune, nous avons appel\u00e9 \u00e0 la mise en \u0153uvre compl\u00e8te et effective de la loi, au soutien des victimes et de leurs familles, et \u00e0 la fin de l&rsquo;impunit\u00e9 en demandant des comptes aux acteurs \u00e9tatiques.&nbsp;<\/p>\n\n\n\n<p>\u2022 <a href=\"https:\/\/franciscansinternational.org\/wp-content\/uploads\/2025\/09\/HRC60_Item3_ID_WGEID.pdf\">D\u00e9claration compl\u00e8te (en anglais)<\/a><\/p>\n\n\n\n<p><strong>Point 2 : D\u00e9bat g\u00e9n\u00e9ral \u2013 Indon\u00e9sie (10 septembre)<\/strong><\/p>\n\n\n\n<p>Les r\u00e9centes manifestations en Indon\u00e9sie ont \u00e9t\u00e9 violemment r\u00e9prim\u00e9es par les forces de s\u00e9curit\u00e9. La soci\u00e9t\u00e9 civile estime qu&rsquo;il y a eu au moins 3 000 arrestations arbitraires et a document\u00e9 un usage inappropri\u00e9 et excessif de la force, y compris l&rsquo;utilisation injustifi\u00e9e de gaz lacrymog\u00e8nes et d&rsquo;autres armes moins l\u00e9tales pour le contr\u00f4le des foules. Cette r\u00e9action refl\u00e8te une d\u00e9rive autoritaire plus g\u00e9n\u00e9rale en Indon\u00e9sie, symbolis\u00e9e notamment par le projet de loi sur les forces arm\u00e9es indon\u00e9siennes. Dans une d\u00e9claration commune, nous avons appel\u00e9 le gouvernement \u00e0 se conformer aux Principes de base des Nations unies sur le recours \u00e0 la force et l&rsquo;utilisation des armes \u00e0 feu par les responsables de l&rsquo;application des lois, \u00e0 enqu\u00eater de mani\u00e8re impartiale sur les all\u00e9gations d&rsquo;usage excessif de la force et \u00e0 traduire les auteurs en justice.&nbsp;<\/p>\n\n\n\n<p>\u2022 <a href=\"https:\/\/franciscansinternational.org\/wp-content\/uploads\/2025\/09\/HRC60_Item2_Indonesia.pdf\"><u>D\u00e9claration compl\u00e8te (en anglais)<\/u><\/a><\/p>\n\n\n\n<p><strong>Point 2 : Dialogue interactif avec le Haut-Commissaire aux droits de l&rsquo;homme \u2013 Sri Lanka (8 septembre)<\/strong><\/p>\n\n\n\n<p>Malgr\u00e9 des promesses r\u00e9p\u00e9t\u00e9es de rendre des comptes, les rapports critiques concernant les attentats du dimanche de P\u00e2ques 2019 ne sont toujours pas rendus publics, ce qui soul\u00e8ve de s\u00e9rieuses pr\u00e9occupations en mati\u00e8re de transparence et de justice. Saluant les recommandations du Haut-Commissaire aux droits de l&rsquo;homme sur la responsabilit\u00e9 au Sri Lanka, nous avons exhort\u00e9 les autorit\u00e9s \u00e0 rendre publics les rapports de toutes les commissions d&rsquo;enqu\u00eate sur les attentats et \u00e0 acc\u00e9l\u00e9rer toutes les proc\u00e9dures judiciaires connexes.&nbsp;<\/p>\n\n\n\n<p>\u2022 <a href=\"https:\/\/franciscansinternational.org\/wp-content\/uploads\/2025\/09\/HRC60_Item2_SriLanka.pdf\"><u>D\u00e9claration compl\u00e8te (en anglais)<\/u><\/a><\/p>\n\n\n\n<p><\/p>\n\n\n\n<p class=\"has-small-font-size\"><em>Vignette : UN Photo \/ Jean-Marc Ferr\u00e9<\/em><\/p>\n\n\n\n<blockquote class=\"wp-block-quote is-layout-flow wp-block-quote-is-layout-flow\">\n<p class=\"has-small-font-size\">Il s&rsquo;agit d&rsquo;une traduction automatique. Nous nous excusons pour les erreurs qui auraient pu en r\u00e9sulter. En cas de divergence, la version anglaise fait foi.<\/p>\n<\/blockquote>\n","protected":false},"excerpt":{"rendered":"<p>Le Conseil des droits de l&rsquo;homme se r\u00e9unit pour sa 60e session du 8 septembre au 8 octobre 2025. Vous &#8230; <\/p>\n","protected":false},"author":3,"featured_media":909,"comment_status":"closed","ping_status":"closed","sticky":false,"template":"","format":"standard","meta":{"_relevanssi_hide_post":"","_relevanssi_hide_content":"","_relevanssi_pin_for_all":"","_relevanssi_pin_keywords":"","_relevanssi_unpin_keywords":"","_relevanssi_related_keywords":"","_relevanssi_related_include_ids":"","_relevanssi_related_exclude_ids":"","_relevanssi_related_no_append":"","_relevanssi_related_not_related":"","_relevanssi_related_posts":"538,344,232,243,641,274","_relevanssi_noindex_reason":"","_jetpack_memberships_contains_paid_content":false,"footnotes":""},"categories":[1],"tags":[9,8,12,5,6,7,10],"class_list":["post-908","post","type-post","status-publish","format-standard","has-post-thumbnail","hentry","category-nouvelles","tag-egale-dignite","tag-justice-environnementale","tag-paix-droits-humains","tag-programme-afrique","tag-programme-ameriques","tag-programme-asie-pacifique","tag-programme-europe"],"acf":[],"yoast_head":"<!-- This site is optimized with the Yoast SEO plugin v27.4 - https:\/\/yoast.com\/product\/yoast-seo-wordpress\/ -->\n<title>D\u00e9clarations lors de la 60e session du Conseil des droits de l&#039;homme - Franciscans International (FR)<\/title>\n<meta name=\"robots\" content=\"index, follow, max-snippet:-1, max-image-preview:large, max-video-preview:-1\" \/>\n<link rel=\"canonical\" href=\"https:\/\/franciscansinternational.org\/fr\/declarations-lors-de-la-60e-session-du-conseil-des-droits-de-lhomme\/\" \/>\n<meta property=\"og:locale\" content=\"fr_FR\" \/>\n<meta property=\"og:type\" content=\"article\" \/>\n<meta property=\"og:title\" content=\"D\u00e9clarations lors de la 60e session du Conseil des droits de l&#039;homme - Franciscans International (FR)\" \/>\n<meta property=\"og:description\" content=\"Le Conseil des droits de l&rsquo;homme se r\u00e9unit pour sa 60e session du 8 septembre au 8 octobre 2025. Vous ...\" \/>\n<meta property=\"og:url\" content=\"https:\/\/franciscansinternational.org\/fr\/declarations-lors-de-la-60e-session-du-conseil-des-droits-de-lhomme\/\" \/>\n<meta property=\"og:site_name\" content=\"Franciscans International (FR)\" \/>\n<meta property=\"article:publisher\" content=\"https:\/\/www.facebook.com\/FranciscansInternational\/\" \/>\n<meta property=\"article:published_time\" content=\"2025-09-09T09:32:47+00:00\" \/>\n<meta property=\"article:modified_time\" content=\"2025-09-29T10:40:32+00:00\" \/>\n<meta property=\"og:image\" content=\"https:\/\/franciscansinternational.org\/fr\/wp-content\/uploads\/sites\/6\/2025\/09\/HRC60_thumbail.jpg\" \/>\n\t<meta property=\"og:image:width\" content=\"1280\" \/>\n\t<meta property=\"og:image:height\" content=\"720\" \/>\n\t<meta property=\"og:image:type\" content=\"image\/jpeg\" \/>\n<meta name=\"author\" content=\"communications\" \/>\n<meta name=\"twitter:card\" content=\"summary_large_image\" \/>\n<meta name=\"twitter:creator\" content=\"@FranciscansIntl\" \/>\n<meta name=\"twitter:site\" content=\"@FranciscansIntl\" \/>\n<meta name=\"twitter:label1\" content=\"\u00c9crit par\" \/>\n\t<meta name=\"twitter:data1\" content=\"communications\" \/>\n\t<meta name=\"twitter:label2\" content=\"Dur\u00e9e de lecture estim\u00e9e\" \/>\n\t<meta name=\"twitter:data2\" content=\"5 minutes\" \/>\n<script type=\"application\/ld+json\" class=\"yoast-schema-graph\">{\"@context\":\"https:\\\/\\\/schema.org\",\"@graph\":[{\"@type\":\"Article\",\"@id\":\"https:\\\/\\\/franciscansinternational.org\\\/fr\\\/declarations-lors-de-la-60e-session-du-conseil-des-droits-de-lhomme\\\/#article\",\"isPartOf\":{\"@id\":\"https:\\\/\\\/franciscansinternational.org\\\/fr\\\/declarations-lors-de-la-60e-session-du-conseil-des-droits-de-lhomme\\\/\"},\"author\":{\"name\":\"communications\",\"@id\":\"https:\\\/\\\/franciscansinternational.org\\\/fr\\\/#\\\/schema\\\/person\\\/f398f02712a9dcab7603295bc1ea94e4\"},\"headline\":\"D\u00e9clarations lors de la 60e session du Conseil des droits de l&rsquo;homme\",\"datePublished\":\"2025-09-09T09:32:47+00:00\",\"dateModified\":\"2025-09-29T10:40:32+00:00\",\"mainEntityOfPage\":{\"@id\":\"https:\\\/\\\/franciscansinternational.org\\\/fr\\\/declarations-lors-de-la-60e-session-du-conseil-des-droits-de-lhomme\\\/\"},\"wordCount\":906,\"publisher\":{\"@id\":\"https:\\\/\\\/franciscansinternational.org\\\/fr\\\/#organization\"},\"image\":{\"@id\":\"https:\\\/\\\/franciscansinternational.org\\\/fr\\\/declarations-lors-de-la-60e-session-du-conseil-des-droits-de-lhomme\\\/#primaryimage\"},\"thumbnailUrl\":\"https:\\\/\\\/franciscansinternational.org\\\/fr\\\/wp-content\\\/uploads\\\/sites\\\/6\\\/2025\\\/09\\\/HRC60_thumbail.jpg\",\"keywords\":[\"\u00c9gale dignit\u00e9\",\"Justice environnementale\",\"Paix &amp; droits humains\",\"Programme Afrique\",\"Programme Am\u00e9riques\",\"Programme Asie-Pacifique\",\"Programme Europe\"],\"articleSection\":[\"Nouvelles\"],\"inLanguage\":\"fr-FR\"},{\"@type\":\"WebPage\",\"@id\":\"https:\\\/\\\/franciscansinternational.org\\\/fr\\\/declarations-lors-de-la-60e-session-du-conseil-des-droits-de-lhomme\\\/\",\"url\":\"https:\\\/\\\/franciscansinternational.org\\\/fr\\\/declarations-lors-de-la-60e-session-du-conseil-des-droits-de-lhomme\\\/\",\"name\":\"D\u00e9clarations lors de la 60e session du Conseil des droits de l'homme - Franciscans International (FR)\",\"isPartOf\":{\"@id\":\"https:\\\/\\\/franciscansinternational.org\\\/fr\\\/#website\"},\"primaryImageOfPage\":{\"@id\":\"https:\\\/\\\/franciscansinternational.org\\\/fr\\\/declarations-lors-de-la-60e-session-du-conseil-des-droits-de-lhomme\\\/#primaryimage\"},\"image\":{\"@id\":\"https:\\\/\\\/franciscansinternational.org\\\/fr\\\/declarations-lors-de-la-60e-session-du-conseil-des-droits-de-lhomme\\\/#primaryimage\"},\"thumbnailUrl\":\"https:\\\/\\\/franciscansinternational.org\\\/fr\\\/wp-content\\\/uploads\\\/sites\\\/6\\\/2025\\\/09\\\/HRC60_thumbail.jpg\",\"datePublished\":\"2025-09-09T09:32:47+00:00\",\"dateModified\":\"2025-09-29T10:40:32+00:00\",\"breadcrumb\":{\"@id\":\"https:\\\/\\\/franciscansinternational.org\\\/fr\\\/declarations-lors-de-la-60e-session-du-conseil-des-droits-de-lhomme\\\/#breadcrumb\"},\"inLanguage\":\"fr-FR\",\"potentialAction\":[{\"@type\":\"ReadAction\",\"target\":[\"https:\\\/\\\/franciscansinternational.org\\\/fr\\\/declarations-lors-de-la-60e-session-du-conseil-des-droits-de-lhomme\\\/\"]}]},{\"@type\":\"ImageObject\",\"inLanguage\":\"fr-FR\",\"@id\":\"https:\\\/\\\/franciscansinternational.org\\\/fr\\\/declarations-lors-de-la-60e-session-du-conseil-des-droits-de-lhomme\\\/#primaryimage\",\"url\":\"https:\\\/\\\/franciscansinternational.org\\\/fr\\\/wp-content\\\/uploads\\\/sites\\\/6\\\/2025\\\/09\\\/HRC60_thumbail.jpg\",\"contentUrl\":\"https:\\\/\\\/franciscansinternational.org\\\/fr\\\/wp-content\\\/uploads\\\/sites\\\/6\\\/2025\\\/09\\\/HRC60_thumbail.jpg\",\"width\":1280,\"height\":720,\"caption\":\"A general view of Ariana Park headquarters of the United Nations in Geneva. 31 July 2013. Photo by Jean-Marc Ferr\u00e9\"},{\"@type\":\"BreadcrumbList\",\"@id\":\"https:\\\/\\\/franciscansinternational.org\\\/fr\\\/declarations-lors-de-la-60e-session-du-conseil-des-droits-de-lhomme\\\/#breadcrumb\",\"itemListElement\":[{\"@type\":\"ListItem\",\"position\":1,\"name\":\"Home\",\"item\":\"https:\\\/\\\/franciscansinternational.org\\\/fr\\\/\"},{\"@type\":\"ListItem\",\"position\":2,\"name\":\"D\u00e9clarations lors de la 60e session du Conseil des droits de l&rsquo;homme\"}]},{\"@type\":\"WebSite\",\"@id\":\"https:\\\/\\\/franciscansinternational.org\\\/fr\\\/#website\",\"url\":\"https:\\\/\\\/franciscansinternational.org\\\/fr\\\/\",\"name\":\"Franciscans International (FR)\",\"description\":\"\",\"publisher\":{\"@id\":\"https:\\\/\\\/franciscansinternational.org\\\/fr\\\/#organization\"},\"potentialAction\":[{\"@type\":\"SearchAction\",\"target\":{\"@type\":\"EntryPoint\",\"urlTemplate\":\"https:\\\/\\\/franciscansinternational.org\\\/fr\\\/?s={search_term_string}\"},\"query-input\":{\"@type\":\"PropertyValueSpecification\",\"valueRequired\":true,\"valueName\":\"search_term_string\"}}],\"inLanguage\":\"fr-FR\"},{\"@type\":\"Organization\",\"@id\":\"https:\\\/\\\/franciscansinternational.org\\\/fr\\\/#organization\",\"name\":\"Franciscans International (FR)\",\"url\":\"https:\\\/\\\/franciscansinternational.org\\\/fr\\\/\",\"logo\":{\"@type\":\"ImageObject\",\"inLanguage\":\"fr-FR\",\"@id\":\"https:\\\/\\\/franciscansinternational.org\\\/fr\\\/#\\\/schema\\\/logo\\\/image\\\/\",\"url\":\"https:\\\/\\\/franciscansinternational.org\\\/wp-content\\\/uploads\\\/sites\\\/6\\\/2023\\\/05\\\/logo-3.png\",\"contentUrl\":\"https:\\\/\\\/franciscansinternational.org\\\/wp-content\\\/uploads\\\/sites\\\/6\\\/2023\\\/05\\\/logo-3.png\",\"width\":1200,\"height\":205,\"caption\":\"Franciscans International (FR)\"},\"image\":{\"@id\":\"https:\\\/\\\/franciscansinternational.org\\\/fr\\\/#\\\/schema\\\/logo\\\/image\\\/\"},\"sameAs\":[\"https:\\\/\\\/www.facebook.com\\\/FranciscansInternational\\\/\",\"https:\\\/\\\/x.com\\\/FranciscansIntl\",\"https:\\\/\\\/www.youtube.com\\\/channel\\\/UCexu0i-fWB4wwrlPMCz8_Zg\"]},{\"@type\":\"Person\",\"@id\":\"https:\\\/\\\/franciscansinternational.org\\\/fr\\\/#\\\/schema\\\/person\\\/f398f02712a9dcab7603295bc1ea94e4\",\"name\":\"communications\",\"image\":{\"@type\":\"ImageObject\",\"inLanguage\":\"fr-FR\",\"@id\":\"https:\\\/\\\/secure.gravatar.com\\\/avatar\\\/0b4a62226a9b4f7ce621ec49ca40be1e77d886a42ca84b8a0b0697e9ec17dd63?s=96&d=mm&r=g\",\"url\":\"https:\\\/\\\/secure.gravatar.com\\\/avatar\\\/0b4a62226a9b4f7ce621ec49ca40be1e77d886a42ca84b8a0b0697e9ec17dd63?s=96&d=mm&r=g\",\"contentUrl\":\"https:\\\/\\\/secure.gravatar.com\\\/avatar\\\/0b4a62226a9b4f7ce621ec49ca40be1e77d886a42ca84b8a0b0697e9ec17dd63?s=96&d=mm&r=g\",\"caption\":\"communications\"},\"url\":\"https:\\\/\\\/franciscansinternational.org\\\/fr\\\/author\\\/communications\\\/\"}]}<\/script>\n<!-- \/ Yoast SEO plugin. -->","yoast_head_json":{"title":"D\u00e9clarations lors de la 60e session du Conseil des droits de l'homme - Franciscans International (FR)","robots":{"index":"index","follow":"follow","max-snippet":"max-snippet:-1","max-image-preview":"max-image-preview:large","max-video-preview":"max-video-preview:-1"},"canonical":"https:\/\/franciscansinternational.org\/fr\/declarations-lors-de-la-60e-session-du-conseil-des-droits-de-lhomme\/","og_locale":"fr_FR","og_type":"article","og_title":"D\u00e9clarations lors de la 60e session du Conseil des droits de l'homme - Franciscans International (FR)","og_description":"Le Conseil des droits de l&rsquo;homme se r\u00e9unit pour sa 60e session du 8 septembre au 8 octobre 2025. Vous ...","og_url":"https:\/\/franciscansinternational.org\/fr\/declarations-lors-de-la-60e-session-du-conseil-des-droits-de-lhomme\/","og_site_name":"Franciscans International (FR)","article_publisher":"https:\/\/www.facebook.com\/FranciscansInternational\/","article_published_time":"2025-09-09T09:32:47+00:00","article_modified_time":"2025-09-29T10:40:32+00:00","og_image":[{"width":1280,"height":720,"url":"https:\/\/franciscansinternational.org\/fr\/wp-content\/uploads\/sites\/6\/2025\/09\/HRC60_thumbail.jpg","type":"image\/jpeg"}],"author":"communications","twitter_card":"summary_large_image","twitter_creator":"@FranciscansIntl","twitter_site":"@FranciscansIntl","twitter_misc":{"\u00c9crit par":"communications","Dur\u00e9e de lecture estim\u00e9e":"5 minutes"},"schema":{"@context":"https:\/\/schema.org","@graph":[{"@type":"Article","@id":"https:\/\/franciscansinternational.org\/fr\/declarations-lors-de-la-60e-session-du-conseil-des-droits-de-lhomme\/#article","isPartOf":{"@id":"https:\/\/franciscansinternational.org\/fr\/declarations-lors-de-la-60e-session-du-conseil-des-droits-de-lhomme\/"},"author":{"name":"communications","@id":"https:\/\/franciscansinternational.org\/fr\/#\/schema\/person\/f398f02712a9dcab7603295bc1ea94e4"},"headline":"D\u00e9clarations lors de la 60e session du Conseil des droits de l&rsquo;homme","datePublished":"2025-09-09T09:32:47+00:00","dateModified":"2025-09-29T10:40:32+00:00","mainEntityOfPage":{"@id":"https:\/\/franciscansinternational.org\/fr\/declarations-lors-de-la-60e-session-du-conseil-des-droits-de-lhomme\/"},"wordCount":906,"publisher":{"@id":"https:\/\/franciscansinternational.org\/fr\/#organization"},"image":{"@id":"https:\/\/franciscansinternational.org\/fr\/declarations-lors-de-la-60e-session-du-conseil-des-droits-de-lhomme\/#primaryimage"},"thumbnailUrl":"https:\/\/franciscansinternational.org\/fr\/wp-content\/uploads\/sites\/6\/2025\/09\/HRC60_thumbail.jpg","keywords":["\u00c9gale dignit\u00e9","Justice environnementale","Paix &amp; droits humains","Programme Afrique","Programme Am\u00e9riques","Programme Asie-Pacifique","Programme Europe"],"articleSection":["Nouvelles"],"inLanguage":"fr-FR"},{"@type":"WebPage","@id":"https:\/\/franciscansinternational.org\/fr\/declarations-lors-de-la-60e-session-du-conseil-des-droits-de-lhomme\/","url":"https:\/\/franciscansinternational.org\/fr\/declarations-lors-de-la-60e-session-du-conseil-des-droits-de-lhomme\/","name":"D\u00e9clarations lors de la 60e session du Conseil des droits de l'homme - Franciscans International (FR)","isPartOf":{"@id":"https:\/\/franciscansinternational.org\/fr\/#website"},"primaryImageOfPage":{"@id":"https:\/\/franciscansinternational.org\/fr\/declarations-lors-de-la-60e-session-du-conseil-des-droits-de-lhomme\/#primaryimage"},"image":{"@id":"https:\/\/franciscansinternational.org\/fr\/declarations-lors-de-la-60e-session-du-conseil-des-droits-de-lhomme\/#primaryimage"},"thumbnailUrl":"https:\/\/franciscansinternational.org\/fr\/wp-content\/uploads\/sites\/6\/2025\/09\/HRC60_thumbail.jpg","datePublished":"2025-09-09T09:32:47+00:00","dateModified":"2025-09-29T10:40:32+00:00","breadcrumb":{"@id":"https:\/\/franciscansinternational.org\/fr\/declarations-lors-de-la-60e-session-du-conseil-des-droits-de-lhomme\/#breadcrumb"},"inLanguage":"fr-FR","potentialAction":[{"@type":"ReadAction","target":["https:\/\/franciscansinternational.org\/fr\/declarations-lors-de-la-60e-session-du-conseil-des-droits-de-lhomme\/"]}]},{"@type":"ImageObject","inLanguage":"fr-FR","@id":"https:\/\/franciscansinternational.org\/fr\/declarations-lors-de-la-60e-session-du-conseil-des-droits-de-lhomme\/#primaryimage","url":"https:\/\/franciscansinternational.org\/fr\/wp-content\/uploads\/sites\/6\/2025\/09\/HRC60_thumbail.jpg","contentUrl":"https:\/\/franciscansinternational.org\/fr\/wp-content\/uploads\/sites\/6\/2025\/09\/HRC60_thumbail.jpg","width":1280,"height":720,"caption":"A general view of Ariana Park headquarters of the United Nations in Geneva. 31 July 2013. Photo by Jean-Marc Ferr\u00e9"},{"@type":"BreadcrumbList","@id":"https:\/\/franciscansinternational.org\/fr\/declarations-lors-de-la-60e-session-du-conseil-des-droits-de-lhomme\/#breadcrumb","itemListElement":[{"@type":"ListItem","position":1,"name":"Home","item":"https:\/\/franciscansinternational.org\/fr\/"},{"@type":"ListItem","position":2,"name":"D\u00e9clarations lors de la 60e session du Conseil des droits de l&rsquo;homme"}]},{"@type":"WebSite","@id":"https:\/\/franciscansinternational.org\/fr\/#website","url":"https:\/\/franciscansinternational.org\/fr\/","name":"Franciscans International (FR)","description":"","publisher":{"@id":"https:\/\/franciscansinternational.org\/fr\/#organization"},"potentialAction":[{"@type":"SearchAction","target":{"@type":"EntryPoint","urlTemplate":"https:\/\/franciscansinternational.org\/fr\/?s={search_term_string}"},"query-input":{"@type":"PropertyValueSpecification","valueRequired":true,"valueName":"search_term_string"}}],"inLanguage":"fr-FR"},{"@type":"Organization","@id":"https:\/\/franciscansinternational.org\/fr\/#organization","name":"Franciscans International (FR)","url":"https:\/\/franciscansinternational.org\/fr\/","logo":{"@type":"ImageObject","inLanguage":"fr-FR","@id":"https:\/\/franciscansinternational.org\/fr\/#\/schema\/logo\/image\/","url":"https:\/\/franciscansinternational.org\/wp-content\/uploads\/sites\/6\/2023\/05\/logo-3.png","contentUrl":"https:\/\/franciscansinternational.org\/wp-content\/uploads\/sites\/6\/2023\/05\/logo-3.png","width":1200,"height":205,"caption":"Franciscans International (FR)"},"image":{"@id":"https:\/\/franciscansinternational.org\/fr\/#\/schema\/logo\/image\/"},"sameAs":["https:\/\/www.facebook.com\/FranciscansInternational\/","https:\/\/x.com\/FranciscansIntl","https:\/\/www.youtube.com\/channel\/UCexu0i-fWB4wwrlPMCz8_Zg"]},{"@type":"Person","@id":"https:\/\/franciscansinternational.org\/fr\/#\/schema\/person\/f398f02712a9dcab7603295bc1ea94e4","name":"communications","image":{"@type":"ImageObject","inLanguage":"fr-FR","@id":"https:\/\/secure.gravatar.com\/avatar\/0b4a62226a9b4f7ce621ec49ca40be1e77d886a42ca84b8a0b0697e9ec17dd63?s=96&d=mm&r=g","url":"https:\/\/secure.gravatar.com\/avatar\/0b4a62226a9b4f7ce621ec49ca40be1e77d886a42ca84b8a0b0697e9ec17dd63?s=96&d=mm&r=g","contentUrl":"https:\/\/secure.gravatar.com\/avatar\/0b4a62226a9b4f7ce621ec49ca40be1e77d886a42ca84b8a0b0697e9ec17dd63?s=96&d=mm&r=g","caption":"communications"},"url":"https:\/\/franciscansinternational.org\/fr\/author\/communications\/"}]}},"jetpack_featured_media_url":"https:\/\/franciscansinternational.org\/fr\/wp-content\/uploads\/sites\/6\/2025\/09\/HRC60_thumbail.jpg","jetpack_sharing_enabled":true,"_links":{"self":[{"href":"https:\/\/franciscansinternational.org\/fr\/wp-json\/wp\/v2\/posts\/908","targetHints":{"allow":["GET"]}}],"collection":[{"href":"https:\/\/franciscansinternational.org\/fr\/wp-json\/wp\/v2\/posts"}],"about":[{"href":"https:\/\/franciscansinternational.org\/fr\/wp-json\/wp\/v2\/types\/post"}],"author":[{"embeddable":true,"href":"https:\/\/franciscansinternational.org\/fr\/wp-json\/wp\/v2\/users\/3"}],"replies":[{"embeddable":true,"href":"https:\/\/franciscansinternational.org\/fr\/wp-json\/wp\/v2\/comments?post=908"}],"version-history":[{"count":4,"href":"https:\/\/franciscansinternational.org\/fr\/wp-json\/wp\/v2\/posts\/908\/revisions"}],"predecessor-version":[{"id":929,"href":"https:\/\/franciscansinternational.org\/fr\/wp-json\/wp\/v2\/posts\/908\/revisions\/929"}],"wp:featuredmedia":[{"embeddable":true,"href":"https:\/\/franciscansinternational.org\/fr\/wp-json\/wp\/v2\/media\/909"}],"wp:attachment":[{"href":"https:\/\/franciscansinternational.org\/fr\/wp-json\/wp\/v2\/media?parent=908"}],"wp:term":[{"taxonomy":"category","embeddable":true,"href":"https:\/\/franciscansinternational.org\/fr\/wp-json\/wp\/v2\/categories?post=908"},{"taxonomy":"post_tag","embeddable":true,"href":"https:\/\/franciscansinternational.org\/fr\/wp-json\/wp\/v2\/tags?post=908"}],"curies":[{"name":"wp","href":"https:\/\/api.w.org\/{rel}","templated":true}]}}