{"id":1019,"date":"2026-04-28T07:26:26","date_gmt":"2026-04-28T07:26:26","guid":{"rendered":"https:\/\/franciscansinternational.org\/it\/?p=1019"},"modified":"2026-04-28T07:26:27","modified_gmt":"2026-04-28T07:26:27","slug":"sviluppare-capacita-a-lungo-termine-per-documentare-le-violazioni-dei-diritti-umani-in-guatemala","status":"publish","type":"post","link":"https:\/\/franciscansinternational.org\/it\/sviluppare-capacita-a-lungo-termine-per-documentare-le-violazioni-dei-diritti-umani-in-guatemala\/","title":{"rendered":"Sviluppare capacit\u00e0 a lungo termine per documentare le violazioni dei diritti umani in Guatemala\u00a0"},"content":{"rendered":"\n<p>Franciscans International ha recentemente visitato il Guatemala per tenere un seminario di formazione rivolto ai francescani e ai rappresentanti della societ\u00e0 civile locale. Attraverso incontri con i partner locali, la missione ha anche offerto una visione diretta delle crescenti difficolt\u00e0 che devono affrontare i difensori dei diritti umani e le comunit\u00e0 indigene \u2013 dinamiche che non si possono cogliere solo attraverso il monitoraggio a distanza.&nbsp;<\/p>\n\n\n\n<p>Parallelamente a questa formazione, FI ha incontrato anche il team guatemalteco della\u00a0<a href=\"https:\/\/redfranciscana.org\/en\/\" target=\"_blank\" rel=\"noreferrer noopener\">Rete Francescana per i Migranti<\/a> (RFM), i cui membri forniscono assistenza umanitaria diretta alle persone in movimento. Tra queste c&#8217;\u00e8 un numero crescente di migranti che tornano in patria dopo essere stati espulsi o a causa delle politiche migratorie sempre pi\u00f9 restrittive negli Stati Uniti.<\/p>\n\n\n\n<p>Il Guatemala continua ad affrontare una vasta gamma di sfide strutturali in materia di diritti umani. Nonostante l\u2019elezione di un governo orientato alle riforme nel 2023, si assiste a un continuo deterioramento dello Stato di diritto, unito a una fragilit\u00e0 istituzionale che limita l\u2019accesso alla giustizia per le comunit\u00e0 colpite. In un contesto in cui potenti multinazionali minacciano le terre indigene, i difensori dei diritti umani hanno subito il peso di un sistema giudiziario cooptato da interessi particolari attraverso la criminalizzazione, l\u2019intimidazione e le ritorsioni. A questo si aggiungono complesse dinamiche migratorie, tra cui un numero crescente di rimpatriati che accrescono le pressioni socio-economiche nel Paese.<\/p>\n\n\n\n<p>Una priorit\u00e0 fondamentale della visita era rafforzare il coordinamento, la cooperazione e la capacit\u00e0 delle organizzazioni della societ\u00e0 civile a livello nazionale e internazionale per denunciare le violazioni dei diritti umani quando le vie interne non bastano. Nell\u2019ambito del workshop, FI ha fornito i primi passi per avviare un processo di documentazione che possa servire a segnalare in modo pi\u00f9 efficace le violazioni dei diritti umani alle Procedure Speciali delle Nazioni Unite e ad altri meccanismi pertinenti dell\u2019ONU.<\/p>\n\n\n\n<p>Nel frattempo, la RFM ha ulteriormente sottolineato le mutevoli dinamiche migratorie nella regione che FI aveva gi\u00e0 sollevato in precedenza al Consiglio dei diritti umani delle Nazioni Unite. La situazione \u00e8 diventata sempre pi\u00f9 complessa, con un numero crescente di rimpatriati che necessitano di sostegno e che aumentano la pressione socio-economica nel Paese. In questo contesto, FI continuer\u00e0 sia a segnalare le violazioni dei diritti umani documentate dalla RFM alle Nazioni Unite, sia a lavorare per rafforzare la capacit\u00e0 della rete di farlo in tutto il continente americano.<\/p>\n\n\n\n<p>Come primo passo dopo la visita, FI sta preparando un documento da presentare al Gruppo di lavoro delle Nazioni Unite su imprese e diritti umani, che visiter\u00e0 il Guatemala pi\u00f9 avanti quest&#8217;anno. Il rapporto rifletter\u00e0 le testimonianze raccolte durante il workshop, tra cui le preoccupazioni relative ai conflitti per la terra e le risorse naturali, la mancanza di consultazione con le comunit\u00e0 colpite e i danni ambientali legati alle attivit\u00e0 commerciali.<\/p>\n\n\n\n<p><\/p>\n\n\n\n<p class=\"has-text-align-center has-background has-small-font-size\" style=\"background-color:#f5f6f7\">Si tratta di una traduzione automatica. Ci scusiamo per gli eventuali errori che ne derivano. In caso di divergenze, fa fede la versione inglese.\u00a0\u00a0<\/p>\n\n\n\n<p><\/p>\n","protected":false},"excerpt":{"rendered":"<p>Franciscans International ha recentemente visitato il Guatemala per tenere un seminario di formazione rivolto ai francescani e ai rappresentanti della &#8230; <\/p>\n","protected":false},"author":3,"featured_media":1020,"comment_status":"closed","ping_status":"closed","sticky":false,"template":"","format":"standard","meta":{"_relevanssi_hide_post":"","_relevanssi_hide_content":"","_relevanssi_pin_for_all":"","_relevanssi_pin_keywords":"","_relevanssi_unpin_keywords":"","_relevanssi_related_keywords":"","_relevanssi_related_include_ids":"","_relevanssi_related_exclude_ids":"","_relevanssi_related_no_append":"","_relevanssi_related_not_related":"","_relevanssi_related_posts":"271,551,307,966,556,625","_relevanssi_noindex_reason":"","_jetpack_memberships_contains_paid_content":false,"footnotes":""},"categories":[1],"tags":[8,5],"class_list":["post-1019","post","type-post","status-publish","format-standard","has-post-thumbnail","hentry","category-notizie","tag-pari-dignita","tag-programma-americhe"],"acf":[],"yoast_head":"<!-- This site is optimized with the Yoast SEO plugin v27.5 - https:\/\/yoast.com\/product\/yoast-seo-wordpress\/ -->\n<title>Sviluppare capacit\u00e0 a lungo termine per documentare le violazioni dei diritti umani in Guatemala\u00a0 - Franciscans International (IT)<\/title>\n<meta name=\"robots\" content=\"index, follow, max-snippet:-1, max-image-preview:large, max-video-preview:-1\" \/>\n<link rel=\"canonical\" href=\"https:\/\/franciscansinternational.org\/it\/sviluppare-capacita-a-lungo-termine-per-documentare-le-violazioni-dei-diritti-umani-in-guatemala\/\" \/>\n<meta property=\"og:locale\" content=\"it_IT\" \/>\n<meta property=\"og:type\" content=\"article\" \/>\n<meta property=\"og:title\" content=\"Sviluppare capacit\u00e0 a lungo termine per documentare le violazioni dei diritti umani in Guatemala\u00a0 - Franciscans International (IT)\" \/>\n<meta property=\"og:description\" content=\"Franciscans International ha recentemente visitato il Guatemala per tenere un seminario di formazione rivolto ai francescani e ai rappresentanti della ...\" \/>\n<meta property=\"og:url\" content=\"https:\/\/franciscansinternational.org\/it\/sviluppare-capacita-a-lungo-termine-per-documentare-le-violazioni-dei-diritti-umani-in-guatemala\/\" \/>\n<meta property=\"og:site_name\" content=\"Franciscans International (IT)\" \/>\n<meta property=\"article:publisher\" content=\"https:\/\/www.facebook.com\/FranciscansInternational\/\" \/>\n<meta property=\"article:published_time\" content=\"2026-04-28T07:26:26+00:00\" \/>\n<meta property=\"article:modified_time\" content=\"2026-04-28T07:26:27+00:00\" \/>\n<meta property=\"og:image\" content=\"https:\/\/franciscansinternational.org\/it\/wp-content\/uploads\/sites\/2\/2026\/04\/signal-2026-04-27-163813_008.jpeg\" \/>\n\t<meta property=\"og:image:width\" content=\"1600\" \/>\n\t<meta property=\"og:image:height\" content=\"842\" \/>\n\t<meta property=\"og:image:type\" content=\"image\/jpeg\" \/>\n<meta name=\"author\" content=\"communications\" \/>\n<meta name=\"twitter:card\" content=\"summary_large_image\" \/>\n<meta name=\"twitter:creator\" content=\"@FranciscansIntl\" \/>\n<meta name=\"twitter:site\" content=\"@FranciscansIntl\" \/>\n<meta name=\"twitter:label1\" content=\"Scritto da\" \/>\n\t<meta name=\"twitter:data1\" content=\"communications\" \/>\n\t<meta name=\"twitter:label2\" content=\"Tempo di lettura stimato\" \/>\n\t<meta name=\"twitter:data2\" content=\"3 minuti\" \/>\n<script type=\"application\/ld+json\" class=\"yoast-schema-graph\">{\"@context\":\"https:\\\/\\\/schema.org\",\"@graph\":[{\"@type\":\"Article\",\"@id\":\"https:\\\/\\\/franciscansinternational.org\\\/it\\\/sviluppare-capacita-a-lungo-termine-per-documentare-le-violazioni-dei-diritti-umani-in-guatemala\\\/#article\",\"isPartOf\":{\"@id\":\"https:\\\/\\\/franciscansinternational.org\\\/it\\\/sviluppare-capacita-a-lungo-termine-per-documentare-le-violazioni-dei-diritti-umani-in-guatemala\\\/\"},\"author\":{\"name\":\"communications\",\"@id\":\"https:\\\/\\\/franciscansinternational.org\\\/it\\\/#\\\/schema\\\/person\\\/f398f02712a9dcab7603295bc1ea94e4\"},\"headline\":\"Sviluppare capacit\u00e0 a lungo termine per documentare le violazioni dei diritti umani in Guatemala\u00a0\",\"datePublished\":\"2026-04-28T07:26:26+00:00\",\"dateModified\":\"2026-04-28T07:26:27+00:00\",\"mainEntityOfPage\":{\"@id\":\"https:\\\/\\\/franciscansinternational.org\\\/it\\\/sviluppare-capacita-a-lungo-termine-per-documentare-le-violazioni-dei-diritti-umani-in-guatemala\\\/\"},\"wordCount\":507,\"publisher\":{\"@id\":\"https:\\\/\\\/franciscansinternational.org\\\/it\\\/#organization\"},\"image\":{\"@id\":\"https:\\\/\\\/franciscansinternational.org\\\/it\\\/sviluppare-capacita-a-lungo-termine-per-documentare-le-violazioni-dei-diritti-umani-in-guatemala\\\/#primaryimage\"},\"thumbnailUrl\":\"https:\\\/\\\/franciscansinternational.org\\\/it\\\/wp-content\\\/uploads\\\/sites\\\/2\\\/2026\\\/04\\\/signal-2026-04-27-163813_008.jpeg\",\"keywords\":[\"Pari dignit\u00e0\",\"Programma Americhe\"],\"articleSection\":[\"Notizie\"],\"inLanguage\":\"it-IT\"},{\"@type\":\"WebPage\",\"@id\":\"https:\\\/\\\/franciscansinternational.org\\\/it\\\/sviluppare-capacita-a-lungo-termine-per-documentare-le-violazioni-dei-diritti-umani-in-guatemala\\\/\",\"url\":\"https:\\\/\\\/franciscansinternational.org\\\/it\\\/sviluppare-capacita-a-lungo-termine-per-documentare-le-violazioni-dei-diritti-umani-in-guatemala\\\/\",\"name\":\"Sviluppare capacit\u00e0 a lungo termine per documentare le violazioni dei diritti umani in Guatemala\u00a0 - Franciscans International (IT)\",\"isPartOf\":{\"@id\":\"https:\\\/\\\/franciscansinternational.org\\\/it\\\/#website\"},\"primaryImageOfPage\":{\"@id\":\"https:\\\/\\\/franciscansinternational.org\\\/it\\\/sviluppare-capacita-a-lungo-termine-per-documentare-le-violazioni-dei-diritti-umani-in-guatemala\\\/#primaryimage\"},\"image\":{\"@id\":\"https:\\\/\\\/franciscansinternational.org\\\/it\\\/sviluppare-capacita-a-lungo-termine-per-documentare-le-violazioni-dei-diritti-umani-in-guatemala\\\/#primaryimage\"},\"thumbnailUrl\":\"https:\\\/\\\/franciscansinternational.org\\\/it\\\/wp-content\\\/uploads\\\/sites\\\/2\\\/2026\\\/04\\\/signal-2026-04-27-163813_008.jpeg\",\"datePublished\":\"2026-04-28T07:26:26+00:00\",\"dateModified\":\"2026-04-28T07:26:27+00:00\",\"breadcrumb\":{\"@id\":\"https:\\\/\\\/franciscansinternational.org\\\/it\\\/sviluppare-capacita-a-lungo-termine-per-documentare-le-violazioni-dei-diritti-umani-in-guatemala\\\/#breadcrumb\"},\"inLanguage\":\"it-IT\",\"potentialAction\":[{\"@type\":\"ReadAction\",\"target\":[\"https:\\\/\\\/franciscansinternational.org\\\/it\\\/sviluppare-capacita-a-lungo-termine-per-documentare-le-violazioni-dei-diritti-umani-in-guatemala\\\/\"]}]},{\"@type\":\"ImageObject\",\"inLanguage\":\"it-IT\",\"@id\":\"https:\\\/\\\/franciscansinternational.org\\\/it\\\/sviluppare-capacita-a-lungo-termine-per-documentare-le-violazioni-dei-diritti-umani-in-guatemala\\\/#primaryimage\",\"url\":\"https:\\\/\\\/franciscansinternational.org\\\/it\\\/wp-content\\\/uploads\\\/sites\\\/2\\\/2026\\\/04\\\/signal-2026-04-27-163813_008.jpeg\",\"contentUrl\":\"https:\\\/\\\/franciscansinternational.org\\\/it\\\/wp-content\\\/uploads\\\/sites\\\/2\\\/2026\\\/04\\\/signal-2026-04-27-163813_008.jpeg\",\"width\":1600,\"height\":842},{\"@type\":\"BreadcrumbList\",\"@id\":\"https:\\\/\\\/franciscansinternational.org\\\/it\\\/sviluppare-capacita-a-lungo-termine-per-documentare-le-violazioni-dei-diritti-umani-in-guatemala\\\/#breadcrumb\",\"itemListElement\":[{\"@type\":\"ListItem\",\"position\":1,\"name\":\"Home\",\"item\":\"https:\\\/\\\/franciscansinternational.org\\\/it\\\/\"},{\"@type\":\"ListItem\",\"position\":2,\"name\":\"Sviluppare capacit\u00e0 a lungo termine per documentare le violazioni dei diritti umani in Guatemala\u00a0\"}]},{\"@type\":\"WebSite\",\"@id\":\"https:\\\/\\\/franciscansinternational.org\\\/it\\\/#website\",\"url\":\"https:\\\/\\\/franciscansinternational.org\\\/it\\\/\",\"name\":\"Franciscans International (IT)\",\"description\":\"Just another Franciscans International site\",\"publisher\":{\"@id\":\"https:\\\/\\\/franciscansinternational.org\\\/it\\\/#organization\"},\"potentialAction\":[{\"@type\":\"SearchAction\",\"target\":{\"@type\":\"EntryPoint\",\"urlTemplate\":\"https:\\\/\\\/franciscansinternational.org\\\/it\\\/?s={search_term_string}\"},\"query-input\":{\"@type\":\"PropertyValueSpecification\",\"valueRequired\":true,\"valueName\":\"search_term_string\"}}],\"inLanguage\":\"it-IT\"},{\"@type\":\"Organization\",\"@id\":\"https:\\\/\\\/franciscansinternational.org\\\/it\\\/#organization\",\"name\":\"Franciscans International\",\"url\":\"https:\\\/\\\/franciscansinternational.org\\\/it\\\/\",\"logo\":{\"@type\":\"ImageObject\",\"inLanguage\":\"it-IT\",\"@id\":\"https:\\\/\\\/franciscansinternational.org\\\/it\\\/#\\\/schema\\\/logo\\\/image\\\/\",\"url\":\"https:\\\/\\\/franciscansinternational.org\\\/wp-content\\\/uploads\\\/sites\\\/2\\\/2023\\\/05\\\/logo-3.png\",\"contentUrl\":\"https:\\\/\\\/franciscansinternational.org\\\/wp-content\\\/uploads\\\/sites\\\/2\\\/2023\\\/05\\\/logo-3.png\",\"width\":1200,\"height\":205,\"caption\":\"Franciscans International\"},\"image\":{\"@id\":\"https:\\\/\\\/franciscansinternational.org\\\/it\\\/#\\\/schema\\\/logo\\\/image\\\/\"},\"sameAs\":[\"https:\\\/\\\/www.facebook.com\\\/FranciscansInternational\\\/\",\"https:\\\/\\\/x.com\\\/FranciscansIntl\",\"https:\\\/\\\/www.youtube.com\\\/channel\\\/UCexu0i-fWB4wwrlPMCz8_Zg\"]},{\"@type\":\"Person\",\"@id\":\"https:\\\/\\\/franciscansinternational.org\\\/it\\\/#\\\/schema\\\/person\\\/f398f02712a9dcab7603295bc1ea94e4\",\"name\":\"communications\",\"image\":{\"@type\":\"ImageObject\",\"inLanguage\":\"it-IT\",\"@id\":\"https:\\\/\\\/secure.gravatar.com\\\/avatar\\\/0b4a62226a9b4f7ce621ec49ca40be1e77d886a42ca84b8a0b0697e9ec17dd63?s=96&d=mm&r=g\",\"url\":\"https:\\\/\\\/secure.gravatar.com\\\/avatar\\\/0b4a62226a9b4f7ce621ec49ca40be1e77d886a42ca84b8a0b0697e9ec17dd63?s=96&d=mm&r=g\",\"contentUrl\":\"https:\\\/\\\/secure.gravatar.com\\\/avatar\\\/0b4a62226a9b4f7ce621ec49ca40be1e77d886a42ca84b8a0b0697e9ec17dd63?s=96&d=mm&r=g\",\"caption\":\"communications\"},\"url\":\"https:\\\/\\\/franciscansinternational.org\\\/it\\\/author\\\/communications\\\/\"}]}<\/script>\n<!-- \/ Yoast SEO plugin. -->","yoast_head_json":{"title":"Sviluppare capacit\u00e0 a lungo termine per documentare le violazioni dei diritti umani in Guatemala\u00a0 - Franciscans International (IT)","robots":{"index":"index","follow":"follow","max-snippet":"max-snippet:-1","max-image-preview":"max-image-preview:large","max-video-preview":"max-video-preview:-1"},"canonical":"https:\/\/franciscansinternational.org\/it\/sviluppare-capacita-a-lungo-termine-per-documentare-le-violazioni-dei-diritti-umani-in-guatemala\/","og_locale":"it_IT","og_type":"article","og_title":"Sviluppare capacit\u00e0 a lungo termine per documentare le violazioni dei diritti umani in Guatemala\u00a0 - Franciscans International (IT)","og_description":"Franciscans International ha recentemente visitato il Guatemala per tenere un seminario di formazione rivolto ai francescani e ai rappresentanti della ...","og_url":"https:\/\/franciscansinternational.org\/it\/sviluppare-capacita-a-lungo-termine-per-documentare-le-violazioni-dei-diritti-umani-in-guatemala\/","og_site_name":"Franciscans International (IT)","article_publisher":"https:\/\/www.facebook.com\/FranciscansInternational\/","article_published_time":"2026-04-28T07:26:26+00:00","article_modified_time":"2026-04-28T07:26:27+00:00","og_image":[{"width":1600,"height":842,"url":"https:\/\/franciscansinternational.org\/it\/wp-content\/uploads\/sites\/2\/2026\/04\/signal-2026-04-27-163813_008.jpeg","type":"image\/jpeg"}],"author":"communications","twitter_card":"summary_large_image","twitter_creator":"@FranciscansIntl","twitter_site":"@FranciscansIntl","twitter_misc":{"Scritto da":"communications","Tempo di lettura stimato":"3 minuti"},"schema":{"@context":"https:\/\/schema.org","@graph":[{"@type":"Article","@id":"https:\/\/franciscansinternational.org\/it\/sviluppare-capacita-a-lungo-termine-per-documentare-le-violazioni-dei-diritti-umani-in-guatemala\/#article","isPartOf":{"@id":"https:\/\/franciscansinternational.org\/it\/sviluppare-capacita-a-lungo-termine-per-documentare-le-violazioni-dei-diritti-umani-in-guatemala\/"},"author":{"name":"communications","@id":"https:\/\/franciscansinternational.org\/it\/#\/schema\/person\/f398f02712a9dcab7603295bc1ea94e4"},"headline":"Sviluppare capacit\u00e0 a lungo termine per documentare le violazioni dei diritti umani in Guatemala\u00a0","datePublished":"2026-04-28T07:26:26+00:00","dateModified":"2026-04-28T07:26:27+00:00","mainEntityOfPage":{"@id":"https:\/\/franciscansinternational.org\/it\/sviluppare-capacita-a-lungo-termine-per-documentare-le-violazioni-dei-diritti-umani-in-guatemala\/"},"wordCount":507,"publisher":{"@id":"https:\/\/franciscansinternational.org\/it\/#organization"},"image":{"@id":"https:\/\/franciscansinternational.org\/it\/sviluppare-capacita-a-lungo-termine-per-documentare-le-violazioni-dei-diritti-umani-in-guatemala\/#primaryimage"},"thumbnailUrl":"https:\/\/franciscansinternational.org\/it\/wp-content\/uploads\/sites\/2\/2026\/04\/signal-2026-04-27-163813_008.jpeg","keywords":["Pari dignit\u00e0","Programma Americhe"],"articleSection":["Notizie"],"inLanguage":"it-IT"},{"@type":"WebPage","@id":"https:\/\/franciscansinternational.org\/it\/sviluppare-capacita-a-lungo-termine-per-documentare-le-violazioni-dei-diritti-umani-in-guatemala\/","url":"https:\/\/franciscansinternational.org\/it\/sviluppare-capacita-a-lungo-termine-per-documentare-le-violazioni-dei-diritti-umani-in-guatemala\/","name":"Sviluppare capacit\u00e0 a lungo termine per documentare le violazioni dei diritti umani in Guatemala\u00a0 - Franciscans International (IT)","isPartOf":{"@id":"https:\/\/franciscansinternational.org\/it\/#website"},"primaryImageOfPage":{"@id":"https:\/\/franciscansinternational.org\/it\/sviluppare-capacita-a-lungo-termine-per-documentare-le-violazioni-dei-diritti-umani-in-guatemala\/#primaryimage"},"image":{"@id":"https:\/\/franciscansinternational.org\/it\/sviluppare-capacita-a-lungo-termine-per-documentare-le-violazioni-dei-diritti-umani-in-guatemala\/#primaryimage"},"thumbnailUrl":"https:\/\/franciscansinternational.org\/it\/wp-content\/uploads\/sites\/2\/2026\/04\/signal-2026-04-27-163813_008.jpeg","datePublished":"2026-04-28T07:26:26+00:00","dateModified":"2026-04-28T07:26:27+00:00","breadcrumb":{"@id":"https:\/\/franciscansinternational.org\/it\/sviluppare-capacita-a-lungo-termine-per-documentare-le-violazioni-dei-diritti-umani-in-guatemala\/#breadcrumb"},"inLanguage":"it-IT","potentialAction":[{"@type":"ReadAction","target":["https:\/\/franciscansinternational.org\/it\/sviluppare-capacita-a-lungo-termine-per-documentare-le-violazioni-dei-diritti-umani-in-guatemala\/"]}]},{"@type":"ImageObject","inLanguage":"it-IT","@id":"https:\/\/franciscansinternational.org\/it\/sviluppare-capacita-a-lungo-termine-per-documentare-le-violazioni-dei-diritti-umani-in-guatemala\/#primaryimage","url":"https:\/\/franciscansinternational.org\/it\/wp-content\/uploads\/sites\/2\/2026\/04\/signal-2026-04-27-163813_008.jpeg","contentUrl":"https:\/\/franciscansinternational.org\/it\/wp-content\/uploads\/sites\/2\/2026\/04\/signal-2026-04-27-163813_008.jpeg","width":1600,"height":842},{"@type":"BreadcrumbList","@id":"https:\/\/franciscansinternational.org\/it\/sviluppare-capacita-a-lungo-termine-per-documentare-le-violazioni-dei-diritti-umani-in-guatemala\/#breadcrumb","itemListElement":[{"@type":"ListItem","position":1,"name":"Home","item":"https:\/\/franciscansinternational.org\/it\/"},{"@type":"ListItem","position":2,"name":"Sviluppare capacit\u00e0 a lungo termine per documentare le violazioni dei diritti umani in Guatemala\u00a0"}]},{"@type":"WebSite","@id":"https:\/\/franciscansinternational.org\/it\/#website","url":"https:\/\/franciscansinternational.org\/it\/","name":"Franciscans International (IT)","description":"Just another Franciscans International site","publisher":{"@id":"https:\/\/franciscansinternational.org\/it\/#organization"},"potentialAction":[{"@type":"SearchAction","target":{"@type":"EntryPoint","urlTemplate":"https:\/\/franciscansinternational.org\/it\/?s={search_term_string}"},"query-input":{"@type":"PropertyValueSpecification","valueRequired":true,"valueName":"search_term_string"}}],"inLanguage":"it-IT"},{"@type":"Organization","@id":"https:\/\/franciscansinternational.org\/it\/#organization","name":"Franciscans International","url":"https:\/\/franciscansinternational.org\/it\/","logo":{"@type":"ImageObject","inLanguage":"it-IT","@id":"https:\/\/franciscansinternational.org\/it\/#\/schema\/logo\/image\/","url":"https:\/\/franciscansinternational.org\/wp-content\/uploads\/sites\/2\/2023\/05\/logo-3.png","contentUrl":"https:\/\/franciscansinternational.org\/wp-content\/uploads\/sites\/2\/2023\/05\/logo-3.png","width":1200,"height":205,"caption":"Franciscans International"},"image":{"@id":"https:\/\/franciscansinternational.org\/it\/#\/schema\/logo\/image\/"},"sameAs":["https:\/\/www.facebook.com\/FranciscansInternational\/","https:\/\/x.com\/FranciscansIntl","https:\/\/www.youtube.com\/channel\/UCexu0i-fWB4wwrlPMCz8_Zg"]},{"@type":"Person","@id":"https:\/\/franciscansinternational.org\/it\/#\/schema\/person\/f398f02712a9dcab7603295bc1ea94e4","name":"communications","image":{"@type":"ImageObject","inLanguage":"it-IT","@id":"https:\/\/secure.gravatar.com\/avatar\/0b4a62226a9b4f7ce621ec49ca40be1e77d886a42ca84b8a0b0697e9ec17dd63?s=96&d=mm&r=g","url":"https:\/\/secure.gravatar.com\/avatar\/0b4a62226a9b4f7ce621ec49ca40be1e77d886a42ca84b8a0b0697e9ec17dd63?s=96&d=mm&r=g","contentUrl":"https:\/\/secure.gravatar.com\/avatar\/0b4a62226a9b4f7ce621ec49ca40be1e77d886a42ca84b8a0b0697e9ec17dd63?s=96&d=mm&r=g","caption":"communications"},"url":"https:\/\/franciscansinternational.org\/it\/author\/communications\/"}]}},"jetpack_featured_media_url":"https:\/\/franciscansinternational.org\/it\/wp-content\/uploads\/sites\/2\/2026\/04\/signal-2026-04-27-163813_008.jpeg","jetpack_sharing_enabled":true,"_links":{"self":[{"href":"https:\/\/franciscansinternational.org\/it\/wp-json\/wp\/v2\/posts\/1019","targetHints":{"allow":["GET"]}}],"collection":[{"href":"https:\/\/franciscansinternational.org\/it\/wp-json\/wp\/v2\/posts"}],"about":[{"href":"https:\/\/franciscansinternational.org\/it\/wp-json\/wp\/v2\/types\/post"}],"author":[{"embeddable":true,"href":"https:\/\/franciscansinternational.org\/it\/wp-json\/wp\/v2\/users\/3"}],"replies":[{"embeddable":true,"href":"https:\/\/franciscansinternational.org\/it\/wp-json\/wp\/v2\/comments?post=1019"}],"version-history":[{"count":2,"href":"https:\/\/franciscansinternational.org\/it\/wp-json\/wp\/v2\/posts\/1019\/revisions"}],"predecessor-version":[{"id":1022,"href":"https:\/\/franciscansinternational.org\/it\/wp-json\/wp\/v2\/posts\/1019\/revisions\/1022"}],"wp:featuredmedia":[{"embeddable":true,"href":"https:\/\/franciscansinternational.org\/it\/wp-json\/wp\/v2\/media\/1020"}],"wp:attachment":[{"href":"https:\/\/franciscansinternational.org\/it\/wp-json\/wp\/v2\/media?parent=1019"}],"wp:term":[{"taxonomy":"category","embeddable":true,"href":"https:\/\/franciscansinternational.org\/it\/wp-json\/wp\/v2\/categories?post=1019"},{"taxonomy":"post_tag","embeddable":true,"href":"https:\/\/franciscansinternational.org\/it\/wp-json\/wp\/v2\/tags?post=1019"}],"curies":[{"name":"wp","href":"https:\/\/api.w.org\/{rel}","templated":true}]}}