{"id":252,"date":"2020-06-01T08:17:00","date_gmt":"2020-06-01T08:17:00","guid":{"rendered":"https:\/\/franciscansinternational.kinsta.cloud\/it\/?p=252"},"modified":"2023-05-03T08:20:18","modified_gmt":"2023-05-03T08:20:18","slug":"i-francescani-continuano-a-chiedere-responsabilita-nelle-filippine","status":"publish","type":"post","link":"https:\/\/franciscansinternational.org\/it\/i-francescani-continuano-a-chiedere-responsabilita-nelle-filippine\/","title":{"rendered":"I francescani continuano a chiedere responsabilit\u00e0 nelle Filippine"},"content":{"rendered":"\n<p>Con l&#8217;elezione del presidente Marcos nel maggio 2022, le Filippine sono entrate in un nuovo capitolo della loro travagliata storia dei diritti umani. La nuova amministrazione si \u00e8 insediata dopo una controversa campagna elettorale inficiata da accuse di disinformazione diffusa e dovr\u00e0 decidere come affrontare l&#8217;eredit\u00e0 della cosiddetta &#8220;guerra alla droga&#8221; del presidente Duterte, durante la quale decine di migliaia di filippini sono stati vittime di uccisioni extragiudiziali.<\/p>\n\n\n\n<p>&#8220;Temo che questo risultato elettorale significhi una continuazione delle guerre iniziate dall&#8217;amministrazione Duterte: la guerra alla droga, la guerra agli emarginati, la guerra contro la lotta contro il Covid-19&#8221;, afferma Fratel Angel Cortez OFM, che ha visitato Ginevra durante la 50\u00aa sessione del Consiglio dei diritti umani. &#8220;Mette le famiglie delle vittime in una situazione di vuoto e sar\u00e0 un ricordo costante del dolore per la perdita di qualcuno&#8221;.<\/p>\n\n\n\n<p>Come parte di un&#8217;alleanza della societ\u00e0 civile che include reti basate sulla fede, i francescani hanno sostenuto la necessit\u00e0 di rendere conto delle violazioni commesse sotto l&#8217;amministrazione Duterte. In passato, Frate Angelo si \u00e8 ripetutamente rivolto al Consiglio per i diritti umani delle Nazioni Unite e ai diplomatici a Ginevra, fornendo aggiornamenti dal campo e condividendo le testimonianze delle vittime.<\/p>\n\n\n\n<p>Questi <a href=\"https:\/\/franciscansinternational.kinsta.cloud\/blog\/the-philippines-four-years-into-a-human-rights-crisis\/\" target=\"_blank\" rel=\"noreferrer noopener\">sforzi<\/a> hanno contribuito a un&#8217;indagine pubblicata dall&#8217;Ufficio dell&#8217;Alto Commissario per i diritti umani nel 2020, che fornisce prove di gravi violazioni dei diritti umani, tra cui uccisioni, detenzioni arbitrarie e diffamazione del dissenso. Il rapporto ha anche rilevato la persistente impunit\u00e0 e le formidabili barriere che impediscono alle vittime di accedere alla giustizia.<\/p>\n\n\n\n<p>&#8220;Siamo ancora in fase di elaborazione del lutto, ma dobbiamo anche ricominciare a lavorare con il popolo delle Filippine&#8221;, afferma Fratel Angel. &#8220;Continueremo a chiedere un&#8217;indagine internazionale indipendente. Chiediamo anche dei parametri di riferimento per i diritti umani basati sul rapporto dell&#8217;Alto Commissario, perch\u00e9 la situazione \u00e8 effettivamente peggiorata, anzich\u00e9 migliorare&#8221;.<\/p>\n\n\n\n<p>La situazione dei diritti umani nelle Filippine rimane precaria, soprattutto per i difensori dei diritti umani che criticano il governo. Con le barriere interne per ottenere giustizia che sono quasi insormontabili, i francescani continueranno a sollevare la situazione alle Nazioni Unite e a chiedere un&#8217;indagine internazionale per affrontare le violazioni del passato e porre fine all&#8217;impunit\u00e0 prevalente nel Paese.<\/p>\n\n\n\n<p><strong><em>Traduzione automatica<\/em><\/strong><\/p>\n","protected":false},"excerpt":{"rendered":"<p>Con l&#8217;elezione del presidente Marcos nel maggio 2022, le Filippine sono entrate in un nuovo capitolo della loro travagliata storia &#8230; <\/p>\n","protected":false},"author":3,"featured_media":253,"comment_status":"open","ping_status":"closed","sticky":false,"template":"","format":"standard","meta":{"_relevanssi_hide_post":"","_relevanssi_hide_content":"","_relevanssi_pin_for_all":"","_relevanssi_pin_keywords":"","_relevanssi_unpin_keywords":"","_relevanssi_related_keywords":"","_relevanssi_related_include_ids":"","_relevanssi_related_exclude_ids":"","_relevanssi_related_no_append":"","_relevanssi_related_not_related":"","_relevanssi_related_posts":"243,195,248,199","_relevanssi_noindex_reason":"","_jetpack_memberships_contains_paid_content":false,"footnotes":""},"categories":[33,1],"tags":[11,8,6],"class_list":["post-252","post","type-post","status-publish","format-standard","has-post-thumbnail","hentry","category-i-francescani-presso-le-nazioni-unite","category-notizie","tag-pace-e-diritti-umani","tag-pari-dignita","tag-programma-asia-pacifico"],"acf":[],"yoast_head":"<!-- This site is optimized with the Yoast SEO plugin v27.4 - https:\/\/yoast.com\/product\/yoast-seo-wordpress\/ -->\n<title>I francescani continuano a chiedere responsabilit\u00e0 nelle Filippine - Franciscans International (IT)<\/title>\n<meta name=\"robots\" content=\"index, follow, max-snippet:-1, max-image-preview:large, max-video-preview:-1\" \/>\n<link rel=\"canonical\" href=\"https:\/\/franciscansinternational.org\/it\/i-francescani-continuano-a-chiedere-responsabilita-nelle-filippine\/\" \/>\n<meta property=\"og:locale\" content=\"it_IT\" \/>\n<meta property=\"og:type\" content=\"article\" \/>\n<meta property=\"og:title\" content=\"I francescani continuano a chiedere responsabilit\u00e0 nelle Filippine - Franciscans International (IT)\" \/>\n<meta property=\"og:description\" content=\"Con l&#8217;elezione del presidente Marcos nel maggio 2022, le Filippine sono entrate in un nuovo capitolo della loro travagliata storia ...\" \/>\n<meta property=\"og:url\" content=\"https:\/\/franciscansinternational.org\/it\/i-francescani-continuano-a-chiedere-responsabilita-nelle-filippine\/\" \/>\n<meta property=\"og:site_name\" content=\"Franciscans International (IT)\" \/>\n<meta property=\"article:publisher\" content=\"https:\/\/www.facebook.com\/FranciscansInternational\/\" \/>\n<meta property=\"article:published_time\" content=\"2020-06-01T08:17:00+00:00\" \/>\n<meta property=\"article:modified_time\" content=\"2023-05-03T08:20:18+00:00\" \/>\n<meta property=\"og:image\" content=\"https:\/\/franciscansinternational.org\/wp-content\/uploads\/sites\/2\/2023\/05\/Philippines_continued.jpg\" \/>\n\t<meta property=\"og:image:width\" content=\"1680\" \/>\n\t<meta property=\"og:image:height\" content=\"1120\" \/>\n\t<meta property=\"og:image:type\" content=\"image\/jpeg\" \/>\n<meta name=\"author\" content=\"communications\" \/>\n<meta name=\"twitter:card\" content=\"summary_large_image\" \/>\n<meta name=\"twitter:creator\" content=\"@FranciscansIntl\" \/>\n<meta name=\"twitter:site\" content=\"@FranciscansIntl\" \/>\n<meta name=\"twitter:label1\" content=\"Scritto da\" \/>\n\t<meta name=\"twitter:data1\" content=\"communications\" \/>\n\t<meta name=\"twitter:label2\" content=\"Tempo di lettura stimato\" \/>\n\t<meta name=\"twitter:data2\" content=\"2 minuti\" \/>\n<script type=\"application\/ld+json\" class=\"yoast-schema-graph\">{\"@context\":\"https:\\\/\\\/schema.org\",\"@graph\":[{\"@type\":\"Article\",\"@id\":\"https:\\\/\\\/franciscansinternational.org\\\/it\\\/i-francescani-continuano-a-chiedere-responsabilita-nelle-filippine\\\/#article\",\"isPartOf\":{\"@id\":\"https:\\\/\\\/franciscansinternational.org\\\/it\\\/i-francescani-continuano-a-chiedere-responsabilita-nelle-filippine\\\/\"},\"author\":{\"name\":\"communications\",\"@id\":\"https:\\\/\\\/franciscansinternational.org\\\/it\\\/#\\\/schema\\\/person\\\/f398f02712a9dcab7603295bc1ea94e4\"},\"headline\":\"I francescani continuano a chiedere responsabilit\u00e0 nelle Filippine\",\"datePublished\":\"2020-06-01T08:17:00+00:00\",\"dateModified\":\"2023-05-03T08:20:18+00:00\",\"mainEntityOfPage\":{\"@id\":\"https:\\\/\\\/franciscansinternational.org\\\/it\\\/i-francescani-continuano-a-chiedere-responsabilita-nelle-filippine\\\/\"},\"wordCount\":377,\"commentCount\":0,\"publisher\":{\"@id\":\"https:\\\/\\\/franciscansinternational.org\\\/it\\\/#organization\"},\"image\":{\"@id\":\"https:\\\/\\\/franciscansinternational.org\\\/it\\\/i-francescani-continuano-a-chiedere-responsabilita-nelle-filippine\\\/#primaryimage\"},\"thumbnailUrl\":\"https:\\\/\\\/franciscansinternational.org\\\/it\\\/wp-content\\\/uploads\\\/sites\\\/2\\\/2023\\\/05\\\/Philippines_continued.jpg\",\"keywords\":[\"Pace e diritti umani\",\"Pari dignit\u00e0\",\"Programma Asia-Pacifico\"],\"articleSection\":[\"I Francescani presso le Nazioni Unite\",\"Notizie\"],\"inLanguage\":\"it-IT\",\"potentialAction\":[{\"@type\":\"CommentAction\",\"name\":\"Comment\",\"target\":[\"https:\\\/\\\/franciscansinternational.org\\\/it\\\/i-francescani-continuano-a-chiedere-responsabilita-nelle-filippine\\\/#respond\"]}]},{\"@type\":\"WebPage\",\"@id\":\"https:\\\/\\\/franciscansinternational.org\\\/it\\\/i-francescani-continuano-a-chiedere-responsabilita-nelle-filippine\\\/\",\"url\":\"https:\\\/\\\/franciscansinternational.org\\\/it\\\/i-francescani-continuano-a-chiedere-responsabilita-nelle-filippine\\\/\",\"name\":\"I francescani continuano a chiedere responsabilit\u00e0 nelle Filippine - Franciscans International (IT)\",\"isPartOf\":{\"@id\":\"https:\\\/\\\/franciscansinternational.org\\\/it\\\/#website\"},\"primaryImageOfPage\":{\"@id\":\"https:\\\/\\\/franciscansinternational.org\\\/it\\\/i-francescani-continuano-a-chiedere-responsabilita-nelle-filippine\\\/#primaryimage\"},\"image\":{\"@id\":\"https:\\\/\\\/franciscansinternational.org\\\/it\\\/i-francescani-continuano-a-chiedere-responsabilita-nelle-filippine\\\/#primaryimage\"},\"thumbnailUrl\":\"https:\\\/\\\/franciscansinternational.org\\\/it\\\/wp-content\\\/uploads\\\/sites\\\/2\\\/2023\\\/05\\\/Philippines_continued.jpg\",\"datePublished\":\"2020-06-01T08:17:00+00:00\",\"dateModified\":\"2023-05-03T08:20:18+00:00\",\"breadcrumb\":{\"@id\":\"https:\\\/\\\/franciscansinternational.org\\\/it\\\/i-francescani-continuano-a-chiedere-responsabilita-nelle-filippine\\\/#breadcrumb\"},\"inLanguage\":\"it-IT\",\"potentialAction\":[{\"@type\":\"ReadAction\",\"target\":[\"https:\\\/\\\/franciscansinternational.org\\\/it\\\/i-francescani-continuano-a-chiedere-responsabilita-nelle-filippine\\\/\"]}]},{\"@type\":\"ImageObject\",\"inLanguage\":\"it-IT\",\"@id\":\"https:\\\/\\\/franciscansinternational.org\\\/it\\\/i-francescani-continuano-a-chiedere-responsabilita-nelle-filippine\\\/#primaryimage\",\"url\":\"https:\\\/\\\/franciscansinternational.org\\\/it\\\/wp-content\\\/uploads\\\/sites\\\/2\\\/2023\\\/05\\\/Philippines_continued.jpg\",\"contentUrl\":\"https:\\\/\\\/franciscansinternational.org\\\/it\\\/wp-content\\\/uploads\\\/sites\\\/2\\\/2023\\\/05\\\/Philippines_continued.jpg\",\"width\":1680,\"height\":1120},{\"@type\":\"BreadcrumbList\",\"@id\":\"https:\\\/\\\/franciscansinternational.org\\\/it\\\/i-francescani-continuano-a-chiedere-responsabilita-nelle-filippine\\\/#breadcrumb\",\"itemListElement\":[{\"@type\":\"ListItem\",\"position\":1,\"name\":\"Home\",\"item\":\"https:\\\/\\\/franciscansinternational.org\\\/it\\\/\"},{\"@type\":\"ListItem\",\"position\":2,\"name\":\"I francescani continuano a chiedere responsabilit\u00e0 nelle Filippine\"}]},{\"@type\":\"WebSite\",\"@id\":\"https:\\\/\\\/franciscansinternational.org\\\/it\\\/#website\",\"url\":\"https:\\\/\\\/franciscansinternational.org\\\/it\\\/\",\"name\":\"Franciscans International (IT)\",\"description\":\"Just another Franciscans International site\",\"publisher\":{\"@id\":\"https:\\\/\\\/franciscansinternational.org\\\/it\\\/#organization\"},\"potentialAction\":[{\"@type\":\"SearchAction\",\"target\":{\"@type\":\"EntryPoint\",\"urlTemplate\":\"https:\\\/\\\/franciscansinternational.org\\\/it\\\/?s={search_term_string}\"},\"query-input\":{\"@type\":\"PropertyValueSpecification\",\"valueRequired\":true,\"valueName\":\"search_term_string\"}}],\"inLanguage\":\"it-IT\"},{\"@type\":\"Organization\",\"@id\":\"https:\\\/\\\/franciscansinternational.org\\\/it\\\/#organization\",\"name\":\"Franciscans International\",\"url\":\"https:\\\/\\\/franciscansinternational.org\\\/it\\\/\",\"logo\":{\"@type\":\"ImageObject\",\"inLanguage\":\"it-IT\",\"@id\":\"https:\\\/\\\/franciscansinternational.org\\\/it\\\/#\\\/schema\\\/logo\\\/image\\\/\",\"url\":\"https:\\\/\\\/franciscansinternational.org\\\/wp-content\\\/uploads\\\/sites\\\/2\\\/2023\\\/05\\\/logo-3.png\",\"contentUrl\":\"https:\\\/\\\/franciscansinternational.org\\\/wp-content\\\/uploads\\\/sites\\\/2\\\/2023\\\/05\\\/logo-3.png\",\"width\":1200,\"height\":205,\"caption\":\"Franciscans International\"},\"image\":{\"@id\":\"https:\\\/\\\/franciscansinternational.org\\\/it\\\/#\\\/schema\\\/logo\\\/image\\\/\"},\"sameAs\":[\"https:\\\/\\\/www.facebook.com\\\/FranciscansInternational\\\/\",\"https:\\\/\\\/x.com\\\/FranciscansIntl\",\"https:\\\/\\\/www.youtube.com\\\/channel\\\/UCexu0i-fWB4wwrlPMCz8_Zg\"]},{\"@type\":\"Person\",\"@id\":\"https:\\\/\\\/franciscansinternational.org\\\/it\\\/#\\\/schema\\\/person\\\/f398f02712a9dcab7603295bc1ea94e4\",\"name\":\"communications\",\"image\":{\"@type\":\"ImageObject\",\"inLanguage\":\"it-IT\",\"@id\":\"https:\\\/\\\/secure.gravatar.com\\\/avatar\\\/0b4a62226a9b4f7ce621ec49ca40be1e77d886a42ca84b8a0b0697e9ec17dd63?s=96&d=mm&r=g\",\"url\":\"https:\\\/\\\/secure.gravatar.com\\\/avatar\\\/0b4a62226a9b4f7ce621ec49ca40be1e77d886a42ca84b8a0b0697e9ec17dd63?s=96&d=mm&r=g\",\"contentUrl\":\"https:\\\/\\\/secure.gravatar.com\\\/avatar\\\/0b4a62226a9b4f7ce621ec49ca40be1e77d886a42ca84b8a0b0697e9ec17dd63?s=96&d=mm&r=g\",\"caption\":\"communications\"},\"url\":\"https:\\\/\\\/franciscansinternational.org\\\/it\\\/author\\\/communications\\\/\"}]}<\/script>\n<!-- \/ Yoast SEO plugin. -->","yoast_head_json":{"title":"I francescani continuano a chiedere responsabilit\u00e0 nelle Filippine - Franciscans International (IT)","robots":{"index":"index","follow":"follow","max-snippet":"max-snippet:-1","max-image-preview":"max-image-preview:large","max-video-preview":"max-video-preview:-1"},"canonical":"https:\/\/franciscansinternational.org\/it\/i-francescani-continuano-a-chiedere-responsabilita-nelle-filippine\/","og_locale":"it_IT","og_type":"article","og_title":"I francescani continuano a chiedere responsabilit\u00e0 nelle Filippine - Franciscans International (IT)","og_description":"Con l&#8217;elezione del presidente Marcos nel maggio 2022, le Filippine sono entrate in un nuovo capitolo della loro travagliata storia ...","og_url":"https:\/\/franciscansinternational.org\/it\/i-francescani-continuano-a-chiedere-responsabilita-nelle-filippine\/","og_site_name":"Franciscans International (IT)","article_publisher":"https:\/\/www.facebook.com\/FranciscansInternational\/","article_published_time":"2020-06-01T08:17:00+00:00","article_modified_time":"2023-05-03T08:20:18+00:00","og_image":[{"width":1680,"height":1120,"url":"https:\/\/franciscansinternational.org\/wp-content\/uploads\/sites\/2\/2023\/05\/Philippines_continued.jpg","type":"image\/jpeg"}],"author":"communications","twitter_card":"summary_large_image","twitter_creator":"@FranciscansIntl","twitter_site":"@FranciscansIntl","twitter_misc":{"Scritto da":"communications","Tempo di lettura stimato":"2 minuti"},"schema":{"@context":"https:\/\/schema.org","@graph":[{"@type":"Article","@id":"https:\/\/franciscansinternational.org\/it\/i-francescani-continuano-a-chiedere-responsabilita-nelle-filippine\/#article","isPartOf":{"@id":"https:\/\/franciscansinternational.org\/it\/i-francescani-continuano-a-chiedere-responsabilita-nelle-filippine\/"},"author":{"name":"communications","@id":"https:\/\/franciscansinternational.org\/it\/#\/schema\/person\/f398f02712a9dcab7603295bc1ea94e4"},"headline":"I francescani continuano a chiedere responsabilit\u00e0 nelle Filippine","datePublished":"2020-06-01T08:17:00+00:00","dateModified":"2023-05-03T08:20:18+00:00","mainEntityOfPage":{"@id":"https:\/\/franciscansinternational.org\/it\/i-francescani-continuano-a-chiedere-responsabilita-nelle-filippine\/"},"wordCount":377,"commentCount":0,"publisher":{"@id":"https:\/\/franciscansinternational.org\/it\/#organization"},"image":{"@id":"https:\/\/franciscansinternational.org\/it\/i-francescani-continuano-a-chiedere-responsabilita-nelle-filippine\/#primaryimage"},"thumbnailUrl":"https:\/\/franciscansinternational.org\/it\/wp-content\/uploads\/sites\/2\/2023\/05\/Philippines_continued.jpg","keywords":["Pace e diritti umani","Pari dignit\u00e0","Programma Asia-Pacifico"],"articleSection":["I Francescani presso le Nazioni Unite","Notizie"],"inLanguage":"it-IT","potentialAction":[{"@type":"CommentAction","name":"Comment","target":["https:\/\/franciscansinternational.org\/it\/i-francescani-continuano-a-chiedere-responsabilita-nelle-filippine\/#respond"]}]},{"@type":"WebPage","@id":"https:\/\/franciscansinternational.org\/it\/i-francescani-continuano-a-chiedere-responsabilita-nelle-filippine\/","url":"https:\/\/franciscansinternational.org\/it\/i-francescani-continuano-a-chiedere-responsabilita-nelle-filippine\/","name":"I francescani continuano a chiedere responsabilit\u00e0 nelle Filippine - Franciscans International (IT)","isPartOf":{"@id":"https:\/\/franciscansinternational.org\/it\/#website"},"primaryImageOfPage":{"@id":"https:\/\/franciscansinternational.org\/it\/i-francescani-continuano-a-chiedere-responsabilita-nelle-filippine\/#primaryimage"},"image":{"@id":"https:\/\/franciscansinternational.org\/it\/i-francescani-continuano-a-chiedere-responsabilita-nelle-filippine\/#primaryimage"},"thumbnailUrl":"https:\/\/franciscansinternational.org\/it\/wp-content\/uploads\/sites\/2\/2023\/05\/Philippines_continued.jpg","datePublished":"2020-06-01T08:17:00+00:00","dateModified":"2023-05-03T08:20:18+00:00","breadcrumb":{"@id":"https:\/\/franciscansinternational.org\/it\/i-francescani-continuano-a-chiedere-responsabilita-nelle-filippine\/#breadcrumb"},"inLanguage":"it-IT","potentialAction":[{"@type":"ReadAction","target":["https:\/\/franciscansinternational.org\/it\/i-francescani-continuano-a-chiedere-responsabilita-nelle-filippine\/"]}]},{"@type":"ImageObject","inLanguage":"it-IT","@id":"https:\/\/franciscansinternational.org\/it\/i-francescani-continuano-a-chiedere-responsabilita-nelle-filippine\/#primaryimage","url":"https:\/\/franciscansinternational.org\/it\/wp-content\/uploads\/sites\/2\/2023\/05\/Philippines_continued.jpg","contentUrl":"https:\/\/franciscansinternational.org\/it\/wp-content\/uploads\/sites\/2\/2023\/05\/Philippines_continued.jpg","width":1680,"height":1120},{"@type":"BreadcrumbList","@id":"https:\/\/franciscansinternational.org\/it\/i-francescani-continuano-a-chiedere-responsabilita-nelle-filippine\/#breadcrumb","itemListElement":[{"@type":"ListItem","position":1,"name":"Home","item":"https:\/\/franciscansinternational.org\/it\/"},{"@type":"ListItem","position":2,"name":"I francescani continuano a chiedere responsabilit\u00e0 nelle Filippine"}]},{"@type":"WebSite","@id":"https:\/\/franciscansinternational.org\/it\/#website","url":"https:\/\/franciscansinternational.org\/it\/","name":"Franciscans International (IT)","description":"Just another Franciscans International site","publisher":{"@id":"https:\/\/franciscansinternational.org\/it\/#organization"},"potentialAction":[{"@type":"SearchAction","target":{"@type":"EntryPoint","urlTemplate":"https:\/\/franciscansinternational.org\/it\/?s={search_term_string}"},"query-input":{"@type":"PropertyValueSpecification","valueRequired":true,"valueName":"search_term_string"}}],"inLanguage":"it-IT"},{"@type":"Organization","@id":"https:\/\/franciscansinternational.org\/it\/#organization","name":"Franciscans International","url":"https:\/\/franciscansinternational.org\/it\/","logo":{"@type":"ImageObject","inLanguage":"it-IT","@id":"https:\/\/franciscansinternational.org\/it\/#\/schema\/logo\/image\/","url":"https:\/\/franciscansinternational.org\/wp-content\/uploads\/sites\/2\/2023\/05\/logo-3.png","contentUrl":"https:\/\/franciscansinternational.org\/wp-content\/uploads\/sites\/2\/2023\/05\/logo-3.png","width":1200,"height":205,"caption":"Franciscans International"},"image":{"@id":"https:\/\/franciscansinternational.org\/it\/#\/schema\/logo\/image\/"},"sameAs":["https:\/\/www.facebook.com\/FranciscansInternational\/","https:\/\/x.com\/FranciscansIntl","https:\/\/www.youtube.com\/channel\/UCexu0i-fWB4wwrlPMCz8_Zg"]},{"@type":"Person","@id":"https:\/\/franciscansinternational.org\/it\/#\/schema\/person\/f398f02712a9dcab7603295bc1ea94e4","name":"communications","image":{"@type":"ImageObject","inLanguage":"it-IT","@id":"https:\/\/secure.gravatar.com\/avatar\/0b4a62226a9b4f7ce621ec49ca40be1e77d886a42ca84b8a0b0697e9ec17dd63?s=96&d=mm&r=g","url":"https:\/\/secure.gravatar.com\/avatar\/0b4a62226a9b4f7ce621ec49ca40be1e77d886a42ca84b8a0b0697e9ec17dd63?s=96&d=mm&r=g","contentUrl":"https:\/\/secure.gravatar.com\/avatar\/0b4a62226a9b4f7ce621ec49ca40be1e77d886a42ca84b8a0b0697e9ec17dd63?s=96&d=mm&r=g","caption":"communications"},"url":"https:\/\/franciscansinternational.org\/it\/author\/communications\/"}]}},"jetpack_featured_media_url":"https:\/\/franciscansinternational.org\/it\/wp-content\/uploads\/sites\/2\/2023\/05\/Philippines_continued.jpg","jetpack_sharing_enabled":true,"_links":{"self":[{"href":"https:\/\/franciscansinternational.org\/it\/wp-json\/wp\/v2\/posts\/252","targetHints":{"allow":["GET"]}}],"collection":[{"href":"https:\/\/franciscansinternational.org\/it\/wp-json\/wp\/v2\/posts"}],"about":[{"href":"https:\/\/franciscansinternational.org\/it\/wp-json\/wp\/v2\/types\/post"}],"author":[{"embeddable":true,"href":"https:\/\/franciscansinternational.org\/it\/wp-json\/wp\/v2\/users\/3"}],"replies":[{"embeddable":true,"href":"https:\/\/franciscansinternational.org\/it\/wp-json\/wp\/v2\/comments?post=252"}],"version-history":[{"count":2,"href":"https:\/\/franciscansinternational.org\/it\/wp-json\/wp\/v2\/posts\/252\/revisions"}],"predecessor-version":[{"id":255,"href":"https:\/\/franciscansinternational.org\/it\/wp-json\/wp\/v2\/posts\/252\/revisions\/255"}],"wp:featuredmedia":[{"embeddable":true,"href":"https:\/\/franciscansinternational.org\/it\/wp-json\/wp\/v2\/media\/253"}],"wp:attachment":[{"href":"https:\/\/franciscansinternational.org\/it\/wp-json\/wp\/v2\/media?parent=252"}],"wp:term":[{"taxonomy":"category","embeddable":true,"href":"https:\/\/franciscansinternational.org\/it\/wp-json\/wp\/v2\/categories?post=252"},{"taxonomy":"post_tag","embeddable":true,"href":"https:\/\/franciscansinternational.org\/it\/wp-json\/wp\/v2\/tags?post=252"}],"curies":[{"name":"wp","href":"https:\/\/api.w.org\/{rel}","templated":true}]}}