{"id":307,"date":"2023-06-05T11:17:24","date_gmt":"2023-06-05T11:17:24","guid":{"rendered":"https:\/\/franciscansinternational.org\/it\/?p=307"},"modified":"2023-06-05T11:17:24","modified_gmt":"2023-06-05T11:17:24","slug":"giornata-mondiale-dellambiente-non-dare-priorita-ai-profitti-rispetto-alle-persone-e-al-pianeta","status":"publish","type":"post","link":"https:\/\/franciscansinternational.org\/it\/giornata-mondiale-dellambiente-non-dare-priorita-ai-profitti-rispetto-alle-persone-e-al-pianeta\/","title":{"rendered":"Giornata mondiale dell&#8217;ambiente: Non dare priorit\u00e0 ai profitti rispetto alle persone e al pianeta"},"content":{"rendered":"\n<p>Quest&#8217;anno la Giornata mondiale dell&#8217;ambiente si concentra sul tema <a href=\"https:\/\/www.worldenvironmentday.global\/\">dell&#8217;inquinamento da plastica<\/a> e sulla necessit\u00e0 di un&#8217;azione accelerata per combatterlo. Nell&#8217;ambito di questo impegno, sono iniziati i negoziati delle Nazioni Unite per la definizione di uno strumento giuridicamente vincolante sull&#8217;inquinamento da plastica. \u00c8 importante notare che la risoluzione che istituisce i negoziati chiede che lo strumento contenga disposizioni che incoraggino &#8220;l&#8217;azione di tutte le parti interessate, compreso il settore privato&#8221;.&nbsp;<\/p>\n\n\n\n<p>In <a href=\"https:\/\/www.ohchr.org\/en\/press-releases\/2023\/06\/un-experts-warn-toxic-tidal-wave-plastic-pollutes-environment-and-threatens\">una dichiarazione<\/a> rilasciata in vista della Giornata mondiale dell&#8217;ambiente, i relatori speciali delle Nazioni Unite sui rifiuti tossici e sull&#8217;ambiente sottolineano l&#8217;entit\u00e0 del problema: ogni anno il mondo produce 400 milioni di tonnellate di plastica, la cui produzione si basa quasi esclusivamente su combustibili fossili. Essi avvertono che &#8220;la plastica, la microplastica e le sostanze pericolose che contengono si trovano nel cibo che mangiamo, nell&#8217;acqua che beviamo e nell&#8217;aria che respiriamo. Mentre tutti sono colpiti dagli impatti negativi della plastica sui diritti umani, il livello di esposizione all&#8217;inquinamento e ai rifiuti legati alla plastica colpisce maggiormente le comunit\u00e0 emarginate&#8221;.<\/p>\n\n\n\n<p>Franciscans International sottolinea il ruolo del settore privato nell&#8217;inquinamento da plastica e nell&#8217;intera triplice crisi planetaria del cambiamento climatico, della perdita di biodiversit\u00e0 e dell&#8217;inquinamento che il mondo si trova attualmente ad affrontare. Dobbiamo affrontare la realt\u00e0 che, mentre le operazioni e le attivit\u00e0 delle aziende sono un motore di questa crisi, c&#8217;\u00e8 stata poca responsabilit\u00e0. Al contrario, i nostri partner sul campo continuano a richiamare l&#8217;attenzione sugli impatti negativi che le loro comunit\u00e0 subiscono a causa delle attivit\u00e0 commerciali, dalle industrie estrattive allo smaltimento dei rifiuti.<\/p>\n\n\n\n<p>&#8220;Nel mondo globalizzato di oggi, sia le attivit\u00e0 commerciali che l&#8217;inquinamento che esse causano non conoscono confini. Le implicazioni negative per i diritti umani di questa situazione possono essere affrontate solo attraverso uno sforzo collettivo della comunit\u00e0 internazionale&#8221;, afferma Markus Heinze OFM, direttore esecutivo di Franciscans International. Non possiamo tollerare una situazione in cui le comunit\u00e0, in particolare nel Sud del mondo, vengono sfruttate per le loro risorse, sopportano il peso del cambiamento climatico e spesso vengono trasformate in <a href=\"https:\/\/www.ohchr.org\/sites\/default\/files\/2022-03\/SacrificeZones-userfriendlyversion.pdf\">\u2018zone di sacrificio\u2019<\/a> per i rifiuti e le sostanze inquinanti. Meccanismi ONU forti e giuridicamente vincolanti in questo contesto sono fondamentali per un mondo giusto e vivibile&#8221;.<\/p>\n\n\n\n<p>In questo senso, Franciscans International continua a sostenere la necessit\u00e0 di uno strumento giuridicamente vincolante delle Nazioni Unite per regolamentare le imprese transnazionali in base al diritto internazionale dei diritti umani. Mentre le risoluzioni dell&#8217;Assemblea Generale delle Nazioni Unite e del Consiglio dei Diritti Umani che riconoscono il diritto a un ambiente pulito, sano e sostenibile richiamano i Principi Guida delle Nazioni Unite su Imprese e Diritti Umani, \u00e8 chiaro che gli Stati devono andare oltre i principi e gli impegni non vincolanti. Piuttosto, gli Stati devono adempiere ai loro obblighi in materia di diritti umani, prevenire le violazioni e il degrado ambientale da parte di entit\u00e0 commerciali, anche a livello extraterritoriale da parte di imprese &#8220;domiciliate nel loro territorio e\/o nella loro giurisdizione&#8221;,<sup>1<\/sup> e garantire un&#8217;adeguata riparazione.<\/p>\n\n\n\n<p>Inoltre, come osservato dal Comitato delle Nazioni Unite sui diritti economici, sociali e culturali, gli Stati violano i loro obblighi quando &#8220;danno priorit\u00e0 agli interessi delle entit\u00e0 commerciali rispetto ai diritti del Patto senza un&#8217;adeguata giustificazione [&#8230;]&#8221;. Franciscans International richiama l&#8217;attenzione sulla presenza di entit\u00e0 (e interessi) commerciali alle Nazioni Unite, anche nei forum relativi all&#8217;ambiente, come parte del cosiddetto &#8220;multi-stakeholderism&#8221;.<sup>2<\/sup> Le imprese possono essere &#8220;parte della soluzione&#8221;, come <a href=\"https:\/\/press.un.org\/en\/2020\/sga2109.doc.htm\">sottolineato<\/a> dai <a href=\"https:\/\/www.unep.org\/news-and-stories\/speech\/big-step-towards-ending-plastic-pollution\">funzionari dell&#8217;ONU<\/a>, solo quando c&#8217;\u00e8 una regolamentazione appropriata e quando sono ritenute responsabili delle violazioni dei diritti umani e del degrado ambientale causati dalle loro attivit\u00e0.<\/p>\n\n\n\n<p>In questa Giornata Mondiale dell&#8217;Ambiente, Franciscans International sottolinea la gravit\u00e0 della triplice crisi planetaria e l&#8217;urgenza di garantire che i profitti delle imprese non continuino a essere privilegiati rispetto alle persone e al pianeta.<\/p>\n\n\n\n<p>&#8212;<\/p>\n\n\n\n<ol class=\"wp-block-list\">\n<li class=\"has-small-font-size\">CESCR, Commento generale n. 24, par. 26.<\/li>\n\n\n\n<li class=\"has-small-font-size\">Si veda ad esempio: <a href=\"https:\/\/www.bbc.com\/news\/science-environment-63571610\">COP27: Sharp increase in fossil fuel industry delegates at climate summit<\/a>, BBC, 10 novembre 2022; <a href=\"https:\/\/www.escr-net.org\/sites\/default\/files\/attachments\/ep.1_background_document_.pdf\">Corporate Capture of the United Nations<\/a>, ESCR-Net, 11 febbraio 2021.<\/li>\n<\/ol>\n\n\n\n<blockquote class=\"wp-block-quote has-small-font-size is-layout-flow wp-block-quote-is-layout-flow\">\n<p>Si tratta di una traduzione automatica. Ci scusiamo per gli eventuali errori che ne derivano. In caso di divergenze, fa fede la versione inglese.<\/p>\n<\/blockquote>\n","protected":false},"excerpt":{"rendered":"<p>Quest&#8217;anno la Giornata mondiale dell&#8217;ambiente si concentra sul tema dell&#8217;inquinamento da plastica e sulla necessit\u00e0 di un&#8217;azione accelerata per combatterlo. &#8230; <\/p>\n","protected":false},"author":3,"featured_media":308,"comment_status":"closed","ping_status":"closed","sticky":false,"template":"","format":"standard","meta":{"_relevanssi_hide_post":"","_relevanssi_hide_content":"","_relevanssi_pin_for_all":"","_relevanssi_pin_keywords":"","_relevanssi_unpin_keywords":"","_relevanssi_related_keywords":"","_relevanssi_related_include_ids":"","_relevanssi_related_exclude_ids":"","_relevanssi_related_no_append":"","_relevanssi_related_not_related":"","_relevanssi_related_posts":"262,298,199,257,282,292","_relevanssi_noindex_reason":"","_jetpack_memberships_contains_paid_content":false,"footnotes":""},"categories":[1],"tags":[7],"class_list":["post-307","post","type-post","status-publish","format-standard","has-post-thumbnail","hentry","category-notizie","tag-giustizia-ambientale"],"acf":[],"yoast_head":"<!-- This site is optimized with the Yoast SEO plugin v27.5 - https:\/\/yoast.com\/product\/yoast-seo-wordpress\/ -->\n<title>Giornata mondiale dell&#039;ambiente: Non dare priorit\u00e0 ai profitti rispetto alle persone e al pianeta - Franciscans International (IT)<\/title>\n<meta name=\"robots\" content=\"index, follow, max-snippet:-1, max-image-preview:large, max-video-preview:-1\" \/>\n<link rel=\"canonical\" href=\"https:\/\/franciscansinternational.org\/it\/giornata-mondiale-dellambiente-non-dare-priorita-ai-profitti-rispetto-alle-persone-e-al-pianeta\/\" \/>\n<meta property=\"og:locale\" content=\"it_IT\" \/>\n<meta property=\"og:type\" content=\"article\" \/>\n<meta property=\"og:title\" content=\"Giornata mondiale dell&#039;ambiente: Non dare priorit\u00e0 ai profitti rispetto alle persone e al pianeta - Franciscans International (IT)\" \/>\n<meta property=\"og:description\" content=\"Quest&#8217;anno la Giornata mondiale dell&#8217;ambiente si concentra sul tema dell&#8217;inquinamento da plastica e sulla necessit\u00e0 di un&#8217;azione accelerata per combatterlo. ...\" \/>\n<meta property=\"og:url\" content=\"https:\/\/franciscansinternational.org\/it\/giornata-mondiale-dellambiente-non-dare-priorita-ai-profitti-rispetto-alle-persone-e-al-pianeta\/\" \/>\n<meta property=\"og:site_name\" content=\"Franciscans International (IT)\" \/>\n<meta property=\"article:publisher\" content=\"https:\/\/www.facebook.com\/FranciscansInternational\/\" \/>\n<meta property=\"article:published_time\" content=\"2023-06-05T11:17:24+00:00\" \/>\n<meta property=\"og:image\" content=\"https:\/\/franciscansinternational.org\/it\/wp-content\/uploads\/sites\/2\/2023\/06\/IMG-20190922-WA0051.jpg\" \/>\n\t<meta property=\"og:image:width\" content=\"1043\" \/>\n\t<meta property=\"og:image:height\" content=\"723\" \/>\n\t<meta property=\"og:image:type\" content=\"image\/jpeg\" \/>\n<meta name=\"author\" content=\"communications\" \/>\n<meta name=\"twitter:card\" content=\"summary_large_image\" \/>\n<meta name=\"twitter:creator\" content=\"@FranciscansIntl\" \/>\n<meta name=\"twitter:site\" content=\"@FranciscansIntl\" \/>\n<meta name=\"twitter:label1\" content=\"Scritto da\" \/>\n\t<meta name=\"twitter:data1\" content=\"communications\" \/>\n\t<meta name=\"twitter:label2\" content=\"Tempo di lettura stimato\" \/>\n\t<meta name=\"twitter:data2\" content=\"4 minuti\" \/>\n<script type=\"application\/ld+json\" class=\"yoast-schema-graph\">{\"@context\":\"https:\\\/\\\/schema.org\",\"@graph\":[{\"@type\":\"Article\",\"@id\":\"https:\\\/\\\/franciscansinternational.org\\\/it\\\/giornata-mondiale-dellambiente-non-dare-priorita-ai-profitti-rispetto-alle-persone-e-al-pianeta\\\/#article\",\"isPartOf\":{\"@id\":\"https:\\\/\\\/franciscansinternational.org\\\/it\\\/giornata-mondiale-dellambiente-non-dare-priorita-ai-profitti-rispetto-alle-persone-e-al-pianeta\\\/\"},\"author\":{\"name\":\"communications\",\"@id\":\"https:\\\/\\\/franciscansinternational.org\\\/it\\\/#\\\/schema\\\/person\\\/f398f02712a9dcab7603295bc1ea94e4\"},\"headline\":\"Giornata mondiale dell&#8217;ambiente: Non dare priorit\u00e0 ai profitti rispetto alle persone e al pianeta\",\"datePublished\":\"2023-06-05T11:17:24+00:00\",\"mainEntityOfPage\":{\"@id\":\"https:\\\/\\\/franciscansinternational.org\\\/it\\\/giornata-mondiale-dellambiente-non-dare-priorita-ai-profitti-rispetto-alle-persone-e-al-pianeta\\\/\"},\"wordCount\":716,\"publisher\":{\"@id\":\"https:\\\/\\\/franciscansinternational.org\\\/it\\\/#organization\"},\"image\":{\"@id\":\"https:\\\/\\\/franciscansinternational.org\\\/it\\\/giornata-mondiale-dellambiente-non-dare-priorita-ai-profitti-rispetto-alle-persone-e-al-pianeta\\\/#primaryimage\"},\"thumbnailUrl\":\"https:\\\/\\\/franciscansinternational.org\\\/it\\\/wp-content\\\/uploads\\\/sites\\\/2\\\/2023\\\/06\\\/IMG-20190922-WA0051.jpg\",\"keywords\":[\"Giustizia ambientale\"],\"articleSection\":[\"Notizie\"],\"inLanguage\":\"it-IT\"},{\"@type\":\"WebPage\",\"@id\":\"https:\\\/\\\/franciscansinternational.org\\\/it\\\/giornata-mondiale-dellambiente-non-dare-priorita-ai-profitti-rispetto-alle-persone-e-al-pianeta\\\/\",\"url\":\"https:\\\/\\\/franciscansinternational.org\\\/it\\\/giornata-mondiale-dellambiente-non-dare-priorita-ai-profitti-rispetto-alle-persone-e-al-pianeta\\\/\",\"name\":\"Giornata mondiale dell'ambiente: Non dare priorit\u00e0 ai profitti rispetto alle persone e al pianeta - Franciscans International (IT)\",\"isPartOf\":{\"@id\":\"https:\\\/\\\/franciscansinternational.org\\\/it\\\/#website\"},\"primaryImageOfPage\":{\"@id\":\"https:\\\/\\\/franciscansinternational.org\\\/it\\\/giornata-mondiale-dellambiente-non-dare-priorita-ai-profitti-rispetto-alle-persone-e-al-pianeta\\\/#primaryimage\"},\"image\":{\"@id\":\"https:\\\/\\\/franciscansinternational.org\\\/it\\\/giornata-mondiale-dellambiente-non-dare-priorita-ai-profitti-rispetto-alle-persone-e-al-pianeta\\\/#primaryimage\"},\"thumbnailUrl\":\"https:\\\/\\\/franciscansinternational.org\\\/it\\\/wp-content\\\/uploads\\\/sites\\\/2\\\/2023\\\/06\\\/IMG-20190922-WA0051.jpg\",\"datePublished\":\"2023-06-05T11:17:24+00:00\",\"breadcrumb\":{\"@id\":\"https:\\\/\\\/franciscansinternational.org\\\/it\\\/giornata-mondiale-dellambiente-non-dare-priorita-ai-profitti-rispetto-alle-persone-e-al-pianeta\\\/#breadcrumb\"},\"inLanguage\":\"it-IT\",\"potentialAction\":[{\"@type\":\"ReadAction\",\"target\":[\"https:\\\/\\\/franciscansinternational.org\\\/it\\\/giornata-mondiale-dellambiente-non-dare-priorita-ai-profitti-rispetto-alle-persone-e-al-pianeta\\\/\"]}]},{\"@type\":\"ImageObject\",\"inLanguage\":\"it-IT\",\"@id\":\"https:\\\/\\\/franciscansinternational.org\\\/it\\\/giornata-mondiale-dellambiente-non-dare-priorita-ai-profitti-rispetto-alle-persone-e-al-pianeta\\\/#primaryimage\",\"url\":\"https:\\\/\\\/franciscansinternational.org\\\/it\\\/wp-content\\\/uploads\\\/sites\\\/2\\\/2023\\\/06\\\/IMG-20190922-WA0051.jpg\",\"contentUrl\":\"https:\\\/\\\/franciscansinternational.org\\\/it\\\/wp-content\\\/uploads\\\/sites\\\/2\\\/2023\\\/06\\\/IMG-20190922-WA0051.jpg\",\"width\":1043,\"height\":723},{\"@type\":\"BreadcrumbList\",\"@id\":\"https:\\\/\\\/franciscansinternational.org\\\/it\\\/giornata-mondiale-dellambiente-non-dare-priorita-ai-profitti-rispetto-alle-persone-e-al-pianeta\\\/#breadcrumb\",\"itemListElement\":[{\"@type\":\"ListItem\",\"position\":1,\"name\":\"Home\",\"item\":\"https:\\\/\\\/franciscansinternational.org\\\/it\\\/\"},{\"@type\":\"ListItem\",\"position\":2,\"name\":\"Giornata mondiale dell&#8217;ambiente: Non dare priorit\u00e0 ai profitti rispetto alle persone e al pianeta\"}]},{\"@type\":\"WebSite\",\"@id\":\"https:\\\/\\\/franciscansinternational.org\\\/it\\\/#website\",\"url\":\"https:\\\/\\\/franciscansinternational.org\\\/it\\\/\",\"name\":\"Franciscans International (IT)\",\"description\":\"Just another Franciscans International site\",\"publisher\":{\"@id\":\"https:\\\/\\\/franciscansinternational.org\\\/it\\\/#organization\"},\"potentialAction\":[{\"@type\":\"SearchAction\",\"target\":{\"@type\":\"EntryPoint\",\"urlTemplate\":\"https:\\\/\\\/franciscansinternational.org\\\/it\\\/?s={search_term_string}\"},\"query-input\":{\"@type\":\"PropertyValueSpecification\",\"valueRequired\":true,\"valueName\":\"search_term_string\"}}],\"inLanguage\":\"it-IT\"},{\"@type\":\"Organization\",\"@id\":\"https:\\\/\\\/franciscansinternational.org\\\/it\\\/#organization\",\"name\":\"Franciscans International\",\"url\":\"https:\\\/\\\/franciscansinternational.org\\\/it\\\/\",\"logo\":{\"@type\":\"ImageObject\",\"inLanguage\":\"it-IT\",\"@id\":\"https:\\\/\\\/franciscansinternational.org\\\/it\\\/#\\\/schema\\\/logo\\\/image\\\/\",\"url\":\"https:\\\/\\\/franciscansinternational.org\\\/wp-content\\\/uploads\\\/sites\\\/2\\\/2023\\\/05\\\/logo-3.png\",\"contentUrl\":\"https:\\\/\\\/franciscansinternational.org\\\/wp-content\\\/uploads\\\/sites\\\/2\\\/2023\\\/05\\\/logo-3.png\",\"width\":1200,\"height\":205,\"caption\":\"Franciscans International\"},\"image\":{\"@id\":\"https:\\\/\\\/franciscansinternational.org\\\/it\\\/#\\\/schema\\\/logo\\\/image\\\/\"},\"sameAs\":[\"https:\\\/\\\/www.facebook.com\\\/FranciscansInternational\\\/\",\"https:\\\/\\\/x.com\\\/FranciscansIntl\",\"https:\\\/\\\/www.youtube.com\\\/channel\\\/UCexu0i-fWB4wwrlPMCz8_Zg\"]},{\"@type\":\"Person\",\"@id\":\"https:\\\/\\\/franciscansinternational.org\\\/it\\\/#\\\/schema\\\/person\\\/f398f02712a9dcab7603295bc1ea94e4\",\"name\":\"communications\",\"image\":{\"@type\":\"ImageObject\",\"inLanguage\":\"it-IT\",\"@id\":\"https:\\\/\\\/secure.gravatar.com\\\/avatar\\\/0b4a62226a9b4f7ce621ec49ca40be1e77d886a42ca84b8a0b0697e9ec17dd63?s=96&d=mm&r=g\",\"url\":\"https:\\\/\\\/secure.gravatar.com\\\/avatar\\\/0b4a62226a9b4f7ce621ec49ca40be1e77d886a42ca84b8a0b0697e9ec17dd63?s=96&d=mm&r=g\",\"contentUrl\":\"https:\\\/\\\/secure.gravatar.com\\\/avatar\\\/0b4a62226a9b4f7ce621ec49ca40be1e77d886a42ca84b8a0b0697e9ec17dd63?s=96&d=mm&r=g\",\"caption\":\"communications\"},\"url\":\"https:\\\/\\\/franciscansinternational.org\\\/it\\\/author\\\/communications\\\/\"}]}<\/script>\n<!-- \/ Yoast SEO plugin. -->","yoast_head_json":{"title":"Giornata mondiale dell'ambiente: Non dare priorit\u00e0 ai profitti rispetto alle persone e al pianeta - Franciscans International (IT)","robots":{"index":"index","follow":"follow","max-snippet":"max-snippet:-1","max-image-preview":"max-image-preview:large","max-video-preview":"max-video-preview:-1"},"canonical":"https:\/\/franciscansinternational.org\/it\/giornata-mondiale-dellambiente-non-dare-priorita-ai-profitti-rispetto-alle-persone-e-al-pianeta\/","og_locale":"it_IT","og_type":"article","og_title":"Giornata mondiale dell'ambiente: Non dare priorit\u00e0 ai profitti rispetto alle persone e al pianeta - Franciscans International (IT)","og_description":"Quest&#8217;anno la Giornata mondiale dell&#8217;ambiente si concentra sul tema dell&#8217;inquinamento da plastica e sulla necessit\u00e0 di un&#8217;azione accelerata per combatterlo. ...","og_url":"https:\/\/franciscansinternational.org\/it\/giornata-mondiale-dellambiente-non-dare-priorita-ai-profitti-rispetto-alle-persone-e-al-pianeta\/","og_site_name":"Franciscans International (IT)","article_publisher":"https:\/\/www.facebook.com\/FranciscansInternational\/","article_published_time":"2023-06-05T11:17:24+00:00","og_image":[{"width":1043,"height":723,"url":"https:\/\/franciscansinternational.org\/it\/wp-content\/uploads\/sites\/2\/2023\/06\/IMG-20190922-WA0051.jpg","type":"image\/jpeg"}],"author":"communications","twitter_card":"summary_large_image","twitter_creator":"@FranciscansIntl","twitter_site":"@FranciscansIntl","twitter_misc":{"Scritto da":"communications","Tempo di lettura stimato":"4 minuti"},"schema":{"@context":"https:\/\/schema.org","@graph":[{"@type":"Article","@id":"https:\/\/franciscansinternational.org\/it\/giornata-mondiale-dellambiente-non-dare-priorita-ai-profitti-rispetto-alle-persone-e-al-pianeta\/#article","isPartOf":{"@id":"https:\/\/franciscansinternational.org\/it\/giornata-mondiale-dellambiente-non-dare-priorita-ai-profitti-rispetto-alle-persone-e-al-pianeta\/"},"author":{"name":"communications","@id":"https:\/\/franciscansinternational.org\/it\/#\/schema\/person\/f398f02712a9dcab7603295bc1ea94e4"},"headline":"Giornata mondiale dell&#8217;ambiente: Non dare priorit\u00e0 ai profitti rispetto alle persone e al pianeta","datePublished":"2023-06-05T11:17:24+00:00","mainEntityOfPage":{"@id":"https:\/\/franciscansinternational.org\/it\/giornata-mondiale-dellambiente-non-dare-priorita-ai-profitti-rispetto-alle-persone-e-al-pianeta\/"},"wordCount":716,"publisher":{"@id":"https:\/\/franciscansinternational.org\/it\/#organization"},"image":{"@id":"https:\/\/franciscansinternational.org\/it\/giornata-mondiale-dellambiente-non-dare-priorita-ai-profitti-rispetto-alle-persone-e-al-pianeta\/#primaryimage"},"thumbnailUrl":"https:\/\/franciscansinternational.org\/it\/wp-content\/uploads\/sites\/2\/2023\/06\/IMG-20190922-WA0051.jpg","keywords":["Giustizia ambientale"],"articleSection":["Notizie"],"inLanguage":"it-IT"},{"@type":"WebPage","@id":"https:\/\/franciscansinternational.org\/it\/giornata-mondiale-dellambiente-non-dare-priorita-ai-profitti-rispetto-alle-persone-e-al-pianeta\/","url":"https:\/\/franciscansinternational.org\/it\/giornata-mondiale-dellambiente-non-dare-priorita-ai-profitti-rispetto-alle-persone-e-al-pianeta\/","name":"Giornata mondiale dell'ambiente: Non dare priorit\u00e0 ai profitti rispetto alle persone e al pianeta - Franciscans International (IT)","isPartOf":{"@id":"https:\/\/franciscansinternational.org\/it\/#website"},"primaryImageOfPage":{"@id":"https:\/\/franciscansinternational.org\/it\/giornata-mondiale-dellambiente-non-dare-priorita-ai-profitti-rispetto-alle-persone-e-al-pianeta\/#primaryimage"},"image":{"@id":"https:\/\/franciscansinternational.org\/it\/giornata-mondiale-dellambiente-non-dare-priorita-ai-profitti-rispetto-alle-persone-e-al-pianeta\/#primaryimage"},"thumbnailUrl":"https:\/\/franciscansinternational.org\/it\/wp-content\/uploads\/sites\/2\/2023\/06\/IMG-20190922-WA0051.jpg","datePublished":"2023-06-05T11:17:24+00:00","breadcrumb":{"@id":"https:\/\/franciscansinternational.org\/it\/giornata-mondiale-dellambiente-non-dare-priorita-ai-profitti-rispetto-alle-persone-e-al-pianeta\/#breadcrumb"},"inLanguage":"it-IT","potentialAction":[{"@type":"ReadAction","target":["https:\/\/franciscansinternational.org\/it\/giornata-mondiale-dellambiente-non-dare-priorita-ai-profitti-rispetto-alle-persone-e-al-pianeta\/"]}]},{"@type":"ImageObject","inLanguage":"it-IT","@id":"https:\/\/franciscansinternational.org\/it\/giornata-mondiale-dellambiente-non-dare-priorita-ai-profitti-rispetto-alle-persone-e-al-pianeta\/#primaryimage","url":"https:\/\/franciscansinternational.org\/it\/wp-content\/uploads\/sites\/2\/2023\/06\/IMG-20190922-WA0051.jpg","contentUrl":"https:\/\/franciscansinternational.org\/it\/wp-content\/uploads\/sites\/2\/2023\/06\/IMG-20190922-WA0051.jpg","width":1043,"height":723},{"@type":"BreadcrumbList","@id":"https:\/\/franciscansinternational.org\/it\/giornata-mondiale-dellambiente-non-dare-priorita-ai-profitti-rispetto-alle-persone-e-al-pianeta\/#breadcrumb","itemListElement":[{"@type":"ListItem","position":1,"name":"Home","item":"https:\/\/franciscansinternational.org\/it\/"},{"@type":"ListItem","position":2,"name":"Giornata mondiale dell&#8217;ambiente: Non dare priorit\u00e0 ai profitti rispetto alle persone e al pianeta"}]},{"@type":"WebSite","@id":"https:\/\/franciscansinternational.org\/it\/#website","url":"https:\/\/franciscansinternational.org\/it\/","name":"Franciscans International (IT)","description":"Just another Franciscans International site","publisher":{"@id":"https:\/\/franciscansinternational.org\/it\/#organization"},"potentialAction":[{"@type":"SearchAction","target":{"@type":"EntryPoint","urlTemplate":"https:\/\/franciscansinternational.org\/it\/?s={search_term_string}"},"query-input":{"@type":"PropertyValueSpecification","valueRequired":true,"valueName":"search_term_string"}}],"inLanguage":"it-IT"},{"@type":"Organization","@id":"https:\/\/franciscansinternational.org\/it\/#organization","name":"Franciscans International","url":"https:\/\/franciscansinternational.org\/it\/","logo":{"@type":"ImageObject","inLanguage":"it-IT","@id":"https:\/\/franciscansinternational.org\/it\/#\/schema\/logo\/image\/","url":"https:\/\/franciscansinternational.org\/wp-content\/uploads\/sites\/2\/2023\/05\/logo-3.png","contentUrl":"https:\/\/franciscansinternational.org\/wp-content\/uploads\/sites\/2\/2023\/05\/logo-3.png","width":1200,"height":205,"caption":"Franciscans International"},"image":{"@id":"https:\/\/franciscansinternational.org\/it\/#\/schema\/logo\/image\/"},"sameAs":["https:\/\/www.facebook.com\/FranciscansInternational\/","https:\/\/x.com\/FranciscansIntl","https:\/\/www.youtube.com\/channel\/UCexu0i-fWB4wwrlPMCz8_Zg"]},{"@type":"Person","@id":"https:\/\/franciscansinternational.org\/it\/#\/schema\/person\/f398f02712a9dcab7603295bc1ea94e4","name":"communications","image":{"@type":"ImageObject","inLanguage":"it-IT","@id":"https:\/\/secure.gravatar.com\/avatar\/0b4a62226a9b4f7ce621ec49ca40be1e77d886a42ca84b8a0b0697e9ec17dd63?s=96&d=mm&r=g","url":"https:\/\/secure.gravatar.com\/avatar\/0b4a62226a9b4f7ce621ec49ca40be1e77d886a42ca84b8a0b0697e9ec17dd63?s=96&d=mm&r=g","contentUrl":"https:\/\/secure.gravatar.com\/avatar\/0b4a62226a9b4f7ce621ec49ca40be1e77d886a42ca84b8a0b0697e9ec17dd63?s=96&d=mm&r=g","caption":"communications"},"url":"https:\/\/franciscansinternational.org\/it\/author\/communications\/"}]}},"jetpack_featured_media_url":"https:\/\/franciscansinternational.org\/it\/wp-content\/uploads\/sites\/2\/2023\/06\/IMG-20190922-WA0051.jpg","jetpack_sharing_enabled":true,"_links":{"self":[{"href":"https:\/\/franciscansinternational.org\/it\/wp-json\/wp\/v2\/posts\/307","targetHints":{"allow":["GET"]}}],"collection":[{"href":"https:\/\/franciscansinternational.org\/it\/wp-json\/wp\/v2\/posts"}],"about":[{"href":"https:\/\/franciscansinternational.org\/it\/wp-json\/wp\/v2\/types\/post"}],"author":[{"embeddable":true,"href":"https:\/\/franciscansinternational.org\/it\/wp-json\/wp\/v2\/users\/3"}],"replies":[{"embeddable":true,"href":"https:\/\/franciscansinternational.org\/it\/wp-json\/wp\/v2\/comments?post=307"}],"version-history":[{"count":4,"href":"https:\/\/franciscansinternational.org\/it\/wp-json\/wp\/v2\/posts\/307\/revisions"}],"predecessor-version":[{"id":312,"href":"https:\/\/franciscansinternational.org\/it\/wp-json\/wp\/v2\/posts\/307\/revisions\/312"}],"wp:featuredmedia":[{"embeddable":true,"href":"https:\/\/franciscansinternational.org\/it\/wp-json\/wp\/v2\/media\/308"}],"wp:attachment":[{"href":"https:\/\/franciscansinternational.org\/it\/wp-json\/wp\/v2\/media?parent=307"}],"wp:term":[{"taxonomy":"category","embeddable":true,"href":"https:\/\/franciscansinternational.org\/it\/wp-json\/wp\/v2\/categories?post=307"},{"taxonomy":"post_tag","embeddable":true,"href":"https:\/\/franciscansinternational.org\/it\/wp-json\/wp\/v2\/tags?post=307"}],"curies":[{"name":"wp","href":"https:\/\/api.w.org\/{rel}","templated":true}]}}