{"id":370,"date":"2023-09-12T14:05:14","date_gmt":"2023-09-12T14:05:14","guid":{"rendered":"https:\/\/franciscansinternational.org\/it\/?p=370"},"modified":"2023-09-12T14:11:48","modified_gmt":"2023-09-12T14:11:48","slug":"una-nuova-pietra-miliare-per-i-francescani-in-europa","status":"publish","type":"post","link":"https:\/\/franciscansinternational.org\/it\/una-nuova-pietra-miliare-per-i-francescani-in-europa\/","title":{"rendered":"Una nuova pietra miliare per i Francescani in Europa"},"content":{"rendered":"\n<p>Franciscans International \u00e8 entusiasta di annunciare il lancio di un nuovo <a href=\"https:\/\/franciscansinternational.org\/it\/focus\/#doveoperiamo-europa\" target=\"_blank\" rel=\"noreferrer noopener\">programma regionale che copre l&#8217;Europa<\/a>. Riteniamo che l&#8217;ampliamento della nostra portata geografica, a complemento della nostra attivit\u00e0 di advocacy globale e del lavoro gi\u00e0 svolto in Africa, nelle Americhe e nell&#8217;Asia-Pacifico, aggiunger\u00e0 una dimensione preziosa ai nostri sforzi presso le Nazioni Unite per difendere i diritti e la dignit\u00e0 umana, promuovere la pace e chiedere giustizia ambientale.<br>&nbsp;<br>I <a href=\"https:\/\/franciscansinternational.org\/it\/focus\/#doveoperiamo\">programmi regionali<\/a> di FI sono guidati dalle esigenze dei nostri partner francescani e e altri partner, che lavorano sui temi dei diritti umani a livello locale e nazionale. Se questi ultimi ritengono che il loro lavoro possa trarre beneficio dal sollevare questioni in seno alle Nazioni Unite, FI pu\u00f2 fornire l&#8217;esperienza tecnica per sviluppare e implementare una strategia di advocacy sostenuta. Negli ultimi anni, i francescani di tutta Europa hanno costantemente espresso il desiderio di farlo.<br>&nbsp;<br>&#8220;Purtroppo, le violazioni dei diritti umani avvengono ovunque nel mondo e l&#8217;Europa non fa eccezione&#8221;, afferma Markus Heinze OFM, Direttore esecutivo di FI. &#8220;Vediamo quotidianamente violazioni commesse contro migranti e rifugiati. Gli interessi commerciali europei giocano un ruolo critico nelle crisi climatiche e nei conflitti violenti che affliggono ancora il continente. Soprattutto in questi tempi difficili, sono grato che i francescani abbiano mobilitato le risorse che permetteranno loro di portare all&#8217;attenzione delle Nazioni Unite le violazioni di cui sono testimoni e che documentano in Europa&#8221;.<br>&nbsp;<br>La posizione di Coordinatore del Programma Europa sar\u00e0 ricoperta da <a href=\"https:\/\/franciscansinternational.org\/it\/chi-siamo\/#ilnostroteam\" target=\"_blank\" rel=\"noreferrer noopener\">Eunan McMullan OFM<\/a>. In qualit\u00e0 di avvocato, ex Direttore dei Servizi Legali dell&#8217;Ufficio dell&#8217;Ombudsman della Polizia dell&#8217;Irlanda del Nord e Frate Minore, egli apporta un&#8217;esperienza unica a questa posizione. Fra Eunan la utilizzer\u00e0 per promuovere nuovi legami tra i francescani europei e le Nazioni Unite e per dare forma efficace alle attivit\u00e0 di advocacy richieste. Dopo una prima mappatura dei partner e dei problemi chiave nei vari Paesi europei, lavorer\u00e0 come parte del team di advocacy di FI a Ginevra per sollevare queste preoccupazioni con i meccanismi dei diritti umani delle Nazioni Unite.<br>&nbsp;<br>&#8220;In questo anno 2023 noi francescani celebriamo l&#8217;approvazione della Regola di San Francesco, che ci proponiamo di seguire per portare la pace nei nostri cuori. Allo stesso modo, lo Stato di diritto \u00e8 necessario per stabilire la pace tra le persone e in molti luoghi non \u00e8 stato rispettato&#8221;, afferma Fra Eunan. &#8220;L&#8217;obiettivo di questo programma \u00e8 di accendere i riflettori sulle ingiustizie che si verificano e di promuovere i nostri diritti umani e chiedere riparazione agli organi competenti&#8221;.<\/p>\n\n\n\n<blockquote class=\"wp-block-quote is-layout-flow wp-block-quote-is-layout-flow\">\n<p class=\"has-small-font-size\">Si tratta di una traduzione automatica. Ci scusiamo per gli eventuali errori che ne derivano. In caso di divergenze, fa fede la versione inglese.<\/p>\n<\/blockquote>\n","protected":false},"excerpt":{"rendered":"<p>Franciscans International lancia il suo quarto programma regionale<\/p>\n","protected":false},"author":3,"featured_media":371,"comment_status":"closed","ping_status":"closed","sticky":false,"template":"","format":"standard","meta":{"_relevanssi_hide_post":"","_relevanssi_hide_content":"","_relevanssi_pin_for_all":"","_relevanssi_pin_keywords":"","_relevanssi_unpin_keywords":"","_relevanssi_related_keywords":"","_relevanssi_related_include_ids":"","_relevanssi_related_exclude_ids":"","_relevanssi_related_no_append":"","_relevanssi_related_not_related":"","_relevanssi_related_posts":"252,262,331,307,271,279","_relevanssi_noindex_reason":"","_jetpack_memberships_contains_paid_content":false,"footnotes":""},"categories":[1],"tags":[],"class_list":["post-370","post","type-post","status-publish","format-standard","has-post-thumbnail","hentry","category-notizie"],"acf":[],"yoast_head":"<!-- This site is optimized with the Yoast SEO plugin v27.5 - https:\/\/yoast.com\/product\/yoast-seo-wordpress\/ -->\n<title>Una nuova pietra miliare per i Francescani in Europa - Franciscans International (IT)<\/title>\n<meta name=\"robots\" content=\"index, follow, max-snippet:-1, max-image-preview:large, max-video-preview:-1\" \/>\n<link rel=\"canonical\" href=\"https:\/\/franciscansinternational.org\/it\/una-nuova-pietra-miliare-per-i-francescani-in-europa\/\" \/>\n<meta property=\"og:locale\" content=\"it_IT\" \/>\n<meta property=\"og:type\" content=\"article\" \/>\n<meta property=\"og:title\" content=\"Una nuova pietra miliare per i Francescani in Europa - Franciscans International (IT)\" \/>\n<meta property=\"og:description\" content=\"Franciscans International lancia il suo quarto programma regionale\" \/>\n<meta property=\"og:url\" content=\"https:\/\/franciscansinternational.org\/it\/una-nuova-pietra-miliare-per-i-francescani-in-europa\/\" \/>\n<meta property=\"og:site_name\" content=\"Franciscans International (IT)\" \/>\n<meta property=\"article:publisher\" content=\"https:\/\/www.facebook.com\/FranciscansInternational\/\" \/>\n<meta property=\"article:published_time\" content=\"2023-09-12T14:05:14+00:00\" \/>\n<meta property=\"article:modified_time\" content=\"2023-09-12T14:11:48+00:00\" \/>\n<meta property=\"og:image\" content=\"https:\/\/franciscansinternational.org\/it\/wp-content\/uploads\/sites\/2\/2023\/09\/Europe-program-article.jpeg\" \/>\n\t<meta property=\"og:image:width\" content=\"1500\" \/>\n\t<meta property=\"og:image:height\" content=\"1000\" \/>\n\t<meta property=\"og:image:type\" content=\"image\/jpeg\" \/>\n<meta name=\"author\" content=\"communications\" \/>\n<meta name=\"twitter:card\" content=\"summary_large_image\" \/>\n<meta name=\"twitter:creator\" content=\"@FranciscansIntl\" \/>\n<meta name=\"twitter:site\" content=\"@FranciscansIntl\" \/>\n<meta name=\"twitter:label1\" content=\"Scritto da\" \/>\n\t<meta name=\"twitter:data1\" content=\"communications\" \/>\n\t<meta name=\"twitter:label2\" content=\"Tempo di lettura stimato\" \/>\n\t<meta name=\"twitter:data2\" content=\"3 minuti\" \/>\n<script type=\"application\/ld+json\" class=\"yoast-schema-graph\">{\"@context\":\"https:\\\/\\\/schema.org\",\"@graph\":[{\"@type\":\"Article\",\"@id\":\"https:\\\/\\\/franciscansinternational.org\\\/it\\\/una-nuova-pietra-miliare-per-i-francescani-in-europa\\\/#article\",\"isPartOf\":{\"@id\":\"https:\\\/\\\/franciscansinternational.org\\\/it\\\/una-nuova-pietra-miliare-per-i-francescani-in-europa\\\/\"},\"author\":{\"name\":\"communications\",\"@id\":\"https:\\\/\\\/franciscansinternational.org\\\/it\\\/#\\\/schema\\\/person\\\/f398f02712a9dcab7603295bc1ea94e4\"},\"headline\":\"Una nuova pietra miliare per i Francescani in Europa\",\"datePublished\":\"2023-09-12T14:05:14+00:00\",\"dateModified\":\"2023-09-12T14:11:48+00:00\",\"mainEntityOfPage\":{\"@id\":\"https:\\\/\\\/franciscansinternational.org\\\/it\\\/una-nuova-pietra-miliare-per-i-francescani-in-europa\\\/\"},\"wordCount\":456,\"publisher\":{\"@id\":\"https:\\\/\\\/franciscansinternational.org\\\/it\\\/#organization\"},\"image\":{\"@id\":\"https:\\\/\\\/franciscansinternational.org\\\/it\\\/una-nuova-pietra-miliare-per-i-francescani-in-europa\\\/#primaryimage\"},\"thumbnailUrl\":\"https:\\\/\\\/franciscansinternational.org\\\/it\\\/wp-content\\\/uploads\\\/sites\\\/2\\\/2023\\\/09\\\/Europe-program-article.jpeg\",\"articleSection\":[\"Notizie\"],\"inLanguage\":\"it-IT\"},{\"@type\":\"WebPage\",\"@id\":\"https:\\\/\\\/franciscansinternational.org\\\/it\\\/una-nuova-pietra-miliare-per-i-francescani-in-europa\\\/\",\"url\":\"https:\\\/\\\/franciscansinternational.org\\\/it\\\/una-nuova-pietra-miliare-per-i-francescani-in-europa\\\/\",\"name\":\"Una nuova pietra miliare per i Francescani in Europa - Franciscans International (IT)\",\"isPartOf\":{\"@id\":\"https:\\\/\\\/franciscansinternational.org\\\/it\\\/#website\"},\"primaryImageOfPage\":{\"@id\":\"https:\\\/\\\/franciscansinternational.org\\\/it\\\/una-nuova-pietra-miliare-per-i-francescani-in-europa\\\/#primaryimage\"},\"image\":{\"@id\":\"https:\\\/\\\/franciscansinternational.org\\\/it\\\/una-nuova-pietra-miliare-per-i-francescani-in-europa\\\/#primaryimage\"},\"thumbnailUrl\":\"https:\\\/\\\/franciscansinternational.org\\\/it\\\/wp-content\\\/uploads\\\/sites\\\/2\\\/2023\\\/09\\\/Europe-program-article.jpeg\",\"datePublished\":\"2023-09-12T14:05:14+00:00\",\"dateModified\":\"2023-09-12T14:11:48+00:00\",\"breadcrumb\":{\"@id\":\"https:\\\/\\\/franciscansinternational.org\\\/it\\\/una-nuova-pietra-miliare-per-i-francescani-in-europa\\\/#breadcrumb\"},\"inLanguage\":\"it-IT\",\"potentialAction\":[{\"@type\":\"ReadAction\",\"target\":[\"https:\\\/\\\/franciscansinternational.org\\\/it\\\/una-nuova-pietra-miliare-per-i-francescani-in-europa\\\/\"]}]},{\"@type\":\"ImageObject\",\"inLanguage\":\"it-IT\",\"@id\":\"https:\\\/\\\/franciscansinternational.org\\\/it\\\/una-nuova-pietra-miliare-per-i-francescani-in-europa\\\/#primaryimage\",\"url\":\"https:\\\/\\\/franciscansinternational.org\\\/it\\\/wp-content\\\/uploads\\\/sites\\\/2\\\/2023\\\/09\\\/Europe-program-article.jpeg\",\"contentUrl\":\"https:\\\/\\\/franciscansinternational.org\\\/it\\\/wp-content\\\/uploads\\\/sites\\\/2\\\/2023\\\/09\\\/Europe-program-article.jpeg\",\"width\":1500,\"height\":1000},{\"@type\":\"BreadcrumbList\",\"@id\":\"https:\\\/\\\/franciscansinternational.org\\\/it\\\/una-nuova-pietra-miliare-per-i-francescani-in-europa\\\/#breadcrumb\",\"itemListElement\":[{\"@type\":\"ListItem\",\"position\":1,\"name\":\"Home\",\"item\":\"https:\\\/\\\/franciscansinternational.org\\\/it\\\/\"},{\"@type\":\"ListItem\",\"position\":2,\"name\":\"Una nuova pietra miliare per i Francescani in Europa\"}]},{\"@type\":\"WebSite\",\"@id\":\"https:\\\/\\\/franciscansinternational.org\\\/it\\\/#website\",\"url\":\"https:\\\/\\\/franciscansinternational.org\\\/it\\\/\",\"name\":\"Franciscans International (IT)\",\"description\":\"Just another Franciscans International site\",\"publisher\":{\"@id\":\"https:\\\/\\\/franciscansinternational.org\\\/it\\\/#organization\"},\"potentialAction\":[{\"@type\":\"SearchAction\",\"target\":{\"@type\":\"EntryPoint\",\"urlTemplate\":\"https:\\\/\\\/franciscansinternational.org\\\/it\\\/?s={search_term_string}\"},\"query-input\":{\"@type\":\"PropertyValueSpecification\",\"valueRequired\":true,\"valueName\":\"search_term_string\"}}],\"inLanguage\":\"it-IT\"},{\"@type\":\"Organization\",\"@id\":\"https:\\\/\\\/franciscansinternational.org\\\/it\\\/#organization\",\"name\":\"Franciscans International\",\"url\":\"https:\\\/\\\/franciscansinternational.org\\\/it\\\/\",\"logo\":{\"@type\":\"ImageObject\",\"inLanguage\":\"it-IT\",\"@id\":\"https:\\\/\\\/franciscansinternational.org\\\/it\\\/#\\\/schema\\\/logo\\\/image\\\/\",\"url\":\"https:\\\/\\\/franciscansinternational.org\\\/wp-content\\\/uploads\\\/sites\\\/2\\\/2023\\\/05\\\/logo-3.png\",\"contentUrl\":\"https:\\\/\\\/franciscansinternational.org\\\/wp-content\\\/uploads\\\/sites\\\/2\\\/2023\\\/05\\\/logo-3.png\",\"width\":1200,\"height\":205,\"caption\":\"Franciscans International\"},\"image\":{\"@id\":\"https:\\\/\\\/franciscansinternational.org\\\/it\\\/#\\\/schema\\\/logo\\\/image\\\/\"},\"sameAs\":[\"https:\\\/\\\/www.facebook.com\\\/FranciscansInternational\\\/\",\"https:\\\/\\\/x.com\\\/FranciscansIntl\",\"https:\\\/\\\/www.youtube.com\\\/channel\\\/UCexu0i-fWB4wwrlPMCz8_Zg\"]},{\"@type\":\"Person\",\"@id\":\"https:\\\/\\\/franciscansinternational.org\\\/it\\\/#\\\/schema\\\/person\\\/f398f02712a9dcab7603295bc1ea94e4\",\"name\":\"communications\",\"image\":{\"@type\":\"ImageObject\",\"inLanguage\":\"it-IT\",\"@id\":\"https:\\\/\\\/secure.gravatar.com\\\/avatar\\\/0b4a62226a9b4f7ce621ec49ca40be1e77d886a42ca84b8a0b0697e9ec17dd63?s=96&d=mm&r=g\",\"url\":\"https:\\\/\\\/secure.gravatar.com\\\/avatar\\\/0b4a62226a9b4f7ce621ec49ca40be1e77d886a42ca84b8a0b0697e9ec17dd63?s=96&d=mm&r=g\",\"contentUrl\":\"https:\\\/\\\/secure.gravatar.com\\\/avatar\\\/0b4a62226a9b4f7ce621ec49ca40be1e77d886a42ca84b8a0b0697e9ec17dd63?s=96&d=mm&r=g\",\"caption\":\"communications\"},\"url\":\"https:\\\/\\\/franciscansinternational.org\\\/it\\\/author\\\/communications\\\/\"}]}<\/script>\n<!-- \/ Yoast SEO plugin. -->","yoast_head_json":{"title":"Una nuova pietra miliare per i Francescani in Europa - Franciscans International (IT)","robots":{"index":"index","follow":"follow","max-snippet":"max-snippet:-1","max-image-preview":"max-image-preview:large","max-video-preview":"max-video-preview:-1"},"canonical":"https:\/\/franciscansinternational.org\/it\/una-nuova-pietra-miliare-per-i-francescani-in-europa\/","og_locale":"it_IT","og_type":"article","og_title":"Una nuova pietra miliare per i Francescani in Europa - Franciscans International (IT)","og_description":"Franciscans International lancia il suo quarto programma regionale","og_url":"https:\/\/franciscansinternational.org\/it\/una-nuova-pietra-miliare-per-i-francescani-in-europa\/","og_site_name":"Franciscans International (IT)","article_publisher":"https:\/\/www.facebook.com\/FranciscansInternational\/","article_published_time":"2023-09-12T14:05:14+00:00","article_modified_time":"2023-09-12T14:11:48+00:00","og_image":[{"width":1500,"height":1000,"url":"https:\/\/franciscansinternational.org\/it\/wp-content\/uploads\/sites\/2\/2023\/09\/Europe-program-article.jpeg","type":"image\/jpeg"}],"author":"communications","twitter_card":"summary_large_image","twitter_creator":"@FranciscansIntl","twitter_site":"@FranciscansIntl","twitter_misc":{"Scritto da":"communications","Tempo di lettura stimato":"3 minuti"},"schema":{"@context":"https:\/\/schema.org","@graph":[{"@type":"Article","@id":"https:\/\/franciscansinternational.org\/it\/una-nuova-pietra-miliare-per-i-francescani-in-europa\/#article","isPartOf":{"@id":"https:\/\/franciscansinternational.org\/it\/una-nuova-pietra-miliare-per-i-francescani-in-europa\/"},"author":{"name":"communications","@id":"https:\/\/franciscansinternational.org\/it\/#\/schema\/person\/f398f02712a9dcab7603295bc1ea94e4"},"headline":"Una nuova pietra miliare per i Francescani in Europa","datePublished":"2023-09-12T14:05:14+00:00","dateModified":"2023-09-12T14:11:48+00:00","mainEntityOfPage":{"@id":"https:\/\/franciscansinternational.org\/it\/una-nuova-pietra-miliare-per-i-francescani-in-europa\/"},"wordCount":456,"publisher":{"@id":"https:\/\/franciscansinternational.org\/it\/#organization"},"image":{"@id":"https:\/\/franciscansinternational.org\/it\/una-nuova-pietra-miliare-per-i-francescani-in-europa\/#primaryimage"},"thumbnailUrl":"https:\/\/franciscansinternational.org\/it\/wp-content\/uploads\/sites\/2\/2023\/09\/Europe-program-article.jpeg","articleSection":["Notizie"],"inLanguage":"it-IT"},{"@type":"WebPage","@id":"https:\/\/franciscansinternational.org\/it\/una-nuova-pietra-miliare-per-i-francescani-in-europa\/","url":"https:\/\/franciscansinternational.org\/it\/una-nuova-pietra-miliare-per-i-francescani-in-europa\/","name":"Una nuova pietra miliare per i Francescani in Europa - Franciscans International (IT)","isPartOf":{"@id":"https:\/\/franciscansinternational.org\/it\/#website"},"primaryImageOfPage":{"@id":"https:\/\/franciscansinternational.org\/it\/una-nuova-pietra-miliare-per-i-francescani-in-europa\/#primaryimage"},"image":{"@id":"https:\/\/franciscansinternational.org\/it\/una-nuova-pietra-miliare-per-i-francescani-in-europa\/#primaryimage"},"thumbnailUrl":"https:\/\/franciscansinternational.org\/it\/wp-content\/uploads\/sites\/2\/2023\/09\/Europe-program-article.jpeg","datePublished":"2023-09-12T14:05:14+00:00","dateModified":"2023-09-12T14:11:48+00:00","breadcrumb":{"@id":"https:\/\/franciscansinternational.org\/it\/una-nuova-pietra-miliare-per-i-francescani-in-europa\/#breadcrumb"},"inLanguage":"it-IT","potentialAction":[{"@type":"ReadAction","target":["https:\/\/franciscansinternational.org\/it\/una-nuova-pietra-miliare-per-i-francescani-in-europa\/"]}]},{"@type":"ImageObject","inLanguage":"it-IT","@id":"https:\/\/franciscansinternational.org\/it\/una-nuova-pietra-miliare-per-i-francescani-in-europa\/#primaryimage","url":"https:\/\/franciscansinternational.org\/it\/wp-content\/uploads\/sites\/2\/2023\/09\/Europe-program-article.jpeg","contentUrl":"https:\/\/franciscansinternational.org\/it\/wp-content\/uploads\/sites\/2\/2023\/09\/Europe-program-article.jpeg","width":1500,"height":1000},{"@type":"BreadcrumbList","@id":"https:\/\/franciscansinternational.org\/it\/una-nuova-pietra-miliare-per-i-francescani-in-europa\/#breadcrumb","itemListElement":[{"@type":"ListItem","position":1,"name":"Home","item":"https:\/\/franciscansinternational.org\/it\/"},{"@type":"ListItem","position":2,"name":"Una nuova pietra miliare per i Francescani in Europa"}]},{"@type":"WebSite","@id":"https:\/\/franciscansinternational.org\/it\/#website","url":"https:\/\/franciscansinternational.org\/it\/","name":"Franciscans International (IT)","description":"Just another Franciscans International site","publisher":{"@id":"https:\/\/franciscansinternational.org\/it\/#organization"},"potentialAction":[{"@type":"SearchAction","target":{"@type":"EntryPoint","urlTemplate":"https:\/\/franciscansinternational.org\/it\/?s={search_term_string}"},"query-input":{"@type":"PropertyValueSpecification","valueRequired":true,"valueName":"search_term_string"}}],"inLanguage":"it-IT"},{"@type":"Organization","@id":"https:\/\/franciscansinternational.org\/it\/#organization","name":"Franciscans International","url":"https:\/\/franciscansinternational.org\/it\/","logo":{"@type":"ImageObject","inLanguage":"it-IT","@id":"https:\/\/franciscansinternational.org\/it\/#\/schema\/logo\/image\/","url":"https:\/\/franciscansinternational.org\/wp-content\/uploads\/sites\/2\/2023\/05\/logo-3.png","contentUrl":"https:\/\/franciscansinternational.org\/wp-content\/uploads\/sites\/2\/2023\/05\/logo-3.png","width":1200,"height":205,"caption":"Franciscans International"},"image":{"@id":"https:\/\/franciscansinternational.org\/it\/#\/schema\/logo\/image\/"},"sameAs":["https:\/\/www.facebook.com\/FranciscansInternational\/","https:\/\/x.com\/FranciscansIntl","https:\/\/www.youtube.com\/channel\/UCexu0i-fWB4wwrlPMCz8_Zg"]},{"@type":"Person","@id":"https:\/\/franciscansinternational.org\/it\/#\/schema\/person\/f398f02712a9dcab7603295bc1ea94e4","name":"communications","image":{"@type":"ImageObject","inLanguage":"it-IT","@id":"https:\/\/secure.gravatar.com\/avatar\/0b4a62226a9b4f7ce621ec49ca40be1e77d886a42ca84b8a0b0697e9ec17dd63?s=96&d=mm&r=g","url":"https:\/\/secure.gravatar.com\/avatar\/0b4a62226a9b4f7ce621ec49ca40be1e77d886a42ca84b8a0b0697e9ec17dd63?s=96&d=mm&r=g","contentUrl":"https:\/\/secure.gravatar.com\/avatar\/0b4a62226a9b4f7ce621ec49ca40be1e77d886a42ca84b8a0b0697e9ec17dd63?s=96&d=mm&r=g","caption":"communications"},"url":"https:\/\/franciscansinternational.org\/it\/author\/communications\/"}]}},"jetpack_featured_media_url":"https:\/\/franciscansinternational.org\/it\/wp-content\/uploads\/sites\/2\/2023\/09\/Europe-program-article.jpeg","jetpack_sharing_enabled":true,"_links":{"self":[{"href":"https:\/\/franciscansinternational.org\/it\/wp-json\/wp\/v2\/posts\/370","targetHints":{"allow":["GET"]}}],"collection":[{"href":"https:\/\/franciscansinternational.org\/it\/wp-json\/wp\/v2\/posts"}],"about":[{"href":"https:\/\/franciscansinternational.org\/it\/wp-json\/wp\/v2\/types\/post"}],"author":[{"embeddable":true,"href":"https:\/\/franciscansinternational.org\/it\/wp-json\/wp\/v2\/users\/3"}],"replies":[{"embeddable":true,"href":"https:\/\/franciscansinternational.org\/it\/wp-json\/wp\/v2\/comments?post=370"}],"version-history":[{"count":6,"href":"https:\/\/franciscansinternational.org\/it\/wp-json\/wp\/v2\/posts\/370\/revisions"}],"predecessor-version":[{"id":381,"href":"https:\/\/franciscansinternational.org\/it\/wp-json\/wp\/v2\/posts\/370\/revisions\/381"}],"wp:featuredmedia":[{"embeddable":true,"href":"https:\/\/franciscansinternational.org\/it\/wp-json\/wp\/v2\/media\/371"}],"wp:attachment":[{"href":"https:\/\/franciscansinternational.org\/it\/wp-json\/wp\/v2\/media?parent=370"}],"wp:term":[{"taxonomy":"category","embeddable":true,"href":"https:\/\/franciscansinternational.org\/it\/wp-json\/wp\/v2\/categories?post=370"},{"taxonomy":"post_tag","embeddable":true,"href":"https:\/\/franciscansinternational.org\/it\/wp-json\/wp\/v2\/tags?post=370"}],"curies":[{"name":"wp","href":"https:\/\/api.w.org\/{rel}","templated":true}]}}