{"id":418,"date":"2023-11-02T08:59:41","date_gmt":"2023-11-02T08:59:41","guid":{"rendered":"https:\/\/franciscansinternational.org\/it\/?p=418"},"modified":"2023-11-02T09:23:01","modified_gmt":"2023-11-02T09:23:01","slug":"francescani-in-prima-linea-per-i-diritti-umani-brenda-peralta-gpic","status":"publish","type":"post","link":"https:\/\/franciscansinternational.org\/it\/francescani-in-prima-linea-per-i-diritti-umani-brenda-peralta-gpic\/","title":{"rendered":"Francescani in prima linea per i diritti umani: Brenda Peralta, GPIC Guatemala"},"content":{"rendered":"\n<p>A pi\u00f9 di vent&#8217;anni dalla fine del conflitto armato interno, il Guatemala soffre ancora di decenni di estrema violenza e discriminazione nei confronti delle comunit\u00e0 indigene. Persistono un&#8217;impunit\u00e0 dilagante e una corruzione diffusa ad alto livello. Il potere giudiziario svolge un ruolo importante nell&#8217;imbavagliare il dissenso, bloccando le indagini sulla corruzione e sulle violazioni dei diritti umani e perseguendo arbitrariamente giornalisti e giudici indipendenti. Il Paese \u00e8 diventato anche uno dei luoghi pi\u00f9 pericolosi per i difensori dei diritti umani, che vengono regolarmente sorvegliati, criminalizzati, molestati e, in alcuni casi, semplicemente uccisi. Nell&#8217;agosto 2023, il candidato anticorruzione Bernardo Arevalo ha vinto inaspettatamente le elezioni presidenziali, dando nuova speranza alla popolazione. Da allora, per\u00f2, l&#8217;Ufficio del Procuratore Generale ha cercato di delegittimare i risultati, scatenando proteste in tutto il Guatemala.&nbsp;<\/p>\n\n\n\n<p>In questo contesto, abbiamo incontrato Brenda Peralta, coordinatrice della Commissione Giustizia, Pace e Integrit\u00e0 (GPIC) della Famiglia Francescana del Guatemala, membro del comitato di advocacy della Rete Francescana per i Migranti (FNM) e coordinatrice dell&#8217;Iniziativa Causas Ra\u00edz in Guatemala. Abbiamo discusso della situazione nel suo Paese e di come vede il suo lavoro per una maggiore giustizia.<\/p>\n\n\n\n<p><\/p>\n\n\n\n<hr class=\"wp-block-separator has-alpha-channel-opacity is-style-dots\"\/>\n\n\n\n<p><\/p>\n\n\n\n<p><strong>Quali sono i principali problemi legati ai diritti umani in Guatemala?<\/strong><\/p>\n\n\n\n<p>Negli ultimi anni,<strong><em> il &#8220;patto dei corrotti&#8221; &#8211; un gruppo di potenti \u00e9lite legate alla criminalit\u00e0 organizzata &#8211; ha minato lo Stato di diritto, con attacchi sistematici contro funzionari della giustizia indipendenti e la criminalizzazione di attivisti, leader indigeni e giornalisti.<\/em><\/strong> Dopo aver denunciato la corruzione ai pi\u00f9 alti livelli del governo, la Commissione internazionale contro l&#8217;impunit\u00e0 in Guatemala (CICIG), sostenuta dalle Nazioni Unite, \u00e8 stata espulsa dal Paese. Anche le comunit\u00e0 indigene vengono spesso sfrattate dai loro territori, causando sfollamenti interni e altre violazioni dei diritti umani. Il problema di queste terre \u00e8 che sono state rubate durante il conflitto armato interno, quando la popolazione \u00e8 andata in esilio, e le famiglie potenti e i militari hanno trasferito in modo fraudolento i titoli a loro nome. Dopo gli accordi di pace del 1996, la popolazione \u00e8 tornata nei propri territori, ma ora questi vengono reclamati dai presunti proprietari con l&#8217;aiuto del governo e di gruppi paramilitari che vogliono utilizzarli per la produzione di olio di palma, miniere estrattive e progetti idroelettrici.<\/p>\n\n\n\n<p><strong> Cosa l&#8217;ha ispirata a lavorare su questi temi e come si collega alla sua vocazione di francescano?<\/strong><\/p>\n\n\n\n<p>Ho incontrato i francescani durante l&#8217;adolescenza. Mi hanno aiutato a prendere coscienza di ci\u00f2 che stava accadendo nel mio Paese all&#8217;epoca, durante gli ultimi anni del <a href=\"https:\/\/cja.org\/what-we-do\/litigation\/the-guatemala-genocide-case\/\" target=\"_blank\" rel=\"noreferrer noopener\">conflitto armato interno<\/a>. Tuttavia, solo molti anni dopo ho conosciuto GPIC. Il loro lavoro per la cura della nostra casa comune e per la costruzione di un mondo migliore per tutti \u00e8 diventato per me uno stile di vita. <strong><em>Cerchiamo di creare consapevolezza nelle comunit\u00e0 francescane, sia religiose che secolari, sui problemi sociali e politici e su come ci riguardano. <\/em><\/strong>Cerchiamo anche di mostrare l&#8217;importanza della solidariet\u00e0 e come la partecipazione politica e dei cittadini contribuisca a creare soluzioni.<\/p>\n\n\n\n<p><strong>Quali sono le principali sfide del vostro lavoro?<\/strong><\/p>\n\n\n\n<p>Credo che una delle sfide principali sia il coordinamento del nostro obiettivo comune, che \u00e8 quello di cambiare le strutture ingiuste. Molto \u00e8 gi\u00e0 stato fatto a livello regionale, con l&#8217;America Centrale e il Messico, ma la strada da percorrere \u00e8 ancora lunga. Lavoriamo su pi\u00f9 fronti contemporaneamente per poter vedere dei cambiamenti. Pu\u00f2 essere impegnativo, ma lo faccio con piacere perch\u00e9 lo faccio per convinzione. Un&#8217;altra sfida \u00e8 quella di incoraggiare l&#8217;advocacy della famiglia francescana. In effetti, alcuni potrebbero essere diffidenti nel farsi coinvolgere in certe questioni, perch\u00e9 c&#8217;\u00e8 sempre un rischio di sicurezza quando si lavora come difensori dei diritti umani.<\/p>\n\n\n\n<p><strong>Di quale risultato \u00e8 pi\u00f9 orgoglioso?<\/strong><\/p>\n\n\n\n<p>La risposta positiva e la fiducia che molti francescani hanno ricevuto in questi anni \u00e8 davvero commovente. Abbiamo stabilito alleanze con i leader, con altre organizzazioni religiose e con la societ\u00e0 civile. Un buon lavoro di squadra \u00e8 stato essenziale per migliorare il nostro modo di fare le cose e per essere coinvolti a diversi livelli, anche a livello internazionale. Per esempio, <strong><em>la collaborazione con le Nazioni Unite aiuta a rendere visibili situazioni di violazione dei diritti umani che sarebbero pi\u00f9 difficili da denunciare a livello locale per questioni di sicurezza.<\/em><\/strong> Inoltre, genera fiducia nelle persone e nelle reti locali con cui gi\u00e0 lavoriamo e facilita gli spazi di connessione per creare nuove reti.<\/p>\n\n\n\n<p><strong>Come vede la differenza tra il lavoro di beneficenza e quello sui diritti umani, pensa che si completino a vicenda?<\/strong><\/p>\n\n\n\n<p>Uno dei principi di GPIC \u00e8 la carit\u00e0, che intendiamo a tre livelli. In primo luogo, il benessere, come dare da mangiare agli affamati, poi la promozione, cio\u00e8 la sensibilizzazione, e infine la struttura. Sebbene alcune persone si dedichino principalmente alla prima parte &#8211; il che \u00e8 ottimo &#8211; ritengo che sia essenziale andare oltre e lavorare sulle cause profonde dell&#8217;ingiustizia. In questo senso, la carit\u00e0 e il lavoro sui diritti umani si completano a vicenda.<\/p>\n\n\n\n<p><\/p>\n\n\n\n<p>Per maggiori informazioni, consultate il nostro articolo principale sui <a href=\"https:\/\/franciscansinternational.org\/it\/francescani-in-prima-linea-per-i-diritti-umani\/\">Francescani in prima linea per i diritti umani<\/a>.<\/p>\n\n\n\n<p><\/p>\n\n\n\n<p class=\"has-small-font-size\"><em>Si tratta di una traduzione automatica. Ci scusiamo per gli eventuali errori che ne derivano. In caso di divergenze, fa fede la versione inglese.<\/em><\/p>\n","protected":false},"excerpt":{"rendered":"<p>A pi\u00f9 di vent&#8217;anni dalla fine del conflitto armato interno, il Guatemala soffre ancora di decenni di estrema violenza e &#8230; <\/p>\n","protected":false},"author":3,"featured_media":425,"comment_status":"closed","ping_status":"closed","sticky":false,"template":"","format":"standard","meta":{"_relevanssi_hide_post":"","_relevanssi_hide_content":"","_relevanssi_pin_for_all":"","_relevanssi_pin_keywords":"","_relevanssi_unpin_keywords":"","_relevanssi_related_keywords":"","_relevanssi_related_include_ids":"","_relevanssi_related_exclude_ids":"","_relevanssi_related_no_append":"","_relevanssi_related_not_related":"","_relevanssi_related_posts":"248,257,279,292,271,298","_relevanssi_noindex_reason":"","_jetpack_memberships_contains_paid_content":false,"footnotes":""},"categories":[33],"tags":[11,5],"class_list":["post-418","post","type-post","status-publish","format-standard","has-post-thumbnail","hentry","category-i-francescani-presso-le-nazioni-unite","tag-pace-e-diritti-umani","tag-programma-americhe"],"acf":[],"yoast_head":"<!-- This site is optimized with the Yoast SEO plugin v27.5 - https:\/\/yoast.com\/product\/yoast-seo-wordpress\/ -->\n<title>Francescani in prima linea per i diritti umani: Brenda Peralta, GPIC Guatemala - Franciscans International (IT)<\/title>\n<meta name=\"robots\" content=\"index, follow, max-snippet:-1, max-image-preview:large, max-video-preview:-1\" \/>\n<link rel=\"canonical\" href=\"https:\/\/franciscansinternational.org\/it\/francescani-in-prima-linea-per-i-diritti-umani-brenda-peralta-gpic\/\" \/>\n<meta property=\"og:locale\" content=\"it_IT\" \/>\n<meta property=\"og:type\" content=\"article\" \/>\n<meta property=\"og:title\" content=\"Francescani in prima linea per i diritti umani: Brenda Peralta, GPIC Guatemala - Franciscans International (IT)\" \/>\n<meta property=\"og:description\" content=\"A pi\u00f9 di vent&#8217;anni dalla fine del conflitto armato interno, il Guatemala soffre ancora di decenni di estrema violenza e ...\" \/>\n<meta property=\"og:url\" content=\"https:\/\/franciscansinternational.org\/it\/francescani-in-prima-linea-per-i-diritti-umani-brenda-peralta-gpic\/\" \/>\n<meta property=\"og:site_name\" content=\"Franciscans International (IT)\" \/>\n<meta property=\"article:publisher\" content=\"https:\/\/www.facebook.com\/FranciscansInternational\/\" \/>\n<meta property=\"article:published_time\" content=\"2023-11-02T08:59:41+00:00\" \/>\n<meta property=\"article:modified_time\" content=\"2023-11-02T09:23:01+00:00\" \/>\n<meta property=\"og:image\" content=\"https:\/\/franciscansinternational.org\/it\/wp-content\/uploads\/sites\/2\/2023\/10\/Brenda_photo-article.jpg\" \/>\n\t<meta property=\"og:image:width\" content=\"1431\" \/>\n\t<meta property=\"og:image:height\" content=\"806\" \/>\n\t<meta property=\"og:image:type\" content=\"image\/jpeg\" \/>\n<meta name=\"author\" content=\"communications\" \/>\n<meta name=\"twitter:card\" content=\"summary_large_image\" \/>\n<meta name=\"twitter:creator\" content=\"@FranciscansIntl\" \/>\n<meta name=\"twitter:site\" content=\"@FranciscansIntl\" \/>\n<meta name=\"twitter:label1\" content=\"Scritto da\" \/>\n\t<meta name=\"twitter:data1\" content=\"communications\" \/>\n\t<meta name=\"twitter:label2\" content=\"Tempo di lettura stimato\" \/>\n\t<meta name=\"twitter:data2\" content=\"5 minuti\" \/>\n<script type=\"application\/ld+json\" class=\"yoast-schema-graph\">{\"@context\":\"https:\\\/\\\/schema.org\",\"@graph\":[{\"@type\":\"Article\",\"@id\":\"https:\\\/\\\/franciscansinternational.org\\\/it\\\/francescani-in-prima-linea-per-i-diritti-umani-brenda-peralta-gpic\\\/#article\",\"isPartOf\":{\"@id\":\"https:\\\/\\\/franciscansinternational.org\\\/it\\\/francescani-in-prima-linea-per-i-diritti-umani-brenda-peralta-gpic\\\/\"},\"author\":{\"name\":\"communications\",\"@id\":\"https:\\\/\\\/franciscansinternational.org\\\/it\\\/#\\\/schema\\\/person\\\/f398f02712a9dcab7603295bc1ea94e4\"},\"headline\":\"Francescani in prima linea per i diritti umani: Brenda Peralta, GPIC Guatemala\",\"datePublished\":\"2023-11-02T08:59:41+00:00\",\"dateModified\":\"2023-11-02T09:23:01+00:00\",\"mainEntityOfPage\":{\"@id\":\"https:\\\/\\\/franciscansinternational.org\\\/it\\\/francescani-in-prima-linea-per-i-diritti-umani-brenda-peralta-gpic\\\/\"},\"wordCount\":872,\"publisher\":{\"@id\":\"https:\\\/\\\/franciscansinternational.org\\\/it\\\/#organization\"},\"image\":{\"@id\":\"https:\\\/\\\/franciscansinternational.org\\\/it\\\/francescani-in-prima-linea-per-i-diritti-umani-brenda-peralta-gpic\\\/#primaryimage\"},\"thumbnailUrl\":\"https:\\\/\\\/franciscansinternational.org\\\/it\\\/wp-content\\\/uploads\\\/sites\\\/2\\\/2023\\\/10\\\/Brenda_photo-article.jpg\",\"keywords\":[\"Pace e diritti umani\",\"Programma Americhe\"],\"articleSection\":[\"I Francescani presso le Nazioni Unite\"],\"inLanguage\":\"it-IT\"},{\"@type\":\"WebPage\",\"@id\":\"https:\\\/\\\/franciscansinternational.org\\\/it\\\/francescani-in-prima-linea-per-i-diritti-umani-brenda-peralta-gpic\\\/\",\"url\":\"https:\\\/\\\/franciscansinternational.org\\\/it\\\/francescani-in-prima-linea-per-i-diritti-umani-brenda-peralta-gpic\\\/\",\"name\":\"Francescani in prima linea per i diritti umani: Brenda Peralta, GPIC Guatemala - Franciscans International (IT)\",\"isPartOf\":{\"@id\":\"https:\\\/\\\/franciscansinternational.org\\\/it\\\/#website\"},\"primaryImageOfPage\":{\"@id\":\"https:\\\/\\\/franciscansinternational.org\\\/it\\\/francescani-in-prima-linea-per-i-diritti-umani-brenda-peralta-gpic\\\/#primaryimage\"},\"image\":{\"@id\":\"https:\\\/\\\/franciscansinternational.org\\\/it\\\/francescani-in-prima-linea-per-i-diritti-umani-brenda-peralta-gpic\\\/#primaryimage\"},\"thumbnailUrl\":\"https:\\\/\\\/franciscansinternational.org\\\/it\\\/wp-content\\\/uploads\\\/sites\\\/2\\\/2023\\\/10\\\/Brenda_photo-article.jpg\",\"datePublished\":\"2023-11-02T08:59:41+00:00\",\"dateModified\":\"2023-11-02T09:23:01+00:00\",\"breadcrumb\":{\"@id\":\"https:\\\/\\\/franciscansinternational.org\\\/it\\\/francescani-in-prima-linea-per-i-diritti-umani-brenda-peralta-gpic\\\/#breadcrumb\"},\"inLanguage\":\"it-IT\",\"potentialAction\":[{\"@type\":\"ReadAction\",\"target\":[\"https:\\\/\\\/franciscansinternational.org\\\/it\\\/francescani-in-prima-linea-per-i-diritti-umani-brenda-peralta-gpic\\\/\"]}]},{\"@type\":\"ImageObject\",\"inLanguage\":\"it-IT\",\"@id\":\"https:\\\/\\\/franciscansinternational.org\\\/it\\\/francescani-in-prima-linea-per-i-diritti-umani-brenda-peralta-gpic\\\/#primaryimage\",\"url\":\"https:\\\/\\\/franciscansinternational.org\\\/it\\\/wp-content\\\/uploads\\\/sites\\\/2\\\/2023\\\/10\\\/Brenda_photo-article.jpg\",\"contentUrl\":\"https:\\\/\\\/franciscansinternational.org\\\/it\\\/wp-content\\\/uploads\\\/sites\\\/2\\\/2023\\\/10\\\/Brenda_photo-article.jpg\",\"width\":1431,\"height\":806},{\"@type\":\"BreadcrumbList\",\"@id\":\"https:\\\/\\\/franciscansinternational.org\\\/it\\\/francescani-in-prima-linea-per-i-diritti-umani-brenda-peralta-gpic\\\/#breadcrumb\",\"itemListElement\":[{\"@type\":\"ListItem\",\"position\":1,\"name\":\"Home\",\"item\":\"https:\\\/\\\/franciscansinternational.org\\\/it\\\/\"},{\"@type\":\"ListItem\",\"position\":2,\"name\":\"Francescani in prima linea per i diritti umani: Brenda Peralta, GPIC Guatemala\"}]},{\"@type\":\"WebSite\",\"@id\":\"https:\\\/\\\/franciscansinternational.org\\\/it\\\/#website\",\"url\":\"https:\\\/\\\/franciscansinternational.org\\\/it\\\/\",\"name\":\"Franciscans International (IT)\",\"description\":\"Just another Franciscans International site\",\"publisher\":{\"@id\":\"https:\\\/\\\/franciscansinternational.org\\\/it\\\/#organization\"},\"potentialAction\":[{\"@type\":\"SearchAction\",\"target\":{\"@type\":\"EntryPoint\",\"urlTemplate\":\"https:\\\/\\\/franciscansinternational.org\\\/it\\\/?s={search_term_string}\"},\"query-input\":{\"@type\":\"PropertyValueSpecification\",\"valueRequired\":true,\"valueName\":\"search_term_string\"}}],\"inLanguage\":\"it-IT\"},{\"@type\":\"Organization\",\"@id\":\"https:\\\/\\\/franciscansinternational.org\\\/it\\\/#organization\",\"name\":\"Franciscans International\",\"url\":\"https:\\\/\\\/franciscansinternational.org\\\/it\\\/\",\"logo\":{\"@type\":\"ImageObject\",\"inLanguage\":\"it-IT\",\"@id\":\"https:\\\/\\\/franciscansinternational.org\\\/it\\\/#\\\/schema\\\/logo\\\/image\\\/\",\"url\":\"https:\\\/\\\/franciscansinternational.org\\\/wp-content\\\/uploads\\\/sites\\\/2\\\/2023\\\/05\\\/logo-3.png\",\"contentUrl\":\"https:\\\/\\\/franciscansinternational.org\\\/wp-content\\\/uploads\\\/sites\\\/2\\\/2023\\\/05\\\/logo-3.png\",\"width\":1200,\"height\":205,\"caption\":\"Franciscans International\"},\"image\":{\"@id\":\"https:\\\/\\\/franciscansinternational.org\\\/it\\\/#\\\/schema\\\/logo\\\/image\\\/\"},\"sameAs\":[\"https:\\\/\\\/www.facebook.com\\\/FranciscansInternational\\\/\",\"https:\\\/\\\/x.com\\\/FranciscansIntl\",\"https:\\\/\\\/www.youtube.com\\\/channel\\\/UCexu0i-fWB4wwrlPMCz8_Zg\"]},{\"@type\":\"Person\",\"@id\":\"https:\\\/\\\/franciscansinternational.org\\\/it\\\/#\\\/schema\\\/person\\\/f398f02712a9dcab7603295bc1ea94e4\",\"name\":\"communications\",\"image\":{\"@type\":\"ImageObject\",\"inLanguage\":\"it-IT\",\"@id\":\"https:\\\/\\\/secure.gravatar.com\\\/avatar\\\/0b4a62226a9b4f7ce621ec49ca40be1e77d886a42ca84b8a0b0697e9ec17dd63?s=96&d=mm&r=g\",\"url\":\"https:\\\/\\\/secure.gravatar.com\\\/avatar\\\/0b4a62226a9b4f7ce621ec49ca40be1e77d886a42ca84b8a0b0697e9ec17dd63?s=96&d=mm&r=g\",\"contentUrl\":\"https:\\\/\\\/secure.gravatar.com\\\/avatar\\\/0b4a62226a9b4f7ce621ec49ca40be1e77d886a42ca84b8a0b0697e9ec17dd63?s=96&d=mm&r=g\",\"caption\":\"communications\"},\"url\":\"https:\\\/\\\/franciscansinternational.org\\\/it\\\/author\\\/communications\\\/\"}]}<\/script>\n<!-- \/ Yoast SEO plugin. -->","yoast_head_json":{"title":"Francescani in prima linea per i diritti umani: Brenda Peralta, GPIC Guatemala - Franciscans International (IT)","robots":{"index":"index","follow":"follow","max-snippet":"max-snippet:-1","max-image-preview":"max-image-preview:large","max-video-preview":"max-video-preview:-1"},"canonical":"https:\/\/franciscansinternational.org\/it\/francescani-in-prima-linea-per-i-diritti-umani-brenda-peralta-gpic\/","og_locale":"it_IT","og_type":"article","og_title":"Francescani in prima linea per i diritti umani: Brenda Peralta, GPIC Guatemala - Franciscans International (IT)","og_description":"A pi\u00f9 di vent&#8217;anni dalla fine del conflitto armato interno, il Guatemala soffre ancora di decenni di estrema violenza e ...","og_url":"https:\/\/franciscansinternational.org\/it\/francescani-in-prima-linea-per-i-diritti-umani-brenda-peralta-gpic\/","og_site_name":"Franciscans International (IT)","article_publisher":"https:\/\/www.facebook.com\/FranciscansInternational\/","article_published_time":"2023-11-02T08:59:41+00:00","article_modified_time":"2023-11-02T09:23:01+00:00","og_image":[{"width":1431,"height":806,"url":"https:\/\/franciscansinternational.org\/it\/wp-content\/uploads\/sites\/2\/2023\/10\/Brenda_photo-article.jpg","type":"image\/jpeg"}],"author":"communications","twitter_card":"summary_large_image","twitter_creator":"@FranciscansIntl","twitter_site":"@FranciscansIntl","twitter_misc":{"Scritto da":"communications","Tempo di lettura stimato":"5 minuti"},"schema":{"@context":"https:\/\/schema.org","@graph":[{"@type":"Article","@id":"https:\/\/franciscansinternational.org\/it\/francescani-in-prima-linea-per-i-diritti-umani-brenda-peralta-gpic\/#article","isPartOf":{"@id":"https:\/\/franciscansinternational.org\/it\/francescani-in-prima-linea-per-i-diritti-umani-brenda-peralta-gpic\/"},"author":{"name":"communications","@id":"https:\/\/franciscansinternational.org\/it\/#\/schema\/person\/f398f02712a9dcab7603295bc1ea94e4"},"headline":"Francescani in prima linea per i diritti umani: Brenda Peralta, GPIC Guatemala","datePublished":"2023-11-02T08:59:41+00:00","dateModified":"2023-11-02T09:23:01+00:00","mainEntityOfPage":{"@id":"https:\/\/franciscansinternational.org\/it\/francescani-in-prima-linea-per-i-diritti-umani-brenda-peralta-gpic\/"},"wordCount":872,"publisher":{"@id":"https:\/\/franciscansinternational.org\/it\/#organization"},"image":{"@id":"https:\/\/franciscansinternational.org\/it\/francescani-in-prima-linea-per-i-diritti-umani-brenda-peralta-gpic\/#primaryimage"},"thumbnailUrl":"https:\/\/franciscansinternational.org\/it\/wp-content\/uploads\/sites\/2\/2023\/10\/Brenda_photo-article.jpg","keywords":["Pace e diritti umani","Programma Americhe"],"articleSection":["I Francescani presso le Nazioni Unite"],"inLanguage":"it-IT"},{"@type":"WebPage","@id":"https:\/\/franciscansinternational.org\/it\/francescani-in-prima-linea-per-i-diritti-umani-brenda-peralta-gpic\/","url":"https:\/\/franciscansinternational.org\/it\/francescani-in-prima-linea-per-i-diritti-umani-brenda-peralta-gpic\/","name":"Francescani in prima linea per i diritti umani: Brenda Peralta, GPIC Guatemala - Franciscans International (IT)","isPartOf":{"@id":"https:\/\/franciscansinternational.org\/it\/#website"},"primaryImageOfPage":{"@id":"https:\/\/franciscansinternational.org\/it\/francescani-in-prima-linea-per-i-diritti-umani-brenda-peralta-gpic\/#primaryimage"},"image":{"@id":"https:\/\/franciscansinternational.org\/it\/francescani-in-prima-linea-per-i-diritti-umani-brenda-peralta-gpic\/#primaryimage"},"thumbnailUrl":"https:\/\/franciscansinternational.org\/it\/wp-content\/uploads\/sites\/2\/2023\/10\/Brenda_photo-article.jpg","datePublished":"2023-11-02T08:59:41+00:00","dateModified":"2023-11-02T09:23:01+00:00","breadcrumb":{"@id":"https:\/\/franciscansinternational.org\/it\/francescani-in-prima-linea-per-i-diritti-umani-brenda-peralta-gpic\/#breadcrumb"},"inLanguage":"it-IT","potentialAction":[{"@type":"ReadAction","target":["https:\/\/franciscansinternational.org\/it\/francescani-in-prima-linea-per-i-diritti-umani-brenda-peralta-gpic\/"]}]},{"@type":"ImageObject","inLanguage":"it-IT","@id":"https:\/\/franciscansinternational.org\/it\/francescani-in-prima-linea-per-i-diritti-umani-brenda-peralta-gpic\/#primaryimage","url":"https:\/\/franciscansinternational.org\/it\/wp-content\/uploads\/sites\/2\/2023\/10\/Brenda_photo-article.jpg","contentUrl":"https:\/\/franciscansinternational.org\/it\/wp-content\/uploads\/sites\/2\/2023\/10\/Brenda_photo-article.jpg","width":1431,"height":806},{"@type":"BreadcrumbList","@id":"https:\/\/franciscansinternational.org\/it\/francescani-in-prima-linea-per-i-diritti-umani-brenda-peralta-gpic\/#breadcrumb","itemListElement":[{"@type":"ListItem","position":1,"name":"Home","item":"https:\/\/franciscansinternational.org\/it\/"},{"@type":"ListItem","position":2,"name":"Francescani in prima linea per i diritti umani: Brenda Peralta, GPIC Guatemala"}]},{"@type":"WebSite","@id":"https:\/\/franciscansinternational.org\/it\/#website","url":"https:\/\/franciscansinternational.org\/it\/","name":"Franciscans International (IT)","description":"Just another Franciscans International site","publisher":{"@id":"https:\/\/franciscansinternational.org\/it\/#organization"},"potentialAction":[{"@type":"SearchAction","target":{"@type":"EntryPoint","urlTemplate":"https:\/\/franciscansinternational.org\/it\/?s={search_term_string}"},"query-input":{"@type":"PropertyValueSpecification","valueRequired":true,"valueName":"search_term_string"}}],"inLanguage":"it-IT"},{"@type":"Organization","@id":"https:\/\/franciscansinternational.org\/it\/#organization","name":"Franciscans International","url":"https:\/\/franciscansinternational.org\/it\/","logo":{"@type":"ImageObject","inLanguage":"it-IT","@id":"https:\/\/franciscansinternational.org\/it\/#\/schema\/logo\/image\/","url":"https:\/\/franciscansinternational.org\/wp-content\/uploads\/sites\/2\/2023\/05\/logo-3.png","contentUrl":"https:\/\/franciscansinternational.org\/wp-content\/uploads\/sites\/2\/2023\/05\/logo-3.png","width":1200,"height":205,"caption":"Franciscans International"},"image":{"@id":"https:\/\/franciscansinternational.org\/it\/#\/schema\/logo\/image\/"},"sameAs":["https:\/\/www.facebook.com\/FranciscansInternational\/","https:\/\/x.com\/FranciscansIntl","https:\/\/www.youtube.com\/channel\/UCexu0i-fWB4wwrlPMCz8_Zg"]},{"@type":"Person","@id":"https:\/\/franciscansinternational.org\/it\/#\/schema\/person\/f398f02712a9dcab7603295bc1ea94e4","name":"communications","image":{"@type":"ImageObject","inLanguage":"it-IT","@id":"https:\/\/secure.gravatar.com\/avatar\/0b4a62226a9b4f7ce621ec49ca40be1e77d886a42ca84b8a0b0697e9ec17dd63?s=96&d=mm&r=g","url":"https:\/\/secure.gravatar.com\/avatar\/0b4a62226a9b4f7ce621ec49ca40be1e77d886a42ca84b8a0b0697e9ec17dd63?s=96&d=mm&r=g","contentUrl":"https:\/\/secure.gravatar.com\/avatar\/0b4a62226a9b4f7ce621ec49ca40be1e77d886a42ca84b8a0b0697e9ec17dd63?s=96&d=mm&r=g","caption":"communications"},"url":"https:\/\/franciscansinternational.org\/it\/author\/communications\/"}]}},"jetpack_featured_media_url":"https:\/\/franciscansinternational.org\/it\/wp-content\/uploads\/sites\/2\/2023\/10\/Brenda_photo-article.jpg","jetpack_sharing_enabled":true,"_links":{"self":[{"href":"https:\/\/franciscansinternational.org\/it\/wp-json\/wp\/v2\/posts\/418","targetHints":{"allow":["GET"]}}],"collection":[{"href":"https:\/\/franciscansinternational.org\/it\/wp-json\/wp\/v2\/posts"}],"about":[{"href":"https:\/\/franciscansinternational.org\/it\/wp-json\/wp\/v2\/types\/post"}],"author":[{"embeddable":true,"href":"https:\/\/franciscansinternational.org\/it\/wp-json\/wp\/v2\/users\/3"}],"replies":[{"embeddable":true,"href":"https:\/\/franciscansinternational.org\/it\/wp-json\/wp\/v2\/comments?post=418"}],"version-history":[{"count":5,"href":"https:\/\/franciscansinternational.org\/it\/wp-json\/wp\/v2\/posts\/418\/revisions"}],"predecessor-version":[{"id":427,"href":"https:\/\/franciscansinternational.org\/it\/wp-json\/wp\/v2\/posts\/418\/revisions\/427"}],"wp:featuredmedia":[{"embeddable":true,"href":"https:\/\/franciscansinternational.org\/it\/wp-json\/wp\/v2\/media\/425"}],"wp:attachment":[{"href":"https:\/\/franciscansinternational.org\/it\/wp-json\/wp\/v2\/media?parent=418"}],"wp:term":[{"taxonomy":"category","embeddable":true,"href":"https:\/\/franciscansinternational.org\/it\/wp-json\/wp\/v2\/categories?post=418"},{"taxonomy":"post_tag","embeddable":true,"href":"https:\/\/franciscansinternational.org\/it\/wp-json\/wp\/v2\/tags?post=418"}],"curies":[{"name":"wp","href":"https:\/\/api.w.org\/{rel}","templated":true}]}}