{"id":452,"date":"2023-11-23T12:33:57","date_gmt":"2023-11-23T12:33:57","guid":{"rendered":"https:\/\/franciscansinternational.org\/it\/?p=452"},"modified":"2023-11-27T10:20:20","modified_gmt":"2023-11-27T10:20:20","slug":"francescani-in-prima-linea-per-i-diritti-umani-suor-teresa-balela-fmm","status":"publish","type":"post","link":"https:\/\/franciscansinternational.org\/it\/francescani-in-prima-linea-per-i-diritti-umani-suor-teresa-balela-fmm\/","title":{"rendered":"Francescani in prima linea per i diritti umani: Suor Th\u00e9r\u00e8se Balela FMM"},"content":{"rendered":"\n<p>Negli anni 2000, la scoperta di grandi riserve di gas e minerali nella provincia pi\u00f9 settentrionale del Mozambico, Cabo Delgado, prometteva di portare crescita economica e sviluppo umano alla popolazione. Tuttavia, se da un lato ha portato a massicci investimenti da parte di aziende europee, dall&#8217;altro le comunit\u00e0 locali non ne hanno praticamente beneficiato. Al contrario, lo sfruttamento delle risorse ha evidenziato le disuguaglianze e ha contribuito all&#8217;aumento della violenza. La situazione a Cabo Delgado si \u00e8 ulteriormente aggravata nell&#8217;ottobre 2017, quando un gruppo estremista localmente noto come Al Shabab<em>*<\/em> ha intrapreso una brutale insurrezione, colpendo indiscriminatamente i cittadini. Da quando \u00e8 iniziata, migliaia di persone sono state uccise e oltre <a href=\"https:\/\/reliefweb.int\/report\/mozambique\/unhcr-mozambique-cabo-delgado-external-update-internal-displacement-response-may-2023-enpt\" target=\"_blank\" rel=\"noreferrer noopener\">un milione<\/a> sono state sfollate.<\/p>\n\n\n\n<p>In questa crisi complessa e sfaccettata, le Missionarie Francescane di Maria (FMM), di cui fa parte suor Th\u00e9r\u00e8se, stanno aiutando gli sfollati nei campi fornendo supporto psicologico e corsi di formazione pratica, in particolare per le giovani donne. Abbiamo parlato del suo lavoro quotidiano con le persone colpite, di alcune delle cause principali della crisi e di come vede l&#8217;advocacy internazionale.<\/p>\n\n\n\n<p><\/p>\n\n\n\n<hr class=\"wp-block-separator has-alpha-channel-opacity is-style-dots\"\/>\n\n\n\n<p><\/p>\n\n\n\n<p><strong>Ci pu\u00f2 spiegare in cosa consiste il suo lavoro?<\/strong><\/p>\n\n\n\n<p>Nel nord del Mozambico, l&#8217;arrivo degli sfollati interni \u00e8 stato improvviso e massiccio. Ogni giorno arrivavano dalle 300 alle 500 persone, alcune con i loro bagagli, altre a mani vuote. Quando \u00e8 successo, abbiamo dovuto prendere una decisione rapida. Avendo gi\u00e0 esperienza di lavoro con i rifugiati ruandesi e burundesi, non ho esitato a mettermi al loro servizio. Grazie alla collaborazione delle autorit\u00e0 locali, siamo riusciti a trovare diversi siti per accogliere le persone, e attualmente abbiamo undici campi nel nostro distretto. La prima cosa che io e le mie consorelle facciamo \u00e8 accoglierli in uno dei nostri appezzamenti e fornire loro gli aiuti di emergenza inviati dalla nostra congregazione, che comprendono cibo per i primi giorni e una stuoia per dormire.<strong><em> Il nostro lavoro ha anche una dimensione psicologica: ogni mattina, la nostra priorit\u00e0 \u00e8 stare vicino a loro e ascoltarli.<\/em><\/strong> La nostra sola presenza \u00e8 essenziale. Infine, li addestriamo a essere autosufficienti, in modo che non diventino dipendenti.<\/p>\n\n\n\n<p><strong>Prima di arrivare in questi campi, qual era l&#8217;esperienza di questi sfollati?<\/strong><\/p>\n\n\n\n<p>Molte persone sono state sfollate a causa degli attacchi terroristici, che sono iniziati in modo inaspettato. Gli abitanti dei villaggi hanno assistito impotenti ai gruppi armati che bruciavano le loro case e decapitavano i loro vicini e parenti. <strong><em>Quando si vede questo, non si ha altra scelta che fuggire. <\/em><\/strong>Molti di loro sono stati sfollati a causa di questa violenza, ma non \u00e8 stato l&#8217;unico fattore. Infatti, il suolo della provincia di Cabo Delgado \u00e8 ricco di minerali, il che lo rende un luogo particolarmente attraente per l&#8217;industria mineraria. Invece di avviare un dialogo con le popolazioni indigene e i capi tradizionali, le compagnie transnazionali le hanno sfrattate dalle loro terre, spesso con la falsa promessa di dare in cambio nuovi appezzamenti che avrebbero permesso loro di continuare le attivit\u00e0 agricole.<\/p>\n\n\n\n<p><strong>Com&#8217;\u00e8 la situazione nei campi?<\/strong><\/p>\n\n\n\n<p>Grazie all&#8217;aiuto di organizzazioni non governative ed ecclesiastiche, la situazione \u00e8 migliorata. Alcune di esse si stanno occupando dell&#8217;acqua scavando pozzi, le strutture sanitarie sono in condizioni migliori e, in generale, la collaborazione con altri enti fa s\u00ec che le esigenze locali siano meglio soddisfatte. Medici senza frontiere (MSF), ad esempio, \u00e8 stata una delle prime a fornire aiuti essenziali. Tuttavia, l&#8217;assistenza umanitaria non \u00e8 sempre costante: a causa della mancanza di fondi, gli aiuti forniti dal Programma alimentare mondiale (PAM) delle Nazioni Unite stanno per cessare, quindi stiamo per ricevere le ultime scorte di cibo. Questo \u00e8 problematico, perch\u00e9 le piogge sono scarse e ci vogliono tre mesi per il raccolto. La cosa pi\u00f9 difficile del nostro lavoro sono i mezzi. Se non abbiamo i mezzi materiali, \u00e8 tutto finito.<\/p>\n\n\n\n<p><strong>Cosa l&#8217;ha ispirata a iniziare questo lavoro e come si collega alla sua vocazione di suora francescana?<\/strong><\/p>\n\n\n\n<p>Fin dall&#8217;inizio della mia vocazione, mi sono vista come una missionaria, il che significa che accetto qualsiasi tipo di lavoro, anche se difficile e rischioso. La nostra Fondatrice diceva: &#8220;La mia consacrazione \u00e8 l&#8217;amore&#8221;, quindi devo amare tutti senza distinzioni. La mia priorit\u00e0 \u00e8 aiutare chi soffre, ma svolgo anche il ruolo di mediatore. Poich\u00e9 in Mozambico la terra \u00e8 di propriet\u00e0 dello Stato, alcuni campi sono stati ridistribuiti agli sfollati appena arrivati, creando forti tensioni con la popolazione locale. Questi ultimi hanno iniziato a chiedere una parte dei raccolti come compensazione per la terra che avevano perso. In questo tipo di situazioni, non mi schiero e cerco di mantenere la coesione. Infine, <strong><em>credo che il mio lavoro rifletta il necessario equilibrio tra preghiera e azione.<\/em><\/strong><\/p>\n\n\n\n<p><strong>Che impressione ha avuto della sua prima esperienza alle Nazioni Unite?<\/strong><\/p>\n\n\n\n<p>Mi \u00e8 piaciuta perch\u00e9 pensavo che solo alcuni Paesi sarebbero stati rappresentati e avrebbero avuto l&#8217;opportunit\u00e0 di parlare &#8211; non mi aspettavo che ci fosse cos\u00ec tanta diversit\u00e0 nei dibattiti. Inoltre, gli scambi a cui ho assistito erano molto rispettosi. Ora ho un&#8217;impressione completamente diversa dell&#8217;ONU e mi rendo conto di quanto lavoro per i diritti umani venga svolto da cos\u00ec tante persone.<\/p>\n\n\n\n<p><strong>Qual \u00e8 il suo messaggio principale alla comunit\u00e0 internazionale?<\/strong><\/p>\n\n\n\n<p>La mia richiesta principale \u00e8 che vengano rispettati i diritti umani e la libert\u00e0 di espressione. Nel contesto delle attivit\u00e0 minerarie in Mozambico, \u00e8 necessario avviare una conversazione con la societ\u00e0 civile e per questo la comunit\u00e0 internazionale ha un ruolo essenziale da svolgere. \u00c8 importante fare pressione sui capi di Stato affinch\u00e9 si impegnino a dialogare con i loro cittadini e a garantire la loro partecipazione ai processi decisionali che li riguardano.<strong><em> \u00c8 anche responsabilit\u00e0 dei governi stabilire dei limiti per le aziende e mantenere una reciprocit\u00e0 che includa le popolazioni locali. <\/em><\/strong>Infine, sono convinto che potremmo vivere tutti molto bene insieme su questa terra se rispettassimo i diritti umani, diritti che sono inclusi nei Dieci Comandamenti di Dio.<\/p>\n\n\n\n<p class=\"has-small-font-size\"><em>*Nessun legame con l&#8217;omonimo gruppo somalo.<\/em><\/p>\n\n\n\n<p><\/p>\n\n\n\n<p>Per maggiori informazioni, consultate il nostro articolo principale sui&nbsp;<a href=\"https:\/\/franciscansinternational.org\/it\/francescani-in-prima-linea-per-i-diritti-umani\/\">Francescani in prima linea per i diritti umani<\/a>.<\/p>\n\n\n\n<blockquote class=\"wp-block-quote is-layout-flow wp-block-quote-is-layout-flow\">\n<p class=\"has-small-font-size\"><em>Si tratta di una traduzione automatica. Ci scusiamo per gli eventuali errori che ne derivano. In caso di divergenze, fa fede la versione inglese.<\/em><\/p>\n<\/blockquote>\n","protected":false},"excerpt":{"rendered":"<p>Negli anni 2000, la scoperta di grandi riserve di gas e minerali nella provincia pi\u00f9 settentrionale del Mozambico, Cabo Delgado, &#8230; <\/p>\n","protected":false},"author":3,"featured_media":453,"comment_status":"closed","ping_status":"closed","sticky":false,"template":"","format":"standard","meta":{"_relevanssi_hide_post":"","_relevanssi_hide_content":"","_relevanssi_pin_for_all":"","_relevanssi_pin_keywords":"","_relevanssi_unpin_keywords":"","_relevanssi_related_keywords":"","_relevanssi_related_include_ids":"","_relevanssi_related_exclude_ids":"","_relevanssi_related_no_append":"","_relevanssi_related_not_related":"","_relevanssi_related_posts":"314,275,252,429,195,262","_relevanssi_noindex_reason":"","_jetpack_memberships_contains_paid_content":false,"footnotes":""},"categories":[33],"tags":[8,4],"class_list":["post-452","post","type-post","status-publish","format-standard","has-post-thumbnail","hentry","category-i-francescani-presso-le-nazioni-unite","tag-pari-dignita","tag-programma-africa"],"acf":[],"yoast_head":"<!-- This site is optimized with the Yoast SEO plugin v27.5 - https:\/\/yoast.com\/product\/yoast-seo-wordpress\/ -->\n<title>Francescani in prima linea per i diritti umani: Suor Th\u00e9r\u00e8se Balela FMM - Franciscans International (IT)<\/title>\n<meta name=\"robots\" content=\"index, follow, max-snippet:-1, max-image-preview:large, max-video-preview:-1\" \/>\n<link rel=\"canonical\" href=\"https:\/\/franciscansinternational.org\/it\/francescani-in-prima-linea-per-i-diritti-umani-suor-teresa-balela-fmm\/\" \/>\n<meta property=\"og:locale\" content=\"it_IT\" \/>\n<meta property=\"og:type\" content=\"article\" \/>\n<meta property=\"og:title\" content=\"Francescani in prima linea per i diritti umani: Suor Th\u00e9r\u00e8se Balela FMM - Franciscans International (IT)\" \/>\n<meta property=\"og:description\" content=\"Negli anni 2000, la scoperta di grandi riserve di gas e minerali nella provincia pi\u00f9 settentrionale del Mozambico, Cabo Delgado, ...\" \/>\n<meta property=\"og:url\" content=\"https:\/\/franciscansinternational.org\/it\/francescani-in-prima-linea-per-i-diritti-umani-suor-teresa-balela-fmm\/\" \/>\n<meta property=\"og:site_name\" content=\"Franciscans International (IT)\" \/>\n<meta property=\"article:publisher\" content=\"https:\/\/www.facebook.com\/FranciscansInternational\/\" \/>\n<meta property=\"article:published_time\" content=\"2023-11-23T12:33:57+00:00\" \/>\n<meta property=\"article:modified_time\" content=\"2023-11-27T10:20:20+00:00\" \/>\n<meta property=\"og:image\" content=\"https:\/\/franciscansinternational.org\/it\/wp-content\/uploads\/sites\/2\/2023\/11\/Sr-Therese-website-scaled.jpg\" \/>\n\t<meta property=\"og:image:width\" content=\"2560\" \/>\n\t<meta property=\"og:image:height\" content=\"1600\" \/>\n\t<meta property=\"og:image:type\" content=\"image\/jpeg\" \/>\n<meta name=\"author\" content=\"communications\" \/>\n<meta name=\"twitter:card\" content=\"summary_large_image\" \/>\n<meta name=\"twitter:creator\" content=\"@FranciscansIntl\" \/>\n<meta name=\"twitter:site\" content=\"@FranciscansIntl\" \/>\n<meta name=\"twitter:label1\" content=\"Scritto da\" \/>\n\t<meta name=\"twitter:data1\" content=\"communications\" \/>\n\t<meta name=\"twitter:label2\" content=\"Tempo di lettura stimato\" \/>\n\t<meta name=\"twitter:data2\" content=\"6 minuti\" \/>\n<script type=\"application\/ld+json\" class=\"yoast-schema-graph\">{\"@context\":\"https:\\\/\\\/schema.org\",\"@graph\":[{\"@type\":\"Article\",\"@id\":\"https:\\\/\\\/franciscansinternational.org\\\/it\\\/francescani-in-prima-linea-per-i-diritti-umani-suor-teresa-balela-fmm\\\/#article\",\"isPartOf\":{\"@id\":\"https:\\\/\\\/franciscansinternational.org\\\/it\\\/francescani-in-prima-linea-per-i-diritti-umani-suor-teresa-balela-fmm\\\/\"},\"author\":{\"name\":\"communications\",\"@id\":\"https:\\\/\\\/franciscansinternational.org\\\/it\\\/#\\\/schema\\\/person\\\/f398f02712a9dcab7603295bc1ea94e4\"},\"headline\":\"Francescani in prima linea per i diritti umani: Suor Th\u00e9r\u00e8se Balela FMM\",\"datePublished\":\"2023-11-23T12:33:57+00:00\",\"dateModified\":\"2023-11-27T10:20:20+00:00\",\"mainEntityOfPage\":{\"@id\":\"https:\\\/\\\/franciscansinternational.org\\\/it\\\/francescani-in-prima-linea-per-i-diritti-umani-suor-teresa-balela-fmm\\\/\"},\"wordCount\":1026,\"publisher\":{\"@id\":\"https:\\\/\\\/franciscansinternational.org\\\/it\\\/#organization\"},\"image\":{\"@id\":\"https:\\\/\\\/franciscansinternational.org\\\/it\\\/francescani-in-prima-linea-per-i-diritti-umani-suor-teresa-balela-fmm\\\/#primaryimage\"},\"thumbnailUrl\":\"https:\\\/\\\/franciscansinternational.org\\\/it\\\/wp-content\\\/uploads\\\/sites\\\/2\\\/2023\\\/11\\\/Sr-Therese-website-scaled.jpg\",\"keywords\":[\"Pari dignit\u00e0\",\"Programma Africa\"],\"articleSection\":[\"I Francescani presso le Nazioni Unite\"],\"inLanguage\":\"it-IT\"},{\"@type\":\"WebPage\",\"@id\":\"https:\\\/\\\/franciscansinternational.org\\\/it\\\/francescani-in-prima-linea-per-i-diritti-umani-suor-teresa-balela-fmm\\\/\",\"url\":\"https:\\\/\\\/franciscansinternational.org\\\/it\\\/francescani-in-prima-linea-per-i-diritti-umani-suor-teresa-balela-fmm\\\/\",\"name\":\"Francescani in prima linea per i diritti umani: Suor Th\u00e9r\u00e8se Balela FMM - Franciscans International (IT)\",\"isPartOf\":{\"@id\":\"https:\\\/\\\/franciscansinternational.org\\\/it\\\/#website\"},\"primaryImageOfPage\":{\"@id\":\"https:\\\/\\\/franciscansinternational.org\\\/it\\\/francescani-in-prima-linea-per-i-diritti-umani-suor-teresa-balela-fmm\\\/#primaryimage\"},\"image\":{\"@id\":\"https:\\\/\\\/franciscansinternational.org\\\/it\\\/francescani-in-prima-linea-per-i-diritti-umani-suor-teresa-balela-fmm\\\/#primaryimage\"},\"thumbnailUrl\":\"https:\\\/\\\/franciscansinternational.org\\\/it\\\/wp-content\\\/uploads\\\/sites\\\/2\\\/2023\\\/11\\\/Sr-Therese-website-scaled.jpg\",\"datePublished\":\"2023-11-23T12:33:57+00:00\",\"dateModified\":\"2023-11-27T10:20:20+00:00\",\"breadcrumb\":{\"@id\":\"https:\\\/\\\/franciscansinternational.org\\\/it\\\/francescani-in-prima-linea-per-i-diritti-umani-suor-teresa-balela-fmm\\\/#breadcrumb\"},\"inLanguage\":\"it-IT\",\"potentialAction\":[{\"@type\":\"ReadAction\",\"target\":[\"https:\\\/\\\/franciscansinternational.org\\\/it\\\/francescani-in-prima-linea-per-i-diritti-umani-suor-teresa-balela-fmm\\\/\"]}]},{\"@type\":\"ImageObject\",\"inLanguage\":\"it-IT\",\"@id\":\"https:\\\/\\\/franciscansinternational.org\\\/it\\\/francescani-in-prima-linea-per-i-diritti-umani-suor-teresa-balela-fmm\\\/#primaryimage\",\"url\":\"https:\\\/\\\/franciscansinternational.org\\\/it\\\/wp-content\\\/uploads\\\/sites\\\/2\\\/2023\\\/11\\\/Sr-Therese-website-scaled.jpg\",\"contentUrl\":\"https:\\\/\\\/franciscansinternational.org\\\/it\\\/wp-content\\\/uploads\\\/sites\\\/2\\\/2023\\\/11\\\/Sr-Therese-website-scaled.jpg\",\"width\":2560,\"height\":1600},{\"@type\":\"BreadcrumbList\",\"@id\":\"https:\\\/\\\/franciscansinternational.org\\\/it\\\/francescani-in-prima-linea-per-i-diritti-umani-suor-teresa-balela-fmm\\\/#breadcrumb\",\"itemListElement\":[{\"@type\":\"ListItem\",\"position\":1,\"name\":\"Home\",\"item\":\"https:\\\/\\\/franciscansinternational.org\\\/it\\\/\"},{\"@type\":\"ListItem\",\"position\":2,\"name\":\"Francescani in prima linea per i diritti umani: Suor Th\u00e9r\u00e8se Balela FMM\"}]},{\"@type\":\"WebSite\",\"@id\":\"https:\\\/\\\/franciscansinternational.org\\\/it\\\/#website\",\"url\":\"https:\\\/\\\/franciscansinternational.org\\\/it\\\/\",\"name\":\"Franciscans International (IT)\",\"description\":\"Just another Franciscans International site\",\"publisher\":{\"@id\":\"https:\\\/\\\/franciscansinternational.org\\\/it\\\/#organization\"},\"potentialAction\":[{\"@type\":\"SearchAction\",\"target\":{\"@type\":\"EntryPoint\",\"urlTemplate\":\"https:\\\/\\\/franciscansinternational.org\\\/it\\\/?s={search_term_string}\"},\"query-input\":{\"@type\":\"PropertyValueSpecification\",\"valueRequired\":true,\"valueName\":\"search_term_string\"}}],\"inLanguage\":\"it-IT\"},{\"@type\":\"Organization\",\"@id\":\"https:\\\/\\\/franciscansinternational.org\\\/it\\\/#organization\",\"name\":\"Franciscans International\",\"url\":\"https:\\\/\\\/franciscansinternational.org\\\/it\\\/\",\"logo\":{\"@type\":\"ImageObject\",\"inLanguage\":\"it-IT\",\"@id\":\"https:\\\/\\\/franciscansinternational.org\\\/it\\\/#\\\/schema\\\/logo\\\/image\\\/\",\"url\":\"https:\\\/\\\/franciscansinternational.org\\\/wp-content\\\/uploads\\\/sites\\\/2\\\/2023\\\/05\\\/logo-3.png\",\"contentUrl\":\"https:\\\/\\\/franciscansinternational.org\\\/wp-content\\\/uploads\\\/sites\\\/2\\\/2023\\\/05\\\/logo-3.png\",\"width\":1200,\"height\":205,\"caption\":\"Franciscans International\"},\"image\":{\"@id\":\"https:\\\/\\\/franciscansinternational.org\\\/it\\\/#\\\/schema\\\/logo\\\/image\\\/\"},\"sameAs\":[\"https:\\\/\\\/www.facebook.com\\\/FranciscansInternational\\\/\",\"https:\\\/\\\/x.com\\\/FranciscansIntl\",\"https:\\\/\\\/www.youtube.com\\\/channel\\\/UCexu0i-fWB4wwrlPMCz8_Zg\"]},{\"@type\":\"Person\",\"@id\":\"https:\\\/\\\/franciscansinternational.org\\\/it\\\/#\\\/schema\\\/person\\\/f398f02712a9dcab7603295bc1ea94e4\",\"name\":\"communications\",\"image\":{\"@type\":\"ImageObject\",\"inLanguage\":\"it-IT\",\"@id\":\"https:\\\/\\\/secure.gravatar.com\\\/avatar\\\/0b4a62226a9b4f7ce621ec49ca40be1e77d886a42ca84b8a0b0697e9ec17dd63?s=96&d=mm&r=g\",\"url\":\"https:\\\/\\\/secure.gravatar.com\\\/avatar\\\/0b4a62226a9b4f7ce621ec49ca40be1e77d886a42ca84b8a0b0697e9ec17dd63?s=96&d=mm&r=g\",\"contentUrl\":\"https:\\\/\\\/secure.gravatar.com\\\/avatar\\\/0b4a62226a9b4f7ce621ec49ca40be1e77d886a42ca84b8a0b0697e9ec17dd63?s=96&d=mm&r=g\",\"caption\":\"communications\"},\"url\":\"https:\\\/\\\/franciscansinternational.org\\\/it\\\/author\\\/communications\\\/\"}]}<\/script>\n<!-- \/ Yoast SEO plugin. -->","yoast_head_json":{"title":"Francescani in prima linea per i diritti umani: Suor Th\u00e9r\u00e8se Balela FMM - Franciscans International (IT)","robots":{"index":"index","follow":"follow","max-snippet":"max-snippet:-1","max-image-preview":"max-image-preview:large","max-video-preview":"max-video-preview:-1"},"canonical":"https:\/\/franciscansinternational.org\/it\/francescani-in-prima-linea-per-i-diritti-umani-suor-teresa-balela-fmm\/","og_locale":"it_IT","og_type":"article","og_title":"Francescani in prima linea per i diritti umani: Suor Th\u00e9r\u00e8se Balela FMM - Franciscans International (IT)","og_description":"Negli anni 2000, la scoperta di grandi riserve di gas e minerali nella provincia pi\u00f9 settentrionale del Mozambico, Cabo Delgado, ...","og_url":"https:\/\/franciscansinternational.org\/it\/francescani-in-prima-linea-per-i-diritti-umani-suor-teresa-balela-fmm\/","og_site_name":"Franciscans International (IT)","article_publisher":"https:\/\/www.facebook.com\/FranciscansInternational\/","article_published_time":"2023-11-23T12:33:57+00:00","article_modified_time":"2023-11-27T10:20:20+00:00","og_image":[{"width":2560,"height":1600,"url":"https:\/\/franciscansinternational.org\/it\/wp-content\/uploads\/sites\/2\/2023\/11\/Sr-Therese-website-scaled.jpg","type":"image\/jpeg"}],"author":"communications","twitter_card":"summary_large_image","twitter_creator":"@FranciscansIntl","twitter_site":"@FranciscansIntl","twitter_misc":{"Scritto da":"communications","Tempo di lettura stimato":"6 minuti"},"schema":{"@context":"https:\/\/schema.org","@graph":[{"@type":"Article","@id":"https:\/\/franciscansinternational.org\/it\/francescani-in-prima-linea-per-i-diritti-umani-suor-teresa-balela-fmm\/#article","isPartOf":{"@id":"https:\/\/franciscansinternational.org\/it\/francescani-in-prima-linea-per-i-diritti-umani-suor-teresa-balela-fmm\/"},"author":{"name":"communications","@id":"https:\/\/franciscansinternational.org\/it\/#\/schema\/person\/f398f02712a9dcab7603295bc1ea94e4"},"headline":"Francescani in prima linea per i diritti umani: Suor Th\u00e9r\u00e8se Balela FMM","datePublished":"2023-11-23T12:33:57+00:00","dateModified":"2023-11-27T10:20:20+00:00","mainEntityOfPage":{"@id":"https:\/\/franciscansinternational.org\/it\/francescani-in-prima-linea-per-i-diritti-umani-suor-teresa-balela-fmm\/"},"wordCount":1026,"publisher":{"@id":"https:\/\/franciscansinternational.org\/it\/#organization"},"image":{"@id":"https:\/\/franciscansinternational.org\/it\/francescani-in-prima-linea-per-i-diritti-umani-suor-teresa-balela-fmm\/#primaryimage"},"thumbnailUrl":"https:\/\/franciscansinternational.org\/it\/wp-content\/uploads\/sites\/2\/2023\/11\/Sr-Therese-website-scaled.jpg","keywords":["Pari dignit\u00e0","Programma Africa"],"articleSection":["I Francescani presso le Nazioni Unite"],"inLanguage":"it-IT"},{"@type":"WebPage","@id":"https:\/\/franciscansinternational.org\/it\/francescani-in-prima-linea-per-i-diritti-umani-suor-teresa-balela-fmm\/","url":"https:\/\/franciscansinternational.org\/it\/francescani-in-prima-linea-per-i-diritti-umani-suor-teresa-balela-fmm\/","name":"Francescani in prima linea per i diritti umani: Suor Th\u00e9r\u00e8se Balela FMM - Franciscans International (IT)","isPartOf":{"@id":"https:\/\/franciscansinternational.org\/it\/#website"},"primaryImageOfPage":{"@id":"https:\/\/franciscansinternational.org\/it\/francescani-in-prima-linea-per-i-diritti-umani-suor-teresa-balela-fmm\/#primaryimage"},"image":{"@id":"https:\/\/franciscansinternational.org\/it\/francescani-in-prima-linea-per-i-diritti-umani-suor-teresa-balela-fmm\/#primaryimage"},"thumbnailUrl":"https:\/\/franciscansinternational.org\/it\/wp-content\/uploads\/sites\/2\/2023\/11\/Sr-Therese-website-scaled.jpg","datePublished":"2023-11-23T12:33:57+00:00","dateModified":"2023-11-27T10:20:20+00:00","breadcrumb":{"@id":"https:\/\/franciscansinternational.org\/it\/francescani-in-prima-linea-per-i-diritti-umani-suor-teresa-balela-fmm\/#breadcrumb"},"inLanguage":"it-IT","potentialAction":[{"@type":"ReadAction","target":["https:\/\/franciscansinternational.org\/it\/francescani-in-prima-linea-per-i-diritti-umani-suor-teresa-balela-fmm\/"]}]},{"@type":"ImageObject","inLanguage":"it-IT","@id":"https:\/\/franciscansinternational.org\/it\/francescani-in-prima-linea-per-i-diritti-umani-suor-teresa-balela-fmm\/#primaryimage","url":"https:\/\/franciscansinternational.org\/it\/wp-content\/uploads\/sites\/2\/2023\/11\/Sr-Therese-website-scaled.jpg","contentUrl":"https:\/\/franciscansinternational.org\/it\/wp-content\/uploads\/sites\/2\/2023\/11\/Sr-Therese-website-scaled.jpg","width":2560,"height":1600},{"@type":"BreadcrumbList","@id":"https:\/\/franciscansinternational.org\/it\/francescani-in-prima-linea-per-i-diritti-umani-suor-teresa-balela-fmm\/#breadcrumb","itemListElement":[{"@type":"ListItem","position":1,"name":"Home","item":"https:\/\/franciscansinternational.org\/it\/"},{"@type":"ListItem","position":2,"name":"Francescani in prima linea per i diritti umani: Suor Th\u00e9r\u00e8se Balela FMM"}]},{"@type":"WebSite","@id":"https:\/\/franciscansinternational.org\/it\/#website","url":"https:\/\/franciscansinternational.org\/it\/","name":"Franciscans International (IT)","description":"Just another Franciscans International site","publisher":{"@id":"https:\/\/franciscansinternational.org\/it\/#organization"},"potentialAction":[{"@type":"SearchAction","target":{"@type":"EntryPoint","urlTemplate":"https:\/\/franciscansinternational.org\/it\/?s={search_term_string}"},"query-input":{"@type":"PropertyValueSpecification","valueRequired":true,"valueName":"search_term_string"}}],"inLanguage":"it-IT"},{"@type":"Organization","@id":"https:\/\/franciscansinternational.org\/it\/#organization","name":"Franciscans International","url":"https:\/\/franciscansinternational.org\/it\/","logo":{"@type":"ImageObject","inLanguage":"it-IT","@id":"https:\/\/franciscansinternational.org\/it\/#\/schema\/logo\/image\/","url":"https:\/\/franciscansinternational.org\/wp-content\/uploads\/sites\/2\/2023\/05\/logo-3.png","contentUrl":"https:\/\/franciscansinternational.org\/wp-content\/uploads\/sites\/2\/2023\/05\/logo-3.png","width":1200,"height":205,"caption":"Franciscans International"},"image":{"@id":"https:\/\/franciscansinternational.org\/it\/#\/schema\/logo\/image\/"},"sameAs":["https:\/\/www.facebook.com\/FranciscansInternational\/","https:\/\/x.com\/FranciscansIntl","https:\/\/www.youtube.com\/channel\/UCexu0i-fWB4wwrlPMCz8_Zg"]},{"@type":"Person","@id":"https:\/\/franciscansinternational.org\/it\/#\/schema\/person\/f398f02712a9dcab7603295bc1ea94e4","name":"communications","image":{"@type":"ImageObject","inLanguage":"it-IT","@id":"https:\/\/secure.gravatar.com\/avatar\/0b4a62226a9b4f7ce621ec49ca40be1e77d886a42ca84b8a0b0697e9ec17dd63?s=96&d=mm&r=g","url":"https:\/\/secure.gravatar.com\/avatar\/0b4a62226a9b4f7ce621ec49ca40be1e77d886a42ca84b8a0b0697e9ec17dd63?s=96&d=mm&r=g","contentUrl":"https:\/\/secure.gravatar.com\/avatar\/0b4a62226a9b4f7ce621ec49ca40be1e77d886a42ca84b8a0b0697e9ec17dd63?s=96&d=mm&r=g","caption":"communications"},"url":"https:\/\/franciscansinternational.org\/it\/author\/communications\/"}]}},"jetpack_featured_media_url":"https:\/\/franciscansinternational.org\/it\/wp-content\/uploads\/sites\/2\/2023\/11\/Sr-Therese-website-scaled.jpg","jetpack_sharing_enabled":true,"_links":{"self":[{"href":"https:\/\/franciscansinternational.org\/it\/wp-json\/wp\/v2\/posts\/452","targetHints":{"allow":["GET"]}}],"collection":[{"href":"https:\/\/franciscansinternational.org\/it\/wp-json\/wp\/v2\/posts"}],"about":[{"href":"https:\/\/franciscansinternational.org\/it\/wp-json\/wp\/v2\/types\/post"}],"author":[{"embeddable":true,"href":"https:\/\/franciscansinternational.org\/it\/wp-json\/wp\/v2\/users\/3"}],"replies":[{"embeddable":true,"href":"https:\/\/franciscansinternational.org\/it\/wp-json\/wp\/v2\/comments?post=452"}],"version-history":[{"count":11,"href":"https:\/\/franciscansinternational.org\/it\/wp-json\/wp\/v2\/posts\/452\/revisions"}],"predecessor-version":[{"id":469,"href":"https:\/\/franciscansinternational.org\/it\/wp-json\/wp\/v2\/posts\/452\/revisions\/469"}],"wp:featuredmedia":[{"embeddable":true,"href":"https:\/\/franciscansinternational.org\/it\/wp-json\/wp\/v2\/media\/453"}],"wp:attachment":[{"href":"https:\/\/franciscansinternational.org\/it\/wp-json\/wp\/v2\/media?parent=452"}],"wp:term":[{"taxonomy":"category","embeddable":true,"href":"https:\/\/franciscansinternational.org\/it\/wp-json\/wp\/v2\/categories?post=452"},{"taxonomy":"post_tag","embeddable":true,"href":"https:\/\/franciscansinternational.org\/it\/wp-json\/wp\/v2\/tags?post=452"}],"curies":[{"name":"wp","href":"https:\/\/api.w.org\/{rel}","templated":true}]}}