{"id":848,"date":"2025-09-02T14:28:14","date_gmt":"2025-09-02T14:28:14","guid":{"rendered":"https:\/\/franciscansinternational.org\/it\/?p=848"},"modified":"2025-09-02T14:44:44","modified_gmt":"2025-09-02T14:44:44","slug":"i-francescani-si-preparano-a-sollevare-le-cause-profonde-della-violenza-in-corso-nel-nord-del-mozambico-alle-nazioni-unite","status":"publish","type":"post","link":"https:\/\/franciscansinternational.org\/it\/i-francescani-si-preparano-a-sollevare-le-cause-profonde-della-violenza-in-corso-nel-nord-del-mozambico-alle-nazioni-unite\/","title":{"rendered":"I francescani si preparano a sollevare le cause profonde della violenza in corso nel nord del Mozambico alle Nazioni Unite"},"content":{"rendered":"\n<p>Nell&#8217;ottobre 2017, una serie di attacchi ribelli nella provincia settentrionale di Cabo Delgado, in Mozambico, ha scatenato un conflitto che ha causato lo sfollamento di oltre 600.000 persone. I francescani hanno inizialmente risposto alla crisi creando strutture di sostegno per le ondate di sfollati interni (IDP), cercando di affrontare la mancanza di cibo, acqua, alloggi, istruzione e la prevenzione dei traumi tra coloro che fuggivano dalla violenza.&nbsp;<\/p>\n\n\n\n<p>Da allora, i combattimenti tra le forze mozambicane scarsamente addestrate e gli insorti si sono trasformati in un conflitto prolungato e di bassa intensit\u00e0, senza una fine immediata in vista. Oltre agli attacchi sporadici contro le comunit\u00e0 perpetrati dagli insorti, un numero crescente di violazioni dei diritti umani commesse dalle forze governative senza alcuna responsabilit\u00e0 ha distrutto la fiducia di coloro che dovrebbero proteggere. Il conflitto non \u00e8 alimentato solo dalla presenza di gas naturale, petrolio e altre risorse naturali, ma anche da un cambiamento nelle dinamiche locali, dove le comunit\u00e0 non traggono alcun beneficio economico dalle attivit\u00e0 delle multinazionali. Al contrario, i lavoratori artigiani locali sono stati allontanati dalle loro attivit\u00e0 abituali, aumentando ulteriormente le tensioni in una provincia che \u00e8 stata a lungo emarginata dal punto di vista politico, sociale ed economico.&nbsp;<\/p>\n\n\n\n<p>Franciscans International si \u00e8 recentemente recata in Mozambico, dove abbiamo visitato il campo profughi di Corane e incontrato i leader della comunit\u00e0, i rappresentanti della societ\u00e0 civile e altre parti interessate. Abbiamo anche colto l&#8217;occasione per organizzare un seminario sui diritti umani in vista della prossima Revisione Periodica Universale (UPR) del Mozambico. Riunendo diversi rami della famiglia francescana, la formazione ha trattato una serie di questioni, tra cui la documentazione e le strategie per rafforzare le reti esistenti e affrontare il cambiamento del ruolo dei francescani nella risposta al conflitto.<\/p>\n\n\n\n<p><\/p>\n\n\n\n<figure class=\"wp-block-gallery has-nested-images columns-default is-cropped wp-block-gallery-1 is-layout-flex wp-block-gallery-is-layout-flex\">\n<figure class=\"wp-block-image size-large\"><img loading=\"lazy\" decoding=\"async\" width=\"1016\" height=\"677\" data-id=\"850\" src=\"https:\/\/franciscansinternational.org\/it\/wp-content\/uploads\/sites\/2\/2025\/09\/2025_Mozambique1.jpg\" alt=\"\" class=\"wp-image-850\" srcset=\"https:\/\/franciscansinternational.org\/it\/wp-content\/uploads\/sites\/2\/2025\/09\/2025_Mozambique1.jpg 1016w, https:\/\/franciscansinternational.org\/it\/wp-content\/uploads\/sites\/2\/2025\/09\/2025_Mozambique1-300x200.jpg 300w, https:\/\/franciscansinternational.org\/it\/wp-content\/uploads\/sites\/2\/2025\/09\/2025_Mozambique1-768x512.jpg 768w\" sizes=\"auto, (max-width: 1016px) 100vw, 1016px\" \/><\/figure>\n\n\n\n<figure class=\"wp-block-image size-large\"><img loading=\"lazy\" decoding=\"async\" width=\"1000\" height=\"667\" data-id=\"851\" src=\"https:\/\/franciscansinternational.org\/it\/wp-content\/uploads\/sites\/2\/2025\/09\/2025_Mozambique2.jpg\" alt=\"\" class=\"wp-image-851\" srcset=\"https:\/\/franciscansinternational.org\/it\/wp-content\/uploads\/sites\/2\/2025\/09\/2025_Mozambique2.jpg 1000w, https:\/\/franciscansinternational.org\/it\/wp-content\/uploads\/sites\/2\/2025\/09\/2025_Mozambique2-300x200.jpg 300w, https:\/\/franciscansinternational.org\/it\/wp-content\/uploads\/sites\/2\/2025\/09\/2025_Mozambique2-768x512.jpg 768w\" sizes=\"auto, (max-width: 1000px) 100vw, 1000px\" \/><\/figure>\n\n\n\n<figure class=\"wp-block-image size-large\"><img loading=\"lazy\" decoding=\"async\" width=\"1024\" height=\"682\" data-id=\"852\" src=\"https:\/\/franciscansinternational.org\/it\/wp-content\/uploads\/sites\/2\/2025\/09\/2025_Mozambique3-1024x682.jpg\" alt=\"\" class=\"wp-image-852\" srcset=\"https:\/\/franciscansinternational.org\/it\/wp-content\/uploads\/sites\/2\/2025\/09\/2025_Mozambique3-1024x682.jpg 1024w, https:\/\/franciscansinternational.org\/it\/wp-content\/uploads\/sites\/2\/2025\/09\/2025_Mozambique3-300x200.jpg 300w, https:\/\/franciscansinternational.org\/it\/wp-content\/uploads\/sites\/2\/2025\/09\/2025_Mozambique3-768x512.jpg 768w, https:\/\/franciscansinternational.org\/it\/wp-content\/uploads\/sites\/2\/2025\/09\/2025_Mozambique3-1536x1023.jpg 1536w, https:\/\/franciscansinternational.org\/it\/wp-content\/uploads\/sites\/2\/2025\/09\/2025_Mozambique3.jpg 1600w\" sizes=\"auto, (max-width: 1024px) 100vw, 1024px\" \/><\/figure>\n<\/figure>\n\n\n\n<p><\/p>\n\n\n\n<p>Dalla&nbsp;<a href=\"https:\/\/franciscansinternational.org\/it\/un-conflitto-dimenticato-nel-nord-del-mozambico\/\">precedente visita di FI nel 2022<\/a>, la riduzione dello spazio civico in Mozambico ha gravemente ostacolato il monitoraggio e la segnalazione indipendenti, con i media che non possono visitare Cabo Delgado. La presenza limitata delle istituzioni governative, compresa la magistratura, a causa del conflitto, ostacola ulteriormente l&#8217;accesso a informazioni affidabili. In un contesto di diminuzione del sostegno umanitario internazionale, i francescani e altre reti ecclesiastiche sono tra i pochi che possono fornire sostegno e documentare le violazioni dei diritti umani.<\/p>\n\n\n\n<p>Nei prossimi mesi, FI lavorer\u00e0 a stretto contatto con i frati e le suore francescani in Mozambico mentre preparano una relazione per l&#8217;UPR, un meccanismo delle Nazioni Unite attraverso il quale vengono esaminati a rotazione i dati relativi ai diritti umani di tutti gli Stati membri. Il loro rapporto includer\u00e0 osservazioni e raccomandazioni chiave su imprese e diritti umani, sulla situazione degli sfollati interni e sulla situazione della sicurezza a Cabo Delgado. FI sta inoltre preparando un nuovo rapporto sulla situazione, che dovrebbe essere pubblicato alla fine del 2025.<\/p>\n\n\n\n<p><\/p>\n\n\n\n<blockquote class=\"wp-block-quote has-small-font-size is-layout-flow wp-block-quote-is-layout-flow\">\n<p class=\"has-small-font-size\">Si tratta di una traduzione automatica. Ci scusiamo per gli eventuali errori che ne derivano. In caso di divergenze, fa fede la versione inglese.<\/p>\n<\/blockquote>\n","protected":false},"excerpt":{"rendered":"<p>Nell&#8217;ottobre 2017, una serie di attacchi ribelli nella provincia settentrionale di Cabo Delgado, in Mozambico, ha scatenato un conflitto che &#8230; <\/p>\n","protected":false},"author":3,"featured_media":855,"comment_status":"closed","ping_status":"closed","sticky":false,"template":"","format":"standard","meta":{"_relevanssi_hide_post":"","_relevanssi_hide_content":"","_relevanssi_pin_for_all":"","_relevanssi_pin_keywords":"","_relevanssi_unpin_keywords":"","_relevanssi_related_keywords":"","_relevanssi_related_include_ids":"","_relevanssi_related_exclude_ids":"","_relevanssi_related_no_append":"","_relevanssi_related_not_related":"","_relevanssi_related_posts":"282,494,771,322,829,262","_relevanssi_noindex_reason":"","_jetpack_memberships_contains_paid_content":false,"footnotes":""},"categories":[1],"tags":[11,8,4],"class_list":["post-848","post","type-post","status-publish","format-standard","has-post-thumbnail","hentry","category-notizie","tag-pace-e-diritti-umani","tag-pari-dignita","tag-programma-africa"],"acf":[],"yoast_head":"<!-- This site is optimized with the Yoast SEO plugin v27.4 - https:\/\/yoast.com\/product\/yoast-seo-wordpress\/ -->\n<title>I francescani si preparano a sollevare le cause profonde della violenza in corso nel nord del Mozambico alle Nazioni Unite - Franciscans International (IT)<\/title>\n<meta name=\"robots\" content=\"index, follow, max-snippet:-1, max-image-preview:large, max-video-preview:-1\" \/>\n<link rel=\"canonical\" href=\"https:\/\/franciscansinternational.org\/it\/i-francescani-si-preparano-a-sollevare-le-cause-profonde-della-violenza-in-corso-nel-nord-del-mozambico-alle-nazioni-unite\/\" \/>\n<meta property=\"og:locale\" content=\"it_IT\" \/>\n<meta property=\"og:type\" content=\"article\" \/>\n<meta property=\"og:title\" content=\"I francescani si preparano a sollevare le cause profonde della violenza in corso nel nord del Mozambico alle Nazioni Unite - Franciscans International (IT)\" \/>\n<meta property=\"og:description\" content=\"Nell&#8217;ottobre 2017, una serie di attacchi ribelli nella provincia settentrionale di Cabo Delgado, in Mozambico, ha scatenato un conflitto che ...\" \/>\n<meta property=\"og:url\" content=\"https:\/\/franciscansinternational.org\/it\/i-francescani-si-preparano-a-sollevare-le-cause-profonde-della-violenza-in-corso-nel-nord-del-mozambico-alle-nazioni-unite\/\" \/>\n<meta property=\"og:site_name\" content=\"Franciscans International (IT)\" \/>\n<meta property=\"article:publisher\" content=\"https:\/\/www.facebook.com\/FranciscansInternational\/\" \/>\n<meta property=\"article:published_time\" content=\"2025-09-02T14:28:14+00:00\" \/>\n<meta property=\"article:modified_time\" content=\"2025-09-02T14:44:44+00:00\" \/>\n<meta property=\"og:image\" content=\"https:\/\/franciscansinternational.org\/it\/wp-content\/uploads\/sites\/2\/2025\/09\/2025_Mozambique_cover.jpg\" \/>\n\t<meta property=\"og:image:width\" content=\"1280\" \/>\n\t<meta property=\"og:image:height\" content=\"800\" \/>\n\t<meta property=\"og:image:type\" content=\"image\/jpeg\" \/>\n<meta name=\"author\" content=\"communications\" \/>\n<meta name=\"twitter:card\" content=\"summary_large_image\" \/>\n<meta name=\"twitter:creator\" content=\"@FranciscansIntl\" \/>\n<meta name=\"twitter:site\" content=\"@FranciscansIntl\" \/>\n<meta name=\"twitter:label1\" content=\"Scritto da\" \/>\n\t<meta name=\"twitter:data1\" content=\"communications\" \/>\n\t<meta name=\"twitter:label2\" content=\"Tempo di lettura stimato\" \/>\n\t<meta name=\"twitter:data2\" content=\"4 minuti\" \/>\n<script type=\"application\/ld+json\" class=\"yoast-schema-graph\">{\"@context\":\"https:\\\/\\\/schema.org\",\"@graph\":[{\"@type\":\"Article\",\"@id\":\"https:\\\/\\\/franciscansinternational.org\\\/it\\\/i-francescani-si-preparano-a-sollevare-le-cause-profonde-della-violenza-in-corso-nel-nord-del-mozambico-alle-nazioni-unite\\\/#article\",\"isPartOf\":{\"@id\":\"https:\\\/\\\/franciscansinternational.org\\\/it\\\/i-francescani-si-preparano-a-sollevare-le-cause-profonde-della-violenza-in-corso-nel-nord-del-mozambico-alle-nazioni-unite\\\/\"},\"author\":{\"name\":\"communications\",\"@id\":\"https:\\\/\\\/franciscansinternational.org\\\/it\\\/#\\\/schema\\\/person\\\/f398f02712a9dcab7603295bc1ea94e4\"},\"headline\":\"I francescani si preparano a sollevare le cause profonde della violenza in corso nel nord del Mozambico alle Nazioni Unite\",\"datePublished\":\"2025-09-02T14:28:14+00:00\",\"dateModified\":\"2025-09-02T14:44:44+00:00\",\"mainEntityOfPage\":{\"@id\":\"https:\\\/\\\/franciscansinternational.org\\\/it\\\/i-francescani-si-preparano-a-sollevare-le-cause-profonde-della-violenza-in-corso-nel-nord-del-mozambico-alle-nazioni-unite\\\/\"},\"wordCount\":505,\"publisher\":{\"@id\":\"https:\\\/\\\/franciscansinternational.org\\\/it\\\/#organization\"},\"image\":{\"@id\":\"https:\\\/\\\/franciscansinternational.org\\\/it\\\/i-francescani-si-preparano-a-sollevare-le-cause-profonde-della-violenza-in-corso-nel-nord-del-mozambico-alle-nazioni-unite\\\/#primaryimage\"},\"thumbnailUrl\":\"https:\\\/\\\/franciscansinternational.org\\\/it\\\/wp-content\\\/uploads\\\/sites\\\/2\\\/2025\\\/09\\\/2025_Mozambique_cover.jpg\",\"keywords\":[\"Pace e diritti umani\",\"Pari dignit\u00e0\",\"Programma Africa\"],\"articleSection\":[\"Notizie\"],\"inLanguage\":\"it-IT\"},{\"@type\":\"WebPage\",\"@id\":\"https:\\\/\\\/franciscansinternational.org\\\/it\\\/i-francescani-si-preparano-a-sollevare-le-cause-profonde-della-violenza-in-corso-nel-nord-del-mozambico-alle-nazioni-unite\\\/\",\"url\":\"https:\\\/\\\/franciscansinternational.org\\\/it\\\/i-francescani-si-preparano-a-sollevare-le-cause-profonde-della-violenza-in-corso-nel-nord-del-mozambico-alle-nazioni-unite\\\/\",\"name\":\"I francescani si preparano a sollevare le cause profonde della violenza in corso nel nord del Mozambico alle Nazioni Unite - Franciscans International (IT)\",\"isPartOf\":{\"@id\":\"https:\\\/\\\/franciscansinternational.org\\\/it\\\/#website\"},\"primaryImageOfPage\":{\"@id\":\"https:\\\/\\\/franciscansinternational.org\\\/it\\\/i-francescani-si-preparano-a-sollevare-le-cause-profonde-della-violenza-in-corso-nel-nord-del-mozambico-alle-nazioni-unite\\\/#primaryimage\"},\"image\":{\"@id\":\"https:\\\/\\\/franciscansinternational.org\\\/it\\\/i-francescani-si-preparano-a-sollevare-le-cause-profonde-della-violenza-in-corso-nel-nord-del-mozambico-alle-nazioni-unite\\\/#primaryimage\"},\"thumbnailUrl\":\"https:\\\/\\\/franciscansinternational.org\\\/it\\\/wp-content\\\/uploads\\\/sites\\\/2\\\/2025\\\/09\\\/2025_Mozambique_cover.jpg\",\"datePublished\":\"2025-09-02T14:28:14+00:00\",\"dateModified\":\"2025-09-02T14:44:44+00:00\",\"breadcrumb\":{\"@id\":\"https:\\\/\\\/franciscansinternational.org\\\/it\\\/i-francescani-si-preparano-a-sollevare-le-cause-profonde-della-violenza-in-corso-nel-nord-del-mozambico-alle-nazioni-unite\\\/#breadcrumb\"},\"inLanguage\":\"it-IT\",\"potentialAction\":[{\"@type\":\"ReadAction\",\"target\":[\"https:\\\/\\\/franciscansinternational.org\\\/it\\\/i-francescani-si-preparano-a-sollevare-le-cause-profonde-della-violenza-in-corso-nel-nord-del-mozambico-alle-nazioni-unite\\\/\"]}]},{\"@type\":\"ImageObject\",\"inLanguage\":\"it-IT\",\"@id\":\"https:\\\/\\\/franciscansinternational.org\\\/it\\\/i-francescani-si-preparano-a-sollevare-le-cause-profonde-della-violenza-in-corso-nel-nord-del-mozambico-alle-nazioni-unite\\\/#primaryimage\",\"url\":\"https:\\\/\\\/franciscansinternational.org\\\/it\\\/wp-content\\\/uploads\\\/sites\\\/2\\\/2025\\\/09\\\/2025_Mozambique_cover.jpg\",\"contentUrl\":\"https:\\\/\\\/franciscansinternational.org\\\/it\\\/wp-content\\\/uploads\\\/sites\\\/2\\\/2025\\\/09\\\/2025_Mozambique_cover.jpg\",\"width\":1280,\"height\":800},{\"@type\":\"BreadcrumbList\",\"@id\":\"https:\\\/\\\/franciscansinternational.org\\\/it\\\/i-francescani-si-preparano-a-sollevare-le-cause-profonde-della-violenza-in-corso-nel-nord-del-mozambico-alle-nazioni-unite\\\/#breadcrumb\",\"itemListElement\":[{\"@type\":\"ListItem\",\"position\":1,\"name\":\"Home\",\"item\":\"https:\\\/\\\/franciscansinternational.org\\\/it\\\/\"},{\"@type\":\"ListItem\",\"position\":2,\"name\":\"I francescani si preparano a sollevare le cause profonde della violenza in corso nel nord del Mozambico alle Nazioni Unite\"}]},{\"@type\":\"WebSite\",\"@id\":\"https:\\\/\\\/franciscansinternational.org\\\/it\\\/#website\",\"url\":\"https:\\\/\\\/franciscansinternational.org\\\/it\\\/\",\"name\":\"Franciscans International (IT)\",\"description\":\"Just another Franciscans International site\",\"publisher\":{\"@id\":\"https:\\\/\\\/franciscansinternational.org\\\/it\\\/#organization\"},\"potentialAction\":[{\"@type\":\"SearchAction\",\"target\":{\"@type\":\"EntryPoint\",\"urlTemplate\":\"https:\\\/\\\/franciscansinternational.org\\\/it\\\/?s={search_term_string}\"},\"query-input\":{\"@type\":\"PropertyValueSpecification\",\"valueRequired\":true,\"valueName\":\"search_term_string\"}}],\"inLanguage\":\"it-IT\"},{\"@type\":\"Organization\",\"@id\":\"https:\\\/\\\/franciscansinternational.org\\\/it\\\/#organization\",\"name\":\"Franciscans International\",\"url\":\"https:\\\/\\\/franciscansinternational.org\\\/it\\\/\",\"logo\":{\"@type\":\"ImageObject\",\"inLanguage\":\"it-IT\",\"@id\":\"https:\\\/\\\/franciscansinternational.org\\\/it\\\/#\\\/schema\\\/logo\\\/image\\\/\",\"url\":\"https:\\\/\\\/franciscansinternational.org\\\/wp-content\\\/uploads\\\/sites\\\/2\\\/2023\\\/05\\\/logo-3.png\",\"contentUrl\":\"https:\\\/\\\/franciscansinternational.org\\\/wp-content\\\/uploads\\\/sites\\\/2\\\/2023\\\/05\\\/logo-3.png\",\"width\":1200,\"height\":205,\"caption\":\"Franciscans International\"},\"image\":{\"@id\":\"https:\\\/\\\/franciscansinternational.org\\\/it\\\/#\\\/schema\\\/logo\\\/image\\\/\"},\"sameAs\":[\"https:\\\/\\\/www.facebook.com\\\/FranciscansInternational\\\/\",\"https:\\\/\\\/x.com\\\/FranciscansIntl\",\"https:\\\/\\\/www.youtube.com\\\/channel\\\/UCexu0i-fWB4wwrlPMCz8_Zg\"]},{\"@type\":\"Person\",\"@id\":\"https:\\\/\\\/franciscansinternational.org\\\/it\\\/#\\\/schema\\\/person\\\/f398f02712a9dcab7603295bc1ea94e4\",\"name\":\"communications\",\"image\":{\"@type\":\"ImageObject\",\"inLanguage\":\"it-IT\",\"@id\":\"https:\\\/\\\/secure.gravatar.com\\\/avatar\\\/0b4a62226a9b4f7ce621ec49ca40be1e77d886a42ca84b8a0b0697e9ec17dd63?s=96&d=mm&r=g\",\"url\":\"https:\\\/\\\/secure.gravatar.com\\\/avatar\\\/0b4a62226a9b4f7ce621ec49ca40be1e77d886a42ca84b8a0b0697e9ec17dd63?s=96&d=mm&r=g\",\"contentUrl\":\"https:\\\/\\\/secure.gravatar.com\\\/avatar\\\/0b4a62226a9b4f7ce621ec49ca40be1e77d886a42ca84b8a0b0697e9ec17dd63?s=96&d=mm&r=g\",\"caption\":\"communications\"},\"url\":\"https:\\\/\\\/franciscansinternational.org\\\/it\\\/author\\\/communications\\\/\"}]}<\/script>\n<!-- \/ Yoast SEO plugin. -->","yoast_head_json":{"title":"I francescani si preparano a sollevare le cause profonde della violenza in corso nel nord del Mozambico alle Nazioni Unite - Franciscans International (IT)","robots":{"index":"index","follow":"follow","max-snippet":"max-snippet:-1","max-image-preview":"max-image-preview:large","max-video-preview":"max-video-preview:-1"},"canonical":"https:\/\/franciscansinternational.org\/it\/i-francescani-si-preparano-a-sollevare-le-cause-profonde-della-violenza-in-corso-nel-nord-del-mozambico-alle-nazioni-unite\/","og_locale":"it_IT","og_type":"article","og_title":"I francescani si preparano a sollevare le cause profonde della violenza in corso nel nord del Mozambico alle Nazioni Unite - Franciscans International (IT)","og_description":"Nell&#8217;ottobre 2017, una serie di attacchi ribelli nella provincia settentrionale di Cabo Delgado, in Mozambico, ha scatenato un conflitto che ...","og_url":"https:\/\/franciscansinternational.org\/it\/i-francescani-si-preparano-a-sollevare-le-cause-profonde-della-violenza-in-corso-nel-nord-del-mozambico-alle-nazioni-unite\/","og_site_name":"Franciscans International (IT)","article_publisher":"https:\/\/www.facebook.com\/FranciscansInternational\/","article_published_time":"2025-09-02T14:28:14+00:00","article_modified_time":"2025-09-02T14:44:44+00:00","og_image":[{"width":1280,"height":800,"url":"https:\/\/franciscansinternational.org\/it\/wp-content\/uploads\/sites\/2\/2025\/09\/2025_Mozambique_cover.jpg","type":"image\/jpeg"}],"author":"communications","twitter_card":"summary_large_image","twitter_creator":"@FranciscansIntl","twitter_site":"@FranciscansIntl","twitter_misc":{"Scritto da":"communications","Tempo di lettura stimato":"4 minuti"},"schema":{"@context":"https:\/\/schema.org","@graph":[{"@type":"Article","@id":"https:\/\/franciscansinternational.org\/it\/i-francescani-si-preparano-a-sollevare-le-cause-profonde-della-violenza-in-corso-nel-nord-del-mozambico-alle-nazioni-unite\/#article","isPartOf":{"@id":"https:\/\/franciscansinternational.org\/it\/i-francescani-si-preparano-a-sollevare-le-cause-profonde-della-violenza-in-corso-nel-nord-del-mozambico-alle-nazioni-unite\/"},"author":{"name":"communications","@id":"https:\/\/franciscansinternational.org\/it\/#\/schema\/person\/f398f02712a9dcab7603295bc1ea94e4"},"headline":"I francescani si preparano a sollevare le cause profonde della violenza in corso nel nord del Mozambico alle Nazioni Unite","datePublished":"2025-09-02T14:28:14+00:00","dateModified":"2025-09-02T14:44:44+00:00","mainEntityOfPage":{"@id":"https:\/\/franciscansinternational.org\/it\/i-francescani-si-preparano-a-sollevare-le-cause-profonde-della-violenza-in-corso-nel-nord-del-mozambico-alle-nazioni-unite\/"},"wordCount":505,"publisher":{"@id":"https:\/\/franciscansinternational.org\/it\/#organization"},"image":{"@id":"https:\/\/franciscansinternational.org\/it\/i-francescani-si-preparano-a-sollevare-le-cause-profonde-della-violenza-in-corso-nel-nord-del-mozambico-alle-nazioni-unite\/#primaryimage"},"thumbnailUrl":"https:\/\/franciscansinternational.org\/it\/wp-content\/uploads\/sites\/2\/2025\/09\/2025_Mozambique_cover.jpg","keywords":["Pace e diritti umani","Pari dignit\u00e0","Programma Africa"],"articleSection":["Notizie"],"inLanguage":"it-IT"},{"@type":"WebPage","@id":"https:\/\/franciscansinternational.org\/it\/i-francescani-si-preparano-a-sollevare-le-cause-profonde-della-violenza-in-corso-nel-nord-del-mozambico-alle-nazioni-unite\/","url":"https:\/\/franciscansinternational.org\/it\/i-francescani-si-preparano-a-sollevare-le-cause-profonde-della-violenza-in-corso-nel-nord-del-mozambico-alle-nazioni-unite\/","name":"I francescani si preparano a sollevare le cause profonde della violenza in corso nel nord del Mozambico alle Nazioni Unite - Franciscans International (IT)","isPartOf":{"@id":"https:\/\/franciscansinternational.org\/it\/#website"},"primaryImageOfPage":{"@id":"https:\/\/franciscansinternational.org\/it\/i-francescani-si-preparano-a-sollevare-le-cause-profonde-della-violenza-in-corso-nel-nord-del-mozambico-alle-nazioni-unite\/#primaryimage"},"image":{"@id":"https:\/\/franciscansinternational.org\/it\/i-francescani-si-preparano-a-sollevare-le-cause-profonde-della-violenza-in-corso-nel-nord-del-mozambico-alle-nazioni-unite\/#primaryimage"},"thumbnailUrl":"https:\/\/franciscansinternational.org\/it\/wp-content\/uploads\/sites\/2\/2025\/09\/2025_Mozambique_cover.jpg","datePublished":"2025-09-02T14:28:14+00:00","dateModified":"2025-09-02T14:44:44+00:00","breadcrumb":{"@id":"https:\/\/franciscansinternational.org\/it\/i-francescani-si-preparano-a-sollevare-le-cause-profonde-della-violenza-in-corso-nel-nord-del-mozambico-alle-nazioni-unite\/#breadcrumb"},"inLanguage":"it-IT","potentialAction":[{"@type":"ReadAction","target":["https:\/\/franciscansinternational.org\/it\/i-francescani-si-preparano-a-sollevare-le-cause-profonde-della-violenza-in-corso-nel-nord-del-mozambico-alle-nazioni-unite\/"]}]},{"@type":"ImageObject","inLanguage":"it-IT","@id":"https:\/\/franciscansinternational.org\/it\/i-francescani-si-preparano-a-sollevare-le-cause-profonde-della-violenza-in-corso-nel-nord-del-mozambico-alle-nazioni-unite\/#primaryimage","url":"https:\/\/franciscansinternational.org\/it\/wp-content\/uploads\/sites\/2\/2025\/09\/2025_Mozambique_cover.jpg","contentUrl":"https:\/\/franciscansinternational.org\/it\/wp-content\/uploads\/sites\/2\/2025\/09\/2025_Mozambique_cover.jpg","width":1280,"height":800},{"@type":"BreadcrumbList","@id":"https:\/\/franciscansinternational.org\/it\/i-francescani-si-preparano-a-sollevare-le-cause-profonde-della-violenza-in-corso-nel-nord-del-mozambico-alle-nazioni-unite\/#breadcrumb","itemListElement":[{"@type":"ListItem","position":1,"name":"Home","item":"https:\/\/franciscansinternational.org\/it\/"},{"@type":"ListItem","position":2,"name":"I francescani si preparano a sollevare le cause profonde della violenza in corso nel nord del Mozambico alle Nazioni Unite"}]},{"@type":"WebSite","@id":"https:\/\/franciscansinternational.org\/it\/#website","url":"https:\/\/franciscansinternational.org\/it\/","name":"Franciscans International (IT)","description":"Just another Franciscans International site","publisher":{"@id":"https:\/\/franciscansinternational.org\/it\/#organization"},"potentialAction":[{"@type":"SearchAction","target":{"@type":"EntryPoint","urlTemplate":"https:\/\/franciscansinternational.org\/it\/?s={search_term_string}"},"query-input":{"@type":"PropertyValueSpecification","valueRequired":true,"valueName":"search_term_string"}}],"inLanguage":"it-IT"},{"@type":"Organization","@id":"https:\/\/franciscansinternational.org\/it\/#organization","name":"Franciscans International","url":"https:\/\/franciscansinternational.org\/it\/","logo":{"@type":"ImageObject","inLanguage":"it-IT","@id":"https:\/\/franciscansinternational.org\/it\/#\/schema\/logo\/image\/","url":"https:\/\/franciscansinternational.org\/wp-content\/uploads\/sites\/2\/2023\/05\/logo-3.png","contentUrl":"https:\/\/franciscansinternational.org\/wp-content\/uploads\/sites\/2\/2023\/05\/logo-3.png","width":1200,"height":205,"caption":"Franciscans International"},"image":{"@id":"https:\/\/franciscansinternational.org\/it\/#\/schema\/logo\/image\/"},"sameAs":["https:\/\/www.facebook.com\/FranciscansInternational\/","https:\/\/x.com\/FranciscansIntl","https:\/\/www.youtube.com\/channel\/UCexu0i-fWB4wwrlPMCz8_Zg"]},{"@type":"Person","@id":"https:\/\/franciscansinternational.org\/it\/#\/schema\/person\/f398f02712a9dcab7603295bc1ea94e4","name":"communications","image":{"@type":"ImageObject","inLanguage":"it-IT","@id":"https:\/\/secure.gravatar.com\/avatar\/0b4a62226a9b4f7ce621ec49ca40be1e77d886a42ca84b8a0b0697e9ec17dd63?s=96&d=mm&r=g","url":"https:\/\/secure.gravatar.com\/avatar\/0b4a62226a9b4f7ce621ec49ca40be1e77d886a42ca84b8a0b0697e9ec17dd63?s=96&d=mm&r=g","contentUrl":"https:\/\/secure.gravatar.com\/avatar\/0b4a62226a9b4f7ce621ec49ca40be1e77d886a42ca84b8a0b0697e9ec17dd63?s=96&d=mm&r=g","caption":"communications"},"url":"https:\/\/franciscansinternational.org\/it\/author\/communications\/"}]}},"jetpack_featured_media_url":"https:\/\/franciscansinternational.org\/it\/wp-content\/uploads\/sites\/2\/2025\/09\/2025_Mozambique_cover.jpg","jetpack_sharing_enabled":true,"_links":{"self":[{"href":"https:\/\/franciscansinternational.org\/it\/wp-json\/wp\/v2\/posts\/848","targetHints":{"allow":["GET"]}}],"collection":[{"href":"https:\/\/franciscansinternational.org\/it\/wp-json\/wp\/v2\/posts"}],"about":[{"href":"https:\/\/franciscansinternational.org\/it\/wp-json\/wp\/v2\/types\/post"}],"author":[{"embeddable":true,"href":"https:\/\/franciscansinternational.org\/it\/wp-json\/wp\/v2\/users\/3"}],"replies":[{"embeddable":true,"href":"https:\/\/franciscansinternational.org\/it\/wp-json\/wp\/v2\/comments?post=848"}],"version-history":[{"count":3,"href":"https:\/\/franciscansinternational.org\/it\/wp-json\/wp\/v2\/posts\/848\/revisions"}],"predecessor-version":[{"id":865,"href":"https:\/\/franciscansinternational.org\/it\/wp-json\/wp\/v2\/posts\/848\/revisions\/865"}],"wp:featuredmedia":[{"embeddable":true,"href":"https:\/\/franciscansinternational.org\/it\/wp-json\/wp\/v2\/media\/855"}],"wp:attachment":[{"href":"https:\/\/franciscansinternational.org\/it\/wp-json\/wp\/v2\/media?parent=848"}],"wp:term":[{"taxonomy":"category","embeddable":true,"href":"https:\/\/franciscansinternational.org\/it\/wp-json\/wp\/v2\/categories?post=848"},{"taxonomy":"post_tag","embeddable":true,"href":"https:\/\/franciscansinternational.org\/it\/wp-json\/wp\/v2\/tags?post=848"}],"curies":[{"name":"wp","href":"https:\/\/api.w.org\/{rel}","templated":true}]}}