{"id":178,"date":"2022-08-24T10:41:00","date_gmt":"2022-08-24T10:41:00","guid":{"rendered":"https:\/\/franciscansinternational.kinsta.cloud\/pt\/?p=178"},"modified":"2023-03-22T10:43:49","modified_gmt":"2023-03-22T10:43:49","slug":"um-conflito-esquecido-no-norte-de-mocambique","status":"publish","type":"post","link":"https:\/\/franciscansinternational.org\/pt\/um-conflito-esquecido-no-norte-de-mocambique\/","title":{"rendered":"Um conflito esquecido no norte de Mo\u00e7ambique"},"content":{"rendered":"\n<p>Em outubro de 2017, insurgentes na prov\u00edncia de Cabo Delgado, no norte de Mo\u00e7ambique, desencadearam um conflito violento no qual pelo menos 3.000 pessoas foram mortas at\u00e9 agora. Desde o in\u00edcio do conflito, mais de 800.000 pessoas fugiram desse terror, com a maioria se dirigindo \u00e0 prov\u00edncia vizinha de Nampula. As irm\u00e3s Franciscanas est\u00e3o entre os que apoiam esses deslocadosinternos (IDPs), tentando resolver a falta de comida, \u00e1gua, moradia, educa\u00e7\u00e3o, a preval\u00eancia de traumas e uma s\u00e9rie de outras quest\u00f5es de direitos humanos.<br><br>\u201cA moral est\u00e1 muito baixa, ent\u00e3o esse \u00e9 um grande desafio que enfrentamos\u201d, diz Irm\u00e3 Theresa, das Franciscanas Mission\u00e1rias de Maria que, como parte de seu trabalho, oferece aconselhamento a deslocados internos. \u201cComo elevamos o esp\u00edrito das pessoas \u2013 para sentirem que elas ainda s\u00e3o pessoas, com dignidade e respeito?\u201d<br><br>Apesar do afluxo de tropas estrangeiras para combater a insurg\u00eancia, a viol\u00eancia em Cabo Delgado continua amplamente subnotificada e as consequ\u00eancias continuam n\u00e3o tratadas. Os Franciscanos em Mo\u00e7ambique est\u00e3o agora olhando para a comunidade internacional em busca de ajuda. No in\u00edcio deste ano, eles receberam uma delega\u00e7\u00e3o da Franciscans International para explorar como eles podem apresentar seu caso \u00e0s Na\u00e7\u00f5es Unidas.<br><br>Esta delega\u00e7\u00e3o visitou dois campos de deslocados internos em Nampula, onde as pessoas come\u00e7am agora a estabelecer-se permanentemente. Aqui, as condi\u00e7\u00f5es de vida continuam dif\u00edceis e o acesso \u00e0 alimenta\u00e7\u00e3o, sa\u00fade e educa\u00e7\u00e3o s\u00e3o escassos. Eventos clim\u00e1ticos extremos, incluindo o ciclone Idai, pioraram ainda mais a situa\u00e7\u00e3o. No entanto, com a &#8216;emerg\u00eancia&#8217; imediata encerrada, as organiza\u00e7\u00f5es humanit\u00e1rias internacionais come\u00e7aram a se retirar, e a igreja \u00e9 um dos principais doadores que restam para prestar assist\u00eancia \u00e0 popula\u00e7\u00e3o.<br><br>Como parte da miss\u00e3o, a FI tamb\u00e9m realizou dois workshops para mapear os desafios enfrentados pelos Franciscanos locais e identificar suas necessidades para ajudar a melhorar a situa\u00e7\u00e3o dos deslocados internos que apoiam. Como segundo passo, os participantes exploraram poss\u00edveis caminhos para apresentar seu caso por meio dos diferentes mecanismos de direitos humanos nas Na\u00e7\u00f5es Unidas.<br><br>Embora a prioridade imediata da colabora\u00e7\u00e3o entre os Franciscanos em Mo\u00e7ambique e a FI se concentre na situa\u00e7\u00e3o dos deslocados internos, tamb\u00e9m h\u00e1 a busca de solu\u00e7\u00f5es de longo prazo para enfrentar a crise em Cabo Delgado. Apesar da insurg\u00eancia isl\u00e2mica, muitas das queixas subjacentes que deram origem \u00e0 viol\u00eancia est\u00e3o enraizadas em desigualdades socioecon\u00f4micas persistentes e de longo prazo.<br><br>\u201cEm \u00faltima an\u00e1lise, a situa\u00e7\u00e3o em Cabo Delgado levanta tamb\u00e9m as quest\u00f5es da distribui\u00e7\u00e3o da riqueza entre a popula\u00e7\u00e3o local que n\u00e3o se beneficiou da explora\u00e7\u00e3o das reservas de g\u00e1s na prov\u00edncia\u201d, afirma Micka\u00ebl Repellin, coordenador regional do programa da FI para \u00c1frica. \u201cPara enfrentar o conflito, devemos garantir um melhor gozo dos direitos econ\u00f4micos, sociais e culturais das pessoas atualmente exclu\u00eddas e vivendo em extrema pobreza.\u201d<\/p>\n","protected":false},"excerpt":{"rendered":"<p>Os Franciscanos em Mo\u00e7ambique acolhem a delega\u00e7\u00e3o da FI para levantar as causas e as consequ\u00eancias da viol\u00eancia em Cabo Delgado nas Na\u00e7\u00f5es Unidas.<\/p>\n","protected":false},"author":3,"featured_media":179,"comment_status":"open","ping_status":"closed","sticky":false,"template":"","format":"standard","meta":{"_relevanssi_hide_post":"","_relevanssi_hide_content":"","_relevanssi_pin_for_all":"","_relevanssi_pin_keywords":"","_relevanssi_unpin_keywords":"","_relevanssi_related_keywords":"","_relevanssi_related_include_ids":"","_relevanssi_related_exclude_ids":"","_relevanssi_related_no_append":"","_relevanssi_related_not_related":"","_relevanssi_related_posts":"146,108,1,115,117,110","_relevanssi_noindex_reason":"","_jetpack_memberships_contains_paid_content":false,"footnotes":""},"categories":[1],"tags":[26,30,23],"class_list":["post-178","post","type-post","status-publish","format-standard","has-post-thumbnail","hentry","category-noticias","tag-justica-ambiental","tag-paz-direitos-humanos","tag-programa-para-a-africa"],"acf":[],"yoast_head":"<!-- This site is optimized with the Yoast SEO plugin v27.5 - https:\/\/yoast.com\/product\/yoast-seo-wordpress\/ -->\n<title>Um conflito esquecido no norte de Mo\u00e7ambique - Franciscans International (PT)<\/title>\n<meta name=\"robots\" content=\"index, follow, max-snippet:-1, max-image-preview:large, max-video-preview:-1\" \/>\n<link rel=\"canonical\" href=\"https:\/\/franciscansinternational.org\/pt\/um-conflito-esquecido-no-norte-de-mocambique\/\" \/>\n<meta property=\"og:locale\" content=\"pt_PT\" \/>\n<meta property=\"og:type\" content=\"article\" \/>\n<meta property=\"og:title\" content=\"Um conflito esquecido no norte de Mo\u00e7ambique - Franciscans International (PT)\" \/>\n<meta property=\"og:description\" content=\"Os Franciscanos em Mo\u00e7ambique acolhem a delega\u00e7\u00e3o da FI para levantar as causas e as consequ\u00eancias da viol\u00eancia em Cabo Delgado nas Na\u00e7\u00f5es Unidas.\" \/>\n<meta property=\"og:url\" content=\"https:\/\/franciscansinternational.org\/pt\/um-conflito-esquecido-no-norte-de-mocambique\/\" \/>\n<meta property=\"og:site_name\" content=\"Franciscans International (PT)\" \/>\n<meta property=\"article:publisher\" content=\"https:\/\/www.facebook.com\/FranciscansInternational\/\" \/>\n<meta property=\"article:published_time\" content=\"2022-08-24T10:41:00+00:00\" \/>\n<meta property=\"article:modified_time\" content=\"2023-03-22T10:43:49+00:00\" \/>\n<meta property=\"og:image\" content=\"https:\/\/franciscansinternational.org\/wp-content\/uploads\/sites\/5\/2023\/03\/csm_5_Mozambique_thumb_9bccbbbc7c.jpg\" \/>\n\t<meta property=\"og:image:width\" content=\"1680\" \/>\n\t<meta property=\"og:image:height\" content=\"1260\" \/>\n\t<meta property=\"og:image:type\" content=\"image\/jpeg\" \/>\n<meta name=\"author\" content=\"communications\" \/>\n<meta name=\"twitter:card\" content=\"summary_large_image\" \/>\n<meta name=\"twitter:creator\" content=\"@FranciscansIntl\" \/>\n<meta name=\"twitter:site\" content=\"@FranciscansIntl\" \/>\n<meta name=\"twitter:label1\" content=\"Escrito por\" \/>\n\t<meta name=\"twitter:data1\" content=\"communications\" \/>\n\t<meta name=\"twitter:label2\" content=\"Tempo estimado de leitura\" \/>\n\t<meta name=\"twitter:data2\" content=\"3 minutos\" \/>\n<script type=\"application\/ld+json\" class=\"yoast-schema-graph\">{\"@context\":\"https:\\\/\\\/schema.org\",\"@graph\":[{\"@type\":\"Article\",\"@id\":\"https:\\\/\\\/franciscansinternational.org\\\/pt\\\/um-conflito-esquecido-no-norte-de-mocambique\\\/#article\",\"isPartOf\":{\"@id\":\"https:\\\/\\\/franciscansinternational.org\\\/pt\\\/um-conflito-esquecido-no-norte-de-mocambique\\\/\"},\"author\":{\"name\":\"communications\",\"@id\":\"https:\\\/\\\/franciscansinternational.org\\\/pt\\\/#\\\/schema\\\/person\\\/f398f02712a9dcab7603295bc1ea94e4\"},\"headline\":\"Um conflito esquecido no norte de Mo\u00e7ambique\",\"datePublished\":\"2022-08-24T10:41:00+00:00\",\"dateModified\":\"2023-03-22T10:43:49+00:00\",\"mainEntityOfPage\":{\"@id\":\"https:\\\/\\\/franciscansinternational.org\\\/pt\\\/um-conflito-esquecido-no-norte-de-mocambique\\\/\"},\"wordCount\":519,\"commentCount\":0,\"publisher\":{\"@id\":\"https:\\\/\\\/franciscansinternational.org\\\/pt\\\/#organization\"},\"image\":{\"@id\":\"https:\\\/\\\/franciscansinternational.org\\\/pt\\\/um-conflito-esquecido-no-norte-de-mocambique\\\/#primaryimage\"},\"thumbnailUrl\":\"https:\\\/\\\/franciscansinternational.org\\\/pt\\\/wp-content\\\/uploads\\\/sites\\\/5\\\/2023\\\/03\\\/csm_5_Mozambique_thumb_9bccbbbc7c.jpg\",\"keywords\":[\"Justi\u00e7a Ambiental\",\"Paz &amp; Direitos Humanos\",\"Programa para a \u00c1frica\"],\"articleSection\":[\"Not\u00edcias\"],\"inLanguage\":\"pt-PT\",\"potentialAction\":[{\"@type\":\"CommentAction\",\"name\":\"Comment\",\"target\":[\"https:\\\/\\\/franciscansinternational.org\\\/pt\\\/um-conflito-esquecido-no-norte-de-mocambique\\\/#respond\"]}]},{\"@type\":\"WebPage\",\"@id\":\"https:\\\/\\\/franciscansinternational.org\\\/pt\\\/um-conflito-esquecido-no-norte-de-mocambique\\\/\",\"url\":\"https:\\\/\\\/franciscansinternational.org\\\/pt\\\/um-conflito-esquecido-no-norte-de-mocambique\\\/\",\"name\":\"Um conflito esquecido no norte de Mo\u00e7ambique - Franciscans International (PT)\",\"isPartOf\":{\"@id\":\"https:\\\/\\\/franciscansinternational.org\\\/pt\\\/#website\"},\"primaryImageOfPage\":{\"@id\":\"https:\\\/\\\/franciscansinternational.org\\\/pt\\\/um-conflito-esquecido-no-norte-de-mocambique\\\/#primaryimage\"},\"image\":{\"@id\":\"https:\\\/\\\/franciscansinternational.org\\\/pt\\\/um-conflito-esquecido-no-norte-de-mocambique\\\/#primaryimage\"},\"thumbnailUrl\":\"https:\\\/\\\/franciscansinternational.org\\\/pt\\\/wp-content\\\/uploads\\\/sites\\\/5\\\/2023\\\/03\\\/csm_5_Mozambique_thumb_9bccbbbc7c.jpg\",\"datePublished\":\"2022-08-24T10:41:00+00:00\",\"dateModified\":\"2023-03-22T10:43:49+00:00\",\"breadcrumb\":{\"@id\":\"https:\\\/\\\/franciscansinternational.org\\\/pt\\\/um-conflito-esquecido-no-norte-de-mocambique\\\/#breadcrumb\"},\"inLanguage\":\"pt-PT\",\"potentialAction\":[{\"@type\":\"ReadAction\",\"target\":[\"https:\\\/\\\/franciscansinternational.org\\\/pt\\\/um-conflito-esquecido-no-norte-de-mocambique\\\/\"]}]},{\"@type\":\"ImageObject\",\"inLanguage\":\"pt-PT\",\"@id\":\"https:\\\/\\\/franciscansinternational.org\\\/pt\\\/um-conflito-esquecido-no-norte-de-mocambique\\\/#primaryimage\",\"url\":\"https:\\\/\\\/franciscansinternational.org\\\/pt\\\/wp-content\\\/uploads\\\/sites\\\/5\\\/2023\\\/03\\\/csm_5_Mozambique_thumb_9bccbbbc7c.jpg\",\"contentUrl\":\"https:\\\/\\\/franciscansinternational.org\\\/pt\\\/wp-content\\\/uploads\\\/sites\\\/5\\\/2023\\\/03\\\/csm_5_Mozambique_thumb_9bccbbbc7c.jpg\",\"width\":1680,\"height\":1260},{\"@type\":\"BreadcrumbList\",\"@id\":\"https:\\\/\\\/franciscansinternational.org\\\/pt\\\/um-conflito-esquecido-no-norte-de-mocambique\\\/#breadcrumb\",\"itemListElement\":[{\"@type\":\"ListItem\",\"position\":1,\"name\":\"Home\",\"item\":\"https:\\\/\\\/franciscansinternational.org\\\/pt\\\/\"},{\"@type\":\"ListItem\",\"position\":2,\"name\":\"Um conflito esquecido no norte de Mo\u00e7ambique\"}]},{\"@type\":\"WebSite\",\"@id\":\"https:\\\/\\\/franciscansinternational.org\\\/pt\\\/#website\",\"url\":\"https:\\\/\\\/franciscansinternational.org\\\/pt\\\/\",\"name\":\"Franciscans International (PT)\",\"description\":\"Just another Franciscans International site\",\"publisher\":{\"@id\":\"https:\\\/\\\/franciscansinternational.org\\\/pt\\\/#organization\"},\"potentialAction\":[{\"@type\":\"SearchAction\",\"target\":{\"@type\":\"EntryPoint\",\"urlTemplate\":\"https:\\\/\\\/franciscansinternational.org\\\/pt\\\/?s={search_term_string}\"},\"query-input\":{\"@type\":\"PropertyValueSpecification\",\"valueRequired\":true,\"valueName\":\"search_term_string\"}}],\"inLanguage\":\"pt-PT\"},{\"@type\":\"Organization\",\"@id\":\"https:\\\/\\\/franciscansinternational.org\\\/pt\\\/#organization\",\"name\":\"Franciscans International (PT)\",\"url\":\"https:\\\/\\\/franciscansinternational.org\\\/pt\\\/\",\"logo\":{\"@type\":\"ImageObject\",\"inLanguage\":\"pt-PT\",\"@id\":\"https:\\\/\\\/franciscansinternational.org\\\/pt\\\/#\\\/schema\\\/logo\\\/image\\\/\",\"url\":\"https:\\\/\\\/franciscansinternational.org\\\/wp-content\\\/uploads\\\/sites\\\/5\\\/2023\\\/05\\\/logo-3.png\",\"contentUrl\":\"https:\\\/\\\/franciscansinternational.org\\\/wp-content\\\/uploads\\\/sites\\\/5\\\/2023\\\/05\\\/logo-3.png\",\"width\":1200,\"height\":205,\"caption\":\"Franciscans International (PT)\"},\"image\":{\"@id\":\"https:\\\/\\\/franciscansinternational.org\\\/pt\\\/#\\\/schema\\\/logo\\\/image\\\/\"},\"sameAs\":[\"https:\\\/\\\/www.facebook.com\\\/FranciscansInternational\\\/\",\"https:\\\/\\\/x.com\\\/FranciscansIntl\",\"https:\\\/\\\/www.youtube.com\\\/channel\\\/UCexu0i-fWB4wwrlPMCz8_Zg\"]},{\"@type\":\"Person\",\"@id\":\"https:\\\/\\\/franciscansinternational.org\\\/pt\\\/#\\\/schema\\\/person\\\/f398f02712a9dcab7603295bc1ea94e4\",\"name\":\"communications\",\"image\":{\"@type\":\"ImageObject\",\"inLanguage\":\"pt-PT\",\"@id\":\"https:\\\/\\\/secure.gravatar.com\\\/avatar\\\/0b4a62226a9b4f7ce621ec49ca40be1e77d886a42ca84b8a0b0697e9ec17dd63?s=96&d=mm&r=g\",\"url\":\"https:\\\/\\\/secure.gravatar.com\\\/avatar\\\/0b4a62226a9b4f7ce621ec49ca40be1e77d886a42ca84b8a0b0697e9ec17dd63?s=96&d=mm&r=g\",\"contentUrl\":\"https:\\\/\\\/secure.gravatar.com\\\/avatar\\\/0b4a62226a9b4f7ce621ec49ca40be1e77d886a42ca84b8a0b0697e9ec17dd63?s=96&d=mm&r=g\",\"caption\":\"communications\"},\"url\":\"https:\\\/\\\/franciscansinternational.org\\\/pt\\\/author\\\/communications\\\/\"}]}<\/script>\n<!-- \/ Yoast SEO plugin. -->","yoast_head_json":{"title":"Um conflito esquecido no norte de Mo\u00e7ambique - Franciscans International (PT)","robots":{"index":"index","follow":"follow","max-snippet":"max-snippet:-1","max-image-preview":"max-image-preview:large","max-video-preview":"max-video-preview:-1"},"canonical":"https:\/\/franciscansinternational.org\/pt\/um-conflito-esquecido-no-norte-de-mocambique\/","og_locale":"pt_PT","og_type":"article","og_title":"Um conflito esquecido no norte de Mo\u00e7ambique - Franciscans International (PT)","og_description":"Os Franciscanos em Mo\u00e7ambique acolhem a delega\u00e7\u00e3o da FI para levantar as causas e as consequ\u00eancias da viol\u00eancia em Cabo Delgado nas Na\u00e7\u00f5es Unidas.","og_url":"https:\/\/franciscansinternational.org\/pt\/um-conflito-esquecido-no-norte-de-mocambique\/","og_site_name":"Franciscans International (PT)","article_publisher":"https:\/\/www.facebook.com\/FranciscansInternational\/","article_published_time":"2022-08-24T10:41:00+00:00","article_modified_time":"2023-03-22T10:43:49+00:00","og_image":[{"width":1680,"height":1260,"url":"https:\/\/franciscansinternational.org\/wp-content\/uploads\/sites\/5\/2023\/03\/csm_5_Mozambique_thumb_9bccbbbc7c.jpg","type":"image\/jpeg"}],"author":"communications","twitter_card":"summary_large_image","twitter_creator":"@FranciscansIntl","twitter_site":"@FranciscansIntl","twitter_misc":{"Escrito por":"communications","Tempo estimado de leitura":"3 minutos"},"schema":{"@context":"https:\/\/schema.org","@graph":[{"@type":"Article","@id":"https:\/\/franciscansinternational.org\/pt\/um-conflito-esquecido-no-norte-de-mocambique\/#article","isPartOf":{"@id":"https:\/\/franciscansinternational.org\/pt\/um-conflito-esquecido-no-norte-de-mocambique\/"},"author":{"name":"communications","@id":"https:\/\/franciscansinternational.org\/pt\/#\/schema\/person\/f398f02712a9dcab7603295bc1ea94e4"},"headline":"Um conflito esquecido no norte de Mo\u00e7ambique","datePublished":"2022-08-24T10:41:00+00:00","dateModified":"2023-03-22T10:43:49+00:00","mainEntityOfPage":{"@id":"https:\/\/franciscansinternational.org\/pt\/um-conflito-esquecido-no-norte-de-mocambique\/"},"wordCount":519,"commentCount":0,"publisher":{"@id":"https:\/\/franciscansinternational.org\/pt\/#organization"},"image":{"@id":"https:\/\/franciscansinternational.org\/pt\/um-conflito-esquecido-no-norte-de-mocambique\/#primaryimage"},"thumbnailUrl":"https:\/\/franciscansinternational.org\/pt\/wp-content\/uploads\/sites\/5\/2023\/03\/csm_5_Mozambique_thumb_9bccbbbc7c.jpg","keywords":["Justi\u00e7a Ambiental","Paz &amp; Direitos Humanos","Programa para a \u00c1frica"],"articleSection":["Not\u00edcias"],"inLanguage":"pt-PT","potentialAction":[{"@type":"CommentAction","name":"Comment","target":["https:\/\/franciscansinternational.org\/pt\/um-conflito-esquecido-no-norte-de-mocambique\/#respond"]}]},{"@type":"WebPage","@id":"https:\/\/franciscansinternational.org\/pt\/um-conflito-esquecido-no-norte-de-mocambique\/","url":"https:\/\/franciscansinternational.org\/pt\/um-conflito-esquecido-no-norte-de-mocambique\/","name":"Um conflito esquecido no norte de Mo\u00e7ambique - Franciscans International (PT)","isPartOf":{"@id":"https:\/\/franciscansinternational.org\/pt\/#website"},"primaryImageOfPage":{"@id":"https:\/\/franciscansinternational.org\/pt\/um-conflito-esquecido-no-norte-de-mocambique\/#primaryimage"},"image":{"@id":"https:\/\/franciscansinternational.org\/pt\/um-conflito-esquecido-no-norte-de-mocambique\/#primaryimage"},"thumbnailUrl":"https:\/\/franciscansinternational.org\/pt\/wp-content\/uploads\/sites\/5\/2023\/03\/csm_5_Mozambique_thumb_9bccbbbc7c.jpg","datePublished":"2022-08-24T10:41:00+00:00","dateModified":"2023-03-22T10:43:49+00:00","breadcrumb":{"@id":"https:\/\/franciscansinternational.org\/pt\/um-conflito-esquecido-no-norte-de-mocambique\/#breadcrumb"},"inLanguage":"pt-PT","potentialAction":[{"@type":"ReadAction","target":["https:\/\/franciscansinternational.org\/pt\/um-conflito-esquecido-no-norte-de-mocambique\/"]}]},{"@type":"ImageObject","inLanguage":"pt-PT","@id":"https:\/\/franciscansinternational.org\/pt\/um-conflito-esquecido-no-norte-de-mocambique\/#primaryimage","url":"https:\/\/franciscansinternational.org\/pt\/wp-content\/uploads\/sites\/5\/2023\/03\/csm_5_Mozambique_thumb_9bccbbbc7c.jpg","contentUrl":"https:\/\/franciscansinternational.org\/pt\/wp-content\/uploads\/sites\/5\/2023\/03\/csm_5_Mozambique_thumb_9bccbbbc7c.jpg","width":1680,"height":1260},{"@type":"BreadcrumbList","@id":"https:\/\/franciscansinternational.org\/pt\/um-conflito-esquecido-no-norte-de-mocambique\/#breadcrumb","itemListElement":[{"@type":"ListItem","position":1,"name":"Home","item":"https:\/\/franciscansinternational.org\/pt\/"},{"@type":"ListItem","position":2,"name":"Um conflito esquecido no norte de Mo\u00e7ambique"}]},{"@type":"WebSite","@id":"https:\/\/franciscansinternational.org\/pt\/#website","url":"https:\/\/franciscansinternational.org\/pt\/","name":"Franciscans International (PT)","description":"Just another Franciscans International site","publisher":{"@id":"https:\/\/franciscansinternational.org\/pt\/#organization"},"potentialAction":[{"@type":"SearchAction","target":{"@type":"EntryPoint","urlTemplate":"https:\/\/franciscansinternational.org\/pt\/?s={search_term_string}"},"query-input":{"@type":"PropertyValueSpecification","valueRequired":true,"valueName":"search_term_string"}}],"inLanguage":"pt-PT"},{"@type":"Organization","@id":"https:\/\/franciscansinternational.org\/pt\/#organization","name":"Franciscans International (PT)","url":"https:\/\/franciscansinternational.org\/pt\/","logo":{"@type":"ImageObject","inLanguage":"pt-PT","@id":"https:\/\/franciscansinternational.org\/pt\/#\/schema\/logo\/image\/","url":"https:\/\/franciscansinternational.org\/wp-content\/uploads\/sites\/5\/2023\/05\/logo-3.png","contentUrl":"https:\/\/franciscansinternational.org\/wp-content\/uploads\/sites\/5\/2023\/05\/logo-3.png","width":1200,"height":205,"caption":"Franciscans International (PT)"},"image":{"@id":"https:\/\/franciscansinternational.org\/pt\/#\/schema\/logo\/image\/"},"sameAs":["https:\/\/www.facebook.com\/FranciscansInternational\/","https:\/\/x.com\/FranciscansIntl","https:\/\/www.youtube.com\/channel\/UCexu0i-fWB4wwrlPMCz8_Zg"]},{"@type":"Person","@id":"https:\/\/franciscansinternational.org\/pt\/#\/schema\/person\/f398f02712a9dcab7603295bc1ea94e4","name":"communications","image":{"@type":"ImageObject","inLanguage":"pt-PT","@id":"https:\/\/secure.gravatar.com\/avatar\/0b4a62226a9b4f7ce621ec49ca40be1e77d886a42ca84b8a0b0697e9ec17dd63?s=96&d=mm&r=g","url":"https:\/\/secure.gravatar.com\/avatar\/0b4a62226a9b4f7ce621ec49ca40be1e77d886a42ca84b8a0b0697e9ec17dd63?s=96&d=mm&r=g","contentUrl":"https:\/\/secure.gravatar.com\/avatar\/0b4a62226a9b4f7ce621ec49ca40be1e77d886a42ca84b8a0b0697e9ec17dd63?s=96&d=mm&r=g","caption":"communications"},"url":"https:\/\/franciscansinternational.org\/pt\/author\/communications\/"}]}},"jetpack_featured_media_url":"https:\/\/franciscansinternational.org\/pt\/wp-content\/uploads\/sites\/5\/2023\/03\/csm_5_Mozambique_thumb_9bccbbbc7c.jpg","jetpack_sharing_enabled":true,"_links":{"self":[{"href":"https:\/\/franciscansinternational.org\/pt\/wp-json\/wp\/v2\/posts\/178","targetHints":{"allow":["GET"]}}],"collection":[{"href":"https:\/\/franciscansinternational.org\/pt\/wp-json\/wp\/v2\/posts"}],"about":[{"href":"https:\/\/franciscansinternational.org\/pt\/wp-json\/wp\/v2\/types\/post"}],"author":[{"embeddable":true,"href":"https:\/\/franciscansinternational.org\/pt\/wp-json\/wp\/v2\/users\/3"}],"replies":[{"embeddable":true,"href":"https:\/\/franciscansinternational.org\/pt\/wp-json\/wp\/v2\/comments?post=178"}],"version-history":[{"count":2,"href":"https:\/\/franciscansinternational.org\/pt\/wp-json\/wp\/v2\/posts\/178\/revisions"}],"predecessor-version":[{"id":181,"href":"https:\/\/franciscansinternational.org\/pt\/wp-json\/wp\/v2\/posts\/178\/revisions\/181"}],"wp:featuredmedia":[{"embeddable":true,"href":"https:\/\/franciscansinternational.org\/pt\/wp-json\/wp\/v2\/media\/179"}],"wp:attachment":[{"href":"https:\/\/franciscansinternational.org\/pt\/wp-json\/wp\/v2\/media?parent=178"}],"wp:term":[{"taxonomy":"category","embeddable":true,"href":"https:\/\/franciscansinternational.org\/pt\/wp-json\/wp\/v2\/categories?post=178"},{"taxonomy":"post_tag","embeddable":true,"href":"https:\/\/franciscansinternational.org\/pt\/wp-json\/wp\/v2\/tags?post=178"}],"curies":[{"name":"wp","href":"https:\/\/api.w.org\/{rel}","templated":true}]}}