{"id":291,"date":"2023-06-06T12:02:46","date_gmt":"2023-06-06T12:02:46","guid":{"rendered":"https:\/\/franciscansinternational.org\/pt\/?p=291"},"modified":"2023-07-18T07:49:50","modified_gmt":"2023-07-18T07:49:50","slug":"franciscanos-na-vanguarda-dos-direitos-humanos-irmao-rodrigo-peret-ofm","status":"publish","type":"post","link":"https:\/\/franciscansinternational.org\/pt\/franciscanos-na-vanguarda-dos-direitos-humanos-irmao-rodrigo-peret-ofm\/","title":{"rendered":"Franciscanos na vanguarda dos direitos humanos: Irm\u00e3o Rodrigo P\u00e9ret OFM"},"content":{"rendered":"\n<p>No Brasil, o governo de Jair Bolsonaro (2019-2022) pressionou por mais minera\u00e7\u00e3o, inclusive em terras ind\u00edgenas protegidas. Essas medidas regressivas aceleraram n\u00e3o apenas o desmatamento, mas tamb\u00e9m a perda de biodiversidade, a contamina\u00e7\u00e3o das fontes de \u00e1gua por merc\u00fario, a inseguran\u00e7a alimentar e os riscos \u00e0 sa\u00fade das popula\u00e7\u00f5es locais. Desde que o presidente Luiz In\u00e1cio Lula da Silva assumiu o cargo no in\u00edcio do ano, o novo governo brasileiro se comprometeu a retirar os garimpeiros ilegais das terras ind\u00edgenas e levar assist\u00eancia m\u00e9dica \u00e0s popula\u00e7\u00f5es afetadas, <a href=\"https:\/\/e360.yale.edu\/features\/brazil-yanomami-mining-malaria-malnutrition-lula#:~:text=The%20onslaught%20of%20illegal%20miners,moving%20to%20evict%20the%20miners.\">especialmente no territ\u00f3rio Yanomami<\/a>.&nbsp;<\/p>\n\n\n\n<p>Conhe\u00e7a o Irm\u00e3o Rodrigo P\u00e9ret OFM, que vive no estado de Minas Gerais, conhecido como o &#8220;dep\u00f3sito&#8221; de riquezas minerais no solo. FI discutiu seu trabalho sobre as viola\u00e7\u00f5es ambientais e de direitos humanos decorrentes da minera\u00e7\u00e3o ilegal e como a mudan\u00e7a de administra\u00e7\u00e3o \u00e9 uma oportunidade para uma melhor responsabiliza\u00e7\u00e3o da ind\u00fastria extrativa, mais recentemente por meio do mecanismo de <a href=\"https:\/\/franciscansinternational.org\/wp-content\/uploads\/2023\/03\/HRC52_Item6_Brazil.pdf\">Revis\u00e3o Peri\u00f3dica Universal (UPR) da ONU<\/a>.&nbsp;<\/p>\n\n\n\n<p class=\"has-medium-font-size\"><\/p>\n\n\n\n<p class=\"has-medium-font-size\"><strong>Voc\u00ea poderia se apresentar e explicar seu trabalho, especialmente sobre quest\u00f5es de minera\u00e7\u00e3o?<\/strong><\/p>\n\n\n\n<p>Meu nome \u00e9 Rodrigo, sou um irm\u00e3o franciscano que mora na cidade brasileira de Uberl\u00e2ndia e perten\u00e7o \u00e0 Cust\u00f3dia Franciscana do Sagrado Cora\u00e7\u00e3o. Nasci no estado de Minas Gerais, onde dois grandes desastres de minera\u00e7\u00e3o (2015 e 2019) mataram ao todo 291 pessoas, destru\u00edram duas bacias hidrogr\u00e1ficas e afetaram milhares de pessoas. Desde ent\u00e3o, nenhuma repara\u00e7\u00e3o real ou justi\u00e7a aconteceu. Tamb\u00e9m trabalho desde a d\u00e9cada de 1980 com conflitos de terra e reforma agr\u00e1ria porque muitas pessoas dependem da terra para sobreviver, seja para moradia ou para produzir alimentos. Mais tarde, comecei a abordar quest\u00f5es relacionadas \u00e0 minera\u00e7\u00e3o porque, em Minas Gerais, a extra\u00e7\u00e3o de rochas fosf\u00e1ticas, ni\u00f3bio e elementos de terras raras est\u00e1 causando impactos ambientais significativos. Vale ressaltar que essa \u00e1rea fica no bioma Cerrado, que cobre 25% do Brasil e \u00e9 um dos ecossistemas mais importantes do mundo.&nbsp;<\/p>\n\n\n\n<p class=\"has-medium-font-size\"><strong>O que o inspirou a iniciar esse trabalho? E como isso se relaciona com seu chamado como irm\u00e3o franciscano?<\/strong><\/p>\n\n\n\n<p>Minha inspira\u00e7\u00e3o vem de Francisco. Quando ele abra\u00e7ou os leprosos, isso significava que ele abra\u00e7ava todos os exclu\u00eddos. <strong><em>Quando me mudei para o estado de Minas Gerais, na regi\u00e3o do Tri\u00e2ngulo Mineiro, fiquei pensando em quem s\u00e3o os exclu\u00eddos de nossa sociedade &#8211; aqueles a quem tenho de dedicar minha vida como pessoa consagrada.<\/em><\/strong> Isso n\u00e3o \u00e9 algo que fa\u00e7o apenas para trabalhar, \u00e9 tamb\u00e9m um modo de vida. Estudei engenharia civil, o que me ajudou a compreender melhor as quest\u00f5es ambientais e de minera\u00e7\u00e3o e, assim, servir melhor \u00e0s pessoas. Entendo minha vida a partir dessa perspectiva, um evangelho que tem uma dimens\u00e3o social e ambiental.&nbsp;<\/p>\n\n\n\n<p class=\"has-medium-font-size\"><strong>Na sua opini\u00e3o, quais s\u00e3o alguns dos principais desafios que estamos enfrentando hoje?<\/strong><\/p>\n\n\n\n<p>Acho que o principal desafio \u00e9 como nos entendermos em um mundo consumista. Hoje em dia, falamos sobre a transi\u00e7\u00e3o energ\u00e9tica para a chamada &#8220;energia limpa&#8221;. Mas se o l\u00edtio e outros elementos &#8211; metais e minerais &#8211; s\u00e3o necess\u00e1rios para desenvolver essas tecnologias, isso significa aumentar a minera\u00e7\u00e3o, o que exercer\u00e1 mais press\u00e3o sobre os territ\u00f3rios, resultando em mais conflitos e destrui\u00e7\u00e3o. O segundo desafio \u00e9 como abordar aqueles que est\u00e3o sofrendo mais com as mudan\u00e7as clim\u00e1ticas. Como ela n\u00e3o tem o mesmo impacto em todos os lugares e em todos, isso \u00e9 algo que precisamos abordar. O \u00faltimo desafio \u00e9 como construir um novo mundo a partir disso, com mais respeito por este planeta, a M\u00e3e Terra, que nos alimenta e governa.&nbsp;<\/p>\n\n\n\n<p class=\"has-medium-font-size\"><strong>O que voc\u00ea diria que \u00e9 sua maior conquista?<\/strong><\/p>\n\n\n\n<p>\u00c9 entender que Deus est\u00e1 em toda parte. Mesmo na pobreza extrema, as pessoas t\u00eam sua pr\u00f3pria dignidade, e a vida existe. Mas quando os direitos fundamentais est\u00e3o sendo amea\u00e7ados, \u00e9 necess\u00e1rio trabalhar com todas as ferramentas existentes, e \u00e9 por isso que \u00e9 importante participar de discuss\u00f5es na ONU e em n\u00edvel local. \u00c9 tamb\u00e9m poder usar esses instrumentos de uma perspectiva diferente, tendo em mente que a constru\u00e7\u00e3o do que chamamos de Reino de Deus \u00e9 um processo em que devemos envolver pessoas diferentes. Precisamos nos unir para ter uma voz forte e faz\u00ea-la ser ouvida.&nbsp;<\/p>\n\n\n\n<p class=\"has-medium-font-size\"><strong>Como o senhor tem usado o mecanismo da Revis\u00e3o Peri\u00f3dica Universal (RPU)? E voc\u00ea acha que o novo governo ter\u00e1 um impacto sobre esse uso?<\/strong><\/p>\n\n\n\n<p>O UPR \u00e9 um processo importante porque revela as obriga\u00e7\u00f5es de direitos humanos que os pa\u00edses t\u00eam. Escrevemos um relat\u00f3rio sobre as consequ\u00eancias do mandato de Bolsonaro: foi um verdadeiro desastre, especialmente em termos da economia extrativista, da falta de cumprimento das leis ambientais e da destrui\u00e7\u00e3o da Amaz\u00f4nia. Participamos das pr\u00e9-sess\u00f5es em agosto do ano passado, e os pa\u00edses fizeram <a href=\"https:\/\/www.ohchr.org\/en\/hr-bodies\/upr\/br-index\">recomenda\u00e7\u00f5es<\/a> ao Brasil em novembro. <em><strong>Agora, nosso objetivo \u00e9 traduzir essas recomenda\u00e7\u00f5es para a sociedade civil e abrir caminhos para que as negocia\u00e7\u00f5es se encaminhem para uma maior responsabilidade das empresas em rela\u00e7\u00e3o aos direitos humanos. Para isso, precisamos trabalhar tanto em n\u00edvel local quanto internacional, envolvendo toda a fam\u00edlia franciscana no processo. <\/strong><\/em>N\u00e3o ser\u00e1 f\u00e1cil se recuperar dos \u00faltimos anos, mas acho que o novo governo de Lula trar\u00e1 uma melhor implementa\u00e7\u00e3o dessas recomenda\u00e7\u00f5es. Ainda assim, precisaremos de press\u00e3o internacional para pressionar por mudan\u00e7as importantes nas pol\u00edticas dom\u00e9sticas.&nbsp;<\/p>\n\n\n\n<p class=\"has-medium-font-size\"><strong>Na \u00faltima d\u00e9cada, o Brasil foi listado como o pa\u00eds <\/strong><a href=\"https:\/\/www.globalwitness.org\/en\/campaigns\/environmental-activists\/decade-defiance\/#decade-killings-globally\"><strong>mais mortal<\/strong><\/a><strong> para defensores da terra e do meio ambiente. Voc\u00ea j\u00e1 sentiu esse risco? E o que acha que precisa ser feito em termos de prote\u00e7\u00e3o?<\/strong><\/p>\n\n\n\n<p>Com certeza. Como muitas outras pessoas, tenho enfrentado amea\u00e7as regulares relacionadas \u00e0 minha linha de trabalho e j\u00e1 fui at\u00e9 preso. Agora estou em um programa de prote\u00e7\u00e3o. No Brasil, os que correm mais risco s\u00e3o os defensores de direitos humanos que lidam com quest\u00f5es ambientais. Acho que \u00e9 importante criar uma rede no territ\u00f3rio de pessoas que protegem umas \u00e0s outras. Mas tamb\u00e9m \u00e9 necess\u00e1rio que o governo federal implemente melhor as pol\u00edticas relacionadas \u00e0 prote\u00e7\u00e3o dos defensores dos direitos humanos e do meio ambiente. Agora, com a mudan\u00e7a de governo, temos mais caminhos para fazer isso funcionar.<\/p>\n\n\n\n<p><\/p>\n\n\n\n<p>Para mais informa\u00e7\u00f5es, consulte o nosso artigo principal sobre os franciscanos em <a href=\"https:\/\/franciscansinternational.org\/pt\/franciscanos-na-vanguarda-dos-direitos-humanos\/\">Franciscanos na vanguarda dos direitos humanos<\/a>.<\/p>\n\n\n\n<p><\/p>\n\n\n\n<p class=\"has-small-font-size\">Esta \u00e9 uma tradu\u00e7\u00e3o autom\u00e1tica. Pedimos desculpa por quaisquer erros que possam ter ocorrido como resultado. Em caso de diverg\u00eancia, \u00e9 a vers\u00e3o inglesa que faz f\u00e9.<\/p>\n","protected":false},"excerpt":{"rendered":"<p>No Brasil, o governo de Jair Bolsonaro (2019-2022) pressionou por mais minera\u00e7\u00e3o, inclusive em terras ind\u00edgenas protegidas. Essas medidas regressivas &#8230; <\/p>\n","protected":false},"author":3,"featured_media":292,"comment_status":"closed","ping_status":"closed","sticky":false,"template":"","format":"standard","meta":{"_relevanssi_hide_post":"","_relevanssi_hide_content":"","_relevanssi_pin_for_all":"","_relevanssi_pin_keywords":"","_relevanssi_unpin_keywords":"","_relevanssi_related_keywords":"","_relevanssi_related_include_ids":"","_relevanssi_related_exclude_ids":"","_relevanssi_related_no_append":"","_relevanssi_related_not_related":"","_relevanssi_related_posts":"228,254,237,232,186,271","_relevanssi_noindex_reason":"","_jetpack_memberships_contains_paid_content":false,"footnotes":""},"categories":[31,1],"tags":[29,26,24],"class_list":["post-291","post","type-post","status-publish","format-standard","has-post-thumbnail","hentry","category-franciscanos-na-onu","category-noticias","tag-familia-franciscana","tag-justica-ambiental","tag-programa-para-as-americas"],"acf":[],"yoast_head":"<!-- This site is optimized with the Yoast SEO plugin v27.5 - https:\/\/yoast.com\/product\/yoast-seo-wordpress\/ -->\n<title>Franciscanos na vanguarda dos direitos humanos: Irm\u00e3o Rodrigo P\u00e9ret OFM - Franciscans International (PT)<\/title>\n<meta name=\"robots\" content=\"index, follow, max-snippet:-1, max-image-preview:large, max-video-preview:-1\" \/>\n<link rel=\"canonical\" href=\"https:\/\/franciscansinternational.org\/pt\/franciscanos-na-vanguarda-dos-direitos-humanos-irmao-rodrigo-peret-ofm\/\" \/>\n<meta property=\"og:locale\" content=\"pt_PT\" \/>\n<meta property=\"og:type\" content=\"article\" \/>\n<meta property=\"og:title\" content=\"Franciscanos na vanguarda dos direitos humanos: Irm\u00e3o Rodrigo P\u00e9ret OFM - Franciscans International (PT)\" \/>\n<meta property=\"og:description\" content=\"No Brasil, o governo de Jair Bolsonaro (2019-2022) pressionou por mais minera\u00e7\u00e3o, inclusive em terras ind\u00edgenas protegidas. Essas medidas regressivas ...\" \/>\n<meta property=\"og:url\" content=\"https:\/\/franciscansinternational.org\/pt\/franciscanos-na-vanguarda-dos-direitos-humanos-irmao-rodrigo-peret-ofm\/\" \/>\n<meta property=\"og:site_name\" content=\"Franciscans International (PT)\" \/>\n<meta property=\"article:publisher\" content=\"https:\/\/www.facebook.com\/FranciscansInternational\/\" \/>\n<meta property=\"article:published_time\" content=\"2023-06-06T12:02:46+00:00\" \/>\n<meta property=\"article:modified_time\" content=\"2023-07-18T07:49:50+00:00\" \/>\n<meta property=\"og:image\" content=\"https:\/\/franciscansinternational.org\/pt\/wp-content\/uploads\/sites\/5\/2023\/06\/HRDprofile_Rodrigo_website_resized.jpg\" \/>\n\t<meta property=\"og:image:width\" content=\"2500\" \/>\n\t<meta property=\"og:image:height\" content=\"1406\" \/>\n\t<meta property=\"og:image:type\" content=\"image\/jpeg\" \/>\n<meta name=\"author\" content=\"communications\" \/>\n<meta name=\"twitter:card\" content=\"summary_large_image\" \/>\n<meta name=\"twitter:creator\" content=\"@FranciscansIntl\" \/>\n<meta name=\"twitter:site\" content=\"@FranciscansIntl\" \/>\n<meta name=\"twitter:label1\" content=\"Escrito por\" \/>\n\t<meta name=\"twitter:data1\" content=\"communications\" \/>\n\t<meta name=\"twitter:label2\" content=\"Tempo estimado de leitura\" \/>\n\t<meta name=\"twitter:data2\" content=\"6 minutos\" \/>\n<script type=\"application\/ld+json\" class=\"yoast-schema-graph\">{\"@context\":\"https:\\\/\\\/schema.org\",\"@graph\":[{\"@type\":\"Article\",\"@id\":\"https:\\\/\\\/franciscansinternational.org\\\/pt\\\/franciscanos-na-vanguarda-dos-direitos-humanos-irmao-rodrigo-peret-ofm\\\/#article\",\"isPartOf\":{\"@id\":\"https:\\\/\\\/franciscansinternational.org\\\/pt\\\/franciscanos-na-vanguarda-dos-direitos-humanos-irmao-rodrigo-peret-ofm\\\/\"},\"author\":{\"name\":\"communications\",\"@id\":\"https:\\\/\\\/franciscansinternational.org\\\/pt\\\/#\\\/schema\\\/person\\\/f398f02712a9dcab7603295bc1ea94e4\"},\"headline\":\"Franciscanos na vanguarda dos direitos humanos: Irm\u00e3o Rodrigo P\u00e9ret OFM\",\"datePublished\":\"2023-06-06T12:02:46+00:00\",\"dateModified\":\"2023-07-18T07:49:50+00:00\",\"mainEntityOfPage\":{\"@id\":\"https:\\\/\\\/franciscansinternational.org\\\/pt\\\/franciscanos-na-vanguarda-dos-direitos-humanos-irmao-rodrigo-peret-ofm\\\/\"},\"wordCount\":1159,\"publisher\":{\"@id\":\"https:\\\/\\\/franciscansinternational.org\\\/pt\\\/#organization\"},\"image\":{\"@id\":\"https:\\\/\\\/franciscansinternational.org\\\/pt\\\/franciscanos-na-vanguarda-dos-direitos-humanos-irmao-rodrigo-peret-ofm\\\/#primaryimage\"},\"thumbnailUrl\":\"https:\\\/\\\/franciscansinternational.org\\\/pt\\\/wp-content\\\/uploads\\\/sites\\\/5\\\/2023\\\/06\\\/HRDprofile_Rodrigo_website_resized.jpg\",\"keywords\":[\"Fam\u00edlia Franciscana\",\"Justi\u00e7a Ambiental\",\"Programa para as Am\u00e9ricas\"],\"articleSection\":[\"Franciscanos na ONU\",\"Not\u00edcias\"],\"inLanguage\":\"pt-PT\"},{\"@type\":\"WebPage\",\"@id\":\"https:\\\/\\\/franciscansinternational.org\\\/pt\\\/franciscanos-na-vanguarda-dos-direitos-humanos-irmao-rodrigo-peret-ofm\\\/\",\"url\":\"https:\\\/\\\/franciscansinternational.org\\\/pt\\\/franciscanos-na-vanguarda-dos-direitos-humanos-irmao-rodrigo-peret-ofm\\\/\",\"name\":\"Franciscanos na vanguarda dos direitos humanos: Irm\u00e3o Rodrigo P\u00e9ret OFM - Franciscans International (PT)\",\"isPartOf\":{\"@id\":\"https:\\\/\\\/franciscansinternational.org\\\/pt\\\/#website\"},\"primaryImageOfPage\":{\"@id\":\"https:\\\/\\\/franciscansinternational.org\\\/pt\\\/franciscanos-na-vanguarda-dos-direitos-humanos-irmao-rodrigo-peret-ofm\\\/#primaryimage\"},\"image\":{\"@id\":\"https:\\\/\\\/franciscansinternational.org\\\/pt\\\/franciscanos-na-vanguarda-dos-direitos-humanos-irmao-rodrigo-peret-ofm\\\/#primaryimage\"},\"thumbnailUrl\":\"https:\\\/\\\/franciscansinternational.org\\\/pt\\\/wp-content\\\/uploads\\\/sites\\\/5\\\/2023\\\/06\\\/HRDprofile_Rodrigo_website_resized.jpg\",\"datePublished\":\"2023-06-06T12:02:46+00:00\",\"dateModified\":\"2023-07-18T07:49:50+00:00\",\"breadcrumb\":{\"@id\":\"https:\\\/\\\/franciscansinternational.org\\\/pt\\\/franciscanos-na-vanguarda-dos-direitos-humanos-irmao-rodrigo-peret-ofm\\\/#breadcrumb\"},\"inLanguage\":\"pt-PT\",\"potentialAction\":[{\"@type\":\"ReadAction\",\"target\":[\"https:\\\/\\\/franciscansinternational.org\\\/pt\\\/franciscanos-na-vanguarda-dos-direitos-humanos-irmao-rodrigo-peret-ofm\\\/\"]}]},{\"@type\":\"ImageObject\",\"inLanguage\":\"pt-PT\",\"@id\":\"https:\\\/\\\/franciscansinternational.org\\\/pt\\\/franciscanos-na-vanguarda-dos-direitos-humanos-irmao-rodrigo-peret-ofm\\\/#primaryimage\",\"url\":\"https:\\\/\\\/franciscansinternational.org\\\/pt\\\/wp-content\\\/uploads\\\/sites\\\/5\\\/2023\\\/06\\\/HRDprofile_Rodrigo_website_resized.jpg\",\"contentUrl\":\"https:\\\/\\\/franciscansinternational.org\\\/pt\\\/wp-content\\\/uploads\\\/sites\\\/5\\\/2023\\\/06\\\/HRDprofile_Rodrigo_website_resized.jpg\",\"width\":2500,\"height\":1406},{\"@type\":\"BreadcrumbList\",\"@id\":\"https:\\\/\\\/franciscansinternational.org\\\/pt\\\/franciscanos-na-vanguarda-dos-direitos-humanos-irmao-rodrigo-peret-ofm\\\/#breadcrumb\",\"itemListElement\":[{\"@type\":\"ListItem\",\"position\":1,\"name\":\"Home\",\"item\":\"https:\\\/\\\/franciscansinternational.org\\\/pt\\\/\"},{\"@type\":\"ListItem\",\"position\":2,\"name\":\"Franciscanos na vanguarda dos direitos humanos: Irm\u00e3o Rodrigo P\u00e9ret OFM\"}]},{\"@type\":\"WebSite\",\"@id\":\"https:\\\/\\\/franciscansinternational.org\\\/pt\\\/#website\",\"url\":\"https:\\\/\\\/franciscansinternational.org\\\/pt\\\/\",\"name\":\"Franciscans International (PT)\",\"description\":\"Just another Franciscans International site\",\"publisher\":{\"@id\":\"https:\\\/\\\/franciscansinternational.org\\\/pt\\\/#organization\"},\"potentialAction\":[{\"@type\":\"SearchAction\",\"target\":{\"@type\":\"EntryPoint\",\"urlTemplate\":\"https:\\\/\\\/franciscansinternational.org\\\/pt\\\/?s={search_term_string}\"},\"query-input\":{\"@type\":\"PropertyValueSpecification\",\"valueRequired\":true,\"valueName\":\"search_term_string\"}}],\"inLanguage\":\"pt-PT\"},{\"@type\":\"Organization\",\"@id\":\"https:\\\/\\\/franciscansinternational.org\\\/pt\\\/#organization\",\"name\":\"Franciscans International (PT)\",\"url\":\"https:\\\/\\\/franciscansinternational.org\\\/pt\\\/\",\"logo\":{\"@type\":\"ImageObject\",\"inLanguage\":\"pt-PT\",\"@id\":\"https:\\\/\\\/franciscansinternational.org\\\/pt\\\/#\\\/schema\\\/logo\\\/image\\\/\",\"url\":\"https:\\\/\\\/franciscansinternational.org\\\/wp-content\\\/uploads\\\/sites\\\/5\\\/2023\\\/05\\\/logo-3.png\",\"contentUrl\":\"https:\\\/\\\/franciscansinternational.org\\\/wp-content\\\/uploads\\\/sites\\\/5\\\/2023\\\/05\\\/logo-3.png\",\"width\":1200,\"height\":205,\"caption\":\"Franciscans International (PT)\"},\"image\":{\"@id\":\"https:\\\/\\\/franciscansinternational.org\\\/pt\\\/#\\\/schema\\\/logo\\\/image\\\/\"},\"sameAs\":[\"https:\\\/\\\/www.facebook.com\\\/FranciscansInternational\\\/\",\"https:\\\/\\\/x.com\\\/FranciscansIntl\",\"https:\\\/\\\/www.youtube.com\\\/channel\\\/UCexu0i-fWB4wwrlPMCz8_Zg\"]},{\"@type\":\"Person\",\"@id\":\"https:\\\/\\\/franciscansinternational.org\\\/pt\\\/#\\\/schema\\\/person\\\/f398f02712a9dcab7603295bc1ea94e4\",\"name\":\"communications\",\"image\":{\"@type\":\"ImageObject\",\"inLanguage\":\"pt-PT\",\"@id\":\"https:\\\/\\\/secure.gravatar.com\\\/avatar\\\/0b4a62226a9b4f7ce621ec49ca40be1e77d886a42ca84b8a0b0697e9ec17dd63?s=96&d=mm&r=g\",\"url\":\"https:\\\/\\\/secure.gravatar.com\\\/avatar\\\/0b4a62226a9b4f7ce621ec49ca40be1e77d886a42ca84b8a0b0697e9ec17dd63?s=96&d=mm&r=g\",\"contentUrl\":\"https:\\\/\\\/secure.gravatar.com\\\/avatar\\\/0b4a62226a9b4f7ce621ec49ca40be1e77d886a42ca84b8a0b0697e9ec17dd63?s=96&d=mm&r=g\",\"caption\":\"communications\"},\"url\":\"https:\\\/\\\/franciscansinternational.org\\\/pt\\\/author\\\/communications\\\/\"}]}<\/script>\n<!-- \/ Yoast SEO plugin. -->","yoast_head_json":{"title":"Franciscanos na vanguarda dos direitos humanos: Irm\u00e3o Rodrigo P\u00e9ret OFM - Franciscans International (PT)","robots":{"index":"index","follow":"follow","max-snippet":"max-snippet:-1","max-image-preview":"max-image-preview:large","max-video-preview":"max-video-preview:-1"},"canonical":"https:\/\/franciscansinternational.org\/pt\/franciscanos-na-vanguarda-dos-direitos-humanos-irmao-rodrigo-peret-ofm\/","og_locale":"pt_PT","og_type":"article","og_title":"Franciscanos na vanguarda dos direitos humanos: Irm\u00e3o Rodrigo P\u00e9ret OFM - Franciscans International (PT)","og_description":"No Brasil, o governo de Jair Bolsonaro (2019-2022) pressionou por mais minera\u00e7\u00e3o, inclusive em terras ind\u00edgenas protegidas. Essas medidas regressivas ...","og_url":"https:\/\/franciscansinternational.org\/pt\/franciscanos-na-vanguarda-dos-direitos-humanos-irmao-rodrigo-peret-ofm\/","og_site_name":"Franciscans International (PT)","article_publisher":"https:\/\/www.facebook.com\/FranciscansInternational\/","article_published_time":"2023-06-06T12:02:46+00:00","article_modified_time":"2023-07-18T07:49:50+00:00","og_image":[{"width":2500,"height":1406,"url":"https:\/\/franciscansinternational.org\/pt\/wp-content\/uploads\/sites\/5\/2023\/06\/HRDprofile_Rodrigo_website_resized.jpg","type":"image\/jpeg"}],"author":"communications","twitter_card":"summary_large_image","twitter_creator":"@FranciscansIntl","twitter_site":"@FranciscansIntl","twitter_misc":{"Escrito por":"communications","Tempo estimado de leitura":"6 minutos"},"schema":{"@context":"https:\/\/schema.org","@graph":[{"@type":"Article","@id":"https:\/\/franciscansinternational.org\/pt\/franciscanos-na-vanguarda-dos-direitos-humanos-irmao-rodrigo-peret-ofm\/#article","isPartOf":{"@id":"https:\/\/franciscansinternational.org\/pt\/franciscanos-na-vanguarda-dos-direitos-humanos-irmao-rodrigo-peret-ofm\/"},"author":{"name":"communications","@id":"https:\/\/franciscansinternational.org\/pt\/#\/schema\/person\/f398f02712a9dcab7603295bc1ea94e4"},"headline":"Franciscanos na vanguarda dos direitos humanos: Irm\u00e3o Rodrigo P\u00e9ret OFM","datePublished":"2023-06-06T12:02:46+00:00","dateModified":"2023-07-18T07:49:50+00:00","mainEntityOfPage":{"@id":"https:\/\/franciscansinternational.org\/pt\/franciscanos-na-vanguarda-dos-direitos-humanos-irmao-rodrigo-peret-ofm\/"},"wordCount":1159,"publisher":{"@id":"https:\/\/franciscansinternational.org\/pt\/#organization"},"image":{"@id":"https:\/\/franciscansinternational.org\/pt\/franciscanos-na-vanguarda-dos-direitos-humanos-irmao-rodrigo-peret-ofm\/#primaryimage"},"thumbnailUrl":"https:\/\/franciscansinternational.org\/pt\/wp-content\/uploads\/sites\/5\/2023\/06\/HRDprofile_Rodrigo_website_resized.jpg","keywords":["Fam\u00edlia Franciscana","Justi\u00e7a Ambiental","Programa para as Am\u00e9ricas"],"articleSection":["Franciscanos na ONU","Not\u00edcias"],"inLanguage":"pt-PT"},{"@type":"WebPage","@id":"https:\/\/franciscansinternational.org\/pt\/franciscanos-na-vanguarda-dos-direitos-humanos-irmao-rodrigo-peret-ofm\/","url":"https:\/\/franciscansinternational.org\/pt\/franciscanos-na-vanguarda-dos-direitos-humanos-irmao-rodrigo-peret-ofm\/","name":"Franciscanos na vanguarda dos direitos humanos: Irm\u00e3o Rodrigo P\u00e9ret OFM - Franciscans International (PT)","isPartOf":{"@id":"https:\/\/franciscansinternational.org\/pt\/#website"},"primaryImageOfPage":{"@id":"https:\/\/franciscansinternational.org\/pt\/franciscanos-na-vanguarda-dos-direitos-humanos-irmao-rodrigo-peret-ofm\/#primaryimage"},"image":{"@id":"https:\/\/franciscansinternational.org\/pt\/franciscanos-na-vanguarda-dos-direitos-humanos-irmao-rodrigo-peret-ofm\/#primaryimage"},"thumbnailUrl":"https:\/\/franciscansinternational.org\/pt\/wp-content\/uploads\/sites\/5\/2023\/06\/HRDprofile_Rodrigo_website_resized.jpg","datePublished":"2023-06-06T12:02:46+00:00","dateModified":"2023-07-18T07:49:50+00:00","breadcrumb":{"@id":"https:\/\/franciscansinternational.org\/pt\/franciscanos-na-vanguarda-dos-direitos-humanos-irmao-rodrigo-peret-ofm\/#breadcrumb"},"inLanguage":"pt-PT","potentialAction":[{"@type":"ReadAction","target":["https:\/\/franciscansinternational.org\/pt\/franciscanos-na-vanguarda-dos-direitos-humanos-irmao-rodrigo-peret-ofm\/"]}]},{"@type":"ImageObject","inLanguage":"pt-PT","@id":"https:\/\/franciscansinternational.org\/pt\/franciscanos-na-vanguarda-dos-direitos-humanos-irmao-rodrigo-peret-ofm\/#primaryimage","url":"https:\/\/franciscansinternational.org\/pt\/wp-content\/uploads\/sites\/5\/2023\/06\/HRDprofile_Rodrigo_website_resized.jpg","contentUrl":"https:\/\/franciscansinternational.org\/pt\/wp-content\/uploads\/sites\/5\/2023\/06\/HRDprofile_Rodrigo_website_resized.jpg","width":2500,"height":1406},{"@type":"BreadcrumbList","@id":"https:\/\/franciscansinternational.org\/pt\/franciscanos-na-vanguarda-dos-direitos-humanos-irmao-rodrigo-peret-ofm\/#breadcrumb","itemListElement":[{"@type":"ListItem","position":1,"name":"Home","item":"https:\/\/franciscansinternational.org\/pt\/"},{"@type":"ListItem","position":2,"name":"Franciscanos na vanguarda dos direitos humanos: Irm\u00e3o Rodrigo P\u00e9ret OFM"}]},{"@type":"WebSite","@id":"https:\/\/franciscansinternational.org\/pt\/#website","url":"https:\/\/franciscansinternational.org\/pt\/","name":"Franciscans International (PT)","description":"Just another Franciscans International site","publisher":{"@id":"https:\/\/franciscansinternational.org\/pt\/#organization"},"potentialAction":[{"@type":"SearchAction","target":{"@type":"EntryPoint","urlTemplate":"https:\/\/franciscansinternational.org\/pt\/?s={search_term_string}"},"query-input":{"@type":"PropertyValueSpecification","valueRequired":true,"valueName":"search_term_string"}}],"inLanguage":"pt-PT"},{"@type":"Organization","@id":"https:\/\/franciscansinternational.org\/pt\/#organization","name":"Franciscans International (PT)","url":"https:\/\/franciscansinternational.org\/pt\/","logo":{"@type":"ImageObject","inLanguage":"pt-PT","@id":"https:\/\/franciscansinternational.org\/pt\/#\/schema\/logo\/image\/","url":"https:\/\/franciscansinternational.org\/wp-content\/uploads\/sites\/5\/2023\/05\/logo-3.png","contentUrl":"https:\/\/franciscansinternational.org\/wp-content\/uploads\/sites\/5\/2023\/05\/logo-3.png","width":1200,"height":205,"caption":"Franciscans International (PT)"},"image":{"@id":"https:\/\/franciscansinternational.org\/pt\/#\/schema\/logo\/image\/"},"sameAs":["https:\/\/www.facebook.com\/FranciscansInternational\/","https:\/\/x.com\/FranciscansIntl","https:\/\/www.youtube.com\/channel\/UCexu0i-fWB4wwrlPMCz8_Zg"]},{"@type":"Person","@id":"https:\/\/franciscansinternational.org\/pt\/#\/schema\/person\/f398f02712a9dcab7603295bc1ea94e4","name":"communications","image":{"@type":"ImageObject","inLanguage":"pt-PT","@id":"https:\/\/secure.gravatar.com\/avatar\/0b4a62226a9b4f7ce621ec49ca40be1e77d886a42ca84b8a0b0697e9ec17dd63?s=96&d=mm&r=g","url":"https:\/\/secure.gravatar.com\/avatar\/0b4a62226a9b4f7ce621ec49ca40be1e77d886a42ca84b8a0b0697e9ec17dd63?s=96&d=mm&r=g","contentUrl":"https:\/\/secure.gravatar.com\/avatar\/0b4a62226a9b4f7ce621ec49ca40be1e77d886a42ca84b8a0b0697e9ec17dd63?s=96&d=mm&r=g","caption":"communications"},"url":"https:\/\/franciscansinternational.org\/pt\/author\/communications\/"}]}},"jetpack_featured_media_url":"https:\/\/franciscansinternational.org\/pt\/wp-content\/uploads\/sites\/5\/2023\/06\/HRDprofile_Rodrigo_website_resized.jpg","jetpack_sharing_enabled":true,"_links":{"self":[{"href":"https:\/\/franciscansinternational.org\/pt\/wp-json\/wp\/v2\/posts\/291","targetHints":{"allow":["GET"]}}],"collection":[{"href":"https:\/\/franciscansinternational.org\/pt\/wp-json\/wp\/v2\/posts"}],"about":[{"href":"https:\/\/franciscansinternational.org\/pt\/wp-json\/wp\/v2\/types\/post"}],"author":[{"embeddable":true,"href":"https:\/\/franciscansinternational.org\/pt\/wp-json\/wp\/v2\/users\/3"}],"replies":[{"embeddable":true,"href":"https:\/\/franciscansinternational.org\/pt\/wp-json\/wp\/v2\/comments?post=291"}],"version-history":[{"count":6,"href":"https:\/\/franciscansinternational.org\/pt\/wp-json\/wp\/v2\/posts\/291\/revisions"}],"predecessor-version":[{"id":325,"href":"https:\/\/franciscansinternational.org\/pt\/wp-json\/wp\/v2\/posts\/291\/revisions\/325"}],"wp:featuredmedia":[{"embeddable":true,"href":"https:\/\/franciscansinternational.org\/pt\/wp-json\/wp\/v2\/media\/292"}],"wp:attachment":[{"href":"https:\/\/franciscansinternational.org\/pt\/wp-json\/wp\/v2\/media?parent=291"}],"wp:term":[{"taxonomy":"category","embeddable":true,"href":"https:\/\/franciscansinternational.org\/pt\/wp-json\/wp\/v2\/categories?post=291"},{"taxonomy":"post_tag","embeddable":true,"href":"https:\/\/franciscansinternational.org\/pt\/wp-json\/wp\/v2\/tags?post=291"}],"curies":[{"name":"wp","href":"https:\/\/api.w.org\/{rel}","templated":true}]}}