{"id":344,"date":"2023-09-12T14:05:21","date_gmt":"2023-09-12T14:05:21","guid":{"rendered":"https:\/\/franciscansinternational.org\/pt\/?p=344"},"modified":"2023-09-12T14:16:52","modified_gmt":"2023-09-12T14:16:52","slug":"um-novo-marco-para-os-franciscanos-na-europa","status":"publish","type":"post","link":"https:\/\/franciscansinternational.org\/pt\/um-novo-marco-para-os-franciscanos-na-europa\/","title":{"rendered":"Um novo marco para os Franciscanos na Europa\u00a0"},"content":{"rendered":"\n<p>Franciscans International tem o prazer de anunciar o lan\u00e7amento de um novo <a href=\"https:\/\/franciscansinternational.org\/pt\/nosso-foco\/#ondetrabalhamos-europa\">programa regional que abrange a Europa<\/a>. Acreditamos que a expans\u00e3o do nosso \u00e2mbito geogr\u00e1fico para complementar a nossa defesa global e o trabalho j\u00e1 realizado em \u00c1frica, nas Am\u00e9ricas e na \u00c1sia-Pac\u00edfico acrescentar\u00e1 uma dimens\u00e3o valiosa aos nossos esfor\u00e7os nas Na\u00e7\u00f5es Unidas para defender os direitos humanos e a dignidade, promover a paz e exigir justi\u00e7a ambiental.\u00a0\u00a0<\/p>\n\n\n\n<p>Os <a href=\"https:\/\/franciscansinternational.org\/pt\/nosso-foco\/#ondetrabalhamos\">programas regionais da FI<\/a> s\u00e3o orientados pelas necessidades os nossos parceiros franciscanos e outros, que trabalham em quest\u00f5es de direitos humanos a n\u00edvel local e nacional. Se eles determinarem que o seu trabalho pode beneficiar com a apresenta\u00e7\u00e3o de preocupa\u00e7\u00f5es na ONU, a FI pode fornecer os conhecimentos t\u00e9cnicos para desenvolver e implementar uma estrat\u00e9gia de defesa sustentada. Nos \u00faltimos anos, os franciscanos de toda a Europa expressaram constantemente o desejo de o fazer.\u00a0\u00a0<br>\u00a0<br>&#8220;Infelizmente, as viola\u00e7\u00f5es dos direitos humanos acontecem em todo o mundo e a Europa n\u00e3o \u00e9 exce\u00e7\u00e3o&#8221;, diz Markus Heinze OFM, Diretor Executivo da FI. &#8220;Assistimos diariamente a viola\u00e7\u00f5es cometidas contra migrantes e refugiados. Os interesses empresariais europeus desempenham um papel fundamental nas crises clim\u00e1ticas e nos conflitos violentos que afligem novamente o continente. Especialmente nestes tempos dif\u00edceis, estou grato que os franciscanos tenham mobilizado os recursos que lhes permitir\u00e3o levar \u00e0 aten\u00e7\u00e3o da ONU as viola\u00e7\u00f5es que testemunham e documentam na Europa&#8221;.\u00a0<br>\u00a0<br>O cargo de Coordenador do Programa Europa ser\u00e1 ocupado por <a href=\"https:\/\/franciscansinternational.org\/pt\/sobre-nos\/#nossaequipe\" target=\"_blank\" rel=\"noreferrer noopener\">Eunan McMullan OFM<\/a>. Como advogado, ex-Diretor dos Servi\u00e7os Jur\u00eddicos do Gabinete do Provedor de Justi\u00e7a da Pol\u00edcia da Irlanda do Norte e Frade Menor, ele traz uma experi\u00eancia \u00fanica para o cargo. O Irm\u00e3o Eunan utilizar\u00e1 esta experi\u00eancia para promover novas liga\u00e7\u00f5es entre os franciscanos europeus e a ONU e para moldar eficazmente as actividades de defesa necess\u00e1rias. Depois de um levantamento inicial dos principais parceiros e quest\u00f5es em v\u00e1rios pa\u00edses europeus, trabalhar\u00e1 como parte da equipa de advocacia do FI em Genebra para levantar estas preocupa\u00e7\u00f5es junto dos mecanismos de direitos humanos relevantes da ONU.\u00a0\u00a0<br>\u00a0<br>&#8220;Neste ano de 2023, n\u00f3s, franciscanos, celebramos a aprova\u00e7\u00e3o da Regra de S\u00e3o Francisco, que pretendemos seguir para trazer paz aos nossos cora\u00e7\u00f5es. Da mesma forma, o Estado de direito \u00e9 necess\u00e1rio para estabelecer a paz entre as pessoas e tem sido desrespeitado em muitos lugares&#8221;, diz o Irm\u00e3o Eunan. &#8220;O objetivo deste programa \u00e9 chamar a aten\u00e7\u00e3o para as injusti\u00e7as que est\u00e3o a ocorrer e promover os nossos direitos humanos e procurar repara\u00e7\u00e3o junto dos organismos competentes.&#8221;\u00a0<\/p>\n\n\n\n<blockquote class=\"wp-block-quote has-small-font-size is-layout-flow wp-block-quote-is-layout-flow\">\n<p class=\"has-small-font-size\">Esta \u00e9 uma tradu\u00e7\u00e3o autom\u00e1tica. Pedimos desculpa por quaisquer erros que possam ter ocorrido como resultado. Em caso de diverg\u00eancia, \u00e9 a vers\u00e3o inglesa que faz f\u00e9.<\/p>\n<\/blockquote>\n","protected":false},"excerpt":{"rendered":"<p>Franciscans International lan\u00e7a o seu quarto programa regional\u00a0<\/p>\n","protected":false},"author":3,"featured_media":345,"comment_status":"closed","ping_status":"closed","sticky":false,"template":"","format":"standard","meta":{"_relevanssi_hide_post":"","_relevanssi_hide_content":"","_relevanssi_pin_for_all":"","_relevanssi_pin_keywords":"","_relevanssi_unpin_keywords":"","_relevanssi_related_keywords":"","_relevanssi_related_include_ids":"","_relevanssi_related_exclude_ids":"","_relevanssi_related_no_append":"","_relevanssi_related_not_related":"","_relevanssi_related_posts":"307,182,224,146,250,254","_relevanssi_noindex_reason":"","_jetpack_memberships_contains_paid_content":false,"footnotes":""},"categories":[1],"tags":[28],"class_list":["post-344","post","type-post","status-publish","format-standard","has-post-thumbnail","hentry","category-noticias","tag-programa-para-a-europa"],"acf":[],"yoast_head":"<!-- This site is optimized with the Yoast SEO plugin v27.5 - https:\/\/yoast.com\/product\/yoast-seo-wordpress\/ -->\n<title>Um novo marco para os Franciscanos na Europa\u00a0 - Franciscans International (PT)<\/title>\n<meta name=\"robots\" content=\"index, follow, max-snippet:-1, max-image-preview:large, max-video-preview:-1\" \/>\n<link rel=\"canonical\" href=\"https:\/\/franciscansinternational.org\/pt\/um-novo-marco-para-os-franciscanos-na-europa\/\" \/>\n<meta property=\"og:locale\" content=\"pt_PT\" \/>\n<meta property=\"og:type\" content=\"article\" \/>\n<meta property=\"og:title\" content=\"Um novo marco para os Franciscanos na Europa\u00a0 - Franciscans International (PT)\" \/>\n<meta property=\"og:description\" content=\"Franciscans International lan\u00e7a o seu quarto programa regional\u00a0\" \/>\n<meta property=\"og:url\" content=\"https:\/\/franciscansinternational.org\/pt\/um-novo-marco-para-os-franciscanos-na-europa\/\" \/>\n<meta property=\"og:site_name\" content=\"Franciscans International (PT)\" \/>\n<meta property=\"article:publisher\" content=\"https:\/\/www.facebook.com\/FranciscansInternational\/\" \/>\n<meta property=\"article:published_time\" content=\"2023-09-12T14:05:21+00:00\" \/>\n<meta property=\"article:modified_time\" content=\"2023-09-12T14:16:52+00:00\" \/>\n<meta property=\"og:image\" content=\"https:\/\/franciscansinternational.org\/pt\/wp-content\/uploads\/sites\/5\/2023\/09\/Europe-program-article.jpeg\" \/>\n\t<meta property=\"og:image:width\" content=\"1500\" \/>\n\t<meta property=\"og:image:height\" content=\"1000\" \/>\n\t<meta property=\"og:image:type\" content=\"image\/jpeg\" \/>\n<meta name=\"author\" content=\"communications\" \/>\n<meta name=\"twitter:card\" content=\"summary_large_image\" \/>\n<meta name=\"twitter:creator\" content=\"@FranciscansIntl\" \/>\n<meta name=\"twitter:site\" content=\"@FranciscansIntl\" \/>\n<meta name=\"twitter:label1\" content=\"Escrito por\" \/>\n\t<meta name=\"twitter:data1\" content=\"communications\" \/>\n\t<meta name=\"twitter:label2\" content=\"Tempo estimado de leitura\" \/>\n\t<meta name=\"twitter:data2\" content=\"3 minutos\" \/>\n<script type=\"application\/ld+json\" class=\"yoast-schema-graph\">{\"@context\":\"https:\\\/\\\/schema.org\",\"@graph\":[{\"@type\":\"Article\",\"@id\":\"https:\\\/\\\/franciscansinternational.org\\\/pt\\\/um-novo-marco-para-os-franciscanos-na-europa\\\/#article\",\"isPartOf\":{\"@id\":\"https:\\\/\\\/franciscansinternational.org\\\/pt\\\/um-novo-marco-para-os-franciscanos-na-europa\\\/\"},\"author\":{\"name\":\"communications\",\"@id\":\"https:\\\/\\\/franciscansinternational.org\\\/pt\\\/#\\\/schema\\\/person\\\/f398f02712a9dcab7603295bc1ea94e4\"},\"headline\":\"Um novo marco para os Franciscanos na Europa\u00a0\",\"datePublished\":\"2023-09-12T14:05:21+00:00\",\"dateModified\":\"2023-09-12T14:16:52+00:00\",\"mainEntityOfPage\":{\"@id\":\"https:\\\/\\\/franciscansinternational.org\\\/pt\\\/um-novo-marco-para-os-franciscanos-na-europa\\\/\"},\"wordCount\":491,\"publisher\":{\"@id\":\"https:\\\/\\\/franciscansinternational.org\\\/pt\\\/#organization\"},\"image\":{\"@id\":\"https:\\\/\\\/franciscansinternational.org\\\/pt\\\/um-novo-marco-para-os-franciscanos-na-europa\\\/#primaryimage\"},\"thumbnailUrl\":\"https:\\\/\\\/franciscansinternational.org\\\/pt\\\/wp-content\\\/uploads\\\/sites\\\/5\\\/2023\\\/09\\\/Europe-program-article.jpeg\",\"keywords\":[\"Programa para a Europa\"],\"articleSection\":[\"Not\u00edcias\"],\"inLanguage\":\"pt-PT\"},{\"@type\":\"WebPage\",\"@id\":\"https:\\\/\\\/franciscansinternational.org\\\/pt\\\/um-novo-marco-para-os-franciscanos-na-europa\\\/\",\"url\":\"https:\\\/\\\/franciscansinternational.org\\\/pt\\\/um-novo-marco-para-os-franciscanos-na-europa\\\/\",\"name\":\"Um novo marco para os Franciscanos na Europa\u00a0 - Franciscans International (PT)\",\"isPartOf\":{\"@id\":\"https:\\\/\\\/franciscansinternational.org\\\/pt\\\/#website\"},\"primaryImageOfPage\":{\"@id\":\"https:\\\/\\\/franciscansinternational.org\\\/pt\\\/um-novo-marco-para-os-franciscanos-na-europa\\\/#primaryimage\"},\"image\":{\"@id\":\"https:\\\/\\\/franciscansinternational.org\\\/pt\\\/um-novo-marco-para-os-franciscanos-na-europa\\\/#primaryimage\"},\"thumbnailUrl\":\"https:\\\/\\\/franciscansinternational.org\\\/pt\\\/wp-content\\\/uploads\\\/sites\\\/5\\\/2023\\\/09\\\/Europe-program-article.jpeg\",\"datePublished\":\"2023-09-12T14:05:21+00:00\",\"dateModified\":\"2023-09-12T14:16:52+00:00\",\"breadcrumb\":{\"@id\":\"https:\\\/\\\/franciscansinternational.org\\\/pt\\\/um-novo-marco-para-os-franciscanos-na-europa\\\/#breadcrumb\"},\"inLanguage\":\"pt-PT\",\"potentialAction\":[{\"@type\":\"ReadAction\",\"target\":[\"https:\\\/\\\/franciscansinternational.org\\\/pt\\\/um-novo-marco-para-os-franciscanos-na-europa\\\/\"]}]},{\"@type\":\"ImageObject\",\"inLanguage\":\"pt-PT\",\"@id\":\"https:\\\/\\\/franciscansinternational.org\\\/pt\\\/um-novo-marco-para-os-franciscanos-na-europa\\\/#primaryimage\",\"url\":\"https:\\\/\\\/franciscansinternational.org\\\/pt\\\/wp-content\\\/uploads\\\/sites\\\/5\\\/2023\\\/09\\\/Europe-program-article.jpeg\",\"contentUrl\":\"https:\\\/\\\/franciscansinternational.org\\\/pt\\\/wp-content\\\/uploads\\\/sites\\\/5\\\/2023\\\/09\\\/Europe-program-article.jpeg\",\"width\":1500,\"height\":1000},{\"@type\":\"BreadcrumbList\",\"@id\":\"https:\\\/\\\/franciscansinternational.org\\\/pt\\\/um-novo-marco-para-os-franciscanos-na-europa\\\/#breadcrumb\",\"itemListElement\":[{\"@type\":\"ListItem\",\"position\":1,\"name\":\"Home\",\"item\":\"https:\\\/\\\/franciscansinternational.org\\\/pt\\\/\"},{\"@type\":\"ListItem\",\"position\":2,\"name\":\"Um novo marco para os Franciscanos na Europa\u00a0\"}]},{\"@type\":\"WebSite\",\"@id\":\"https:\\\/\\\/franciscansinternational.org\\\/pt\\\/#website\",\"url\":\"https:\\\/\\\/franciscansinternational.org\\\/pt\\\/\",\"name\":\"Franciscans International (PT)\",\"description\":\"Just another Franciscans International site\",\"publisher\":{\"@id\":\"https:\\\/\\\/franciscansinternational.org\\\/pt\\\/#organization\"},\"potentialAction\":[{\"@type\":\"SearchAction\",\"target\":{\"@type\":\"EntryPoint\",\"urlTemplate\":\"https:\\\/\\\/franciscansinternational.org\\\/pt\\\/?s={search_term_string}\"},\"query-input\":{\"@type\":\"PropertyValueSpecification\",\"valueRequired\":true,\"valueName\":\"search_term_string\"}}],\"inLanguage\":\"pt-PT\"},{\"@type\":\"Organization\",\"@id\":\"https:\\\/\\\/franciscansinternational.org\\\/pt\\\/#organization\",\"name\":\"Franciscans International (PT)\",\"url\":\"https:\\\/\\\/franciscansinternational.org\\\/pt\\\/\",\"logo\":{\"@type\":\"ImageObject\",\"inLanguage\":\"pt-PT\",\"@id\":\"https:\\\/\\\/franciscansinternational.org\\\/pt\\\/#\\\/schema\\\/logo\\\/image\\\/\",\"url\":\"https:\\\/\\\/franciscansinternational.org\\\/wp-content\\\/uploads\\\/sites\\\/5\\\/2023\\\/05\\\/logo-3.png\",\"contentUrl\":\"https:\\\/\\\/franciscansinternational.org\\\/wp-content\\\/uploads\\\/sites\\\/5\\\/2023\\\/05\\\/logo-3.png\",\"width\":1200,\"height\":205,\"caption\":\"Franciscans International (PT)\"},\"image\":{\"@id\":\"https:\\\/\\\/franciscansinternational.org\\\/pt\\\/#\\\/schema\\\/logo\\\/image\\\/\"},\"sameAs\":[\"https:\\\/\\\/www.facebook.com\\\/FranciscansInternational\\\/\",\"https:\\\/\\\/x.com\\\/FranciscansIntl\",\"https:\\\/\\\/www.youtube.com\\\/channel\\\/UCexu0i-fWB4wwrlPMCz8_Zg\"]},{\"@type\":\"Person\",\"@id\":\"https:\\\/\\\/franciscansinternational.org\\\/pt\\\/#\\\/schema\\\/person\\\/f398f02712a9dcab7603295bc1ea94e4\",\"name\":\"communications\",\"image\":{\"@type\":\"ImageObject\",\"inLanguage\":\"pt-PT\",\"@id\":\"https:\\\/\\\/secure.gravatar.com\\\/avatar\\\/0b4a62226a9b4f7ce621ec49ca40be1e77d886a42ca84b8a0b0697e9ec17dd63?s=96&d=mm&r=g\",\"url\":\"https:\\\/\\\/secure.gravatar.com\\\/avatar\\\/0b4a62226a9b4f7ce621ec49ca40be1e77d886a42ca84b8a0b0697e9ec17dd63?s=96&d=mm&r=g\",\"contentUrl\":\"https:\\\/\\\/secure.gravatar.com\\\/avatar\\\/0b4a62226a9b4f7ce621ec49ca40be1e77d886a42ca84b8a0b0697e9ec17dd63?s=96&d=mm&r=g\",\"caption\":\"communications\"},\"url\":\"https:\\\/\\\/franciscansinternational.org\\\/pt\\\/author\\\/communications\\\/\"}]}<\/script>\n<!-- \/ Yoast SEO plugin. -->","yoast_head_json":{"title":"Um novo marco para os Franciscanos na Europa\u00a0 - Franciscans International (PT)","robots":{"index":"index","follow":"follow","max-snippet":"max-snippet:-1","max-image-preview":"max-image-preview:large","max-video-preview":"max-video-preview:-1"},"canonical":"https:\/\/franciscansinternational.org\/pt\/um-novo-marco-para-os-franciscanos-na-europa\/","og_locale":"pt_PT","og_type":"article","og_title":"Um novo marco para os Franciscanos na Europa\u00a0 - Franciscans International (PT)","og_description":"Franciscans International lan\u00e7a o seu quarto programa regional\u00a0","og_url":"https:\/\/franciscansinternational.org\/pt\/um-novo-marco-para-os-franciscanos-na-europa\/","og_site_name":"Franciscans International (PT)","article_publisher":"https:\/\/www.facebook.com\/FranciscansInternational\/","article_published_time":"2023-09-12T14:05:21+00:00","article_modified_time":"2023-09-12T14:16:52+00:00","og_image":[{"width":1500,"height":1000,"url":"https:\/\/franciscansinternational.org\/pt\/wp-content\/uploads\/sites\/5\/2023\/09\/Europe-program-article.jpeg","type":"image\/jpeg"}],"author":"communications","twitter_card":"summary_large_image","twitter_creator":"@FranciscansIntl","twitter_site":"@FranciscansIntl","twitter_misc":{"Escrito por":"communications","Tempo estimado de leitura":"3 minutos"},"schema":{"@context":"https:\/\/schema.org","@graph":[{"@type":"Article","@id":"https:\/\/franciscansinternational.org\/pt\/um-novo-marco-para-os-franciscanos-na-europa\/#article","isPartOf":{"@id":"https:\/\/franciscansinternational.org\/pt\/um-novo-marco-para-os-franciscanos-na-europa\/"},"author":{"name":"communications","@id":"https:\/\/franciscansinternational.org\/pt\/#\/schema\/person\/f398f02712a9dcab7603295bc1ea94e4"},"headline":"Um novo marco para os Franciscanos na Europa\u00a0","datePublished":"2023-09-12T14:05:21+00:00","dateModified":"2023-09-12T14:16:52+00:00","mainEntityOfPage":{"@id":"https:\/\/franciscansinternational.org\/pt\/um-novo-marco-para-os-franciscanos-na-europa\/"},"wordCount":491,"publisher":{"@id":"https:\/\/franciscansinternational.org\/pt\/#organization"},"image":{"@id":"https:\/\/franciscansinternational.org\/pt\/um-novo-marco-para-os-franciscanos-na-europa\/#primaryimage"},"thumbnailUrl":"https:\/\/franciscansinternational.org\/pt\/wp-content\/uploads\/sites\/5\/2023\/09\/Europe-program-article.jpeg","keywords":["Programa para a Europa"],"articleSection":["Not\u00edcias"],"inLanguage":"pt-PT"},{"@type":"WebPage","@id":"https:\/\/franciscansinternational.org\/pt\/um-novo-marco-para-os-franciscanos-na-europa\/","url":"https:\/\/franciscansinternational.org\/pt\/um-novo-marco-para-os-franciscanos-na-europa\/","name":"Um novo marco para os Franciscanos na Europa\u00a0 - Franciscans International (PT)","isPartOf":{"@id":"https:\/\/franciscansinternational.org\/pt\/#website"},"primaryImageOfPage":{"@id":"https:\/\/franciscansinternational.org\/pt\/um-novo-marco-para-os-franciscanos-na-europa\/#primaryimage"},"image":{"@id":"https:\/\/franciscansinternational.org\/pt\/um-novo-marco-para-os-franciscanos-na-europa\/#primaryimage"},"thumbnailUrl":"https:\/\/franciscansinternational.org\/pt\/wp-content\/uploads\/sites\/5\/2023\/09\/Europe-program-article.jpeg","datePublished":"2023-09-12T14:05:21+00:00","dateModified":"2023-09-12T14:16:52+00:00","breadcrumb":{"@id":"https:\/\/franciscansinternational.org\/pt\/um-novo-marco-para-os-franciscanos-na-europa\/#breadcrumb"},"inLanguage":"pt-PT","potentialAction":[{"@type":"ReadAction","target":["https:\/\/franciscansinternational.org\/pt\/um-novo-marco-para-os-franciscanos-na-europa\/"]}]},{"@type":"ImageObject","inLanguage":"pt-PT","@id":"https:\/\/franciscansinternational.org\/pt\/um-novo-marco-para-os-franciscanos-na-europa\/#primaryimage","url":"https:\/\/franciscansinternational.org\/pt\/wp-content\/uploads\/sites\/5\/2023\/09\/Europe-program-article.jpeg","contentUrl":"https:\/\/franciscansinternational.org\/pt\/wp-content\/uploads\/sites\/5\/2023\/09\/Europe-program-article.jpeg","width":1500,"height":1000},{"@type":"BreadcrumbList","@id":"https:\/\/franciscansinternational.org\/pt\/um-novo-marco-para-os-franciscanos-na-europa\/#breadcrumb","itemListElement":[{"@type":"ListItem","position":1,"name":"Home","item":"https:\/\/franciscansinternational.org\/pt\/"},{"@type":"ListItem","position":2,"name":"Um novo marco para os Franciscanos na Europa\u00a0"}]},{"@type":"WebSite","@id":"https:\/\/franciscansinternational.org\/pt\/#website","url":"https:\/\/franciscansinternational.org\/pt\/","name":"Franciscans International (PT)","description":"Just another Franciscans International site","publisher":{"@id":"https:\/\/franciscansinternational.org\/pt\/#organization"},"potentialAction":[{"@type":"SearchAction","target":{"@type":"EntryPoint","urlTemplate":"https:\/\/franciscansinternational.org\/pt\/?s={search_term_string}"},"query-input":{"@type":"PropertyValueSpecification","valueRequired":true,"valueName":"search_term_string"}}],"inLanguage":"pt-PT"},{"@type":"Organization","@id":"https:\/\/franciscansinternational.org\/pt\/#organization","name":"Franciscans International (PT)","url":"https:\/\/franciscansinternational.org\/pt\/","logo":{"@type":"ImageObject","inLanguage":"pt-PT","@id":"https:\/\/franciscansinternational.org\/pt\/#\/schema\/logo\/image\/","url":"https:\/\/franciscansinternational.org\/wp-content\/uploads\/sites\/5\/2023\/05\/logo-3.png","contentUrl":"https:\/\/franciscansinternational.org\/wp-content\/uploads\/sites\/5\/2023\/05\/logo-3.png","width":1200,"height":205,"caption":"Franciscans International (PT)"},"image":{"@id":"https:\/\/franciscansinternational.org\/pt\/#\/schema\/logo\/image\/"},"sameAs":["https:\/\/www.facebook.com\/FranciscansInternational\/","https:\/\/x.com\/FranciscansIntl","https:\/\/www.youtube.com\/channel\/UCexu0i-fWB4wwrlPMCz8_Zg"]},{"@type":"Person","@id":"https:\/\/franciscansinternational.org\/pt\/#\/schema\/person\/f398f02712a9dcab7603295bc1ea94e4","name":"communications","image":{"@type":"ImageObject","inLanguage":"pt-PT","@id":"https:\/\/secure.gravatar.com\/avatar\/0b4a62226a9b4f7ce621ec49ca40be1e77d886a42ca84b8a0b0697e9ec17dd63?s=96&d=mm&r=g","url":"https:\/\/secure.gravatar.com\/avatar\/0b4a62226a9b4f7ce621ec49ca40be1e77d886a42ca84b8a0b0697e9ec17dd63?s=96&d=mm&r=g","contentUrl":"https:\/\/secure.gravatar.com\/avatar\/0b4a62226a9b4f7ce621ec49ca40be1e77d886a42ca84b8a0b0697e9ec17dd63?s=96&d=mm&r=g","caption":"communications"},"url":"https:\/\/franciscansinternational.org\/pt\/author\/communications\/"}]}},"jetpack_featured_media_url":"https:\/\/franciscansinternational.org\/pt\/wp-content\/uploads\/sites\/5\/2023\/09\/Europe-program-article.jpeg","jetpack_sharing_enabled":true,"_links":{"self":[{"href":"https:\/\/franciscansinternational.org\/pt\/wp-json\/wp\/v2\/posts\/344","targetHints":{"allow":["GET"]}}],"collection":[{"href":"https:\/\/franciscansinternational.org\/pt\/wp-json\/wp\/v2\/posts"}],"about":[{"href":"https:\/\/franciscansinternational.org\/pt\/wp-json\/wp\/v2\/types\/post"}],"author":[{"embeddable":true,"href":"https:\/\/franciscansinternational.org\/pt\/wp-json\/wp\/v2\/users\/3"}],"replies":[{"embeddable":true,"href":"https:\/\/franciscansinternational.org\/pt\/wp-json\/wp\/v2\/comments?post=344"}],"version-history":[{"count":9,"href":"https:\/\/franciscansinternational.org\/pt\/wp-json\/wp\/v2\/posts\/344\/revisions"}],"predecessor-version":[{"id":361,"href":"https:\/\/franciscansinternational.org\/pt\/wp-json\/wp\/v2\/posts\/344\/revisions\/361"}],"wp:featuredmedia":[{"embeddable":true,"href":"https:\/\/franciscansinternational.org\/pt\/wp-json\/wp\/v2\/media\/345"}],"wp:attachment":[{"href":"https:\/\/franciscansinternational.org\/pt\/wp-json\/wp\/v2\/media?parent=344"}],"wp:term":[{"taxonomy":"category","embeddable":true,"href":"https:\/\/franciscansinternational.org\/pt\/wp-json\/wp\/v2\/categories?post=344"},{"taxonomy":"post_tag","embeddable":true,"href":"https:\/\/franciscansinternational.org\/pt\/wp-json\/wp\/v2\/tags?post=344"}],"curies":[{"name":"wp","href":"https:\/\/api.w.org\/{rel}","templated":true}]}}