{"id":446,"date":"2023-12-11T09:42:08","date_gmt":"2023-12-11T09:42:08","guid":{"rendered":"https:\/\/franciscansinternational.org\/pt\/?p=446"},"modified":"2023-12-11T09:42:10","modified_gmt":"2023-12-11T09:42:10","slug":"franciscanos-na-vanguarda-dos-direitos-humanos-irmao-auguste-agounpke-ofmcap","status":"publish","type":"post","link":"https:\/\/franciscansinternational.org\/pt\/franciscanos-na-vanguarda-dos-direitos-humanos-irmao-auguste-agounpke-ofmcap\/","title":{"rendered":"Franciscanos na vanguarda dos direitos humanos: Irm\u00e3o Auguste Agounpk\u00e9 OFMCap"},"content":{"rendered":"\n<p>Entre certos grupos \u00e9tnicos do norte de Benin, as caracter\u00edsticas de uma crian\u00e7a no nascimento e nos meses seguintes s\u00e3o cruciais para sua sobreviv\u00eancia. Desde sua posi\u00e7\u00e3o durante o nascimento at\u00e9 a forma como ela se mima, ela pode ser acusada de ser uma crian\u00e7a &#8220;bruxa&#8221;. De acordo com as cren\u00e7as tradicionais, ela se torna uma maldi\u00e7\u00e3o para sua fam\u00edlia e para toda a comunidade, e deve ser eliminada.<\/p>\n\n\n\n<p>Conversamos com o irm\u00e3o Auguste Agounpk\u00e9, que est\u00e1 envolvido na luta contra o infantic\u00eddio ritual h\u00e1 mais de 20 anos. Embora tenha havido muito progresso desde ent\u00e3o, inclusive a criminaliza\u00e7\u00e3o da pr\u00e1tica pelo Benin em 2015, ela ainda n\u00e3o desapareceu completamente. Embora o abandono seja agora mais frequentemente escolhido como alternativa \u00e0 morte, as crian\u00e7as acusadas de bruxaria ainda sofrem estigmatiza\u00e7\u00e3o e exclus\u00e3o. Pudemos conversar sobre as atividades de conscientiza\u00e7\u00e3o no campo das quais o Irm\u00e3o Auguste participou, bem como sobre seu envolvimento na defesa internacional.<\/p>\n\n\n\n<p><\/p>\n\n\n\n<hr class=\"wp-block-separator has-alpha-channel-opacity is-style-dots\"\/>\n\n\n\n<p><\/p>\n\n\n\n<p><strong>Voc\u00ea poderia se apresentar e apresentar seu trabalho sobre infantic\u00eddio ritual no Benin?<\/strong><\/p>\n\n\n\n<p>Meu nome \u00e9 Auguste, sou um frade capuchinho e trabalho para a Franciscans-Benin. A primeira vez que ouvi falar das chamadas crian\u00e7as bruxas foi quando fui enviado em uma miss\u00e3o ao norte do pa\u00eds em 2003. Foi estranho para mim, porque \u00e9 algo que n\u00e3o existe no sul. <strong><em>Um dia, um catequista da par\u00f3quia veio avisar o p\u00e1roco que uma crian\u00e7a de oito meses seria executada porque seu primeiro dente havia aparecido no maxilar superior.<\/em><\/strong> Imediatamente entramos no carro e fomos at\u00e9 o vilarejo. Os pais estavam l\u00e1, mas n\u00e3o tinham o direito de falar: cabia ao av\u00f4 decidir o destino da crian\u00e7a. Ele concordou em nos deixar levar seu neto conosco, mas confirmou que o mataria se o visse novamente. Em seguida, tivemos um segundo caso, uma garotinha que tamb\u00e9m tinha come\u00e7ado a ter a denti\u00e7\u00e3o na mand\u00edbula superior. Sua m\u00e3e, que percebeu imediatamente, foi morar com os pais dela por um tempo para que ningu\u00e9m mais percebesse. Por\u00e9m, anos depois, ela finalmente admitiu o fato ao marido. A filha deles j\u00e1 tinha 9 anos, mas o pai ainda queria mat\u00e1-la, ent\u00e3o tivemos que ir procur\u00e1-la. J\u00e1 salvamos cerca de dez crian\u00e7as dessa forma.<\/p>\n\n\n\n<p><strong>Quais s\u00e3o os diferentes motivos pelos quais uma crian\u00e7a pode ser descrita como &#8220;feiticeira&#8221;?<\/strong><\/p>\n\n\n\n<p>Al\u00e9m da denti\u00e7\u00e3o, que deve come\u00e7ar com a mand\u00edbula inferior, a posi\u00e7\u00e3o da crian\u00e7a durante o parto tamb\u00e9m \u00e9 muito importante. <strong><em>O rec\u00e9m-nascido deve cair de costas, olhando para o c\u00e9u: se ele sair pelos p\u00e9s, pelo ombro ou pela culatra, ter\u00e1 de ser sacrificado. <\/em><\/strong>Como a maioria das mulheres d\u00e1 \u00e0 luz em casa, uma parteira da aldeia geralmente \u00e9 a respons\u00e1vel. Mas algumas delas se aproveitam do fato de serem as \u00fanicas com permiss\u00e3o para entrar no quarto &#8211; e, portanto, capazes de testemunhar a posi\u00e7\u00e3o da crian\u00e7a no nascimento &#8211; para acertar as contas. \u00c0s vezes, eles mentem para prejudicar a mulher que est\u00e1 dando \u00e0 luz, caso tenham tido uma disputa com ela, por exemplo. Por fim, o n\u00famero 8 \u00e9 um mau press\u00e1gio na tradi\u00e7\u00e3o do grupo \u00e9tnico Bariba. Se uma mulher der \u00e0 luz prematuramente aos oito meses, isso n\u00e3o ser\u00e1 aceito. Da mesma forma, uma crian\u00e7a n\u00e3o deve fazer seus primeiros dentes aos oito meses.<\/p>\n\n\n\n<p><strong>O que acontece com as mulheres que trazem essas crian\u00e7as ao mundo?<\/strong><\/p>\n\n\n\n<p>Desde que concordem em eliminar o filho, n\u00e3o h\u00e1 problema algum para elas. Entretanto, se decidirem mant\u00ea-lo apesar de tudo, elas tamb\u00e9m estar\u00e3o em perigo. Eu vivenciei isso em primeira m\u00e3o quando estava no norte do pa\u00eds. A sobrinha do bispo com quem eu estava morando deu \u00e0 luz uma crian\u00e7a em uma situa\u00e7\u00e3o &#8220;ruim&#8221;. Com toda a conscientiza\u00e7\u00e3o que fizemos na regi\u00e3o, ela queria proteger o filho e, como o marido n\u00e3o era da mesma cultura, ele n\u00e3o tinha motivo para sacrificar o beb\u00ea. Entretanto, a fam\u00edlia da m\u00e3e dava grande import\u00e2ncia \u00e0s cren\u00e7as tradicionais. Ela e o marido tiveram de fugir da aldeia para proteger o filho. Se ela tivesse ficado, sua vida tamb\u00e9m estaria em risco.<\/p>\n\n\n\n<p><strong>Quais foram as principais etapas de sua luta contra o infantic\u00eddio ritual?<\/strong><\/p>\n\n\n\n<p>Em 2007, fomos convidados pela Franciscans International para participar de um curso de treinamento sobre o uso dos mecanismos de prote\u00e7\u00e3o dos direitos humanos da ONU. Eu estava com uma irm\u00e3 franciscana que eu n\u00e3o conhecia na \u00e9poca, Ir. Madeleine Koty, que j\u00e1 havia salvado cinco crian\u00e7as do assassinato ritual. Eu havia salvado tr\u00eas. Assim, decidimos que era importante chamar a aten\u00e7\u00e3o da comunidade internacional para essa quest\u00e3o e apresentamos um relat\u00f3rio \u00e0 ONU alguns meses depois. Dois pa\u00edses reagiram imediatamente e fizeram recomenda\u00e7\u00f5es para proibir a pr\u00e1tica. Ao retornarmos, continuamos nosso trabalho de conscientiza\u00e7\u00e3o nas comunidades locais onde o fen\u00f4meno \u00e9 frequente e, em 2012, com o apoio da FI, foi criada a ONG Franciscains-B\u00e9nins. <strong><em>Combinando a defesa internacional com a conscientiza\u00e7\u00e3o em n\u00edvel local, posso dizer que, ap\u00f3s anos de trabalho, as coisas mudaram muito, e essas crian\u00e7as n\u00e3o est\u00e3o mais sendo mortas de forma t\u00e3o sistem\u00e1tica. No entanto, o medo permanece, e as crian\u00e7as &#8220;n\u00e3o nascidas&#8221; continuam a ser abandonadas.<\/em><\/strong> \u00c0s vezes, conseguimos conscientizar uma fam\u00edlia para que ela fique com a crian\u00e7a, mas isso continua sendo uma exce\u00e7\u00e3o.<\/p>\n\n\n\n<p><strong>Voc\u00ea pode nos dar um exemplo de uma campanha de conscientiza\u00e7\u00e3o que tenha conseguido realizar?<\/strong><\/p>\n\n\n\n<p>No norte de Benin, organizamos um curso de treinamento de uma semana para cinco parteiras. Algumas dessas parteiras ainda t\u00eam a tradi\u00e7\u00e3o de contar \u00e0s suas fam\u00edlias a posi\u00e7\u00e3o exata da crian\u00e7a ao nascer. Assim, trabalhamos com elas para incentiv\u00e1-las a manter o segredo entre a parteira e a m\u00e3e. Esse projeto come\u00e7ou no ano passado e deve ser executado at\u00e9 2025. Tamb\u00e9m continuaremos com nossas campanhas de conscientiza\u00e7\u00e3o nas escolas, com professores e com v\u00e1rios setores da popula\u00e7\u00e3o. Acho que essas campanhas em diferentes n\u00edveis s\u00e3o essenciais se quisermos ter sucesso na mudan\u00e7a de atitudes.<\/p>\n\n\n\n<p><strong>Quais s\u00e3o as pr\u00f3ximas etapas de seu trabalho para proteger as chamadas &#8220;crian\u00e7as bruxas&#8221;?<\/strong><\/p>\n\n\n\n<p>Atualmente, estamos construindo um centro tempor\u00e1rio para acolher crian\u00e7as que foram rejeitadas por suas fam\u00edlias e mant\u00ea-las seguras. A ideia \u00e9 que elas possam ficar l\u00e1 enquanto encontramos uma fam\u00edlia adotiva para elas, o que \u00e0s vezes pode levar meses. Tentamos escolher fam\u00edlias que sejam sens\u00edveis a essa quest\u00e3o e que estejam pr\u00f3ximas \u00e0s crian\u00e7as do ponto de vista cultural e religioso. Por fim, fornecemos uma contribui\u00e7\u00e3o mensal para suas despesas gerais. Esse projeto est\u00e1 em andamento no momento e est\u00e1 programado para os pr\u00f3ximos tr\u00eas anos.<\/p>\n\n\n\n<p><a href=\"https:\/\/franciscansinternational.org\/wp-content\/uploads\/2023\/07\/Benin_timeline_ENG_online.pdf\" target=\"_blank\" rel=\"noreferrer noopener\">Mais informa\u00e7\u00f5es<\/a> sobre o trabalho da Franciscans-Benin e da Franciscans International sobre a quest\u00e3o do infantic\u00eddio ritual.<\/p>\n\n\n\n<p>Veja nosso artigo principal sobre os franciscanos em <a href=\"https:\/\/franciscansinternational.org\/pt\/franciscanos-na-vanguarda-dos-direitos-humanos\/\" target=\"_blank\" rel=\"noreferrer noopener\">Franciscanos na vanguarda dos direitos humanos<\/a>.<\/p>\n\n\n\n<p><\/p>\n\n\n\n<p><\/p>\n\n\n\n<blockquote class=\"wp-block-quote has-small-font-size is-layout-flow wp-block-quote-is-layout-flow\">\n<p class=\"has-small-font-size\"><em>Esta \u00e9 uma tradu\u00e7\u00e3o autom\u00e1tica. Pedimos desculpa por quaisquer erros que possam ter ocorrido como resultado. Em caso de diverg\u00eancia, \u00e9 a vers\u00e3o inglesa que faz f\u00e9.<\/em><\/p>\n<\/blockquote>\n","protected":false},"excerpt":{"rendered":"<p>Entre certos grupos \u00e9tnicos do norte de Benin, as caracter\u00edsticas de uma crian\u00e7a no nascimento e nos meses seguintes s\u00e3o &#8230; <\/p>\n","protected":false},"author":3,"featured_media":447,"comment_status":"closed","ping_status":"closed","sticky":false,"template":"","format":"standard","meta":{"_relevanssi_hide_post":"","_relevanssi_hide_content":"","_relevanssi_pin_for_all":"","_relevanssi_pin_keywords":"","_relevanssi_unpin_keywords":"","_relevanssi_related_keywords":"","_relevanssi_related_include_ids":"","_relevanssi_related_exclude_ids":"","_relevanssi_related_no_append":"","_relevanssi_related_not_related":"","_relevanssi_related_posts":"377,285,404,146,307,228","_relevanssi_noindex_reason":"","_jetpack_memberships_contains_paid_content":false,"footnotes":""},"categories":[31],"tags":[27,23],"class_list":["post-446","post","type-post","status-publish","format-standard","has-post-thumbnail","hentry","category-franciscanos-na-onu","tag-dignidade-igualitaria","tag-programa-para-a-africa"],"acf":[],"yoast_head":"<!-- This site is optimized with the Yoast SEO plugin v27.5 - https:\/\/yoast.com\/product\/yoast-seo-wordpress\/ -->\n<title>Franciscanos na vanguarda dos direitos humanos: Irm\u00e3o Auguste Agounpk\u00e9 OFMCap - Franciscans International (PT)<\/title>\n<meta name=\"robots\" content=\"index, follow, max-snippet:-1, max-image-preview:large, max-video-preview:-1\" \/>\n<link rel=\"canonical\" href=\"https:\/\/franciscansinternational.org\/pt\/franciscanos-na-vanguarda-dos-direitos-humanos-irmao-auguste-agounpke-ofmcap\/\" \/>\n<meta property=\"og:locale\" content=\"pt_PT\" \/>\n<meta property=\"og:type\" content=\"article\" \/>\n<meta property=\"og:title\" content=\"Franciscanos na vanguarda dos direitos humanos: Irm\u00e3o Auguste Agounpk\u00e9 OFMCap - Franciscans International (PT)\" \/>\n<meta property=\"og:description\" content=\"Entre certos grupos \u00e9tnicos do norte de Benin, as caracter\u00edsticas de uma crian\u00e7a no nascimento e nos meses seguintes s\u00e3o ...\" \/>\n<meta property=\"og:url\" content=\"https:\/\/franciscansinternational.org\/pt\/franciscanos-na-vanguarda-dos-direitos-humanos-irmao-auguste-agounpke-ofmcap\/\" \/>\n<meta property=\"og:site_name\" content=\"Franciscans International (PT)\" \/>\n<meta property=\"article:publisher\" content=\"https:\/\/www.facebook.com\/FranciscansInternational\/\" \/>\n<meta property=\"article:published_time\" content=\"2023-12-11T09:42:08+00:00\" \/>\n<meta property=\"article:modified_time\" content=\"2023-12-11T09:42:10+00:00\" \/>\n<meta property=\"og:image\" content=\"https:\/\/franciscansinternational.org\/pt\/wp-content\/uploads\/sites\/5\/2023\/12\/Auguste_website-scaled.jpg\" \/>\n\t<meta property=\"og:image:width\" content=\"2560\" \/>\n\t<meta property=\"og:image:height\" content=\"1347\" \/>\n\t<meta property=\"og:image:type\" content=\"image\/jpeg\" \/>\n<meta name=\"author\" content=\"communications\" \/>\n<meta name=\"twitter:card\" content=\"summary_large_image\" \/>\n<meta name=\"twitter:creator\" content=\"@FranciscansIntl\" \/>\n<meta name=\"twitter:site\" content=\"@FranciscansIntl\" \/>\n<meta name=\"twitter:label1\" content=\"Escrito por\" \/>\n\t<meta name=\"twitter:data1\" content=\"communications\" \/>\n\t<meta name=\"twitter:label2\" content=\"Tempo estimado de leitura\" \/>\n\t<meta name=\"twitter:data2\" content=\"7 minutos\" \/>\n<script type=\"application\/ld+json\" class=\"yoast-schema-graph\">{\"@context\":\"https:\\\/\\\/schema.org\",\"@graph\":[{\"@type\":\"Article\",\"@id\":\"https:\\\/\\\/franciscansinternational.org\\\/pt\\\/franciscanos-na-vanguarda-dos-direitos-humanos-irmao-auguste-agounpke-ofmcap\\\/#article\",\"isPartOf\":{\"@id\":\"https:\\\/\\\/franciscansinternational.org\\\/pt\\\/franciscanos-na-vanguarda-dos-direitos-humanos-irmao-auguste-agounpke-ofmcap\\\/\"},\"author\":{\"name\":\"communications\",\"@id\":\"https:\\\/\\\/franciscansinternational.org\\\/pt\\\/#\\\/schema\\\/person\\\/f398f02712a9dcab7603295bc1ea94e4\"},\"headline\":\"Franciscanos na vanguarda dos direitos humanos: Irm\u00e3o Auguste Agounpk\u00e9 OFMCap\",\"datePublished\":\"2023-12-11T09:42:08+00:00\",\"dateModified\":\"2023-12-11T09:42:10+00:00\",\"mainEntityOfPage\":{\"@id\":\"https:\\\/\\\/franciscansinternational.org\\\/pt\\\/franciscanos-na-vanguarda-dos-direitos-humanos-irmao-auguste-agounpke-ofmcap\\\/\"},\"wordCount\":1269,\"publisher\":{\"@id\":\"https:\\\/\\\/franciscansinternational.org\\\/pt\\\/#organization\"},\"image\":{\"@id\":\"https:\\\/\\\/franciscansinternational.org\\\/pt\\\/franciscanos-na-vanguarda-dos-direitos-humanos-irmao-auguste-agounpke-ofmcap\\\/#primaryimage\"},\"thumbnailUrl\":\"https:\\\/\\\/franciscansinternational.org\\\/pt\\\/wp-content\\\/uploads\\\/sites\\\/5\\\/2023\\\/12\\\/Auguste_website-scaled.jpg\",\"keywords\":[\"Dignidade igualit\u00e1ria\",\"Programa para a \u00c1frica\"],\"articleSection\":[\"Franciscanos na ONU\"],\"inLanguage\":\"pt-PT\"},{\"@type\":\"WebPage\",\"@id\":\"https:\\\/\\\/franciscansinternational.org\\\/pt\\\/franciscanos-na-vanguarda-dos-direitos-humanos-irmao-auguste-agounpke-ofmcap\\\/\",\"url\":\"https:\\\/\\\/franciscansinternational.org\\\/pt\\\/franciscanos-na-vanguarda-dos-direitos-humanos-irmao-auguste-agounpke-ofmcap\\\/\",\"name\":\"Franciscanos na vanguarda dos direitos humanos: Irm\u00e3o Auguste Agounpk\u00e9 OFMCap - Franciscans International (PT)\",\"isPartOf\":{\"@id\":\"https:\\\/\\\/franciscansinternational.org\\\/pt\\\/#website\"},\"primaryImageOfPage\":{\"@id\":\"https:\\\/\\\/franciscansinternational.org\\\/pt\\\/franciscanos-na-vanguarda-dos-direitos-humanos-irmao-auguste-agounpke-ofmcap\\\/#primaryimage\"},\"image\":{\"@id\":\"https:\\\/\\\/franciscansinternational.org\\\/pt\\\/franciscanos-na-vanguarda-dos-direitos-humanos-irmao-auguste-agounpke-ofmcap\\\/#primaryimage\"},\"thumbnailUrl\":\"https:\\\/\\\/franciscansinternational.org\\\/pt\\\/wp-content\\\/uploads\\\/sites\\\/5\\\/2023\\\/12\\\/Auguste_website-scaled.jpg\",\"datePublished\":\"2023-12-11T09:42:08+00:00\",\"dateModified\":\"2023-12-11T09:42:10+00:00\",\"breadcrumb\":{\"@id\":\"https:\\\/\\\/franciscansinternational.org\\\/pt\\\/franciscanos-na-vanguarda-dos-direitos-humanos-irmao-auguste-agounpke-ofmcap\\\/#breadcrumb\"},\"inLanguage\":\"pt-PT\",\"potentialAction\":[{\"@type\":\"ReadAction\",\"target\":[\"https:\\\/\\\/franciscansinternational.org\\\/pt\\\/franciscanos-na-vanguarda-dos-direitos-humanos-irmao-auguste-agounpke-ofmcap\\\/\"]}]},{\"@type\":\"ImageObject\",\"inLanguage\":\"pt-PT\",\"@id\":\"https:\\\/\\\/franciscansinternational.org\\\/pt\\\/franciscanos-na-vanguarda-dos-direitos-humanos-irmao-auguste-agounpke-ofmcap\\\/#primaryimage\",\"url\":\"https:\\\/\\\/franciscansinternational.org\\\/pt\\\/wp-content\\\/uploads\\\/sites\\\/5\\\/2023\\\/12\\\/Auguste_website-scaled.jpg\",\"contentUrl\":\"https:\\\/\\\/franciscansinternational.org\\\/pt\\\/wp-content\\\/uploads\\\/sites\\\/5\\\/2023\\\/12\\\/Auguste_website-scaled.jpg\",\"width\":2560,\"height\":1347},{\"@type\":\"BreadcrumbList\",\"@id\":\"https:\\\/\\\/franciscansinternational.org\\\/pt\\\/franciscanos-na-vanguarda-dos-direitos-humanos-irmao-auguste-agounpke-ofmcap\\\/#breadcrumb\",\"itemListElement\":[{\"@type\":\"ListItem\",\"position\":1,\"name\":\"Home\",\"item\":\"https:\\\/\\\/franciscansinternational.org\\\/pt\\\/\"},{\"@type\":\"ListItem\",\"position\":2,\"name\":\"Franciscanos na vanguarda dos direitos humanos: Irm\u00e3o Auguste Agounpk\u00e9 OFMCap\"}]},{\"@type\":\"WebSite\",\"@id\":\"https:\\\/\\\/franciscansinternational.org\\\/pt\\\/#website\",\"url\":\"https:\\\/\\\/franciscansinternational.org\\\/pt\\\/\",\"name\":\"Franciscans International (PT)\",\"description\":\"Just another Franciscans International site\",\"publisher\":{\"@id\":\"https:\\\/\\\/franciscansinternational.org\\\/pt\\\/#organization\"},\"potentialAction\":[{\"@type\":\"SearchAction\",\"target\":{\"@type\":\"EntryPoint\",\"urlTemplate\":\"https:\\\/\\\/franciscansinternational.org\\\/pt\\\/?s={search_term_string}\"},\"query-input\":{\"@type\":\"PropertyValueSpecification\",\"valueRequired\":true,\"valueName\":\"search_term_string\"}}],\"inLanguage\":\"pt-PT\"},{\"@type\":\"Organization\",\"@id\":\"https:\\\/\\\/franciscansinternational.org\\\/pt\\\/#organization\",\"name\":\"Franciscans International (PT)\",\"url\":\"https:\\\/\\\/franciscansinternational.org\\\/pt\\\/\",\"logo\":{\"@type\":\"ImageObject\",\"inLanguage\":\"pt-PT\",\"@id\":\"https:\\\/\\\/franciscansinternational.org\\\/pt\\\/#\\\/schema\\\/logo\\\/image\\\/\",\"url\":\"https:\\\/\\\/franciscansinternational.org\\\/wp-content\\\/uploads\\\/sites\\\/5\\\/2023\\\/05\\\/logo-3.png\",\"contentUrl\":\"https:\\\/\\\/franciscansinternational.org\\\/wp-content\\\/uploads\\\/sites\\\/5\\\/2023\\\/05\\\/logo-3.png\",\"width\":1200,\"height\":205,\"caption\":\"Franciscans International (PT)\"},\"image\":{\"@id\":\"https:\\\/\\\/franciscansinternational.org\\\/pt\\\/#\\\/schema\\\/logo\\\/image\\\/\"},\"sameAs\":[\"https:\\\/\\\/www.facebook.com\\\/FranciscansInternational\\\/\",\"https:\\\/\\\/x.com\\\/FranciscansIntl\",\"https:\\\/\\\/www.youtube.com\\\/channel\\\/UCexu0i-fWB4wwrlPMCz8_Zg\"]},{\"@type\":\"Person\",\"@id\":\"https:\\\/\\\/franciscansinternational.org\\\/pt\\\/#\\\/schema\\\/person\\\/f398f02712a9dcab7603295bc1ea94e4\",\"name\":\"communications\",\"image\":{\"@type\":\"ImageObject\",\"inLanguage\":\"pt-PT\",\"@id\":\"https:\\\/\\\/secure.gravatar.com\\\/avatar\\\/0b4a62226a9b4f7ce621ec49ca40be1e77d886a42ca84b8a0b0697e9ec17dd63?s=96&d=mm&r=g\",\"url\":\"https:\\\/\\\/secure.gravatar.com\\\/avatar\\\/0b4a62226a9b4f7ce621ec49ca40be1e77d886a42ca84b8a0b0697e9ec17dd63?s=96&d=mm&r=g\",\"contentUrl\":\"https:\\\/\\\/secure.gravatar.com\\\/avatar\\\/0b4a62226a9b4f7ce621ec49ca40be1e77d886a42ca84b8a0b0697e9ec17dd63?s=96&d=mm&r=g\",\"caption\":\"communications\"},\"url\":\"https:\\\/\\\/franciscansinternational.org\\\/pt\\\/author\\\/communications\\\/\"}]}<\/script>\n<!-- \/ Yoast SEO plugin. -->","yoast_head_json":{"title":"Franciscanos na vanguarda dos direitos humanos: Irm\u00e3o Auguste Agounpk\u00e9 OFMCap - Franciscans International (PT)","robots":{"index":"index","follow":"follow","max-snippet":"max-snippet:-1","max-image-preview":"max-image-preview:large","max-video-preview":"max-video-preview:-1"},"canonical":"https:\/\/franciscansinternational.org\/pt\/franciscanos-na-vanguarda-dos-direitos-humanos-irmao-auguste-agounpke-ofmcap\/","og_locale":"pt_PT","og_type":"article","og_title":"Franciscanos na vanguarda dos direitos humanos: Irm\u00e3o Auguste Agounpk\u00e9 OFMCap - Franciscans International (PT)","og_description":"Entre certos grupos \u00e9tnicos do norte de Benin, as caracter\u00edsticas de uma crian\u00e7a no nascimento e nos meses seguintes s\u00e3o ...","og_url":"https:\/\/franciscansinternational.org\/pt\/franciscanos-na-vanguarda-dos-direitos-humanos-irmao-auguste-agounpke-ofmcap\/","og_site_name":"Franciscans International (PT)","article_publisher":"https:\/\/www.facebook.com\/FranciscansInternational\/","article_published_time":"2023-12-11T09:42:08+00:00","article_modified_time":"2023-12-11T09:42:10+00:00","og_image":[{"width":2560,"height":1347,"url":"https:\/\/franciscansinternational.org\/pt\/wp-content\/uploads\/sites\/5\/2023\/12\/Auguste_website-scaled.jpg","type":"image\/jpeg"}],"author":"communications","twitter_card":"summary_large_image","twitter_creator":"@FranciscansIntl","twitter_site":"@FranciscansIntl","twitter_misc":{"Escrito por":"communications","Tempo estimado de leitura":"7 minutos"},"schema":{"@context":"https:\/\/schema.org","@graph":[{"@type":"Article","@id":"https:\/\/franciscansinternational.org\/pt\/franciscanos-na-vanguarda-dos-direitos-humanos-irmao-auguste-agounpke-ofmcap\/#article","isPartOf":{"@id":"https:\/\/franciscansinternational.org\/pt\/franciscanos-na-vanguarda-dos-direitos-humanos-irmao-auguste-agounpke-ofmcap\/"},"author":{"name":"communications","@id":"https:\/\/franciscansinternational.org\/pt\/#\/schema\/person\/f398f02712a9dcab7603295bc1ea94e4"},"headline":"Franciscanos na vanguarda dos direitos humanos: Irm\u00e3o Auguste Agounpk\u00e9 OFMCap","datePublished":"2023-12-11T09:42:08+00:00","dateModified":"2023-12-11T09:42:10+00:00","mainEntityOfPage":{"@id":"https:\/\/franciscansinternational.org\/pt\/franciscanos-na-vanguarda-dos-direitos-humanos-irmao-auguste-agounpke-ofmcap\/"},"wordCount":1269,"publisher":{"@id":"https:\/\/franciscansinternational.org\/pt\/#organization"},"image":{"@id":"https:\/\/franciscansinternational.org\/pt\/franciscanos-na-vanguarda-dos-direitos-humanos-irmao-auguste-agounpke-ofmcap\/#primaryimage"},"thumbnailUrl":"https:\/\/franciscansinternational.org\/pt\/wp-content\/uploads\/sites\/5\/2023\/12\/Auguste_website-scaled.jpg","keywords":["Dignidade igualit\u00e1ria","Programa para a \u00c1frica"],"articleSection":["Franciscanos na ONU"],"inLanguage":"pt-PT"},{"@type":"WebPage","@id":"https:\/\/franciscansinternational.org\/pt\/franciscanos-na-vanguarda-dos-direitos-humanos-irmao-auguste-agounpke-ofmcap\/","url":"https:\/\/franciscansinternational.org\/pt\/franciscanos-na-vanguarda-dos-direitos-humanos-irmao-auguste-agounpke-ofmcap\/","name":"Franciscanos na vanguarda dos direitos humanos: Irm\u00e3o Auguste Agounpk\u00e9 OFMCap - Franciscans International (PT)","isPartOf":{"@id":"https:\/\/franciscansinternational.org\/pt\/#website"},"primaryImageOfPage":{"@id":"https:\/\/franciscansinternational.org\/pt\/franciscanos-na-vanguarda-dos-direitos-humanos-irmao-auguste-agounpke-ofmcap\/#primaryimage"},"image":{"@id":"https:\/\/franciscansinternational.org\/pt\/franciscanos-na-vanguarda-dos-direitos-humanos-irmao-auguste-agounpke-ofmcap\/#primaryimage"},"thumbnailUrl":"https:\/\/franciscansinternational.org\/pt\/wp-content\/uploads\/sites\/5\/2023\/12\/Auguste_website-scaled.jpg","datePublished":"2023-12-11T09:42:08+00:00","dateModified":"2023-12-11T09:42:10+00:00","breadcrumb":{"@id":"https:\/\/franciscansinternational.org\/pt\/franciscanos-na-vanguarda-dos-direitos-humanos-irmao-auguste-agounpke-ofmcap\/#breadcrumb"},"inLanguage":"pt-PT","potentialAction":[{"@type":"ReadAction","target":["https:\/\/franciscansinternational.org\/pt\/franciscanos-na-vanguarda-dos-direitos-humanos-irmao-auguste-agounpke-ofmcap\/"]}]},{"@type":"ImageObject","inLanguage":"pt-PT","@id":"https:\/\/franciscansinternational.org\/pt\/franciscanos-na-vanguarda-dos-direitos-humanos-irmao-auguste-agounpke-ofmcap\/#primaryimage","url":"https:\/\/franciscansinternational.org\/pt\/wp-content\/uploads\/sites\/5\/2023\/12\/Auguste_website-scaled.jpg","contentUrl":"https:\/\/franciscansinternational.org\/pt\/wp-content\/uploads\/sites\/5\/2023\/12\/Auguste_website-scaled.jpg","width":2560,"height":1347},{"@type":"BreadcrumbList","@id":"https:\/\/franciscansinternational.org\/pt\/franciscanos-na-vanguarda-dos-direitos-humanos-irmao-auguste-agounpke-ofmcap\/#breadcrumb","itemListElement":[{"@type":"ListItem","position":1,"name":"Home","item":"https:\/\/franciscansinternational.org\/pt\/"},{"@type":"ListItem","position":2,"name":"Franciscanos na vanguarda dos direitos humanos: Irm\u00e3o Auguste Agounpk\u00e9 OFMCap"}]},{"@type":"WebSite","@id":"https:\/\/franciscansinternational.org\/pt\/#website","url":"https:\/\/franciscansinternational.org\/pt\/","name":"Franciscans International (PT)","description":"Just another Franciscans International site","publisher":{"@id":"https:\/\/franciscansinternational.org\/pt\/#organization"},"potentialAction":[{"@type":"SearchAction","target":{"@type":"EntryPoint","urlTemplate":"https:\/\/franciscansinternational.org\/pt\/?s={search_term_string}"},"query-input":{"@type":"PropertyValueSpecification","valueRequired":true,"valueName":"search_term_string"}}],"inLanguage":"pt-PT"},{"@type":"Organization","@id":"https:\/\/franciscansinternational.org\/pt\/#organization","name":"Franciscans International (PT)","url":"https:\/\/franciscansinternational.org\/pt\/","logo":{"@type":"ImageObject","inLanguage":"pt-PT","@id":"https:\/\/franciscansinternational.org\/pt\/#\/schema\/logo\/image\/","url":"https:\/\/franciscansinternational.org\/wp-content\/uploads\/sites\/5\/2023\/05\/logo-3.png","contentUrl":"https:\/\/franciscansinternational.org\/wp-content\/uploads\/sites\/5\/2023\/05\/logo-3.png","width":1200,"height":205,"caption":"Franciscans International (PT)"},"image":{"@id":"https:\/\/franciscansinternational.org\/pt\/#\/schema\/logo\/image\/"},"sameAs":["https:\/\/www.facebook.com\/FranciscansInternational\/","https:\/\/x.com\/FranciscansIntl","https:\/\/www.youtube.com\/channel\/UCexu0i-fWB4wwrlPMCz8_Zg"]},{"@type":"Person","@id":"https:\/\/franciscansinternational.org\/pt\/#\/schema\/person\/f398f02712a9dcab7603295bc1ea94e4","name":"communications","image":{"@type":"ImageObject","inLanguage":"pt-PT","@id":"https:\/\/secure.gravatar.com\/avatar\/0b4a62226a9b4f7ce621ec49ca40be1e77d886a42ca84b8a0b0697e9ec17dd63?s=96&d=mm&r=g","url":"https:\/\/secure.gravatar.com\/avatar\/0b4a62226a9b4f7ce621ec49ca40be1e77d886a42ca84b8a0b0697e9ec17dd63?s=96&d=mm&r=g","contentUrl":"https:\/\/secure.gravatar.com\/avatar\/0b4a62226a9b4f7ce621ec49ca40be1e77d886a42ca84b8a0b0697e9ec17dd63?s=96&d=mm&r=g","caption":"communications"},"url":"https:\/\/franciscansinternational.org\/pt\/author\/communications\/"}]}},"jetpack_featured_media_url":"https:\/\/franciscansinternational.org\/pt\/wp-content\/uploads\/sites\/5\/2023\/12\/Auguste_website-scaled.jpg","jetpack_sharing_enabled":true,"_links":{"self":[{"href":"https:\/\/franciscansinternational.org\/pt\/wp-json\/wp\/v2\/posts\/446","targetHints":{"allow":["GET"]}}],"collection":[{"href":"https:\/\/franciscansinternational.org\/pt\/wp-json\/wp\/v2\/posts"}],"about":[{"href":"https:\/\/franciscansinternational.org\/pt\/wp-json\/wp\/v2\/types\/post"}],"author":[{"embeddable":true,"href":"https:\/\/franciscansinternational.org\/pt\/wp-json\/wp\/v2\/users\/3"}],"replies":[{"embeddable":true,"href":"https:\/\/franciscansinternational.org\/pt\/wp-json\/wp\/v2\/comments?post=446"}],"version-history":[{"count":3,"href":"https:\/\/franciscansinternational.org\/pt\/wp-json\/wp\/v2\/posts\/446\/revisions"}],"predecessor-version":[{"id":450,"href":"https:\/\/franciscansinternational.org\/pt\/wp-json\/wp\/v2\/posts\/446\/revisions\/450"}],"wp:featuredmedia":[{"embeddable":true,"href":"https:\/\/franciscansinternational.org\/pt\/wp-json\/wp\/v2\/media\/447"}],"wp:attachment":[{"href":"https:\/\/franciscansinternational.org\/pt\/wp-json\/wp\/v2\/media?parent=446"}],"wp:term":[{"taxonomy":"category","embeddable":true,"href":"https:\/\/franciscansinternational.org\/pt\/wp-json\/wp\/v2\/categories?post=446"},{"taxonomy":"post_tag","embeddable":true,"href":"https:\/\/franciscansinternational.org\/pt\/wp-json\/wp\/v2\/tags?post=446"}],"curies":[{"name":"wp","href":"https:\/\/api.w.org\/{rel}","templated":true}]}}