{"id":560,"date":"2024-09-12T08:32:41","date_gmt":"2024-09-12T08:32:41","guid":{"rendered":"https:\/\/franciscansinternational.org\/pt\/?p=560"},"modified":"2024-09-12T08:33:01","modified_gmt":"2024-09-12T08:33:01","slug":"compreender-os-desafios-dos-migrantes-venezuelanos-na-colombia","status":"publish","type":"post","link":"https:\/\/franciscansinternational.org\/pt\/compreender-os-desafios-dos-migrantes-venezuelanos-na-colombia\/","title":{"rendered":"Compreender os desafios dos migrantes venezuelanos na Col\u00f4mbia"},"content":{"rendered":"\n<p>A terr\u00edvel situa\u00e7\u00e3o econ\u00f3mica e a repress\u00e3o pol\u00edtica na Venezuela levaram mais de 7 milh\u00f5es de pessoas a abandonar o pa\u00eds nos \u00faltimos anos. Quase 3 milh\u00f5es delas cruzaram a fronteira com a vizinha Col\u00f4mbia. Embora o governo tenha emitido autoriza\u00e7\u00f5es de prote\u00e7\u00e3o tempor\u00e1ria a quase 70% destes migrantes, eles ainda enfrentam uma s\u00e9rie de desafios, incluindo barreiras no acesso aos cuidados de sa\u00fade, discrimina\u00e7\u00e3o e explora\u00e7\u00e3o no local de trabalho e maior risco de viol\u00eancia baseada no g\u00e9nero. Recentemente, a Franciscans International visitou diferentes grupos franciscanos na Col\u00f4mbia que trabalham para apoiar estas comunidades deslocadas.&nbsp;<\/p>\n\n\n\n<figure class=\"wp-block-gallery has-nested-images columns-default is-cropped wp-block-gallery-1 is-layout-flex wp-block-gallery-is-layout-flex\">\n<figure class=\"wp-block-image size-large\"><img loading=\"lazy\" decoding=\"async\" width=\"1024\" height=\"768\" data-id=\"561\" src=\"https:\/\/franciscansinternational.org\/pt\/wp-content\/uploads\/sites\/5\/2024\/09\/Colombia_2024_1-1024x768.jpg\" alt=\"\" class=\"wp-image-561\" srcset=\"https:\/\/franciscansinternational.org\/pt\/wp-content\/uploads\/sites\/5\/2024\/09\/Colombia_2024_1-1024x768.jpg 1024w, https:\/\/franciscansinternational.org\/pt\/wp-content\/uploads\/sites\/5\/2024\/09\/Colombia_2024_1-300x225.jpg 300w, https:\/\/franciscansinternational.org\/pt\/wp-content\/uploads\/sites\/5\/2024\/09\/Colombia_2024_1-768x576.jpg 768w, https:\/\/franciscansinternational.org\/pt\/wp-content\/uploads\/sites\/5\/2024\/09\/Colombia_2024_1-1536x1152.jpg 1536w, https:\/\/franciscansinternational.org\/pt\/wp-content\/uploads\/sites\/5\/2024\/09\/Colombia_2024_1-2048x1536.jpg 2048w\" sizes=\"auto, (max-width: 1024px) 100vw, 1024px\" \/><\/figure>\n\n\n\n<figure class=\"wp-block-image size-large\"><img loading=\"lazy\" decoding=\"async\" width=\"1024\" height=\"768\" data-id=\"562\" src=\"https:\/\/franciscansinternational.org\/pt\/wp-content\/uploads\/sites\/5\/2024\/09\/Colombia_2024_2-1024x768.jpg\" alt=\"\" class=\"wp-image-562\" srcset=\"https:\/\/franciscansinternational.org\/pt\/wp-content\/uploads\/sites\/5\/2024\/09\/Colombia_2024_2-1024x768.jpg 1024w, https:\/\/franciscansinternational.org\/pt\/wp-content\/uploads\/sites\/5\/2024\/09\/Colombia_2024_2-300x225.jpg 300w, https:\/\/franciscansinternational.org\/pt\/wp-content\/uploads\/sites\/5\/2024\/09\/Colombia_2024_2-768x576.jpg 768w, https:\/\/franciscansinternational.org\/pt\/wp-content\/uploads\/sites\/5\/2024\/09\/Colombia_2024_2-1536x1152.jpg 1536w, https:\/\/franciscansinternational.org\/pt\/wp-content\/uploads\/sites\/5\/2024\/09\/Colombia_2024_2-2048x1536.jpg 2048w\" sizes=\"auto, (max-width: 1024px) 100vw, 1024px\" \/><\/figure>\n\n\n\n<figure class=\"wp-block-image size-large\"><img loading=\"lazy\" decoding=\"async\" width=\"1024\" height=\"768\" data-id=\"564\" src=\"https:\/\/franciscansinternational.org\/pt\/wp-content\/uploads\/sites\/5\/2024\/09\/Colombia_2024_3-1-1024x768.jpg\" alt=\"\" class=\"wp-image-564\" srcset=\"https:\/\/franciscansinternational.org\/pt\/wp-content\/uploads\/sites\/5\/2024\/09\/Colombia_2024_3-1-1024x768.jpg 1024w, https:\/\/franciscansinternational.org\/pt\/wp-content\/uploads\/sites\/5\/2024\/09\/Colombia_2024_3-1-300x225.jpg 300w, https:\/\/franciscansinternational.org\/pt\/wp-content\/uploads\/sites\/5\/2024\/09\/Colombia_2024_3-1-768x576.jpg 768w, https:\/\/franciscansinternational.org\/pt\/wp-content\/uploads\/sites\/5\/2024\/09\/Colombia_2024_3-1-1536x1152.jpg 1536w, https:\/\/franciscansinternational.org\/pt\/wp-content\/uploads\/sites\/5\/2024\/09\/Colombia_2024_3-1-2048x1536.jpg 2048w\" sizes=\"auto, (max-width: 1024px) 100vw, 1024px\" \/><\/figure>\n<\/figure>\n\n\n\n<p>\u201cA Col\u00f4mbia teve mais de 50 anos de conflito armado que gerou desloca\u00e7\u00f5es internas for\u00e7adas e uma crise humanit\u00e1ria. A primeira e a segunda vaga de migrantes venezuelanos vieram juntar-se ao drama da desloca\u00e7\u00e3o\u201d, diz Fabi\u00e1n Valderrama, que coordena as actividades da Rede Franciscana para os Migrantes (FNM) na Col\u00f4mbia. \u201cA Fam\u00edlia Franciscana na Col\u00f4mbia sempre teve essa voca\u00e7\u00e3o de servi\u00e7o e dedica\u00e7\u00e3o para trabalhar com essas comunidades.\u201d&nbsp;<br><br>Os franciscanos de todo o pa\u00eds t\u00eam trabalhado para apoiar os deslocados da Venezuela. Abordando o seu minist\u00e9rio a partir de uma \u201ccultura do encontro\u201d, isto vai desde a presta\u00e7\u00e3o de apoio psico-social at\u00e9 \u00e0 constru\u00e7\u00e3o e refor\u00e7o de redes de solidariedade e ajuda m\u00fatua. Com base nestas liga\u00e7\u00f5es, a FNM e a FI est\u00e3o agora a realizar um projeto de investiga\u00e7\u00e3o para obter uma compreens\u00e3o mais profunda dos desafios espec\u00edficos enfrentados pelos migrantes venezuelanos na Col\u00f4mbia.&nbsp;<\/p>\n\n\n\n<figure class=\"wp-block-gallery has-nested-images columns-default is-cropped wp-block-gallery-2 is-layout-flex wp-block-gallery-is-layout-flex\">\n<figure class=\"wp-block-image size-large\"><img loading=\"lazy\" decoding=\"async\" width=\"1024\" height=\"768\" data-id=\"566\" src=\"https:\/\/franciscansinternational.org\/pt\/wp-content\/uploads\/sites\/5\/2024\/09\/Colombia_2024_4-1024x768.jpg\" alt=\"\" class=\"wp-image-566\" srcset=\"https:\/\/franciscansinternational.org\/pt\/wp-content\/uploads\/sites\/5\/2024\/09\/Colombia_2024_4-1024x768.jpg 1024w, https:\/\/franciscansinternational.org\/pt\/wp-content\/uploads\/sites\/5\/2024\/09\/Colombia_2024_4-300x225.jpg 300w, https:\/\/franciscansinternational.org\/pt\/wp-content\/uploads\/sites\/5\/2024\/09\/Colombia_2024_4-768x576.jpg 768w, https:\/\/franciscansinternational.org\/pt\/wp-content\/uploads\/sites\/5\/2024\/09\/Colombia_2024_4.jpg 1500w\" sizes=\"auto, (max-width: 1024px) 100vw, 1024px\" \/><\/figure>\n\n\n\n<figure class=\"wp-block-image size-large\"><img loading=\"lazy\" decoding=\"async\" width=\"1024\" height=\"769\" data-id=\"567\" src=\"https:\/\/franciscansinternational.org\/pt\/wp-content\/uploads\/sites\/5\/2024\/09\/Colombia_2024_5-1024x769.jpg\" alt=\"\" class=\"wp-image-567\" srcset=\"https:\/\/franciscansinternational.org\/pt\/wp-content\/uploads\/sites\/5\/2024\/09\/Colombia_2024_5-1024x769.jpg 1024w, https:\/\/franciscansinternational.org\/pt\/wp-content\/uploads\/sites\/5\/2024\/09\/Colombia_2024_5-300x225.jpg 300w, https:\/\/franciscansinternational.org\/pt\/wp-content\/uploads\/sites\/5\/2024\/09\/Colombia_2024_5-768x577.jpg 768w, https:\/\/franciscansinternational.org\/pt\/wp-content\/uploads\/sites\/5\/2024\/09\/Colombia_2024_5.jpg 1500w\" sizes=\"auto, (max-width: 1024px) 100vw, 1024px\" \/><\/figure>\n\n\n\n<figure class=\"wp-block-image size-large\"><img loading=\"lazy\" decoding=\"async\" width=\"1024\" height=\"768\" data-id=\"565\" src=\"https:\/\/franciscansinternational.org\/pt\/wp-content\/uploads\/sites\/5\/2024\/09\/Colombia_2024_6-1024x768.jpg\" alt=\"\" class=\"wp-image-565\" srcset=\"https:\/\/franciscansinternational.org\/pt\/wp-content\/uploads\/sites\/5\/2024\/09\/Colombia_2024_6-1024x768.jpg 1024w, https:\/\/franciscansinternational.org\/pt\/wp-content\/uploads\/sites\/5\/2024\/09\/Colombia_2024_6-300x225.jpg 300w, https:\/\/franciscansinternational.org\/pt\/wp-content\/uploads\/sites\/5\/2024\/09\/Colombia_2024_6-768x576.jpg 768w, https:\/\/franciscansinternational.org\/pt\/wp-content\/uploads\/sites\/5\/2024\/09\/Colombia_2024_6.jpg 1500w\" sizes=\"auto, (max-width: 1024px) 100vw, 1024px\" \/><\/figure>\n<\/figure>\n\n\n\n<p>\u201cComo franciscanos, vivemos com os migrantes e partilhamos a sua situa\u00e7\u00e3o de vulnerabilidade, em termos de servi\u00e7os p\u00fablicos, dificuldades de acesso a cuidados de sa\u00fade, transportes, etc.\u201d, diz o Irm\u00e3o Juan Rend\u00f3n OFM, cuja comunidade de Frades Menores vive no centro de La Honda, um dos bairros mais pobres de Medell\u00edn. \u201cAqui, pode dizer-se que, juntamente com os migrantes e as pessoas deslocadas, estamos a construir esperan\u00e7a\u201d.&nbsp;<br><br>Em agosto, FI juntou-se \u00e0s equipas da FNM na Arm\u00e9nia, Cali e Medell\u00edn para participar numa s\u00e9rie de discuss\u00f5es de grupos de discuss\u00e3o. Essas conversas, que ser\u00e3o seguidas de entrevistas aprofundadas, servir\u00e3o de base para recomenda\u00e7\u00f5es concretas \u00e0s autoridades que possam ajudar a melhorar a situa\u00e7\u00e3o dos migrantes no pa\u00eds. Apoiando os esfor\u00e7os locais de defesa de direitos, a FI procurar\u00e1 apresentar as conclus\u00f5es, bem como a terr\u00edvel situa\u00e7\u00e3o dos direitos humanos na Venezuela que alimenta os actuais n\u00edveis de desloca\u00e7\u00e3o, atrav\u00e9s dos mecanismos de direitos humanos relevantes da ONU.&nbsp;<\/p>\n\n\n\n<p><\/p>\n\n\n\n<blockquote class=\"wp-block-quote has-small-font-size is-layout-flow wp-block-quote-is-layout-flow\">\n<p>Esta \u00e9 uma tradu\u00e7\u00e3o autom\u00e1tica. Pedimos desculpa por quaisquer erros que possam ter ocorrido como resultado. Em caso de diverg\u00eancia, \u00e9 a vers\u00e3o inglesa que faz f\u00e9.<\/p>\n<\/blockquote>\n","protected":false},"excerpt":{"rendered":"<p>A terr\u00edvel situa\u00e7\u00e3o econ\u00f3mica e a repress\u00e3o pol\u00edtica na Venezuela levaram mais de 7 milh\u00f5es de pessoas a abandonar o &#8230; <\/p>\n","protected":false},"author":3,"featured_media":568,"comment_status":"closed","ping_status":"closed","sticky":false,"template":"","format":"standard","meta":{"_relevanssi_hide_post":"","_relevanssi_hide_content":"","_relevanssi_pin_for_all":"","_relevanssi_pin_keywords":"","_relevanssi_unpin_keywords":"","_relevanssi_related_keywords":"","_relevanssi_related_include_ids":"","_relevanssi_related_exclude_ids":"","_relevanssi_related_no_append":"","_relevanssi_related_not_related":"","_relevanssi_related_posts":"146,393,539,300,277,237","_relevanssi_noindex_reason":"","_jetpack_memberships_contains_paid_content":false,"footnotes":""},"categories":[1],"tags":[27,24],"class_list":["post-560","post","type-post","status-publish","format-standard","has-post-thumbnail","hentry","category-noticias","tag-dignidade-igualitaria","tag-programa-para-as-americas"],"acf":[],"yoast_head":"<!-- This site is optimized with the Yoast SEO plugin v27.5 - https:\/\/yoast.com\/product\/yoast-seo-wordpress\/ -->\n<title>Compreender os desafios dos migrantes venezuelanos na Col\u00f4mbia - Franciscans International (PT)<\/title>\n<meta name=\"robots\" content=\"index, follow, max-snippet:-1, max-image-preview:large, max-video-preview:-1\" \/>\n<link rel=\"canonical\" href=\"https:\/\/franciscansinternational.org\/pt\/compreender-os-desafios-dos-migrantes-venezuelanos-na-colombia\/\" \/>\n<meta property=\"og:locale\" content=\"pt_PT\" \/>\n<meta property=\"og:type\" content=\"article\" \/>\n<meta property=\"og:title\" content=\"Compreender os desafios dos migrantes venezuelanos na Col\u00f4mbia - Franciscans International (PT)\" \/>\n<meta property=\"og:description\" content=\"A terr\u00edvel situa\u00e7\u00e3o econ\u00f3mica e a repress\u00e3o pol\u00edtica na Venezuela levaram mais de 7 milh\u00f5es de pessoas a abandonar o ...\" \/>\n<meta property=\"og:url\" content=\"https:\/\/franciscansinternational.org\/pt\/compreender-os-desafios-dos-migrantes-venezuelanos-na-colombia\/\" \/>\n<meta property=\"og:site_name\" content=\"Franciscans International (PT)\" \/>\n<meta property=\"article:publisher\" content=\"https:\/\/www.facebook.com\/FranciscansInternational\/\" \/>\n<meta property=\"article:published_time\" content=\"2024-09-12T08:32:41+00:00\" \/>\n<meta property=\"article:modified_time\" content=\"2024-09-12T08:33:01+00:00\" \/>\n<meta property=\"og:image\" content=\"https:\/\/franciscansinternational.org\/pt\/wp-content\/uploads\/sites\/5\/2024\/09\/Colombia_2024_Cover-scaled.jpg\" \/>\n\t<meta property=\"og:image:width\" content=\"2560\" \/>\n\t<meta property=\"og:image:height\" content=\"1347\" \/>\n\t<meta property=\"og:image:type\" content=\"image\/jpeg\" \/>\n<meta name=\"author\" content=\"communications\" \/>\n<meta name=\"twitter:card\" content=\"summary_large_image\" \/>\n<meta name=\"twitter:creator\" content=\"@FranciscansIntl\" \/>\n<meta name=\"twitter:site\" content=\"@FranciscansIntl\" \/>\n<meta name=\"twitter:label1\" content=\"Escrito por\" \/>\n\t<meta name=\"twitter:data1\" content=\"communications\" \/>\n\t<meta name=\"twitter:label2\" content=\"Tempo estimado de leitura\" \/>\n\t<meta name=\"twitter:data2\" content=\"4 minutos\" \/>\n<script type=\"application\/ld+json\" class=\"yoast-schema-graph\">{\"@context\":\"https:\\\/\\\/schema.org\",\"@graph\":[{\"@type\":\"Article\",\"@id\":\"https:\\\/\\\/franciscansinternational.org\\\/pt\\\/compreender-os-desafios-dos-migrantes-venezuelanos-na-colombia\\\/#article\",\"isPartOf\":{\"@id\":\"https:\\\/\\\/franciscansinternational.org\\\/pt\\\/compreender-os-desafios-dos-migrantes-venezuelanos-na-colombia\\\/\"},\"author\":{\"name\":\"communications\",\"@id\":\"https:\\\/\\\/franciscansinternational.org\\\/pt\\\/#\\\/schema\\\/person\\\/f398f02712a9dcab7603295bc1ea94e4\"},\"headline\":\"Compreender os desafios dos migrantes venezuelanos na Col\u00f4mbia\",\"datePublished\":\"2024-09-12T08:32:41+00:00\",\"dateModified\":\"2024-09-12T08:33:01+00:00\",\"mainEntityOfPage\":{\"@id\":\"https:\\\/\\\/franciscansinternational.org\\\/pt\\\/compreender-os-desafios-dos-migrantes-venezuelanos-na-colombia\\\/\"},\"wordCount\":505,\"publisher\":{\"@id\":\"https:\\\/\\\/franciscansinternational.org\\\/pt\\\/#organization\"},\"image\":{\"@id\":\"https:\\\/\\\/franciscansinternational.org\\\/pt\\\/compreender-os-desafios-dos-migrantes-venezuelanos-na-colombia\\\/#primaryimage\"},\"thumbnailUrl\":\"https:\\\/\\\/franciscansinternational.org\\\/pt\\\/wp-content\\\/uploads\\\/sites\\\/5\\\/2024\\\/09\\\/Colombia_2024_Cover-scaled.jpg\",\"keywords\":[\"Dignidade igualit\u00e1ria\",\"Programa para as Am\u00e9ricas\"],\"articleSection\":[\"Not\u00edcias\"],\"inLanguage\":\"pt-PT\"},{\"@type\":\"WebPage\",\"@id\":\"https:\\\/\\\/franciscansinternational.org\\\/pt\\\/compreender-os-desafios-dos-migrantes-venezuelanos-na-colombia\\\/\",\"url\":\"https:\\\/\\\/franciscansinternational.org\\\/pt\\\/compreender-os-desafios-dos-migrantes-venezuelanos-na-colombia\\\/\",\"name\":\"Compreender os desafios dos migrantes venezuelanos na Col\u00f4mbia - Franciscans International (PT)\",\"isPartOf\":{\"@id\":\"https:\\\/\\\/franciscansinternational.org\\\/pt\\\/#website\"},\"primaryImageOfPage\":{\"@id\":\"https:\\\/\\\/franciscansinternational.org\\\/pt\\\/compreender-os-desafios-dos-migrantes-venezuelanos-na-colombia\\\/#primaryimage\"},\"image\":{\"@id\":\"https:\\\/\\\/franciscansinternational.org\\\/pt\\\/compreender-os-desafios-dos-migrantes-venezuelanos-na-colombia\\\/#primaryimage\"},\"thumbnailUrl\":\"https:\\\/\\\/franciscansinternational.org\\\/pt\\\/wp-content\\\/uploads\\\/sites\\\/5\\\/2024\\\/09\\\/Colombia_2024_Cover-scaled.jpg\",\"datePublished\":\"2024-09-12T08:32:41+00:00\",\"dateModified\":\"2024-09-12T08:33:01+00:00\",\"breadcrumb\":{\"@id\":\"https:\\\/\\\/franciscansinternational.org\\\/pt\\\/compreender-os-desafios-dos-migrantes-venezuelanos-na-colombia\\\/#breadcrumb\"},\"inLanguage\":\"pt-PT\",\"potentialAction\":[{\"@type\":\"ReadAction\",\"target\":[\"https:\\\/\\\/franciscansinternational.org\\\/pt\\\/compreender-os-desafios-dos-migrantes-venezuelanos-na-colombia\\\/\"]}]},{\"@type\":\"ImageObject\",\"inLanguage\":\"pt-PT\",\"@id\":\"https:\\\/\\\/franciscansinternational.org\\\/pt\\\/compreender-os-desafios-dos-migrantes-venezuelanos-na-colombia\\\/#primaryimage\",\"url\":\"https:\\\/\\\/franciscansinternational.org\\\/pt\\\/wp-content\\\/uploads\\\/sites\\\/5\\\/2024\\\/09\\\/Colombia_2024_Cover-scaled.jpg\",\"contentUrl\":\"https:\\\/\\\/franciscansinternational.org\\\/pt\\\/wp-content\\\/uploads\\\/sites\\\/5\\\/2024\\\/09\\\/Colombia_2024_Cover-scaled.jpg\",\"width\":2560,\"height\":1347},{\"@type\":\"BreadcrumbList\",\"@id\":\"https:\\\/\\\/franciscansinternational.org\\\/pt\\\/compreender-os-desafios-dos-migrantes-venezuelanos-na-colombia\\\/#breadcrumb\",\"itemListElement\":[{\"@type\":\"ListItem\",\"position\":1,\"name\":\"Home\",\"item\":\"https:\\\/\\\/franciscansinternational.org\\\/pt\\\/\"},{\"@type\":\"ListItem\",\"position\":2,\"name\":\"Compreender os desafios dos migrantes venezuelanos na Col\u00f4mbia\"}]},{\"@type\":\"WebSite\",\"@id\":\"https:\\\/\\\/franciscansinternational.org\\\/pt\\\/#website\",\"url\":\"https:\\\/\\\/franciscansinternational.org\\\/pt\\\/\",\"name\":\"Franciscans International (PT)\",\"description\":\"Just another Franciscans International site\",\"publisher\":{\"@id\":\"https:\\\/\\\/franciscansinternational.org\\\/pt\\\/#organization\"},\"potentialAction\":[{\"@type\":\"SearchAction\",\"target\":{\"@type\":\"EntryPoint\",\"urlTemplate\":\"https:\\\/\\\/franciscansinternational.org\\\/pt\\\/?s={search_term_string}\"},\"query-input\":{\"@type\":\"PropertyValueSpecification\",\"valueRequired\":true,\"valueName\":\"search_term_string\"}}],\"inLanguage\":\"pt-PT\"},{\"@type\":\"Organization\",\"@id\":\"https:\\\/\\\/franciscansinternational.org\\\/pt\\\/#organization\",\"name\":\"Franciscans International (PT)\",\"url\":\"https:\\\/\\\/franciscansinternational.org\\\/pt\\\/\",\"logo\":{\"@type\":\"ImageObject\",\"inLanguage\":\"pt-PT\",\"@id\":\"https:\\\/\\\/franciscansinternational.org\\\/pt\\\/#\\\/schema\\\/logo\\\/image\\\/\",\"url\":\"https:\\\/\\\/franciscansinternational.org\\\/wp-content\\\/uploads\\\/sites\\\/5\\\/2023\\\/05\\\/logo-3.png\",\"contentUrl\":\"https:\\\/\\\/franciscansinternational.org\\\/wp-content\\\/uploads\\\/sites\\\/5\\\/2023\\\/05\\\/logo-3.png\",\"width\":1200,\"height\":205,\"caption\":\"Franciscans International (PT)\"},\"image\":{\"@id\":\"https:\\\/\\\/franciscansinternational.org\\\/pt\\\/#\\\/schema\\\/logo\\\/image\\\/\"},\"sameAs\":[\"https:\\\/\\\/www.facebook.com\\\/FranciscansInternational\\\/\",\"https:\\\/\\\/x.com\\\/FranciscansIntl\",\"https:\\\/\\\/www.youtube.com\\\/channel\\\/UCexu0i-fWB4wwrlPMCz8_Zg\"]},{\"@type\":\"Person\",\"@id\":\"https:\\\/\\\/franciscansinternational.org\\\/pt\\\/#\\\/schema\\\/person\\\/f398f02712a9dcab7603295bc1ea94e4\",\"name\":\"communications\",\"image\":{\"@type\":\"ImageObject\",\"inLanguage\":\"pt-PT\",\"@id\":\"https:\\\/\\\/secure.gravatar.com\\\/avatar\\\/0b4a62226a9b4f7ce621ec49ca40be1e77d886a42ca84b8a0b0697e9ec17dd63?s=96&d=mm&r=g\",\"url\":\"https:\\\/\\\/secure.gravatar.com\\\/avatar\\\/0b4a62226a9b4f7ce621ec49ca40be1e77d886a42ca84b8a0b0697e9ec17dd63?s=96&d=mm&r=g\",\"contentUrl\":\"https:\\\/\\\/secure.gravatar.com\\\/avatar\\\/0b4a62226a9b4f7ce621ec49ca40be1e77d886a42ca84b8a0b0697e9ec17dd63?s=96&d=mm&r=g\",\"caption\":\"communications\"},\"url\":\"https:\\\/\\\/franciscansinternational.org\\\/pt\\\/author\\\/communications\\\/\"}]}<\/script>\n<!-- \/ Yoast SEO plugin. -->","yoast_head_json":{"title":"Compreender os desafios dos migrantes venezuelanos na Col\u00f4mbia - Franciscans International (PT)","robots":{"index":"index","follow":"follow","max-snippet":"max-snippet:-1","max-image-preview":"max-image-preview:large","max-video-preview":"max-video-preview:-1"},"canonical":"https:\/\/franciscansinternational.org\/pt\/compreender-os-desafios-dos-migrantes-venezuelanos-na-colombia\/","og_locale":"pt_PT","og_type":"article","og_title":"Compreender os desafios dos migrantes venezuelanos na Col\u00f4mbia - Franciscans International (PT)","og_description":"A terr\u00edvel situa\u00e7\u00e3o econ\u00f3mica e a repress\u00e3o pol\u00edtica na Venezuela levaram mais de 7 milh\u00f5es de pessoas a abandonar o ...","og_url":"https:\/\/franciscansinternational.org\/pt\/compreender-os-desafios-dos-migrantes-venezuelanos-na-colombia\/","og_site_name":"Franciscans International (PT)","article_publisher":"https:\/\/www.facebook.com\/FranciscansInternational\/","article_published_time":"2024-09-12T08:32:41+00:00","article_modified_time":"2024-09-12T08:33:01+00:00","og_image":[{"width":2560,"height":1347,"url":"https:\/\/franciscansinternational.org\/pt\/wp-content\/uploads\/sites\/5\/2024\/09\/Colombia_2024_Cover-scaled.jpg","type":"image\/jpeg"}],"author":"communications","twitter_card":"summary_large_image","twitter_creator":"@FranciscansIntl","twitter_site":"@FranciscansIntl","twitter_misc":{"Escrito por":"communications","Tempo estimado de leitura":"4 minutos"},"schema":{"@context":"https:\/\/schema.org","@graph":[{"@type":"Article","@id":"https:\/\/franciscansinternational.org\/pt\/compreender-os-desafios-dos-migrantes-venezuelanos-na-colombia\/#article","isPartOf":{"@id":"https:\/\/franciscansinternational.org\/pt\/compreender-os-desafios-dos-migrantes-venezuelanos-na-colombia\/"},"author":{"name":"communications","@id":"https:\/\/franciscansinternational.org\/pt\/#\/schema\/person\/f398f02712a9dcab7603295bc1ea94e4"},"headline":"Compreender os desafios dos migrantes venezuelanos na Col\u00f4mbia","datePublished":"2024-09-12T08:32:41+00:00","dateModified":"2024-09-12T08:33:01+00:00","mainEntityOfPage":{"@id":"https:\/\/franciscansinternational.org\/pt\/compreender-os-desafios-dos-migrantes-venezuelanos-na-colombia\/"},"wordCount":505,"publisher":{"@id":"https:\/\/franciscansinternational.org\/pt\/#organization"},"image":{"@id":"https:\/\/franciscansinternational.org\/pt\/compreender-os-desafios-dos-migrantes-venezuelanos-na-colombia\/#primaryimage"},"thumbnailUrl":"https:\/\/franciscansinternational.org\/pt\/wp-content\/uploads\/sites\/5\/2024\/09\/Colombia_2024_Cover-scaled.jpg","keywords":["Dignidade igualit\u00e1ria","Programa para as Am\u00e9ricas"],"articleSection":["Not\u00edcias"],"inLanguage":"pt-PT"},{"@type":"WebPage","@id":"https:\/\/franciscansinternational.org\/pt\/compreender-os-desafios-dos-migrantes-venezuelanos-na-colombia\/","url":"https:\/\/franciscansinternational.org\/pt\/compreender-os-desafios-dos-migrantes-venezuelanos-na-colombia\/","name":"Compreender os desafios dos migrantes venezuelanos na Col\u00f4mbia - Franciscans International (PT)","isPartOf":{"@id":"https:\/\/franciscansinternational.org\/pt\/#website"},"primaryImageOfPage":{"@id":"https:\/\/franciscansinternational.org\/pt\/compreender-os-desafios-dos-migrantes-venezuelanos-na-colombia\/#primaryimage"},"image":{"@id":"https:\/\/franciscansinternational.org\/pt\/compreender-os-desafios-dos-migrantes-venezuelanos-na-colombia\/#primaryimage"},"thumbnailUrl":"https:\/\/franciscansinternational.org\/pt\/wp-content\/uploads\/sites\/5\/2024\/09\/Colombia_2024_Cover-scaled.jpg","datePublished":"2024-09-12T08:32:41+00:00","dateModified":"2024-09-12T08:33:01+00:00","breadcrumb":{"@id":"https:\/\/franciscansinternational.org\/pt\/compreender-os-desafios-dos-migrantes-venezuelanos-na-colombia\/#breadcrumb"},"inLanguage":"pt-PT","potentialAction":[{"@type":"ReadAction","target":["https:\/\/franciscansinternational.org\/pt\/compreender-os-desafios-dos-migrantes-venezuelanos-na-colombia\/"]}]},{"@type":"ImageObject","inLanguage":"pt-PT","@id":"https:\/\/franciscansinternational.org\/pt\/compreender-os-desafios-dos-migrantes-venezuelanos-na-colombia\/#primaryimage","url":"https:\/\/franciscansinternational.org\/pt\/wp-content\/uploads\/sites\/5\/2024\/09\/Colombia_2024_Cover-scaled.jpg","contentUrl":"https:\/\/franciscansinternational.org\/pt\/wp-content\/uploads\/sites\/5\/2024\/09\/Colombia_2024_Cover-scaled.jpg","width":2560,"height":1347},{"@type":"BreadcrumbList","@id":"https:\/\/franciscansinternational.org\/pt\/compreender-os-desafios-dos-migrantes-venezuelanos-na-colombia\/#breadcrumb","itemListElement":[{"@type":"ListItem","position":1,"name":"Home","item":"https:\/\/franciscansinternational.org\/pt\/"},{"@type":"ListItem","position":2,"name":"Compreender os desafios dos migrantes venezuelanos na Col\u00f4mbia"}]},{"@type":"WebSite","@id":"https:\/\/franciscansinternational.org\/pt\/#website","url":"https:\/\/franciscansinternational.org\/pt\/","name":"Franciscans International (PT)","description":"Just another Franciscans International site","publisher":{"@id":"https:\/\/franciscansinternational.org\/pt\/#organization"},"potentialAction":[{"@type":"SearchAction","target":{"@type":"EntryPoint","urlTemplate":"https:\/\/franciscansinternational.org\/pt\/?s={search_term_string}"},"query-input":{"@type":"PropertyValueSpecification","valueRequired":true,"valueName":"search_term_string"}}],"inLanguage":"pt-PT"},{"@type":"Organization","@id":"https:\/\/franciscansinternational.org\/pt\/#organization","name":"Franciscans International (PT)","url":"https:\/\/franciscansinternational.org\/pt\/","logo":{"@type":"ImageObject","inLanguage":"pt-PT","@id":"https:\/\/franciscansinternational.org\/pt\/#\/schema\/logo\/image\/","url":"https:\/\/franciscansinternational.org\/wp-content\/uploads\/sites\/5\/2023\/05\/logo-3.png","contentUrl":"https:\/\/franciscansinternational.org\/wp-content\/uploads\/sites\/5\/2023\/05\/logo-3.png","width":1200,"height":205,"caption":"Franciscans International (PT)"},"image":{"@id":"https:\/\/franciscansinternational.org\/pt\/#\/schema\/logo\/image\/"},"sameAs":["https:\/\/www.facebook.com\/FranciscansInternational\/","https:\/\/x.com\/FranciscansIntl","https:\/\/www.youtube.com\/channel\/UCexu0i-fWB4wwrlPMCz8_Zg"]},{"@type":"Person","@id":"https:\/\/franciscansinternational.org\/pt\/#\/schema\/person\/f398f02712a9dcab7603295bc1ea94e4","name":"communications","image":{"@type":"ImageObject","inLanguage":"pt-PT","@id":"https:\/\/secure.gravatar.com\/avatar\/0b4a62226a9b4f7ce621ec49ca40be1e77d886a42ca84b8a0b0697e9ec17dd63?s=96&d=mm&r=g","url":"https:\/\/secure.gravatar.com\/avatar\/0b4a62226a9b4f7ce621ec49ca40be1e77d886a42ca84b8a0b0697e9ec17dd63?s=96&d=mm&r=g","contentUrl":"https:\/\/secure.gravatar.com\/avatar\/0b4a62226a9b4f7ce621ec49ca40be1e77d886a42ca84b8a0b0697e9ec17dd63?s=96&d=mm&r=g","caption":"communications"},"url":"https:\/\/franciscansinternational.org\/pt\/author\/communications\/"}]}},"jetpack_featured_media_url":"https:\/\/franciscansinternational.org\/pt\/wp-content\/uploads\/sites\/5\/2024\/09\/Colombia_2024_Cover-scaled.jpg","jetpack_sharing_enabled":true,"_links":{"self":[{"href":"https:\/\/franciscansinternational.org\/pt\/wp-json\/wp\/v2\/posts\/560","targetHints":{"allow":["GET"]}}],"collection":[{"href":"https:\/\/franciscansinternational.org\/pt\/wp-json\/wp\/v2\/posts"}],"about":[{"href":"https:\/\/franciscansinternational.org\/pt\/wp-json\/wp\/v2\/types\/post"}],"author":[{"embeddable":true,"href":"https:\/\/franciscansinternational.org\/pt\/wp-json\/wp\/v2\/users\/3"}],"replies":[{"embeddable":true,"href":"https:\/\/franciscansinternational.org\/pt\/wp-json\/wp\/v2\/comments?post=560"}],"version-history":[{"count":2,"href":"https:\/\/franciscansinternational.org\/pt\/wp-json\/wp\/v2\/posts\/560\/revisions"}],"predecessor-version":[{"id":571,"href":"https:\/\/franciscansinternational.org\/pt\/wp-json\/wp\/v2\/posts\/560\/revisions\/571"}],"wp:featuredmedia":[{"embeddable":true,"href":"https:\/\/franciscansinternational.org\/pt\/wp-json\/wp\/v2\/media\/568"}],"wp:attachment":[{"href":"https:\/\/franciscansinternational.org\/pt\/wp-json\/wp\/v2\/media?parent=560"}],"wp:term":[{"taxonomy":"category","embeddable":true,"href":"https:\/\/franciscansinternational.org\/pt\/wp-json\/wp\/v2\/categories?post=560"},{"taxonomy":"post_tag","embeddable":true,"href":"https:\/\/franciscansinternational.org\/pt\/wp-json\/wp\/v2\/tags?post=560"}],"curies":[{"name":"wp","href":"https:\/\/api.w.org\/{rel}","templated":true}]}}