{"id":651,"date":"2025-02-18T15:35:23","date_gmt":"2025-02-18T15:35:23","guid":{"rendered":"https:\/\/franciscansinternational.org\/pt\/?p=651"},"modified":"2025-02-18T15:35:24","modified_gmt":"2025-02-18T15:35:24","slug":"cedaw-franciscanos-levantam-a-situacao-dos-trabalhadores-das-plantacoes-de-cha-no-sri-lanka","status":"publish","type":"post","link":"https:\/\/franciscansinternational.org\/pt\/cedaw-franciscanos-levantam-a-situacao-dos-trabalhadores-das-plantacoes-de-cha-no-sri-lanka\/","title":{"rendered":"CEDAW: Franciscanos levantam a situa\u00e7\u00e3o dos trabalhadores das planta\u00e7\u00f5es de ch\u00e1 no Sri Lanka"},"content":{"rendered":"\n<p>As mulheres e raparigas que trabalham nas planta\u00e7\u00f5es de ch\u00e1 no Sri Lanka s\u00e3o confrontadas com uma multiplicidade de desafios, que v\u00e3o desde sal\u00e1rios injustos at\u00e9 ao acesso limitado \u00e0 educa\u00e7\u00e3o e aos servi\u00e7os de sa\u00fade. O fraco acesso \u00e0 justi\u00e7a alimenta ainda mais a explora\u00e7\u00e3o e a viol\u00eancia baseada no g\u00e9nero.\u00a0<br><br>Na semana passada, tivemos o privil\u00e9gio de acolher Lucille Abeykoon, do\u00a0<a href=\"https:\/\/www.humanrightsofficekandy.org\/\">Centro de Direitos Humanos de Kandy<\/a>, onde trabalha em estreita colabora\u00e7\u00e3o com as Irm\u00e3s Franciscanas para promover os direitos humanos dos trabalhadores das planta\u00e7\u00f5es de ch\u00e1. Em Genebra, ela levantou estas e outras quest\u00f5es junto do Comit\u00e9 para a Elimina\u00e7\u00e3o da Discrimina\u00e7\u00e3o contra as Mulheres (CEDAW).<br><br>Um dos casos emblem\u00e1ticos que Lucille apresentou nas Na\u00e7\u00f5es Unidas foi o de uma jovem que foi atacada e violada em 2001, quando regressava da catequese. Quando denunciou o caso, n\u00e3o conseguiu faz\u00ea-lo na sua l\u00edngua materna, o t\u00e2mil, o que levou a uma queixa incorrecta que favoreceu os homens que a atacaram. O que se seguiu foram processos judiciais prolongados e atrasos. Duas d\u00e9cadas depois, ainda est\u00e1 \u00e0 espera de uma decis\u00e3o final.\u00a0<br><br>\u201cConsegue imaginar ir a tribunal durante 23 anos? Mas ela continua empenhada\u201d, diz Lucille, que faz parte da equipa que apoia a v\u00edtima. \u201cDiz: &#8216;Preciso de justi\u00e7a. Sei que n\u00e3o cometi nenhum erro e que a culpa n\u00e3o foi minha&#8217;\u201d.\u00a0<br><br>Durante o exame do Sri Lanka pela CEDAW, a FI fez v\u00e1rias recomenda\u00e7\u00f5es para abordar os desafios espec\u00edficos enfrentados pelas mulheres que trabalham e vivem nas planta\u00e7\u00f5es de ch\u00e1. Estas incluem a garantia de um aumento do sal\u00e1rio m\u00ednimo di\u00e1rio, a melhoria do acesso \u00e0 educa\u00e7\u00e3o e o refor\u00e7o da capacidade dos agentes da autoridade. Pode encontrar a nossa apresenta\u00e7\u00e3o e recomenda\u00e7\u00f5es completas \u00e0 CEDAW\u00a0<a href=\"https:\/\/franciscansinternational.org\/wp-content\/uploads\/2025\/02\/CEDAW90_SriLanka.pdf\">aqui<\/a>.<\/p>\n\n\n\n<p><\/p>\n\n\n\n<blockquote class=\"wp-block-quote has-small-font-size is-layout-flow wp-block-quote-is-layout-flow\">\n<p>Esta \u00e9 uma tradu\u00e7\u00e3o autom\u00e1tica. Pedimos desculpa por quaisquer erros que possam ter ocorrido como resultado. Em caso de diverg\u00eancia, \u00e9 a vers\u00e3o inglesa que faz f\u00e9.<\/p>\n<\/blockquote>\n","protected":false},"excerpt":{"rendered":"<p>As mulheres e raparigas que trabalham nas planta\u00e7\u00f5es de ch\u00e1 no Sri Lanka s\u00e3o confrontadas com uma multiplicidade de desafios, &#8230; <\/p>\n","protected":false},"author":3,"featured_media":652,"comment_status":"closed","ping_status":"closed","sticky":false,"template":"","format":"standard","meta":{"_relevanssi_hide_post":"","_relevanssi_hide_content":"","_relevanssi_pin_for_all":"","_relevanssi_pin_keywords":"","_relevanssi_unpin_keywords":"","_relevanssi_related_keywords":"","_relevanssi_related_include_ids":"","_relevanssi_related_exclude_ids":"","_relevanssi_related_no_append":"","_relevanssi_related_not_related":"","_relevanssi_related_posts":"228,241,318,616,182,520","_relevanssi_noindex_reason":"","_jetpack_memberships_contains_paid_content":false,"footnotes":""},"categories":[1],"tags":[27,25],"class_list":["post-651","post","type-post","status-publish","format-standard","has-post-thumbnail","hentry","category-noticias","tag-dignidade-igualitaria","tag-programa-para-a-asia-pacifico"],"acf":[],"yoast_head":"<!-- This site is optimized with the Yoast SEO plugin v27.4 - https:\/\/yoast.com\/product\/yoast-seo-wordpress\/ -->\n<title>CEDAW: Franciscanos levantam a situa\u00e7\u00e3o dos trabalhadores das planta\u00e7\u00f5es de ch\u00e1 no Sri Lanka - Franciscans International (PT)<\/title>\n<meta name=\"robots\" content=\"index, follow, max-snippet:-1, max-image-preview:large, max-video-preview:-1\" \/>\n<link rel=\"canonical\" href=\"https:\/\/franciscansinternational.org\/pt\/cedaw-franciscanos-levantam-a-situacao-dos-trabalhadores-das-plantacoes-de-cha-no-sri-lanka\/\" \/>\n<meta property=\"og:locale\" content=\"pt_PT\" \/>\n<meta property=\"og:type\" content=\"article\" \/>\n<meta property=\"og:title\" content=\"CEDAW: Franciscanos levantam a situa\u00e7\u00e3o dos trabalhadores das planta\u00e7\u00f5es de ch\u00e1 no Sri Lanka - Franciscans International (PT)\" \/>\n<meta property=\"og:description\" content=\"As mulheres e raparigas que trabalham nas planta\u00e7\u00f5es de ch\u00e1 no Sri Lanka s\u00e3o confrontadas com uma multiplicidade de desafios, ...\" \/>\n<meta property=\"og:url\" content=\"https:\/\/franciscansinternational.org\/pt\/cedaw-franciscanos-levantam-a-situacao-dos-trabalhadores-das-plantacoes-de-cha-no-sri-lanka\/\" \/>\n<meta property=\"og:site_name\" content=\"Franciscans International (PT)\" \/>\n<meta property=\"article:publisher\" content=\"https:\/\/www.facebook.com\/FranciscansInternational\/\" \/>\n<meta property=\"article:published_time\" content=\"2025-02-18T15:35:23+00:00\" \/>\n<meta property=\"article:modified_time\" content=\"2025-02-18T15:35:24+00:00\" \/>\n<meta property=\"og:image\" content=\"https:\/\/franciscansinternational.org\/pt\/wp-content\/uploads\/sites\/5\/2025\/02\/CEDAW_SriLanka_Thumb-scaled.jpg\" \/>\n\t<meta property=\"og:image:width\" content=\"2560\" \/>\n\t<meta property=\"og:image:height\" content=\"1347\" \/>\n\t<meta property=\"og:image:type\" content=\"image\/jpeg\" \/>\n<meta name=\"author\" content=\"communications\" \/>\n<meta name=\"twitter:card\" content=\"summary_large_image\" \/>\n<meta name=\"twitter:creator\" content=\"@FranciscansIntl\" \/>\n<meta name=\"twitter:site\" content=\"@FranciscansIntl\" \/>\n<meta name=\"twitter:label1\" content=\"Escrito por\" \/>\n\t<meta name=\"twitter:data1\" content=\"communications\" \/>\n\t<meta name=\"twitter:label2\" content=\"Tempo estimado de leitura\" \/>\n\t<meta name=\"twitter:data2\" content=\"2 minutos\" \/>\n<script type=\"application\/ld+json\" class=\"yoast-schema-graph\">{\"@context\":\"https:\\\/\\\/schema.org\",\"@graph\":[{\"@type\":\"Article\",\"@id\":\"https:\\\/\\\/franciscansinternational.org\\\/pt\\\/cedaw-franciscanos-levantam-a-situacao-dos-trabalhadores-das-plantacoes-de-cha-no-sri-lanka\\\/#article\",\"isPartOf\":{\"@id\":\"https:\\\/\\\/franciscansinternational.org\\\/pt\\\/cedaw-franciscanos-levantam-a-situacao-dos-trabalhadores-das-plantacoes-de-cha-no-sri-lanka\\\/\"},\"author\":{\"name\":\"communications\",\"@id\":\"https:\\\/\\\/franciscansinternational.org\\\/pt\\\/#\\\/schema\\\/person\\\/f398f02712a9dcab7603295bc1ea94e4\"},\"headline\":\"CEDAW: Franciscanos levantam a situa\u00e7\u00e3o dos trabalhadores das planta\u00e7\u00f5es de ch\u00e1 no Sri Lanka\",\"datePublished\":\"2025-02-18T15:35:23+00:00\",\"dateModified\":\"2025-02-18T15:35:24+00:00\",\"mainEntityOfPage\":{\"@id\":\"https:\\\/\\\/franciscansinternational.org\\\/pt\\\/cedaw-franciscanos-levantam-a-situacao-dos-trabalhadores-das-plantacoes-de-cha-no-sri-lanka\\\/\"},\"wordCount\":368,\"publisher\":{\"@id\":\"https:\\\/\\\/franciscansinternational.org\\\/pt\\\/#organization\"},\"image\":{\"@id\":\"https:\\\/\\\/franciscansinternational.org\\\/pt\\\/cedaw-franciscanos-levantam-a-situacao-dos-trabalhadores-das-plantacoes-de-cha-no-sri-lanka\\\/#primaryimage\"},\"thumbnailUrl\":\"https:\\\/\\\/franciscansinternational.org\\\/pt\\\/wp-content\\\/uploads\\\/sites\\\/5\\\/2025\\\/02\\\/CEDAW_SriLanka_Thumb-scaled.jpg\",\"keywords\":[\"Dignidade igualit\u00e1ria\",\"Programa para a \u00c1sia-Pac\u00edfico\"],\"articleSection\":[\"Not\u00edcias\"],\"inLanguage\":\"pt-PT\"},{\"@type\":\"WebPage\",\"@id\":\"https:\\\/\\\/franciscansinternational.org\\\/pt\\\/cedaw-franciscanos-levantam-a-situacao-dos-trabalhadores-das-plantacoes-de-cha-no-sri-lanka\\\/\",\"url\":\"https:\\\/\\\/franciscansinternational.org\\\/pt\\\/cedaw-franciscanos-levantam-a-situacao-dos-trabalhadores-das-plantacoes-de-cha-no-sri-lanka\\\/\",\"name\":\"CEDAW: Franciscanos levantam a situa\u00e7\u00e3o dos trabalhadores das planta\u00e7\u00f5es de ch\u00e1 no Sri Lanka - Franciscans International (PT)\",\"isPartOf\":{\"@id\":\"https:\\\/\\\/franciscansinternational.org\\\/pt\\\/#website\"},\"primaryImageOfPage\":{\"@id\":\"https:\\\/\\\/franciscansinternational.org\\\/pt\\\/cedaw-franciscanos-levantam-a-situacao-dos-trabalhadores-das-plantacoes-de-cha-no-sri-lanka\\\/#primaryimage\"},\"image\":{\"@id\":\"https:\\\/\\\/franciscansinternational.org\\\/pt\\\/cedaw-franciscanos-levantam-a-situacao-dos-trabalhadores-das-plantacoes-de-cha-no-sri-lanka\\\/#primaryimage\"},\"thumbnailUrl\":\"https:\\\/\\\/franciscansinternational.org\\\/pt\\\/wp-content\\\/uploads\\\/sites\\\/5\\\/2025\\\/02\\\/CEDAW_SriLanka_Thumb-scaled.jpg\",\"datePublished\":\"2025-02-18T15:35:23+00:00\",\"dateModified\":\"2025-02-18T15:35:24+00:00\",\"breadcrumb\":{\"@id\":\"https:\\\/\\\/franciscansinternational.org\\\/pt\\\/cedaw-franciscanos-levantam-a-situacao-dos-trabalhadores-das-plantacoes-de-cha-no-sri-lanka\\\/#breadcrumb\"},\"inLanguage\":\"pt-PT\",\"potentialAction\":[{\"@type\":\"ReadAction\",\"target\":[\"https:\\\/\\\/franciscansinternational.org\\\/pt\\\/cedaw-franciscanos-levantam-a-situacao-dos-trabalhadores-das-plantacoes-de-cha-no-sri-lanka\\\/\"]}]},{\"@type\":\"ImageObject\",\"inLanguage\":\"pt-PT\",\"@id\":\"https:\\\/\\\/franciscansinternational.org\\\/pt\\\/cedaw-franciscanos-levantam-a-situacao-dos-trabalhadores-das-plantacoes-de-cha-no-sri-lanka\\\/#primaryimage\",\"url\":\"https:\\\/\\\/franciscansinternational.org\\\/pt\\\/wp-content\\\/uploads\\\/sites\\\/5\\\/2025\\\/02\\\/CEDAW_SriLanka_Thumb-scaled.jpg\",\"contentUrl\":\"https:\\\/\\\/franciscansinternational.org\\\/pt\\\/wp-content\\\/uploads\\\/sites\\\/5\\\/2025\\\/02\\\/CEDAW_SriLanka_Thumb-scaled.jpg\",\"width\":2560,\"height\":1347},{\"@type\":\"BreadcrumbList\",\"@id\":\"https:\\\/\\\/franciscansinternational.org\\\/pt\\\/cedaw-franciscanos-levantam-a-situacao-dos-trabalhadores-das-plantacoes-de-cha-no-sri-lanka\\\/#breadcrumb\",\"itemListElement\":[{\"@type\":\"ListItem\",\"position\":1,\"name\":\"Home\",\"item\":\"https:\\\/\\\/franciscansinternational.org\\\/pt\\\/\"},{\"@type\":\"ListItem\",\"position\":2,\"name\":\"CEDAW: Franciscanos levantam a situa\u00e7\u00e3o dos trabalhadores das planta\u00e7\u00f5es de ch\u00e1 no Sri Lanka\"}]},{\"@type\":\"WebSite\",\"@id\":\"https:\\\/\\\/franciscansinternational.org\\\/pt\\\/#website\",\"url\":\"https:\\\/\\\/franciscansinternational.org\\\/pt\\\/\",\"name\":\"Franciscans International (PT)\",\"description\":\"Just another Franciscans International site\",\"publisher\":{\"@id\":\"https:\\\/\\\/franciscansinternational.org\\\/pt\\\/#organization\"},\"potentialAction\":[{\"@type\":\"SearchAction\",\"target\":{\"@type\":\"EntryPoint\",\"urlTemplate\":\"https:\\\/\\\/franciscansinternational.org\\\/pt\\\/?s={search_term_string}\"},\"query-input\":{\"@type\":\"PropertyValueSpecification\",\"valueRequired\":true,\"valueName\":\"search_term_string\"}}],\"inLanguage\":\"pt-PT\"},{\"@type\":\"Organization\",\"@id\":\"https:\\\/\\\/franciscansinternational.org\\\/pt\\\/#organization\",\"name\":\"Franciscans International (PT)\",\"url\":\"https:\\\/\\\/franciscansinternational.org\\\/pt\\\/\",\"logo\":{\"@type\":\"ImageObject\",\"inLanguage\":\"pt-PT\",\"@id\":\"https:\\\/\\\/franciscansinternational.org\\\/pt\\\/#\\\/schema\\\/logo\\\/image\\\/\",\"url\":\"https:\\\/\\\/franciscansinternational.org\\\/wp-content\\\/uploads\\\/sites\\\/5\\\/2023\\\/05\\\/logo-3.png\",\"contentUrl\":\"https:\\\/\\\/franciscansinternational.org\\\/wp-content\\\/uploads\\\/sites\\\/5\\\/2023\\\/05\\\/logo-3.png\",\"width\":1200,\"height\":205,\"caption\":\"Franciscans International (PT)\"},\"image\":{\"@id\":\"https:\\\/\\\/franciscansinternational.org\\\/pt\\\/#\\\/schema\\\/logo\\\/image\\\/\"},\"sameAs\":[\"https:\\\/\\\/www.facebook.com\\\/FranciscansInternational\\\/\",\"https:\\\/\\\/x.com\\\/FranciscansIntl\",\"https:\\\/\\\/www.youtube.com\\\/channel\\\/UCexu0i-fWB4wwrlPMCz8_Zg\"]},{\"@type\":\"Person\",\"@id\":\"https:\\\/\\\/franciscansinternational.org\\\/pt\\\/#\\\/schema\\\/person\\\/f398f02712a9dcab7603295bc1ea94e4\",\"name\":\"communications\",\"image\":{\"@type\":\"ImageObject\",\"inLanguage\":\"pt-PT\",\"@id\":\"https:\\\/\\\/secure.gravatar.com\\\/avatar\\\/0b4a62226a9b4f7ce621ec49ca40be1e77d886a42ca84b8a0b0697e9ec17dd63?s=96&d=mm&r=g\",\"url\":\"https:\\\/\\\/secure.gravatar.com\\\/avatar\\\/0b4a62226a9b4f7ce621ec49ca40be1e77d886a42ca84b8a0b0697e9ec17dd63?s=96&d=mm&r=g\",\"contentUrl\":\"https:\\\/\\\/secure.gravatar.com\\\/avatar\\\/0b4a62226a9b4f7ce621ec49ca40be1e77d886a42ca84b8a0b0697e9ec17dd63?s=96&d=mm&r=g\",\"caption\":\"communications\"},\"url\":\"https:\\\/\\\/franciscansinternational.org\\\/pt\\\/author\\\/communications\\\/\"}]}<\/script>\n<!-- \/ Yoast SEO plugin. -->","yoast_head_json":{"title":"CEDAW: Franciscanos levantam a situa\u00e7\u00e3o dos trabalhadores das planta\u00e7\u00f5es de ch\u00e1 no Sri Lanka - Franciscans International (PT)","robots":{"index":"index","follow":"follow","max-snippet":"max-snippet:-1","max-image-preview":"max-image-preview:large","max-video-preview":"max-video-preview:-1"},"canonical":"https:\/\/franciscansinternational.org\/pt\/cedaw-franciscanos-levantam-a-situacao-dos-trabalhadores-das-plantacoes-de-cha-no-sri-lanka\/","og_locale":"pt_PT","og_type":"article","og_title":"CEDAW: Franciscanos levantam a situa\u00e7\u00e3o dos trabalhadores das planta\u00e7\u00f5es de ch\u00e1 no Sri Lanka - Franciscans International (PT)","og_description":"As mulheres e raparigas que trabalham nas planta\u00e7\u00f5es de ch\u00e1 no Sri Lanka s\u00e3o confrontadas com uma multiplicidade de desafios, ...","og_url":"https:\/\/franciscansinternational.org\/pt\/cedaw-franciscanos-levantam-a-situacao-dos-trabalhadores-das-plantacoes-de-cha-no-sri-lanka\/","og_site_name":"Franciscans International (PT)","article_publisher":"https:\/\/www.facebook.com\/FranciscansInternational\/","article_published_time":"2025-02-18T15:35:23+00:00","article_modified_time":"2025-02-18T15:35:24+00:00","og_image":[{"width":2560,"height":1347,"url":"https:\/\/franciscansinternational.org\/pt\/wp-content\/uploads\/sites\/5\/2025\/02\/CEDAW_SriLanka_Thumb-scaled.jpg","type":"image\/jpeg"}],"author":"communications","twitter_card":"summary_large_image","twitter_creator":"@FranciscansIntl","twitter_site":"@FranciscansIntl","twitter_misc":{"Escrito por":"communications","Tempo estimado de leitura":"2 minutos"},"schema":{"@context":"https:\/\/schema.org","@graph":[{"@type":"Article","@id":"https:\/\/franciscansinternational.org\/pt\/cedaw-franciscanos-levantam-a-situacao-dos-trabalhadores-das-plantacoes-de-cha-no-sri-lanka\/#article","isPartOf":{"@id":"https:\/\/franciscansinternational.org\/pt\/cedaw-franciscanos-levantam-a-situacao-dos-trabalhadores-das-plantacoes-de-cha-no-sri-lanka\/"},"author":{"name":"communications","@id":"https:\/\/franciscansinternational.org\/pt\/#\/schema\/person\/f398f02712a9dcab7603295bc1ea94e4"},"headline":"CEDAW: Franciscanos levantam a situa\u00e7\u00e3o dos trabalhadores das planta\u00e7\u00f5es de ch\u00e1 no Sri Lanka","datePublished":"2025-02-18T15:35:23+00:00","dateModified":"2025-02-18T15:35:24+00:00","mainEntityOfPage":{"@id":"https:\/\/franciscansinternational.org\/pt\/cedaw-franciscanos-levantam-a-situacao-dos-trabalhadores-das-plantacoes-de-cha-no-sri-lanka\/"},"wordCount":368,"publisher":{"@id":"https:\/\/franciscansinternational.org\/pt\/#organization"},"image":{"@id":"https:\/\/franciscansinternational.org\/pt\/cedaw-franciscanos-levantam-a-situacao-dos-trabalhadores-das-plantacoes-de-cha-no-sri-lanka\/#primaryimage"},"thumbnailUrl":"https:\/\/franciscansinternational.org\/pt\/wp-content\/uploads\/sites\/5\/2025\/02\/CEDAW_SriLanka_Thumb-scaled.jpg","keywords":["Dignidade igualit\u00e1ria","Programa para a \u00c1sia-Pac\u00edfico"],"articleSection":["Not\u00edcias"],"inLanguage":"pt-PT"},{"@type":"WebPage","@id":"https:\/\/franciscansinternational.org\/pt\/cedaw-franciscanos-levantam-a-situacao-dos-trabalhadores-das-plantacoes-de-cha-no-sri-lanka\/","url":"https:\/\/franciscansinternational.org\/pt\/cedaw-franciscanos-levantam-a-situacao-dos-trabalhadores-das-plantacoes-de-cha-no-sri-lanka\/","name":"CEDAW: Franciscanos levantam a situa\u00e7\u00e3o dos trabalhadores das planta\u00e7\u00f5es de ch\u00e1 no Sri Lanka - Franciscans International (PT)","isPartOf":{"@id":"https:\/\/franciscansinternational.org\/pt\/#website"},"primaryImageOfPage":{"@id":"https:\/\/franciscansinternational.org\/pt\/cedaw-franciscanos-levantam-a-situacao-dos-trabalhadores-das-plantacoes-de-cha-no-sri-lanka\/#primaryimage"},"image":{"@id":"https:\/\/franciscansinternational.org\/pt\/cedaw-franciscanos-levantam-a-situacao-dos-trabalhadores-das-plantacoes-de-cha-no-sri-lanka\/#primaryimage"},"thumbnailUrl":"https:\/\/franciscansinternational.org\/pt\/wp-content\/uploads\/sites\/5\/2025\/02\/CEDAW_SriLanka_Thumb-scaled.jpg","datePublished":"2025-02-18T15:35:23+00:00","dateModified":"2025-02-18T15:35:24+00:00","breadcrumb":{"@id":"https:\/\/franciscansinternational.org\/pt\/cedaw-franciscanos-levantam-a-situacao-dos-trabalhadores-das-plantacoes-de-cha-no-sri-lanka\/#breadcrumb"},"inLanguage":"pt-PT","potentialAction":[{"@type":"ReadAction","target":["https:\/\/franciscansinternational.org\/pt\/cedaw-franciscanos-levantam-a-situacao-dos-trabalhadores-das-plantacoes-de-cha-no-sri-lanka\/"]}]},{"@type":"ImageObject","inLanguage":"pt-PT","@id":"https:\/\/franciscansinternational.org\/pt\/cedaw-franciscanos-levantam-a-situacao-dos-trabalhadores-das-plantacoes-de-cha-no-sri-lanka\/#primaryimage","url":"https:\/\/franciscansinternational.org\/pt\/wp-content\/uploads\/sites\/5\/2025\/02\/CEDAW_SriLanka_Thumb-scaled.jpg","contentUrl":"https:\/\/franciscansinternational.org\/pt\/wp-content\/uploads\/sites\/5\/2025\/02\/CEDAW_SriLanka_Thumb-scaled.jpg","width":2560,"height":1347},{"@type":"BreadcrumbList","@id":"https:\/\/franciscansinternational.org\/pt\/cedaw-franciscanos-levantam-a-situacao-dos-trabalhadores-das-plantacoes-de-cha-no-sri-lanka\/#breadcrumb","itemListElement":[{"@type":"ListItem","position":1,"name":"Home","item":"https:\/\/franciscansinternational.org\/pt\/"},{"@type":"ListItem","position":2,"name":"CEDAW: Franciscanos levantam a situa\u00e7\u00e3o dos trabalhadores das planta\u00e7\u00f5es de ch\u00e1 no Sri Lanka"}]},{"@type":"WebSite","@id":"https:\/\/franciscansinternational.org\/pt\/#website","url":"https:\/\/franciscansinternational.org\/pt\/","name":"Franciscans International (PT)","description":"Just another Franciscans International site","publisher":{"@id":"https:\/\/franciscansinternational.org\/pt\/#organization"},"potentialAction":[{"@type":"SearchAction","target":{"@type":"EntryPoint","urlTemplate":"https:\/\/franciscansinternational.org\/pt\/?s={search_term_string}"},"query-input":{"@type":"PropertyValueSpecification","valueRequired":true,"valueName":"search_term_string"}}],"inLanguage":"pt-PT"},{"@type":"Organization","@id":"https:\/\/franciscansinternational.org\/pt\/#organization","name":"Franciscans International (PT)","url":"https:\/\/franciscansinternational.org\/pt\/","logo":{"@type":"ImageObject","inLanguage":"pt-PT","@id":"https:\/\/franciscansinternational.org\/pt\/#\/schema\/logo\/image\/","url":"https:\/\/franciscansinternational.org\/wp-content\/uploads\/sites\/5\/2023\/05\/logo-3.png","contentUrl":"https:\/\/franciscansinternational.org\/wp-content\/uploads\/sites\/5\/2023\/05\/logo-3.png","width":1200,"height":205,"caption":"Franciscans International (PT)"},"image":{"@id":"https:\/\/franciscansinternational.org\/pt\/#\/schema\/logo\/image\/"},"sameAs":["https:\/\/www.facebook.com\/FranciscansInternational\/","https:\/\/x.com\/FranciscansIntl","https:\/\/www.youtube.com\/channel\/UCexu0i-fWB4wwrlPMCz8_Zg"]},{"@type":"Person","@id":"https:\/\/franciscansinternational.org\/pt\/#\/schema\/person\/f398f02712a9dcab7603295bc1ea94e4","name":"communications","image":{"@type":"ImageObject","inLanguage":"pt-PT","@id":"https:\/\/secure.gravatar.com\/avatar\/0b4a62226a9b4f7ce621ec49ca40be1e77d886a42ca84b8a0b0697e9ec17dd63?s=96&d=mm&r=g","url":"https:\/\/secure.gravatar.com\/avatar\/0b4a62226a9b4f7ce621ec49ca40be1e77d886a42ca84b8a0b0697e9ec17dd63?s=96&d=mm&r=g","contentUrl":"https:\/\/secure.gravatar.com\/avatar\/0b4a62226a9b4f7ce621ec49ca40be1e77d886a42ca84b8a0b0697e9ec17dd63?s=96&d=mm&r=g","caption":"communications"},"url":"https:\/\/franciscansinternational.org\/pt\/author\/communications\/"}]}},"jetpack_featured_media_url":"https:\/\/franciscansinternational.org\/pt\/wp-content\/uploads\/sites\/5\/2025\/02\/CEDAW_SriLanka_Thumb-scaled.jpg","jetpack_sharing_enabled":true,"_links":{"self":[{"href":"https:\/\/franciscansinternational.org\/pt\/wp-json\/wp\/v2\/posts\/651","targetHints":{"allow":["GET"]}}],"collection":[{"href":"https:\/\/franciscansinternational.org\/pt\/wp-json\/wp\/v2\/posts"}],"about":[{"href":"https:\/\/franciscansinternational.org\/pt\/wp-json\/wp\/v2\/types\/post"}],"author":[{"embeddable":true,"href":"https:\/\/franciscansinternational.org\/pt\/wp-json\/wp\/v2\/users\/3"}],"replies":[{"embeddable":true,"href":"https:\/\/franciscansinternational.org\/pt\/wp-json\/wp\/v2\/comments?post=651"}],"version-history":[{"count":1,"href":"https:\/\/franciscansinternational.org\/pt\/wp-json\/wp\/v2\/posts\/651\/revisions"}],"predecessor-version":[{"id":653,"href":"https:\/\/franciscansinternational.org\/pt\/wp-json\/wp\/v2\/posts\/651\/revisions\/653"}],"wp:featuredmedia":[{"embeddable":true,"href":"https:\/\/franciscansinternational.org\/pt\/wp-json\/wp\/v2\/media\/652"}],"wp:attachment":[{"href":"https:\/\/franciscansinternational.org\/pt\/wp-json\/wp\/v2\/media?parent=651"}],"wp:term":[{"taxonomy":"category","embeddable":true,"href":"https:\/\/franciscansinternational.org\/pt\/wp-json\/wp\/v2\/categories?post=651"},{"taxonomy":"post_tag","embeddable":true,"href":"https:\/\/franciscansinternational.org\/pt\/wp-json\/wp\/v2\/tags?post=651"}],"curies":[{"name":"wp","href":"https:\/\/api.w.org\/{rel}","templated":true}]}}