{"id":667,"date":"2025-03-22T10:00:00","date_gmt":"2025-03-22T10:00:00","guid":{"rendered":"https:\/\/franciscansinternational.org\/pt\/?p=667"},"modified":"2025-12-17T10:08:06","modified_gmt":"2025-12-17T10:08:06","slug":"celebrando-o-cantico-das-criaturas","status":"publish","type":"post","link":"https:\/\/franciscansinternational.org\/pt\/celebrando-o-cantico-das-criaturas\/","title":{"rendered":"Celebrando o C\u00e2ntico das Criaturas"},"content":{"rendered":"\n<p>Oitocentos anos depois de S\u00e3o Francisco ter composto o C\u00e2ntico das Criaturas, os seus escritos continuam a ser profundamente relevantes &#8211; incluindo nas Na\u00e7\u00f5es Unidas. J\u00e1 durante a sua vida, Francisco preocupou-se com o impacto que os humanos estavam a ter no mundo \u00e0 sua volta. Ao elogiar as muitas dimens\u00f5es da natureza que testemunhava \u00e0 sua volta, Francisco tamb\u00e9m reconheceu a sua fragilidade. Hoje, enquanto tentamos preservar o mundo das crises m\u00faltiplas e intersectadas que amea\u00e7am toda a natureza, as suas palavras ressoam como um lembrete do que est\u00e1 em jogo.&nbsp;<br><br>Este ano, ao assinalarmos o 800\u00ba anivers\u00e1rio do C\u00e2ntico, os membros do nosso <a href=\"https:\/\/franciscansinternational.org\/pt\/sobre-nos\/#conselhodiretorinternacional\" target=\"_blank\" rel=\"noreferrer noopener\">Conselho de Administra\u00e7\u00e3o Internacional<\/a> reflectem sobre os seus diferentes elementos. Convidamo-lo a acompanhar-nos enquanto eles exploram o que o C\u00e2ntico nos pode ensinar e como a sua mensagem nos pode inspirar enquanto trabalhamos para proteger os direitos humanos e o ambiente.&nbsp;<\/p>\n\n\n\n<div class=\"wp-block-columns is-layout-flex wp-container-core-columns-is-layout-9d6595d7 wp-block-columns-is-layout-flex\">\n<div class=\"wp-block-column is-layout-flow wp-block-column-is-layout-flow\"><div class=\"wp-block-image\">\n<figure class=\"aligncenter size-thumbnail\"><img loading=\"lazy\" decoding=\"async\" width=\"150\" height=\"150\" src=\"https:\/\/franciscansinternational.org\/pt\/wp-content\/uploads\/sites\/5\/2025\/03\/CoC2025_Vicente-150x150.png\" alt=\"\" class=\"wp-image-669\" srcset=\"https:\/\/franciscansinternational.org\/pt\/wp-content\/uploads\/sites\/5\/2025\/03\/CoC2025_Vicente-150x150.png 150w, https:\/\/franciscansinternational.org\/pt\/wp-content\/uploads\/sites\/5\/2025\/03\/CoC2025_Vicente-300x300.png 300w, https:\/\/franciscansinternational.org\/pt\/wp-content\/uploads\/sites\/5\/2025\/03\/CoC2025_Vicente.png 490w\" sizes=\"auto, (max-width: 150px) 100vw, 150px\" \/><figcaption class=\"wp-element-caption\"><a href=\"https:\/\/franciscansinternational.org\/pt\/reflection\/louvado-sejais-meu-senhor-pela-nossa-irma-agua\/\" target=\"_blank\" rel=\"noreferrer noopener\">Vicente Imhof OFMCap<br><em>Irm\u00e3 \u00c1gua<\/em><\/a><\/figcaption><\/figure><\/div><\/div>\n\n\n\n<div class=\"wp-block-column is-layout-flow wp-block-column-is-layout-flow\"><div class=\"wp-block-image\">\n<figure class=\"aligncenter size-thumbnail\"><a href=\"https:\/\/franciscansinternational.org\/pt\/reflection\/louvado-sejais-meu-senhor-atraves-do-irmao-fogo\/\"><img loading=\"lazy\" decoding=\"async\" width=\"150\" height=\"150\" src=\"https:\/\/franciscansinternational.org\/pt\/wp-content\/uploads\/sites\/5\/2025\/03\/CoC2025_Chris-150x150.png\" alt=\"\" class=\"wp-image-781\" srcset=\"https:\/\/franciscansinternational.org\/pt\/wp-content\/uploads\/sites\/5\/2025\/03\/CoC2025_Chris-150x150.png 150w, https:\/\/franciscansinternational.org\/pt\/wp-content\/uploads\/sites\/5\/2025\/03\/CoC2025_Chris-300x300.png 300w, https:\/\/franciscansinternational.org\/pt\/wp-content\/uploads\/sites\/5\/2025\/03\/CoC2025_Chris.png 500w\" sizes=\"auto, (max-width: 150px) 100vw, 150px\" \/><\/a><figcaption class=\"wp-element-caption\"><a href=\"https:\/\/franciscansinternational.org\/pt\/reflection\/louvado-sejais-meu-senhor-atraves-do-irmao-fogo\/\">Christopher John SSF<br><em>Irm\u00e3o Fogo<\/em><\/a><\/figcaption><\/figure><\/div><\/div>\n<\/div>\n\n\n\n<div class=\"wp-block-columns is-layout-flex wp-container-core-columns-is-layout-9d6595d7 wp-block-columns-is-layout-flex\">\n<div class=\"wp-block-column is-layout-flow wp-block-column-is-layout-flow\"><div class=\"wp-block-image\">\n<figure class=\"aligncenter size-thumbnail\"><img loading=\"lazy\" decoding=\"async\" width=\"150\" height=\"150\" src=\"https:\/\/franciscansinternational.org\/pt\/wp-content\/uploads\/sites\/5\/2025\/04\/CoC2025_Benedict-150x150.png\" alt=\"\" class=\"wp-image-719\" srcset=\"https:\/\/franciscansinternational.org\/pt\/wp-content\/uploads\/sites\/5\/2025\/04\/CoC2025_Benedict-150x150.png 150w, https:\/\/franciscansinternational.org\/pt\/wp-content\/uploads\/sites\/5\/2025\/04\/CoC2025_Benedict-300x300.png 300w, https:\/\/franciscansinternational.org\/pt\/wp-content\/uploads\/sites\/5\/2025\/04\/CoC2025_Benedict.png 500w\" sizes=\"auto, (max-width: 150px) 100vw, 150px\" \/><figcaption class=\"wp-element-caption\"><a href=\"https:\/\/franciscansinternational.org\/pt\/reflection\/do-cantico-a-acao-climatica-vivendo-a-laudato-si\/\" target=\"_blank\" rel=\"noreferrer noopener\">Benedetto Ayodi OFMCap<br><em>Laudato Si&#8217;<\/em><\/a><\/figcaption><\/figure><\/div><\/div>\n\n\n\n<div class=\"wp-block-column is-layout-flow wp-block-column-is-layout-flow\"><div class=\"wp-block-image\">\n<figure class=\"aligncenter size-thumbnail\"><a href=\"https:\/\/franciscansinternational.org\/pt\/reflection\/irmao-vento-e-o-sopro-de-deus\/\"><img loading=\"lazy\" decoding=\"async\" width=\"150\" height=\"150\" src=\"https:\/\/franciscansinternational.org\/pt\/wp-content\/uploads\/sites\/5\/2025\/03\/CoC2025_Carolyn-150x150.png\" alt=\"\" class=\"wp-image-836\" srcset=\"https:\/\/franciscansinternational.org\/pt\/wp-content\/uploads\/sites\/5\/2025\/03\/CoC2025_Carolyn-150x150.png 150w, https:\/\/franciscansinternational.org\/pt\/wp-content\/uploads\/sites\/5\/2025\/03\/CoC2025_Carolyn.png 231w\" sizes=\"auto, (max-width: 150px) 100vw, 150px\" \/><\/a><figcaption class=\"wp-element-caption\"><a href=\"https:\/\/franciscansinternational.org\/pt\/reflection\/irmao-vento-e-o-sopro-de-deus\/\">Carolyn Townes OFS<br><em>Irm\u00e3o Vento<\/em><\/a><\/figcaption><\/figure><\/div><\/div>\n\n\n\n<div class=\"wp-block-column is-layout-flow wp-block-column-is-layout-flow\"><div class=\"wp-block-image\">\n<figure class=\"aligncenter size-thumbnail\"><a href=\"https:\/\/franciscansinternational.org\/pt\/reflection\/louvado-sejas-meu-senhor-com-todas-as-tuas-criaturas-especialmente-o-irmao-sol\/\"><img loading=\"lazy\" decoding=\"async\" width=\"150\" height=\"150\" src=\"https:\/\/franciscansinternational.org\/pt\/wp-content\/uploads\/sites\/5\/2025\/03\/CoC2025_Charity-150x150.png\" alt=\"\" class=\"wp-image-868\" srcset=\"https:\/\/franciscansinternational.org\/pt\/wp-content\/uploads\/sites\/5\/2025\/03\/CoC2025_Charity-150x150.png 150w, https:\/\/franciscansinternational.org\/pt\/wp-content\/uploads\/sites\/5\/2025\/03\/CoC2025_Charity-300x300.png 300w, https:\/\/franciscansinternational.org\/pt\/wp-content\/uploads\/sites\/5\/2025\/03\/CoC2025_Charity.png 500w\" sizes=\"auto, (max-width: 150px) 100vw, 150px\" \/><\/a><figcaption class=\"wp-element-caption\"><a href=\"https:\/\/franciscansinternational.org\/pt\/reflection\/louvado-sejas-meu-senhor-com-todas-as-tuas-criaturas-especialmente-o-irmao-sol\/\">Charity Nkandu SFMA<br><em>Irm\u00e3o Sol<\/em><\/a><\/figcaption><\/figure><\/div><\/div>\n<\/div>\n\n\n\n<div class=\"wp-block-columns is-layout-flex wp-container-core-columns-is-layout-9d6595d7 wp-block-columns-is-layout-flex\">\n<div class=\"wp-block-column is-layout-flow wp-block-column-is-layout-flow\"><div class=\"wp-block-image\">\n<figure class=\"aligncenter size-thumbnail\"><a href=\"https:\/\/franciscansinternational.org\/pt\/reflection\/louvado-sejas-meu-senhor-pela-nossa-irma-mae-terra\/\"><img loading=\"lazy\" decoding=\"async\" width=\"150\" height=\"150\" src=\"https:\/\/franciscansinternational.org\/pt\/wp-content\/uploads\/sites\/5\/2025\/03\/CoC2025_Michael-150x150.png\" alt=\"\" class=\"wp-image-883\" srcset=\"https:\/\/franciscansinternational.org\/pt\/wp-content\/uploads\/sites\/5\/2025\/03\/CoC2025_Michael-150x150.png 150w, https:\/\/franciscansinternational.org\/pt\/wp-content\/uploads\/sites\/5\/2025\/03\/CoC2025_Michael-300x300.png 300w, https:\/\/franciscansinternational.org\/pt\/wp-content\/uploads\/sites\/5\/2025\/03\/CoC2025_Michael.png 500w\" sizes=\"auto, (max-width: 150px) 100vw, 150px\" \/><\/a><figcaption class=\"wp-element-caption\"><a href=\"https:\/\/franciscansinternational.org\/pt\/reflection\/louvado-sejas-meu-senhor-pela-nossa-irma-mae-terra\/\">Michael Perry OFM<br><em>Irm\u00e3 M\u00e3e Terra<\/em><\/a><\/figcaption><\/figure><\/div><\/div>\n\n\n\n<div class=\"wp-block-column is-layout-flow wp-block-column-is-layout-flow\"><div class=\"wp-block-image\">\n<figure class=\"aligncenter size-thumbnail\"><a href=\"https:\/\/franciscansinternational.org\/pt\/reflection\/bem-vinda-irma-morte\/\"><img loading=\"lazy\" decoding=\"async\" width=\"150\" height=\"150\" src=\"https:\/\/franciscansinternational.org\/pt\/wp-content\/uploads\/sites\/5\/2025\/03\/CoC2025_Eduardo-150x150.png\" alt=\"\" class=\"wp-image-887\" srcset=\"https:\/\/franciscansinternational.org\/pt\/wp-content\/uploads\/sites\/5\/2025\/03\/CoC2025_Eduardo-150x150.png 150w, https:\/\/franciscansinternational.org\/pt\/wp-content\/uploads\/sites\/5\/2025\/03\/CoC2025_Eduardo-300x300.png 300w, https:\/\/franciscansinternational.org\/pt\/wp-content\/uploads\/sites\/5\/2025\/03\/CoC2025_Eduardo.png 500w\" sizes=\"auto, (max-width: 150px) 100vw, 150px\" \/><\/a><figcaption class=\"wp-element-caption\"><a href=\"https:\/\/franciscansinternational.org\/pt\/reflection\/bem-vinda-irma-morte\/\">Eduardo Tarin TOR<br><em>Irm\u00e3 Morte<\/em><\/a><\/figcaption><\/figure><\/div><\/div>\n<\/div>\n\n\n\n<p><\/p>\n\n\n\n<blockquote class=\"wp-block-quote has-small-font-size is-layout-flow wp-block-quote-is-layout-flow\">\n<p>Esta \u00e9 uma tradu\u00e7\u00e3o autom\u00e1tica. Pedimos desculpa por quaisquer erros que possam ter ocorrido como resultado. Em caso de diverg\u00eancia, \u00e9 a vers\u00e3o inglesa que faz f\u00e9.<\/p>\n<\/blockquote>\n","protected":false},"excerpt":{"rendered":"<p>Oitocentos anos depois de S\u00e3o Francisco ter composto o C\u00e2ntico das Criaturas, os seus escritos continuam a ser profundamente relevantes &#8230; <\/p>\n","protected":false},"author":3,"featured_media":679,"comment_status":"closed","ping_status":"closed","sticky":false,"template":"","format":"standard","meta":{"_relevanssi_hide_post":"","_relevanssi_hide_content":"","_relevanssi_pin_for_all":"","_relevanssi_pin_keywords":"","_relevanssi_unpin_keywords":"","_relevanssi_related_keywords":"","_relevanssi_related_include_ids":"","_relevanssi_related_exclude_ids":"","_relevanssi_related_no_append":"","_relevanssi_related_not_related":"","_relevanssi_related_posts":"241,344,318,616,232,520","_relevanssi_noindex_reason":"","_jetpack_memberships_contains_paid_content":false,"footnotes":""},"categories":[31],"tags":[],"class_list":["post-667","post","type-post","status-publish","format-standard","has-post-thumbnail","hentry","category-franciscanos-na-onu"],"acf":[],"yoast_head":"<!-- This site is optimized with the Yoast SEO plugin v27.5 - https:\/\/yoast.com\/product\/yoast-seo-wordpress\/ -->\n<title>Celebrando o C\u00e2ntico das Criaturas - Franciscans International (PT)<\/title>\n<meta name=\"robots\" content=\"index, follow, max-snippet:-1, max-image-preview:large, max-video-preview:-1\" \/>\n<link rel=\"canonical\" href=\"https:\/\/franciscansinternational.org\/pt\/celebrando-o-cantico-das-criaturas\/\" \/>\n<meta property=\"og:locale\" content=\"pt_PT\" \/>\n<meta property=\"og:type\" content=\"article\" \/>\n<meta property=\"og:title\" content=\"Celebrando o C\u00e2ntico das Criaturas - Franciscans International (PT)\" \/>\n<meta property=\"og:description\" content=\"Oitocentos anos depois de S\u00e3o Francisco ter composto o C\u00e2ntico das Criaturas, os seus escritos continuam a ser profundamente relevantes ...\" \/>\n<meta property=\"og:url\" content=\"https:\/\/franciscansinternational.org\/pt\/celebrando-o-cantico-das-criaturas\/\" \/>\n<meta property=\"og:site_name\" content=\"Franciscans International (PT)\" \/>\n<meta property=\"article:publisher\" content=\"https:\/\/www.facebook.com\/FranciscansInternational\/\" \/>\n<meta property=\"article:published_time\" content=\"2025-03-22T10:00:00+00:00\" \/>\n<meta property=\"article:modified_time\" content=\"2025-12-17T10:08:06+00:00\" \/>\n<meta property=\"og:image\" content=\"https:\/\/franciscansinternational.org\/pt\/wp-content\/uploads\/sites\/5\/2025\/03\/Canticle_celebration_banner.jpg\" \/>\n\t<meta property=\"og:image:width\" content=\"1114\" \/>\n\t<meta property=\"og:image:height\" content=\"627\" \/>\n\t<meta property=\"og:image:type\" content=\"image\/jpeg\" \/>\n<meta name=\"author\" content=\"communications\" \/>\n<meta name=\"twitter:card\" content=\"summary_large_image\" \/>\n<meta name=\"twitter:creator\" content=\"@FranciscansIntl\" \/>\n<meta name=\"twitter:site\" content=\"@FranciscansIntl\" \/>\n<meta name=\"twitter:label1\" content=\"Escrito por\" \/>\n\t<meta name=\"twitter:data1\" content=\"communications\" \/>\n\t<meta name=\"twitter:label2\" content=\"Tempo estimado de leitura\" \/>\n\t<meta name=\"twitter:data2\" content=\"3 minutos\" \/>\n<script type=\"application\/ld+json\" class=\"yoast-schema-graph\">{\"@context\":\"https:\\\/\\\/schema.org\",\"@graph\":[{\"@type\":\"Article\",\"@id\":\"https:\\\/\\\/franciscansinternational.org\\\/pt\\\/celebrando-o-cantico-das-criaturas\\\/#article\",\"isPartOf\":{\"@id\":\"https:\\\/\\\/franciscansinternational.org\\\/pt\\\/celebrando-o-cantico-das-criaturas\\\/\"},\"author\":{\"name\":\"communications\",\"@id\":\"https:\\\/\\\/franciscansinternational.org\\\/pt\\\/#\\\/schema\\\/person\\\/f398f02712a9dcab7603295bc1ea94e4\"},\"headline\":\"Celebrando o C\u00e2ntico das Criaturas\",\"datePublished\":\"2025-03-22T10:00:00+00:00\",\"dateModified\":\"2025-12-17T10:08:06+00:00\",\"mainEntityOfPage\":{\"@id\":\"https:\\\/\\\/franciscansinternational.org\\\/pt\\\/celebrando-o-cantico-das-criaturas\\\/\"},\"wordCount\":231,\"publisher\":{\"@id\":\"https:\\\/\\\/franciscansinternational.org\\\/pt\\\/#organization\"},\"image\":{\"@id\":\"https:\\\/\\\/franciscansinternational.org\\\/pt\\\/celebrando-o-cantico-das-criaturas\\\/#primaryimage\"},\"thumbnailUrl\":\"https:\\\/\\\/franciscansinternational.org\\\/pt\\\/wp-content\\\/uploads\\\/sites\\\/5\\\/2025\\\/03\\\/Canticle_celebration_banner.jpg\",\"articleSection\":[\"Franciscanos na ONU\"],\"inLanguage\":\"pt-PT\"},{\"@type\":\"WebPage\",\"@id\":\"https:\\\/\\\/franciscansinternational.org\\\/pt\\\/celebrando-o-cantico-das-criaturas\\\/\",\"url\":\"https:\\\/\\\/franciscansinternational.org\\\/pt\\\/celebrando-o-cantico-das-criaturas\\\/\",\"name\":\"Celebrando o C\u00e2ntico das Criaturas - Franciscans International (PT)\",\"isPartOf\":{\"@id\":\"https:\\\/\\\/franciscansinternational.org\\\/pt\\\/#website\"},\"primaryImageOfPage\":{\"@id\":\"https:\\\/\\\/franciscansinternational.org\\\/pt\\\/celebrando-o-cantico-das-criaturas\\\/#primaryimage\"},\"image\":{\"@id\":\"https:\\\/\\\/franciscansinternational.org\\\/pt\\\/celebrando-o-cantico-das-criaturas\\\/#primaryimage\"},\"thumbnailUrl\":\"https:\\\/\\\/franciscansinternational.org\\\/pt\\\/wp-content\\\/uploads\\\/sites\\\/5\\\/2025\\\/03\\\/Canticle_celebration_banner.jpg\",\"datePublished\":\"2025-03-22T10:00:00+00:00\",\"dateModified\":\"2025-12-17T10:08:06+00:00\",\"breadcrumb\":{\"@id\":\"https:\\\/\\\/franciscansinternational.org\\\/pt\\\/celebrando-o-cantico-das-criaturas\\\/#breadcrumb\"},\"inLanguage\":\"pt-PT\",\"potentialAction\":[{\"@type\":\"ReadAction\",\"target\":[\"https:\\\/\\\/franciscansinternational.org\\\/pt\\\/celebrando-o-cantico-das-criaturas\\\/\"]}]},{\"@type\":\"ImageObject\",\"inLanguage\":\"pt-PT\",\"@id\":\"https:\\\/\\\/franciscansinternational.org\\\/pt\\\/celebrando-o-cantico-das-criaturas\\\/#primaryimage\",\"url\":\"https:\\\/\\\/franciscansinternational.org\\\/pt\\\/wp-content\\\/uploads\\\/sites\\\/5\\\/2025\\\/03\\\/Canticle_celebration_banner.jpg\",\"contentUrl\":\"https:\\\/\\\/franciscansinternational.org\\\/pt\\\/wp-content\\\/uploads\\\/sites\\\/5\\\/2025\\\/03\\\/Canticle_celebration_banner.jpg\",\"width\":1114,\"height\":627},{\"@type\":\"BreadcrumbList\",\"@id\":\"https:\\\/\\\/franciscansinternational.org\\\/pt\\\/celebrando-o-cantico-das-criaturas\\\/#breadcrumb\",\"itemListElement\":[{\"@type\":\"ListItem\",\"position\":1,\"name\":\"Home\",\"item\":\"https:\\\/\\\/franciscansinternational.org\\\/pt\\\/\"},{\"@type\":\"ListItem\",\"position\":2,\"name\":\"Celebrando o C\u00e2ntico das Criaturas\"}]},{\"@type\":\"WebSite\",\"@id\":\"https:\\\/\\\/franciscansinternational.org\\\/pt\\\/#website\",\"url\":\"https:\\\/\\\/franciscansinternational.org\\\/pt\\\/\",\"name\":\"Franciscans International (PT)\",\"description\":\"Just another Franciscans International site\",\"publisher\":{\"@id\":\"https:\\\/\\\/franciscansinternational.org\\\/pt\\\/#organization\"},\"potentialAction\":[{\"@type\":\"SearchAction\",\"target\":{\"@type\":\"EntryPoint\",\"urlTemplate\":\"https:\\\/\\\/franciscansinternational.org\\\/pt\\\/?s={search_term_string}\"},\"query-input\":{\"@type\":\"PropertyValueSpecification\",\"valueRequired\":true,\"valueName\":\"search_term_string\"}}],\"inLanguage\":\"pt-PT\"},{\"@type\":\"Organization\",\"@id\":\"https:\\\/\\\/franciscansinternational.org\\\/pt\\\/#organization\",\"name\":\"Franciscans International (PT)\",\"url\":\"https:\\\/\\\/franciscansinternational.org\\\/pt\\\/\",\"logo\":{\"@type\":\"ImageObject\",\"inLanguage\":\"pt-PT\",\"@id\":\"https:\\\/\\\/franciscansinternational.org\\\/pt\\\/#\\\/schema\\\/logo\\\/image\\\/\",\"url\":\"https:\\\/\\\/franciscansinternational.org\\\/wp-content\\\/uploads\\\/sites\\\/5\\\/2023\\\/05\\\/logo-3.png\",\"contentUrl\":\"https:\\\/\\\/franciscansinternational.org\\\/wp-content\\\/uploads\\\/sites\\\/5\\\/2023\\\/05\\\/logo-3.png\",\"width\":1200,\"height\":205,\"caption\":\"Franciscans International (PT)\"},\"image\":{\"@id\":\"https:\\\/\\\/franciscansinternational.org\\\/pt\\\/#\\\/schema\\\/logo\\\/image\\\/\"},\"sameAs\":[\"https:\\\/\\\/www.facebook.com\\\/FranciscansInternational\\\/\",\"https:\\\/\\\/x.com\\\/FranciscansIntl\",\"https:\\\/\\\/www.youtube.com\\\/channel\\\/UCexu0i-fWB4wwrlPMCz8_Zg\"]},{\"@type\":\"Person\",\"@id\":\"https:\\\/\\\/franciscansinternational.org\\\/pt\\\/#\\\/schema\\\/person\\\/f398f02712a9dcab7603295bc1ea94e4\",\"name\":\"communications\",\"image\":{\"@type\":\"ImageObject\",\"inLanguage\":\"pt-PT\",\"@id\":\"https:\\\/\\\/secure.gravatar.com\\\/avatar\\\/0b4a62226a9b4f7ce621ec49ca40be1e77d886a42ca84b8a0b0697e9ec17dd63?s=96&d=mm&r=g\",\"url\":\"https:\\\/\\\/secure.gravatar.com\\\/avatar\\\/0b4a62226a9b4f7ce621ec49ca40be1e77d886a42ca84b8a0b0697e9ec17dd63?s=96&d=mm&r=g\",\"contentUrl\":\"https:\\\/\\\/secure.gravatar.com\\\/avatar\\\/0b4a62226a9b4f7ce621ec49ca40be1e77d886a42ca84b8a0b0697e9ec17dd63?s=96&d=mm&r=g\",\"caption\":\"communications\"},\"url\":\"https:\\\/\\\/franciscansinternational.org\\\/pt\\\/author\\\/communications\\\/\"}]}<\/script>\n<!-- \/ Yoast SEO plugin. -->","yoast_head_json":{"title":"Celebrando o C\u00e2ntico das Criaturas - Franciscans International (PT)","robots":{"index":"index","follow":"follow","max-snippet":"max-snippet:-1","max-image-preview":"max-image-preview:large","max-video-preview":"max-video-preview:-1"},"canonical":"https:\/\/franciscansinternational.org\/pt\/celebrando-o-cantico-das-criaturas\/","og_locale":"pt_PT","og_type":"article","og_title":"Celebrando o C\u00e2ntico das Criaturas - Franciscans International (PT)","og_description":"Oitocentos anos depois de S\u00e3o Francisco ter composto o C\u00e2ntico das Criaturas, os seus escritos continuam a ser profundamente relevantes ...","og_url":"https:\/\/franciscansinternational.org\/pt\/celebrando-o-cantico-das-criaturas\/","og_site_name":"Franciscans International (PT)","article_publisher":"https:\/\/www.facebook.com\/FranciscansInternational\/","article_published_time":"2025-03-22T10:00:00+00:00","article_modified_time":"2025-12-17T10:08:06+00:00","og_image":[{"width":1114,"height":627,"url":"https:\/\/franciscansinternational.org\/pt\/wp-content\/uploads\/sites\/5\/2025\/03\/Canticle_celebration_banner.jpg","type":"image\/jpeg"}],"author":"communications","twitter_card":"summary_large_image","twitter_creator":"@FranciscansIntl","twitter_site":"@FranciscansIntl","twitter_misc":{"Escrito por":"communications","Tempo estimado de leitura":"3 minutos"},"schema":{"@context":"https:\/\/schema.org","@graph":[{"@type":"Article","@id":"https:\/\/franciscansinternational.org\/pt\/celebrando-o-cantico-das-criaturas\/#article","isPartOf":{"@id":"https:\/\/franciscansinternational.org\/pt\/celebrando-o-cantico-das-criaturas\/"},"author":{"name":"communications","@id":"https:\/\/franciscansinternational.org\/pt\/#\/schema\/person\/f398f02712a9dcab7603295bc1ea94e4"},"headline":"Celebrando o C\u00e2ntico das Criaturas","datePublished":"2025-03-22T10:00:00+00:00","dateModified":"2025-12-17T10:08:06+00:00","mainEntityOfPage":{"@id":"https:\/\/franciscansinternational.org\/pt\/celebrando-o-cantico-das-criaturas\/"},"wordCount":231,"publisher":{"@id":"https:\/\/franciscansinternational.org\/pt\/#organization"},"image":{"@id":"https:\/\/franciscansinternational.org\/pt\/celebrando-o-cantico-das-criaturas\/#primaryimage"},"thumbnailUrl":"https:\/\/franciscansinternational.org\/pt\/wp-content\/uploads\/sites\/5\/2025\/03\/Canticle_celebration_banner.jpg","articleSection":["Franciscanos na ONU"],"inLanguage":"pt-PT"},{"@type":"WebPage","@id":"https:\/\/franciscansinternational.org\/pt\/celebrando-o-cantico-das-criaturas\/","url":"https:\/\/franciscansinternational.org\/pt\/celebrando-o-cantico-das-criaturas\/","name":"Celebrando o C\u00e2ntico das Criaturas - Franciscans International (PT)","isPartOf":{"@id":"https:\/\/franciscansinternational.org\/pt\/#website"},"primaryImageOfPage":{"@id":"https:\/\/franciscansinternational.org\/pt\/celebrando-o-cantico-das-criaturas\/#primaryimage"},"image":{"@id":"https:\/\/franciscansinternational.org\/pt\/celebrando-o-cantico-das-criaturas\/#primaryimage"},"thumbnailUrl":"https:\/\/franciscansinternational.org\/pt\/wp-content\/uploads\/sites\/5\/2025\/03\/Canticle_celebration_banner.jpg","datePublished":"2025-03-22T10:00:00+00:00","dateModified":"2025-12-17T10:08:06+00:00","breadcrumb":{"@id":"https:\/\/franciscansinternational.org\/pt\/celebrando-o-cantico-das-criaturas\/#breadcrumb"},"inLanguage":"pt-PT","potentialAction":[{"@type":"ReadAction","target":["https:\/\/franciscansinternational.org\/pt\/celebrando-o-cantico-das-criaturas\/"]}]},{"@type":"ImageObject","inLanguage":"pt-PT","@id":"https:\/\/franciscansinternational.org\/pt\/celebrando-o-cantico-das-criaturas\/#primaryimage","url":"https:\/\/franciscansinternational.org\/pt\/wp-content\/uploads\/sites\/5\/2025\/03\/Canticle_celebration_banner.jpg","contentUrl":"https:\/\/franciscansinternational.org\/pt\/wp-content\/uploads\/sites\/5\/2025\/03\/Canticle_celebration_banner.jpg","width":1114,"height":627},{"@type":"BreadcrumbList","@id":"https:\/\/franciscansinternational.org\/pt\/celebrando-o-cantico-das-criaturas\/#breadcrumb","itemListElement":[{"@type":"ListItem","position":1,"name":"Home","item":"https:\/\/franciscansinternational.org\/pt\/"},{"@type":"ListItem","position":2,"name":"Celebrando o C\u00e2ntico das Criaturas"}]},{"@type":"WebSite","@id":"https:\/\/franciscansinternational.org\/pt\/#website","url":"https:\/\/franciscansinternational.org\/pt\/","name":"Franciscans International (PT)","description":"Just another Franciscans International site","publisher":{"@id":"https:\/\/franciscansinternational.org\/pt\/#organization"},"potentialAction":[{"@type":"SearchAction","target":{"@type":"EntryPoint","urlTemplate":"https:\/\/franciscansinternational.org\/pt\/?s={search_term_string}"},"query-input":{"@type":"PropertyValueSpecification","valueRequired":true,"valueName":"search_term_string"}}],"inLanguage":"pt-PT"},{"@type":"Organization","@id":"https:\/\/franciscansinternational.org\/pt\/#organization","name":"Franciscans International (PT)","url":"https:\/\/franciscansinternational.org\/pt\/","logo":{"@type":"ImageObject","inLanguage":"pt-PT","@id":"https:\/\/franciscansinternational.org\/pt\/#\/schema\/logo\/image\/","url":"https:\/\/franciscansinternational.org\/wp-content\/uploads\/sites\/5\/2023\/05\/logo-3.png","contentUrl":"https:\/\/franciscansinternational.org\/wp-content\/uploads\/sites\/5\/2023\/05\/logo-3.png","width":1200,"height":205,"caption":"Franciscans International (PT)"},"image":{"@id":"https:\/\/franciscansinternational.org\/pt\/#\/schema\/logo\/image\/"},"sameAs":["https:\/\/www.facebook.com\/FranciscansInternational\/","https:\/\/x.com\/FranciscansIntl","https:\/\/www.youtube.com\/channel\/UCexu0i-fWB4wwrlPMCz8_Zg"]},{"@type":"Person","@id":"https:\/\/franciscansinternational.org\/pt\/#\/schema\/person\/f398f02712a9dcab7603295bc1ea94e4","name":"communications","image":{"@type":"ImageObject","inLanguage":"pt-PT","@id":"https:\/\/secure.gravatar.com\/avatar\/0b4a62226a9b4f7ce621ec49ca40be1e77d886a42ca84b8a0b0697e9ec17dd63?s=96&d=mm&r=g","url":"https:\/\/secure.gravatar.com\/avatar\/0b4a62226a9b4f7ce621ec49ca40be1e77d886a42ca84b8a0b0697e9ec17dd63?s=96&d=mm&r=g","contentUrl":"https:\/\/secure.gravatar.com\/avatar\/0b4a62226a9b4f7ce621ec49ca40be1e77d886a42ca84b8a0b0697e9ec17dd63?s=96&d=mm&r=g","caption":"communications"},"url":"https:\/\/franciscansinternational.org\/pt\/author\/communications\/"}]}},"jetpack_featured_media_url":"https:\/\/franciscansinternational.org\/pt\/wp-content\/uploads\/sites\/5\/2025\/03\/Canticle_celebration_banner.jpg","jetpack_sharing_enabled":true,"_links":{"self":[{"href":"https:\/\/franciscansinternational.org\/pt\/wp-json\/wp\/v2\/posts\/667","targetHints":{"allow":["GET"]}}],"collection":[{"href":"https:\/\/franciscansinternational.org\/pt\/wp-json\/wp\/v2\/posts"}],"about":[{"href":"https:\/\/franciscansinternational.org\/pt\/wp-json\/wp\/v2\/types\/post"}],"author":[{"embeddable":true,"href":"https:\/\/franciscansinternational.org\/pt\/wp-json\/wp\/v2\/users\/3"}],"replies":[{"embeddable":true,"href":"https:\/\/franciscansinternational.org\/pt\/wp-json\/wp\/v2\/comments?post=667"}],"version-history":[{"count":9,"href":"https:\/\/franciscansinternational.org\/pt\/wp-json\/wp\/v2\/posts\/667\/revisions"}],"predecessor-version":[{"id":889,"href":"https:\/\/franciscansinternational.org\/pt\/wp-json\/wp\/v2\/posts\/667\/revisions\/889"}],"wp:featuredmedia":[{"embeddable":true,"href":"https:\/\/franciscansinternational.org\/pt\/wp-json\/wp\/v2\/media\/679"}],"wp:attachment":[{"href":"https:\/\/franciscansinternational.org\/pt\/wp-json\/wp\/v2\/media?parent=667"}],"wp:term":[{"taxonomy":"category","embeddable":true,"href":"https:\/\/franciscansinternational.org\/pt\/wp-json\/wp\/v2\/categories?post=667"},{"taxonomy":"post_tag","embeddable":true,"href":"https:\/\/franciscansinternational.org\/pt\/wp-json\/wp\/v2\/tags?post=667"}],"curies":[{"name":"wp","href":"https:\/\/api.w.org\/{rel}","templated":true}]}}