{"id":788,"date":"2025-09-02T14:28:21","date_gmt":"2025-09-02T14:28:21","guid":{"rendered":"https:\/\/franciscansinternational.org\/pt\/?p=788"},"modified":"2025-09-02T14:45:03","modified_gmt":"2025-09-02T14:45:03","slug":"franciscanos-preparam-se-para-levantar-as-causas-profundas-da-violencia-continua-no-norte-de-mocambique-na-onu","status":"publish","type":"post","link":"https:\/\/franciscansinternational.org\/pt\/franciscanos-preparam-se-para-levantar-as-causas-profundas-da-violencia-continua-no-norte-de-mocambique-na-onu\/","title":{"rendered":"Franciscanos preparam-se para levantar as causas profundas da viol\u00eancia cont\u00ednua no norte de Mo\u00e7ambique na ONU"},"content":{"rendered":"\n<p>Em outubro de 2017, uma s\u00e9rie de ataques insurgentes na prov\u00edncia de Cabo Delgado, no norte de Mo\u00e7ambique, desencadeou um conflito que deslocou mais de 600.000 pessoas. Os franciscanos responderam inicialmente \u00e0 crise criando estruturas de apoio para as ondas de pessoas deslocadas internamente (PDI), tentando resolver a falta de alimentos, \u00e1gua, habita\u00e7\u00e3o, educa\u00e7\u00e3o e a preven\u00e7\u00e3o de traumas entre aqueles que fugiam da viol\u00eancia.&nbsp;<\/p>\n\n\n\n<p>Desde ent\u00e3o, os combates entre as for\u00e7as mo\u00e7ambicanas mal treinadas e os insurgentes transformaram-se num conflito prolongado e de baixa intensidade, sem fim imediato \u00e0 vista. Al\u00e9m dos ataques espor\u00e1dicos contra comunidades perpetrados por insurgentes, um n\u00famero crescente de viola\u00e7\u00f5es dos direitos humanos cometidas pelas for\u00e7as governamentais sem presta\u00e7\u00e3o de contas destruiu a confian\u00e7a daqueles que deveriam proteger. O conflito n\u00e3o \u00e9 alimentado apenas pela presen\u00e7a de g\u00e1s natural, petr\u00f3leo e outros recursos naturais, mas tamb\u00e9m por uma mudan\u00e7a na din\u00e2mica local, onde as comunidades n\u00e3o se beneficiam economicamente das atividades das transnacionais. Em vez disso, os trabalhadores artesanais locais foram afastados das suas atividades regulares, aumentando ainda mais as tens\u00f5es numa prov\u00edncia que h\u00e1 muito tempo \u00e9 marginalizada pol\u00edtica, social e economicamente.&nbsp;<\/p>\n\n\n\n<p>A Franciscans International viajou recentemente para Mo\u00e7ambique, onde visit\u00e1mos o campo de deslocados internos de Corane e nos reunimos com l\u00edderes comunit\u00e1rios, representantes da sociedade civil e outras partes interessadas. Aproveit\u00e1mos tamb\u00e9m a oportunidade para realizar um workshop sobre direitos humanos antes da pr\u00f3xima Revis\u00e3o Peri\u00f3dica Universal (UPR) de Mo\u00e7ambique. Reunindo diferentes ramos da fam\u00edlia franciscana, a forma\u00e7\u00e3o abrangeu uma s\u00e9rie de quest\u00f5es, incluindo documenta\u00e7\u00e3o e estrat\u00e9gias para fortalecer as redes existentes e abordar a mudan\u00e7a do papel dos franciscanos na resposta ao conflito.<\/p>\n\n\n\n<p><\/p>\n\n\n\n<figure class=\"wp-block-gallery has-nested-images columns-default is-cropped wp-block-gallery-1 is-layout-flex wp-block-gallery-is-layout-flex\">\n<figure class=\"wp-block-image size-large\"><img loading=\"lazy\" decoding=\"async\" width=\"1016\" height=\"677\" data-id=\"789\" src=\"https:\/\/franciscansinternational.org\/pt\/wp-content\/uploads\/sites\/5\/2025\/09\/2025_Mozambique1.jpg\" alt=\"\" class=\"wp-image-789\" srcset=\"https:\/\/franciscansinternational.org\/pt\/wp-content\/uploads\/sites\/5\/2025\/09\/2025_Mozambique1.jpg 1016w, https:\/\/franciscansinternational.org\/pt\/wp-content\/uploads\/sites\/5\/2025\/09\/2025_Mozambique1-300x200.jpg 300w, https:\/\/franciscansinternational.org\/pt\/wp-content\/uploads\/sites\/5\/2025\/09\/2025_Mozambique1-768x512.jpg 768w\" sizes=\"auto, (max-width: 1016px) 100vw, 1016px\" \/><\/figure>\n\n\n\n<figure class=\"wp-block-image size-large\"><img loading=\"lazy\" decoding=\"async\" width=\"1000\" height=\"667\" data-id=\"790\" src=\"https:\/\/franciscansinternational.org\/pt\/wp-content\/uploads\/sites\/5\/2025\/09\/2025_Mozambique2.jpg\" alt=\"\" class=\"wp-image-790\" srcset=\"https:\/\/franciscansinternational.org\/pt\/wp-content\/uploads\/sites\/5\/2025\/09\/2025_Mozambique2.jpg 1000w, https:\/\/franciscansinternational.org\/pt\/wp-content\/uploads\/sites\/5\/2025\/09\/2025_Mozambique2-300x200.jpg 300w, https:\/\/franciscansinternational.org\/pt\/wp-content\/uploads\/sites\/5\/2025\/09\/2025_Mozambique2-768x512.jpg 768w\" sizes=\"auto, (max-width: 1000px) 100vw, 1000px\" \/><\/figure>\n\n\n\n<figure class=\"wp-block-image size-large\"><img loading=\"lazy\" decoding=\"async\" width=\"1024\" height=\"682\" data-id=\"791\" src=\"https:\/\/franciscansinternational.org\/pt\/wp-content\/uploads\/sites\/5\/2025\/09\/2025_Mozambique3-1024x682.jpg\" alt=\"\" class=\"wp-image-791\" srcset=\"https:\/\/franciscansinternational.org\/pt\/wp-content\/uploads\/sites\/5\/2025\/09\/2025_Mozambique3-1024x682.jpg 1024w, https:\/\/franciscansinternational.org\/pt\/wp-content\/uploads\/sites\/5\/2025\/09\/2025_Mozambique3-300x200.jpg 300w, https:\/\/franciscansinternational.org\/pt\/wp-content\/uploads\/sites\/5\/2025\/09\/2025_Mozambique3-768x512.jpg 768w, https:\/\/franciscansinternational.org\/pt\/wp-content\/uploads\/sites\/5\/2025\/09\/2025_Mozambique3-1536x1023.jpg 1536w, https:\/\/franciscansinternational.org\/pt\/wp-content\/uploads\/sites\/5\/2025\/09\/2025_Mozambique3.jpg 1600w\" sizes=\"auto, (max-width: 1024px) 100vw, 1024px\" \/><\/figure>\n<\/figure>\n\n\n\n<p><\/p>\n\n\n\n<p>Desde&nbsp;<a href=\"https:\/\/franciscansinternational.org\/pt\/um-conflito-esquecido-no-norte-de-mocambique\/\">a \u00faltima visita da FI em 2022<\/a>, a redu\u00e7\u00e3o do espa\u00e7o c\u00edvico em Mo\u00e7ambique tem dificultado muito o monitoramento e a divulga\u00e7\u00e3o independentes, com os meios de comunica\u00e7\u00e3o impedidos de visitar Cabo Delgado. A presen\u00e7a limitada de institui\u00e7\u00f5es governamentais, incluindo o judici\u00e1rio, devido ao conflito, dificulta ainda mais o acesso a informa\u00e7\u00f5es confi\u00e1veis. Em meio \u00e0 diminui\u00e7\u00e3o do apoio humanit\u00e1rio internacional, os franciscanos e outras redes da Igreja est\u00e3o entre os poucos que podem oferecer apoio e documentar viola\u00e7\u00f5es dos direitos humanos.<\/p>\n\n\n\n<p>Nos pr\u00f3ximos meses, a FI trabalhar\u00e1 em estreita colabora\u00e7\u00e3o com os irm\u00e3os e irm\u00e3s franciscanos em Mo\u00e7ambique, enquanto eles preparam uma apresenta\u00e7\u00e3o para a UPR, um mecanismo da ONU atrav\u00e9s do qual os registos de direitos humanos de todos os Estados-Membros s\u00e3o examinados rotativamente. O relat\u00f3rio incluir\u00e1 observa\u00e7\u00f5es e recomenda\u00e7\u00f5es importantes sobre empresas e direitos humanos, a situa\u00e7\u00e3o das pessoas deslocadas internamente e a situa\u00e7\u00e3o de seguran\u00e7a em Cabo Delgado. A FI tamb\u00e9m est\u00e1 a preparar um novo relat\u00f3rio sobre a situa\u00e7\u00e3o, que dever\u00e1 ser publicado no final de 2025.<\/p>\n\n\n\n<p><\/p>\n\n\n\n<blockquote class=\"wp-block-quote has-small-font-size is-layout-flow wp-block-quote-is-layout-flow\">\n<p>Esta \u00e9 uma tradu\u00e7\u00e3o autom\u00e1tica. Pedimos desculpa por quaisquer erros que possam ter ocorrido como resultado. Em caso de diverg\u00eancia, \u00e9 a vers\u00e3o inglesa que faz f\u00e9.<\/p>\n<\/blockquote>\n","protected":false},"excerpt":{"rendered":"<p>Em outubro de 2017, uma s\u00e9rie de ataques insurgentes na prov\u00edncia de Cabo Delgado, no norte de Mo\u00e7ambique, desencadeou um &#8230; <\/p>\n","protected":false},"author":3,"featured_media":794,"comment_status":"closed","ping_status":"closed","sticky":false,"template":"","format":"standard","meta":{"_relevanssi_hide_post":"","_relevanssi_hide_content":"","_relevanssi_pin_for_all":"","_relevanssi_pin_keywords":"","_relevanssi_unpin_keywords":"","_relevanssi_related_keywords":"","_relevanssi_related_include_ids":"","_relevanssi_related_exclude_ids":"","_relevanssi_related_no_append":"","_relevanssi_related_not_related":"","_relevanssi_related_posts":"224,539,277,146,520,237","_relevanssi_noindex_reason":"","_jetpack_memberships_contains_paid_content":false,"footnotes":""},"categories":[1],"tags":[],"class_list":["post-788","post","type-post","status-publish","format-standard","has-post-thumbnail","hentry","category-noticias"],"acf":[],"yoast_head":"<!-- This site is optimized with the Yoast SEO plugin v27.4 - https:\/\/yoast.com\/product\/yoast-seo-wordpress\/ -->\n<title>Franciscanos preparam-se para levantar as causas profundas da viol\u00eancia cont\u00ednua no norte de Mo\u00e7ambique na ONU - Franciscans International (PT)<\/title>\n<meta name=\"robots\" content=\"index, follow, max-snippet:-1, max-image-preview:large, max-video-preview:-1\" \/>\n<link rel=\"canonical\" href=\"https:\/\/franciscansinternational.org\/pt\/franciscanos-preparam-se-para-levantar-as-causas-profundas-da-violencia-continua-no-norte-de-mocambique-na-onu\/\" \/>\n<meta property=\"og:locale\" content=\"pt_PT\" \/>\n<meta property=\"og:type\" content=\"article\" \/>\n<meta property=\"og:title\" content=\"Franciscanos preparam-se para levantar as causas profundas da viol\u00eancia cont\u00ednua no norte de Mo\u00e7ambique na ONU - Franciscans International (PT)\" \/>\n<meta property=\"og:description\" content=\"Em outubro de 2017, uma s\u00e9rie de ataques insurgentes na prov\u00edncia de Cabo Delgado, no norte de Mo\u00e7ambique, desencadeou um ...\" \/>\n<meta property=\"og:url\" content=\"https:\/\/franciscansinternational.org\/pt\/franciscanos-preparam-se-para-levantar-as-causas-profundas-da-violencia-continua-no-norte-de-mocambique-na-onu\/\" \/>\n<meta property=\"og:site_name\" content=\"Franciscans International (PT)\" \/>\n<meta property=\"article:publisher\" content=\"https:\/\/www.facebook.com\/FranciscansInternational\/\" \/>\n<meta property=\"article:published_time\" content=\"2025-09-02T14:28:21+00:00\" \/>\n<meta property=\"article:modified_time\" content=\"2025-09-02T14:45:03+00:00\" \/>\n<meta property=\"og:image\" content=\"https:\/\/franciscansinternational.org\/pt\/wp-content\/uploads\/sites\/5\/2025\/09\/2025_Mozambique_cover.jpg\" \/>\n\t<meta property=\"og:image:width\" content=\"1280\" \/>\n\t<meta property=\"og:image:height\" content=\"800\" \/>\n\t<meta property=\"og:image:type\" content=\"image\/jpeg\" \/>\n<meta name=\"author\" content=\"communications\" \/>\n<meta name=\"twitter:card\" content=\"summary_large_image\" \/>\n<meta name=\"twitter:creator\" content=\"@FranciscansIntl\" \/>\n<meta name=\"twitter:site\" content=\"@FranciscansIntl\" \/>\n<meta name=\"twitter:label1\" content=\"Escrito por\" \/>\n\t<meta name=\"twitter:data1\" content=\"communications\" \/>\n\t<meta name=\"twitter:label2\" content=\"Tempo estimado de leitura\" \/>\n\t<meta name=\"twitter:data2\" content=\"4 minutos\" \/>\n<script type=\"application\/ld+json\" class=\"yoast-schema-graph\">{\"@context\":\"https:\\\/\\\/schema.org\",\"@graph\":[{\"@type\":\"Article\",\"@id\":\"https:\\\/\\\/franciscansinternational.org\\\/pt\\\/franciscanos-preparam-se-para-levantar-as-causas-profundas-da-violencia-continua-no-norte-de-mocambique-na-onu\\\/#article\",\"isPartOf\":{\"@id\":\"https:\\\/\\\/franciscansinternational.org\\\/pt\\\/franciscanos-preparam-se-para-levantar-as-causas-profundas-da-violencia-continua-no-norte-de-mocambique-na-onu\\\/\"},\"author\":{\"name\":\"communications\",\"@id\":\"https:\\\/\\\/franciscansinternational.org\\\/pt\\\/#\\\/schema\\\/person\\\/f398f02712a9dcab7603295bc1ea94e4\"},\"headline\":\"Franciscanos preparam-se para levantar as causas profundas da viol\u00eancia cont\u00ednua no norte de Mo\u00e7ambique na ONU\",\"datePublished\":\"2025-09-02T14:28:21+00:00\",\"dateModified\":\"2025-09-02T14:45:03+00:00\",\"mainEntityOfPage\":{\"@id\":\"https:\\\/\\\/franciscansinternational.org\\\/pt\\\/franciscanos-preparam-se-para-levantar-as-causas-profundas-da-violencia-continua-no-norte-de-mocambique-na-onu\\\/\"},\"wordCount\":564,\"publisher\":{\"@id\":\"https:\\\/\\\/franciscansinternational.org\\\/pt\\\/#organization\"},\"image\":{\"@id\":\"https:\\\/\\\/franciscansinternational.org\\\/pt\\\/franciscanos-preparam-se-para-levantar-as-causas-profundas-da-violencia-continua-no-norte-de-mocambique-na-onu\\\/#primaryimage\"},\"thumbnailUrl\":\"https:\\\/\\\/franciscansinternational.org\\\/pt\\\/wp-content\\\/uploads\\\/sites\\\/5\\\/2025\\\/09\\\/2025_Mozambique_cover.jpg\",\"articleSection\":[\"Not\u00edcias\"],\"inLanguage\":\"pt-PT\"},{\"@type\":\"WebPage\",\"@id\":\"https:\\\/\\\/franciscansinternational.org\\\/pt\\\/franciscanos-preparam-se-para-levantar-as-causas-profundas-da-violencia-continua-no-norte-de-mocambique-na-onu\\\/\",\"url\":\"https:\\\/\\\/franciscansinternational.org\\\/pt\\\/franciscanos-preparam-se-para-levantar-as-causas-profundas-da-violencia-continua-no-norte-de-mocambique-na-onu\\\/\",\"name\":\"Franciscanos preparam-se para levantar as causas profundas da viol\u00eancia cont\u00ednua no norte de Mo\u00e7ambique na ONU - Franciscans International (PT)\",\"isPartOf\":{\"@id\":\"https:\\\/\\\/franciscansinternational.org\\\/pt\\\/#website\"},\"primaryImageOfPage\":{\"@id\":\"https:\\\/\\\/franciscansinternational.org\\\/pt\\\/franciscanos-preparam-se-para-levantar-as-causas-profundas-da-violencia-continua-no-norte-de-mocambique-na-onu\\\/#primaryimage\"},\"image\":{\"@id\":\"https:\\\/\\\/franciscansinternational.org\\\/pt\\\/franciscanos-preparam-se-para-levantar-as-causas-profundas-da-violencia-continua-no-norte-de-mocambique-na-onu\\\/#primaryimage\"},\"thumbnailUrl\":\"https:\\\/\\\/franciscansinternational.org\\\/pt\\\/wp-content\\\/uploads\\\/sites\\\/5\\\/2025\\\/09\\\/2025_Mozambique_cover.jpg\",\"datePublished\":\"2025-09-02T14:28:21+00:00\",\"dateModified\":\"2025-09-02T14:45:03+00:00\",\"breadcrumb\":{\"@id\":\"https:\\\/\\\/franciscansinternational.org\\\/pt\\\/franciscanos-preparam-se-para-levantar-as-causas-profundas-da-violencia-continua-no-norte-de-mocambique-na-onu\\\/#breadcrumb\"},\"inLanguage\":\"pt-PT\",\"potentialAction\":[{\"@type\":\"ReadAction\",\"target\":[\"https:\\\/\\\/franciscansinternational.org\\\/pt\\\/franciscanos-preparam-se-para-levantar-as-causas-profundas-da-violencia-continua-no-norte-de-mocambique-na-onu\\\/\"]}]},{\"@type\":\"ImageObject\",\"inLanguage\":\"pt-PT\",\"@id\":\"https:\\\/\\\/franciscansinternational.org\\\/pt\\\/franciscanos-preparam-se-para-levantar-as-causas-profundas-da-violencia-continua-no-norte-de-mocambique-na-onu\\\/#primaryimage\",\"url\":\"https:\\\/\\\/franciscansinternational.org\\\/pt\\\/wp-content\\\/uploads\\\/sites\\\/5\\\/2025\\\/09\\\/2025_Mozambique_cover.jpg\",\"contentUrl\":\"https:\\\/\\\/franciscansinternational.org\\\/pt\\\/wp-content\\\/uploads\\\/sites\\\/5\\\/2025\\\/09\\\/2025_Mozambique_cover.jpg\",\"width\":1280,\"height\":800},{\"@type\":\"BreadcrumbList\",\"@id\":\"https:\\\/\\\/franciscansinternational.org\\\/pt\\\/franciscanos-preparam-se-para-levantar-as-causas-profundas-da-violencia-continua-no-norte-de-mocambique-na-onu\\\/#breadcrumb\",\"itemListElement\":[{\"@type\":\"ListItem\",\"position\":1,\"name\":\"Home\",\"item\":\"https:\\\/\\\/franciscansinternational.org\\\/pt\\\/\"},{\"@type\":\"ListItem\",\"position\":2,\"name\":\"Franciscanos preparam-se para levantar as causas profundas da viol\u00eancia cont\u00ednua no norte de Mo\u00e7ambique na ONU\"}]},{\"@type\":\"WebSite\",\"@id\":\"https:\\\/\\\/franciscansinternational.org\\\/pt\\\/#website\",\"url\":\"https:\\\/\\\/franciscansinternational.org\\\/pt\\\/\",\"name\":\"Franciscans International (PT)\",\"description\":\"Just another Franciscans International site\",\"publisher\":{\"@id\":\"https:\\\/\\\/franciscansinternational.org\\\/pt\\\/#organization\"},\"potentialAction\":[{\"@type\":\"SearchAction\",\"target\":{\"@type\":\"EntryPoint\",\"urlTemplate\":\"https:\\\/\\\/franciscansinternational.org\\\/pt\\\/?s={search_term_string}\"},\"query-input\":{\"@type\":\"PropertyValueSpecification\",\"valueRequired\":true,\"valueName\":\"search_term_string\"}}],\"inLanguage\":\"pt-PT\"},{\"@type\":\"Organization\",\"@id\":\"https:\\\/\\\/franciscansinternational.org\\\/pt\\\/#organization\",\"name\":\"Franciscans International (PT)\",\"url\":\"https:\\\/\\\/franciscansinternational.org\\\/pt\\\/\",\"logo\":{\"@type\":\"ImageObject\",\"inLanguage\":\"pt-PT\",\"@id\":\"https:\\\/\\\/franciscansinternational.org\\\/pt\\\/#\\\/schema\\\/logo\\\/image\\\/\",\"url\":\"https:\\\/\\\/franciscansinternational.org\\\/wp-content\\\/uploads\\\/sites\\\/5\\\/2023\\\/05\\\/logo-3.png\",\"contentUrl\":\"https:\\\/\\\/franciscansinternational.org\\\/wp-content\\\/uploads\\\/sites\\\/5\\\/2023\\\/05\\\/logo-3.png\",\"width\":1200,\"height\":205,\"caption\":\"Franciscans International (PT)\"},\"image\":{\"@id\":\"https:\\\/\\\/franciscansinternational.org\\\/pt\\\/#\\\/schema\\\/logo\\\/image\\\/\"},\"sameAs\":[\"https:\\\/\\\/www.facebook.com\\\/FranciscansInternational\\\/\",\"https:\\\/\\\/x.com\\\/FranciscansIntl\",\"https:\\\/\\\/www.youtube.com\\\/channel\\\/UCexu0i-fWB4wwrlPMCz8_Zg\"]},{\"@type\":\"Person\",\"@id\":\"https:\\\/\\\/franciscansinternational.org\\\/pt\\\/#\\\/schema\\\/person\\\/f398f02712a9dcab7603295bc1ea94e4\",\"name\":\"communications\",\"image\":{\"@type\":\"ImageObject\",\"inLanguage\":\"pt-PT\",\"@id\":\"https:\\\/\\\/secure.gravatar.com\\\/avatar\\\/0b4a62226a9b4f7ce621ec49ca40be1e77d886a42ca84b8a0b0697e9ec17dd63?s=96&d=mm&r=g\",\"url\":\"https:\\\/\\\/secure.gravatar.com\\\/avatar\\\/0b4a62226a9b4f7ce621ec49ca40be1e77d886a42ca84b8a0b0697e9ec17dd63?s=96&d=mm&r=g\",\"contentUrl\":\"https:\\\/\\\/secure.gravatar.com\\\/avatar\\\/0b4a62226a9b4f7ce621ec49ca40be1e77d886a42ca84b8a0b0697e9ec17dd63?s=96&d=mm&r=g\",\"caption\":\"communications\"},\"url\":\"https:\\\/\\\/franciscansinternational.org\\\/pt\\\/author\\\/communications\\\/\"}]}<\/script>\n<!-- \/ Yoast SEO plugin. -->","yoast_head_json":{"title":"Franciscanos preparam-se para levantar as causas profundas da viol\u00eancia cont\u00ednua no norte de Mo\u00e7ambique na ONU - Franciscans International (PT)","robots":{"index":"index","follow":"follow","max-snippet":"max-snippet:-1","max-image-preview":"max-image-preview:large","max-video-preview":"max-video-preview:-1"},"canonical":"https:\/\/franciscansinternational.org\/pt\/franciscanos-preparam-se-para-levantar-as-causas-profundas-da-violencia-continua-no-norte-de-mocambique-na-onu\/","og_locale":"pt_PT","og_type":"article","og_title":"Franciscanos preparam-se para levantar as causas profundas da viol\u00eancia cont\u00ednua no norte de Mo\u00e7ambique na ONU - Franciscans International (PT)","og_description":"Em outubro de 2017, uma s\u00e9rie de ataques insurgentes na prov\u00edncia de Cabo Delgado, no norte de Mo\u00e7ambique, desencadeou um ...","og_url":"https:\/\/franciscansinternational.org\/pt\/franciscanos-preparam-se-para-levantar-as-causas-profundas-da-violencia-continua-no-norte-de-mocambique-na-onu\/","og_site_name":"Franciscans International (PT)","article_publisher":"https:\/\/www.facebook.com\/FranciscansInternational\/","article_published_time":"2025-09-02T14:28:21+00:00","article_modified_time":"2025-09-02T14:45:03+00:00","og_image":[{"width":1280,"height":800,"url":"https:\/\/franciscansinternational.org\/pt\/wp-content\/uploads\/sites\/5\/2025\/09\/2025_Mozambique_cover.jpg","type":"image\/jpeg"}],"author":"communications","twitter_card":"summary_large_image","twitter_creator":"@FranciscansIntl","twitter_site":"@FranciscansIntl","twitter_misc":{"Escrito por":"communications","Tempo estimado de leitura":"4 minutos"},"schema":{"@context":"https:\/\/schema.org","@graph":[{"@type":"Article","@id":"https:\/\/franciscansinternational.org\/pt\/franciscanos-preparam-se-para-levantar-as-causas-profundas-da-violencia-continua-no-norte-de-mocambique-na-onu\/#article","isPartOf":{"@id":"https:\/\/franciscansinternational.org\/pt\/franciscanos-preparam-se-para-levantar-as-causas-profundas-da-violencia-continua-no-norte-de-mocambique-na-onu\/"},"author":{"name":"communications","@id":"https:\/\/franciscansinternational.org\/pt\/#\/schema\/person\/f398f02712a9dcab7603295bc1ea94e4"},"headline":"Franciscanos preparam-se para levantar as causas profundas da viol\u00eancia cont\u00ednua no norte de Mo\u00e7ambique na ONU","datePublished":"2025-09-02T14:28:21+00:00","dateModified":"2025-09-02T14:45:03+00:00","mainEntityOfPage":{"@id":"https:\/\/franciscansinternational.org\/pt\/franciscanos-preparam-se-para-levantar-as-causas-profundas-da-violencia-continua-no-norte-de-mocambique-na-onu\/"},"wordCount":564,"publisher":{"@id":"https:\/\/franciscansinternational.org\/pt\/#organization"},"image":{"@id":"https:\/\/franciscansinternational.org\/pt\/franciscanos-preparam-se-para-levantar-as-causas-profundas-da-violencia-continua-no-norte-de-mocambique-na-onu\/#primaryimage"},"thumbnailUrl":"https:\/\/franciscansinternational.org\/pt\/wp-content\/uploads\/sites\/5\/2025\/09\/2025_Mozambique_cover.jpg","articleSection":["Not\u00edcias"],"inLanguage":"pt-PT"},{"@type":"WebPage","@id":"https:\/\/franciscansinternational.org\/pt\/franciscanos-preparam-se-para-levantar-as-causas-profundas-da-violencia-continua-no-norte-de-mocambique-na-onu\/","url":"https:\/\/franciscansinternational.org\/pt\/franciscanos-preparam-se-para-levantar-as-causas-profundas-da-violencia-continua-no-norte-de-mocambique-na-onu\/","name":"Franciscanos preparam-se para levantar as causas profundas da viol\u00eancia cont\u00ednua no norte de Mo\u00e7ambique na ONU - Franciscans International (PT)","isPartOf":{"@id":"https:\/\/franciscansinternational.org\/pt\/#website"},"primaryImageOfPage":{"@id":"https:\/\/franciscansinternational.org\/pt\/franciscanos-preparam-se-para-levantar-as-causas-profundas-da-violencia-continua-no-norte-de-mocambique-na-onu\/#primaryimage"},"image":{"@id":"https:\/\/franciscansinternational.org\/pt\/franciscanos-preparam-se-para-levantar-as-causas-profundas-da-violencia-continua-no-norte-de-mocambique-na-onu\/#primaryimage"},"thumbnailUrl":"https:\/\/franciscansinternational.org\/pt\/wp-content\/uploads\/sites\/5\/2025\/09\/2025_Mozambique_cover.jpg","datePublished":"2025-09-02T14:28:21+00:00","dateModified":"2025-09-02T14:45:03+00:00","breadcrumb":{"@id":"https:\/\/franciscansinternational.org\/pt\/franciscanos-preparam-se-para-levantar-as-causas-profundas-da-violencia-continua-no-norte-de-mocambique-na-onu\/#breadcrumb"},"inLanguage":"pt-PT","potentialAction":[{"@type":"ReadAction","target":["https:\/\/franciscansinternational.org\/pt\/franciscanos-preparam-se-para-levantar-as-causas-profundas-da-violencia-continua-no-norte-de-mocambique-na-onu\/"]}]},{"@type":"ImageObject","inLanguage":"pt-PT","@id":"https:\/\/franciscansinternational.org\/pt\/franciscanos-preparam-se-para-levantar-as-causas-profundas-da-violencia-continua-no-norte-de-mocambique-na-onu\/#primaryimage","url":"https:\/\/franciscansinternational.org\/pt\/wp-content\/uploads\/sites\/5\/2025\/09\/2025_Mozambique_cover.jpg","contentUrl":"https:\/\/franciscansinternational.org\/pt\/wp-content\/uploads\/sites\/5\/2025\/09\/2025_Mozambique_cover.jpg","width":1280,"height":800},{"@type":"BreadcrumbList","@id":"https:\/\/franciscansinternational.org\/pt\/franciscanos-preparam-se-para-levantar-as-causas-profundas-da-violencia-continua-no-norte-de-mocambique-na-onu\/#breadcrumb","itemListElement":[{"@type":"ListItem","position":1,"name":"Home","item":"https:\/\/franciscansinternational.org\/pt\/"},{"@type":"ListItem","position":2,"name":"Franciscanos preparam-se para levantar as causas profundas da viol\u00eancia cont\u00ednua no norte de Mo\u00e7ambique na ONU"}]},{"@type":"WebSite","@id":"https:\/\/franciscansinternational.org\/pt\/#website","url":"https:\/\/franciscansinternational.org\/pt\/","name":"Franciscans International (PT)","description":"Just another Franciscans International site","publisher":{"@id":"https:\/\/franciscansinternational.org\/pt\/#organization"},"potentialAction":[{"@type":"SearchAction","target":{"@type":"EntryPoint","urlTemplate":"https:\/\/franciscansinternational.org\/pt\/?s={search_term_string}"},"query-input":{"@type":"PropertyValueSpecification","valueRequired":true,"valueName":"search_term_string"}}],"inLanguage":"pt-PT"},{"@type":"Organization","@id":"https:\/\/franciscansinternational.org\/pt\/#organization","name":"Franciscans International (PT)","url":"https:\/\/franciscansinternational.org\/pt\/","logo":{"@type":"ImageObject","inLanguage":"pt-PT","@id":"https:\/\/franciscansinternational.org\/pt\/#\/schema\/logo\/image\/","url":"https:\/\/franciscansinternational.org\/wp-content\/uploads\/sites\/5\/2023\/05\/logo-3.png","contentUrl":"https:\/\/franciscansinternational.org\/wp-content\/uploads\/sites\/5\/2023\/05\/logo-3.png","width":1200,"height":205,"caption":"Franciscans International (PT)"},"image":{"@id":"https:\/\/franciscansinternational.org\/pt\/#\/schema\/logo\/image\/"},"sameAs":["https:\/\/www.facebook.com\/FranciscansInternational\/","https:\/\/x.com\/FranciscansIntl","https:\/\/www.youtube.com\/channel\/UCexu0i-fWB4wwrlPMCz8_Zg"]},{"@type":"Person","@id":"https:\/\/franciscansinternational.org\/pt\/#\/schema\/person\/f398f02712a9dcab7603295bc1ea94e4","name":"communications","image":{"@type":"ImageObject","inLanguage":"pt-PT","@id":"https:\/\/secure.gravatar.com\/avatar\/0b4a62226a9b4f7ce621ec49ca40be1e77d886a42ca84b8a0b0697e9ec17dd63?s=96&d=mm&r=g","url":"https:\/\/secure.gravatar.com\/avatar\/0b4a62226a9b4f7ce621ec49ca40be1e77d886a42ca84b8a0b0697e9ec17dd63?s=96&d=mm&r=g","contentUrl":"https:\/\/secure.gravatar.com\/avatar\/0b4a62226a9b4f7ce621ec49ca40be1e77d886a42ca84b8a0b0697e9ec17dd63?s=96&d=mm&r=g","caption":"communications"},"url":"https:\/\/franciscansinternational.org\/pt\/author\/communications\/"}]}},"jetpack_featured_media_url":"https:\/\/franciscansinternational.org\/pt\/wp-content\/uploads\/sites\/5\/2025\/09\/2025_Mozambique_cover.jpg","jetpack_sharing_enabled":true,"_links":{"self":[{"href":"https:\/\/franciscansinternational.org\/pt\/wp-json\/wp\/v2\/posts\/788","targetHints":{"allow":["GET"]}}],"collection":[{"href":"https:\/\/franciscansinternational.org\/pt\/wp-json\/wp\/v2\/posts"}],"about":[{"href":"https:\/\/franciscansinternational.org\/pt\/wp-json\/wp\/v2\/types\/post"}],"author":[{"embeddable":true,"href":"https:\/\/franciscansinternational.org\/pt\/wp-json\/wp\/v2\/users\/3"}],"replies":[{"embeddable":true,"href":"https:\/\/franciscansinternational.org\/pt\/wp-json\/wp\/v2\/comments?post=788"}],"version-history":[{"count":2,"href":"https:\/\/franciscansinternational.org\/pt\/wp-json\/wp\/v2\/posts\/788\/revisions"}],"predecessor-version":[{"id":796,"href":"https:\/\/franciscansinternational.org\/pt\/wp-json\/wp\/v2\/posts\/788\/revisions\/796"}],"wp:featuredmedia":[{"embeddable":true,"href":"https:\/\/franciscansinternational.org\/pt\/wp-json\/wp\/v2\/media\/794"}],"wp:attachment":[{"href":"https:\/\/franciscansinternational.org\/pt\/wp-json\/wp\/v2\/media?parent=788"}],"wp:term":[{"taxonomy":"category","embeddable":true,"href":"https:\/\/franciscansinternational.org\/pt\/wp-json\/wp\/v2\/categories?post=788"},{"taxonomy":"post_tag","embeddable":true,"href":"https:\/\/franciscansinternational.org\/pt\/wp-json\/wp\/v2\/tags?post=788"}],"curies":[{"name":"wp","href":"https:\/\/api.w.org\/{rel}","templated":true}]}}